{"id":120706,"date":"2022-09-04T22:55:14","date_gmt":"2022-09-04T20:55:14","guid":{"rendered":"http:\/\/fr.motocrossmag.be\/?p=120706"},"modified":"2022-09-04T22:55:14","modified_gmt":"2022-09-04T20:55:14","slug":"tim-gajser-conclut-sur-une-victoire-en-turquie","status":"publish","type":"post","link":"https:\/\/fr.motocrossmag.be\/index.php\/2022\/09\/tim-gajser-conclut-sur-une-victoire-en-turquie\/","title":{"rendered":"Tim Gajser conclut sur une victoire en Turquie"},"content":{"rendered":"<p><strong>D\u00e9j\u00e0 sacr\u00e9 depuis le GP de Finlande, Tim Gajser a conclu la saison qui l&rsquo;a vu conqu\u00e9rir sa cinqui\u00e8me couronne mondiale sur une ultime victoire dans la cat\u00e9gorie reine du motocross mondial.<\/strong><\/p>\n<p>Troisi\u00e8me d&rsquo;une premi\u00e8re manche remport\u00e9e par Maxime Renaux devant son co\u00e9quipier Jeremy Seewer, Tim Gajser s&rsquo;est ensuite class\u00e9 second derri\u00e8re Romain Febvre, qui remporte donc la toute derni\u00e8re manche MXGP de la saison. Une troisi\u00e8me et une seconde places qui suffisent au Slov\u00e8ne pour s&rsquo;imposer de justesse devant le Suisse Jeremy Seewer, encore une fois redoutable en Turquie ce dimanche comme il l&rsquo;a \u00e9t\u00e9 sur tous les derniers GP cet \u00e9t\u00e9.<\/p>\n<p>Romain Febvre (8+1) compl\u00e8te un podium au pied duquel on retrouve son compatriote Maxime Renaux et l&rsquo;Italien Mattia Guadagnini.<\/p>\n<p>Derri\u00e8re Gajser et Seewer, le classement final du championnat MXGP 2022 est compl\u00e9t\u00e9 par Jorge Prado \u00e0 la 3\u00e8me place devant Renaux et Coldenhoff. Absent des GP de France et de Turquie pour cause de blessure, Jeremy Van Horebeek termine sa derni\u00e8re saison en championnat du monde \u00e0 la 13\u00e8me place alors que Brent Van Doninck, lui aussi absent en Turquie, prend le 15\u00e8me rang.<\/p>\n<p>Un seul autre Belge a marqu\u00e9 des points en MXGP cette saison : Cyril Genot avait pris 9 points dans le sable de Lommel.<\/p>\n<p><span style=\"color: #800000;\"><strong>R\u00e9sultats<\/strong><\/span><\/p>\n<p>MANCHE 1<\/p>\n<p>1. Maxime Renaux (FRA, Yamaha), 35:35.228; 2. Jeremy Seewer (SUI, Yamaha), +0:04.307; 3. Tim Gajser (SLO, Honda), +0:09.782; 4. Mattia Guadagnini (ITA, GASGAS), +0:14.401; 5. Alberto Forato (ITA, GASGAS), +0:16.034; 6. Valentin Guillod (SUI, Yamaha), +0:18.931; 7. Jorge Prado (ESP, GASGAS), +0:23.582; 8. Romain Febvre (FRA, Kawasaki), +0:25.213;\u00a09. Calvin Vlaanderen (NED, Yamaha), +0:26.724; 10. Brian Bogers (NED, Husqvarna), +0:32.646; 11. Henry Jacobi (GER, Honda), +0:34.416; 12. Mitchell Evans (AUS, Honda), +0:34.733; 13. Alvin \u00d6stlund (SWE, Yamaha), +0:47.222;\u00a014. Glenn Coldenhoff (NED, Yamaha), +0:57.502; 15. Ben Watson (GBR, Kawasaki), +1:03.171; 16. Ivo Monticelli (ITA, Honda), +1:08.941; 17. Nicholas Lapucci (ITA, Fantic), +1:39.154; 18. Panagiotis Kouzis (GRE, GASGAS), -15 lap(s); 19. Ruben Fernandez (ESP, Honda), -19 lap(s);<\/p>\n<p>MANCHE 2<\/p>\n<p>1. Romain Febvre (FRA, Kawasaki), 35:28.577; 2. Tim Gajser (SLO, Honda), +0:02.084; 3. Jeremy Seewer (SUI, Yamaha), +0:20.116; 4. Jorge Prado (ESP, GASGAS), +0:27.183; 5. Mattia Guadagnini (ITA, GASGAS), +0:29.654;\u00a06. Glenn Coldenhoff (NED, Yamaha), +0:33.305; 7. Alberto Forato (ITA, GASGAS), +0:39.836; 8. Maxime Renaux (FRA, Yamaha), +0:50.034; 9. Valentin Guillod (SUI, Yamaha), +1:00.040;\u00a010. Brian Bogers (NED, Husqvarna), +1:04.134; 11. Henry Jacobi (GER, Honda), +1:17.802; 12. Ben Watson (GBR, Kawasaki), +1:19.570; 13. Nicholas Lapucci (ITA, Fantic), +1:41.614; 14. Alvin \u00d6stlund (SWE, Yamaha), +1:52.131; 15. Ivo Monticelli (ITA, Honda), -1 lap(s); 16. Panagiotis Kouzis (GRE, GASGAS), -2 lap(s);\u00a017. Calvin Vlaanderen (NED, Yamaha), -8 lap(s); 18. Mitchell Evans (AUS, Honda), -17 lap(s);<\/p>\n<p>CLASSEMENT GENERAL MXGP<\/p>\n<p>1. Tim Gajser (SLO, HON), 42 points; 2. Jeremy Seewer (SUI, YAM), 42 p.; 3. Romain Febvre (FRA, KAW), 38 p.; 4. Maxime Renaux (FRA, YAM), 38 p.; 5. Mattia Guadagnini (ITA, GAS), 34 p.; 6. Jorge Prado (ESP, GAS), 32 p.; 7. Alberto Forato (ITA, GAS), 30 p.; 8. Valentin Guillod (SUI, YAM), 27 p.;\u00a09. Glenn Coldenhoff (NED, YAM), 22 p.; 10. Brian Bogers (NED, HUS), 22 p.; 11. Henry Jacobi (GER, HON), 20 p.;\u00a012. Calvin Vlaanderen (NED, YAM), 16 p.; 13. Ben Watson (GBR, KAW), 15 p.; 14. Alvin \u00d6stlund (SWE, YAM), 15 p.; 15. Nicholas Lapucci (ITA, FAN), 12 p.; 16. Mitchell Evans (AUS, HON), 12 p.; 17. Ivo Monticelli (ITA, HON), 11 p.; 18. Panagiotis Kouzis (GRE, GAS), 8 p.; 19. Ruben Fernandez (ESP, HON), 2 p.;<\/p>\n<p>CLASSEMENT FINAL MXGP<\/p>\n<p>1. Tim Gajser (SLO, HON), 763 points; 2. Jeremy Seewer (SUI, YAM), 657 p.; 3. Jorge Prado (ESP, GAS), 589 p.; 4. Maxime Renaux (FRA, YAM), 578 p.;\u00a05. Glenn Coldenhoff (NED, YAM), 575 p.; 6. Brian Bogers (NED, HUS), 428 p.; 7. Calvin Vlaanderen (NED, YAM), 395 p.; 8. Ruben Fernandez (ESP, HON), 382 p.; 9. Pauls Jonass (LAT, HUS), 350 p.; 10. Mitchell Evans (AUS, HON), 308 p.; 11. Alberto Forato (ITA, GAS), 280 p.; 12. Ben Watson (GBR, KAW), 275 p.;\u00a0<strong>13. Jeremy Van Horebeek (BEL, BET), 265 p.<\/strong>; 14. Romain Febvre (FRA, KAW), 250 p.;\u00a0<strong>15. Brent Van doninck (BEL, YAM), 249 p.<\/strong>; 16. Henry Jacobi (GER, HON), 236 p.; 17. Mattia Guadagnini (ITA, GAS), 204 p.; 18. Jordi Tixier (FRA, KTM), 197 p.; 19. Jed Beaton (AUS, KAW), 190 p.; 20. Alvin \u00d6stlund (SWE, YAM), 122 p.; 21. Valentin Guillod (SUI, YAM), 100 p.; 22. Tom Koch (GER, KTM), 87 p.; 23. Thomas Kjer Olsen (DEN, KTM), 73 p.; 24. Ivo Monticelli (ITA, HON), 64 p.; 25. Nicholas Lapucci (ITA, FAN), 43 p.; 26. Benoit Paturel (FRA, HON), 38 p.; 27. Hardi Roosiorg (EST, KTM), 32 p.; 28. Harri Kullas (EST, YAM), 21 p.; 29. Alessandro Lupino (ITA, BET), 18 p.; 30. Miro Sihvonen (FIN, HON), 18 p.; 31. Christophe Charlier (FRA, YAM), 17 p.; 32. Jorge Zaragoza (ESP, HON), 12 p.; 33. Nicolas Rolando (URU, SUZ), 10 p.;\u00a0<strong>34. Cyril Genot (BEL, HON), 9 p<\/strong>.; 35. Lewis Stewart (AUS, KTM), 9 p.; 36. Jere Haavisto (FIN, KTM), 9 p.; 37. Panagiotis Kouzis (GRE, GAS), 8 p.; 38. Kevin Brumann (SUI, YAM), 8 p.; 39. Nicholas Murray (AUS, HUS), 7 p.; 40. Sergio Villaronga (CHL, HON), 6 p.; 41. David Philippaerts (ITA, KAW), 6 p.; 42. Tanel Leok (EST, HUS), 6 p.; 43. Victor Dario Arco (ARG, SUZ), 6 p.; 44. Arminas Jasikonis (LTU, YAM), 6 p.; 45. Humberto Martin (VEN, HUS), 5 p.; 46. Farhan Hendra fahrodjie (INA, KTM), 5 p.; 47. Marcos Trossero (ARG, YAM), 4 p.; 48. Lautaro Toro (ARG, KTM), 4 p.; 49. Agustin Carrasco (ARG, YAM), 4 p.; 50. Filippo Zonta (ITA, GAS), 4 p.; 51. Pablo Galletta (ARG, YAM), 3 p.; 52. Adam Sterry (GBR, KTM), 3 p.; 53. Lionel Kerhoas (FRA, YAM), 3 p.; 54. Lorenzo Locurcio (VEN, KTM), 2 p.; 55. David Herbreteau (FRA, GAS), 2 p.; 56. Ismaele Guarise (ITA, KTM), 2 p.; 57. Giuseppe Tropepe (ITA, HUS), 1 p.;\u00a058. Sven Van der Mierden (NED, GAS), 1 p.; 59. Charles Lefrancois (FRA, HON), 1 p.; 60. Du\u0161an Drdaj (CZE, GAS), 1 p.; 61. Francisco Cabarcos (ARG, SUZ), 1 p.;<\/p>\n","protected":false},"excerpt":{"rendered":"<p>D\u00e9j\u00e0 sacr\u00e9 depuis le GP de Finlande, Tim Gajser a conclu la saison qui l&rsquo;a vu conqu\u00e9rir sa cinqui\u00e8me couronne mondiale sur une ultime victoire dans la cat\u00e9gorie reine du [&#8230;]<\/p>\n","protected":false},"author":932,"featured_media":120707,"comment_status":"open","ping_status":"closed","sticky":false,"template":"","format":"standard","meta":{"footnotes":""},"categories":[54,4,6,5,55,56,65],"tags":[1780,1041,947,568,456,780],"class_list":["post-120706","post","type-post","status-publish","format-standard","has-post-thumbnail","hentry","category-actualite","category-motocross","category-mx1mx2","category-news","category-news-actualite","category-resultats","category-slideshow","tag-afyon","tag-maxime-renaux","tag-motocross","tag-mxgp","tag-romain-febvre","tag-tim-gajser"],"yoast_head":"<!-- This site is optimized with the Yoast SEO plugin v27.4 - https:\/\/yoast.com\/product\/yoast-seo-wordpress\/ -->\n<title>Tim Gajser conclut sur une victoire en Turquie - Motocross - Enduro - Supermoto | MotocrossMag<\/title>\n<meta name=\"robots\" content=\"index, follow, max-snippet:-1, max-image-preview:large, max-video-preview:-1\" \/>\n<link rel=\"canonical\" href=\"https:\/\/fr.motocrossmag.be\/index.php\/2022\/09\/tim-gajser-conclut-sur-une-victoire-en-turquie\/\" \/>\n<meta property=\"og:locale\" content=\"fr_FR\" \/>\n<meta property=\"og:type\" content=\"article\" \/>\n<meta property=\"og:title\" content=\"Tim Gajser conclut sur une victoire en Turquie - Motocross - Enduro - Supermoto | MotocrossMag\" \/>\n<meta property=\"og:description\" content=\"D\u00e9j\u00e0 sacr\u00e9 depuis le GP de Finlande, Tim Gajser a conclu la saison qui l&rsquo;a vu conqu\u00e9rir sa cinqui\u00e8me couronne mondiale sur une ultime victoire dans la cat\u00e9gorie reine du [...]\" \/>\n<meta property=\"og:url\" content=\"https:\/\/fr.motocrossmag.be\/index.php\/2022\/09\/tim-gajser-conclut-sur-une-victoire-en-turquie\/\" \/>\n<meta property=\"og:site_name\" content=\"Motocross - Enduro - Supermoto | MotocrossMag\" \/>\n<meta property=\"article:published_time\" content=\"2022-09-04T20:55:14+00:00\" \/>\n<meta property=\"og:image\" content=\"https:\/\/fr.motocrossmag.be\/wp-content\/uploads\/2022\/09\/unnamed75.jpg\" \/>\n\t<meta property=\"og:image:width\" content=\"1000\" \/>\n\t<meta property=\"og:image:height\" content=\"666\" \/>\n\t<meta property=\"og:image:type\" content=\"image\/jpeg\" \/>\n<meta name=\"author\" content=\"oliviere\" \/>\n<meta name=\"twitter:card\" content=\"summary_large_image\" \/>\n<meta name=\"twitter:label1\" content=\"\u00c9crit par\" \/>\n\t<meta name=\"twitter:data1\" content=\"oliviere\" \/>\n\t<meta name=\"twitter:label2\" content=\"Dur\u00e9e de lecture estim\u00e9e\" \/>\n\t<meta name=\"twitter:data2\" content=\"4 minutes\" \/>\n<script type=\"application\/ld+json\" class=\"yoast-schema-graph\">{\"@context\":\"https:\\\/\\\/schema.org\",\"@graph\":[{\"@type\":\"Article\",\"@id\":\"https:\\\/\\\/fr.motocrossmag.be\\\/index.php\\\/2022\\\/09\\\/tim-gajser-conclut-sur-une-victoire-en-turquie\\\/#article\",\"isPartOf\":{\"@id\":\"https:\\\/\\\/fr.motocrossmag.be\\\/index.php\\\/2022\\\/09\\\/tim-gajser-conclut-sur-une-victoire-en-turquie\\\/\"},\"author\":{\"name\":\"oliviere\",\"@id\":\"https:\\\/\\\/fr.motocrossmag.be\\\/#\\\/schema\\\/person\\\/11b47143d9f755babca2c9110e03235c\"},\"headline\":\"Tim Gajser conclut sur une victoire en Turquie\",\"datePublished\":\"2022-09-04T20:55:14+00:00\",\"mainEntityOfPage\":{\"@id\":\"https:\\\/\\\/fr.motocrossmag.be\\\/index.php\\\/2022\\\/09\\\/tim-gajser-conclut-sur-une-victoire-en-turquie\\\/\"},\"wordCount\":819,\"commentCount\":0,\"image\":{\"@id\":\"https:\\\/\\\/fr.motocrossmag.be\\\/index.php\\\/2022\\\/09\\\/tim-gajser-conclut-sur-une-victoire-en-turquie\\\/#primaryimage\"},\"thumbnailUrl\":\"https:\\\/\\\/fr.motocrossmag.be\\\/wp-content\\\/uploads\\\/2022\\\/09\\\/unnamed75.jpg\",\"keywords\":[\"afyon\",\"maxime renaux\",\"Motocross\",\"MXGP\",\"romain febvre\",\"tim gajser\"],\"articleSection\":[\"Actualit\u00e9\",\"Motocross\",\"Motocross MXGP\",\"News\",\"News\",\"R\u00e9sultats\",\"Slideshow\"],\"inLanguage\":\"fr-FR\",\"potentialAction\":[{\"@type\":\"CommentAction\",\"name\":\"Comment\",\"target\":[\"https:\\\/\\\/fr.motocrossmag.be\\\/index.php\\\/2022\\\/09\\\/tim-gajser-conclut-sur-une-victoire-en-turquie\\\/#respond\"]}]},{\"@type\":\"WebPage\",\"@id\":\"https:\\\/\\\/fr.motocrossmag.be\\\/index.php\\\/2022\\\/09\\\/tim-gajser-conclut-sur-une-victoire-en-turquie\\\/\",\"url\":\"https:\\\/\\\/fr.motocrossmag.be\\\/index.php\\\/2022\\\/09\\\/tim-gajser-conclut-sur-une-victoire-en-turquie\\\/\",\"name\":\"Tim Gajser conclut sur une victoire en Turquie - Motocross - Enduro - Supermoto | MotocrossMag\",\"isPartOf\":{\"@id\":\"https:\\\/\\\/fr.motocrossmag.be\\\/#website\"},\"primaryImageOfPage\":{\"@id\":\"https:\\\/\\\/fr.motocrossmag.be\\\/index.php\\\/2022\\\/09\\\/tim-gajser-conclut-sur-une-victoire-en-turquie\\\/#primaryimage\"},\"image\":{\"@id\":\"https:\\\/\\\/fr.motocrossmag.be\\\/index.php\\\/2022\\\/09\\\/tim-gajser-conclut-sur-une-victoire-en-turquie\\\/#primaryimage\"},\"thumbnailUrl\":\"https:\\\/\\\/fr.motocrossmag.be\\\/wp-content\\\/uploads\\\/2022\\\/09\\\/unnamed75.jpg\",\"datePublished\":\"2022-09-04T20:55:14+00:00\",\"author\":{\"@id\":\"https:\\\/\\\/fr.motocrossmag.be\\\/#\\\/schema\\\/person\\\/11b47143d9f755babca2c9110e03235c\"},\"breadcrumb\":{\"@id\":\"https:\\\/\\\/fr.motocrossmag.be\\\/index.php\\\/2022\\\/09\\\/tim-gajser-conclut-sur-une-victoire-en-turquie\\\/#breadcrumb\"},\"inLanguage\":\"fr-FR\",\"potentialAction\":[{\"@type\":\"ReadAction\",\"target\":[\"https:\\\/\\\/fr.motocrossmag.be\\\/index.php\\\/2022\\\/09\\\/tim-gajser-conclut-sur-une-victoire-en-turquie\\\/\"]}]},{\"@type\":\"ImageObject\",\"inLanguage\":\"fr-FR\",\"@id\":\"https:\\\/\\\/fr.motocrossmag.be\\\/index.php\\\/2022\\\/09\\\/tim-gajser-conclut-sur-une-victoire-en-turquie\\\/#primaryimage\",\"url\":\"https:\\\/\\\/fr.motocrossmag.be\\\/wp-content\\\/uploads\\\/2022\\\/09\\\/unnamed75.jpg\",\"contentUrl\":\"https:\\\/\\\/fr.motocrossmag.be\\\/wp-content\\\/uploads\\\/2022\\\/09\\\/unnamed75.jpg\",\"width\":\"1000\",\"height\":\"666\"},{\"@type\":\"BreadcrumbList\",\"@id\":\"https:\\\/\\\/fr.motocrossmag.be\\\/index.php\\\/2022\\\/09\\\/tim-gajser-conclut-sur-une-victoire-en-turquie\\\/#breadcrumb\",\"itemListElement\":[{\"@type\":\"ListItem\",\"position\":1,\"name\":\"Accueil\",\"item\":\"https:\\\/\\\/fr.motocrossmag.be\\\/\"},{\"@type\":\"ListItem\",\"position\":2,\"name\":\"Tim Gajser conclut sur une victoire en Turquie\"}]},{\"@type\":\"WebSite\",\"@id\":\"https:\\\/\\\/fr.motocrossmag.be\\\/#website\",\"url\":\"https:\\\/\\\/fr.motocrossmag.be\\\/\",\"name\":\"Motocross - Enduro - Supermoto | MotocrossMag\",\"description\":\"L&#039;actualit\u00e9 du motocross, de l&#039;enduro et du Supermoto en ligne!\",\"potentialAction\":[{\"@type\":\"SearchAction\",\"target\":{\"@type\":\"EntryPoint\",\"urlTemplate\":\"https:\\\/\\\/fr.motocrossmag.be\\\/?s={search_term_string}\"},\"query-input\":{\"@type\":\"PropertyValueSpecification\",\"valueRequired\":true,\"valueName\":\"search_term_string\"}}],\"inLanguage\":\"fr-FR\"},{\"@type\":\"Person\",\"@id\":\"https:\\\/\\\/fr.motocrossmag.be\\\/#\\\/schema\\\/person\\\/11b47143d9f755babca2c9110e03235c\",\"name\":\"oliviere\",\"image\":{\"@type\":\"ImageObject\",\"inLanguage\":\"fr-FR\",\"@id\":\"https:\\\/\\\/secure.gravatar.com\\\/avatar\\\/907069e0b81d119452040469e4a7501da1100f54f7f80180ce77bfab718288f6?s=96&d=mm&r=g\",\"url\":\"https:\\\/\\\/secure.gravatar.com\\\/avatar\\\/907069e0b81d119452040469e4a7501da1100f54f7f80180ce77bfab718288f6?s=96&d=mm&r=g\",\"contentUrl\":\"https:\\\/\\\/secure.gravatar.com\\\/avatar\\\/907069e0b81d119452040469e4a7501da1100f54f7f80180ce77bfab718288f6?s=96&d=mm&r=g\",\"caption\":\"oliviere\"},\"sameAs\":[\"http:\\\/\\\/www.motocrossmag.be\"],\"url\":\"https:\\\/\\\/fr.motocrossmag.be\\\/index.php\\\/author\\\/oliviere\\\/\"}]}<\/script>\n<!-- \/ Yoast SEO plugin. -->","yoast_head_json":{"title":"Tim Gajser conclut sur une victoire en Turquie - Motocross - Enduro - Supermoto | MotocrossMag","robots":{"index":"index","follow":"follow","max-snippet":"max-snippet:-1","max-image-preview":"max-image-preview:large","max-video-preview":"max-video-preview:-1"},"canonical":"https:\/\/fr.motocrossmag.be\/index.php\/2022\/09\/tim-gajser-conclut-sur-une-victoire-en-turquie\/","og_locale":"fr_FR","og_type":"article","og_title":"Tim Gajser conclut sur une victoire en Turquie - Motocross - Enduro - Supermoto | MotocrossMag","og_description":"D\u00e9j\u00e0 sacr\u00e9 depuis le GP de Finlande, Tim Gajser a conclu la saison qui l&rsquo;a vu conqu\u00e9rir sa cinqui\u00e8me couronne mondiale sur une ultime victoire dans la cat\u00e9gorie reine du [...]","og_url":"https:\/\/fr.motocrossmag.be\/index.php\/2022\/09\/tim-gajser-conclut-sur-une-victoire-en-turquie\/","og_site_name":"Motocross - Enduro - Supermoto | MotocrossMag","article_published_time":"2022-09-04T20:55:14+00:00","og_image":[{"width":1000,"height":666,"url":"https:\/\/fr.motocrossmag.be\/wp-content\/uploads\/2022\/09\/unnamed75.jpg","type":"image\/jpeg"}],"author":"oliviere","twitter_card":"summary_large_image","twitter_misc":{"\u00c9crit par":"oliviere","Dur\u00e9e de lecture estim\u00e9e":"4 minutes"},"schema":{"@context":"https:\/\/schema.org","@graph":[{"@type":"Article","@id":"https:\/\/fr.motocrossmag.be\/index.php\/2022\/09\/tim-gajser-conclut-sur-une-victoire-en-turquie\/#article","isPartOf":{"@id":"https:\/\/fr.motocrossmag.be\/index.php\/2022\/09\/tim-gajser-conclut-sur-une-victoire-en-turquie\/"},"author":{"name":"oliviere","@id":"https:\/\/fr.motocrossmag.be\/#\/schema\/person\/11b47143d9f755babca2c9110e03235c"},"headline":"Tim Gajser conclut sur une victoire en Turquie","datePublished":"2022-09-04T20:55:14+00:00","mainEntityOfPage":{"@id":"https:\/\/fr.motocrossmag.be\/index.php\/2022\/09\/tim-gajser-conclut-sur-une-victoire-en-turquie\/"},"wordCount":819,"commentCount":0,"image":{"@id":"https:\/\/fr.motocrossmag.be\/index.php\/2022\/09\/tim-gajser-conclut-sur-une-victoire-en-turquie\/#primaryimage"},"thumbnailUrl":"https:\/\/fr.motocrossmag.be\/wp-content\/uploads\/2022\/09\/unnamed75.jpg","keywords":["afyon","maxime renaux","Motocross","MXGP","romain febvre","tim gajser"],"articleSection":["Actualit\u00e9","Motocross","Motocross MXGP","News","News","R\u00e9sultats","Slideshow"],"inLanguage":"fr-FR","potentialAction":[{"@type":"CommentAction","name":"Comment","target":["https:\/\/fr.motocrossmag.be\/index.php\/2022\/09\/tim-gajser-conclut-sur-une-victoire-en-turquie\/#respond"]}]},{"@type":"WebPage","@id":"https:\/\/fr.motocrossmag.be\/index.php\/2022\/09\/tim-gajser-conclut-sur-une-victoire-en-turquie\/","url":"https:\/\/fr.motocrossmag.be\/index.php\/2022\/09\/tim-gajser-conclut-sur-une-victoire-en-turquie\/","name":"Tim Gajser conclut sur une victoire en Turquie - Motocross - Enduro - Supermoto | MotocrossMag","isPartOf":{"@id":"https:\/\/fr.motocrossmag.be\/#website"},"primaryImageOfPage":{"@id":"https:\/\/fr.motocrossmag.be\/index.php\/2022\/09\/tim-gajser-conclut-sur-une-victoire-en-turquie\/#primaryimage"},"image":{"@id":"https:\/\/fr.motocrossmag.be\/index.php\/2022\/09\/tim-gajser-conclut-sur-une-victoire-en-turquie\/#primaryimage"},"thumbnailUrl":"https:\/\/fr.motocrossmag.be\/wp-content\/uploads\/2022\/09\/unnamed75.jpg","datePublished":"2022-09-04T20:55:14+00:00","author":{"@id":"https:\/\/fr.motocrossmag.be\/#\/schema\/person\/11b47143d9f755babca2c9110e03235c"},"breadcrumb":{"@id":"https:\/\/fr.motocrossmag.be\/index.php\/2022\/09\/tim-gajser-conclut-sur-une-victoire-en-turquie\/#breadcrumb"},"inLanguage":"fr-FR","potentialAction":[{"@type":"ReadAction","target":["https:\/\/fr.motocrossmag.be\/index.php\/2022\/09\/tim-gajser-conclut-sur-une-victoire-en-turquie\/"]}]},{"@type":"ImageObject","inLanguage":"fr-FR","@id":"https:\/\/fr.motocrossmag.be\/index.php\/2022\/09\/tim-gajser-conclut-sur-une-victoire-en-turquie\/#primaryimage","url":"https:\/\/fr.motocrossmag.be\/wp-content\/uploads\/2022\/09\/unnamed75.jpg","contentUrl":"https:\/\/fr.motocrossmag.be\/wp-content\/uploads\/2022\/09\/unnamed75.jpg","width":"1000","height":"666"},{"@type":"BreadcrumbList","@id":"https:\/\/fr.motocrossmag.be\/index.php\/2022\/09\/tim-gajser-conclut-sur-une-victoire-en-turquie\/#breadcrumb","itemListElement":[{"@type":"ListItem","position":1,"name":"Accueil","item":"https:\/\/fr.motocrossmag.be\/"},{"@type":"ListItem","position":2,"name":"Tim Gajser conclut sur une victoire en Turquie"}]},{"@type":"WebSite","@id":"https:\/\/fr.motocrossmag.be\/#website","url":"https:\/\/fr.motocrossmag.be\/","name":"Motocross - Enduro - Supermoto | MotocrossMag","description":"L&#039;actualit\u00e9 du motocross, de l&#039;enduro et du Supermoto en ligne!","potentialAction":[{"@type":"SearchAction","target":{"@type":"EntryPoint","urlTemplate":"https:\/\/fr.motocrossmag.be\/?s={search_term_string}"},"query-input":{"@type":"PropertyValueSpecification","valueRequired":true,"valueName":"search_term_string"}}],"inLanguage":"fr-FR"},{"@type":"Person","@id":"https:\/\/fr.motocrossmag.be\/#\/schema\/person\/11b47143d9f755babca2c9110e03235c","name":"oliviere","image":{"@type":"ImageObject","inLanguage":"fr-FR","@id":"https:\/\/secure.gravatar.com\/avatar\/907069e0b81d119452040469e4a7501da1100f54f7f80180ce77bfab718288f6?s=96&d=mm&r=g","url":"https:\/\/secure.gravatar.com\/avatar\/907069e0b81d119452040469e4a7501da1100f54f7f80180ce77bfab718288f6?s=96&d=mm&r=g","contentUrl":"https:\/\/secure.gravatar.com\/avatar\/907069e0b81d119452040469e4a7501da1100f54f7f80180ce77bfab718288f6?s=96&d=mm&r=g","caption":"oliviere"},"sameAs":["http:\/\/www.motocrossmag.be"],"url":"https:\/\/fr.motocrossmag.be\/index.php\/author\/oliviere\/"}]}},"_links":{"self":[{"href":"https:\/\/fr.motocrossmag.be\/index.php\/wp-json\/wp\/v2\/posts\/120706","targetHints":{"allow":["GET"]}}],"collection":[{"href":"https:\/\/fr.motocrossmag.be\/index.php\/wp-json\/wp\/v2\/posts"}],"about":[{"href":"https:\/\/fr.motocrossmag.be\/index.php\/wp-json\/wp\/v2\/types\/post"}],"author":[{"embeddable":true,"href":"https:\/\/fr.motocrossmag.be\/index.php\/wp-json\/wp\/v2\/users\/932"}],"replies":[{"embeddable":true,"href":"https:\/\/fr.motocrossmag.be\/index.php\/wp-json\/wp\/v2\/comments?post=120706"}],"version-history":[{"count":0,"href":"https:\/\/fr.motocrossmag.be\/index.php\/wp-json\/wp\/v2\/posts\/120706\/revisions"}],"wp:featuredmedia":[{"embeddable":true,"href":"https:\/\/fr.motocrossmag.be\/index.php\/wp-json\/wp\/v2\/media\/120707"}],"wp:attachment":[{"href":"https:\/\/fr.motocrossmag.be\/index.php\/wp-json\/wp\/v2\/media?parent=120706"}],"wp:term":[{"taxonomy":"category","embeddable":true,"href":"https:\/\/fr.motocrossmag.be\/index.php\/wp-json\/wp\/v2\/categories?post=120706"},{"taxonomy":"post_tag","embeddable":true,"href":"https:\/\/fr.motocrossmag.be\/index.php\/wp-json\/wp\/v2\/tags?post=120706"}],"curies":[{"name":"wp","href":"https:\/\/api.w.org\/{rel}","templated":true}]}}