{"id":120722,"date":"2022-09-07T11:54:15","date_gmt":"2022-09-07T09:54:15","guid":{"rendered":"http:\/\/fr.motocrossmag.be\/?p=120722"},"modified":"2022-09-07T11:54:35","modified_gmt":"2022-09-07T09:54:35","slug":"ruben-fernandez-dans-le-team-honda-hrc-aux-cotes-de-tim-gajser","status":"publish","type":"post","link":"https:\/\/fr.motocrossmag.be\/index.php\/2022\/09\/ruben-fernandez-dans-le-team-honda-hrc-aux-cotes-de-tim-gajser\/","title":{"rendered":"Ruben Fernandez dans le team Honda HRC aux c\u00f4t\u00e9s de Tim Gajser"},"content":{"rendered":"<p><strong>Honda a annonc\u00e9 l&rsquo;arriv\u00e9e dans sa structure HRC en MXGP de Ruben Fernandez. L&rsquo;Espagnol, 23 ans, rejoint dans le team officiel des Rouges le quintuple champion du monde Tim Gajser, qui a pour sa part renouvel\u00e9 son contrat avec Honda. Les deux hommes sont sous contrat avec la marque japonaise pour plusieurs saisons.<\/strong><\/p>\n<p>\u00ab\u00a0C&rsquo;est un r\u00eave qui se r\u00e9alise\u00a0\u00bb, commente Fernandez, huiti\u00e8me du classement final MXGP cette ann\u00e9e. \u00ab\u00a0Je roule avec Honda depuis plusieurs ann\u00e9es et le team HRC est sans doute le meilleur dans le paddock MXGP. Je suis tr\u00e8s impatient de rouler l&rsquo;an prochain sur la machine d&rsquo;usine et d&rsquo;avoir la chance de collaborer avec Tim car j&rsquo;ai certainement pas mal de choses \u00e0 apprendre de lui. Merci \u00e0 tous ceux qui ont rendu ceci possible ! J&rsquo;ai maintenant tout l&rsquo;hiver pour arriver pr\u00eat sur le premier GP en 2023\u00a0\u00bb.<\/p>\n","protected":false},"excerpt":{"rendered":"<p>Honda a annonc\u00e9 l&rsquo;arriv\u00e9e dans sa structure HRC en MXGP de Ruben Fernandez. L&rsquo;Espagnol, 23 ans, rejoint dans le team officiel des Rouges le quintuple champion du monde Tim Gajser, [&#8230;]<\/p>\n","protected":false},"author":932,"featured_media":120723,"comment_status":"open","ping_status":"closed","sticky":false,"template":"","format":"standard","meta":{"footnotes":""},"categories":[54,4,6,5,55,65],"tags":[124,947,568,1839,780],"class_list":["post-120722","post","type-post","status-publish","format-standard","has-post-thumbnail","hentry","category-actualite","category-motocross","category-mx1mx2","category-news","category-news-actualite","category-slideshow","tag-honda","tag-motocross","tag-mxgp","tag-ruben-fernandez","tag-tim-gajser"],"yoast_head":"<!-- This site is optimized with the Yoast SEO plugin v27.4 - https:\/\/yoast.com\/product\/yoast-seo-wordpress\/ -->\n<title>Ruben Fernandez dans le team Honda HRC aux c\u00f4t\u00e9s de Tim Gajser - Motocross - Enduro - Supermoto | MotocrossMag<\/title>\n<meta name=\"robots\" content=\"index, follow, max-snippet:-1, max-image-preview:large, max-video-preview:-1\" \/>\n<link rel=\"canonical\" href=\"https:\/\/fr.motocrossmag.be\/index.php\/2022\/09\/ruben-fernandez-dans-le-team-honda-hrc-aux-cotes-de-tim-gajser\/\" \/>\n<meta property=\"og:locale\" content=\"fr_FR\" \/>\n<meta property=\"og:type\" content=\"article\" \/>\n<meta property=\"og:title\" content=\"Ruben Fernandez dans le team Honda HRC aux c\u00f4t\u00e9s de Tim Gajser - Motocross - Enduro - Supermoto | MotocrossMag\" \/>\n<meta property=\"og:description\" content=\"Honda a annonc\u00e9 l&rsquo;arriv\u00e9e dans sa structure HRC en MXGP de Ruben Fernandez. L&rsquo;Espagnol, 23 ans, rejoint dans le team officiel des Rouges le quintuple champion du monde Tim Gajser, [...]\" \/>\n<meta property=\"og:url\" content=\"https:\/\/fr.motocrossmag.be\/index.php\/2022\/09\/ruben-fernandez-dans-le-team-honda-hrc-aux-cotes-de-tim-gajser\/\" \/>\n<meta property=\"og:site_name\" content=\"Motocross - Enduro - Supermoto | MotocrossMag\" \/>\n<meta property=\"article:published_time\" content=\"2022-09-07T09:54:15+00:00\" \/>\n<meta property=\"article:modified_time\" content=\"2022-09-07T09:54:35+00:00\" \/>\n<meta property=\"og:image\" content=\"https:\/\/fr.motocrossmag.be\/wp-content\/uploads\/2022\/09\/Tim-Gajser-en-Ruben-Fernandez-HRC-Foto-Bavo.jpg\" \/>\n\t<meta property=\"og:image:width\" content=\"900\" \/>\n\t<meta property=\"og:image:height\" content=\"600\" \/>\n\t<meta property=\"og:image:type\" content=\"image\/jpeg\" \/>\n<meta name=\"author\" content=\"oliviere\" \/>\n<meta name=\"twitter:card\" content=\"summary_large_image\" \/>\n<meta name=\"twitter:label1\" content=\"\u00c9crit par\" \/>\n\t<meta name=\"twitter:data1\" content=\"oliviere\" \/>\n\t<meta name=\"twitter:label2\" content=\"Dur\u00e9e de lecture estim\u00e9e\" \/>\n\t<meta name=\"twitter:data2\" content=\"1 minute\" \/>\n<script type=\"application\/ld+json\" class=\"yoast-schema-graph\">{\"@context\":\"https:\\\/\\\/schema.org\",\"@graph\":[{\"@type\":\"Article\",\"@id\":\"https:\\\/\\\/fr.motocrossmag.be\\\/index.php\\\/2022\\\/09\\\/ruben-fernandez-dans-le-team-honda-hrc-aux-cotes-de-tim-gajser\\\/#article\",\"isPartOf\":{\"@id\":\"https:\\\/\\\/fr.motocrossmag.be\\\/index.php\\\/2022\\\/09\\\/ruben-fernandez-dans-le-team-honda-hrc-aux-cotes-de-tim-gajser\\\/\"},\"author\":{\"name\":\"oliviere\",\"@id\":\"https:\\\/\\\/fr.motocrossmag.be\\\/#\\\/schema\\\/person\\\/11b47143d9f755babca2c9110e03235c\"},\"headline\":\"Ruben Fernandez dans le team Honda HRC aux c\u00f4t\u00e9s de Tim Gajser\",\"datePublished\":\"2022-09-07T09:54:15+00:00\",\"dateModified\":\"2022-09-07T09:54:35+00:00\",\"mainEntityOfPage\":{\"@id\":\"https:\\\/\\\/fr.motocrossmag.be\\\/index.php\\\/2022\\\/09\\\/ruben-fernandez-dans-le-team-honda-hrc-aux-cotes-de-tim-gajser\\\/\"},\"wordCount\":168,\"commentCount\":0,\"image\":{\"@id\":\"https:\\\/\\\/fr.motocrossmag.be\\\/index.php\\\/2022\\\/09\\\/ruben-fernandez-dans-le-team-honda-hrc-aux-cotes-de-tim-gajser\\\/#primaryimage\"},\"thumbnailUrl\":\"https:\\\/\\\/fr.motocrossmag.be\\\/wp-content\\\/uploads\\\/2022\\\/09\\\/Tim-Gajser-en-Ruben-Fernandez-HRC-Foto-Bavo.jpg\",\"keywords\":[\"honda\",\"Motocross\",\"MXGP\",\"ruben fernandez\",\"tim gajser\"],\"articleSection\":[\"Actualit\u00e9\",\"Motocross\",\"Motocross MXGP\",\"News\",\"News\",\"Slideshow\"],\"inLanguage\":\"fr-FR\",\"potentialAction\":[{\"@type\":\"CommentAction\",\"name\":\"Comment\",\"target\":[\"https:\\\/\\\/fr.motocrossmag.be\\\/index.php\\\/2022\\\/09\\\/ruben-fernandez-dans-le-team-honda-hrc-aux-cotes-de-tim-gajser\\\/#respond\"]}]},{\"@type\":\"WebPage\",\"@id\":\"https:\\\/\\\/fr.motocrossmag.be\\\/index.php\\\/2022\\\/09\\\/ruben-fernandez-dans-le-team-honda-hrc-aux-cotes-de-tim-gajser\\\/\",\"url\":\"https:\\\/\\\/fr.motocrossmag.be\\\/index.php\\\/2022\\\/09\\\/ruben-fernandez-dans-le-team-honda-hrc-aux-cotes-de-tim-gajser\\\/\",\"name\":\"Ruben Fernandez dans le team Honda HRC aux c\u00f4t\u00e9s de Tim Gajser - Motocross - Enduro - Supermoto | MotocrossMag\",\"isPartOf\":{\"@id\":\"https:\\\/\\\/fr.motocrossmag.be\\\/#website\"},\"primaryImageOfPage\":{\"@id\":\"https:\\\/\\\/fr.motocrossmag.be\\\/index.php\\\/2022\\\/09\\\/ruben-fernandez-dans-le-team-honda-hrc-aux-cotes-de-tim-gajser\\\/#primaryimage\"},\"image\":{\"@id\":\"https:\\\/\\\/fr.motocrossmag.be\\\/index.php\\\/2022\\\/09\\\/ruben-fernandez-dans-le-team-honda-hrc-aux-cotes-de-tim-gajser\\\/#primaryimage\"},\"thumbnailUrl\":\"https:\\\/\\\/fr.motocrossmag.be\\\/wp-content\\\/uploads\\\/2022\\\/09\\\/Tim-Gajser-en-Ruben-Fernandez-HRC-Foto-Bavo.jpg\",\"datePublished\":\"2022-09-07T09:54:15+00:00\",\"dateModified\":\"2022-09-07T09:54:35+00:00\",\"author\":{\"@id\":\"https:\\\/\\\/fr.motocrossmag.be\\\/#\\\/schema\\\/person\\\/11b47143d9f755babca2c9110e03235c\"},\"breadcrumb\":{\"@id\":\"https:\\\/\\\/fr.motocrossmag.be\\\/index.php\\\/2022\\\/09\\\/ruben-fernandez-dans-le-team-honda-hrc-aux-cotes-de-tim-gajser\\\/#breadcrumb\"},\"inLanguage\":\"fr-FR\",\"potentialAction\":[{\"@type\":\"ReadAction\",\"target\":[\"https:\\\/\\\/fr.motocrossmag.be\\\/index.php\\\/2022\\\/09\\\/ruben-fernandez-dans-le-team-honda-hrc-aux-cotes-de-tim-gajser\\\/\"]}]},{\"@type\":\"ImageObject\",\"inLanguage\":\"fr-FR\",\"@id\":\"https:\\\/\\\/fr.motocrossmag.be\\\/index.php\\\/2022\\\/09\\\/ruben-fernandez-dans-le-team-honda-hrc-aux-cotes-de-tim-gajser\\\/#primaryimage\",\"url\":\"https:\\\/\\\/fr.motocrossmag.be\\\/wp-content\\\/uploads\\\/2022\\\/09\\\/Tim-Gajser-en-Ruben-Fernandez-HRC-Foto-Bavo.jpg\",\"contentUrl\":\"https:\\\/\\\/fr.motocrossmag.be\\\/wp-content\\\/uploads\\\/2022\\\/09\\\/Tim-Gajser-en-Ruben-Fernandez-HRC-Foto-Bavo.jpg\",\"width\":\"900\",\"height\":\"600\"},{\"@type\":\"BreadcrumbList\",\"@id\":\"https:\\\/\\\/fr.motocrossmag.be\\\/index.php\\\/2022\\\/09\\\/ruben-fernandez-dans-le-team-honda-hrc-aux-cotes-de-tim-gajser\\\/#breadcrumb\",\"itemListElement\":[{\"@type\":\"ListItem\",\"position\":1,\"name\":\"Accueil\",\"item\":\"https:\\\/\\\/fr.motocrossmag.be\\\/\"},{\"@type\":\"ListItem\",\"position\":2,\"name\":\"Ruben Fernandez dans le team Honda HRC aux c\u00f4t\u00e9s de Tim Gajser\"}]},{\"@type\":\"WebSite\",\"@id\":\"https:\\\/\\\/fr.motocrossmag.be\\\/#website\",\"url\":\"https:\\\/\\\/fr.motocrossmag.be\\\/\",\"name\":\"Motocross - Enduro - Supermoto | MotocrossMag\",\"description\":\"L&#039;actualit\u00e9 du motocross, de l&#039;enduro et du Supermoto en ligne!\",\"potentialAction\":[{\"@type\":\"SearchAction\",\"target\":{\"@type\":\"EntryPoint\",\"urlTemplate\":\"https:\\\/\\\/fr.motocrossmag.be\\\/?s={search_term_string}\"},\"query-input\":{\"@type\":\"PropertyValueSpecification\",\"valueRequired\":true,\"valueName\":\"search_term_string\"}}],\"inLanguage\":\"fr-FR\"},{\"@type\":\"Person\",\"@id\":\"https:\\\/\\\/fr.motocrossmag.be\\\/#\\\/schema\\\/person\\\/11b47143d9f755babca2c9110e03235c\",\"name\":\"oliviere\",\"image\":{\"@type\":\"ImageObject\",\"inLanguage\":\"fr-FR\",\"@id\":\"https:\\\/\\\/secure.gravatar.com\\\/avatar\\\/907069e0b81d119452040469e4a7501da1100f54f7f80180ce77bfab718288f6?s=96&d=mm&r=g\",\"url\":\"https:\\\/\\\/secure.gravatar.com\\\/avatar\\\/907069e0b81d119452040469e4a7501da1100f54f7f80180ce77bfab718288f6?s=96&d=mm&r=g\",\"contentUrl\":\"https:\\\/\\\/secure.gravatar.com\\\/avatar\\\/907069e0b81d119452040469e4a7501da1100f54f7f80180ce77bfab718288f6?s=96&d=mm&r=g\",\"caption\":\"oliviere\"},\"sameAs\":[\"http:\\\/\\\/www.motocrossmag.be\"],\"url\":\"https:\\\/\\\/fr.motocrossmag.be\\\/index.php\\\/author\\\/oliviere\\\/\"}]}<\/script>\n<!-- \/ Yoast SEO plugin. -->","yoast_head_json":{"title":"Ruben Fernandez dans le team Honda HRC aux c\u00f4t\u00e9s de Tim Gajser - Motocross - Enduro - Supermoto | MotocrossMag","robots":{"index":"index","follow":"follow","max-snippet":"max-snippet:-1","max-image-preview":"max-image-preview:large","max-video-preview":"max-video-preview:-1"},"canonical":"https:\/\/fr.motocrossmag.be\/index.php\/2022\/09\/ruben-fernandez-dans-le-team-honda-hrc-aux-cotes-de-tim-gajser\/","og_locale":"fr_FR","og_type":"article","og_title":"Ruben Fernandez dans le team Honda HRC aux c\u00f4t\u00e9s de Tim Gajser - Motocross - Enduro - Supermoto | MotocrossMag","og_description":"Honda a annonc\u00e9 l&rsquo;arriv\u00e9e dans sa structure HRC en MXGP de Ruben Fernandez. L&rsquo;Espagnol, 23 ans, rejoint dans le team officiel des Rouges le quintuple champion du monde Tim Gajser, [...]","og_url":"https:\/\/fr.motocrossmag.be\/index.php\/2022\/09\/ruben-fernandez-dans-le-team-honda-hrc-aux-cotes-de-tim-gajser\/","og_site_name":"Motocross - Enduro - Supermoto | MotocrossMag","article_published_time":"2022-09-07T09:54:15+00:00","article_modified_time":"2022-09-07T09:54:35+00:00","og_image":[{"width":900,"height":600,"url":"https:\/\/fr.motocrossmag.be\/wp-content\/uploads\/2022\/09\/Tim-Gajser-en-Ruben-Fernandez-HRC-Foto-Bavo.jpg","type":"image\/jpeg"}],"author":"oliviere","twitter_card":"summary_large_image","twitter_misc":{"\u00c9crit par":"oliviere","Dur\u00e9e de lecture estim\u00e9e":"1 minute"},"schema":{"@context":"https:\/\/schema.org","@graph":[{"@type":"Article","@id":"https:\/\/fr.motocrossmag.be\/index.php\/2022\/09\/ruben-fernandez-dans-le-team-honda-hrc-aux-cotes-de-tim-gajser\/#article","isPartOf":{"@id":"https:\/\/fr.motocrossmag.be\/index.php\/2022\/09\/ruben-fernandez-dans-le-team-honda-hrc-aux-cotes-de-tim-gajser\/"},"author":{"name":"oliviere","@id":"https:\/\/fr.motocrossmag.be\/#\/schema\/person\/11b47143d9f755babca2c9110e03235c"},"headline":"Ruben Fernandez dans le team Honda HRC aux c\u00f4t\u00e9s de Tim Gajser","datePublished":"2022-09-07T09:54:15+00:00","dateModified":"2022-09-07T09:54:35+00:00","mainEntityOfPage":{"@id":"https:\/\/fr.motocrossmag.be\/index.php\/2022\/09\/ruben-fernandez-dans-le-team-honda-hrc-aux-cotes-de-tim-gajser\/"},"wordCount":168,"commentCount":0,"image":{"@id":"https:\/\/fr.motocrossmag.be\/index.php\/2022\/09\/ruben-fernandez-dans-le-team-honda-hrc-aux-cotes-de-tim-gajser\/#primaryimage"},"thumbnailUrl":"https:\/\/fr.motocrossmag.be\/wp-content\/uploads\/2022\/09\/Tim-Gajser-en-Ruben-Fernandez-HRC-Foto-Bavo.jpg","keywords":["honda","Motocross","MXGP","ruben fernandez","tim gajser"],"articleSection":["Actualit\u00e9","Motocross","Motocross MXGP","News","News","Slideshow"],"inLanguage":"fr-FR","potentialAction":[{"@type":"CommentAction","name":"Comment","target":["https:\/\/fr.motocrossmag.be\/index.php\/2022\/09\/ruben-fernandez-dans-le-team-honda-hrc-aux-cotes-de-tim-gajser\/#respond"]}]},{"@type":"WebPage","@id":"https:\/\/fr.motocrossmag.be\/index.php\/2022\/09\/ruben-fernandez-dans-le-team-honda-hrc-aux-cotes-de-tim-gajser\/","url":"https:\/\/fr.motocrossmag.be\/index.php\/2022\/09\/ruben-fernandez-dans-le-team-honda-hrc-aux-cotes-de-tim-gajser\/","name":"Ruben Fernandez dans le team Honda HRC aux c\u00f4t\u00e9s de Tim Gajser - Motocross - Enduro - Supermoto | MotocrossMag","isPartOf":{"@id":"https:\/\/fr.motocrossmag.be\/#website"},"primaryImageOfPage":{"@id":"https:\/\/fr.motocrossmag.be\/index.php\/2022\/09\/ruben-fernandez-dans-le-team-honda-hrc-aux-cotes-de-tim-gajser\/#primaryimage"},"image":{"@id":"https:\/\/fr.motocrossmag.be\/index.php\/2022\/09\/ruben-fernandez-dans-le-team-honda-hrc-aux-cotes-de-tim-gajser\/#primaryimage"},"thumbnailUrl":"https:\/\/fr.motocrossmag.be\/wp-content\/uploads\/2022\/09\/Tim-Gajser-en-Ruben-Fernandez-HRC-Foto-Bavo.jpg","datePublished":"2022-09-07T09:54:15+00:00","dateModified":"2022-09-07T09:54:35+00:00","author":{"@id":"https:\/\/fr.motocrossmag.be\/#\/schema\/person\/11b47143d9f755babca2c9110e03235c"},"breadcrumb":{"@id":"https:\/\/fr.motocrossmag.be\/index.php\/2022\/09\/ruben-fernandez-dans-le-team-honda-hrc-aux-cotes-de-tim-gajser\/#breadcrumb"},"inLanguage":"fr-FR","potentialAction":[{"@type":"ReadAction","target":["https:\/\/fr.motocrossmag.be\/index.php\/2022\/09\/ruben-fernandez-dans-le-team-honda-hrc-aux-cotes-de-tim-gajser\/"]}]},{"@type":"ImageObject","inLanguage":"fr-FR","@id":"https:\/\/fr.motocrossmag.be\/index.php\/2022\/09\/ruben-fernandez-dans-le-team-honda-hrc-aux-cotes-de-tim-gajser\/#primaryimage","url":"https:\/\/fr.motocrossmag.be\/wp-content\/uploads\/2022\/09\/Tim-Gajser-en-Ruben-Fernandez-HRC-Foto-Bavo.jpg","contentUrl":"https:\/\/fr.motocrossmag.be\/wp-content\/uploads\/2022\/09\/Tim-Gajser-en-Ruben-Fernandez-HRC-Foto-Bavo.jpg","width":"900","height":"600"},{"@type":"BreadcrumbList","@id":"https:\/\/fr.motocrossmag.be\/index.php\/2022\/09\/ruben-fernandez-dans-le-team-honda-hrc-aux-cotes-de-tim-gajser\/#breadcrumb","itemListElement":[{"@type":"ListItem","position":1,"name":"Accueil","item":"https:\/\/fr.motocrossmag.be\/"},{"@type":"ListItem","position":2,"name":"Ruben Fernandez dans le team Honda HRC aux c\u00f4t\u00e9s de Tim Gajser"}]},{"@type":"WebSite","@id":"https:\/\/fr.motocrossmag.be\/#website","url":"https:\/\/fr.motocrossmag.be\/","name":"Motocross - Enduro - Supermoto | MotocrossMag","description":"L&#039;actualit\u00e9 du motocross, de l&#039;enduro et du Supermoto en ligne!","potentialAction":[{"@type":"SearchAction","target":{"@type":"EntryPoint","urlTemplate":"https:\/\/fr.motocrossmag.be\/?s={search_term_string}"},"query-input":{"@type":"PropertyValueSpecification","valueRequired":true,"valueName":"search_term_string"}}],"inLanguage":"fr-FR"},{"@type":"Person","@id":"https:\/\/fr.motocrossmag.be\/#\/schema\/person\/11b47143d9f755babca2c9110e03235c","name":"oliviere","image":{"@type":"ImageObject","inLanguage":"fr-FR","@id":"https:\/\/secure.gravatar.com\/avatar\/907069e0b81d119452040469e4a7501da1100f54f7f80180ce77bfab718288f6?s=96&d=mm&r=g","url":"https:\/\/secure.gravatar.com\/avatar\/907069e0b81d119452040469e4a7501da1100f54f7f80180ce77bfab718288f6?s=96&d=mm&r=g","contentUrl":"https:\/\/secure.gravatar.com\/avatar\/907069e0b81d119452040469e4a7501da1100f54f7f80180ce77bfab718288f6?s=96&d=mm&r=g","caption":"oliviere"},"sameAs":["http:\/\/www.motocrossmag.be"],"url":"https:\/\/fr.motocrossmag.be\/index.php\/author\/oliviere\/"}]}},"_links":{"self":[{"href":"https:\/\/fr.motocrossmag.be\/index.php\/wp-json\/wp\/v2\/posts\/120722","targetHints":{"allow":["GET"]}}],"collection":[{"href":"https:\/\/fr.motocrossmag.be\/index.php\/wp-json\/wp\/v2\/posts"}],"about":[{"href":"https:\/\/fr.motocrossmag.be\/index.php\/wp-json\/wp\/v2\/types\/post"}],"author":[{"embeddable":true,"href":"https:\/\/fr.motocrossmag.be\/index.php\/wp-json\/wp\/v2\/users\/932"}],"replies":[{"embeddable":true,"href":"https:\/\/fr.motocrossmag.be\/index.php\/wp-json\/wp\/v2\/comments?post=120722"}],"version-history":[{"count":0,"href":"https:\/\/fr.motocrossmag.be\/index.php\/wp-json\/wp\/v2\/posts\/120722\/revisions"}],"wp:featuredmedia":[{"embeddable":true,"href":"https:\/\/fr.motocrossmag.be\/index.php\/wp-json\/wp\/v2\/media\/120723"}],"wp:attachment":[{"href":"https:\/\/fr.motocrossmag.be\/index.php\/wp-json\/wp\/v2\/media?parent=120722"}],"wp:term":[{"taxonomy":"category","embeddable":true,"href":"https:\/\/fr.motocrossmag.be\/index.php\/wp-json\/wp\/v2\/categories?post=120722"},{"taxonomy":"post_tag","embeddable":true,"href":"https:\/\/fr.motocrossmag.be\/index.php\/wp-json\/wp\/v2\/tags?post=120722"}],"curies":[{"name":"wp","href":"https:\/\/api.w.org\/{rel}","templated":true}]}}