{"id":120729,"date":"2022-09-08T14:00:04","date_gmt":"2022-09-08T12:00:04","guid":{"rendered":"http:\/\/fr.motocrossmag.be\/?p=120729"},"modified":"2022-09-08T14:04:52","modified_gmt":"2022-09-08T12:04:52","slug":"ktm-diga-procross-ktm-jette-leponge","status":"publish","type":"post","link":"https:\/\/fr.motocrossmag.be\/index.php\/2022\/09\/ktm-diga-procross-ktm-jette-leponge\/","title":{"rendered":"KTM Diga Procross jette l&rsquo;\u00e9ponge"},"content":{"rendered":"<p><strong>Le team Diga Procross KTM arr\u00eate. L&rsquo;\u00e9quipe allemande pour laquelle roulaient cette ann\u00e9e Liam Everts et Thomas-Kjer Olsen ne sera plus pr\u00e9sente en 2023 sur les championnats mondiaux de motocross.<\/strong><\/p>\n<p>La cause de cette d\u00e9cision soudaine pour une \u00e9quipe qui n&rsquo;avait cess\u00e9 de monter ces derni\u00e8res ann\u00e9es sur la sc\u00e8ne internationale est \u00e0 chercher dans des circonstances familiales qui poussent la famille Amian, \u00e0 la t\u00eate de l&rsquo;\u00e9quipe, de faire un pas de c\u00f4t\u00e9. Guido Amian a en effet \u00e9t\u00e9 victime d&rsquo;une crise cardiaque la semaine pass\u00e9e, ce qui pousse son fils Justin \u00e0 changer ses priorit\u00e9s sur le plan professionnel. Il devra d\u00e9sormais se concentrer sur Diga Ingenieur GmbH, la soci\u00e9t\u00e9 d&rsquo;ing\u00e9nierie familiale.<\/p>\n<p><img decoding=\"async\" class=\"lazyload alignnone size-full wp-image-114457\" src=\"http:\/\/fr.motocrossmag.be\/wp-content\/uploads\/2021\/12\/diga-procross-ktm-everts-olsen.jpg\" data-orig-src=\"http:\/\/fr.motocrossmag.be\/wp-content\/uploads\/2021\/12\/diga-procross-ktm-everts-olsen.jpg\" alt=\"\" width=\"768\" height=\"600\" srcset=\"data:image\/svg+xml,%3Csvg%20xmlns%3D%27http%3A%2F%2Fwww.w3.org%2F2000%2Fsvg%27%20width%3D%27768%27%20height%3D%27600%27%20viewBox%3D%270%200%20768%20600%27%3E%3Crect%20width%3D%27768%27%20height%3D%27600%27%20fill-opacity%3D%220%22%2F%3E%3C%2Fsvg%3E\" data-srcset=\"https:\/\/fr.motocrossmag.be\/wp-content\/uploads\/2021\/12\/diga-procross-ktm-everts-olsen-650x508.jpg 650w, https:\/\/fr.motocrossmag.be\/wp-content\/uploads\/2021\/12\/diga-procross-ktm-everts-olsen.jpg 768w\" data-sizes=\"auto\" data-orig-sizes=\"(max-width: 768px) 100vw, 768px\" \/><\/p>\n<p>&nbsp;<\/p>\n<p>Depuis 2011, l&rsquo;\u00e9quipe s&rsquo;est agrandie d&rsquo;ann\u00e9e en ann\u00e9e. Le succ\u00e8s en Allemagne a \u00e9t\u00e9 suivi de solides performances sur le championnat EMX250 et en 2021, Diga a pris le statut d&rsquo;\u00e9quipe officielle GasGas avec Simon L\u00e4ngenfelder et Isak Gifting.<\/p>\n<p><strong>Coup de tonnerre pour les fr\u00e8res Coenen<\/strong><\/p>\n<p>Le retrait de Diga Procross tombe aussi comme un coup de tonnerre pour les fr\u00e8res Coenen. Lucas et Sacha \u00e9taient en pourparlers avanc\u00e9s avec l&rsquo;\u00e9quipe pour la saison prochaine. Il y aura probablement bient\u00f4t des \u00e9claircissements sur les projets de Lucas et Sacha Coenen.<\/p>\n<p>\u00ab\u00a0C&rsquo;est avec un profond regret que je dois prendre cette d\u00e9cision\u00a0\u00bb confie\u00a0Justin Amian. \u00ab\u00a0Mais la r\u00e9alit\u00e9 ne me laisse pas d&rsquo;autre choix que d&rsquo;assumer ma responsabilit\u00e9 dans la direction de Diga Ingenieur GmbH. Ce d\u00e9fi ne peut \u00eatre combin\u00e9 avec la direction d&rsquo;une \u00e9quipe de haut niveau. Mon intention est de revenir un jour sur le championnat du monde de motocross, mais pour le moment, on ne sait pas encore comment et quand ce sera.\u00a0\u00bb<\/p>\n<p>Concr\u00e8tement, cela signifie que Diga Procross KTM se retirera du paddock apr\u00e8s le MX des Nations \u00e0 Red Bud. La nouvelle Diga Academy, qui accompagne les jeunes pilotes, continuera en revanche d&rsquo;exister.<\/p>\n","protected":false},"excerpt":{"rendered":"<p>Le team Diga Procross KTM arr\u00eate. L&rsquo;\u00e9quipe allemande pour laquelle roulaient cette ann\u00e9e Liam Everts et Thomas-Kjer Olsen ne sera plus pr\u00e9sente en 2023 sur les championnats mondiaux de motocross. [&#8230;]<\/p>\n","protected":false},"author":932,"featured_media":116548,"comment_status":"open","ping_status":"closed","sticky":false,"template":"","format":"standard","meta":{"footnotes":""},"categories":[54,4,6,5,55,65],"tags":[1273,1247,947,568],"class_list":["post-120729","post","type-post","status-publish","format-standard","has-post-thumbnail","hentry","category-actualite","category-motocross","category-mx1mx2","category-news","category-news-actualite","category-slideshow","tag-diga-racing","tag-liam-everts","tag-motocross","tag-mxgp"],"yoast_head":"<!-- This site is optimized with the Yoast SEO plugin v27.4 - https:\/\/yoast.com\/product\/yoast-seo-wordpress\/ -->\n<title>KTM Diga Procross jette l&#039;\u00e9ponge - Motocross - Enduro - Supermoto | MotocrossMag<\/title>\n<meta name=\"robots\" content=\"index, follow, max-snippet:-1, max-image-preview:large, max-video-preview:-1\" \/>\n<link rel=\"canonical\" href=\"https:\/\/fr.motocrossmag.be\/index.php\/2022\/09\/ktm-diga-procross-ktm-jette-leponge\/\" \/>\n<meta property=\"og:locale\" content=\"fr_FR\" \/>\n<meta property=\"og:type\" content=\"article\" \/>\n<meta property=\"og:title\" content=\"KTM Diga Procross jette l&#039;\u00e9ponge - Motocross - Enduro - Supermoto | MotocrossMag\" \/>\n<meta property=\"og:description\" content=\"Le team Diga Procross KTM arr\u00eate. L&rsquo;\u00e9quipe allemande pour laquelle roulaient cette ann\u00e9e Liam Everts et Thomas-Kjer Olsen ne sera plus pr\u00e9sente en 2023 sur les championnats mondiaux de motocross. [...]\" \/>\n<meta property=\"og:url\" content=\"https:\/\/fr.motocrossmag.be\/index.php\/2022\/09\/ktm-diga-procross-ktm-jette-leponge\/\" \/>\n<meta property=\"og:site_name\" content=\"Motocross - Enduro - Supermoto | MotocrossMag\" \/>\n<meta property=\"article:published_time\" content=\"2022-09-08T12:00:04+00:00\" \/>\n<meta property=\"article:modified_time\" content=\"2022-09-08T12:04:52+00:00\" \/>\n<meta property=\"og:image\" content=\"https:\/\/fr.motocrossmag.be\/wp-content\/uploads\/2022\/04\/Arco-046-2.jpg\" \/>\n\t<meta property=\"og:image:width\" content=\"1000\" \/>\n\t<meta property=\"og:image:height\" content=\"666\" \/>\n\t<meta property=\"og:image:type\" content=\"image\/jpeg\" \/>\n<meta name=\"author\" content=\"oliviere\" \/>\n<meta name=\"twitter:card\" content=\"summary_large_image\" \/>\n<meta name=\"twitter:label1\" content=\"\u00c9crit par\" \/>\n\t<meta name=\"twitter:data1\" content=\"oliviere\" \/>\n\t<meta name=\"twitter:label2\" content=\"Dur\u00e9e de lecture estim\u00e9e\" \/>\n\t<meta name=\"twitter:data2\" content=\"2 minutes\" \/>\n<script type=\"application\/ld+json\" class=\"yoast-schema-graph\">{\"@context\":\"https:\\\/\\\/schema.org\",\"@graph\":[{\"@type\":\"Article\",\"@id\":\"https:\\\/\\\/fr.motocrossmag.be\\\/index.php\\\/2022\\\/09\\\/ktm-diga-procross-ktm-jette-leponge\\\/#article\",\"isPartOf\":{\"@id\":\"https:\\\/\\\/fr.motocrossmag.be\\\/index.php\\\/2022\\\/09\\\/ktm-diga-procross-ktm-jette-leponge\\\/\"},\"author\":{\"name\":\"oliviere\",\"@id\":\"https:\\\/\\\/fr.motocrossmag.be\\\/#\\\/schema\\\/person\\\/11b47143d9f755babca2c9110e03235c\"},\"headline\":\"KTM Diga Procross jette l&rsquo;\u00e9ponge\",\"datePublished\":\"2022-09-08T12:00:04+00:00\",\"dateModified\":\"2022-09-08T12:04:52+00:00\",\"mainEntityOfPage\":{\"@id\":\"https:\\\/\\\/fr.motocrossmag.be\\\/index.php\\\/2022\\\/09\\\/ktm-diga-procross-ktm-jette-leponge\\\/\"},\"wordCount\":354,\"commentCount\":0,\"image\":{\"@id\":\"https:\\\/\\\/fr.motocrossmag.be\\\/index.php\\\/2022\\\/09\\\/ktm-diga-procross-ktm-jette-leponge\\\/#primaryimage\"},\"thumbnailUrl\":\"https:\\\/\\\/fr.motocrossmag.be\\\/wp-content\\\/uploads\\\/2022\\\/04\\\/Arco-046-2.jpg\",\"keywords\":[\"diga racing\",\"liam everts\",\"Motocross\",\"MXGP\"],\"articleSection\":[\"Actualit\u00e9\",\"Motocross\",\"Motocross MXGP\",\"News\",\"News\",\"Slideshow\"],\"inLanguage\":\"fr-FR\",\"potentialAction\":[{\"@type\":\"CommentAction\",\"name\":\"Comment\",\"target\":[\"https:\\\/\\\/fr.motocrossmag.be\\\/index.php\\\/2022\\\/09\\\/ktm-diga-procross-ktm-jette-leponge\\\/#respond\"]}]},{\"@type\":\"WebPage\",\"@id\":\"https:\\\/\\\/fr.motocrossmag.be\\\/index.php\\\/2022\\\/09\\\/ktm-diga-procross-ktm-jette-leponge\\\/\",\"url\":\"https:\\\/\\\/fr.motocrossmag.be\\\/index.php\\\/2022\\\/09\\\/ktm-diga-procross-ktm-jette-leponge\\\/\",\"name\":\"KTM Diga Procross jette l'\u00e9ponge - Motocross - Enduro - Supermoto | MotocrossMag\",\"isPartOf\":{\"@id\":\"https:\\\/\\\/fr.motocrossmag.be\\\/#website\"},\"primaryImageOfPage\":{\"@id\":\"https:\\\/\\\/fr.motocrossmag.be\\\/index.php\\\/2022\\\/09\\\/ktm-diga-procross-ktm-jette-leponge\\\/#primaryimage\"},\"image\":{\"@id\":\"https:\\\/\\\/fr.motocrossmag.be\\\/index.php\\\/2022\\\/09\\\/ktm-diga-procross-ktm-jette-leponge\\\/#primaryimage\"},\"thumbnailUrl\":\"https:\\\/\\\/fr.motocrossmag.be\\\/wp-content\\\/uploads\\\/2022\\\/04\\\/Arco-046-2.jpg\",\"datePublished\":\"2022-09-08T12:00:04+00:00\",\"dateModified\":\"2022-09-08T12:04:52+00:00\",\"author\":{\"@id\":\"https:\\\/\\\/fr.motocrossmag.be\\\/#\\\/schema\\\/person\\\/11b47143d9f755babca2c9110e03235c\"},\"breadcrumb\":{\"@id\":\"https:\\\/\\\/fr.motocrossmag.be\\\/index.php\\\/2022\\\/09\\\/ktm-diga-procross-ktm-jette-leponge\\\/#breadcrumb\"},\"inLanguage\":\"fr-FR\",\"potentialAction\":[{\"@type\":\"ReadAction\",\"target\":[\"https:\\\/\\\/fr.motocrossmag.be\\\/index.php\\\/2022\\\/09\\\/ktm-diga-procross-ktm-jette-leponge\\\/\"]}]},{\"@type\":\"ImageObject\",\"inLanguage\":\"fr-FR\",\"@id\":\"https:\\\/\\\/fr.motocrossmag.be\\\/index.php\\\/2022\\\/09\\\/ktm-diga-procross-ktm-jette-leponge\\\/#primaryimage\",\"url\":\"https:\\\/\\\/fr.motocrossmag.be\\\/wp-content\\\/uploads\\\/2022\\\/04\\\/Arco-046-2.jpg\",\"contentUrl\":\"https:\\\/\\\/fr.motocrossmag.be\\\/wp-content\\\/uploads\\\/2022\\\/04\\\/Arco-046-2.jpg\",\"width\":\"1000\",\"height\":\"666\"},{\"@type\":\"BreadcrumbList\",\"@id\":\"https:\\\/\\\/fr.motocrossmag.be\\\/index.php\\\/2022\\\/09\\\/ktm-diga-procross-ktm-jette-leponge\\\/#breadcrumb\",\"itemListElement\":[{\"@type\":\"ListItem\",\"position\":1,\"name\":\"Accueil\",\"item\":\"https:\\\/\\\/fr.motocrossmag.be\\\/\"},{\"@type\":\"ListItem\",\"position\":2,\"name\":\"KTM Diga Procross jette l&rsquo;\u00e9ponge\"}]},{\"@type\":\"WebSite\",\"@id\":\"https:\\\/\\\/fr.motocrossmag.be\\\/#website\",\"url\":\"https:\\\/\\\/fr.motocrossmag.be\\\/\",\"name\":\"Motocross - Enduro - Supermoto | MotocrossMag\",\"description\":\"L&#039;actualit\u00e9 du motocross, de l&#039;enduro et du Supermoto en ligne!\",\"potentialAction\":[{\"@type\":\"SearchAction\",\"target\":{\"@type\":\"EntryPoint\",\"urlTemplate\":\"https:\\\/\\\/fr.motocrossmag.be\\\/?s={search_term_string}\"},\"query-input\":{\"@type\":\"PropertyValueSpecification\",\"valueRequired\":true,\"valueName\":\"search_term_string\"}}],\"inLanguage\":\"fr-FR\"},{\"@type\":\"Person\",\"@id\":\"https:\\\/\\\/fr.motocrossmag.be\\\/#\\\/schema\\\/person\\\/11b47143d9f755babca2c9110e03235c\",\"name\":\"oliviere\",\"image\":{\"@type\":\"ImageObject\",\"inLanguage\":\"fr-FR\",\"@id\":\"https:\\\/\\\/secure.gravatar.com\\\/avatar\\\/907069e0b81d119452040469e4a7501da1100f54f7f80180ce77bfab718288f6?s=96&d=mm&r=g\",\"url\":\"https:\\\/\\\/secure.gravatar.com\\\/avatar\\\/907069e0b81d119452040469e4a7501da1100f54f7f80180ce77bfab718288f6?s=96&d=mm&r=g\",\"contentUrl\":\"https:\\\/\\\/secure.gravatar.com\\\/avatar\\\/907069e0b81d119452040469e4a7501da1100f54f7f80180ce77bfab718288f6?s=96&d=mm&r=g\",\"caption\":\"oliviere\"},\"sameAs\":[\"http:\\\/\\\/www.motocrossmag.be\"],\"url\":\"https:\\\/\\\/fr.motocrossmag.be\\\/index.php\\\/author\\\/oliviere\\\/\"}]}<\/script>\n<!-- \/ Yoast SEO plugin. -->","yoast_head_json":{"title":"KTM Diga Procross jette l'\u00e9ponge - Motocross - Enduro - Supermoto | MotocrossMag","robots":{"index":"index","follow":"follow","max-snippet":"max-snippet:-1","max-image-preview":"max-image-preview:large","max-video-preview":"max-video-preview:-1"},"canonical":"https:\/\/fr.motocrossmag.be\/index.php\/2022\/09\/ktm-diga-procross-ktm-jette-leponge\/","og_locale":"fr_FR","og_type":"article","og_title":"KTM Diga Procross jette l'\u00e9ponge - Motocross - Enduro - Supermoto | MotocrossMag","og_description":"Le team Diga Procross KTM arr\u00eate. L&rsquo;\u00e9quipe allemande pour laquelle roulaient cette ann\u00e9e Liam Everts et Thomas-Kjer Olsen ne sera plus pr\u00e9sente en 2023 sur les championnats mondiaux de motocross. [...]","og_url":"https:\/\/fr.motocrossmag.be\/index.php\/2022\/09\/ktm-diga-procross-ktm-jette-leponge\/","og_site_name":"Motocross - Enduro - Supermoto | MotocrossMag","article_published_time":"2022-09-08T12:00:04+00:00","article_modified_time":"2022-09-08T12:04:52+00:00","og_image":[{"width":1000,"height":666,"url":"https:\/\/fr.motocrossmag.be\/wp-content\/uploads\/2022\/04\/Arco-046-2.jpg","type":"image\/jpeg"}],"author":"oliviere","twitter_card":"summary_large_image","twitter_misc":{"\u00c9crit par":"oliviere","Dur\u00e9e de lecture estim\u00e9e":"2 minutes"},"schema":{"@context":"https:\/\/schema.org","@graph":[{"@type":"Article","@id":"https:\/\/fr.motocrossmag.be\/index.php\/2022\/09\/ktm-diga-procross-ktm-jette-leponge\/#article","isPartOf":{"@id":"https:\/\/fr.motocrossmag.be\/index.php\/2022\/09\/ktm-diga-procross-ktm-jette-leponge\/"},"author":{"name":"oliviere","@id":"https:\/\/fr.motocrossmag.be\/#\/schema\/person\/11b47143d9f755babca2c9110e03235c"},"headline":"KTM Diga Procross jette l&rsquo;\u00e9ponge","datePublished":"2022-09-08T12:00:04+00:00","dateModified":"2022-09-08T12:04:52+00:00","mainEntityOfPage":{"@id":"https:\/\/fr.motocrossmag.be\/index.php\/2022\/09\/ktm-diga-procross-ktm-jette-leponge\/"},"wordCount":354,"commentCount":0,"image":{"@id":"https:\/\/fr.motocrossmag.be\/index.php\/2022\/09\/ktm-diga-procross-ktm-jette-leponge\/#primaryimage"},"thumbnailUrl":"https:\/\/fr.motocrossmag.be\/wp-content\/uploads\/2022\/04\/Arco-046-2.jpg","keywords":["diga racing","liam everts","Motocross","MXGP"],"articleSection":["Actualit\u00e9","Motocross","Motocross MXGP","News","News","Slideshow"],"inLanguage":"fr-FR","potentialAction":[{"@type":"CommentAction","name":"Comment","target":["https:\/\/fr.motocrossmag.be\/index.php\/2022\/09\/ktm-diga-procross-ktm-jette-leponge\/#respond"]}]},{"@type":"WebPage","@id":"https:\/\/fr.motocrossmag.be\/index.php\/2022\/09\/ktm-diga-procross-ktm-jette-leponge\/","url":"https:\/\/fr.motocrossmag.be\/index.php\/2022\/09\/ktm-diga-procross-ktm-jette-leponge\/","name":"KTM Diga Procross jette l'\u00e9ponge - Motocross - Enduro - Supermoto | MotocrossMag","isPartOf":{"@id":"https:\/\/fr.motocrossmag.be\/#website"},"primaryImageOfPage":{"@id":"https:\/\/fr.motocrossmag.be\/index.php\/2022\/09\/ktm-diga-procross-ktm-jette-leponge\/#primaryimage"},"image":{"@id":"https:\/\/fr.motocrossmag.be\/index.php\/2022\/09\/ktm-diga-procross-ktm-jette-leponge\/#primaryimage"},"thumbnailUrl":"https:\/\/fr.motocrossmag.be\/wp-content\/uploads\/2022\/04\/Arco-046-2.jpg","datePublished":"2022-09-08T12:00:04+00:00","dateModified":"2022-09-08T12:04:52+00:00","author":{"@id":"https:\/\/fr.motocrossmag.be\/#\/schema\/person\/11b47143d9f755babca2c9110e03235c"},"breadcrumb":{"@id":"https:\/\/fr.motocrossmag.be\/index.php\/2022\/09\/ktm-diga-procross-ktm-jette-leponge\/#breadcrumb"},"inLanguage":"fr-FR","potentialAction":[{"@type":"ReadAction","target":["https:\/\/fr.motocrossmag.be\/index.php\/2022\/09\/ktm-diga-procross-ktm-jette-leponge\/"]}]},{"@type":"ImageObject","inLanguage":"fr-FR","@id":"https:\/\/fr.motocrossmag.be\/index.php\/2022\/09\/ktm-diga-procross-ktm-jette-leponge\/#primaryimage","url":"https:\/\/fr.motocrossmag.be\/wp-content\/uploads\/2022\/04\/Arco-046-2.jpg","contentUrl":"https:\/\/fr.motocrossmag.be\/wp-content\/uploads\/2022\/04\/Arco-046-2.jpg","width":"1000","height":"666"},{"@type":"BreadcrumbList","@id":"https:\/\/fr.motocrossmag.be\/index.php\/2022\/09\/ktm-diga-procross-ktm-jette-leponge\/#breadcrumb","itemListElement":[{"@type":"ListItem","position":1,"name":"Accueil","item":"https:\/\/fr.motocrossmag.be\/"},{"@type":"ListItem","position":2,"name":"KTM Diga Procross jette l&rsquo;\u00e9ponge"}]},{"@type":"WebSite","@id":"https:\/\/fr.motocrossmag.be\/#website","url":"https:\/\/fr.motocrossmag.be\/","name":"Motocross - Enduro - Supermoto | MotocrossMag","description":"L&#039;actualit\u00e9 du motocross, de l&#039;enduro et du Supermoto en ligne!","potentialAction":[{"@type":"SearchAction","target":{"@type":"EntryPoint","urlTemplate":"https:\/\/fr.motocrossmag.be\/?s={search_term_string}"},"query-input":{"@type":"PropertyValueSpecification","valueRequired":true,"valueName":"search_term_string"}}],"inLanguage":"fr-FR"},{"@type":"Person","@id":"https:\/\/fr.motocrossmag.be\/#\/schema\/person\/11b47143d9f755babca2c9110e03235c","name":"oliviere","image":{"@type":"ImageObject","inLanguage":"fr-FR","@id":"https:\/\/secure.gravatar.com\/avatar\/907069e0b81d119452040469e4a7501da1100f54f7f80180ce77bfab718288f6?s=96&d=mm&r=g","url":"https:\/\/secure.gravatar.com\/avatar\/907069e0b81d119452040469e4a7501da1100f54f7f80180ce77bfab718288f6?s=96&d=mm&r=g","contentUrl":"https:\/\/secure.gravatar.com\/avatar\/907069e0b81d119452040469e4a7501da1100f54f7f80180ce77bfab718288f6?s=96&d=mm&r=g","caption":"oliviere"},"sameAs":["http:\/\/www.motocrossmag.be"],"url":"https:\/\/fr.motocrossmag.be\/index.php\/author\/oliviere\/"}]}},"_links":{"self":[{"href":"https:\/\/fr.motocrossmag.be\/index.php\/wp-json\/wp\/v2\/posts\/120729","targetHints":{"allow":["GET"]}}],"collection":[{"href":"https:\/\/fr.motocrossmag.be\/index.php\/wp-json\/wp\/v2\/posts"}],"about":[{"href":"https:\/\/fr.motocrossmag.be\/index.php\/wp-json\/wp\/v2\/types\/post"}],"author":[{"embeddable":true,"href":"https:\/\/fr.motocrossmag.be\/index.php\/wp-json\/wp\/v2\/users\/932"}],"replies":[{"embeddable":true,"href":"https:\/\/fr.motocrossmag.be\/index.php\/wp-json\/wp\/v2\/comments?post=120729"}],"version-history":[{"count":0,"href":"https:\/\/fr.motocrossmag.be\/index.php\/wp-json\/wp\/v2\/posts\/120729\/revisions"}],"wp:featuredmedia":[{"embeddable":true,"href":"https:\/\/fr.motocrossmag.be\/index.php\/wp-json\/wp\/v2\/media\/116548"}],"wp:attachment":[{"href":"https:\/\/fr.motocrossmag.be\/index.php\/wp-json\/wp\/v2\/media?parent=120729"}],"wp:term":[{"taxonomy":"category","embeddable":true,"href":"https:\/\/fr.motocrossmag.be\/index.php\/wp-json\/wp\/v2\/categories?post=120729"},{"taxonomy":"post_tag","embeddable":true,"href":"https:\/\/fr.motocrossmag.be\/index.php\/wp-json\/wp\/v2\/tags?post=120729"}],"curies":[{"name":"wp","href":"https:\/\/api.w.org\/{rel}","templated":true}]}}