{"id":120767,"date":"2022-09-12T00:32:10","date_gmt":"2022-09-11T22:32:10","guid":{"rendered":"http:\/\/fr.motocrossmag.be\/?p=120767"},"modified":"2022-09-12T00:32:10","modified_gmt":"2022-09-11T22:32:10","slug":"le-team-belge-simpose-sur-le-vets-mxdn-a-farleigh-castle","status":"publish","type":"post","link":"https:\/\/fr.motocrossmag.be\/index.php\/2022\/09\/le-team-belge-simpose-sur-le-vets-mxdn-a-farleigh-castle\/","title":{"rendered":"Le team belge s&rsquo;impose sur le Vets MXdN \u00e0 Farleigh Castle"},"content":{"rendered":"<p><strong>Le mythique trac\u00e9 de Farleigh Castle accueillait ce week-end le non moins c\u00e9l\u00e8bre \u00ab\u00a0Vets MXdN\u00a0\u00bb, comprenez par l\u00e0 le \u00ab\u00a0Motocross des Nations Vintage\u00a0\u00bb. Un rendez-vous incontournable pour tous les passionn\u00e9s de motocross \u00ab\u00a0old school\u00a0\u00bb que les Belges n&rsquo;ont une fois de plus pas manqu\u00e9.<\/strong><\/p>\n<p>L&rsquo;\u00e9quipe manag\u00e9e par Danny Scheers, qui alignait \u00e0 Farleigh un quatuor compos\u00e9 de Wim Couwberghs, Laurent Lacasse, Filip Van Dijck et Steve Ramon a fait retentir la Braban\u00e7onne ce dimanche apr\u00e8s-midi lors de la c\u00e9r\u00e9monie de remise des prix qui cl\u00f4turait l&rsquo;\u00e9v\u00e9nement britannique.<\/p>\n<p>Le manager Danny Scheers avait fait le choix d&rsquo;aligner cette ann\u00e9e une seule machine twinshock, ce qui co\u00fbtait d&#8217;embl\u00e9e 20 points de p\u00e9nalit\u00e9. Mais la r\u00e9gularit\u00e9 de nos 4 compatriotes face aux d\u00e9l\u00e9gations venues des 4 coins du monde, dont les USA, a fait la diff\u00e9rence tout au long du week-end et les n\u00f4tres se sont impos\u00e9s au d\u00e9compte final devant une \u00e9quipe de Grande-Bretagne emmen\u00e9e par le vainqueur du classement individuel Brad Anderson, vainqueur de 3 des 4 manches, et le Pays de Galles.<\/p>\n<p><span style=\"color: #800000;\"><strong>R\u00e9sultats<\/strong><\/span><\/p>\n<p>&nbsp;<\/p>\n<p>CLASSEMENT FINAL VETS MXdN Farleigh Castle<\/p>\n<p><strong>1 Team Belgium<\/strong>; 2 Team England; 3 Team Wales; 4 Team USA; 5 Team Great Britain; 6 Team Northern Ireland; 7 Team North of England; 8 Team South West; 9 Team Canada; 10 Team Northern Ireland B;&#8230;<\/p>\n","protected":false},"excerpt":{"rendered":"<p>Le mythique trac\u00e9 de Farleigh Castle accueillait ce week-end le non moins c\u00e9l\u00e8bre \u00ab\u00a0Vets MXdN\u00a0\u00bb, comprenez par l\u00e0 le \u00ab\u00a0Motocross des Nations Vintage\u00a0\u00bb. Un rendez-vous incontournable pour tous les passionn\u00e9s [&#8230;]<\/p>\n","protected":false},"author":932,"featured_media":120768,"comment_status":"open","ping_status":"closed","sticky":false,"template":"","format":"standard","meta":{"footnotes":""},"categories":[54,4,996,5,55,56,65,992],"tags":[1423,1612,947,1425,1174],"class_list":["post-120767","post","type-post","status-publish","format-standard","has-post-thumbnail","hentry","category-actualite","category-motocross","category-mx-vintage","category-news","category-news-actualite","category-resultats","category-slideshow","category-vintage","tag-farleigh","tag-laurent-lacasse","tag-motocross","tag-vets-mxdn","tag-vintage"],"yoast_head":"<!-- This site is optimized with the Yoast SEO plugin v27.4 - https:\/\/yoast.com\/product\/yoast-seo-wordpress\/ -->\n<title>Le team belge s&#039;impose sur le Vets MXdN \u00e0 Farleigh Castle - Motocross - Enduro - Supermoto | MotocrossMag<\/title>\n<meta name=\"robots\" content=\"index, follow, max-snippet:-1, max-image-preview:large, max-video-preview:-1\" \/>\n<link rel=\"canonical\" href=\"https:\/\/fr.motocrossmag.be\/index.php\/2022\/09\/le-team-belge-simpose-sur-le-vets-mxdn-a-farleigh-castle\/\" \/>\n<meta property=\"og:locale\" content=\"fr_FR\" \/>\n<meta property=\"og:type\" content=\"article\" \/>\n<meta property=\"og:title\" content=\"Le team belge s&#039;impose sur le Vets MXdN \u00e0 Farleigh Castle - Motocross - Enduro - Supermoto | MotocrossMag\" \/>\n<meta property=\"og:description\" content=\"Le mythique trac\u00e9 de Farleigh Castle accueillait ce week-end le non moins c\u00e9l\u00e8bre \u00ab\u00a0Vets MXdN\u00a0\u00bb, comprenez par l\u00e0 le \u00ab\u00a0Motocross des Nations Vintage\u00a0\u00bb. Un rendez-vous incontournable pour tous les passionn\u00e9s [...]\" \/>\n<meta property=\"og:url\" content=\"https:\/\/fr.motocrossmag.be\/index.php\/2022\/09\/le-team-belge-simpose-sur-le-vets-mxdn-a-farleigh-castle\/\" \/>\n<meta property=\"og:site_name\" content=\"Motocross - Enduro - Supermoto | MotocrossMag\" \/>\n<meta property=\"article:published_time\" content=\"2022-09-11T22:32:10+00:00\" \/>\n<meta property=\"og:image\" content=\"https:\/\/fr.motocrossmag.be\/wp-content\/uploads\/2022\/09\/Team-Belgium-Farleigh-Castle-2022-intro1.jpg\" \/>\n\t<meta property=\"og:image:width\" content=\"901\" \/>\n\t<meta property=\"og:image:height\" content=\"600\" \/>\n\t<meta property=\"og:image:type\" content=\"image\/jpeg\" \/>\n<meta name=\"author\" content=\"oliviere\" \/>\n<meta name=\"twitter:card\" content=\"summary_large_image\" \/>\n<meta name=\"twitter:label1\" content=\"\u00c9crit par\" \/>\n\t<meta name=\"twitter:data1\" content=\"oliviere\" \/>\n\t<meta name=\"twitter:label2\" content=\"Dur\u00e9e de lecture estim\u00e9e\" \/>\n\t<meta name=\"twitter:data2\" content=\"1 minute\" \/>\n<script type=\"application\/ld+json\" class=\"yoast-schema-graph\">{\"@context\":\"https:\\\/\\\/schema.org\",\"@graph\":[{\"@type\":\"Article\",\"@id\":\"https:\\\/\\\/fr.motocrossmag.be\\\/index.php\\\/2022\\\/09\\\/le-team-belge-simpose-sur-le-vets-mxdn-a-farleigh-castle\\\/#article\",\"isPartOf\":{\"@id\":\"https:\\\/\\\/fr.motocrossmag.be\\\/index.php\\\/2022\\\/09\\\/le-team-belge-simpose-sur-le-vets-mxdn-a-farleigh-castle\\\/\"},\"author\":{\"name\":\"oliviere\",\"@id\":\"https:\\\/\\\/fr.motocrossmag.be\\\/#\\\/schema\\\/person\\\/11b47143d9f755babca2c9110e03235c\"},\"headline\":\"Le team belge s&rsquo;impose sur le Vets MXdN \u00e0 Farleigh Castle\",\"datePublished\":\"2022-09-11T22:32:10+00:00\",\"mainEntityOfPage\":{\"@id\":\"https:\\\/\\\/fr.motocrossmag.be\\\/index.php\\\/2022\\\/09\\\/le-team-belge-simpose-sur-le-vets-mxdn-a-farleigh-castle\\\/\"},\"wordCount\":240,\"commentCount\":0,\"image\":{\"@id\":\"https:\\\/\\\/fr.motocrossmag.be\\\/index.php\\\/2022\\\/09\\\/le-team-belge-simpose-sur-le-vets-mxdn-a-farleigh-castle\\\/#primaryimage\"},\"thumbnailUrl\":\"https:\\\/\\\/fr.motocrossmag.be\\\/wp-content\\\/uploads\\\/2022\\\/09\\\/Team-Belgium-Farleigh-Castle-2022-intro1.jpg\",\"keywords\":[\"farleigh\",\"laurent lacasse\",\"Motocross\",\"vets mxdn\",\"vintage\"],\"articleSection\":[\"Actualit\u00e9\",\"Motocross\",\"MX Vintage\",\"News\",\"News\",\"R\u00e9sultats\",\"Slideshow\",\"Vintage\"],\"inLanguage\":\"fr-FR\",\"potentialAction\":[{\"@type\":\"CommentAction\",\"name\":\"Comment\",\"target\":[\"https:\\\/\\\/fr.motocrossmag.be\\\/index.php\\\/2022\\\/09\\\/le-team-belge-simpose-sur-le-vets-mxdn-a-farleigh-castle\\\/#respond\"]}]},{\"@type\":\"WebPage\",\"@id\":\"https:\\\/\\\/fr.motocrossmag.be\\\/index.php\\\/2022\\\/09\\\/le-team-belge-simpose-sur-le-vets-mxdn-a-farleigh-castle\\\/\",\"url\":\"https:\\\/\\\/fr.motocrossmag.be\\\/index.php\\\/2022\\\/09\\\/le-team-belge-simpose-sur-le-vets-mxdn-a-farleigh-castle\\\/\",\"name\":\"Le team belge s'impose sur le Vets MXdN \u00e0 Farleigh Castle - Motocross - Enduro - Supermoto | MotocrossMag\",\"isPartOf\":{\"@id\":\"https:\\\/\\\/fr.motocrossmag.be\\\/#website\"},\"primaryImageOfPage\":{\"@id\":\"https:\\\/\\\/fr.motocrossmag.be\\\/index.php\\\/2022\\\/09\\\/le-team-belge-simpose-sur-le-vets-mxdn-a-farleigh-castle\\\/#primaryimage\"},\"image\":{\"@id\":\"https:\\\/\\\/fr.motocrossmag.be\\\/index.php\\\/2022\\\/09\\\/le-team-belge-simpose-sur-le-vets-mxdn-a-farleigh-castle\\\/#primaryimage\"},\"thumbnailUrl\":\"https:\\\/\\\/fr.motocrossmag.be\\\/wp-content\\\/uploads\\\/2022\\\/09\\\/Team-Belgium-Farleigh-Castle-2022-intro1.jpg\",\"datePublished\":\"2022-09-11T22:32:10+00:00\",\"author\":{\"@id\":\"https:\\\/\\\/fr.motocrossmag.be\\\/#\\\/schema\\\/person\\\/11b47143d9f755babca2c9110e03235c\"},\"breadcrumb\":{\"@id\":\"https:\\\/\\\/fr.motocrossmag.be\\\/index.php\\\/2022\\\/09\\\/le-team-belge-simpose-sur-le-vets-mxdn-a-farleigh-castle\\\/#breadcrumb\"},\"inLanguage\":\"fr-FR\",\"potentialAction\":[{\"@type\":\"ReadAction\",\"target\":[\"https:\\\/\\\/fr.motocrossmag.be\\\/index.php\\\/2022\\\/09\\\/le-team-belge-simpose-sur-le-vets-mxdn-a-farleigh-castle\\\/\"]}]},{\"@type\":\"ImageObject\",\"inLanguage\":\"fr-FR\",\"@id\":\"https:\\\/\\\/fr.motocrossmag.be\\\/index.php\\\/2022\\\/09\\\/le-team-belge-simpose-sur-le-vets-mxdn-a-farleigh-castle\\\/#primaryimage\",\"url\":\"https:\\\/\\\/fr.motocrossmag.be\\\/wp-content\\\/uploads\\\/2022\\\/09\\\/Team-Belgium-Farleigh-Castle-2022-intro1.jpg\",\"contentUrl\":\"https:\\\/\\\/fr.motocrossmag.be\\\/wp-content\\\/uploads\\\/2022\\\/09\\\/Team-Belgium-Farleigh-Castle-2022-intro1.jpg\",\"width\":\"901\",\"height\":\"600\"},{\"@type\":\"BreadcrumbList\",\"@id\":\"https:\\\/\\\/fr.motocrossmag.be\\\/index.php\\\/2022\\\/09\\\/le-team-belge-simpose-sur-le-vets-mxdn-a-farleigh-castle\\\/#breadcrumb\",\"itemListElement\":[{\"@type\":\"ListItem\",\"position\":1,\"name\":\"Accueil\",\"item\":\"https:\\\/\\\/fr.motocrossmag.be\\\/\"},{\"@type\":\"ListItem\",\"position\":2,\"name\":\"Le team belge s&rsquo;impose sur le Vets MXdN \u00e0 Farleigh Castle\"}]},{\"@type\":\"WebSite\",\"@id\":\"https:\\\/\\\/fr.motocrossmag.be\\\/#website\",\"url\":\"https:\\\/\\\/fr.motocrossmag.be\\\/\",\"name\":\"Motocross - Enduro - Supermoto | MotocrossMag\",\"description\":\"L&#039;actualit\u00e9 du motocross, de l&#039;enduro et du Supermoto en ligne!\",\"potentialAction\":[{\"@type\":\"SearchAction\",\"target\":{\"@type\":\"EntryPoint\",\"urlTemplate\":\"https:\\\/\\\/fr.motocrossmag.be\\\/?s={search_term_string}\"},\"query-input\":{\"@type\":\"PropertyValueSpecification\",\"valueRequired\":true,\"valueName\":\"search_term_string\"}}],\"inLanguage\":\"fr-FR\"},{\"@type\":\"Person\",\"@id\":\"https:\\\/\\\/fr.motocrossmag.be\\\/#\\\/schema\\\/person\\\/11b47143d9f755babca2c9110e03235c\",\"name\":\"oliviere\",\"image\":{\"@type\":\"ImageObject\",\"inLanguage\":\"fr-FR\",\"@id\":\"https:\\\/\\\/secure.gravatar.com\\\/avatar\\\/907069e0b81d119452040469e4a7501da1100f54f7f80180ce77bfab718288f6?s=96&d=mm&r=g\",\"url\":\"https:\\\/\\\/secure.gravatar.com\\\/avatar\\\/907069e0b81d119452040469e4a7501da1100f54f7f80180ce77bfab718288f6?s=96&d=mm&r=g\",\"contentUrl\":\"https:\\\/\\\/secure.gravatar.com\\\/avatar\\\/907069e0b81d119452040469e4a7501da1100f54f7f80180ce77bfab718288f6?s=96&d=mm&r=g\",\"caption\":\"oliviere\"},\"sameAs\":[\"http:\\\/\\\/www.motocrossmag.be\"],\"url\":\"https:\\\/\\\/fr.motocrossmag.be\\\/index.php\\\/author\\\/oliviere\\\/\"}]}<\/script>\n<!-- \/ Yoast SEO plugin. -->","yoast_head_json":{"title":"Le team belge s'impose sur le Vets MXdN \u00e0 Farleigh Castle - Motocross - Enduro - Supermoto | MotocrossMag","robots":{"index":"index","follow":"follow","max-snippet":"max-snippet:-1","max-image-preview":"max-image-preview:large","max-video-preview":"max-video-preview:-1"},"canonical":"https:\/\/fr.motocrossmag.be\/index.php\/2022\/09\/le-team-belge-simpose-sur-le-vets-mxdn-a-farleigh-castle\/","og_locale":"fr_FR","og_type":"article","og_title":"Le team belge s'impose sur le Vets MXdN \u00e0 Farleigh Castle - Motocross - Enduro - Supermoto | MotocrossMag","og_description":"Le mythique trac\u00e9 de Farleigh Castle accueillait ce week-end le non moins c\u00e9l\u00e8bre \u00ab\u00a0Vets MXdN\u00a0\u00bb, comprenez par l\u00e0 le \u00ab\u00a0Motocross des Nations Vintage\u00a0\u00bb. Un rendez-vous incontournable pour tous les passionn\u00e9s [...]","og_url":"https:\/\/fr.motocrossmag.be\/index.php\/2022\/09\/le-team-belge-simpose-sur-le-vets-mxdn-a-farleigh-castle\/","og_site_name":"Motocross - Enduro - Supermoto | MotocrossMag","article_published_time":"2022-09-11T22:32:10+00:00","og_image":[{"width":901,"height":600,"url":"https:\/\/fr.motocrossmag.be\/wp-content\/uploads\/2022\/09\/Team-Belgium-Farleigh-Castle-2022-intro1.jpg","type":"image\/jpeg"}],"author":"oliviere","twitter_card":"summary_large_image","twitter_misc":{"\u00c9crit par":"oliviere","Dur\u00e9e de lecture estim\u00e9e":"1 minute"},"schema":{"@context":"https:\/\/schema.org","@graph":[{"@type":"Article","@id":"https:\/\/fr.motocrossmag.be\/index.php\/2022\/09\/le-team-belge-simpose-sur-le-vets-mxdn-a-farleigh-castle\/#article","isPartOf":{"@id":"https:\/\/fr.motocrossmag.be\/index.php\/2022\/09\/le-team-belge-simpose-sur-le-vets-mxdn-a-farleigh-castle\/"},"author":{"name":"oliviere","@id":"https:\/\/fr.motocrossmag.be\/#\/schema\/person\/11b47143d9f755babca2c9110e03235c"},"headline":"Le team belge s&rsquo;impose sur le Vets MXdN \u00e0 Farleigh Castle","datePublished":"2022-09-11T22:32:10+00:00","mainEntityOfPage":{"@id":"https:\/\/fr.motocrossmag.be\/index.php\/2022\/09\/le-team-belge-simpose-sur-le-vets-mxdn-a-farleigh-castle\/"},"wordCount":240,"commentCount":0,"image":{"@id":"https:\/\/fr.motocrossmag.be\/index.php\/2022\/09\/le-team-belge-simpose-sur-le-vets-mxdn-a-farleigh-castle\/#primaryimage"},"thumbnailUrl":"https:\/\/fr.motocrossmag.be\/wp-content\/uploads\/2022\/09\/Team-Belgium-Farleigh-Castle-2022-intro1.jpg","keywords":["farleigh","laurent lacasse","Motocross","vets mxdn","vintage"],"articleSection":["Actualit\u00e9","Motocross","MX Vintage","News","News","R\u00e9sultats","Slideshow","Vintage"],"inLanguage":"fr-FR","potentialAction":[{"@type":"CommentAction","name":"Comment","target":["https:\/\/fr.motocrossmag.be\/index.php\/2022\/09\/le-team-belge-simpose-sur-le-vets-mxdn-a-farleigh-castle\/#respond"]}]},{"@type":"WebPage","@id":"https:\/\/fr.motocrossmag.be\/index.php\/2022\/09\/le-team-belge-simpose-sur-le-vets-mxdn-a-farleigh-castle\/","url":"https:\/\/fr.motocrossmag.be\/index.php\/2022\/09\/le-team-belge-simpose-sur-le-vets-mxdn-a-farleigh-castle\/","name":"Le team belge s'impose sur le Vets MXdN \u00e0 Farleigh Castle - Motocross - Enduro - Supermoto | MotocrossMag","isPartOf":{"@id":"https:\/\/fr.motocrossmag.be\/#website"},"primaryImageOfPage":{"@id":"https:\/\/fr.motocrossmag.be\/index.php\/2022\/09\/le-team-belge-simpose-sur-le-vets-mxdn-a-farleigh-castle\/#primaryimage"},"image":{"@id":"https:\/\/fr.motocrossmag.be\/index.php\/2022\/09\/le-team-belge-simpose-sur-le-vets-mxdn-a-farleigh-castle\/#primaryimage"},"thumbnailUrl":"https:\/\/fr.motocrossmag.be\/wp-content\/uploads\/2022\/09\/Team-Belgium-Farleigh-Castle-2022-intro1.jpg","datePublished":"2022-09-11T22:32:10+00:00","author":{"@id":"https:\/\/fr.motocrossmag.be\/#\/schema\/person\/11b47143d9f755babca2c9110e03235c"},"breadcrumb":{"@id":"https:\/\/fr.motocrossmag.be\/index.php\/2022\/09\/le-team-belge-simpose-sur-le-vets-mxdn-a-farleigh-castle\/#breadcrumb"},"inLanguage":"fr-FR","potentialAction":[{"@type":"ReadAction","target":["https:\/\/fr.motocrossmag.be\/index.php\/2022\/09\/le-team-belge-simpose-sur-le-vets-mxdn-a-farleigh-castle\/"]}]},{"@type":"ImageObject","inLanguage":"fr-FR","@id":"https:\/\/fr.motocrossmag.be\/index.php\/2022\/09\/le-team-belge-simpose-sur-le-vets-mxdn-a-farleigh-castle\/#primaryimage","url":"https:\/\/fr.motocrossmag.be\/wp-content\/uploads\/2022\/09\/Team-Belgium-Farleigh-Castle-2022-intro1.jpg","contentUrl":"https:\/\/fr.motocrossmag.be\/wp-content\/uploads\/2022\/09\/Team-Belgium-Farleigh-Castle-2022-intro1.jpg","width":"901","height":"600"},{"@type":"BreadcrumbList","@id":"https:\/\/fr.motocrossmag.be\/index.php\/2022\/09\/le-team-belge-simpose-sur-le-vets-mxdn-a-farleigh-castle\/#breadcrumb","itemListElement":[{"@type":"ListItem","position":1,"name":"Accueil","item":"https:\/\/fr.motocrossmag.be\/"},{"@type":"ListItem","position":2,"name":"Le team belge s&rsquo;impose sur le Vets MXdN \u00e0 Farleigh Castle"}]},{"@type":"WebSite","@id":"https:\/\/fr.motocrossmag.be\/#website","url":"https:\/\/fr.motocrossmag.be\/","name":"Motocross - Enduro - Supermoto | MotocrossMag","description":"L&#039;actualit\u00e9 du motocross, de l&#039;enduro et du Supermoto en ligne!","potentialAction":[{"@type":"SearchAction","target":{"@type":"EntryPoint","urlTemplate":"https:\/\/fr.motocrossmag.be\/?s={search_term_string}"},"query-input":{"@type":"PropertyValueSpecification","valueRequired":true,"valueName":"search_term_string"}}],"inLanguage":"fr-FR"},{"@type":"Person","@id":"https:\/\/fr.motocrossmag.be\/#\/schema\/person\/11b47143d9f755babca2c9110e03235c","name":"oliviere","image":{"@type":"ImageObject","inLanguage":"fr-FR","@id":"https:\/\/secure.gravatar.com\/avatar\/907069e0b81d119452040469e4a7501da1100f54f7f80180ce77bfab718288f6?s=96&d=mm&r=g","url":"https:\/\/secure.gravatar.com\/avatar\/907069e0b81d119452040469e4a7501da1100f54f7f80180ce77bfab718288f6?s=96&d=mm&r=g","contentUrl":"https:\/\/secure.gravatar.com\/avatar\/907069e0b81d119452040469e4a7501da1100f54f7f80180ce77bfab718288f6?s=96&d=mm&r=g","caption":"oliviere"},"sameAs":["http:\/\/www.motocrossmag.be"],"url":"https:\/\/fr.motocrossmag.be\/index.php\/author\/oliviere\/"}]}},"_links":{"self":[{"href":"https:\/\/fr.motocrossmag.be\/index.php\/wp-json\/wp\/v2\/posts\/120767","targetHints":{"allow":["GET"]}}],"collection":[{"href":"https:\/\/fr.motocrossmag.be\/index.php\/wp-json\/wp\/v2\/posts"}],"about":[{"href":"https:\/\/fr.motocrossmag.be\/index.php\/wp-json\/wp\/v2\/types\/post"}],"author":[{"embeddable":true,"href":"https:\/\/fr.motocrossmag.be\/index.php\/wp-json\/wp\/v2\/users\/932"}],"replies":[{"embeddable":true,"href":"https:\/\/fr.motocrossmag.be\/index.php\/wp-json\/wp\/v2\/comments?post=120767"}],"version-history":[{"count":0,"href":"https:\/\/fr.motocrossmag.be\/index.php\/wp-json\/wp\/v2\/posts\/120767\/revisions"}],"wp:featuredmedia":[{"embeddable":true,"href":"https:\/\/fr.motocrossmag.be\/index.php\/wp-json\/wp\/v2\/media\/120768"}],"wp:attachment":[{"href":"https:\/\/fr.motocrossmag.be\/index.php\/wp-json\/wp\/v2\/media?parent=120767"}],"wp:term":[{"taxonomy":"category","embeddable":true,"href":"https:\/\/fr.motocrossmag.be\/index.php\/wp-json\/wp\/v2\/categories?post=120767"},{"taxonomy":"post_tag","embeddable":true,"href":"https:\/\/fr.motocrossmag.be\/index.php\/wp-json\/wp\/v2\/tags?post=120767"}],"curies":[{"name":"wp","href":"https:\/\/api.w.org\/{rel}","templated":true}]}}