{"id":120769,"date":"2022-09-13T00:20:54","date_gmt":"2022-09-12T22:20:54","guid":{"rendered":"http:\/\/fr.motocrossmag.be\/?p=120769"},"modified":"2022-09-13T00:22:51","modified_gmt":"2022-09-12T22:22:51","slug":"roger-de-coster-plus-de-40-ans-de-mx-des-nations-a-la-tete-du-team-us","status":"publish","type":"post","link":"https:\/\/fr.motocrossmag.be\/index.php\/2022\/09\/roger-de-coster-plus-de-40-ans-de-mx-des-nations-a-la-tete-du-team-us\/","title":{"rendered":"Roger De Coster : plus de 40 ans de MX des Nations \u00e0 la t\u00eate du team US"},"content":{"rendered":"<p><strong>Impossible de penser au Motocross des Nations sans penser \u00e0 Roger De Coster. L&rsquo;homme a non seulement remport\u00e9 l&rsquo;\u00e9preuve avec le team belge \u00e0 six reprises mais il a aussi \u00e9t\u00e9 l&rsquo;artisan de la perc\u00e9e de l&rsquo;\u00e9quipe US sur ce prestigieux championnat du monde par \u00e9quipes nationales.<\/strong><\/p>\n<p>En 1979, Roger De Coster monte une derni\u00e8re fois en tant que pilote sur la plus haute marche du podium du Motocross des Nations. C&rsquo;\u00e9tait en Finlande. Deux ans plus tard, alors que les Belges se sont \u00e0 nouveau impos\u00e9s \u00e0 Farleigh Castle et arrive donc \u00e0 Lommel avec un titre \u00e0 d\u00e9fendre, De Coster est de retour. Cette fois, il endosse le costume de team manager. Et pas de n&rsquo;importe quel team : celui des USA.<\/p>\n<p><img decoding=\"async\" class=\"lazyload alignnone size-full wp-image-120180\" src=\"http:\/\/fr.motocrossmag.be\/wp-content\/uploads\/2022\/08\/team-usa-mxon-1.jpeg\" data-orig-src=\"http:\/\/fr.motocrossmag.be\/wp-content\/uploads\/2022\/08\/team-usa-mxon-1.jpeg\" alt=\"\" width=\"1000\" height=\"666\" srcset=\"data:image\/svg+xml,%3Csvg%20xmlns%3D%27http%3A%2F%2Fwww.w3.org%2F2000%2Fsvg%27%20width%3D%271000%27%20height%3D%27666%27%20viewBox%3D%270%200%201000%20666%27%3E%3Crect%20width%3D%271000%27%20height%3D%27666%27%20fill-opacity%3D%220%22%2F%3E%3C%2Fsvg%3E\" data-srcset=\"https:\/\/fr.motocrossmag.be\/wp-content\/uploads\/2022\/08\/team-usa-mxon-1-650x433.jpeg 650w, https:\/\/fr.motocrossmag.be\/wp-content\/uploads\/2022\/08\/team-usa-mxon-1-768x511.jpeg 768w, https:\/\/fr.motocrossmag.be\/wp-content\/uploads\/2022\/08\/team-usa-mxon-1.jpeg 1000w\" data-sizes=\"auto\" data-orig-sizes=\"(max-width: 1000px) 100vw, 1000px\" \/><\/p>\n<p>Entretemps, le quintuple champion du monde \u00e9tait devenu manager du team officiel Honda outre-Atlantique. Alors, il ne se pose pas de question et emm\u00e8ne avec lui en Europe Johnny O\u2019Mara, Danny Laporte, Chuck Sun, Donnie Hansen et David Bailey, tous les cinq \u00e0 l&rsquo;\u00e9poque pilotes Honda. Personne en Belgique ne pouvait alors imaginer que l\u2019\u00e9quipe am\u00e9ricaine puisse d\u00e9tr\u00f4ner l\u2019\u00e9quipe belge. Andr\u00e9 Vromans, Eric Geboers, Harry Everts et Andr\u00e9 Malherbe portent alors les couleurs belges. Sauf qu&rsquo;on se dit forc\u00e9ment que De Coster n&rsquo;a pas travers\u00e9 l&rsquo;Atlantique pour faire de la figuration&#8230;<\/p>\n<p>\u00ab\u00a0Apr\u00e8s avoir tant de fois port\u00e9 les couleurs belges sur l&rsquo;\u00e9v\u00e9nement, je dois dire que je n&rsquo;\u00e9tais pas vraiment en paix avec moi-m\u00eame \u00e0 l&rsquo;id\u00e9e de repr\u00e9senter les USA sur un Motocross des Nations\u00a0\u00bb, se souvient notre compatriote. \u00ab\u00a0Mais un job est un job et je suis donc venu avec mes pilotes du team Honda de l&rsquo;\u00e9poque. Nous sommes venus tr\u00e8s t\u00f4t pour nous entra\u00eener un maximum avant l&rsquo;\u00e9preuve car les conditions \u00e9taient tr\u00e8s diff\u00e9rentes de ce que les pilotes connaissaient aux USA. On est arriv\u00e9 pr\u00eat le jour de la course.\u00a0\u00bb<\/p>\n<p><img decoding=\"async\" class=\"lazyload alignnone size-full wp-image-80918\" src=\"data:image\/svg+xml,%3Csvg%20xmlns%3D%27http%3A%2F%2Fwww.w3.org%2F2000%2Fsvg%27%20width%3D%27639%27%20height%3D%27397%27%20viewBox%3D%270%200%20639%20397%27%3E%3Crect%20width%3D%27639%27%20height%3D%27397%27%20fill-opacity%3D%220%22%2F%3E%3C%2Fsvg%3E\" data-orig-src=\"http:\/\/fr.motocrossmag.be\/wp-content\/uploads\/2018\/10\/MOTOCROSS-OF-NATIONS-USA-2018.jpg\" alt=\"\" width=\"639\" height=\"397\" \/><\/p>\n<p>Le dimanche soir, le quatuor am\u00e9ricain brandissait le fameux Troph\u00e9e Chamberlain au nez et \u00e0 la barbe des supportes belges. \u00ab\u00a0Tout le week-end \u00e0 Lommel a \u00e9t\u00e9 \u00e9tonnant\u00a0\u00bb, se rem\u00e9morait Danny Laporte en 2011.\u00a0 \u00ab\u00a0Les spectateurs nous supportaient, m\u00eame les Belges\u2026 Ce n\u2019est pas qu\u2019ils \u00e9taient particuli\u00e8rement heureux que nous battions leurs compatriotes mais ils \u00e9taient aussi excit\u00e9s et enthousiastes que nous l\u2019\u00e9tions. C\u2019\u00e9tait vraiment g\u00e9nial. Quant \u00e0 l\u2019ambiance dans le team, c\u2019est difficile \u00e0 expliquer. Jusqu\u2019alors, nous n\u2019avions pas de r\u00e9elle reconnaissance au niveau mondial et ce jour-l\u00e0, \u00e0 Lommel, nous \u00e9tions enfin reconnus par tous !\u00a0\u00bb<\/p>\n<p>\u00c9tonnamment, plus de 40 ans plus tard, De Coster s&rsquo;appr\u00eate \u00e0 emmener le team USA \u00e0 RedBud. Si l&rsquo;\u00e9quipe manag\u00e9e par notre compatriote ne s&rsquo;est plus impos\u00e9e depuis 11 ans, elle reste -de loin- l&rsquo;\u00e9quipe la plus souvent victorieuse sur le MX des Nations avec 22 succ\u00e8s \u00e0 son actif, dont 12 cons\u00e9cutifs entre 1981 et 1993.<\/p>\n<p>Et dire que tout a donc commenc\u00e9 en 1981 \u00e0 Lommel sous l&rsquo;impulsion de Roger De Coster&#8230;<\/p>\n<p>&nbsp;<\/p>\n<p>&nbsp;<\/p>\n","protected":false},"excerpt":{"rendered":"<p>Impossible de penser au Motocross des Nations sans penser \u00e0 Roger De Coster. L&rsquo;homme a non seulement remport\u00e9 l&rsquo;\u00e9preuve avec le team belge \u00e0 six reprises mais il a aussi [&#8230;]<\/p>\n","protected":false},"author":932,"featured_media":120770,"comment_status":"open","ping_status":"closed","sticky":false,"template":"","format":"standard","meta":{"footnotes":""},"categories":[54,58,4,6,74,5,55,65],"tags":[947,1321,1171,568,1898],"class_list":["post-120769","post","type-post","status-publish","format-standard","has-post-thumbnail","hentry","category-actualite","category-interviews-actualite","category-motocross","category-mx1mx2","category-mx-des-nations","category-news","category-news-actualite","category-slideshow","tag-motocross","tag-mx-des-nations","tag-mxdn","tag-mxgp","tag-roger-de-coster"],"yoast_head":"<!-- This site is optimized with the Yoast SEO plugin v27.4 - https:\/\/yoast.com\/product\/yoast-seo-wordpress\/ -->\n<title>Roger De Coster : plus de 40 ans de MX des Nations \u00e0 la t\u00eate du team US - Motocross - Enduro - Supermoto | MotocrossMag<\/title>\n<meta name=\"robots\" content=\"index, follow, max-snippet:-1, max-image-preview:large, max-video-preview:-1\" \/>\n<link rel=\"canonical\" href=\"https:\/\/fr.motocrossmag.be\/index.php\/2022\/09\/roger-de-coster-plus-de-40-ans-de-mx-des-nations-a-la-tete-du-team-us\/\" \/>\n<meta property=\"og:locale\" content=\"fr_FR\" \/>\n<meta property=\"og:type\" content=\"article\" \/>\n<meta property=\"og:title\" content=\"Roger De Coster : plus de 40 ans de MX des Nations \u00e0 la t\u00eate du team US - Motocross - Enduro - Supermoto | MotocrossMag\" \/>\n<meta property=\"og:description\" content=\"Impossible de penser au Motocross des Nations sans penser \u00e0 Roger De Coster. L&rsquo;homme a non seulement remport\u00e9 l&rsquo;\u00e9preuve avec le team belge \u00e0 six reprises mais il a aussi [...]\" \/>\n<meta property=\"og:url\" content=\"https:\/\/fr.motocrossmag.be\/index.php\/2022\/09\/roger-de-coster-plus-de-40-ans-de-mx-des-nations-a-la-tete-du-team-us\/\" \/>\n<meta property=\"og:site_name\" content=\"Motocross - Enduro - Supermoto | MotocrossMag\" \/>\n<meta property=\"article:published_time\" content=\"2022-09-12T22:20:54+00:00\" \/>\n<meta property=\"article:modified_time\" content=\"2022-09-12T22:22:51+00:00\" \/>\n<meta property=\"og:image\" content=\"https:\/\/fr.motocrossmag.be\/wp-content\/uploads\/2022\/09\/153054_Roger-De-Coster-Glen-Helen-2016_18th-Rd.-Motocross-2016-_-Glen-Helen-_USA_.jpg\" \/>\n\t<meta property=\"og:image:width\" content=\"1000\" \/>\n\t<meta property=\"og:image:height\" content=\"666\" \/>\n\t<meta property=\"og:image:type\" content=\"image\/jpeg\" \/>\n<meta name=\"author\" content=\"oliviere\" \/>\n<meta name=\"twitter:card\" content=\"summary_large_image\" \/>\n<meta name=\"twitter:label1\" content=\"\u00c9crit par\" \/>\n\t<meta name=\"twitter:data1\" content=\"oliviere\" \/>\n\t<meta name=\"twitter:label2\" content=\"Dur\u00e9e de lecture estim\u00e9e\" \/>\n\t<meta name=\"twitter:data2\" content=\"3 minutes\" \/>\n<script type=\"application\/ld+json\" class=\"yoast-schema-graph\">{\"@context\":\"https:\\\/\\\/schema.org\",\"@graph\":[{\"@type\":\"Article\",\"@id\":\"https:\\\/\\\/fr.motocrossmag.be\\\/index.php\\\/2022\\\/09\\\/roger-de-coster-plus-de-40-ans-de-mx-des-nations-a-la-tete-du-team-us\\\/#article\",\"isPartOf\":{\"@id\":\"https:\\\/\\\/fr.motocrossmag.be\\\/index.php\\\/2022\\\/09\\\/roger-de-coster-plus-de-40-ans-de-mx-des-nations-a-la-tete-du-team-us\\\/\"},\"author\":{\"name\":\"oliviere\",\"@id\":\"https:\\\/\\\/fr.motocrossmag.be\\\/#\\\/schema\\\/person\\\/11b47143d9f755babca2c9110e03235c\"},\"headline\":\"Roger De Coster : plus de 40 ans de MX des Nations \u00e0 la t\u00eate du team US\",\"datePublished\":\"2022-09-12T22:20:54+00:00\",\"dateModified\":\"2022-09-12T22:22:51+00:00\",\"mainEntityOfPage\":{\"@id\":\"https:\\\/\\\/fr.motocrossmag.be\\\/index.php\\\/2022\\\/09\\\/roger-de-coster-plus-de-40-ans-de-mx-des-nations-a-la-tete-du-team-us\\\/\"},\"wordCount\":533,\"commentCount\":0,\"image\":{\"@id\":\"https:\\\/\\\/fr.motocrossmag.be\\\/index.php\\\/2022\\\/09\\\/roger-de-coster-plus-de-40-ans-de-mx-des-nations-a-la-tete-du-team-us\\\/#primaryimage\"},\"thumbnailUrl\":\"https:\\\/\\\/fr.motocrossmag.be\\\/wp-content\\\/uploads\\\/2022\\\/09\\\/153054_Roger-De-Coster-Glen-Helen-2016_18th-Rd.-Motocross-2016-_-Glen-Helen-_USA_.jpg\",\"keywords\":[\"Motocross\",\"MX des nations\",\"mxdn\",\"MXGP\",\"roger de coster\"],\"articleSection\":[\"Actualit\u00e9\",\"Interviews -all\",\"Motocross\",\"Motocross MXGP\",\"MX des Nations\",\"News\",\"News\",\"Slideshow\"],\"inLanguage\":\"fr-FR\",\"potentialAction\":[{\"@type\":\"CommentAction\",\"name\":\"Comment\",\"target\":[\"https:\\\/\\\/fr.motocrossmag.be\\\/index.php\\\/2022\\\/09\\\/roger-de-coster-plus-de-40-ans-de-mx-des-nations-a-la-tete-du-team-us\\\/#respond\"]}]},{\"@type\":\"WebPage\",\"@id\":\"https:\\\/\\\/fr.motocrossmag.be\\\/index.php\\\/2022\\\/09\\\/roger-de-coster-plus-de-40-ans-de-mx-des-nations-a-la-tete-du-team-us\\\/\",\"url\":\"https:\\\/\\\/fr.motocrossmag.be\\\/index.php\\\/2022\\\/09\\\/roger-de-coster-plus-de-40-ans-de-mx-des-nations-a-la-tete-du-team-us\\\/\",\"name\":\"Roger De Coster : plus de 40 ans de MX des Nations \u00e0 la t\u00eate du team US - Motocross - Enduro - Supermoto | MotocrossMag\",\"isPartOf\":{\"@id\":\"https:\\\/\\\/fr.motocrossmag.be\\\/#website\"},\"primaryImageOfPage\":{\"@id\":\"https:\\\/\\\/fr.motocrossmag.be\\\/index.php\\\/2022\\\/09\\\/roger-de-coster-plus-de-40-ans-de-mx-des-nations-a-la-tete-du-team-us\\\/#primaryimage\"},\"image\":{\"@id\":\"https:\\\/\\\/fr.motocrossmag.be\\\/index.php\\\/2022\\\/09\\\/roger-de-coster-plus-de-40-ans-de-mx-des-nations-a-la-tete-du-team-us\\\/#primaryimage\"},\"thumbnailUrl\":\"https:\\\/\\\/fr.motocrossmag.be\\\/wp-content\\\/uploads\\\/2022\\\/09\\\/153054_Roger-De-Coster-Glen-Helen-2016_18th-Rd.-Motocross-2016-_-Glen-Helen-_USA_.jpg\",\"datePublished\":\"2022-09-12T22:20:54+00:00\",\"dateModified\":\"2022-09-12T22:22:51+00:00\",\"author\":{\"@id\":\"https:\\\/\\\/fr.motocrossmag.be\\\/#\\\/schema\\\/person\\\/11b47143d9f755babca2c9110e03235c\"},\"breadcrumb\":{\"@id\":\"https:\\\/\\\/fr.motocrossmag.be\\\/index.php\\\/2022\\\/09\\\/roger-de-coster-plus-de-40-ans-de-mx-des-nations-a-la-tete-du-team-us\\\/#breadcrumb\"},\"inLanguage\":\"fr-FR\",\"potentialAction\":[{\"@type\":\"ReadAction\",\"target\":[\"https:\\\/\\\/fr.motocrossmag.be\\\/index.php\\\/2022\\\/09\\\/roger-de-coster-plus-de-40-ans-de-mx-des-nations-a-la-tete-du-team-us\\\/\"]}]},{\"@type\":\"ImageObject\",\"inLanguage\":\"fr-FR\",\"@id\":\"https:\\\/\\\/fr.motocrossmag.be\\\/index.php\\\/2022\\\/09\\\/roger-de-coster-plus-de-40-ans-de-mx-des-nations-a-la-tete-du-team-us\\\/#primaryimage\",\"url\":\"https:\\\/\\\/fr.motocrossmag.be\\\/wp-content\\\/uploads\\\/2022\\\/09\\\/153054_Roger-De-Coster-Glen-Helen-2016_18th-Rd.-Motocross-2016-_-Glen-Helen-_USA_.jpg\",\"contentUrl\":\"https:\\\/\\\/fr.motocrossmag.be\\\/wp-content\\\/uploads\\\/2022\\\/09\\\/153054_Roger-De-Coster-Glen-Helen-2016_18th-Rd.-Motocross-2016-_-Glen-Helen-_USA_.jpg\",\"width\":\"1000\",\"height\":\"666\"},{\"@type\":\"BreadcrumbList\",\"@id\":\"https:\\\/\\\/fr.motocrossmag.be\\\/index.php\\\/2022\\\/09\\\/roger-de-coster-plus-de-40-ans-de-mx-des-nations-a-la-tete-du-team-us\\\/#breadcrumb\",\"itemListElement\":[{\"@type\":\"ListItem\",\"position\":1,\"name\":\"Accueil\",\"item\":\"https:\\\/\\\/fr.motocrossmag.be\\\/\"},{\"@type\":\"ListItem\",\"position\":2,\"name\":\"Roger De Coster : plus de 40 ans de MX des Nations \u00e0 la t\u00eate du team US\"}]},{\"@type\":\"WebSite\",\"@id\":\"https:\\\/\\\/fr.motocrossmag.be\\\/#website\",\"url\":\"https:\\\/\\\/fr.motocrossmag.be\\\/\",\"name\":\"Motocross - Enduro - Supermoto | MotocrossMag\",\"description\":\"L&#039;actualit\u00e9 du motocross, de l&#039;enduro et du Supermoto en ligne!\",\"potentialAction\":[{\"@type\":\"SearchAction\",\"target\":{\"@type\":\"EntryPoint\",\"urlTemplate\":\"https:\\\/\\\/fr.motocrossmag.be\\\/?s={search_term_string}\"},\"query-input\":{\"@type\":\"PropertyValueSpecification\",\"valueRequired\":true,\"valueName\":\"search_term_string\"}}],\"inLanguage\":\"fr-FR\"},{\"@type\":\"Person\",\"@id\":\"https:\\\/\\\/fr.motocrossmag.be\\\/#\\\/schema\\\/person\\\/11b47143d9f755babca2c9110e03235c\",\"name\":\"oliviere\",\"image\":{\"@type\":\"ImageObject\",\"inLanguage\":\"fr-FR\",\"@id\":\"https:\\\/\\\/secure.gravatar.com\\\/avatar\\\/907069e0b81d119452040469e4a7501da1100f54f7f80180ce77bfab718288f6?s=96&d=mm&r=g\",\"url\":\"https:\\\/\\\/secure.gravatar.com\\\/avatar\\\/907069e0b81d119452040469e4a7501da1100f54f7f80180ce77bfab718288f6?s=96&d=mm&r=g\",\"contentUrl\":\"https:\\\/\\\/secure.gravatar.com\\\/avatar\\\/907069e0b81d119452040469e4a7501da1100f54f7f80180ce77bfab718288f6?s=96&d=mm&r=g\",\"caption\":\"oliviere\"},\"sameAs\":[\"http:\\\/\\\/www.motocrossmag.be\"],\"url\":\"https:\\\/\\\/fr.motocrossmag.be\\\/index.php\\\/author\\\/oliviere\\\/\"}]}<\/script>\n<!-- \/ Yoast SEO plugin. -->","yoast_head_json":{"title":"Roger De Coster : plus de 40 ans de MX des Nations \u00e0 la t\u00eate du team US - Motocross - Enduro - Supermoto | MotocrossMag","robots":{"index":"index","follow":"follow","max-snippet":"max-snippet:-1","max-image-preview":"max-image-preview:large","max-video-preview":"max-video-preview:-1"},"canonical":"https:\/\/fr.motocrossmag.be\/index.php\/2022\/09\/roger-de-coster-plus-de-40-ans-de-mx-des-nations-a-la-tete-du-team-us\/","og_locale":"fr_FR","og_type":"article","og_title":"Roger De Coster : plus de 40 ans de MX des Nations \u00e0 la t\u00eate du team US - Motocross - Enduro - Supermoto | MotocrossMag","og_description":"Impossible de penser au Motocross des Nations sans penser \u00e0 Roger De Coster. L&rsquo;homme a non seulement remport\u00e9 l&rsquo;\u00e9preuve avec le team belge \u00e0 six reprises mais il a aussi [...]","og_url":"https:\/\/fr.motocrossmag.be\/index.php\/2022\/09\/roger-de-coster-plus-de-40-ans-de-mx-des-nations-a-la-tete-du-team-us\/","og_site_name":"Motocross - Enduro - Supermoto | MotocrossMag","article_published_time":"2022-09-12T22:20:54+00:00","article_modified_time":"2022-09-12T22:22:51+00:00","og_image":[{"width":1000,"height":666,"url":"https:\/\/fr.motocrossmag.be\/wp-content\/uploads\/2022\/09\/153054_Roger-De-Coster-Glen-Helen-2016_18th-Rd.-Motocross-2016-_-Glen-Helen-_USA_.jpg","type":"image\/jpeg"}],"author":"oliviere","twitter_card":"summary_large_image","twitter_misc":{"\u00c9crit par":"oliviere","Dur\u00e9e de lecture estim\u00e9e":"3 minutes"},"schema":{"@context":"https:\/\/schema.org","@graph":[{"@type":"Article","@id":"https:\/\/fr.motocrossmag.be\/index.php\/2022\/09\/roger-de-coster-plus-de-40-ans-de-mx-des-nations-a-la-tete-du-team-us\/#article","isPartOf":{"@id":"https:\/\/fr.motocrossmag.be\/index.php\/2022\/09\/roger-de-coster-plus-de-40-ans-de-mx-des-nations-a-la-tete-du-team-us\/"},"author":{"name":"oliviere","@id":"https:\/\/fr.motocrossmag.be\/#\/schema\/person\/11b47143d9f755babca2c9110e03235c"},"headline":"Roger De Coster : plus de 40 ans de MX des Nations \u00e0 la t\u00eate du team US","datePublished":"2022-09-12T22:20:54+00:00","dateModified":"2022-09-12T22:22:51+00:00","mainEntityOfPage":{"@id":"https:\/\/fr.motocrossmag.be\/index.php\/2022\/09\/roger-de-coster-plus-de-40-ans-de-mx-des-nations-a-la-tete-du-team-us\/"},"wordCount":533,"commentCount":0,"image":{"@id":"https:\/\/fr.motocrossmag.be\/index.php\/2022\/09\/roger-de-coster-plus-de-40-ans-de-mx-des-nations-a-la-tete-du-team-us\/#primaryimage"},"thumbnailUrl":"https:\/\/fr.motocrossmag.be\/wp-content\/uploads\/2022\/09\/153054_Roger-De-Coster-Glen-Helen-2016_18th-Rd.-Motocross-2016-_-Glen-Helen-_USA_.jpg","keywords":["Motocross","MX des nations","mxdn","MXGP","roger de coster"],"articleSection":["Actualit\u00e9","Interviews -all","Motocross","Motocross MXGP","MX des Nations","News","News","Slideshow"],"inLanguage":"fr-FR","potentialAction":[{"@type":"CommentAction","name":"Comment","target":["https:\/\/fr.motocrossmag.be\/index.php\/2022\/09\/roger-de-coster-plus-de-40-ans-de-mx-des-nations-a-la-tete-du-team-us\/#respond"]}]},{"@type":"WebPage","@id":"https:\/\/fr.motocrossmag.be\/index.php\/2022\/09\/roger-de-coster-plus-de-40-ans-de-mx-des-nations-a-la-tete-du-team-us\/","url":"https:\/\/fr.motocrossmag.be\/index.php\/2022\/09\/roger-de-coster-plus-de-40-ans-de-mx-des-nations-a-la-tete-du-team-us\/","name":"Roger De Coster : plus de 40 ans de MX des Nations \u00e0 la t\u00eate du team US - Motocross - Enduro - Supermoto | MotocrossMag","isPartOf":{"@id":"https:\/\/fr.motocrossmag.be\/#website"},"primaryImageOfPage":{"@id":"https:\/\/fr.motocrossmag.be\/index.php\/2022\/09\/roger-de-coster-plus-de-40-ans-de-mx-des-nations-a-la-tete-du-team-us\/#primaryimage"},"image":{"@id":"https:\/\/fr.motocrossmag.be\/index.php\/2022\/09\/roger-de-coster-plus-de-40-ans-de-mx-des-nations-a-la-tete-du-team-us\/#primaryimage"},"thumbnailUrl":"https:\/\/fr.motocrossmag.be\/wp-content\/uploads\/2022\/09\/153054_Roger-De-Coster-Glen-Helen-2016_18th-Rd.-Motocross-2016-_-Glen-Helen-_USA_.jpg","datePublished":"2022-09-12T22:20:54+00:00","dateModified":"2022-09-12T22:22:51+00:00","author":{"@id":"https:\/\/fr.motocrossmag.be\/#\/schema\/person\/11b47143d9f755babca2c9110e03235c"},"breadcrumb":{"@id":"https:\/\/fr.motocrossmag.be\/index.php\/2022\/09\/roger-de-coster-plus-de-40-ans-de-mx-des-nations-a-la-tete-du-team-us\/#breadcrumb"},"inLanguage":"fr-FR","potentialAction":[{"@type":"ReadAction","target":["https:\/\/fr.motocrossmag.be\/index.php\/2022\/09\/roger-de-coster-plus-de-40-ans-de-mx-des-nations-a-la-tete-du-team-us\/"]}]},{"@type":"ImageObject","inLanguage":"fr-FR","@id":"https:\/\/fr.motocrossmag.be\/index.php\/2022\/09\/roger-de-coster-plus-de-40-ans-de-mx-des-nations-a-la-tete-du-team-us\/#primaryimage","url":"https:\/\/fr.motocrossmag.be\/wp-content\/uploads\/2022\/09\/153054_Roger-De-Coster-Glen-Helen-2016_18th-Rd.-Motocross-2016-_-Glen-Helen-_USA_.jpg","contentUrl":"https:\/\/fr.motocrossmag.be\/wp-content\/uploads\/2022\/09\/153054_Roger-De-Coster-Glen-Helen-2016_18th-Rd.-Motocross-2016-_-Glen-Helen-_USA_.jpg","width":"1000","height":"666"},{"@type":"BreadcrumbList","@id":"https:\/\/fr.motocrossmag.be\/index.php\/2022\/09\/roger-de-coster-plus-de-40-ans-de-mx-des-nations-a-la-tete-du-team-us\/#breadcrumb","itemListElement":[{"@type":"ListItem","position":1,"name":"Accueil","item":"https:\/\/fr.motocrossmag.be\/"},{"@type":"ListItem","position":2,"name":"Roger De Coster : plus de 40 ans de MX des Nations \u00e0 la t\u00eate du team US"}]},{"@type":"WebSite","@id":"https:\/\/fr.motocrossmag.be\/#website","url":"https:\/\/fr.motocrossmag.be\/","name":"Motocross - Enduro - Supermoto | MotocrossMag","description":"L&#039;actualit\u00e9 du motocross, de l&#039;enduro et du Supermoto en ligne!","potentialAction":[{"@type":"SearchAction","target":{"@type":"EntryPoint","urlTemplate":"https:\/\/fr.motocrossmag.be\/?s={search_term_string}"},"query-input":{"@type":"PropertyValueSpecification","valueRequired":true,"valueName":"search_term_string"}}],"inLanguage":"fr-FR"},{"@type":"Person","@id":"https:\/\/fr.motocrossmag.be\/#\/schema\/person\/11b47143d9f755babca2c9110e03235c","name":"oliviere","image":{"@type":"ImageObject","inLanguage":"fr-FR","@id":"https:\/\/secure.gravatar.com\/avatar\/907069e0b81d119452040469e4a7501da1100f54f7f80180ce77bfab718288f6?s=96&d=mm&r=g","url":"https:\/\/secure.gravatar.com\/avatar\/907069e0b81d119452040469e4a7501da1100f54f7f80180ce77bfab718288f6?s=96&d=mm&r=g","contentUrl":"https:\/\/secure.gravatar.com\/avatar\/907069e0b81d119452040469e4a7501da1100f54f7f80180ce77bfab718288f6?s=96&d=mm&r=g","caption":"oliviere"},"sameAs":["http:\/\/www.motocrossmag.be"],"url":"https:\/\/fr.motocrossmag.be\/index.php\/author\/oliviere\/"}]}},"_links":{"self":[{"href":"https:\/\/fr.motocrossmag.be\/index.php\/wp-json\/wp\/v2\/posts\/120769","targetHints":{"allow":["GET"]}}],"collection":[{"href":"https:\/\/fr.motocrossmag.be\/index.php\/wp-json\/wp\/v2\/posts"}],"about":[{"href":"https:\/\/fr.motocrossmag.be\/index.php\/wp-json\/wp\/v2\/types\/post"}],"author":[{"embeddable":true,"href":"https:\/\/fr.motocrossmag.be\/index.php\/wp-json\/wp\/v2\/users\/932"}],"replies":[{"embeddable":true,"href":"https:\/\/fr.motocrossmag.be\/index.php\/wp-json\/wp\/v2\/comments?post=120769"}],"version-history":[{"count":1,"href":"https:\/\/fr.motocrossmag.be\/index.php\/wp-json\/wp\/v2\/posts\/120769\/revisions"}],"predecessor-version":[{"id":120777,"href":"https:\/\/fr.motocrossmag.be\/index.php\/wp-json\/wp\/v2\/posts\/120769\/revisions\/120777"}],"wp:featuredmedia":[{"embeddable":true,"href":"https:\/\/fr.motocrossmag.be\/index.php\/wp-json\/wp\/v2\/media\/120770"}],"wp:attachment":[{"href":"https:\/\/fr.motocrossmag.be\/index.php\/wp-json\/wp\/v2\/media?parent=120769"}],"wp:term":[{"taxonomy":"category","embeddable":true,"href":"https:\/\/fr.motocrossmag.be\/index.php\/wp-json\/wp\/v2\/categories?post=120769"},{"taxonomy":"post_tag","embeddable":true,"href":"https:\/\/fr.motocrossmag.be\/index.php\/wp-json\/wp\/v2\/tags?post=120769"}],"curies":[{"name":"wp","href":"https:\/\/api.w.org\/{rel}","templated":true}]}}