{"id":120771,"date":"2022-09-12T23:21:23","date_gmt":"2022-09-12T21:21:23","guid":{"rendered":"http:\/\/fr.motocrossmag.be\/?p=120771"},"modified":"2022-09-13T12:02:52","modified_gmt":"2022-09-13T10:02:52","slug":"jeremy-coen-et-arnaud-herinne-champions-des-hauts-de-france","status":"publish","type":"post","link":"https:\/\/fr.motocrossmag.be\/index.php\/2022\/09\/jeremy-coen-et-arnaud-herinne-champions-des-hauts-de-france\/","title":{"rendered":"Jeremy Coen et Arnaud Herinne champions des Hauts de France"},"content":{"rendered":"<p><strong>Ce week-end avait lieu la finale des Hauts de France de motocross. Une finale importante pour les supporters belges puisqu&rsquo;elle devait permettre \u00e0 Jeremy Coen de coiffer la couronne de champion en 450 et \u00e0 son prot\u00e9g\u00e9 Arnaud Herinne de faire de m\u00eame en 250. Et tout s&rsquo;est pass\u00e9 comme pr\u00e9vu pour nos deux compatriotes. Avec le titre de Tom Duckerts en 85cc, ce sont 3 succ\u00e8s belges qu&rsquo;on a pu f\u00eater dimanche.<br \/>\n<\/strong><\/p>\n<p>En premi\u00e8re manche 450, J\u00e9r\u00e9my Coen prenait un d\u00e9part moyen et une fois revenu en 3\u00e8me position, il ne pouvait plus rien pour rattraper les fr\u00e8res Miot qui s\u2019\u00e9taient \u00e9lanc\u00e9 en t\u00eate. De son c\u00f4t\u00e9 Ryan Bonnewijn, victime d\u2019une grosse chute au 1er virage, remontait de la derni\u00e8re \u00e0 la 5\u00e8me place derri\u00e8re St\u00e9phane Wattel.<\/p>\n<p>J\u00e9r\u00e9my Coen signait le holeshot au d\u00e9part de la 2\u00e8me manche. Il entrainait dans son sillage St\u00e9phane Wattel et les fr\u00e8res Miot. Apr\u00e8s 2 tours, Wattel prenait la t\u00eate devant Jeremy et Floriant Miot. La bagarre allait faire rage pendant quelques tours entre ces trois-l\u00e0 auxquels venait se joindre Matt\u00e9o Miot. C&rsquo;est d&rsquo;ailleurs ce dernier qui s\u2019imposait au final dans cette 2\u00e8me manche devant notre compatriote et Wattel. Ryan Bonnewijn, moyennement parti, ne pouvait pas se m\u00ealer \u00e0 la lutte en t\u00eate et se classait 5\u00e8me, comme en premi\u00e8re manche.<\/p>\n<p><img decoding=\"async\" class=\"lazyload alignnone size-full wp-image-120772\" src=\"data:image\/svg+xml,%3Csvg%20xmlns%3D%27http%3A%2F%2Fwww.w3.org%2F2000%2Fsvg%27%20width%3D%27640%27%20height%3D%27427%27%20viewBox%3D%270%200%20640%20427%27%3E%3Crect%20width%3D%27640%27%20height%3D%27427%27%20fill-opacity%3D%220%22%2F%3E%3C%2Fsvg%3E\" data-orig-src=\"http:\/\/fr.motocrossmag.be\/wp-content\/uploads\/2022\/09\/IMG_2700.jpeg\" alt=\"\" width=\"640\" height=\"427\" \/><\/p>\n<p>En 250, malgr\u00e9 sa blessure au genou, Arnaud Herinne \u00e9tait bien d\u00e9cid\u00e9 \u00e0 se battre pour la victoire. En premi\u00e8re manche, Antoine Fondu signait le holeshot tandis que notre compatriote \u00e9tait point\u00e9 4\u00e8me. Il prenait rapidement le meilleur sur Maxime Colson mais perdait un peu de temps pour prendre la seconde place. Antoine Fondu s\u2019\u00e9tait m\u00e9nag\u00e9 quelques secondes d\u2019avance qu\u2019Arnaud allait progressivement effacer. C\u2019est finalement roue dans roue qu\u2019Antoine et Arnaud passaient la ligne d\u2019arriv\u00e9e.<\/p>\n<p>La 2\u00e8me manche voyait \u00e0 nouveau Antoine Fondu partir en t\u00eate. Arnaud \u00e9tait un peu plus loin et comptait d\u00e9j\u00e0 plus de 8 secondes de retard quand il remontait en 2\u00e8me position. Dans sa volont\u00e9 de remonter sur le leader, il partait \u00e0 la faute et perdait beaucoup de temps \u00e0 red\u00e9marrer son moteur. Il revenait finalement de la 10\u00e8me \u00e0 la 4\u00e8me place, dans la roue du 3\u00e8me.<\/p>\n<p>J\u00e9r\u00e9my et Arnaud ont donc d\u00e9croch\u00e9 le titre dans leur cat\u00e9gorie respective apr\u00e8s une saison haletante. C&rsquo;est presque un double sacre pour J\u00e9r\u00e9my puisqu\u2019il est le coach d\u2019Arnaud. A saluer aussi la tr\u00e8s belle saison de Ryan Bonnewijn qui finit dauphin de J\u00e9r\u00e9my et la mont\u00e9e en puissance de Hugo Stiennes qui visera le titre 125cc l\u2019an prochain.<\/p>\n<p>Photos : Greggie\u2019s pixs &amp; AM Photographie<\/p>\n","protected":false},"excerpt":{"rendered":"<p>Ce week-end avait lieu la finale des Hauts de France de motocross. Une finale importante pour les supporters belges puisqu&rsquo;elle devait permettre \u00e0 Jeremy Coen de coiffer la couronne de [&#8230;]<\/p>\n","protected":false},"author":932,"featured_media":120774,"comment_status":"open","ping_status":"closed","sticky":false,"template":"","format":"standard","meta":{"footnotes":""},"categories":[54,4,5,55,56,65],"tags":[1512,1511,947],"class_list":["post-120771","post","type-post","status-publish","format-standard","has-post-thumbnail","hentry","category-actualite","category-motocross","category-news","category-news-actualite","category-resultats","category-slideshow","tag-arnaud-herinne","tag-jeremy-coen","tag-motocross"],"yoast_head":"<!-- This site is optimized with the Yoast SEO plugin v27.4 - https:\/\/yoast.com\/product\/yoast-seo-wordpress\/ -->\n<title>Jeremy Coen et Arnaud Herinne champions des Hauts de France - Motocross - Enduro - Supermoto | MotocrossMag<\/title>\n<meta name=\"robots\" content=\"index, follow, max-snippet:-1, max-image-preview:large, max-video-preview:-1\" \/>\n<link rel=\"canonical\" href=\"https:\/\/fr.motocrossmag.be\/index.php\/2022\/09\/jeremy-coen-et-arnaud-herinne-champions-des-hauts-de-france\/\" \/>\n<meta property=\"og:locale\" content=\"fr_FR\" \/>\n<meta property=\"og:type\" content=\"article\" \/>\n<meta property=\"og:title\" content=\"Jeremy Coen et Arnaud Herinne champions des Hauts de France - Motocross - Enduro - Supermoto | MotocrossMag\" \/>\n<meta property=\"og:description\" content=\"Ce week-end avait lieu la finale des Hauts de France de motocross. Une finale importante pour les supporters belges puisqu&rsquo;elle devait permettre \u00e0 Jeremy Coen de coiffer la couronne de [...]\" \/>\n<meta property=\"og:url\" content=\"https:\/\/fr.motocrossmag.be\/index.php\/2022\/09\/jeremy-coen-et-arnaud-herinne-champions-des-hauts-de-france\/\" \/>\n<meta property=\"og:site_name\" content=\"Motocross - Enduro - Supermoto | MotocrossMag\" \/>\n<meta property=\"article:published_time\" content=\"2022-09-12T21:21:23+00:00\" \/>\n<meta property=\"article:modified_time\" content=\"2022-09-13T10:02:52+00:00\" \/>\n<meta property=\"og:image\" content=\"https:\/\/fr.motocrossmag.be\/wp-content\/uploads\/2022\/09\/IMG_2697-copie.jpg\" \/>\n\t<meta property=\"og:image:width\" content=\"640\" \/>\n\t<meta property=\"og:image:height\" content=\"427\" \/>\n\t<meta property=\"og:image:type\" content=\"image\/jpeg\" \/>\n<meta name=\"author\" content=\"oliviere\" \/>\n<meta name=\"twitter:card\" content=\"summary_large_image\" \/>\n<meta name=\"twitter:label1\" content=\"\u00c9crit par\" \/>\n\t<meta name=\"twitter:data1\" content=\"oliviere\" \/>\n\t<meta name=\"twitter:label2\" content=\"Dur\u00e9e de lecture estim\u00e9e\" \/>\n\t<meta name=\"twitter:data2\" content=\"2 minutes\" \/>\n<script type=\"application\/ld+json\" class=\"yoast-schema-graph\">{\"@context\":\"https:\\\/\\\/schema.org\",\"@graph\":[{\"@type\":\"Article\",\"@id\":\"https:\\\/\\\/fr.motocrossmag.be\\\/index.php\\\/2022\\\/09\\\/jeremy-coen-et-arnaud-herinne-champions-des-hauts-de-france\\\/#article\",\"isPartOf\":{\"@id\":\"https:\\\/\\\/fr.motocrossmag.be\\\/index.php\\\/2022\\\/09\\\/jeremy-coen-et-arnaud-herinne-champions-des-hauts-de-france\\\/\"},\"author\":{\"name\":\"oliviere\",\"@id\":\"https:\\\/\\\/fr.motocrossmag.be\\\/#\\\/schema\\\/person\\\/11b47143d9f755babca2c9110e03235c\"},\"headline\":\"Jeremy Coen et Arnaud Herinne champions des Hauts de France\",\"datePublished\":\"2022-09-12T21:21:23+00:00\",\"dateModified\":\"2022-09-13T10:02:52+00:00\",\"mainEntityOfPage\":{\"@id\":\"https:\\\/\\\/fr.motocrossmag.be\\\/index.php\\\/2022\\\/09\\\/jeremy-coen-et-arnaud-herinne-champions-des-hauts-de-france\\\/\"},\"wordCount\":483,\"commentCount\":0,\"image\":{\"@id\":\"https:\\\/\\\/fr.motocrossmag.be\\\/index.php\\\/2022\\\/09\\\/jeremy-coen-et-arnaud-herinne-champions-des-hauts-de-france\\\/#primaryimage\"},\"thumbnailUrl\":\"https:\\\/\\\/fr.motocrossmag.be\\\/wp-content\\\/uploads\\\/2022\\\/09\\\/IMG_2697-copie.jpg\",\"keywords\":[\"arnaud herinne\",\"jeremy coen\",\"Motocross\"],\"articleSection\":[\"Actualit\u00e9\",\"Motocross\",\"News\",\"News\",\"R\u00e9sultats\",\"Slideshow\"],\"inLanguage\":\"fr-FR\",\"potentialAction\":[{\"@type\":\"CommentAction\",\"name\":\"Comment\",\"target\":[\"https:\\\/\\\/fr.motocrossmag.be\\\/index.php\\\/2022\\\/09\\\/jeremy-coen-et-arnaud-herinne-champions-des-hauts-de-france\\\/#respond\"]}]},{\"@type\":\"WebPage\",\"@id\":\"https:\\\/\\\/fr.motocrossmag.be\\\/index.php\\\/2022\\\/09\\\/jeremy-coen-et-arnaud-herinne-champions-des-hauts-de-france\\\/\",\"url\":\"https:\\\/\\\/fr.motocrossmag.be\\\/index.php\\\/2022\\\/09\\\/jeremy-coen-et-arnaud-herinne-champions-des-hauts-de-france\\\/\",\"name\":\"Jeremy Coen et Arnaud Herinne champions des Hauts de France - Motocross - Enduro - Supermoto | MotocrossMag\",\"isPartOf\":{\"@id\":\"https:\\\/\\\/fr.motocrossmag.be\\\/#website\"},\"primaryImageOfPage\":{\"@id\":\"https:\\\/\\\/fr.motocrossmag.be\\\/index.php\\\/2022\\\/09\\\/jeremy-coen-et-arnaud-herinne-champions-des-hauts-de-france\\\/#primaryimage\"},\"image\":{\"@id\":\"https:\\\/\\\/fr.motocrossmag.be\\\/index.php\\\/2022\\\/09\\\/jeremy-coen-et-arnaud-herinne-champions-des-hauts-de-france\\\/#primaryimage\"},\"thumbnailUrl\":\"https:\\\/\\\/fr.motocrossmag.be\\\/wp-content\\\/uploads\\\/2022\\\/09\\\/IMG_2697-copie.jpg\",\"datePublished\":\"2022-09-12T21:21:23+00:00\",\"dateModified\":\"2022-09-13T10:02:52+00:00\",\"author\":{\"@id\":\"https:\\\/\\\/fr.motocrossmag.be\\\/#\\\/schema\\\/person\\\/11b47143d9f755babca2c9110e03235c\"},\"breadcrumb\":{\"@id\":\"https:\\\/\\\/fr.motocrossmag.be\\\/index.php\\\/2022\\\/09\\\/jeremy-coen-et-arnaud-herinne-champions-des-hauts-de-france\\\/#breadcrumb\"},\"inLanguage\":\"fr-FR\",\"potentialAction\":[{\"@type\":\"ReadAction\",\"target\":[\"https:\\\/\\\/fr.motocrossmag.be\\\/index.php\\\/2022\\\/09\\\/jeremy-coen-et-arnaud-herinne-champions-des-hauts-de-france\\\/\"]}]},{\"@type\":\"ImageObject\",\"inLanguage\":\"fr-FR\",\"@id\":\"https:\\\/\\\/fr.motocrossmag.be\\\/index.php\\\/2022\\\/09\\\/jeremy-coen-et-arnaud-herinne-champions-des-hauts-de-france\\\/#primaryimage\",\"url\":\"https:\\\/\\\/fr.motocrossmag.be\\\/wp-content\\\/uploads\\\/2022\\\/09\\\/IMG_2697-copie.jpg\",\"contentUrl\":\"https:\\\/\\\/fr.motocrossmag.be\\\/wp-content\\\/uploads\\\/2022\\\/09\\\/IMG_2697-copie.jpg\",\"width\":\"640\",\"height\":\"427\"},{\"@type\":\"BreadcrumbList\",\"@id\":\"https:\\\/\\\/fr.motocrossmag.be\\\/index.php\\\/2022\\\/09\\\/jeremy-coen-et-arnaud-herinne-champions-des-hauts-de-france\\\/#breadcrumb\",\"itemListElement\":[{\"@type\":\"ListItem\",\"position\":1,\"name\":\"Accueil\",\"item\":\"https:\\\/\\\/fr.motocrossmag.be\\\/\"},{\"@type\":\"ListItem\",\"position\":2,\"name\":\"Jeremy Coen et Arnaud Herinne champions des Hauts de France\"}]},{\"@type\":\"WebSite\",\"@id\":\"https:\\\/\\\/fr.motocrossmag.be\\\/#website\",\"url\":\"https:\\\/\\\/fr.motocrossmag.be\\\/\",\"name\":\"Motocross - Enduro - Supermoto | MotocrossMag\",\"description\":\"L&#039;actualit\u00e9 du motocross, de l&#039;enduro et du Supermoto en ligne!\",\"potentialAction\":[{\"@type\":\"SearchAction\",\"target\":{\"@type\":\"EntryPoint\",\"urlTemplate\":\"https:\\\/\\\/fr.motocrossmag.be\\\/?s={search_term_string}\"},\"query-input\":{\"@type\":\"PropertyValueSpecification\",\"valueRequired\":true,\"valueName\":\"search_term_string\"}}],\"inLanguage\":\"fr-FR\"},{\"@type\":\"Person\",\"@id\":\"https:\\\/\\\/fr.motocrossmag.be\\\/#\\\/schema\\\/person\\\/11b47143d9f755babca2c9110e03235c\",\"name\":\"oliviere\",\"image\":{\"@type\":\"ImageObject\",\"inLanguage\":\"fr-FR\",\"@id\":\"https:\\\/\\\/secure.gravatar.com\\\/avatar\\\/907069e0b81d119452040469e4a7501da1100f54f7f80180ce77bfab718288f6?s=96&d=mm&r=g\",\"url\":\"https:\\\/\\\/secure.gravatar.com\\\/avatar\\\/907069e0b81d119452040469e4a7501da1100f54f7f80180ce77bfab718288f6?s=96&d=mm&r=g\",\"contentUrl\":\"https:\\\/\\\/secure.gravatar.com\\\/avatar\\\/907069e0b81d119452040469e4a7501da1100f54f7f80180ce77bfab718288f6?s=96&d=mm&r=g\",\"caption\":\"oliviere\"},\"sameAs\":[\"http:\\\/\\\/www.motocrossmag.be\"],\"url\":\"https:\\\/\\\/fr.motocrossmag.be\\\/index.php\\\/author\\\/oliviere\\\/\"}]}<\/script>\n<!-- \/ Yoast SEO plugin. -->","yoast_head_json":{"title":"Jeremy Coen et Arnaud Herinne champions des Hauts de France - Motocross - Enduro - Supermoto | MotocrossMag","robots":{"index":"index","follow":"follow","max-snippet":"max-snippet:-1","max-image-preview":"max-image-preview:large","max-video-preview":"max-video-preview:-1"},"canonical":"https:\/\/fr.motocrossmag.be\/index.php\/2022\/09\/jeremy-coen-et-arnaud-herinne-champions-des-hauts-de-france\/","og_locale":"fr_FR","og_type":"article","og_title":"Jeremy Coen et Arnaud Herinne champions des Hauts de France - Motocross - Enduro - Supermoto | MotocrossMag","og_description":"Ce week-end avait lieu la finale des Hauts de France de motocross. Une finale importante pour les supporters belges puisqu&rsquo;elle devait permettre \u00e0 Jeremy Coen de coiffer la couronne de [...]","og_url":"https:\/\/fr.motocrossmag.be\/index.php\/2022\/09\/jeremy-coen-et-arnaud-herinne-champions-des-hauts-de-france\/","og_site_name":"Motocross - Enduro - Supermoto | MotocrossMag","article_published_time":"2022-09-12T21:21:23+00:00","article_modified_time":"2022-09-13T10:02:52+00:00","og_image":[{"width":640,"height":427,"url":"https:\/\/fr.motocrossmag.be\/wp-content\/uploads\/2022\/09\/IMG_2697-copie.jpg","type":"image\/jpeg"}],"author":"oliviere","twitter_card":"summary_large_image","twitter_misc":{"\u00c9crit par":"oliviere","Dur\u00e9e de lecture estim\u00e9e":"2 minutes"},"schema":{"@context":"https:\/\/schema.org","@graph":[{"@type":"Article","@id":"https:\/\/fr.motocrossmag.be\/index.php\/2022\/09\/jeremy-coen-et-arnaud-herinne-champions-des-hauts-de-france\/#article","isPartOf":{"@id":"https:\/\/fr.motocrossmag.be\/index.php\/2022\/09\/jeremy-coen-et-arnaud-herinne-champions-des-hauts-de-france\/"},"author":{"name":"oliviere","@id":"https:\/\/fr.motocrossmag.be\/#\/schema\/person\/11b47143d9f755babca2c9110e03235c"},"headline":"Jeremy Coen et Arnaud Herinne champions des Hauts de France","datePublished":"2022-09-12T21:21:23+00:00","dateModified":"2022-09-13T10:02:52+00:00","mainEntityOfPage":{"@id":"https:\/\/fr.motocrossmag.be\/index.php\/2022\/09\/jeremy-coen-et-arnaud-herinne-champions-des-hauts-de-france\/"},"wordCount":483,"commentCount":0,"image":{"@id":"https:\/\/fr.motocrossmag.be\/index.php\/2022\/09\/jeremy-coen-et-arnaud-herinne-champions-des-hauts-de-france\/#primaryimage"},"thumbnailUrl":"https:\/\/fr.motocrossmag.be\/wp-content\/uploads\/2022\/09\/IMG_2697-copie.jpg","keywords":["arnaud herinne","jeremy coen","Motocross"],"articleSection":["Actualit\u00e9","Motocross","News","News","R\u00e9sultats","Slideshow"],"inLanguage":"fr-FR","potentialAction":[{"@type":"CommentAction","name":"Comment","target":["https:\/\/fr.motocrossmag.be\/index.php\/2022\/09\/jeremy-coen-et-arnaud-herinne-champions-des-hauts-de-france\/#respond"]}]},{"@type":"WebPage","@id":"https:\/\/fr.motocrossmag.be\/index.php\/2022\/09\/jeremy-coen-et-arnaud-herinne-champions-des-hauts-de-france\/","url":"https:\/\/fr.motocrossmag.be\/index.php\/2022\/09\/jeremy-coen-et-arnaud-herinne-champions-des-hauts-de-france\/","name":"Jeremy Coen et Arnaud Herinne champions des Hauts de France - Motocross - Enduro - Supermoto | MotocrossMag","isPartOf":{"@id":"https:\/\/fr.motocrossmag.be\/#website"},"primaryImageOfPage":{"@id":"https:\/\/fr.motocrossmag.be\/index.php\/2022\/09\/jeremy-coen-et-arnaud-herinne-champions-des-hauts-de-france\/#primaryimage"},"image":{"@id":"https:\/\/fr.motocrossmag.be\/index.php\/2022\/09\/jeremy-coen-et-arnaud-herinne-champions-des-hauts-de-france\/#primaryimage"},"thumbnailUrl":"https:\/\/fr.motocrossmag.be\/wp-content\/uploads\/2022\/09\/IMG_2697-copie.jpg","datePublished":"2022-09-12T21:21:23+00:00","dateModified":"2022-09-13T10:02:52+00:00","author":{"@id":"https:\/\/fr.motocrossmag.be\/#\/schema\/person\/11b47143d9f755babca2c9110e03235c"},"breadcrumb":{"@id":"https:\/\/fr.motocrossmag.be\/index.php\/2022\/09\/jeremy-coen-et-arnaud-herinne-champions-des-hauts-de-france\/#breadcrumb"},"inLanguage":"fr-FR","potentialAction":[{"@type":"ReadAction","target":["https:\/\/fr.motocrossmag.be\/index.php\/2022\/09\/jeremy-coen-et-arnaud-herinne-champions-des-hauts-de-france\/"]}]},{"@type":"ImageObject","inLanguage":"fr-FR","@id":"https:\/\/fr.motocrossmag.be\/index.php\/2022\/09\/jeremy-coen-et-arnaud-herinne-champions-des-hauts-de-france\/#primaryimage","url":"https:\/\/fr.motocrossmag.be\/wp-content\/uploads\/2022\/09\/IMG_2697-copie.jpg","contentUrl":"https:\/\/fr.motocrossmag.be\/wp-content\/uploads\/2022\/09\/IMG_2697-copie.jpg","width":"640","height":"427"},{"@type":"BreadcrumbList","@id":"https:\/\/fr.motocrossmag.be\/index.php\/2022\/09\/jeremy-coen-et-arnaud-herinne-champions-des-hauts-de-france\/#breadcrumb","itemListElement":[{"@type":"ListItem","position":1,"name":"Accueil","item":"https:\/\/fr.motocrossmag.be\/"},{"@type":"ListItem","position":2,"name":"Jeremy Coen et Arnaud Herinne champions des Hauts de France"}]},{"@type":"WebSite","@id":"https:\/\/fr.motocrossmag.be\/#website","url":"https:\/\/fr.motocrossmag.be\/","name":"Motocross - Enduro - Supermoto | MotocrossMag","description":"L&#039;actualit\u00e9 du motocross, de l&#039;enduro et du Supermoto en ligne!","potentialAction":[{"@type":"SearchAction","target":{"@type":"EntryPoint","urlTemplate":"https:\/\/fr.motocrossmag.be\/?s={search_term_string}"},"query-input":{"@type":"PropertyValueSpecification","valueRequired":true,"valueName":"search_term_string"}}],"inLanguage":"fr-FR"},{"@type":"Person","@id":"https:\/\/fr.motocrossmag.be\/#\/schema\/person\/11b47143d9f755babca2c9110e03235c","name":"oliviere","image":{"@type":"ImageObject","inLanguage":"fr-FR","@id":"https:\/\/secure.gravatar.com\/avatar\/907069e0b81d119452040469e4a7501da1100f54f7f80180ce77bfab718288f6?s=96&d=mm&r=g","url":"https:\/\/secure.gravatar.com\/avatar\/907069e0b81d119452040469e4a7501da1100f54f7f80180ce77bfab718288f6?s=96&d=mm&r=g","contentUrl":"https:\/\/secure.gravatar.com\/avatar\/907069e0b81d119452040469e4a7501da1100f54f7f80180ce77bfab718288f6?s=96&d=mm&r=g","caption":"oliviere"},"sameAs":["http:\/\/www.motocrossmag.be"],"url":"https:\/\/fr.motocrossmag.be\/index.php\/author\/oliviere\/"}]}},"_links":{"self":[{"href":"https:\/\/fr.motocrossmag.be\/index.php\/wp-json\/wp\/v2\/posts\/120771","targetHints":{"allow":["GET"]}}],"collection":[{"href":"https:\/\/fr.motocrossmag.be\/index.php\/wp-json\/wp\/v2\/posts"}],"about":[{"href":"https:\/\/fr.motocrossmag.be\/index.php\/wp-json\/wp\/v2\/types\/post"}],"author":[{"embeddable":true,"href":"https:\/\/fr.motocrossmag.be\/index.php\/wp-json\/wp\/v2\/users\/932"}],"replies":[{"embeddable":true,"href":"https:\/\/fr.motocrossmag.be\/index.php\/wp-json\/wp\/v2\/comments?post=120771"}],"version-history":[{"count":1,"href":"https:\/\/fr.motocrossmag.be\/index.php\/wp-json\/wp\/v2\/posts\/120771\/revisions"}],"predecessor-version":[{"id":120778,"href":"https:\/\/fr.motocrossmag.be\/index.php\/wp-json\/wp\/v2\/posts\/120771\/revisions\/120778"}],"wp:featuredmedia":[{"embeddable":true,"href":"https:\/\/fr.motocrossmag.be\/index.php\/wp-json\/wp\/v2\/media\/120774"}],"wp:attachment":[{"href":"https:\/\/fr.motocrossmag.be\/index.php\/wp-json\/wp\/v2\/media?parent=120771"}],"wp:term":[{"taxonomy":"category","embeddable":true,"href":"https:\/\/fr.motocrossmag.be\/index.php\/wp-json\/wp\/v2\/categories?post=120771"},{"taxonomy":"post_tag","embeddable":true,"href":"https:\/\/fr.motocrossmag.be\/index.php\/wp-json\/wp\/v2\/tags?post=120771"}],"curies":[{"name":"wp","href":"https:\/\/api.w.org\/{rel}","templated":true}]}}