{"id":120916,"date":"2022-09-24T22:22:52","date_gmt":"2022-09-24T20:22:52","guid":{"rendered":"http:\/\/fr.motocrossmag.be\/?p=120916"},"modified":"2022-09-24T22:29:18","modified_gmt":"2022-09-24T20:29:18","slug":"mx-des-nations-jago-geerts-sur-un-nuage","status":"publish","type":"post","link":"https:\/\/fr.motocrossmag.be\/index.php\/2022\/09\/mx-des-nations-jago-geerts-sur-un-nuage\/","title":{"rendered":"MX des Nations : Jago Geerts sur un nuage !"},"content":{"rendered":"<p><strong>Jago Geert n&rsquo;avait sans doute m\u00eame pas os\u00e9 en r\u00eaver&#8230; S&rsquo;imposer \u00e0 l&rsquo;occasion de sa toute premi\u00e8re course en 450cc est une chose. La remporter dans le cadre du Motocross des Nations \u00e0 RedBud, aux USA, devant le double champion SX\/MX en titre Eli Tomac en est une autre. Et c&rsquo;est pr\u00e9cis\u00e9ment ce que vient de r\u00e9aliser ce samedi notre compatriote en s&rsquo;imposant dans la manche qualificative MXGP du MX des Nations.<\/strong><\/p>\n<p>Alors que c&rsquo;est Mitch Evans qui s&rsquo;est \u00e9lanc\u00e9 en t\u00eate, Jago Geerts est rapidement pass\u00e9 aux commandes de la course pour ne plus la quitter. Revenu de la 7\u00e8me place, Eli Tomac \u00e9choue \u00e0 plus de 3 secondes du Belge alors que Jeremy Seewer compl\u00e8te le podium devant Evans et Prado.-<\/p>\n<p>Glenn Coldenhoff termine 6\u00e8me devant Maxime Renaux, Dean Wilson et le tenant du titre avec le team italien Antonio Cairoli.<\/p>\n<p><strong><span style=\"color: #800000;\">R\u00e9sultats<\/span><br \/>\n<\/strong><br \/>\n<strong>1. Jago Geerts (BEL, Yamaha), 24:49.598;<\/strong>\u00a02. Eli Tomac (USA, Yamaha), +0:03.478; 3. Jeremy Seewer (SUI, Yamaha), +0:04.209; 4. Mitchell Evans (AUS, Honda), +0:16.694; 5. Jorge Prado (ESP, GASGAS), +0:17.469;\u00a06. Glenn Coldenhoff (NED, Yamaha), +0:31.722<strong>;<\/strong>\u00a07. Maxime Renaux (FRA, Yamaha), +0:44.095; 8. Dean Wilson (GBR, Husqvarna), +0:50.440; 9. Antonio Cairoli (ITA, KTM), +0:50.957; 10. Dylan Wright (CAN, Honda), +0:52.524; 11. Cornelius Toendel (NOR, Fantic), +0:54.962; 12. Maximilian Nagl (GER, Husqvarna), +0:56.879; 13. Alvin \u00d6stlund (SWE, Yamaha), +0:59.745; 14. Benjamin Bloss (GUM, KTM), +1:10.646; 15. Tanel Leok (EST, Husqvarna), +1:22.387; 16. Felix Lopez (MEX, Husqvarna), +1:25.680; 17. Josiah Natzke (NZL, Kawasaki), +1:49.688; 18. Karlis Sabulis (LAT, Husqvarna), +1:52.281; 19. Tristan Purdon (RSA, KTM), +2:01.622; 20. Domantas Jazdauskas (LTU, GASGAS), +2:12.426; 21. Miguel Cordovez (ECU, KTM), +2:20.841; 22. Miro Sihvonen (FIN, Honda), -1 lap(s); 23. Martin Barr (IRL, Husqvarna), -1 lap(s); 24. Yuki Okura (JPN, Honda), -1 lap(s); 25. Marco Antezana (CLAT, KTM), -1 lap(s); 26. Mat\u00edas Pavez (CHL, Kawasaki), -1 lap(s); 27. Gabriel Gutierres (BRA, KTM), -2 lap(s); 28. Gleb Furmanov (ISR, KTM), -2 lap(s); 29. Gunnlaugur Karlsson (ISL, Husqvarna), -2 lap(s); 30. Rhowell Matias IV Mangosong (PHI, Yamaha), -2 lap(s); 31. Cristian Fernandez (HON, KTM), -4 lap(s); 32. Anwar Hachti (MOR, KTM), -11 lap(s); 33. Anthony Rodriguez (VEN, Honda), -11 lap(s);<\/p>\n","protected":false},"excerpt":{"rendered":"<p>Jago Geert n&rsquo;avait sans doute m\u00eame pas os\u00e9 en r\u00eaver&#8230; S&rsquo;imposer \u00e0 l&rsquo;occasion de sa toute premi\u00e8re course en 450cc est une chose. La remporter dans le cadre du Motocross [&#8230;]<\/p>\n","protected":false},"author":932,"featured_media":120917,"comment_status":"open","ping_status":"closed","sticky":false,"template":"","format":"standard","meta":{"footnotes":""},"categories":[54,4,6,74,5,55,56,65],"tags":[813,947,568,807],"class_list":["post-120916","post","type-post","status-publish","format-standard","has-post-thumbnail","hentry","category-actualite","category-motocross","category-mx1mx2","category-mx-des-nations","category-news","category-news-actualite","category-resultats","category-slideshow","tag-jago-geerts","tag-motocross","tag-mxgp","tag-redbud"],"yoast_head":"<!-- This site is optimized with the Yoast SEO plugin v27.4 - https:\/\/yoast.com\/product\/yoast-seo-wordpress\/ -->\n<title>MX des Nations : Jago Geerts sur un nuage ! - Motocross - Enduro - Supermoto | MotocrossMag<\/title>\n<meta name=\"robots\" content=\"index, follow, max-snippet:-1, max-image-preview:large, max-video-preview:-1\" \/>\n<link rel=\"canonical\" href=\"https:\/\/fr.motocrossmag.be\/index.php\/2022\/09\/mx-des-nations-jago-geerts-sur-un-nuage\/\" \/>\n<meta property=\"og:locale\" content=\"fr_FR\" \/>\n<meta property=\"og:type\" content=\"article\" \/>\n<meta property=\"og:title\" content=\"MX des Nations : Jago Geerts sur un nuage ! - Motocross - Enduro - Supermoto | MotocrossMag\" \/>\n<meta property=\"og:description\" content=\"Jago Geert n&rsquo;avait sans doute m\u00eame pas os\u00e9 en r\u00eaver&#8230; S&rsquo;imposer \u00e0 l&rsquo;occasion de sa toute premi\u00e8re course en 450cc est une chose. La remporter dans le cadre du Motocross [...]\" \/>\n<meta property=\"og:url\" content=\"https:\/\/fr.motocrossmag.be\/index.php\/2022\/09\/mx-des-nations-jago-geerts-sur-un-nuage\/\" \/>\n<meta property=\"og:site_name\" content=\"Motocross - Enduro - Supermoto | MotocrossMag\" \/>\n<meta property=\"article:published_time\" content=\"2022-09-24T20:22:52+00:00\" \/>\n<meta property=\"article:modified_time\" content=\"2022-09-24T20:29:18+00:00\" \/>\n<meta property=\"og:image\" content=\"https:\/\/fr.motocrossmag.be\/wp-content\/uploads\/2022\/09\/jago-geerts-mxon.jpeg\" \/>\n\t<meta property=\"og:image:width\" content=\"1000\" \/>\n\t<meta property=\"og:image:height\" content=\"502\" \/>\n\t<meta property=\"og:image:type\" content=\"image\/jpeg\" \/>\n<meta name=\"author\" content=\"oliviere\" \/>\n<meta name=\"twitter:card\" content=\"summary_large_image\" \/>\n<meta name=\"twitter:label1\" content=\"\u00c9crit par\" \/>\n\t<meta name=\"twitter:data1\" content=\"oliviere\" \/>\n\t<meta name=\"twitter:label2\" content=\"Dur\u00e9e de lecture estim\u00e9e\" \/>\n\t<meta name=\"twitter:data2\" content=\"2 minutes\" \/>\n<script type=\"application\/ld+json\" class=\"yoast-schema-graph\">{\"@context\":\"https:\\\/\\\/schema.org\",\"@graph\":[{\"@type\":\"Article\",\"@id\":\"https:\\\/\\\/fr.motocrossmag.be\\\/index.php\\\/2022\\\/09\\\/mx-des-nations-jago-geerts-sur-un-nuage\\\/#article\",\"isPartOf\":{\"@id\":\"https:\\\/\\\/fr.motocrossmag.be\\\/index.php\\\/2022\\\/09\\\/mx-des-nations-jago-geerts-sur-un-nuage\\\/\"},\"author\":{\"name\":\"oliviere\",\"@id\":\"https:\\\/\\\/fr.motocrossmag.be\\\/#\\\/schema\\\/person\\\/11b47143d9f755babca2c9110e03235c\"},\"headline\":\"MX des Nations : Jago Geerts sur un nuage !\",\"datePublished\":\"2022-09-24T20:22:52+00:00\",\"dateModified\":\"2022-09-24T20:29:18+00:00\",\"mainEntityOfPage\":{\"@id\":\"https:\\\/\\\/fr.motocrossmag.be\\\/index.php\\\/2022\\\/09\\\/mx-des-nations-jago-geerts-sur-un-nuage\\\/\"},\"wordCount\":337,\"commentCount\":0,\"image\":{\"@id\":\"https:\\\/\\\/fr.motocrossmag.be\\\/index.php\\\/2022\\\/09\\\/mx-des-nations-jago-geerts-sur-un-nuage\\\/#primaryimage\"},\"thumbnailUrl\":\"https:\\\/\\\/fr.motocrossmag.be\\\/wp-content\\\/uploads\\\/2022\\\/09\\\/jago-geerts-mxon.jpeg\",\"keywords\":[\"Jago Geerts\",\"Motocross\",\"MXGP\",\"redbud\"],\"articleSection\":[\"Actualit\u00e9\",\"Motocross\",\"Motocross MXGP\",\"MX des Nations\",\"News\",\"News\",\"R\u00e9sultats\",\"Slideshow\"],\"inLanguage\":\"fr-FR\",\"potentialAction\":[{\"@type\":\"CommentAction\",\"name\":\"Comment\",\"target\":[\"https:\\\/\\\/fr.motocrossmag.be\\\/index.php\\\/2022\\\/09\\\/mx-des-nations-jago-geerts-sur-un-nuage\\\/#respond\"]}]},{\"@type\":\"WebPage\",\"@id\":\"https:\\\/\\\/fr.motocrossmag.be\\\/index.php\\\/2022\\\/09\\\/mx-des-nations-jago-geerts-sur-un-nuage\\\/\",\"url\":\"https:\\\/\\\/fr.motocrossmag.be\\\/index.php\\\/2022\\\/09\\\/mx-des-nations-jago-geerts-sur-un-nuage\\\/\",\"name\":\"MX des Nations : Jago Geerts sur un nuage ! - Motocross - Enduro - Supermoto | MotocrossMag\",\"isPartOf\":{\"@id\":\"https:\\\/\\\/fr.motocrossmag.be\\\/#website\"},\"primaryImageOfPage\":{\"@id\":\"https:\\\/\\\/fr.motocrossmag.be\\\/index.php\\\/2022\\\/09\\\/mx-des-nations-jago-geerts-sur-un-nuage\\\/#primaryimage\"},\"image\":{\"@id\":\"https:\\\/\\\/fr.motocrossmag.be\\\/index.php\\\/2022\\\/09\\\/mx-des-nations-jago-geerts-sur-un-nuage\\\/#primaryimage\"},\"thumbnailUrl\":\"https:\\\/\\\/fr.motocrossmag.be\\\/wp-content\\\/uploads\\\/2022\\\/09\\\/jago-geerts-mxon.jpeg\",\"datePublished\":\"2022-09-24T20:22:52+00:00\",\"dateModified\":\"2022-09-24T20:29:18+00:00\",\"author\":{\"@id\":\"https:\\\/\\\/fr.motocrossmag.be\\\/#\\\/schema\\\/person\\\/11b47143d9f755babca2c9110e03235c\"},\"breadcrumb\":{\"@id\":\"https:\\\/\\\/fr.motocrossmag.be\\\/index.php\\\/2022\\\/09\\\/mx-des-nations-jago-geerts-sur-un-nuage\\\/#breadcrumb\"},\"inLanguage\":\"fr-FR\",\"potentialAction\":[{\"@type\":\"ReadAction\",\"target\":[\"https:\\\/\\\/fr.motocrossmag.be\\\/index.php\\\/2022\\\/09\\\/mx-des-nations-jago-geerts-sur-un-nuage\\\/\"]}]},{\"@type\":\"ImageObject\",\"inLanguage\":\"fr-FR\",\"@id\":\"https:\\\/\\\/fr.motocrossmag.be\\\/index.php\\\/2022\\\/09\\\/mx-des-nations-jago-geerts-sur-un-nuage\\\/#primaryimage\",\"url\":\"https:\\\/\\\/fr.motocrossmag.be\\\/wp-content\\\/uploads\\\/2022\\\/09\\\/jago-geerts-mxon.jpeg\",\"contentUrl\":\"https:\\\/\\\/fr.motocrossmag.be\\\/wp-content\\\/uploads\\\/2022\\\/09\\\/jago-geerts-mxon.jpeg\",\"width\":\"1000\",\"height\":\"502\"},{\"@type\":\"BreadcrumbList\",\"@id\":\"https:\\\/\\\/fr.motocrossmag.be\\\/index.php\\\/2022\\\/09\\\/mx-des-nations-jago-geerts-sur-un-nuage\\\/#breadcrumb\",\"itemListElement\":[{\"@type\":\"ListItem\",\"position\":1,\"name\":\"Accueil\",\"item\":\"https:\\\/\\\/fr.motocrossmag.be\\\/\"},{\"@type\":\"ListItem\",\"position\":2,\"name\":\"MX des Nations : Jago Geerts sur un nuage !\"}]},{\"@type\":\"WebSite\",\"@id\":\"https:\\\/\\\/fr.motocrossmag.be\\\/#website\",\"url\":\"https:\\\/\\\/fr.motocrossmag.be\\\/\",\"name\":\"Motocross - Enduro - Supermoto | MotocrossMag\",\"description\":\"L&#039;actualit\u00e9 du motocross, de l&#039;enduro et du Supermoto en ligne!\",\"potentialAction\":[{\"@type\":\"SearchAction\",\"target\":{\"@type\":\"EntryPoint\",\"urlTemplate\":\"https:\\\/\\\/fr.motocrossmag.be\\\/?s={search_term_string}\"},\"query-input\":{\"@type\":\"PropertyValueSpecification\",\"valueRequired\":true,\"valueName\":\"search_term_string\"}}],\"inLanguage\":\"fr-FR\"},{\"@type\":\"Person\",\"@id\":\"https:\\\/\\\/fr.motocrossmag.be\\\/#\\\/schema\\\/person\\\/11b47143d9f755babca2c9110e03235c\",\"name\":\"oliviere\",\"image\":{\"@type\":\"ImageObject\",\"inLanguage\":\"fr-FR\",\"@id\":\"https:\\\/\\\/secure.gravatar.com\\\/avatar\\\/907069e0b81d119452040469e4a7501da1100f54f7f80180ce77bfab718288f6?s=96&d=mm&r=g\",\"url\":\"https:\\\/\\\/secure.gravatar.com\\\/avatar\\\/907069e0b81d119452040469e4a7501da1100f54f7f80180ce77bfab718288f6?s=96&d=mm&r=g\",\"contentUrl\":\"https:\\\/\\\/secure.gravatar.com\\\/avatar\\\/907069e0b81d119452040469e4a7501da1100f54f7f80180ce77bfab718288f6?s=96&d=mm&r=g\",\"caption\":\"oliviere\"},\"sameAs\":[\"http:\\\/\\\/www.motocrossmag.be\"],\"url\":\"https:\\\/\\\/fr.motocrossmag.be\\\/index.php\\\/author\\\/oliviere\\\/\"}]}<\/script>\n<!-- \/ Yoast SEO plugin. -->","yoast_head_json":{"title":"MX des Nations : Jago Geerts sur un nuage ! - Motocross - Enduro - Supermoto | MotocrossMag","robots":{"index":"index","follow":"follow","max-snippet":"max-snippet:-1","max-image-preview":"max-image-preview:large","max-video-preview":"max-video-preview:-1"},"canonical":"https:\/\/fr.motocrossmag.be\/index.php\/2022\/09\/mx-des-nations-jago-geerts-sur-un-nuage\/","og_locale":"fr_FR","og_type":"article","og_title":"MX des Nations : Jago Geerts sur un nuage ! - Motocross - Enduro - Supermoto | MotocrossMag","og_description":"Jago Geert n&rsquo;avait sans doute m\u00eame pas os\u00e9 en r\u00eaver&#8230; S&rsquo;imposer \u00e0 l&rsquo;occasion de sa toute premi\u00e8re course en 450cc est une chose. La remporter dans le cadre du Motocross [...]","og_url":"https:\/\/fr.motocrossmag.be\/index.php\/2022\/09\/mx-des-nations-jago-geerts-sur-un-nuage\/","og_site_name":"Motocross - Enduro - Supermoto | MotocrossMag","article_published_time":"2022-09-24T20:22:52+00:00","article_modified_time":"2022-09-24T20:29:18+00:00","og_image":[{"width":1000,"height":502,"url":"https:\/\/fr.motocrossmag.be\/wp-content\/uploads\/2022\/09\/jago-geerts-mxon.jpeg","type":"image\/jpeg"}],"author":"oliviere","twitter_card":"summary_large_image","twitter_misc":{"\u00c9crit par":"oliviere","Dur\u00e9e de lecture estim\u00e9e":"2 minutes"},"schema":{"@context":"https:\/\/schema.org","@graph":[{"@type":"Article","@id":"https:\/\/fr.motocrossmag.be\/index.php\/2022\/09\/mx-des-nations-jago-geerts-sur-un-nuage\/#article","isPartOf":{"@id":"https:\/\/fr.motocrossmag.be\/index.php\/2022\/09\/mx-des-nations-jago-geerts-sur-un-nuage\/"},"author":{"name":"oliviere","@id":"https:\/\/fr.motocrossmag.be\/#\/schema\/person\/11b47143d9f755babca2c9110e03235c"},"headline":"MX des Nations : Jago Geerts sur un nuage !","datePublished":"2022-09-24T20:22:52+00:00","dateModified":"2022-09-24T20:29:18+00:00","mainEntityOfPage":{"@id":"https:\/\/fr.motocrossmag.be\/index.php\/2022\/09\/mx-des-nations-jago-geerts-sur-un-nuage\/"},"wordCount":337,"commentCount":0,"image":{"@id":"https:\/\/fr.motocrossmag.be\/index.php\/2022\/09\/mx-des-nations-jago-geerts-sur-un-nuage\/#primaryimage"},"thumbnailUrl":"https:\/\/fr.motocrossmag.be\/wp-content\/uploads\/2022\/09\/jago-geerts-mxon.jpeg","keywords":["Jago Geerts","Motocross","MXGP","redbud"],"articleSection":["Actualit\u00e9","Motocross","Motocross MXGP","MX des Nations","News","News","R\u00e9sultats","Slideshow"],"inLanguage":"fr-FR","potentialAction":[{"@type":"CommentAction","name":"Comment","target":["https:\/\/fr.motocrossmag.be\/index.php\/2022\/09\/mx-des-nations-jago-geerts-sur-un-nuage\/#respond"]}]},{"@type":"WebPage","@id":"https:\/\/fr.motocrossmag.be\/index.php\/2022\/09\/mx-des-nations-jago-geerts-sur-un-nuage\/","url":"https:\/\/fr.motocrossmag.be\/index.php\/2022\/09\/mx-des-nations-jago-geerts-sur-un-nuage\/","name":"MX des Nations : Jago Geerts sur un nuage ! - Motocross - Enduro - Supermoto | MotocrossMag","isPartOf":{"@id":"https:\/\/fr.motocrossmag.be\/#website"},"primaryImageOfPage":{"@id":"https:\/\/fr.motocrossmag.be\/index.php\/2022\/09\/mx-des-nations-jago-geerts-sur-un-nuage\/#primaryimage"},"image":{"@id":"https:\/\/fr.motocrossmag.be\/index.php\/2022\/09\/mx-des-nations-jago-geerts-sur-un-nuage\/#primaryimage"},"thumbnailUrl":"https:\/\/fr.motocrossmag.be\/wp-content\/uploads\/2022\/09\/jago-geerts-mxon.jpeg","datePublished":"2022-09-24T20:22:52+00:00","dateModified":"2022-09-24T20:29:18+00:00","author":{"@id":"https:\/\/fr.motocrossmag.be\/#\/schema\/person\/11b47143d9f755babca2c9110e03235c"},"breadcrumb":{"@id":"https:\/\/fr.motocrossmag.be\/index.php\/2022\/09\/mx-des-nations-jago-geerts-sur-un-nuage\/#breadcrumb"},"inLanguage":"fr-FR","potentialAction":[{"@type":"ReadAction","target":["https:\/\/fr.motocrossmag.be\/index.php\/2022\/09\/mx-des-nations-jago-geerts-sur-un-nuage\/"]}]},{"@type":"ImageObject","inLanguage":"fr-FR","@id":"https:\/\/fr.motocrossmag.be\/index.php\/2022\/09\/mx-des-nations-jago-geerts-sur-un-nuage\/#primaryimage","url":"https:\/\/fr.motocrossmag.be\/wp-content\/uploads\/2022\/09\/jago-geerts-mxon.jpeg","contentUrl":"https:\/\/fr.motocrossmag.be\/wp-content\/uploads\/2022\/09\/jago-geerts-mxon.jpeg","width":"1000","height":"502"},{"@type":"BreadcrumbList","@id":"https:\/\/fr.motocrossmag.be\/index.php\/2022\/09\/mx-des-nations-jago-geerts-sur-un-nuage\/#breadcrumb","itemListElement":[{"@type":"ListItem","position":1,"name":"Accueil","item":"https:\/\/fr.motocrossmag.be\/"},{"@type":"ListItem","position":2,"name":"MX des Nations : Jago Geerts sur un nuage !"}]},{"@type":"WebSite","@id":"https:\/\/fr.motocrossmag.be\/#website","url":"https:\/\/fr.motocrossmag.be\/","name":"Motocross - Enduro - Supermoto | MotocrossMag","description":"L&#039;actualit\u00e9 du motocross, de l&#039;enduro et du Supermoto en ligne!","potentialAction":[{"@type":"SearchAction","target":{"@type":"EntryPoint","urlTemplate":"https:\/\/fr.motocrossmag.be\/?s={search_term_string}"},"query-input":{"@type":"PropertyValueSpecification","valueRequired":true,"valueName":"search_term_string"}}],"inLanguage":"fr-FR"},{"@type":"Person","@id":"https:\/\/fr.motocrossmag.be\/#\/schema\/person\/11b47143d9f755babca2c9110e03235c","name":"oliviere","image":{"@type":"ImageObject","inLanguage":"fr-FR","@id":"https:\/\/secure.gravatar.com\/avatar\/907069e0b81d119452040469e4a7501da1100f54f7f80180ce77bfab718288f6?s=96&d=mm&r=g","url":"https:\/\/secure.gravatar.com\/avatar\/907069e0b81d119452040469e4a7501da1100f54f7f80180ce77bfab718288f6?s=96&d=mm&r=g","contentUrl":"https:\/\/secure.gravatar.com\/avatar\/907069e0b81d119452040469e4a7501da1100f54f7f80180ce77bfab718288f6?s=96&d=mm&r=g","caption":"oliviere"},"sameAs":["http:\/\/www.motocrossmag.be"],"url":"https:\/\/fr.motocrossmag.be\/index.php\/author\/oliviere\/"}]}},"_links":{"self":[{"href":"https:\/\/fr.motocrossmag.be\/index.php\/wp-json\/wp\/v2\/posts\/120916","targetHints":{"allow":["GET"]}}],"collection":[{"href":"https:\/\/fr.motocrossmag.be\/index.php\/wp-json\/wp\/v2\/posts"}],"about":[{"href":"https:\/\/fr.motocrossmag.be\/index.php\/wp-json\/wp\/v2\/types\/post"}],"author":[{"embeddable":true,"href":"https:\/\/fr.motocrossmag.be\/index.php\/wp-json\/wp\/v2\/users\/932"}],"replies":[{"embeddable":true,"href":"https:\/\/fr.motocrossmag.be\/index.php\/wp-json\/wp\/v2\/comments?post=120916"}],"version-history":[{"count":1,"href":"https:\/\/fr.motocrossmag.be\/index.php\/wp-json\/wp\/v2\/posts\/120916\/revisions"}],"predecessor-version":[{"id":120918,"href":"https:\/\/fr.motocrossmag.be\/index.php\/wp-json\/wp\/v2\/posts\/120916\/revisions\/120918"}],"wp:featuredmedia":[{"embeddable":true,"href":"https:\/\/fr.motocrossmag.be\/index.php\/wp-json\/wp\/v2\/media\/120917"}],"wp:attachment":[{"href":"https:\/\/fr.motocrossmag.be\/index.php\/wp-json\/wp\/v2\/media?parent=120916"}],"wp:term":[{"taxonomy":"category","embeddable":true,"href":"https:\/\/fr.motocrossmag.be\/index.php\/wp-json\/wp\/v2\/categories?post=120916"},{"taxonomy":"post_tag","embeddable":true,"href":"https:\/\/fr.motocrossmag.be\/index.php\/wp-json\/wp\/v2\/tags?post=120916"}],"curies":[{"name":"wp","href":"https:\/\/api.w.org\/{rel}","templated":true}]}}