{"id":120920,"date":"2022-09-24T23:50:07","date_gmt":"2022-09-24T21:50:07","guid":{"rendered":"http:\/\/fr.motocrossmag.be\/?p=120920"},"modified":"2022-09-25T02:11:47","modified_gmt":"2022-09-25T00:11:47","slug":"mx-des-nations-les-usa-en-pole","status":"publish","type":"post","link":"https:\/\/fr.motocrossmag.be\/index.php\/2022\/09\/mx-des-nations-les-usa-en-pole\/","title":{"rendered":"MX des Nations : les USA en pole"},"content":{"rendered":"<p><strong>Jago Geerts, Justin Cooper et Dylan Ferrandis ont remport\u00e9 ce samedi les manches qualificatives du 75\u00e8me Motocross des Nations, disput\u00e9 \u00e0 RedBud, aux USA.<\/strong><\/p>\n<p>Avec la deuxi\u00e8me place d&rsquo;Eli Tomac derri\u00e8re Jago Geerts en MXGP, la victoire \u00e9clatante de Justin Cooper en MX2 et la seconde place de Chase Sexton derri\u00e8re Dylan Ferrandis en Open, les USA signent une excellente entr\u00e9e en mati\u00e8re devant leur public. Ils remportent assez nettement cette journ\u00e9e de qualification et entreront donc demain en pole sur la grille de d\u00e9part des 3 manches qui permettront d&rsquo;\u00e9tablir la hi\u00e9rarchie finale de ce 75\u00e8me MX des Nations.<\/p>\n<p><img decoding=\"async\" class=\"lazyload alignnone size-full wp-image-120921\" src=\"http:\/\/fr.motocrossmag.be\/wp-content\/uploads\/2022\/09\/unnamed1.jpg\" data-orig-src=\"http:\/\/fr.motocrossmag.be\/wp-content\/uploads\/2022\/09\/unnamed1.jpg\" alt=\"\" width=\"1000\" height=\"666\" srcset=\"data:image\/svg+xml,%3Csvg%20xmlns%3D%27http%3A%2F%2Fwww.w3.org%2F2000%2Fsvg%27%20width%3D%271000%27%20height%3D%27666%27%20viewBox%3D%270%200%201000%20666%27%3E%3Crect%20width%3D%271000%27%20height%3D%27666%27%20fill-opacity%3D%220%22%2F%3E%3C%2Fsvg%3E\" data-srcset=\"https:\/\/fr.motocrossmag.be\/wp-content\/uploads\/2022\/09\/unnamed1-650x433.jpg 650w, https:\/\/fr.motocrossmag.be\/wp-content\/uploads\/2022\/09\/unnamed1-768x511.jpg 768w, https:\/\/fr.motocrossmag.be\/wp-content\/uploads\/2022\/09\/unnamed1.jpg 1000w\" data-sizes=\"auto\" data-orig-sizes=\"(max-width: 1000px) 100vw, 1000px\" \/><\/p>\n<p>Dans un mouchoir, la France et l&rsquo;Australie compl\u00e8tent le podium d&rsquo;une premi\u00e8re journ\u00e9e o\u00f9 les favoris ont clairement r\u00e9pondu pr\u00e9sents.<\/p>\n<p>C\u00f4t\u00e9 belge, on a d\u00e9marr\u00e9 en fanfare avec la victoire impressionnante de Jago Geerts, pour la premi\u00e8re fois au guidon de la Yam 450, dans la manche MXGP. Liam Everts a ensuite pris une 7\u00e8me place dans la manche MX2 tandis que Jeremy Van Horebeek, de retour de blessure apr\u00e8s sa chute du GP de France, termine 12\u00e8me de la manche Open. De quoi offrir \u00e0 la Belgique la 5\u00e8me place pour entrer demain en grille.<\/p>\n<p><strong><span style=\"color: #800000;\">R\u00e9sultats<\/span><\/strong><\/p>\n<p>CLASSEMENT INTERNATIONS<\/p>\n<p>1 USA 3 pts; 2 France 4 pts; 3 Australia 5 pts; 4 Spain 8 pts; <strong>5 Belgium 8 pts<\/strong>; 6 The Netherlands 11 pts; 7 Italy 13 pts; 8 Switzerland 14 pts; 9 Germany 18 pts;\u00a0 10 Great Britain 18 pts;&#8230;<\/p>\n<p>MXGP<\/p>\n<p><strong>1. Jago Geerts (BEL, Yamaha), 24:49.598;<\/strong>\u00a02. Eli Tomac (USA, Yamaha), +0:03.478; 3. Jeremy Seewer (SUI, Yamaha), +0:04.209; 4. Mitchell Evans (AUS, Honda), +0:16.694; 5. Jorge Prado (ESP, GASGAS), +0:17.469;\u00a06. Glenn Coldenhoff (NED, Yamaha), +0:31.722<strong>;<\/strong>\u00a07. Maxime Renaux (FRA, Yamaha), +0:44.095; 8. Dean Wilson (GBR, Husqvarna), +0:50.440; 9. Antonio Cairoli (ITA, KTM), +0:50.957; 10. Dylan Wright (CAN, Honda), +0:52.524; 11. Cornelius Toendel (NOR, Fantic), +0:54.962; 12. Maximilian Nagl (GER, Husqvarna), +0:56.879; 13. Alvin \u00d6stlund (SWE, Yamaha), +0:59.745; 14. Benjamin Bloss (GUM, KTM), +1:10.646; 15. Tanel Leok (EST, Husqvarna), +1:22.387; 16. Felix Lopez (MEX, Husqvarna), +1:25.680; 17. Josiah Natzke (NZL, Kawasaki), +1:49.688; 18. Karlis Sabulis (LAT, Husqvarna), +1:52.281; 19. Tristan Purdon (RSA, KTM), +2:01.622; 20. Domantas Jazdauskas (LTU, GASGAS), +2:12.426; 21. Miguel Cordovez (ECU, KTM), +2:20.841; 22. Miro Sihvonen (FIN, Honda), -1 lap(s); 23. Martin Barr (IRL, Husqvarna), -1 lap(s); 24. Yuki Okura (JPN, Honda), -1 lap(s); 25. Marco Antezana (CLAT, KTM), -1 lap(s); 26. Mat\u00edas Pavez (CHL, Kawasaki), -1 lap(s); 27. Gabriel Gutierres (BRA, KTM), -2 lap(s); 28. Gleb Furmanov (ISR, KTM), -2 lap(s); 29. Gunnlaugur Karlsson (ISL, Husqvarna), -2 lap(s); 30. Rhowell Matias IV Mangosong (PHI, Yamaha), -2 lap(s); 31. Cristian Fernandez (HON, KTM), -4 lap(s); 32. Anwar Hachti (MOR, KTM), -11 lap(s); 33. Anthony Rodriguez (VEN, Honda), -11 lap(s);<\/p>\n<p>MX2<\/p>\n<p>1. Justin Cooper (USA, Yamaha), 24:54.959; 2. Hunter Lawrence (AUS, Honda), +0:18.809; 3. Marvin Musquin (FRA, KTM), +0:30.328; 4. Guillem Farres (ESP, Yamaha), +0:42.120; 5. Andrea Adamo (ITA, GASGAS), +0:51.804; 6. Simon Laengenfelder (GER, GASGAS), +0:52.922;\u00a0<strong>7. Liam Everts (BEL, KTM), +0:53.165;<\/strong>\u00a08. Hardy Munoz (CHL, Husqvarna), +0:58.965; 9. Kevin Horgmo (NOR, Kawasaki), +1:00.273; 10. Joshua Varize (GUM, KTM), +1:12.932; 11. Emil Weckman (FIN, Honda), +1:15.587; 12. Jo Shimoda (JPN, Kawasaki), +1:16.025; 13. Camden Mc Lellan (RSA, KTM), +1:16.534; 14. Albin Gerhardsson (SWE, Husqvarna), +1:23.608; 15. Karlis Alberts Reisulis (LAT, Yamaha), +1:26.346; 16. Ryder McNabb (CAN, Honda), +1:29.238; 17. John Meara (IRL, KTM), +1:46.878; 18. Max Anstie (GBR, KTM), +1:51.073;\u00a019. Kay de Wolf (NED, Husqvarna), -1 lap(s);\u00a020. Saad Soulimani (MOR, KTM), -1 lap(s); 21. Dovydas Karka (LTU, Yamaha), -1 lap(s); 22. Gerhard Matamoros (HON, KTM), -1 lap(s); 23. Raimundo Trasolini (VEN, KTM), -1 lap(s); 24. Eidur Orri Palmarsson (ISL, Yamaha), -1 lap(s); 25. Yarod Vargas (CLAT, KTM), -1 lap(s); 26. Stav Orland (ISR, Husqvarna), -1 lap(s); 27. Polini Francisco (PHI, Husqvarna), -2 lap(s); 28. Julius Mikula (CEUR, KTM), -2 lap(s); 29. Brodie Connolly (NZL, Yamaha), -6 lap(s); 30. Arturo Humberto Fierro (MEX, Kawasaki), -6 lap(s); 31. Valentin Guillod (SUI, Yamaha), -11 lap(s); 32. Pedro Jose Suarez Jaramillo (ECU, Kawasaki), -11 lap(s);<\/p>\n<p>OPEN<strong><br \/>\n<\/strong><br \/>\n1. Dylan Ferrandis (FRA, Yamaha), 25:00.986; 2. Chase Sexton (USA, Honda), +0:03.502; 3. Jett Lawrence (AUS, Honda), +0:11.947; 4. Ruben Fernandez (ESP, Honda), +0:32.435; 5. Calvin Vlaanderen (NED, Yamaha), +0:35.890; 6. Harri Kullas (EST, Yamaha), +0:54.772; 7. Fredrik Noren (SWE, KTM), +1:03.561; 8. Mattia Guadagnini (ITA, GASGAS), +1:09.312; 9. Lorenzo Locurcio (VEN, KTM), +1:14.933; 10. Tommy Searle (GBR, Honda), +1:18.959; 11. Kevin Brumann (SUI, Yamaha), +1:19.298; <strong>12. Jeremy Van Horebeek (BEL, Beta), +1:23.830<\/strong>; 13. Tom Koch (GER, KTM), +1:25.309; 14. Toms Macuks (LAT, KTM), +1:42.379; 15. Jere Haavisto (FIN, KTM), +1:51.460; 16. Stuart Edmonds (IRL, Husqvarna), +1:53.172; 17. Benjamin Garib (CHL, Yamaha), +1:55.517; 18. Franklin Noguera (CLAT, GASGAS), +1:59.822; 19. Ramyller Alves (BRA, Husqvarna), +2:24.708; 20. Rhys Carter (NZL, Yamaha), -1 lap(s); 21. Cameron Anthony Durow (RSA, KTM), -1 lap(s); 22. Sean Lipanovich (GUM, KTM), -1 lap(s); 23. Kota Toriyabe (JPN, Yamaha), -1 lap(s); 24. Noel Zanocz (CEUR, Husqvarna), -1 lap(s); 25. Tyler Medaglia (CAN, GASGAS), -1 lap(s); 26. Jorge Israel Rubalcava (MEX, Husqvarna), -1 lap(s); 27. Eythor Reynisson (ISL, Yamaha), -1 lap(s); 28. Pablo Vivanco Crespo (ECU, Kawasaki), -1 lap(s); 29. Arminas Jasikonis (LTU, Yamaha), -2 lap(s); 30. Jose Fernandez (HON, KTM), -2 lap(s); 31. Ilay Ben Dahan (ISR, Kawasaki), -2 lap(s); 32. Houmame Gabari (MOR, Kawasaki), -7 lap(s); 33. Haakon Osterhagen (NOR, Fantic), -11 lap(s);<\/p>\n","protected":false},"excerpt":{"rendered":"<p>Jago Geerts, Justin Cooper et Dylan Ferrandis ont remport\u00e9 ce samedi les manches qualificatives du 75\u00e8me Motocross des Nations, disput\u00e9 \u00e0 RedBud, aux USA. Avec la deuxi\u00e8me place d&rsquo;Eli Tomac [&#8230;]<\/p>\n","protected":false},"author":932,"featured_media":120911,"comment_status":"open","ping_status":"closed","sticky":false,"template":"","format":"standard","meta":{"footnotes":""},"categories":[54,4,6,74,55,56,65],"tags":[1788,78,947,1171,568],"class_list":["post-120920","post","type-post","status-publish","format-standard","has-post-thumbnail","hentry","category-actualite","category-motocross","category-mx1mx2","category-mx-des-nations","category-news-actualite","category-resultats","category-slideshow","tag-dylan-ferandis","tag-jeremy-van-horebeek","tag-motocross","tag-mxdn","tag-mxgp"],"yoast_head":"<!-- This site is optimized with the Yoast SEO plugin v27.4 - https:\/\/yoast.com\/product\/yoast-seo-wordpress\/ -->\n<title>MX des Nations : les USA en pole - Motocross - Enduro - Supermoto | MotocrossMag<\/title>\n<meta name=\"robots\" content=\"index, follow, max-snippet:-1, max-image-preview:large, max-video-preview:-1\" \/>\n<link rel=\"canonical\" href=\"https:\/\/fr.motocrossmag.be\/index.php\/2022\/09\/mx-des-nations-les-usa-en-pole\/\" \/>\n<meta property=\"og:locale\" content=\"fr_FR\" \/>\n<meta property=\"og:type\" content=\"article\" \/>\n<meta property=\"og:title\" content=\"MX des Nations : les USA en pole - Motocross - Enduro - Supermoto | MotocrossMag\" \/>\n<meta property=\"og:description\" content=\"Jago Geerts, Justin Cooper et Dylan Ferrandis ont remport\u00e9 ce samedi les manches qualificatives du 75\u00e8me Motocross des Nations, disput\u00e9 \u00e0 RedBud, aux USA. Avec la deuxi\u00e8me place d&rsquo;Eli Tomac [...]\" \/>\n<meta property=\"og:url\" content=\"https:\/\/fr.motocrossmag.be\/index.php\/2022\/09\/mx-des-nations-les-usa-en-pole\/\" \/>\n<meta property=\"og:site_name\" content=\"Motocross - Enduro - Supermoto | MotocrossMag\" \/>\n<meta property=\"article:published_time\" content=\"2022-09-24T21:50:07+00:00\" \/>\n<meta property=\"article:modified_time\" content=\"2022-09-25T00:11:47+00:00\" \/>\n<meta property=\"og:image\" content=\"https:\/\/fr.motocrossmag.be\/wp-content\/uploads\/2022\/09\/TEAM-PRESENTATION-USA-MOTOCROSS-MXON-USA-2022.jpg\" \/>\n\t<meta property=\"og:image:width\" content=\"1000\" \/>\n\t<meta property=\"og:image:height\" content=\"666\" \/>\n\t<meta property=\"og:image:type\" content=\"image\/jpeg\" \/>\n<meta name=\"author\" content=\"oliviere\" \/>\n<meta name=\"twitter:card\" content=\"summary_large_image\" \/>\n<meta name=\"twitter:label1\" content=\"\u00c9crit par\" \/>\n\t<meta name=\"twitter:data1\" content=\"oliviere\" \/>\n\t<meta name=\"twitter:label2\" content=\"Dur\u00e9e de lecture estim\u00e9e\" \/>\n\t<meta name=\"twitter:data2\" content=\"4 minutes\" \/>\n<script type=\"application\/ld+json\" class=\"yoast-schema-graph\">{\"@context\":\"https:\\\/\\\/schema.org\",\"@graph\":[{\"@type\":\"Article\",\"@id\":\"https:\\\/\\\/fr.motocrossmag.be\\\/index.php\\\/2022\\\/09\\\/mx-des-nations-les-usa-en-pole\\\/#article\",\"isPartOf\":{\"@id\":\"https:\\\/\\\/fr.motocrossmag.be\\\/index.php\\\/2022\\\/09\\\/mx-des-nations-les-usa-en-pole\\\/\"},\"author\":{\"name\":\"oliviere\",\"@id\":\"https:\\\/\\\/fr.motocrossmag.be\\\/#\\\/schema\\\/person\\\/11b47143d9f755babca2c9110e03235c\"},\"headline\":\"MX des Nations : les USA en pole\",\"datePublished\":\"2022-09-24T21:50:07+00:00\",\"dateModified\":\"2022-09-25T00:11:47+00:00\",\"mainEntityOfPage\":{\"@id\":\"https:\\\/\\\/fr.motocrossmag.be\\\/index.php\\\/2022\\\/09\\\/mx-des-nations-les-usa-en-pole\\\/\"},\"wordCount\":776,\"commentCount\":0,\"image\":{\"@id\":\"https:\\\/\\\/fr.motocrossmag.be\\\/index.php\\\/2022\\\/09\\\/mx-des-nations-les-usa-en-pole\\\/#primaryimage\"},\"thumbnailUrl\":\"https:\\\/\\\/fr.motocrossmag.be\\\/wp-content\\\/uploads\\\/2022\\\/09\\\/TEAM-PRESENTATION-USA-MOTOCROSS-MXON-USA-2022.jpg\",\"keywords\":[\"dylan ferandis\",\"Jeremy Van Horebeek\",\"Motocross\",\"mxdn\",\"MXGP\"],\"articleSection\":[\"Actualit\u00e9\",\"Motocross\",\"Motocross MXGP\",\"MX des Nations\",\"News\",\"R\u00e9sultats\",\"Slideshow\"],\"inLanguage\":\"fr-FR\",\"potentialAction\":[{\"@type\":\"CommentAction\",\"name\":\"Comment\",\"target\":[\"https:\\\/\\\/fr.motocrossmag.be\\\/index.php\\\/2022\\\/09\\\/mx-des-nations-les-usa-en-pole\\\/#respond\"]}]},{\"@type\":\"WebPage\",\"@id\":\"https:\\\/\\\/fr.motocrossmag.be\\\/index.php\\\/2022\\\/09\\\/mx-des-nations-les-usa-en-pole\\\/\",\"url\":\"https:\\\/\\\/fr.motocrossmag.be\\\/index.php\\\/2022\\\/09\\\/mx-des-nations-les-usa-en-pole\\\/\",\"name\":\"MX des Nations : les USA en pole - Motocross - Enduro - Supermoto | MotocrossMag\",\"isPartOf\":{\"@id\":\"https:\\\/\\\/fr.motocrossmag.be\\\/#website\"},\"primaryImageOfPage\":{\"@id\":\"https:\\\/\\\/fr.motocrossmag.be\\\/index.php\\\/2022\\\/09\\\/mx-des-nations-les-usa-en-pole\\\/#primaryimage\"},\"image\":{\"@id\":\"https:\\\/\\\/fr.motocrossmag.be\\\/index.php\\\/2022\\\/09\\\/mx-des-nations-les-usa-en-pole\\\/#primaryimage\"},\"thumbnailUrl\":\"https:\\\/\\\/fr.motocrossmag.be\\\/wp-content\\\/uploads\\\/2022\\\/09\\\/TEAM-PRESENTATION-USA-MOTOCROSS-MXON-USA-2022.jpg\",\"datePublished\":\"2022-09-24T21:50:07+00:00\",\"dateModified\":\"2022-09-25T00:11:47+00:00\",\"author\":{\"@id\":\"https:\\\/\\\/fr.motocrossmag.be\\\/#\\\/schema\\\/person\\\/11b47143d9f755babca2c9110e03235c\"},\"breadcrumb\":{\"@id\":\"https:\\\/\\\/fr.motocrossmag.be\\\/index.php\\\/2022\\\/09\\\/mx-des-nations-les-usa-en-pole\\\/#breadcrumb\"},\"inLanguage\":\"fr-FR\",\"potentialAction\":[{\"@type\":\"ReadAction\",\"target\":[\"https:\\\/\\\/fr.motocrossmag.be\\\/index.php\\\/2022\\\/09\\\/mx-des-nations-les-usa-en-pole\\\/\"]}]},{\"@type\":\"ImageObject\",\"inLanguage\":\"fr-FR\",\"@id\":\"https:\\\/\\\/fr.motocrossmag.be\\\/index.php\\\/2022\\\/09\\\/mx-des-nations-les-usa-en-pole\\\/#primaryimage\",\"url\":\"https:\\\/\\\/fr.motocrossmag.be\\\/wp-content\\\/uploads\\\/2022\\\/09\\\/TEAM-PRESENTATION-USA-MOTOCROSS-MXON-USA-2022.jpg\",\"contentUrl\":\"https:\\\/\\\/fr.motocrossmag.be\\\/wp-content\\\/uploads\\\/2022\\\/09\\\/TEAM-PRESENTATION-USA-MOTOCROSS-MXON-USA-2022.jpg\",\"width\":\"1000\",\"height\":\"666\"},{\"@type\":\"BreadcrumbList\",\"@id\":\"https:\\\/\\\/fr.motocrossmag.be\\\/index.php\\\/2022\\\/09\\\/mx-des-nations-les-usa-en-pole\\\/#breadcrumb\",\"itemListElement\":[{\"@type\":\"ListItem\",\"position\":1,\"name\":\"Accueil\",\"item\":\"https:\\\/\\\/fr.motocrossmag.be\\\/\"},{\"@type\":\"ListItem\",\"position\":2,\"name\":\"MX des Nations : les USA en pole\"}]},{\"@type\":\"WebSite\",\"@id\":\"https:\\\/\\\/fr.motocrossmag.be\\\/#website\",\"url\":\"https:\\\/\\\/fr.motocrossmag.be\\\/\",\"name\":\"Motocross - Enduro - Supermoto | MotocrossMag\",\"description\":\"L&#039;actualit\u00e9 du motocross, de l&#039;enduro et du Supermoto en ligne!\",\"potentialAction\":[{\"@type\":\"SearchAction\",\"target\":{\"@type\":\"EntryPoint\",\"urlTemplate\":\"https:\\\/\\\/fr.motocrossmag.be\\\/?s={search_term_string}\"},\"query-input\":{\"@type\":\"PropertyValueSpecification\",\"valueRequired\":true,\"valueName\":\"search_term_string\"}}],\"inLanguage\":\"fr-FR\"},{\"@type\":\"Person\",\"@id\":\"https:\\\/\\\/fr.motocrossmag.be\\\/#\\\/schema\\\/person\\\/11b47143d9f755babca2c9110e03235c\",\"name\":\"oliviere\",\"image\":{\"@type\":\"ImageObject\",\"inLanguage\":\"fr-FR\",\"@id\":\"https:\\\/\\\/secure.gravatar.com\\\/avatar\\\/907069e0b81d119452040469e4a7501da1100f54f7f80180ce77bfab718288f6?s=96&d=mm&r=g\",\"url\":\"https:\\\/\\\/secure.gravatar.com\\\/avatar\\\/907069e0b81d119452040469e4a7501da1100f54f7f80180ce77bfab718288f6?s=96&d=mm&r=g\",\"contentUrl\":\"https:\\\/\\\/secure.gravatar.com\\\/avatar\\\/907069e0b81d119452040469e4a7501da1100f54f7f80180ce77bfab718288f6?s=96&d=mm&r=g\",\"caption\":\"oliviere\"},\"sameAs\":[\"http:\\\/\\\/www.motocrossmag.be\"],\"url\":\"https:\\\/\\\/fr.motocrossmag.be\\\/index.php\\\/author\\\/oliviere\\\/\"}]}<\/script>\n<!-- \/ Yoast SEO plugin. -->","yoast_head_json":{"title":"MX des Nations : les USA en pole - Motocross - Enduro - Supermoto | MotocrossMag","robots":{"index":"index","follow":"follow","max-snippet":"max-snippet:-1","max-image-preview":"max-image-preview:large","max-video-preview":"max-video-preview:-1"},"canonical":"https:\/\/fr.motocrossmag.be\/index.php\/2022\/09\/mx-des-nations-les-usa-en-pole\/","og_locale":"fr_FR","og_type":"article","og_title":"MX des Nations : les USA en pole - Motocross - Enduro - Supermoto | MotocrossMag","og_description":"Jago Geerts, Justin Cooper et Dylan Ferrandis ont remport\u00e9 ce samedi les manches qualificatives du 75\u00e8me Motocross des Nations, disput\u00e9 \u00e0 RedBud, aux USA. Avec la deuxi\u00e8me place d&rsquo;Eli Tomac [...]","og_url":"https:\/\/fr.motocrossmag.be\/index.php\/2022\/09\/mx-des-nations-les-usa-en-pole\/","og_site_name":"Motocross - Enduro - Supermoto | MotocrossMag","article_published_time":"2022-09-24T21:50:07+00:00","article_modified_time":"2022-09-25T00:11:47+00:00","og_image":[{"width":1000,"height":666,"url":"https:\/\/fr.motocrossmag.be\/wp-content\/uploads\/2022\/09\/TEAM-PRESENTATION-USA-MOTOCROSS-MXON-USA-2022.jpg","type":"image\/jpeg"}],"author":"oliviere","twitter_card":"summary_large_image","twitter_misc":{"\u00c9crit par":"oliviere","Dur\u00e9e de lecture estim\u00e9e":"4 minutes"},"schema":{"@context":"https:\/\/schema.org","@graph":[{"@type":"Article","@id":"https:\/\/fr.motocrossmag.be\/index.php\/2022\/09\/mx-des-nations-les-usa-en-pole\/#article","isPartOf":{"@id":"https:\/\/fr.motocrossmag.be\/index.php\/2022\/09\/mx-des-nations-les-usa-en-pole\/"},"author":{"name":"oliviere","@id":"https:\/\/fr.motocrossmag.be\/#\/schema\/person\/11b47143d9f755babca2c9110e03235c"},"headline":"MX des Nations : les USA en pole","datePublished":"2022-09-24T21:50:07+00:00","dateModified":"2022-09-25T00:11:47+00:00","mainEntityOfPage":{"@id":"https:\/\/fr.motocrossmag.be\/index.php\/2022\/09\/mx-des-nations-les-usa-en-pole\/"},"wordCount":776,"commentCount":0,"image":{"@id":"https:\/\/fr.motocrossmag.be\/index.php\/2022\/09\/mx-des-nations-les-usa-en-pole\/#primaryimage"},"thumbnailUrl":"https:\/\/fr.motocrossmag.be\/wp-content\/uploads\/2022\/09\/TEAM-PRESENTATION-USA-MOTOCROSS-MXON-USA-2022.jpg","keywords":["dylan ferandis","Jeremy Van Horebeek","Motocross","mxdn","MXGP"],"articleSection":["Actualit\u00e9","Motocross","Motocross MXGP","MX des Nations","News","R\u00e9sultats","Slideshow"],"inLanguage":"fr-FR","potentialAction":[{"@type":"CommentAction","name":"Comment","target":["https:\/\/fr.motocrossmag.be\/index.php\/2022\/09\/mx-des-nations-les-usa-en-pole\/#respond"]}]},{"@type":"WebPage","@id":"https:\/\/fr.motocrossmag.be\/index.php\/2022\/09\/mx-des-nations-les-usa-en-pole\/","url":"https:\/\/fr.motocrossmag.be\/index.php\/2022\/09\/mx-des-nations-les-usa-en-pole\/","name":"MX des Nations : les USA en pole - Motocross - Enduro - Supermoto | MotocrossMag","isPartOf":{"@id":"https:\/\/fr.motocrossmag.be\/#website"},"primaryImageOfPage":{"@id":"https:\/\/fr.motocrossmag.be\/index.php\/2022\/09\/mx-des-nations-les-usa-en-pole\/#primaryimage"},"image":{"@id":"https:\/\/fr.motocrossmag.be\/index.php\/2022\/09\/mx-des-nations-les-usa-en-pole\/#primaryimage"},"thumbnailUrl":"https:\/\/fr.motocrossmag.be\/wp-content\/uploads\/2022\/09\/TEAM-PRESENTATION-USA-MOTOCROSS-MXON-USA-2022.jpg","datePublished":"2022-09-24T21:50:07+00:00","dateModified":"2022-09-25T00:11:47+00:00","author":{"@id":"https:\/\/fr.motocrossmag.be\/#\/schema\/person\/11b47143d9f755babca2c9110e03235c"},"breadcrumb":{"@id":"https:\/\/fr.motocrossmag.be\/index.php\/2022\/09\/mx-des-nations-les-usa-en-pole\/#breadcrumb"},"inLanguage":"fr-FR","potentialAction":[{"@type":"ReadAction","target":["https:\/\/fr.motocrossmag.be\/index.php\/2022\/09\/mx-des-nations-les-usa-en-pole\/"]}]},{"@type":"ImageObject","inLanguage":"fr-FR","@id":"https:\/\/fr.motocrossmag.be\/index.php\/2022\/09\/mx-des-nations-les-usa-en-pole\/#primaryimage","url":"https:\/\/fr.motocrossmag.be\/wp-content\/uploads\/2022\/09\/TEAM-PRESENTATION-USA-MOTOCROSS-MXON-USA-2022.jpg","contentUrl":"https:\/\/fr.motocrossmag.be\/wp-content\/uploads\/2022\/09\/TEAM-PRESENTATION-USA-MOTOCROSS-MXON-USA-2022.jpg","width":"1000","height":"666"},{"@type":"BreadcrumbList","@id":"https:\/\/fr.motocrossmag.be\/index.php\/2022\/09\/mx-des-nations-les-usa-en-pole\/#breadcrumb","itemListElement":[{"@type":"ListItem","position":1,"name":"Accueil","item":"https:\/\/fr.motocrossmag.be\/"},{"@type":"ListItem","position":2,"name":"MX des Nations : les USA en pole"}]},{"@type":"WebSite","@id":"https:\/\/fr.motocrossmag.be\/#website","url":"https:\/\/fr.motocrossmag.be\/","name":"Motocross - Enduro - Supermoto | MotocrossMag","description":"L&#039;actualit\u00e9 du motocross, de l&#039;enduro et du Supermoto en ligne!","potentialAction":[{"@type":"SearchAction","target":{"@type":"EntryPoint","urlTemplate":"https:\/\/fr.motocrossmag.be\/?s={search_term_string}"},"query-input":{"@type":"PropertyValueSpecification","valueRequired":true,"valueName":"search_term_string"}}],"inLanguage":"fr-FR"},{"@type":"Person","@id":"https:\/\/fr.motocrossmag.be\/#\/schema\/person\/11b47143d9f755babca2c9110e03235c","name":"oliviere","image":{"@type":"ImageObject","inLanguage":"fr-FR","@id":"https:\/\/secure.gravatar.com\/avatar\/907069e0b81d119452040469e4a7501da1100f54f7f80180ce77bfab718288f6?s=96&d=mm&r=g","url":"https:\/\/secure.gravatar.com\/avatar\/907069e0b81d119452040469e4a7501da1100f54f7f80180ce77bfab718288f6?s=96&d=mm&r=g","contentUrl":"https:\/\/secure.gravatar.com\/avatar\/907069e0b81d119452040469e4a7501da1100f54f7f80180ce77bfab718288f6?s=96&d=mm&r=g","caption":"oliviere"},"sameAs":["http:\/\/www.motocrossmag.be"],"url":"https:\/\/fr.motocrossmag.be\/index.php\/author\/oliviere\/"}]}},"_links":{"self":[{"href":"https:\/\/fr.motocrossmag.be\/index.php\/wp-json\/wp\/v2\/posts\/120920","targetHints":{"allow":["GET"]}}],"collection":[{"href":"https:\/\/fr.motocrossmag.be\/index.php\/wp-json\/wp\/v2\/posts"}],"about":[{"href":"https:\/\/fr.motocrossmag.be\/index.php\/wp-json\/wp\/v2\/types\/post"}],"author":[{"embeddable":true,"href":"https:\/\/fr.motocrossmag.be\/index.php\/wp-json\/wp\/v2\/users\/932"}],"replies":[{"embeddable":true,"href":"https:\/\/fr.motocrossmag.be\/index.php\/wp-json\/wp\/v2\/comments?post=120920"}],"version-history":[{"count":0,"href":"https:\/\/fr.motocrossmag.be\/index.php\/wp-json\/wp\/v2\/posts\/120920\/revisions"}],"wp:featuredmedia":[{"embeddable":true,"href":"https:\/\/fr.motocrossmag.be\/index.php\/wp-json\/wp\/v2\/media\/120911"}],"wp:attachment":[{"href":"https:\/\/fr.motocrossmag.be\/index.php\/wp-json\/wp\/v2\/media?parent=120920"}],"wp:term":[{"taxonomy":"category","embeddable":true,"href":"https:\/\/fr.motocrossmag.be\/index.php\/wp-json\/wp\/v2\/categories?post=120920"},{"taxonomy":"post_tag","embeddable":true,"href":"https:\/\/fr.motocrossmag.be\/index.php\/wp-json\/wp\/v2\/tags?post=120920"}],"curies":[{"name":"wp","href":"https:\/\/api.w.org\/{rel}","templated":true}]}}