{"id":120924,"date":"2022-09-25T20:32:52","date_gmt":"2022-09-25T18:32:52","guid":{"rendered":"http:\/\/fr.motocrossmag.be\/?p=120924"},"modified":"2022-09-25T20:35:35","modified_gmt":"2022-09-25T18:35:35","slug":"jago-geerts-superbe-deuxieme-derriere-eli-tomac","status":"publish","type":"post","link":"https:\/\/fr.motocrossmag.be\/index.php\/2022\/09\/jago-geerts-superbe-deuxieme-derriere-eli-tomac\/","title":{"rendered":"Jago Geerts superbe deuxi\u00e8me derri\u00e8re Eli Tomac !"},"content":{"rendered":"<p><strong>Eli Tomac a men\u00e9 de bout en bout la premi\u00e8re manche du Motocross des Nations disput\u00e9 ce week-end aux USA, sur la piste de RedBud.<\/strong><\/p>\n<p>Dans cette course opposant pilotes MXGP et pilotes MX2, le double champion US en titre s&rsquo;est impos\u00e9, port\u00e9 par le public, devant Jago Geerts. Notre compatriote termine une superbe course \u00e0 3 secondes seulement de Tomac, rel\u00e9guant Maxime Renaux \u00e0 plus de 55 secondes ! Seewer et Evans compl\u00e8tent le top-5.<\/p>\n<p>A la 8\u00e8me place, Hunter Lawrence est le meilleur du pack MX2. Il devance Justin Cooper alors qu&rsquo;Everts signe lui aussi une tr\u00e8s belle 12\u00e8me place.<\/p>\n<p>Les r\u00e9sultats de Geerts et d&rsquo;Everts permettent \u00e0 la Belgique d&rsquo;occuper provisoirement le 3\u00e8me rang du classement, \u00e0 4 points des USA et \u00e0 un petit point seulement de l&rsquo;Australie.<\/p>\n<p><span style=\"color: #800000;\"><strong>R\u00e9sultats<\/strong><\/span><\/p>\n<p><strong>MXGP + MX2<\/strong><\/p>\n<p>1. Eli Tomac (USA, Yamaha), 35:23.672;<strong>\u00a02. Jago Geerts (BEL, Yamaha), +0:03.243;<\/strong>\u00a03. Maxime Renaux (FRA, Yamaha), +0:58.986; 4. Jeremy Seewer (SUI, Yamaha), +1:11.659; 5. Mitchell Evans (AUS, Honda), +1:24.846; 6. Jorge Prado (ESP, GASGAS), +1:29.402; 7. Antonio Cairoli (ITA, KTM), +1:33.403; 8. Hunter Lawrence (AUS, Honda), +1:34.431; 9. Justin Cooper (USA, Yamaha), +1:48.130;\u00a0<strong>10. Kay de Wolf (NED, Husqvarna), +1:56.440;<\/strong>\u00a011. Maximilian Nagl (GER, Husqvarna), +2:09.756;\u00a0<strong>12. Liam Everts (BEL, KTM), +2:22.408; 13. Glenn Coldenhoff (NED, Yamaha), -1 lap(s);<\/strong>\u00a014. Marvin Musquin (FRA, KTM), -1 lap(s); 15. Andrea Adamo (ITA, GASGAS), -1 lap(s); 16. Dean Wilson (GBR, Husqvarna), -1 lap(s); 17. Simon Laengenfelder (GER, GASGAS), -1 lap(s); 18. Kevin Horgmo (NOR, Kawasaki), -1 lap(s); 19. Alvin \u00d6stlund (SWE, Yamaha), -1 lap(s); 20. Karlis Sabulis (LAT, Husqvarna), -1 lap(s); 21. Camden Mc Lellan (RSA, KTM), -1 lap(s); 22. Cornelius Toendel (NOR, Fantic), -1 lap(s); 23. Karlis Alberts Reisulis (LAT, Yamaha), -1 lap(s); 24. Emil Weckman (FIN, Honda), -1 lap(s); 25. Guillem Farres (ESP, Yamaha), -1 lap(s); 26. Albin Gerhardsson (SWE, Husqvarna), -1 lap(s); 27. Hardy Munoz (CHL, Husqvarna), -1 lap(s); 28. Miro Sihvonen (FIN, Honda), -1 lap(s); 29. Joshua Varize (GUM, KTM), -1 lap(s); 30. Ryder McNabb (CAN, Honda), -1 lap(s); 31. Dylan Wright (CAN, Honda), -2 lap(s); 32. Mat\u00edas Pavez (CHL, Kawasaki), -2 lap(s); 33. Raimundo Trasolini (VEN, KTM), -3 lap(s); 34. Benjamin Bloss (GUM, KTM), -5 lap(s); 35. Tanel Leok (EST, Husqvarna), -7 lap(s); 36. Valentin Guillod (SUI, Yamaha), -7 lap(s); 37. Max Anstie (GBR, Honda), -8 lap(s); 38. Tristan Purdon (RSA, Yamaha), -10 lap(s); 39. Anthony Rodriguez (VEN, Honda), -14 lap(s);<\/p>\n<p><strong>CLASSEMENT PROVISOIRE INTERNATIONS<br \/>\n<\/strong><br \/>\n1. USA 10 pts, 2. Australie 13, 3. Belgique 14, 4. France 17, 5. Italie 22,\u00a0 6. Pays-Bas 23, 7. Allemagne 28, 8. Espagne 31;&#8230;<\/p>\n","protected":false},"excerpt":{"rendered":"<p>Eli Tomac a men\u00e9 de bout en bout la premi\u00e8re manche du Motocross des Nations disput\u00e9 ce week-end aux USA, sur la piste de RedBud. Dans cette course opposant pilotes [&#8230;]<\/p>\n","protected":false},"author":932,"featured_media":120925,"comment_status":"open","ping_status":"closed","sticky":false,"template":"","format":"standard","meta":{"footnotes":""},"categories":[54,4,6,74,5,55,56,65],"tags":[155,813,1247,947,1321,568,807],"class_list":["post-120924","post","type-post","status-publish","format-standard","has-post-thumbnail","hentry","category-actualite","category-motocross","category-mx1mx2","category-mx-des-nations","category-news","category-news-actualite","category-resultats","category-slideshow","tag-eli-tomac","tag-jago-geerts","tag-liam-everts","tag-motocross","tag-mx-des-nations","tag-mxgp","tag-redbud"],"yoast_head":"<!-- This site is optimized with the Yoast SEO plugin v27.4 - https:\/\/yoast.com\/product\/yoast-seo-wordpress\/ -->\n<title>Jago Geerts superbe deuxi\u00e8me derri\u00e8re Eli Tomac ! - Motocross - Enduro - Supermoto | MotocrossMag<\/title>\n<meta name=\"robots\" content=\"index, follow, max-snippet:-1, max-image-preview:large, max-video-preview:-1\" \/>\n<link rel=\"canonical\" href=\"https:\/\/fr.motocrossmag.be\/index.php\/2022\/09\/jago-geerts-superbe-deuxieme-derriere-eli-tomac\/\" \/>\n<meta property=\"og:locale\" content=\"fr_FR\" \/>\n<meta property=\"og:type\" content=\"article\" \/>\n<meta property=\"og:title\" content=\"Jago Geerts superbe deuxi\u00e8me derri\u00e8re Eli Tomac ! - Motocross - Enduro - Supermoto | MotocrossMag\" \/>\n<meta property=\"og:description\" content=\"Eli Tomac a men\u00e9 de bout en bout la premi\u00e8re manche du Motocross des Nations disput\u00e9 ce week-end aux USA, sur la piste de RedBud. Dans cette course opposant pilotes [...]\" \/>\n<meta property=\"og:url\" content=\"https:\/\/fr.motocrossmag.be\/index.php\/2022\/09\/jago-geerts-superbe-deuxieme-derriere-eli-tomac\/\" \/>\n<meta property=\"og:site_name\" content=\"Motocross - Enduro - Supermoto | MotocrossMag\" \/>\n<meta property=\"article:published_time\" content=\"2022-09-25T18:32:52+00:00\" \/>\n<meta property=\"article:modified_time\" content=\"2022-09-25T18:35:35+00:00\" \/>\n<meta property=\"og:image\" content=\"https:\/\/fr.motocrossmag.be\/wp-content\/uploads\/2022\/09\/geerts-manche-mxgp-mxon-redbud.jpg\" \/>\n\t<meta property=\"og:image:width\" content=\"900\" \/>\n\t<meta property=\"og:image:height\" content=\"600\" \/>\n\t<meta property=\"og:image:type\" content=\"image\/jpeg\" \/>\n<meta name=\"author\" content=\"oliviere\" \/>\n<meta name=\"twitter:card\" content=\"summary_large_image\" \/>\n<meta name=\"twitter:label1\" content=\"\u00c9crit par\" \/>\n\t<meta name=\"twitter:data1\" content=\"oliviere\" \/>\n\t<meta name=\"twitter:label2\" content=\"Dur\u00e9e de lecture estim\u00e9e\" \/>\n\t<meta name=\"twitter:data2\" content=\"2 minutes\" \/>\n<script type=\"application\/ld+json\" class=\"yoast-schema-graph\">{\"@context\":\"https:\\\/\\\/schema.org\",\"@graph\":[{\"@type\":\"Article\",\"@id\":\"https:\\\/\\\/fr.motocrossmag.be\\\/index.php\\\/2022\\\/09\\\/jago-geerts-superbe-deuxieme-derriere-eli-tomac\\\/#article\",\"isPartOf\":{\"@id\":\"https:\\\/\\\/fr.motocrossmag.be\\\/index.php\\\/2022\\\/09\\\/jago-geerts-superbe-deuxieme-derriere-eli-tomac\\\/\"},\"author\":{\"name\":\"oliviere\",\"@id\":\"https:\\\/\\\/fr.motocrossmag.be\\\/#\\\/schema\\\/person\\\/11b47143d9f755babca2c9110e03235c\"},\"headline\":\"Jago Geerts superbe deuxi\u00e8me derri\u00e8re Eli Tomac !\",\"datePublished\":\"2022-09-25T18:32:52+00:00\",\"dateModified\":\"2022-09-25T18:35:35+00:00\",\"mainEntityOfPage\":{\"@id\":\"https:\\\/\\\/fr.motocrossmag.be\\\/index.php\\\/2022\\\/09\\\/jago-geerts-superbe-deuxieme-derriere-eli-tomac\\\/\"},\"wordCount\":399,\"commentCount\":0,\"image\":{\"@id\":\"https:\\\/\\\/fr.motocrossmag.be\\\/index.php\\\/2022\\\/09\\\/jago-geerts-superbe-deuxieme-derriere-eli-tomac\\\/#primaryimage\"},\"thumbnailUrl\":\"https:\\\/\\\/fr.motocrossmag.be\\\/wp-content\\\/uploads\\\/2022\\\/09\\\/geerts-manche-mxgp-mxon-redbud.jpg\",\"keywords\":[\"Eli Tomac\",\"Jago Geerts\",\"liam everts\",\"Motocross\",\"MX des nations\",\"MXGP\",\"redbud\"],\"articleSection\":[\"Actualit\u00e9\",\"Motocross\",\"Motocross MXGP\",\"MX des Nations\",\"News\",\"News\",\"R\u00e9sultats\",\"Slideshow\"],\"inLanguage\":\"fr-FR\",\"potentialAction\":[{\"@type\":\"CommentAction\",\"name\":\"Comment\",\"target\":[\"https:\\\/\\\/fr.motocrossmag.be\\\/index.php\\\/2022\\\/09\\\/jago-geerts-superbe-deuxieme-derriere-eli-tomac\\\/#respond\"]}]},{\"@type\":\"WebPage\",\"@id\":\"https:\\\/\\\/fr.motocrossmag.be\\\/index.php\\\/2022\\\/09\\\/jago-geerts-superbe-deuxieme-derriere-eli-tomac\\\/\",\"url\":\"https:\\\/\\\/fr.motocrossmag.be\\\/index.php\\\/2022\\\/09\\\/jago-geerts-superbe-deuxieme-derriere-eli-tomac\\\/\",\"name\":\"Jago Geerts superbe deuxi\u00e8me derri\u00e8re Eli Tomac ! - Motocross - Enduro - Supermoto | MotocrossMag\",\"isPartOf\":{\"@id\":\"https:\\\/\\\/fr.motocrossmag.be\\\/#website\"},\"primaryImageOfPage\":{\"@id\":\"https:\\\/\\\/fr.motocrossmag.be\\\/index.php\\\/2022\\\/09\\\/jago-geerts-superbe-deuxieme-derriere-eli-tomac\\\/#primaryimage\"},\"image\":{\"@id\":\"https:\\\/\\\/fr.motocrossmag.be\\\/index.php\\\/2022\\\/09\\\/jago-geerts-superbe-deuxieme-derriere-eli-tomac\\\/#primaryimage\"},\"thumbnailUrl\":\"https:\\\/\\\/fr.motocrossmag.be\\\/wp-content\\\/uploads\\\/2022\\\/09\\\/geerts-manche-mxgp-mxon-redbud.jpg\",\"datePublished\":\"2022-09-25T18:32:52+00:00\",\"dateModified\":\"2022-09-25T18:35:35+00:00\",\"author\":{\"@id\":\"https:\\\/\\\/fr.motocrossmag.be\\\/#\\\/schema\\\/person\\\/11b47143d9f755babca2c9110e03235c\"},\"breadcrumb\":{\"@id\":\"https:\\\/\\\/fr.motocrossmag.be\\\/index.php\\\/2022\\\/09\\\/jago-geerts-superbe-deuxieme-derriere-eli-tomac\\\/#breadcrumb\"},\"inLanguage\":\"fr-FR\",\"potentialAction\":[{\"@type\":\"ReadAction\",\"target\":[\"https:\\\/\\\/fr.motocrossmag.be\\\/index.php\\\/2022\\\/09\\\/jago-geerts-superbe-deuxieme-derriere-eli-tomac\\\/\"]}]},{\"@type\":\"ImageObject\",\"inLanguage\":\"fr-FR\",\"@id\":\"https:\\\/\\\/fr.motocrossmag.be\\\/index.php\\\/2022\\\/09\\\/jago-geerts-superbe-deuxieme-derriere-eli-tomac\\\/#primaryimage\",\"url\":\"https:\\\/\\\/fr.motocrossmag.be\\\/wp-content\\\/uploads\\\/2022\\\/09\\\/geerts-manche-mxgp-mxon-redbud.jpg\",\"contentUrl\":\"https:\\\/\\\/fr.motocrossmag.be\\\/wp-content\\\/uploads\\\/2022\\\/09\\\/geerts-manche-mxgp-mxon-redbud.jpg\",\"width\":\"900\",\"height\":\"600\"},{\"@type\":\"BreadcrumbList\",\"@id\":\"https:\\\/\\\/fr.motocrossmag.be\\\/index.php\\\/2022\\\/09\\\/jago-geerts-superbe-deuxieme-derriere-eli-tomac\\\/#breadcrumb\",\"itemListElement\":[{\"@type\":\"ListItem\",\"position\":1,\"name\":\"Accueil\",\"item\":\"https:\\\/\\\/fr.motocrossmag.be\\\/\"},{\"@type\":\"ListItem\",\"position\":2,\"name\":\"Jago Geerts superbe deuxi\u00e8me derri\u00e8re Eli Tomac !\"}]},{\"@type\":\"WebSite\",\"@id\":\"https:\\\/\\\/fr.motocrossmag.be\\\/#website\",\"url\":\"https:\\\/\\\/fr.motocrossmag.be\\\/\",\"name\":\"Motocross - Enduro - Supermoto | MotocrossMag\",\"description\":\"L&#039;actualit\u00e9 du motocross, de l&#039;enduro et du Supermoto en ligne!\",\"potentialAction\":[{\"@type\":\"SearchAction\",\"target\":{\"@type\":\"EntryPoint\",\"urlTemplate\":\"https:\\\/\\\/fr.motocrossmag.be\\\/?s={search_term_string}\"},\"query-input\":{\"@type\":\"PropertyValueSpecification\",\"valueRequired\":true,\"valueName\":\"search_term_string\"}}],\"inLanguage\":\"fr-FR\"},{\"@type\":\"Person\",\"@id\":\"https:\\\/\\\/fr.motocrossmag.be\\\/#\\\/schema\\\/person\\\/11b47143d9f755babca2c9110e03235c\",\"name\":\"oliviere\",\"image\":{\"@type\":\"ImageObject\",\"inLanguage\":\"fr-FR\",\"@id\":\"https:\\\/\\\/secure.gravatar.com\\\/avatar\\\/907069e0b81d119452040469e4a7501da1100f54f7f80180ce77bfab718288f6?s=96&d=mm&r=g\",\"url\":\"https:\\\/\\\/secure.gravatar.com\\\/avatar\\\/907069e0b81d119452040469e4a7501da1100f54f7f80180ce77bfab718288f6?s=96&d=mm&r=g\",\"contentUrl\":\"https:\\\/\\\/secure.gravatar.com\\\/avatar\\\/907069e0b81d119452040469e4a7501da1100f54f7f80180ce77bfab718288f6?s=96&d=mm&r=g\",\"caption\":\"oliviere\"},\"sameAs\":[\"http:\\\/\\\/www.motocrossmag.be\"],\"url\":\"https:\\\/\\\/fr.motocrossmag.be\\\/index.php\\\/author\\\/oliviere\\\/\"}]}<\/script>\n<!-- \/ Yoast SEO plugin. -->","yoast_head_json":{"title":"Jago Geerts superbe deuxi\u00e8me derri\u00e8re Eli Tomac ! - Motocross - Enduro - Supermoto | MotocrossMag","robots":{"index":"index","follow":"follow","max-snippet":"max-snippet:-1","max-image-preview":"max-image-preview:large","max-video-preview":"max-video-preview:-1"},"canonical":"https:\/\/fr.motocrossmag.be\/index.php\/2022\/09\/jago-geerts-superbe-deuxieme-derriere-eli-tomac\/","og_locale":"fr_FR","og_type":"article","og_title":"Jago Geerts superbe deuxi\u00e8me derri\u00e8re Eli Tomac ! - Motocross - Enduro - Supermoto | MotocrossMag","og_description":"Eli Tomac a men\u00e9 de bout en bout la premi\u00e8re manche du Motocross des Nations disput\u00e9 ce week-end aux USA, sur la piste de RedBud. Dans cette course opposant pilotes [...]","og_url":"https:\/\/fr.motocrossmag.be\/index.php\/2022\/09\/jago-geerts-superbe-deuxieme-derriere-eli-tomac\/","og_site_name":"Motocross - Enduro - Supermoto | MotocrossMag","article_published_time":"2022-09-25T18:32:52+00:00","article_modified_time":"2022-09-25T18:35:35+00:00","og_image":[{"width":900,"height":600,"url":"https:\/\/fr.motocrossmag.be\/wp-content\/uploads\/2022\/09\/geerts-manche-mxgp-mxon-redbud.jpg","type":"image\/jpeg"}],"author":"oliviere","twitter_card":"summary_large_image","twitter_misc":{"\u00c9crit par":"oliviere","Dur\u00e9e de lecture estim\u00e9e":"2 minutes"},"schema":{"@context":"https:\/\/schema.org","@graph":[{"@type":"Article","@id":"https:\/\/fr.motocrossmag.be\/index.php\/2022\/09\/jago-geerts-superbe-deuxieme-derriere-eli-tomac\/#article","isPartOf":{"@id":"https:\/\/fr.motocrossmag.be\/index.php\/2022\/09\/jago-geerts-superbe-deuxieme-derriere-eli-tomac\/"},"author":{"name":"oliviere","@id":"https:\/\/fr.motocrossmag.be\/#\/schema\/person\/11b47143d9f755babca2c9110e03235c"},"headline":"Jago Geerts superbe deuxi\u00e8me derri\u00e8re Eli Tomac !","datePublished":"2022-09-25T18:32:52+00:00","dateModified":"2022-09-25T18:35:35+00:00","mainEntityOfPage":{"@id":"https:\/\/fr.motocrossmag.be\/index.php\/2022\/09\/jago-geerts-superbe-deuxieme-derriere-eli-tomac\/"},"wordCount":399,"commentCount":0,"image":{"@id":"https:\/\/fr.motocrossmag.be\/index.php\/2022\/09\/jago-geerts-superbe-deuxieme-derriere-eli-tomac\/#primaryimage"},"thumbnailUrl":"https:\/\/fr.motocrossmag.be\/wp-content\/uploads\/2022\/09\/geerts-manche-mxgp-mxon-redbud.jpg","keywords":["Eli Tomac","Jago Geerts","liam everts","Motocross","MX des nations","MXGP","redbud"],"articleSection":["Actualit\u00e9","Motocross","Motocross MXGP","MX des Nations","News","News","R\u00e9sultats","Slideshow"],"inLanguage":"fr-FR","potentialAction":[{"@type":"CommentAction","name":"Comment","target":["https:\/\/fr.motocrossmag.be\/index.php\/2022\/09\/jago-geerts-superbe-deuxieme-derriere-eli-tomac\/#respond"]}]},{"@type":"WebPage","@id":"https:\/\/fr.motocrossmag.be\/index.php\/2022\/09\/jago-geerts-superbe-deuxieme-derriere-eli-tomac\/","url":"https:\/\/fr.motocrossmag.be\/index.php\/2022\/09\/jago-geerts-superbe-deuxieme-derriere-eli-tomac\/","name":"Jago Geerts superbe deuxi\u00e8me derri\u00e8re Eli Tomac ! - Motocross - Enduro - Supermoto | MotocrossMag","isPartOf":{"@id":"https:\/\/fr.motocrossmag.be\/#website"},"primaryImageOfPage":{"@id":"https:\/\/fr.motocrossmag.be\/index.php\/2022\/09\/jago-geerts-superbe-deuxieme-derriere-eli-tomac\/#primaryimage"},"image":{"@id":"https:\/\/fr.motocrossmag.be\/index.php\/2022\/09\/jago-geerts-superbe-deuxieme-derriere-eli-tomac\/#primaryimage"},"thumbnailUrl":"https:\/\/fr.motocrossmag.be\/wp-content\/uploads\/2022\/09\/geerts-manche-mxgp-mxon-redbud.jpg","datePublished":"2022-09-25T18:32:52+00:00","dateModified":"2022-09-25T18:35:35+00:00","author":{"@id":"https:\/\/fr.motocrossmag.be\/#\/schema\/person\/11b47143d9f755babca2c9110e03235c"},"breadcrumb":{"@id":"https:\/\/fr.motocrossmag.be\/index.php\/2022\/09\/jago-geerts-superbe-deuxieme-derriere-eli-tomac\/#breadcrumb"},"inLanguage":"fr-FR","potentialAction":[{"@type":"ReadAction","target":["https:\/\/fr.motocrossmag.be\/index.php\/2022\/09\/jago-geerts-superbe-deuxieme-derriere-eli-tomac\/"]}]},{"@type":"ImageObject","inLanguage":"fr-FR","@id":"https:\/\/fr.motocrossmag.be\/index.php\/2022\/09\/jago-geerts-superbe-deuxieme-derriere-eli-tomac\/#primaryimage","url":"https:\/\/fr.motocrossmag.be\/wp-content\/uploads\/2022\/09\/geerts-manche-mxgp-mxon-redbud.jpg","contentUrl":"https:\/\/fr.motocrossmag.be\/wp-content\/uploads\/2022\/09\/geerts-manche-mxgp-mxon-redbud.jpg","width":"900","height":"600"},{"@type":"BreadcrumbList","@id":"https:\/\/fr.motocrossmag.be\/index.php\/2022\/09\/jago-geerts-superbe-deuxieme-derriere-eli-tomac\/#breadcrumb","itemListElement":[{"@type":"ListItem","position":1,"name":"Accueil","item":"https:\/\/fr.motocrossmag.be\/"},{"@type":"ListItem","position":2,"name":"Jago Geerts superbe deuxi\u00e8me derri\u00e8re Eli Tomac !"}]},{"@type":"WebSite","@id":"https:\/\/fr.motocrossmag.be\/#website","url":"https:\/\/fr.motocrossmag.be\/","name":"Motocross - Enduro - Supermoto | MotocrossMag","description":"L&#039;actualit\u00e9 du motocross, de l&#039;enduro et du Supermoto en ligne!","potentialAction":[{"@type":"SearchAction","target":{"@type":"EntryPoint","urlTemplate":"https:\/\/fr.motocrossmag.be\/?s={search_term_string}"},"query-input":{"@type":"PropertyValueSpecification","valueRequired":true,"valueName":"search_term_string"}}],"inLanguage":"fr-FR"},{"@type":"Person","@id":"https:\/\/fr.motocrossmag.be\/#\/schema\/person\/11b47143d9f755babca2c9110e03235c","name":"oliviere","image":{"@type":"ImageObject","inLanguage":"fr-FR","@id":"https:\/\/secure.gravatar.com\/avatar\/907069e0b81d119452040469e4a7501da1100f54f7f80180ce77bfab718288f6?s=96&d=mm&r=g","url":"https:\/\/secure.gravatar.com\/avatar\/907069e0b81d119452040469e4a7501da1100f54f7f80180ce77bfab718288f6?s=96&d=mm&r=g","contentUrl":"https:\/\/secure.gravatar.com\/avatar\/907069e0b81d119452040469e4a7501da1100f54f7f80180ce77bfab718288f6?s=96&d=mm&r=g","caption":"oliviere"},"sameAs":["http:\/\/www.motocrossmag.be"],"url":"https:\/\/fr.motocrossmag.be\/index.php\/author\/oliviere\/"}]}},"_links":{"self":[{"href":"https:\/\/fr.motocrossmag.be\/index.php\/wp-json\/wp\/v2\/posts\/120924","targetHints":{"allow":["GET"]}}],"collection":[{"href":"https:\/\/fr.motocrossmag.be\/index.php\/wp-json\/wp\/v2\/posts"}],"about":[{"href":"https:\/\/fr.motocrossmag.be\/index.php\/wp-json\/wp\/v2\/types\/post"}],"author":[{"embeddable":true,"href":"https:\/\/fr.motocrossmag.be\/index.php\/wp-json\/wp\/v2\/users\/932"}],"replies":[{"embeddable":true,"href":"https:\/\/fr.motocrossmag.be\/index.php\/wp-json\/wp\/v2\/comments?post=120924"}],"version-history":[{"count":1,"href":"https:\/\/fr.motocrossmag.be\/index.php\/wp-json\/wp\/v2\/posts\/120924\/revisions"}],"predecessor-version":[{"id":120926,"href":"https:\/\/fr.motocrossmag.be\/index.php\/wp-json\/wp\/v2\/posts\/120924\/revisions\/120926"}],"wp:featuredmedia":[{"embeddable":true,"href":"https:\/\/fr.motocrossmag.be\/index.php\/wp-json\/wp\/v2\/media\/120925"}],"wp:attachment":[{"href":"https:\/\/fr.motocrossmag.be\/index.php\/wp-json\/wp\/v2\/media?parent=120924"}],"wp:term":[{"taxonomy":"category","embeddable":true,"href":"https:\/\/fr.motocrossmag.be\/index.php\/wp-json\/wp\/v2\/categories?post=120924"},{"taxonomy":"post_tag","embeddable":true,"href":"https:\/\/fr.motocrossmag.be\/index.php\/wp-json\/wp\/v2\/tags?post=120924"}],"curies":[{"name":"wp","href":"https:\/\/api.w.org\/{rel}","templated":true}]}}