{"id":120998,"date":"2022-09-27T00:01:32","date_gmt":"2022-09-26T22:01:32","guid":{"rendered":"http:\/\/fr.motocrossmag.be\/?p=120998"},"modified":"2022-09-27T00:01:32","modified_gmt":"2022-09-26T22:01:32","slug":"maxime-renaux-il-y-a-du-beau-monde-derriere","status":"publish","type":"post","link":"https:\/\/fr.motocrossmag.be\/index.php\/2022\/09\/maxime-renaux-il-y-a-du-beau-monde-derriere\/","title":{"rendered":"Maxime Renaux : \u00ab\u00a0Il y a du beau monde derri\u00e8re !\u00a0\u00bb"},"content":{"rendered":"<p><strong>Maxime Renaux a \u00e9t\u00e9 l&rsquo;un des h\u00e9ros du week-end. A RedBud, le Fran\u00e7ais a remport\u00e9 le classement individuel MXGP. Troisi\u00e8me de la premi\u00e8re manche derri\u00e8re Eli Tomac et Jago Geerts, celui qui termine sa premi\u00e8re saison au guidon de la 450 YZ-F a cl\u00f4tur\u00e9 le week-end en beaut\u00e9 en s&rsquo;imposant dans l&rsquo;ultime manche du 75\u00e8me Motocross des Nations. Devant des gar\u00e7ons comme Jett Lawrence, Chase Sexton, Eli Tomac, Dylan Ferrandis, Jeremy Seewer,&#8230;<\/strong><\/p>\n<p>\u00ab\u00a0Ce fut une journ\u00e9e incroyable pour moi ! \u00ab\u00a0, lance le pilote Yamaha. \u00ab\u00a0Il s&rsquo;agissait de mon premier MX des Nations en 450 et je remporte la classe MXGP devant quelques uns des plus grands noms du motocross actuellement&#8230; Un r\u00e9sultat que je dois aussi sans doute \u00e0 mes deux co\u00e9quipiers (Dylan Ferrandis et Marvin Musquin, ndlr). Ils m&rsquo;ont beaucoup conseill\u00e9 ce week-end. C&rsquo;\u00e9tait comme des amis de longue date et j&rsquo;avais un peu l&rsquo;impression d&rsquo;avoir deux grands-fr\u00e8res \u00e0 RedBud. J&rsquo;ai vraiment ador\u00e9 l&rsquo;ambiance dans le team cette ann\u00e9e.\u00a0\u00bb<\/p>\n<p>S&rsquo;il s&rsquo;impose dans sa cat\u00e9gorie, Maxime Renaux ne peut s&#8217;emp\u00eacher de regretter d&rsquo;\u00eatre pass\u00e9 \u00e0 c\u00f4t\u00e9 de la victoire avec le team fran\u00e7ais, avec lequel il monte n\u00e9anmoins sur la deuxi\u00e8me marche du podium derri\u00e8re les USA. \u00ab\u00a0Clairement, ce n&rsquo;est pas le r\u00e9sultat pour lequel nous voulions nous battre. Nous \u00e9tions l\u00e0 pour gagner\u00a0\u00bb, avance Renaux. \u00ab\u00a0Mais bon, il arrive que les choses ne se passent pas comme on le pr\u00e9voit. Et il faut avouer que le team US \u00e9tait vraiment tr\u00e8s fort cette ann\u00e9e.\u00a0\u00bb<\/p>\n<p>&nbsp;<\/p>\n","protected":false},"excerpt":{"rendered":"<p>Maxime Renaux a \u00e9t\u00e9 l&rsquo;un des h\u00e9ros du week-end. A RedBud, le Fran\u00e7ais a remport\u00e9 le classement individuel MXGP. Troisi\u00e8me de la premi\u00e8re manche derri\u00e8re Eli Tomac et Jago Geerts, [&#8230;]<\/p>\n","protected":false},"author":932,"featured_media":120999,"comment_status":"open","ping_status":"closed","sticky":false,"template":"","format":"standard","meta":{"footnotes":""},"categories":[54,58,4,6,74,5,55,65],"tags":[1041,947,568,288,807],"class_list":["post-120998","post","type-post","status-publish","format-standard","has-post-thumbnail","hentry","category-actualite","category-interviews-actualite","category-motocross","category-mx1mx2","category-mx-des-nations","category-news","category-news-actualite","category-slideshow","tag-maxime-renaux","tag-motocross","tag-mxgp","tag-mxon","tag-redbud"],"yoast_head":"<!-- This site is optimized with the Yoast SEO plugin v27.4 - https:\/\/yoast.com\/product\/yoast-seo-wordpress\/ -->\n<title>Maxime Renaux : &quot;Il y a du beau monde derri\u00e8re !&quot; - Motocross - Enduro - Supermoto | MotocrossMag<\/title>\n<meta name=\"robots\" content=\"index, follow, max-snippet:-1, max-image-preview:large, max-video-preview:-1\" \/>\n<link rel=\"canonical\" href=\"https:\/\/fr.motocrossmag.be\/index.php\/2022\/09\/maxime-renaux-il-y-a-du-beau-monde-derriere\/\" \/>\n<meta property=\"og:locale\" content=\"fr_FR\" \/>\n<meta property=\"og:type\" content=\"article\" \/>\n<meta property=\"og:title\" content=\"Maxime Renaux : &quot;Il y a du beau monde derri\u00e8re !&quot; - Motocross - Enduro - Supermoto | MotocrossMag\" \/>\n<meta property=\"og:description\" content=\"Maxime Renaux a \u00e9t\u00e9 l&rsquo;un des h\u00e9ros du week-end. A RedBud, le Fran\u00e7ais a remport\u00e9 le classement individuel MXGP. Troisi\u00e8me de la premi\u00e8re manche derri\u00e8re Eli Tomac et Jago Geerts, [...]\" \/>\n<meta property=\"og:url\" content=\"https:\/\/fr.motocrossmag.be\/index.php\/2022\/09\/maxime-renaux-il-y-a-du-beau-monde-derriere\/\" \/>\n<meta property=\"og:site_name\" content=\"Motocross - Enduro - Supermoto | MotocrossMag\" \/>\n<meta property=\"article:published_time\" content=\"2022-09-26T22:01:32+00:00\" \/>\n<meta property=\"og:image\" content=\"https:\/\/fr.motocrossmag.be\/wp-content\/uploads\/2022\/09\/maxime-renaux-mxdn.jpg\" \/>\n\t<meta property=\"og:image:width\" content=\"1000\" \/>\n\t<meta property=\"og:image:height\" content=\"666\" \/>\n\t<meta property=\"og:image:type\" content=\"image\/jpeg\" \/>\n<meta name=\"author\" content=\"oliviere\" \/>\n<meta name=\"twitter:card\" content=\"summary_large_image\" \/>\n<meta name=\"twitter:label1\" content=\"\u00c9crit par\" \/>\n\t<meta name=\"twitter:data1\" content=\"oliviere\" \/>\n\t<meta name=\"twitter:label2\" content=\"Dur\u00e9e de lecture estim\u00e9e\" \/>\n\t<meta name=\"twitter:data2\" content=\"1 minute\" \/>\n<script type=\"application\/ld+json\" class=\"yoast-schema-graph\">{\"@context\":\"https:\\\/\\\/schema.org\",\"@graph\":[{\"@type\":\"Article\",\"@id\":\"https:\\\/\\\/fr.motocrossmag.be\\\/index.php\\\/2022\\\/09\\\/maxime-renaux-il-y-a-du-beau-monde-derriere\\\/#article\",\"isPartOf\":{\"@id\":\"https:\\\/\\\/fr.motocrossmag.be\\\/index.php\\\/2022\\\/09\\\/maxime-renaux-il-y-a-du-beau-monde-derriere\\\/\"},\"author\":{\"name\":\"oliviere\",\"@id\":\"https:\\\/\\\/fr.motocrossmag.be\\\/#\\\/schema\\\/person\\\/11b47143d9f755babca2c9110e03235c\"},\"headline\":\"Maxime Renaux : \u00ab\u00a0Il y a du beau monde derri\u00e8re !\u00a0\u00bb\",\"datePublished\":\"2022-09-26T22:01:32+00:00\",\"mainEntityOfPage\":{\"@id\":\"https:\\\/\\\/fr.motocrossmag.be\\\/index.php\\\/2022\\\/09\\\/maxime-renaux-il-y-a-du-beau-monde-derriere\\\/\"},\"wordCount\":290,\"commentCount\":0,\"image\":{\"@id\":\"https:\\\/\\\/fr.motocrossmag.be\\\/index.php\\\/2022\\\/09\\\/maxime-renaux-il-y-a-du-beau-monde-derriere\\\/#primaryimage\"},\"thumbnailUrl\":\"https:\\\/\\\/fr.motocrossmag.be\\\/wp-content\\\/uploads\\\/2022\\\/09\\\/maxime-renaux-mxdn.jpg\",\"keywords\":[\"maxime renaux\",\"Motocross\",\"MXGP\",\"mxon\",\"redbud\"],\"articleSection\":[\"Actualit\u00e9\",\"Interviews -all\",\"Motocross\",\"Motocross MXGP\",\"MX des Nations\",\"News\",\"News\",\"Slideshow\"],\"inLanguage\":\"fr-FR\",\"potentialAction\":[{\"@type\":\"CommentAction\",\"name\":\"Comment\",\"target\":[\"https:\\\/\\\/fr.motocrossmag.be\\\/index.php\\\/2022\\\/09\\\/maxime-renaux-il-y-a-du-beau-monde-derriere\\\/#respond\"]}]},{\"@type\":\"WebPage\",\"@id\":\"https:\\\/\\\/fr.motocrossmag.be\\\/index.php\\\/2022\\\/09\\\/maxime-renaux-il-y-a-du-beau-monde-derriere\\\/\",\"url\":\"https:\\\/\\\/fr.motocrossmag.be\\\/index.php\\\/2022\\\/09\\\/maxime-renaux-il-y-a-du-beau-monde-derriere\\\/\",\"name\":\"Maxime Renaux : \\\"Il y a du beau monde derri\u00e8re !\\\" - Motocross - Enduro - Supermoto | MotocrossMag\",\"isPartOf\":{\"@id\":\"https:\\\/\\\/fr.motocrossmag.be\\\/#website\"},\"primaryImageOfPage\":{\"@id\":\"https:\\\/\\\/fr.motocrossmag.be\\\/index.php\\\/2022\\\/09\\\/maxime-renaux-il-y-a-du-beau-monde-derriere\\\/#primaryimage\"},\"image\":{\"@id\":\"https:\\\/\\\/fr.motocrossmag.be\\\/index.php\\\/2022\\\/09\\\/maxime-renaux-il-y-a-du-beau-monde-derriere\\\/#primaryimage\"},\"thumbnailUrl\":\"https:\\\/\\\/fr.motocrossmag.be\\\/wp-content\\\/uploads\\\/2022\\\/09\\\/maxime-renaux-mxdn.jpg\",\"datePublished\":\"2022-09-26T22:01:32+00:00\",\"author\":{\"@id\":\"https:\\\/\\\/fr.motocrossmag.be\\\/#\\\/schema\\\/person\\\/11b47143d9f755babca2c9110e03235c\"},\"breadcrumb\":{\"@id\":\"https:\\\/\\\/fr.motocrossmag.be\\\/index.php\\\/2022\\\/09\\\/maxime-renaux-il-y-a-du-beau-monde-derriere\\\/#breadcrumb\"},\"inLanguage\":\"fr-FR\",\"potentialAction\":[{\"@type\":\"ReadAction\",\"target\":[\"https:\\\/\\\/fr.motocrossmag.be\\\/index.php\\\/2022\\\/09\\\/maxime-renaux-il-y-a-du-beau-monde-derriere\\\/\"]}]},{\"@type\":\"ImageObject\",\"inLanguage\":\"fr-FR\",\"@id\":\"https:\\\/\\\/fr.motocrossmag.be\\\/index.php\\\/2022\\\/09\\\/maxime-renaux-il-y-a-du-beau-monde-derriere\\\/#primaryimage\",\"url\":\"https:\\\/\\\/fr.motocrossmag.be\\\/wp-content\\\/uploads\\\/2022\\\/09\\\/maxime-renaux-mxdn.jpg\",\"contentUrl\":\"https:\\\/\\\/fr.motocrossmag.be\\\/wp-content\\\/uploads\\\/2022\\\/09\\\/maxime-renaux-mxdn.jpg\",\"width\":\"1000\",\"height\":\"666\"},{\"@type\":\"BreadcrumbList\",\"@id\":\"https:\\\/\\\/fr.motocrossmag.be\\\/index.php\\\/2022\\\/09\\\/maxime-renaux-il-y-a-du-beau-monde-derriere\\\/#breadcrumb\",\"itemListElement\":[{\"@type\":\"ListItem\",\"position\":1,\"name\":\"Accueil\",\"item\":\"https:\\\/\\\/fr.motocrossmag.be\\\/\"},{\"@type\":\"ListItem\",\"position\":2,\"name\":\"Maxime Renaux : \u00ab\u00a0Il y a du beau monde derri\u00e8re !\u00a0\u00bb\"}]},{\"@type\":\"WebSite\",\"@id\":\"https:\\\/\\\/fr.motocrossmag.be\\\/#website\",\"url\":\"https:\\\/\\\/fr.motocrossmag.be\\\/\",\"name\":\"Motocross - Enduro - Supermoto | MotocrossMag\",\"description\":\"L&#039;actualit\u00e9 du motocross, de l&#039;enduro et du Supermoto en ligne!\",\"potentialAction\":[{\"@type\":\"SearchAction\",\"target\":{\"@type\":\"EntryPoint\",\"urlTemplate\":\"https:\\\/\\\/fr.motocrossmag.be\\\/?s={search_term_string}\"},\"query-input\":{\"@type\":\"PropertyValueSpecification\",\"valueRequired\":true,\"valueName\":\"search_term_string\"}}],\"inLanguage\":\"fr-FR\"},{\"@type\":\"Person\",\"@id\":\"https:\\\/\\\/fr.motocrossmag.be\\\/#\\\/schema\\\/person\\\/11b47143d9f755babca2c9110e03235c\",\"name\":\"oliviere\",\"image\":{\"@type\":\"ImageObject\",\"inLanguage\":\"fr-FR\",\"@id\":\"https:\\\/\\\/secure.gravatar.com\\\/avatar\\\/907069e0b81d119452040469e4a7501da1100f54f7f80180ce77bfab718288f6?s=96&d=mm&r=g\",\"url\":\"https:\\\/\\\/secure.gravatar.com\\\/avatar\\\/907069e0b81d119452040469e4a7501da1100f54f7f80180ce77bfab718288f6?s=96&d=mm&r=g\",\"contentUrl\":\"https:\\\/\\\/secure.gravatar.com\\\/avatar\\\/907069e0b81d119452040469e4a7501da1100f54f7f80180ce77bfab718288f6?s=96&d=mm&r=g\",\"caption\":\"oliviere\"},\"sameAs\":[\"http:\\\/\\\/www.motocrossmag.be\"],\"url\":\"https:\\\/\\\/fr.motocrossmag.be\\\/index.php\\\/author\\\/oliviere\\\/\"}]}<\/script>\n<!-- \/ Yoast SEO plugin. -->","yoast_head_json":{"title":"Maxime Renaux : \"Il y a du beau monde derri\u00e8re !\" - Motocross - Enduro - Supermoto | MotocrossMag","robots":{"index":"index","follow":"follow","max-snippet":"max-snippet:-1","max-image-preview":"max-image-preview:large","max-video-preview":"max-video-preview:-1"},"canonical":"https:\/\/fr.motocrossmag.be\/index.php\/2022\/09\/maxime-renaux-il-y-a-du-beau-monde-derriere\/","og_locale":"fr_FR","og_type":"article","og_title":"Maxime Renaux : \"Il y a du beau monde derri\u00e8re !\" - Motocross - Enduro - Supermoto | MotocrossMag","og_description":"Maxime Renaux a \u00e9t\u00e9 l&rsquo;un des h\u00e9ros du week-end. A RedBud, le Fran\u00e7ais a remport\u00e9 le classement individuel MXGP. Troisi\u00e8me de la premi\u00e8re manche derri\u00e8re Eli Tomac et Jago Geerts, [...]","og_url":"https:\/\/fr.motocrossmag.be\/index.php\/2022\/09\/maxime-renaux-il-y-a-du-beau-monde-derriere\/","og_site_name":"Motocross - Enduro - Supermoto | MotocrossMag","article_published_time":"2022-09-26T22:01:32+00:00","og_image":[{"width":1000,"height":666,"url":"https:\/\/fr.motocrossmag.be\/wp-content\/uploads\/2022\/09\/maxime-renaux-mxdn.jpg","type":"image\/jpeg"}],"author":"oliviere","twitter_card":"summary_large_image","twitter_misc":{"\u00c9crit par":"oliviere","Dur\u00e9e de lecture estim\u00e9e":"1 minute"},"schema":{"@context":"https:\/\/schema.org","@graph":[{"@type":"Article","@id":"https:\/\/fr.motocrossmag.be\/index.php\/2022\/09\/maxime-renaux-il-y-a-du-beau-monde-derriere\/#article","isPartOf":{"@id":"https:\/\/fr.motocrossmag.be\/index.php\/2022\/09\/maxime-renaux-il-y-a-du-beau-monde-derriere\/"},"author":{"name":"oliviere","@id":"https:\/\/fr.motocrossmag.be\/#\/schema\/person\/11b47143d9f755babca2c9110e03235c"},"headline":"Maxime Renaux : \u00ab\u00a0Il y a du beau monde derri\u00e8re !\u00a0\u00bb","datePublished":"2022-09-26T22:01:32+00:00","mainEntityOfPage":{"@id":"https:\/\/fr.motocrossmag.be\/index.php\/2022\/09\/maxime-renaux-il-y-a-du-beau-monde-derriere\/"},"wordCount":290,"commentCount":0,"image":{"@id":"https:\/\/fr.motocrossmag.be\/index.php\/2022\/09\/maxime-renaux-il-y-a-du-beau-monde-derriere\/#primaryimage"},"thumbnailUrl":"https:\/\/fr.motocrossmag.be\/wp-content\/uploads\/2022\/09\/maxime-renaux-mxdn.jpg","keywords":["maxime renaux","Motocross","MXGP","mxon","redbud"],"articleSection":["Actualit\u00e9","Interviews -all","Motocross","Motocross MXGP","MX des Nations","News","News","Slideshow"],"inLanguage":"fr-FR","potentialAction":[{"@type":"CommentAction","name":"Comment","target":["https:\/\/fr.motocrossmag.be\/index.php\/2022\/09\/maxime-renaux-il-y-a-du-beau-monde-derriere\/#respond"]}]},{"@type":"WebPage","@id":"https:\/\/fr.motocrossmag.be\/index.php\/2022\/09\/maxime-renaux-il-y-a-du-beau-monde-derriere\/","url":"https:\/\/fr.motocrossmag.be\/index.php\/2022\/09\/maxime-renaux-il-y-a-du-beau-monde-derriere\/","name":"Maxime Renaux : \"Il y a du beau monde derri\u00e8re !\" - Motocross - Enduro - Supermoto | MotocrossMag","isPartOf":{"@id":"https:\/\/fr.motocrossmag.be\/#website"},"primaryImageOfPage":{"@id":"https:\/\/fr.motocrossmag.be\/index.php\/2022\/09\/maxime-renaux-il-y-a-du-beau-monde-derriere\/#primaryimage"},"image":{"@id":"https:\/\/fr.motocrossmag.be\/index.php\/2022\/09\/maxime-renaux-il-y-a-du-beau-monde-derriere\/#primaryimage"},"thumbnailUrl":"https:\/\/fr.motocrossmag.be\/wp-content\/uploads\/2022\/09\/maxime-renaux-mxdn.jpg","datePublished":"2022-09-26T22:01:32+00:00","author":{"@id":"https:\/\/fr.motocrossmag.be\/#\/schema\/person\/11b47143d9f755babca2c9110e03235c"},"breadcrumb":{"@id":"https:\/\/fr.motocrossmag.be\/index.php\/2022\/09\/maxime-renaux-il-y-a-du-beau-monde-derriere\/#breadcrumb"},"inLanguage":"fr-FR","potentialAction":[{"@type":"ReadAction","target":["https:\/\/fr.motocrossmag.be\/index.php\/2022\/09\/maxime-renaux-il-y-a-du-beau-monde-derriere\/"]}]},{"@type":"ImageObject","inLanguage":"fr-FR","@id":"https:\/\/fr.motocrossmag.be\/index.php\/2022\/09\/maxime-renaux-il-y-a-du-beau-monde-derriere\/#primaryimage","url":"https:\/\/fr.motocrossmag.be\/wp-content\/uploads\/2022\/09\/maxime-renaux-mxdn.jpg","contentUrl":"https:\/\/fr.motocrossmag.be\/wp-content\/uploads\/2022\/09\/maxime-renaux-mxdn.jpg","width":"1000","height":"666"},{"@type":"BreadcrumbList","@id":"https:\/\/fr.motocrossmag.be\/index.php\/2022\/09\/maxime-renaux-il-y-a-du-beau-monde-derriere\/#breadcrumb","itemListElement":[{"@type":"ListItem","position":1,"name":"Accueil","item":"https:\/\/fr.motocrossmag.be\/"},{"@type":"ListItem","position":2,"name":"Maxime Renaux : \u00ab\u00a0Il y a du beau monde derri\u00e8re !\u00a0\u00bb"}]},{"@type":"WebSite","@id":"https:\/\/fr.motocrossmag.be\/#website","url":"https:\/\/fr.motocrossmag.be\/","name":"Motocross - Enduro - Supermoto | MotocrossMag","description":"L&#039;actualit\u00e9 du motocross, de l&#039;enduro et du Supermoto en ligne!","potentialAction":[{"@type":"SearchAction","target":{"@type":"EntryPoint","urlTemplate":"https:\/\/fr.motocrossmag.be\/?s={search_term_string}"},"query-input":{"@type":"PropertyValueSpecification","valueRequired":true,"valueName":"search_term_string"}}],"inLanguage":"fr-FR"},{"@type":"Person","@id":"https:\/\/fr.motocrossmag.be\/#\/schema\/person\/11b47143d9f755babca2c9110e03235c","name":"oliviere","image":{"@type":"ImageObject","inLanguage":"fr-FR","@id":"https:\/\/secure.gravatar.com\/avatar\/907069e0b81d119452040469e4a7501da1100f54f7f80180ce77bfab718288f6?s=96&d=mm&r=g","url":"https:\/\/secure.gravatar.com\/avatar\/907069e0b81d119452040469e4a7501da1100f54f7f80180ce77bfab718288f6?s=96&d=mm&r=g","contentUrl":"https:\/\/secure.gravatar.com\/avatar\/907069e0b81d119452040469e4a7501da1100f54f7f80180ce77bfab718288f6?s=96&d=mm&r=g","caption":"oliviere"},"sameAs":["http:\/\/www.motocrossmag.be"],"url":"https:\/\/fr.motocrossmag.be\/index.php\/author\/oliviere\/"}]}},"_links":{"self":[{"href":"https:\/\/fr.motocrossmag.be\/index.php\/wp-json\/wp\/v2\/posts\/120998","targetHints":{"allow":["GET"]}}],"collection":[{"href":"https:\/\/fr.motocrossmag.be\/index.php\/wp-json\/wp\/v2\/posts"}],"about":[{"href":"https:\/\/fr.motocrossmag.be\/index.php\/wp-json\/wp\/v2\/types\/post"}],"author":[{"embeddable":true,"href":"https:\/\/fr.motocrossmag.be\/index.php\/wp-json\/wp\/v2\/users\/932"}],"replies":[{"embeddable":true,"href":"https:\/\/fr.motocrossmag.be\/index.php\/wp-json\/wp\/v2\/comments?post=120998"}],"version-history":[{"count":0,"href":"https:\/\/fr.motocrossmag.be\/index.php\/wp-json\/wp\/v2\/posts\/120998\/revisions"}],"wp:featuredmedia":[{"embeddable":true,"href":"https:\/\/fr.motocrossmag.be\/index.php\/wp-json\/wp\/v2\/media\/120999"}],"wp:attachment":[{"href":"https:\/\/fr.motocrossmag.be\/index.php\/wp-json\/wp\/v2\/media?parent=120998"}],"wp:term":[{"taxonomy":"category","embeddable":true,"href":"https:\/\/fr.motocrossmag.be\/index.php\/wp-json\/wp\/v2\/categories?post=120998"},{"taxonomy":"post_tag","embeddable":true,"href":"https:\/\/fr.motocrossmag.be\/index.php\/wp-json\/wp\/v2\/tags?post=120998"}],"curies":[{"name":"wp","href":"https:\/\/api.w.org\/{rel}","templated":true}]}}