{"id":121005,"date":"2022-09-28T23:06:32","date_gmt":"2022-09-28T21:06:32","guid":{"rendered":"http:\/\/fr.motocrossmag.be\/?p=121005"},"modified":"2022-09-28T23:06:32","modified_gmt":"2022-09-28T21:06:32","slug":"ouverture-exceptionnelle-du-circuit-de-lierneux-en-novembre","status":"publish","type":"post","link":"https:\/\/fr.motocrossmag.be\/index.php\/2022\/09\/ouverture-exceptionnelle-du-circuit-de-lierneux-en-novembre\/","title":{"rendered":"Ouverture exceptionnelle du circuit de Lierneux en novembre"},"content":{"rendered":"<p><strong>S&rsquo;il faudra encore patienter avant de voir rouvrir d\u00e9finitivement le circuit d&rsquo;entra\u00eenement de Lierneux, le dossier \u00e9tant toujours en cours de traitement aupr\u00e8s des autorit\u00e9s comp\u00e9tentes, une ouverture exceptionnelle est cependant pr\u00e9vue les vendredi 11, samedi 12 et dimanche 13 novembre prochains. De quoi s&rsquo;offrir un long week-end d&rsquo;entra\u00eenement sur un trac\u00e9 qui a notamment d\u00e9j\u00e0 accueilli le championnat du monde de motocross junior.<\/strong><\/p>\n<p>Il sera possible de loger sur place. Le prix pour une journ\u00e9e d&rsquo;entra\u00eenement est fix\u00e9 \u00e0 20 Euros, deux journ\u00e9es vous co\u00fbteront 35 Euros alors que le week-end complet vous sera propos\u00e9 pour 50 Euros.<\/p>\n<p><span class=\"gvxzyvdx aeinzg81 t7p7dqev gh25dzvf exr7barw b6ax4al1 gem102v4 ncib64c9 mrvwc6qr sx8pxkcf f597kf1v cpcgwwas m2nijcs8 hxfwr5lz k1z55t6l oog5qr5w tes86rjd pbevjfx6\" dir=\"auto\">\u00a0<\/span><\/p>\n","protected":false},"excerpt":{"rendered":"<p>S&rsquo;il faudra encore patienter avant de voir rouvrir d\u00e9finitivement le circuit d&rsquo;entra\u00eenement de Lierneux, le dossier \u00e9tant toujours en cours de traitement aupr\u00e8s des autorit\u00e9s comp\u00e9tentes, une ouverture exceptionnelle est [&#8230;]<\/p>\n","protected":false},"author":932,"featured_media":121028,"comment_status":"open","ping_status":"closed","sticky":false,"template":"","format":"standard","meta":{"footnotes":""},"categories":[54,44,4,5,45,55,65],"tags":[1365,1363,947],"class_list":["post-121005","post","type-post","status-publish","format-standard","has-post-thumbnail","hentry","category-actualite","category-kids","category-motocross","category-news","category-news-kids","category-news-actualite","category-slideshow","tag-circuit","tag-lierneux","tag-motocross"],"yoast_head":"<!-- This site is optimized with the Yoast SEO plugin v27.4 - https:\/\/yoast.com\/product\/yoast-seo-wordpress\/ -->\n<title>Ouverture exceptionnelle du circuit de Lierneux en novembre - Motocross - Enduro - Supermoto | MotocrossMag<\/title>\n<meta name=\"robots\" content=\"index, follow, max-snippet:-1, max-image-preview:large, max-video-preview:-1\" \/>\n<link rel=\"canonical\" href=\"https:\/\/fr.motocrossmag.be\/index.php\/2022\/09\/ouverture-exceptionnelle-du-circuit-de-lierneux-en-novembre\/\" \/>\n<meta property=\"og:locale\" content=\"fr_FR\" \/>\n<meta property=\"og:type\" content=\"article\" \/>\n<meta property=\"og:title\" content=\"Ouverture exceptionnelle du circuit de Lierneux en novembre - Motocross - Enduro - Supermoto | MotocrossMag\" \/>\n<meta property=\"og:description\" content=\"S&rsquo;il faudra encore patienter avant de voir rouvrir d\u00e9finitivement le circuit d&rsquo;entra\u00eenement de Lierneux, le dossier \u00e9tant toujours en cours de traitement aupr\u00e8s des autorit\u00e9s comp\u00e9tentes, une ouverture exceptionnelle est [...]\" \/>\n<meta property=\"og:url\" content=\"https:\/\/fr.motocrossmag.be\/index.php\/2022\/09\/ouverture-exceptionnelle-du-circuit-de-lierneux-en-novembre\/\" \/>\n<meta property=\"og:site_name\" content=\"Motocross - Enduro - Supermoto | MotocrossMag\" \/>\n<meta property=\"article:published_time\" content=\"2022-09-28T21:06:32+00:00\" \/>\n<meta property=\"og:image\" content=\"https:\/\/fr.motocrossmag.be\/wp-content\/uploads\/2022\/09\/track-lierneux.jpg\" \/>\n\t<meta property=\"og:image:width\" content=\"1000\" \/>\n\t<meta property=\"og:image:height\" content=\"750\" \/>\n\t<meta property=\"og:image:type\" content=\"image\/jpeg\" \/>\n<meta name=\"author\" content=\"oliviere\" \/>\n<meta name=\"twitter:card\" content=\"summary_large_image\" \/>\n<meta name=\"twitter:label1\" content=\"\u00c9crit par\" \/>\n\t<meta name=\"twitter:data1\" content=\"oliviere\" \/>\n\t<meta name=\"twitter:label2\" content=\"Dur\u00e9e de lecture estim\u00e9e\" \/>\n\t<meta name=\"twitter:data2\" content=\"1 minute\" \/>\n<script type=\"application\/ld+json\" class=\"yoast-schema-graph\">{\"@context\":\"https:\\\/\\\/schema.org\",\"@graph\":[{\"@type\":\"Article\",\"@id\":\"https:\\\/\\\/fr.motocrossmag.be\\\/index.php\\\/2022\\\/09\\\/ouverture-exceptionnelle-du-circuit-de-lierneux-en-novembre\\\/#article\",\"isPartOf\":{\"@id\":\"https:\\\/\\\/fr.motocrossmag.be\\\/index.php\\\/2022\\\/09\\\/ouverture-exceptionnelle-du-circuit-de-lierneux-en-novembre\\\/\"},\"author\":{\"name\":\"oliviere\",\"@id\":\"https:\\\/\\\/fr.motocrossmag.be\\\/#\\\/schema\\\/person\\\/11b47143d9f755babca2c9110e03235c\"},\"headline\":\"Ouverture exceptionnelle du circuit de Lierneux en novembre\",\"datePublished\":\"2022-09-28T21:06:32+00:00\",\"mainEntityOfPage\":{\"@id\":\"https:\\\/\\\/fr.motocrossmag.be\\\/index.php\\\/2022\\\/09\\\/ouverture-exceptionnelle-du-circuit-de-lierneux-en-novembre\\\/\"},\"wordCount\":117,\"commentCount\":0,\"image\":{\"@id\":\"https:\\\/\\\/fr.motocrossmag.be\\\/index.php\\\/2022\\\/09\\\/ouverture-exceptionnelle-du-circuit-de-lierneux-en-novembre\\\/#primaryimage\"},\"thumbnailUrl\":\"https:\\\/\\\/fr.motocrossmag.be\\\/wp-content\\\/uploads\\\/2022\\\/09\\\/track-lierneux.jpg\",\"keywords\":[\"circuit\",\"lierneux\",\"Motocross\"],\"articleSection\":[\"Actualit\u00e9\",\"Kids\",\"Motocross\",\"News\",\"News\",\"News\",\"Slideshow\"],\"inLanguage\":\"fr-FR\",\"potentialAction\":[{\"@type\":\"CommentAction\",\"name\":\"Comment\",\"target\":[\"https:\\\/\\\/fr.motocrossmag.be\\\/index.php\\\/2022\\\/09\\\/ouverture-exceptionnelle-du-circuit-de-lierneux-en-novembre\\\/#respond\"]}]},{\"@type\":\"WebPage\",\"@id\":\"https:\\\/\\\/fr.motocrossmag.be\\\/index.php\\\/2022\\\/09\\\/ouverture-exceptionnelle-du-circuit-de-lierneux-en-novembre\\\/\",\"url\":\"https:\\\/\\\/fr.motocrossmag.be\\\/index.php\\\/2022\\\/09\\\/ouverture-exceptionnelle-du-circuit-de-lierneux-en-novembre\\\/\",\"name\":\"Ouverture exceptionnelle du circuit de Lierneux en novembre - Motocross - Enduro - Supermoto | MotocrossMag\",\"isPartOf\":{\"@id\":\"https:\\\/\\\/fr.motocrossmag.be\\\/#website\"},\"primaryImageOfPage\":{\"@id\":\"https:\\\/\\\/fr.motocrossmag.be\\\/index.php\\\/2022\\\/09\\\/ouverture-exceptionnelle-du-circuit-de-lierneux-en-novembre\\\/#primaryimage\"},\"image\":{\"@id\":\"https:\\\/\\\/fr.motocrossmag.be\\\/index.php\\\/2022\\\/09\\\/ouverture-exceptionnelle-du-circuit-de-lierneux-en-novembre\\\/#primaryimage\"},\"thumbnailUrl\":\"https:\\\/\\\/fr.motocrossmag.be\\\/wp-content\\\/uploads\\\/2022\\\/09\\\/track-lierneux.jpg\",\"datePublished\":\"2022-09-28T21:06:32+00:00\",\"author\":{\"@id\":\"https:\\\/\\\/fr.motocrossmag.be\\\/#\\\/schema\\\/person\\\/11b47143d9f755babca2c9110e03235c\"},\"breadcrumb\":{\"@id\":\"https:\\\/\\\/fr.motocrossmag.be\\\/index.php\\\/2022\\\/09\\\/ouverture-exceptionnelle-du-circuit-de-lierneux-en-novembre\\\/#breadcrumb\"},\"inLanguage\":\"fr-FR\",\"potentialAction\":[{\"@type\":\"ReadAction\",\"target\":[\"https:\\\/\\\/fr.motocrossmag.be\\\/index.php\\\/2022\\\/09\\\/ouverture-exceptionnelle-du-circuit-de-lierneux-en-novembre\\\/\"]}]},{\"@type\":\"ImageObject\",\"inLanguage\":\"fr-FR\",\"@id\":\"https:\\\/\\\/fr.motocrossmag.be\\\/index.php\\\/2022\\\/09\\\/ouverture-exceptionnelle-du-circuit-de-lierneux-en-novembre\\\/#primaryimage\",\"url\":\"https:\\\/\\\/fr.motocrossmag.be\\\/wp-content\\\/uploads\\\/2022\\\/09\\\/track-lierneux.jpg\",\"contentUrl\":\"https:\\\/\\\/fr.motocrossmag.be\\\/wp-content\\\/uploads\\\/2022\\\/09\\\/track-lierneux.jpg\",\"width\":\"1000\",\"height\":\"750\"},{\"@type\":\"BreadcrumbList\",\"@id\":\"https:\\\/\\\/fr.motocrossmag.be\\\/index.php\\\/2022\\\/09\\\/ouverture-exceptionnelle-du-circuit-de-lierneux-en-novembre\\\/#breadcrumb\",\"itemListElement\":[{\"@type\":\"ListItem\",\"position\":1,\"name\":\"Accueil\",\"item\":\"https:\\\/\\\/fr.motocrossmag.be\\\/\"},{\"@type\":\"ListItem\",\"position\":2,\"name\":\"Ouverture exceptionnelle du circuit de Lierneux en novembre\"}]},{\"@type\":\"WebSite\",\"@id\":\"https:\\\/\\\/fr.motocrossmag.be\\\/#website\",\"url\":\"https:\\\/\\\/fr.motocrossmag.be\\\/\",\"name\":\"Motocross - Enduro - Supermoto | MotocrossMag\",\"description\":\"L&#039;actualit\u00e9 du motocross, de l&#039;enduro et du Supermoto en ligne!\",\"potentialAction\":[{\"@type\":\"SearchAction\",\"target\":{\"@type\":\"EntryPoint\",\"urlTemplate\":\"https:\\\/\\\/fr.motocrossmag.be\\\/?s={search_term_string}\"},\"query-input\":{\"@type\":\"PropertyValueSpecification\",\"valueRequired\":true,\"valueName\":\"search_term_string\"}}],\"inLanguage\":\"fr-FR\"},{\"@type\":\"Person\",\"@id\":\"https:\\\/\\\/fr.motocrossmag.be\\\/#\\\/schema\\\/person\\\/11b47143d9f755babca2c9110e03235c\",\"name\":\"oliviere\",\"image\":{\"@type\":\"ImageObject\",\"inLanguage\":\"fr-FR\",\"@id\":\"https:\\\/\\\/secure.gravatar.com\\\/avatar\\\/907069e0b81d119452040469e4a7501da1100f54f7f80180ce77bfab718288f6?s=96&d=mm&r=g\",\"url\":\"https:\\\/\\\/secure.gravatar.com\\\/avatar\\\/907069e0b81d119452040469e4a7501da1100f54f7f80180ce77bfab718288f6?s=96&d=mm&r=g\",\"contentUrl\":\"https:\\\/\\\/secure.gravatar.com\\\/avatar\\\/907069e0b81d119452040469e4a7501da1100f54f7f80180ce77bfab718288f6?s=96&d=mm&r=g\",\"caption\":\"oliviere\"},\"sameAs\":[\"http:\\\/\\\/www.motocrossmag.be\"],\"url\":\"https:\\\/\\\/fr.motocrossmag.be\\\/index.php\\\/author\\\/oliviere\\\/\"}]}<\/script>\n<!-- \/ Yoast SEO plugin. -->","yoast_head_json":{"title":"Ouverture exceptionnelle du circuit de Lierneux en novembre - Motocross - Enduro - Supermoto | MotocrossMag","robots":{"index":"index","follow":"follow","max-snippet":"max-snippet:-1","max-image-preview":"max-image-preview:large","max-video-preview":"max-video-preview:-1"},"canonical":"https:\/\/fr.motocrossmag.be\/index.php\/2022\/09\/ouverture-exceptionnelle-du-circuit-de-lierneux-en-novembre\/","og_locale":"fr_FR","og_type":"article","og_title":"Ouverture exceptionnelle du circuit de Lierneux en novembre - Motocross - Enduro - Supermoto | MotocrossMag","og_description":"S&rsquo;il faudra encore patienter avant de voir rouvrir d\u00e9finitivement le circuit d&rsquo;entra\u00eenement de Lierneux, le dossier \u00e9tant toujours en cours de traitement aupr\u00e8s des autorit\u00e9s comp\u00e9tentes, une ouverture exceptionnelle est [...]","og_url":"https:\/\/fr.motocrossmag.be\/index.php\/2022\/09\/ouverture-exceptionnelle-du-circuit-de-lierneux-en-novembre\/","og_site_name":"Motocross - Enduro - Supermoto | MotocrossMag","article_published_time":"2022-09-28T21:06:32+00:00","og_image":[{"width":1000,"height":750,"url":"https:\/\/fr.motocrossmag.be\/wp-content\/uploads\/2022\/09\/track-lierneux.jpg","type":"image\/jpeg"}],"author":"oliviere","twitter_card":"summary_large_image","twitter_misc":{"\u00c9crit par":"oliviere","Dur\u00e9e de lecture estim\u00e9e":"1 minute"},"schema":{"@context":"https:\/\/schema.org","@graph":[{"@type":"Article","@id":"https:\/\/fr.motocrossmag.be\/index.php\/2022\/09\/ouverture-exceptionnelle-du-circuit-de-lierneux-en-novembre\/#article","isPartOf":{"@id":"https:\/\/fr.motocrossmag.be\/index.php\/2022\/09\/ouverture-exceptionnelle-du-circuit-de-lierneux-en-novembre\/"},"author":{"name":"oliviere","@id":"https:\/\/fr.motocrossmag.be\/#\/schema\/person\/11b47143d9f755babca2c9110e03235c"},"headline":"Ouverture exceptionnelle du circuit de Lierneux en novembre","datePublished":"2022-09-28T21:06:32+00:00","mainEntityOfPage":{"@id":"https:\/\/fr.motocrossmag.be\/index.php\/2022\/09\/ouverture-exceptionnelle-du-circuit-de-lierneux-en-novembre\/"},"wordCount":117,"commentCount":0,"image":{"@id":"https:\/\/fr.motocrossmag.be\/index.php\/2022\/09\/ouverture-exceptionnelle-du-circuit-de-lierneux-en-novembre\/#primaryimage"},"thumbnailUrl":"https:\/\/fr.motocrossmag.be\/wp-content\/uploads\/2022\/09\/track-lierneux.jpg","keywords":["circuit","lierneux","Motocross"],"articleSection":["Actualit\u00e9","Kids","Motocross","News","News","News","Slideshow"],"inLanguage":"fr-FR","potentialAction":[{"@type":"CommentAction","name":"Comment","target":["https:\/\/fr.motocrossmag.be\/index.php\/2022\/09\/ouverture-exceptionnelle-du-circuit-de-lierneux-en-novembre\/#respond"]}]},{"@type":"WebPage","@id":"https:\/\/fr.motocrossmag.be\/index.php\/2022\/09\/ouverture-exceptionnelle-du-circuit-de-lierneux-en-novembre\/","url":"https:\/\/fr.motocrossmag.be\/index.php\/2022\/09\/ouverture-exceptionnelle-du-circuit-de-lierneux-en-novembre\/","name":"Ouverture exceptionnelle du circuit de Lierneux en novembre - Motocross - Enduro - Supermoto | MotocrossMag","isPartOf":{"@id":"https:\/\/fr.motocrossmag.be\/#website"},"primaryImageOfPage":{"@id":"https:\/\/fr.motocrossmag.be\/index.php\/2022\/09\/ouverture-exceptionnelle-du-circuit-de-lierneux-en-novembre\/#primaryimage"},"image":{"@id":"https:\/\/fr.motocrossmag.be\/index.php\/2022\/09\/ouverture-exceptionnelle-du-circuit-de-lierneux-en-novembre\/#primaryimage"},"thumbnailUrl":"https:\/\/fr.motocrossmag.be\/wp-content\/uploads\/2022\/09\/track-lierneux.jpg","datePublished":"2022-09-28T21:06:32+00:00","author":{"@id":"https:\/\/fr.motocrossmag.be\/#\/schema\/person\/11b47143d9f755babca2c9110e03235c"},"breadcrumb":{"@id":"https:\/\/fr.motocrossmag.be\/index.php\/2022\/09\/ouverture-exceptionnelle-du-circuit-de-lierneux-en-novembre\/#breadcrumb"},"inLanguage":"fr-FR","potentialAction":[{"@type":"ReadAction","target":["https:\/\/fr.motocrossmag.be\/index.php\/2022\/09\/ouverture-exceptionnelle-du-circuit-de-lierneux-en-novembre\/"]}]},{"@type":"ImageObject","inLanguage":"fr-FR","@id":"https:\/\/fr.motocrossmag.be\/index.php\/2022\/09\/ouverture-exceptionnelle-du-circuit-de-lierneux-en-novembre\/#primaryimage","url":"https:\/\/fr.motocrossmag.be\/wp-content\/uploads\/2022\/09\/track-lierneux.jpg","contentUrl":"https:\/\/fr.motocrossmag.be\/wp-content\/uploads\/2022\/09\/track-lierneux.jpg","width":"1000","height":"750"},{"@type":"BreadcrumbList","@id":"https:\/\/fr.motocrossmag.be\/index.php\/2022\/09\/ouverture-exceptionnelle-du-circuit-de-lierneux-en-novembre\/#breadcrumb","itemListElement":[{"@type":"ListItem","position":1,"name":"Accueil","item":"https:\/\/fr.motocrossmag.be\/"},{"@type":"ListItem","position":2,"name":"Ouverture exceptionnelle du circuit de Lierneux en novembre"}]},{"@type":"WebSite","@id":"https:\/\/fr.motocrossmag.be\/#website","url":"https:\/\/fr.motocrossmag.be\/","name":"Motocross - Enduro - Supermoto | MotocrossMag","description":"L&#039;actualit\u00e9 du motocross, de l&#039;enduro et du Supermoto en ligne!","potentialAction":[{"@type":"SearchAction","target":{"@type":"EntryPoint","urlTemplate":"https:\/\/fr.motocrossmag.be\/?s={search_term_string}"},"query-input":{"@type":"PropertyValueSpecification","valueRequired":true,"valueName":"search_term_string"}}],"inLanguage":"fr-FR"},{"@type":"Person","@id":"https:\/\/fr.motocrossmag.be\/#\/schema\/person\/11b47143d9f755babca2c9110e03235c","name":"oliviere","image":{"@type":"ImageObject","inLanguage":"fr-FR","@id":"https:\/\/secure.gravatar.com\/avatar\/907069e0b81d119452040469e4a7501da1100f54f7f80180ce77bfab718288f6?s=96&d=mm&r=g","url":"https:\/\/secure.gravatar.com\/avatar\/907069e0b81d119452040469e4a7501da1100f54f7f80180ce77bfab718288f6?s=96&d=mm&r=g","contentUrl":"https:\/\/secure.gravatar.com\/avatar\/907069e0b81d119452040469e4a7501da1100f54f7f80180ce77bfab718288f6?s=96&d=mm&r=g","caption":"oliviere"},"sameAs":["http:\/\/www.motocrossmag.be"],"url":"https:\/\/fr.motocrossmag.be\/index.php\/author\/oliviere\/"}]}},"_links":{"self":[{"href":"https:\/\/fr.motocrossmag.be\/index.php\/wp-json\/wp\/v2\/posts\/121005","targetHints":{"allow":["GET"]}}],"collection":[{"href":"https:\/\/fr.motocrossmag.be\/index.php\/wp-json\/wp\/v2\/posts"}],"about":[{"href":"https:\/\/fr.motocrossmag.be\/index.php\/wp-json\/wp\/v2\/types\/post"}],"author":[{"embeddable":true,"href":"https:\/\/fr.motocrossmag.be\/index.php\/wp-json\/wp\/v2\/users\/932"}],"replies":[{"embeddable":true,"href":"https:\/\/fr.motocrossmag.be\/index.php\/wp-json\/wp\/v2\/comments?post=121005"}],"version-history":[{"count":0,"href":"https:\/\/fr.motocrossmag.be\/index.php\/wp-json\/wp\/v2\/posts\/121005\/revisions"}],"wp:featuredmedia":[{"embeddable":true,"href":"https:\/\/fr.motocrossmag.be\/index.php\/wp-json\/wp\/v2\/media\/121028"}],"wp:attachment":[{"href":"https:\/\/fr.motocrossmag.be\/index.php\/wp-json\/wp\/v2\/media?parent=121005"}],"wp:term":[{"taxonomy":"category","embeddable":true,"href":"https:\/\/fr.motocrossmag.be\/index.php\/wp-json\/wp\/v2\/categories?post=121005"},{"taxonomy":"post_tag","embeddable":true,"href":"https:\/\/fr.motocrossmag.be\/index.php\/wp-json\/wp\/v2\/tags?post=121005"}],"curies":[{"name":"wp","href":"https:\/\/api.w.org\/{rel}","templated":true}]}}