{"id":121019,"date":"2022-09-27T14:01:33","date_gmt":"2022-09-27T12:01:33","guid":{"rendered":"http:\/\/fr.motocrossmag.be\/?p=121019"},"modified":"2022-09-27T14:01:33","modified_gmt":"2022-09-27T12:01:33","slug":"jago-geerts-la-450-correspond-parfaitement-a-mon-pilotage","status":"publish","type":"post","link":"https:\/\/fr.motocrossmag.be\/index.php\/2022\/09\/jago-geerts-la-450-correspond-parfaitement-a-mon-pilotage\/","title":{"rendered":"Jago Geerts : \u00ab\u00a0La 450 correspond parfaitement \u00e0 mon pilotage\u00a0\u00bb"},"content":{"rendered":"<p><strong>Si le retour des USA sur la premi\u00e8re marche du podium final apr\u00e8s 11 ans ou la victoire de Maxime Renaux en MXGP resteront dans les m\u00e9moires, le 75\u00e8me Motocross des Nations disput\u00e9 \u00e0 RedBud ce week-end a aussi \u00e9t\u00e9 marqu\u00e9 par la d\u00e9monstration de Jago Geerts au guidon de la Yamaha 450 YZ-F. Le vice-champion du monde MX2 s&rsquo;est v\u00e9ritablement r\u00e9v\u00e9l\u00e9 au guidon de la grosse Yamaha.<\/strong><\/p>\n<p><img decoding=\"async\" class=\"lazyload alignnone size-full wp-image-121022\" src=\"http:\/\/fr.motocrossmag.be\/wp-content\/uploads\/2022\/09\/jago-geerts-mxon-1.jpeg\" data-orig-src=\"http:\/\/fr.motocrossmag.be\/wp-content\/uploads\/2022\/09\/jago-geerts-mxon-1.jpeg\" alt=\"\" width=\"1000\" height=\"666\" srcset=\"data:image\/svg+xml,%3Csvg%20xmlns%3D%27http%3A%2F%2Fwww.w3.org%2F2000%2Fsvg%27%20width%3D%271000%27%20height%3D%27666%27%20viewBox%3D%270%200%201000%20666%27%3E%3Crect%20width%3D%271000%27%20height%3D%27666%27%20fill-opacity%3D%220%22%2F%3E%3C%2Fsvg%3E\" data-srcset=\"https:\/\/fr.motocrossmag.be\/wp-content\/uploads\/2022\/09\/jago-geerts-mxon-1-650x433.jpeg 650w, https:\/\/fr.motocrossmag.be\/wp-content\/uploads\/2022\/09\/jago-geerts-mxon-1-768x511.jpeg 768w, https:\/\/fr.motocrossmag.be\/wp-content\/uploads\/2022\/09\/jago-geerts-mxon-1.jpeg 1000w\" data-sizes=\"auto\" data-orig-sizes=\"(max-width: 1000px) 100vw, 1000px\" \/><\/p>\n<p>Vainqueur \u00e0 la surprise g\u00e9n\u00e9rale de la manche qualificative MXGP le samedi devant Eli Tomac, Jago Geerts confirmait sa vitesse impressionnante au guidon de la 450 le dimanche en \u00e9tant le seul \u00e0 parvenir \u00e0 garder en ligne de mire le double champion US. Comme de nombreux observateurs l&rsquo;ont fait ce week-end, notre compatriote l&rsquo;affirme : la 450 est faite pour lui. Son contrat avec Yamaha pr\u00e9voit qu&rsquo;il rejoigne la cat\u00e9gorie reine du motocross mondial en 2024 au sein du team officiel de la marque, apr\u00e8s une ultime saison MX2 en 2023.<\/p>\n<p><img decoding=\"async\" class=\"lazyload alignnone size-full wp-image-121024\" src=\"http:\/\/fr.motocrossmag.be\/wp-content\/uploads\/2022\/09\/jago-geerts-mxdn.jpeg\" data-orig-src=\"http:\/\/fr.motocrossmag.be\/wp-content\/uploads\/2022\/09\/jago-geerts-mxdn.jpeg\" alt=\"\" width=\"1000\" height=\"666\" srcset=\"data:image\/svg+xml,%3Csvg%20xmlns%3D%27http%3A%2F%2Fwww.w3.org%2F2000%2Fsvg%27%20width%3D%271000%27%20height%3D%27666%27%20viewBox%3D%270%200%201000%20666%27%3E%3Crect%20width%3D%271000%27%20height%3D%27666%27%20fill-opacity%3D%220%22%2F%3E%3C%2Fsvg%3E\" data-srcset=\"https:\/\/fr.motocrossmag.be\/wp-content\/uploads\/2022\/09\/jago-geerts-mxdn-650x433.jpeg 650w, https:\/\/fr.motocrossmag.be\/wp-content\/uploads\/2022\/09\/jago-geerts-mxdn-768x511.jpeg 768w, https:\/\/fr.motocrossmag.be\/wp-content\/uploads\/2022\/09\/jago-geerts-mxdn.jpeg 1000w\" data-sizes=\"auto\" data-orig-sizes=\"(max-width: 1000px) 100vw, 1000px\" \/><\/p>\n<p>\u00ab\u00a0Cela restera un week-end inoubliable pour moi\u00a0\u00bb, lance enthousiaste le Limbourgeois. \u00ab\u00a0J&rsquo;ai appr\u00e9ci\u00e9 les courses \u00e0 RedBud au guidon de la 450 \u00e0 un point que vous ne pouvez sans doute pas imaginer. La cylindr\u00e9e est vraiment celle qui convient \u00e0 mon style de pilotage. Remporter samedi la manche qualif devant Tomac restera certainement comme un moment unique dans ma carri\u00e8re. Dans la premi\u00e8re manche le lendemain, Tomac \u00e9tait \u00e9videmment en t\u00eate mais j&rsquo;ai pu \u00e0 plusieurs reprises revenir \u00e0 quelques m\u00e8tres seulement de lui. Je n&rsquo;ai jamais \u00e9t\u00e9 en mesure de placer une attaque mais on avait clairement une vitesse sup\u00e9rieure \u00e0 tous les autres. Derri\u00e8re moi, le 3\u00e8me \u00e9tait \u00e0 40 secondes. Vraiment, une exp\u00e9rience unique ! Dommage cette chute au d\u00e9part de la seconde manche qui m&rsquo;a contraint \u00e0 revenir de loin. Au final, on n&rsquo;a pas pu acc\u00e9der au podium final avec le team belge mais je quitte RedBud en sachant que nous avons tous donn\u00e9 le meilleur de nous-m\u00eames pour atteindre notre objectif.<\/p>\n<p>&nbsp;<\/p>\n","protected":false},"excerpt":{"rendered":"<p>Si le retour des USA sur la premi\u00e8re marche du podium final apr\u00e8s 11 ans ou la victoire de Maxime Renaux en MXGP resteront dans les m\u00e9moires, le 75\u00e8me Motocross [&#8230;]<\/p>\n","protected":false},"author":932,"featured_media":121021,"comment_status":"open","ping_status":"closed","sticky":false,"template":"","format":"standard","meta":{"footnotes":""},"categories":[54,58,4,6,74,5,55,65],"tags":[813,947,568,288,807],"class_list":["post-121019","post","type-post","status-publish","format-standard","has-post-thumbnail","hentry","category-actualite","category-interviews-actualite","category-motocross","category-mx1mx2","category-mx-des-nations","category-news","category-news-actualite","category-slideshow","tag-jago-geerts","tag-motocross","tag-mxgp","tag-mxon","tag-redbud"],"yoast_head":"<!-- This site is optimized with the Yoast SEO plugin v27.4 - https:\/\/yoast.com\/product\/yoast-seo-wordpress\/ -->\n<title>Jago Geerts : &quot;La 450 correspond parfaitement \u00e0 mon pilotage&quot; - Motocross - Enduro - Supermoto | MotocrossMag<\/title>\n<meta name=\"robots\" content=\"index, follow, max-snippet:-1, max-image-preview:large, max-video-preview:-1\" \/>\n<link rel=\"canonical\" href=\"https:\/\/fr.motocrossmag.be\/index.php\/2022\/09\/jago-geerts-la-450-correspond-parfaitement-a-mon-pilotage\/\" \/>\n<meta property=\"og:locale\" content=\"fr_FR\" \/>\n<meta property=\"og:type\" content=\"article\" \/>\n<meta property=\"og:title\" content=\"Jago Geerts : &quot;La 450 correspond parfaitement \u00e0 mon pilotage&quot; - Motocross - Enduro - Supermoto | MotocrossMag\" \/>\n<meta property=\"og:description\" content=\"Si le retour des USA sur la premi\u00e8re marche du podium final apr\u00e8s 11 ans ou la victoire de Maxime Renaux en MXGP resteront dans les m\u00e9moires, le 75\u00e8me Motocross [...]\" \/>\n<meta property=\"og:url\" content=\"https:\/\/fr.motocrossmag.be\/index.php\/2022\/09\/jago-geerts-la-450-correspond-parfaitement-a-mon-pilotage\/\" \/>\n<meta property=\"og:site_name\" content=\"Motocross - Enduro - Supermoto | MotocrossMag\" \/>\n<meta property=\"article:published_time\" content=\"2022-09-27T12:01:33+00:00\" \/>\n<meta property=\"og:image\" content=\"https:\/\/fr.motocrossmag.be\/wp-content\/uploads\/2022\/09\/jago-geerts-450-yzf.jpeg\" \/>\n\t<meta property=\"og:image:width\" content=\"1000\" \/>\n\t<meta property=\"og:image:height\" content=\"666\" \/>\n\t<meta property=\"og:image:type\" content=\"image\/jpeg\" \/>\n<meta name=\"author\" content=\"oliviere\" \/>\n<meta name=\"twitter:card\" content=\"summary_large_image\" \/>\n<meta name=\"twitter:label1\" content=\"\u00c9crit par\" \/>\n\t<meta name=\"twitter:data1\" content=\"oliviere\" \/>\n\t<meta name=\"twitter:label2\" content=\"Dur\u00e9e de lecture estim\u00e9e\" \/>\n\t<meta name=\"twitter:data2\" content=\"2 minutes\" \/>\n<script type=\"application\/ld+json\" class=\"yoast-schema-graph\">{\"@context\":\"https:\\\/\\\/schema.org\",\"@graph\":[{\"@type\":\"Article\",\"@id\":\"https:\\\/\\\/fr.motocrossmag.be\\\/index.php\\\/2022\\\/09\\\/jago-geerts-la-450-correspond-parfaitement-a-mon-pilotage\\\/#article\",\"isPartOf\":{\"@id\":\"https:\\\/\\\/fr.motocrossmag.be\\\/index.php\\\/2022\\\/09\\\/jago-geerts-la-450-correspond-parfaitement-a-mon-pilotage\\\/\"},\"author\":{\"name\":\"oliviere\",\"@id\":\"https:\\\/\\\/fr.motocrossmag.be\\\/#\\\/schema\\\/person\\\/11b47143d9f755babca2c9110e03235c\"},\"headline\":\"Jago Geerts : \u00ab\u00a0La 450 correspond parfaitement \u00e0 mon pilotage\u00a0\u00bb\",\"datePublished\":\"2022-09-27T12:01:33+00:00\",\"mainEntityOfPage\":{\"@id\":\"https:\\\/\\\/fr.motocrossmag.be\\\/index.php\\\/2022\\\/09\\\/jago-geerts-la-450-correspond-parfaitement-a-mon-pilotage\\\/\"},\"wordCount\":347,\"commentCount\":0,\"image\":{\"@id\":\"https:\\\/\\\/fr.motocrossmag.be\\\/index.php\\\/2022\\\/09\\\/jago-geerts-la-450-correspond-parfaitement-a-mon-pilotage\\\/#primaryimage\"},\"thumbnailUrl\":\"https:\\\/\\\/fr.motocrossmag.be\\\/wp-content\\\/uploads\\\/2022\\\/09\\\/jago-geerts-450-yzf.jpeg\",\"keywords\":[\"Jago Geerts\",\"Motocross\",\"MXGP\",\"mxon\",\"redbud\"],\"articleSection\":[\"Actualit\u00e9\",\"Interviews -all\",\"Motocross\",\"Motocross MXGP\",\"MX des Nations\",\"News\",\"News\",\"Slideshow\"],\"inLanguage\":\"fr-FR\",\"potentialAction\":[{\"@type\":\"CommentAction\",\"name\":\"Comment\",\"target\":[\"https:\\\/\\\/fr.motocrossmag.be\\\/index.php\\\/2022\\\/09\\\/jago-geerts-la-450-correspond-parfaitement-a-mon-pilotage\\\/#respond\"]}]},{\"@type\":\"WebPage\",\"@id\":\"https:\\\/\\\/fr.motocrossmag.be\\\/index.php\\\/2022\\\/09\\\/jago-geerts-la-450-correspond-parfaitement-a-mon-pilotage\\\/\",\"url\":\"https:\\\/\\\/fr.motocrossmag.be\\\/index.php\\\/2022\\\/09\\\/jago-geerts-la-450-correspond-parfaitement-a-mon-pilotage\\\/\",\"name\":\"Jago Geerts : \\\"La 450 correspond parfaitement \u00e0 mon pilotage\\\" - Motocross - Enduro - Supermoto | MotocrossMag\",\"isPartOf\":{\"@id\":\"https:\\\/\\\/fr.motocrossmag.be\\\/#website\"},\"primaryImageOfPage\":{\"@id\":\"https:\\\/\\\/fr.motocrossmag.be\\\/index.php\\\/2022\\\/09\\\/jago-geerts-la-450-correspond-parfaitement-a-mon-pilotage\\\/#primaryimage\"},\"image\":{\"@id\":\"https:\\\/\\\/fr.motocrossmag.be\\\/index.php\\\/2022\\\/09\\\/jago-geerts-la-450-correspond-parfaitement-a-mon-pilotage\\\/#primaryimage\"},\"thumbnailUrl\":\"https:\\\/\\\/fr.motocrossmag.be\\\/wp-content\\\/uploads\\\/2022\\\/09\\\/jago-geerts-450-yzf.jpeg\",\"datePublished\":\"2022-09-27T12:01:33+00:00\",\"author\":{\"@id\":\"https:\\\/\\\/fr.motocrossmag.be\\\/#\\\/schema\\\/person\\\/11b47143d9f755babca2c9110e03235c\"},\"breadcrumb\":{\"@id\":\"https:\\\/\\\/fr.motocrossmag.be\\\/index.php\\\/2022\\\/09\\\/jago-geerts-la-450-correspond-parfaitement-a-mon-pilotage\\\/#breadcrumb\"},\"inLanguage\":\"fr-FR\",\"potentialAction\":[{\"@type\":\"ReadAction\",\"target\":[\"https:\\\/\\\/fr.motocrossmag.be\\\/index.php\\\/2022\\\/09\\\/jago-geerts-la-450-correspond-parfaitement-a-mon-pilotage\\\/\"]}]},{\"@type\":\"ImageObject\",\"inLanguage\":\"fr-FR\",\"@id\":\"https:\\\/\\\/fr.motocrossmag.be\\\/index.php\\\/2022\\\/09\\\/jago-geerts-la-450-correspond-parfaitement-a-mon-pilotage\\\/#primaryimage\",\"url\":\"https:\\\/\\\/fr.motocrossmag.be\\\/wp-content\\\/uploads\\\/2022\\\/09\\\/jago-geerts-450-yzf.jpeg\",\"contentUrl\":\"https:\\\/\\\/fr.motocrossmag.be\\\/wp-content\\\/uploads\\\/2022\\\/09\\\/jago-geerts-450-yzf.jpeg\",\"width\":\"1000\",\"height\":\"666\"},{\"@type\":\"BreadcrumbList\",\"@id\":\"https:\\\/\\\/fr.motocrossmag.be\\\/index.php\\\/2022\\\/09\\\/jago-geerts-la-450-correspond-parfaitement-a-mon-pilotage\\\/#breadcrumb\",\"itemListElement\":[{\"@type\":\"ListItem\",\"position\":1,\"name\":\"Accueil\",\"item\":\"https:\\\/\\\/fr.motocrossmag.be\\\/\"},{\"@type\":\"ListItem\",\"position\":2,\"name\":\"Jago Geerts : \u00ab\u00a0La 450 correspond parfaitement \u00e0 mon pilotage\u00a0\u00bb\"}]},{\"@type\":\"WebSite\",\"@id\":\"https:\\\/\\\/fr.motocrossmag.be\\\/#website\",\"url\":\"https:\\\/\\\/fr.motocrossmag.be\\\/\",\"name\":\"Motocross - Enduro - Supermoto | MotocrossMag\",\"description\":\"L&#039;actualit\u00e9 du motocross, de l&#039;enduro et du Supermoto en ligne!\",\"potentialAction\":[{\"@type\":\"SearchAction\",\"target\":{\"@type\":\"EntryPoint\",\"urlTemplate\":\"https:\\\/\\\/fr.motocrossmag.be\\\/?s={search_term_string}\"},\"query-input\":{\"@type\":\"PropertyValueSpecification\",\"valueRequired\":true,\"valueName\":\"search_term_string\"}}],\"inLanguage\":\"fr-FR\"},{\"@type\":\"Person\",\"@id\":\"https:\\\/\\\/fr.motocrossmag.be\\\/#\\\/schema\\\/person\\\/11b47143d9f755babca2c9110e03235c\",\"name\":\"oliviere\",\"image\":{\"@type\":\"ImageObject\",\"inLanguage\":\"fr-FR\",\"@id\":\"https:\\\/\\\/secure.gravatar.com\\\/avatar\\\/907069e0b81d119452040469e4a7501da1100f54f7f80180ce77bfab718288f6?s=96&d=mm&r=g\",\"url\":\"https:\\\/\\\/secure.gravatar.com\\\/avatar\\\/907069e0b81d119452040469e4a7501da1100f54f7f80180ce77bfab718288f6?s=96&d=mm&r=g\",\"contentUrl\":\"https:\\\/\\\/secure.gravatar.com\\\/avatar\\\/907069e0b81d119452040469e4a7501da1100f54f7f80180ce77bfab718288f6?s=96&d=mm&r=g\",\"caption\":\"oliviere\"},\"sameAs\":[\"http:\\\/\\\/www.motocrossmag.be\"],\"url\":\"https:\\\/\\\/fr.motocrossmag.be\\\/index.php\\\/author\\\/oliviere\\\/\"}]}<\/script>\n<!-- \/ Yoast SEO plugin. -->","yoast_head_json":{"title":"Jago Geerts : \"La 450 correspond parfaitement \u00e0 mon pilotage\" - Motocross - Enduro - Supermoto | MotocrossMag","robots":{"index":"index","follow":"follow","max-snippet":"max-snippet:-1","max-image-preview":"max-image-preview:large","max-video-preview":"max-video-preview:-1"},"canonical":"https:\/\/fr.motocrossmag.be\/index.php\/2022\/09\/jago-geerts-la-450-correspond-parfaitement-a-mon-pilotage\/","og_locale":"fr_FR","og_type":"article","og_title":"Jago Geerts : \"La 450 correspond parfaitement \u00e0 mon pilotage\" - Motocross - Enduro - Supermoto | MotocrossMag","og_description":"Si le retour des USA sur la premi\u00e8re marche du podium final apr\u00e8s 11 ans ou la victoire de Maxime Renaux en MXGP resteront dans les m\u00e9moires, le 75\u00e8me Motocross [...]","og_url":"https:\/\/fr.motocrossmag.be\/index.php\/2022\/09\/jago-geerts-la-450-correspond-parfaitement-a-mon-pilotage\/","og_site_name":"Motocross - Enduro - Supermoto | MotocrossMag","article_published_time":"2022-09-27T12:01:33+00:00","og_image":[{"width":1000,"height":666,"url":"https:\/\/fr.motocrossmag.be\/wp-content\/uploads\/2022\/09\/jago-geerts-450-yzf.jpeg","type":"image\/jpeg"}],"author":"oliviere","twitter_card":"summary_large_image","twitter_misc":{"\u00c9crit par":"oliviere","Dur\u00e9e de lecture estim\u00e9e":"2 minutes"},"schema":{"@context":"https:\/\/schema.org","@graph":[{"@type":"Article","@id":"https:\/\/fr.motocrossmag.be\/index.php\/2022\/09\/jago-geerts-la-450-correspond-parfaitement-a-mon-pilotage\/#article","isPartOf":{"@id":"https:\/\/fr.motocrossmag.be\/index.php\/2022\/09\/jago-geerts-la-450-correspond-parfaitement-a-mon-pilotage\/"},"author":{"name":"oliviere","@id":"https:\/\/fr.motocrossmag.be\/#\/schema\/person\/11b47143d9f755babca2c9110e03235c"},"headline":"Jago Geerts : \u00ab\u00a0La 450 correspond parfaitement \u00e0 mon pilotage\u00a0\u00bb","datePublished":"2022-09-27T12:01:33+00:00","mainEntityOfPage":{"@id":"https:\/\/fr.motocrossmag.be\/index.php\/2022\/09\/jago-geerts-la-450-correspond-parfaitement-a-mon-pilotage\/"},"wordCount":347,"commentCount":0,"image":{"@id":"https:\/\/fr.motocrossmag.be\/index.php\/2022\/09\/jago-geerts-la-450-correspond-parfaitement-a-mon-pilotage\/#primaryimage"},"thumbnailUrl":"https:\/\/fr.motocrossmag.be\/wp-content\/uploads\/2022\/09\/jago-geerts-450-yzf.jpeg","keywords":["Jago Geerts","Motocross","MXGP","mxon","redbud"],"articleSection":["Actualit\u00e9","Interviews -all","Motocross","Motocross MXGP","MX des Nations","News","News","Slideshow"],"inLanguage":"fr-FR","potentialAction":[{"@type":"CommentAction","name":"Comment","target":["https:\/\/fr.motocrossmag.be\/index.php\/2022\/09\/jago-geerts-la-450-correspond-parfaitement-a-mon-pilotage\/#respond"]}]},{"@type":"WebPage","@id":"https:\/\/fr.motocrossmag.be\/index.php\/2022\/09\/jago-geerts-la-450-correspond-parfaitement-a-mon-pilotage\/","url":"https:\/\/fr.motocrossmag.be\/index.php\/2022\/09\/jago-geerts-la-450-correspond-parfaitement-a-mon-pilotage\/","name":"Jago Geerts : \"La 450 correspond parfaitement \u00e0 mon pilotage\" - Motocross - Enduro - Supermoto | MotocrossMag","isPartOf":{"@id":"https:\/\/fr.motocrossmag.be\/#website"},"primaryImageOfPage":{"@id":"https:\/\/fr.motocrossmag.be\/index.php\/2022\/09\/jago-geerts-la-450-correspond-parfaitement-a-mon-pilotage\/#primaryimage"},"image":{"@id":"https:\/\/fr.motocrossmag.be\/index.php\/2022\/09\/jago-geerts-la-450-correspond-parfaitement-a-mon-pilotage\/#primaryimage"},"thumbnailUrl":"https:\/\/fr.motocrossmag.be\/wp-content\/uploads\/2022\/09\/jago-geerts-450-yzf.jpeg","datePublished":"2022-09-27T12:01:33+00:00","author":{"@id":"https:\/\/fr.motocrossmag.be\/#\/schema\/person\/11b47143d9f755babca2c9110e03235c"},"breadcrumb":{"@id":"https:\/\/fr.motocrossmag.be\/index.php\/2022\/09\/jago-geerts-la-450-correspond-parfaitement-a-mon-pilotage\/#breadcrumb"},"inLanguage":"fr-FR","potentialAction":[{"@type":"ReadAction","target":["https:\/\/fr.motocrossmag.be\/index.php\/2022\/09\/jago-geerts-la-450-correspond-parfaitement-a-mon-pilotage\/"]}]},{"@type":"ImageObject","inLanguage":"fr-FR","@id":"https:\/\/fr.motocrossmag.be\/index.php\/2022\/09\/jago-geerts-la-450-correspond-parfaitement-a-mon-pilotage\/#primaryimage","url":"https:\/\/fr.motocrossmag.be\/wp-content\/uploads\/2022\/09\/jago-geerts-450-yzf.jpeg","contentUrl":"https:\/\/fr.motocrossmag.be\/wp-content\/uploads\/2022\/09\/jago-geerts-450-yzf.jpeg","width":"1000","height":"666"},{"@type":"BreadcrumbList","@id":"https:\/\/fr.motocrossmag.be\/index.php\/2022\/09\/jago-geerts-la-450-correspond-parfaitement-a-mon-pilotage\/#breadcrumb","itemListElement":[{"@type":"ListItem","position":1,"name":"Accueil","item":"https:\/\/fr.motocrossmag.be\/"},{"@type":"ListItem","position":2,"name":"Jago Geerts : \u00ab\u00a0La 450 correspond parfaitement \u00e0 mon pilotage\u00a0\u00bb"}]},{"@type":"WebSite","@id":"https:\/\/fr.motocrossmag.be\/#website","url":"https:\/\/fr.motocrossmag.be\/","name":"Motocross - Enduro - Supermoto | MotocrossMag","description":"L&#039;actualit\u00e9 du motocross, de l&#039;enduro et du Supermoto en ligne!","potentialAction":[{"@type":"SearchAction","target":{"@type":"EntryPoint","urlTemplate":"https:\/\/fr.motocrossmag.be\/?s={search_term_string}"},"query-input":{"@type":"PropertyValueSpecification","valueRequired":true,"valueName":"search_term_string"}}],"inLanguage":"fr-FR"},{"@type":"Person","@id":"https:\/\/fr.motocrossmag.be\/#\/schema\/person\/11b47143d9f755babca2c9110e03235c","name":"oliviere","image":{"@type":"ImageObject","inLanguage":"fr-FR","@id":"https:\/\/secure.gravatar.com\/avatar\/907069e0b81d119452040469e4a7501da1100f54f7f80180ce77bfab718288f6?s=96&d=mm&r=g","url":"https:\/\/secure.gravatar.com\/avatar\/907069e0b81d119452040469e4a7501da1100f54f7f80180ce77bfab718288f6?s=96&d=mm&r=g","contentUrl":"https:\/\/secure.gravatar.com\/avatar\/907069e0b81d119452040469e4a7501da1100f54f7f80180ce77bfab718288f6?s=96&d=mm&r=g","caption":"oliviere"},"sameAs":["http:\/\/www.motocrossmag.be"],"url":"https:\/\/fr.motocrossmag.be\/index.php\/author\/oliviere\/"}]}},"_links":{"self":[{"href":"https:\/\/fr.motocrossmag.be\/index.php\/wp-json\/wp\/v2\/posts\/121019","targetHints":{"allow":["GET"]}}],"collection":[{"href":"https:\/\/fr.motocrossmag.be\/index.php\/wp-json\/wp\/v2\/posts"}],"about":[{"href":"https:\/\/fr.motocrossmag.be\/index.php\/wp-json\/wp\/v2\/types\/post"}],"author":[{"embeddable":true,"href":"https:\/\/fr.motocrossmag.be\/index.php\/wp-json\/wp\/v2\/users\/932"}],"replies":[{"embeddable":true,"href":"https:\/\/fr.motocrossmag.be\/index.php\/wp-json\/wp\/v2\/comments?post=121019"}],"version-history":[{"count":0,"href":"https:\/\/fr.motocrossmag.be\/index.php\/wp-json\/wp\/v2\/posts\/121019\/revisions"}],"wp:featuredmedia":[{"embeddable":true,"href":"https:\/\/fr.motocrossmag.be\/index.php\/wp-json\/wp\/v2\/media\/121021"}],"wp:attachment":[{"href":"https:\/\/fr.motocrossmag.be\/index.php\/wp-json\/wp\/v2\/media?parent=121019"}],"wp:term":[{"taxonomy":"category","embeddable":true,"href":"https:\/\/fr.motocrossmag.be\/index.php\/wp-json\/wp\/v2\/categories?post=121019"},{"taxonomy":"post_tag","embeddable":true,"href":"https:\/\/fr.motocrossmag.be\/index.php\/wp-json\/wp\/v2\/tags?post=121019"}],"curies":[{"name":"wp","href":"https:\/\/api.w.org\/{rel}","templated":true}]}}