{"id":121020,"date":"2022-09-29T00:07:04","date_gmt":"2022-09-28T22:07:04","guid":{"rendered":"http:\/\/fr.motocrossmag.be\/?p=121020"},"modified":"2022-09-29T00:07:04","modified_gmt":"2022-09-28T22:07:04","slug":"liam-everts-pas-mon-meilleur-week-end","status":"publish","type":"post","link":"https:\/\/fr.motocrossmag.be\/index.php\/2022\/09\/liam-everts-pas-mon-meilleur-week-end\/","title":{"rendered":"Liam Everts : \u00ab\u00a0Pas mon meilleur week-end&#8230;\u00a0\u00bb"},"content":{"rendered":"<p><strong>Pour sa deuxi\u00e8me participation au Motocross des Nations, Liam Everts a termin\u00e9 douzi\u00e8me puis 14\u00e8me de ses deux manches. Loin de d\u00e9m\u00e9riter, le pilote KTM reconna\u00eet cependant que RedBud n&rsquo;a pas \u00e9t\u00e9 sa meilleure course de la saison. Coupl\u00e9e \u00e0 celle de Jago Geerts et de Jeremy Van Horebeek, elle a cependant permis \u00e0 la Belgique d&rsquo;accrocher un top-5 dans ce MX des Nations au niveau particuli\u00e8rement \u00e9lev\u00e9 cette ann\u00e9e.<\/strong><\/p>\n<p><img decoding=\"async\" class=\"lazyload alignnone size-full wp-image-121030\" src=\"http:\/\/fr.motocrossmag.be\/wp-content\/uploads\/2022\/09\/477471_Everts_MXoN_RedBud_2022_AI2I5901_MXoN-2022-_-Redbud-_USA_.jpg\" data-orig-src=\"http:\/\/fr.motocrossmag.be\/wp-content\/uploads\/2022\/09\/477471_Everts_MXoN_RedBud_2022_AI2I5901_MXoN-2022-_-Redbud-_USA_.jpg\" alt=\"\" width=\"1000\" height=\"666\" srcset=\"data:image\/svg+xml,%3Csvg%20xmlns%3D%27http%3A%2F%2Fwww.w3.org%2F2000%2Fsvg%27%20width%3D%271000%27%20height%3D%27666%27%20viewBox%3D%270%200%201000%20666%27%3E%3Crect%20width%3D%271000%27%20height%3D%27666%27%20fill-opacity%3D%220%22%2F%3E%3C%2Fsvg%3E\" data-srcset=\"https:\/\/fr.motocrossmag.be\/wp-content\/uploads\/2022\/09\/477471_Everts_MXoN_RedBud_2022_AI2I5901_MXoN-2022-_-Redbud-_USA_-650x433.jpg 650w, https:\/\/fr.motocrossmag.be\/wp-content\/uploads\/2022\/09\/477471_Everts_MXoN_RedBud_2022_AI2I5901_MXoN-2022-_-Redbud-_USA_-768x511.jpg 768w, https:\/\/fr.motocrossmag.be\/wp-content\/uploads\/2022\/09\/477471_Everts_MXoN_RedBud_2022_AI2I5901_MXoN-2022-_-Redbud-_USA_.jpg 1000w\" data-sizes=\"auto\" data-orig-sizes=\"(max-width: 1000px) 100vw, 1000px\" \/><\/p>\n<p>\u00ab\u00a0Ce n&rsquo;\u00e9tait clairement pas le meilleur week-end de la saison pour moi, disons-le\u00a0\u00bb, entame Everts. \u00ab\u00a0Samedi, le circuit \u00e9tait un peu rapide \u00e0 mon go\u00fbt alors qu&rsquo;il \u00e9tait beaucoup plus lent dimanche \u00e0 cause de la pluie qui a persist\u00e9 toute la journ\u00e9e. Mais bon, il n&rsquo;y a pas d&rsquo;excuse \u00e0 chercher. Ce n&rsquo;\u00e9tait tout simplement pas ma journ\u00e9e, un point c&rsquo;est tout. Durant les qualifications, j&rsquo;\u00e9tais nerveux. Dimanche, j&rsquo;ai rat\u00e9 mes d\u00e9parts. En parlant de mes r\u00e9sultats, avec une douzi\u00e8me puis une quatorzi\u00e8me places dans les manches, m\u00eame avec une remont\u00e9e depuis la derni\u00e8re place en seconde manche, je ne peux clairement pas les consid\u00e9rer comme un succ\u00e8s.\u00a0\u00bb<\/p>\n<p>S&rsquo;il reste mod\u00e9r\u00e9 et tr\u00e8s lucide sur sa propre performance, Liam Everts ne manque pas de rester admiratif face \u00e0 celle de son co\u00e9quipier Jago Geerts. \u00ab\u00a0Jago a clairement provoqu\u00e9 l&rsquo;un des moments forts du week-end \u00e0 RedBud. Remporter la qualif puis terminer loin devant dimanche en premi\u00e8re manche avec la superstar US Eli Tomac qui est actuellement au top de sa forme, c&rsquo;\u00e9tait tout simplement \u00e9norme. N&rsquo;oublions pas que Jago n&rsquo;avait pas vraiment d&rsquo;exp\u00e9rience au guidon d&rsquo;une 450. Il n&rsquo;y a qu&rsquo;un mot pour qualifier sa performance : impressionnant !\u00a0\u00bb<\/p>\n","protected":false},"excerpt":{"rendered":"<p>Pour sa deuxi\u00e8me participation au Motocross des Nations, Liam Everts a termin\u00e9 douzi\u00e8me puis 14\u00e8me de ses deux manches. Loin de d\u00e9m\u00e9riter, le pilote KTM reconna\u00eet cependant que RedBud n&rsquo;a [&#8230;]<\/p>\n","protected":false},"author":932,"featured_media":121029,"comment_status":"open","ping_status":"closed","sticky":false,"template":"","format":"standard","meta":{"footnotes":""},"categories":[54,7,58,4,6,74,5,55,65],"tags":[1247,947,288,807],"class_list":["post-121020","post","type-post","status-publish","format-standard","has-post-thumbnail","hentry","category-actualite","category-interviews","category-interviews-actualite","category-motocross","category-mx1mx2","category-mx-des-nations","category-news","category-news-actualite","category-slideshow","tag-liam-everts","tag-motocross","tag-mxon","tag-redbud"],"yoast_head":"<!-- This site is optimized with the Yoast SEO plugin v27.4 - https:\/\/yoast.com\/product\/yoast-seo-wordpress\/ -->\n<title>Liam Everts : &quot;Pas mon meilleur week-end...&quot; - Motocross - Enduro - Supermoto | MotocrossMag<\/title>\n<meta name=\"robots\" content=\"index, follow, max-snippet:-1, max-image-preview:large, max-video-preview:-1\" \/>\n<link rel=\"canonical\" href=\"https:\/\/fr.motocrossmag.be\/index.php\/2022\/09\/liam-everts-pas-mon-meilleur-week-end\/\" \/>\n<meta property=\"og:locale\" content=\"fr_FR\" \/>\n<meta property=\"og:type\" content=\"article\" \/>\n<meta property=\"og:title\" content=\"Liam Everts : &quot;Pas mon meilleur week-end...&quot; - Motocross - Enduro - Supermoto | MotocrossMag\" \/>\n<meta property=\"og:description\" content=\"Pour sa deuxi\u00e8me participation au Motocross des Nations, Liam Everts a termin\u00e9 douzi\u00e8me puis 14\u00e8me de ses deux manches. Loin de d\u00e9m\u00e9riter, le pilote KTM reconna\u00eet cependant que RedBud n&rsquo;a [...]\" \/>\n<meta property=\"og:url\" content=\"https:\/\/fr.motocrossmag.be\/index.php\/2022\/09\/liam-everts-pas-mon-meilleur-week-end\/\" \/>\n<meta property=\"og:site_name\" content=\"Motocross - Enduro - Supermoto | MotocrossMag\" \/>\n<meta property=\"article:published_time\" content=\"2022-09-28T22:07:04+00:00\" \/>\n<meta property=\"og:image\" content=\"https:\/\/fr.motocrossmag.be\/wp-content\/uploads\/2022\/09\/477467_Everts_MXoN_RedBud_2022_AI2I5365_MXoN-2022-_-Redbud-_USA_.jpg\" \/>\n\t<meta property=\"og:image:width\" content=\"1000\" \/>\n\t<meta property=\"og:image:height\" content=\"666\" \/>\n\t<meta property=\"og:image:type\" content=\"image\/jpeg\" \/>\n<meta name=\"author\" content=\"oliviere\" \/>\n<meta name=\"twitter:card\" content=\"summary_large_image\" \/>\n<meta name=\"twitter:label1\" content=\"\u00c9crit par\" \/>\n\t<meta name=\"twitter:data1\" content=\"oliviere\" \/>\n\t<meta name=\"twitter:label2\" content=\"Dur\u00e9e de lecture estim\u00e9e\" \/>\n\t<meta name=\"twitter:data2\" content=\"1 minute\" \/>\n<script type=\"application\/ld+json\" class=\"yoast-schema-graph\">{\"@context\":\"https:\\\/\\\/schema.org\",\"@graph\":[{\"@type\":\"Article\",\"@id\":\"https:\\\/\\\/fr.motocrossmag.be\\\/index.php\\\/2022\\\/09\\\/liam-everts-pas-mon-meilleur-week-end\\\/#article\",\"isPartOf\":{\"@id\":\"https:\\\/\\\/fr.motocrossmag.be\\\/index.php\\\/2022\\\/09\\\/liam-everts-pas-mon-meilleur-week-end\\\/\"},\"author\":{\"name\":\"oliviere\",\"@id\":\"https:\\\/\\\/fr.motocrossmag.be\\\/#\\\/schema\\\/person\\\/11b47143d9f755babca2c9110e03235c\"},\"headline\":\"Liam Everts : \u00ab\u00a0Pas mon meilleur week-end&#8230;\u00a0\u00bb\",\"datePublished\":\"2022-09-28T22:07:04+00:00\",\"mainEntityOfPage\":{\"@id\":\"https:\\\/\\\/fr.motocrossmag.be\\\/index.php\\\/2022\\\/09\\\/liam-everts-pas-mon-meilleur-week-end\\\/\"},\"wordCount\":310,\"commentCount\":0,\"image\":{\"@id\":\"https:\\\/\\\/fr.motocrossmag.be\\\/index.php\\\/2022\\\/09\\\/liam-everts-pas-mon-meilleur-week-end\\\/#primaryimage\"},\"thumbnailUrl\":\"https:\\\/\\\/fr.motocrossmag.be\\\/wp-content\\\/uploads\\\/2022\\\/09\\\/477467_Everts_MXoN_RedBud_2022_AI2I5365_MXoN-2022-_-Redbud-_USA_.jpg\",\"keywords\":[\"liam everts\",\"Motocross\",\"mxon\",\"redbud\"],\"articleSection\":[\"Actualit\u00e9\",\"Interviews\",\"Interviews -all\",\"Motocross\",\"Motocross MXGP\",\"MX des Nations\",\"News\",\"News\",\"Slideshow\"],\"inLanguage\":\"fr-FR\",\"potentialAction\":[{\"@type\":\"CommentAction\",\"name\":\"Comment\",\"target\":[\"https:\\\/\\\/fr.motocrossmag.be\\\/index.php\\\/2022\\\/09\\\/liam-everts-pas-mon-meilleur-week-end\\\/#respond\"]}]},{\"@type\":\"WebPage\",\"@id\":\"https:\\\/\\\/fr.motocrossmag.be\\\/index.php\\\/2022\\\/09\\\/liam-everts-pas-mon-meilleur-week-end\\\/\",\"url\":\"https:\\\/\\\/fr.motocrossmag.be\\\/index.php\\\/2022\\\/09\\\/liam-everts-pas-mon-meilleur-week-end\\\/\",\"name\":\"Liam Everts : \\\"Pas mon meilleur week-end...\\\" - Motocross - Enduro - Supermoto | MotocrossMag\",\"isPartOf\":{\"@id\":\"https:\\\/\\\/fr.motocrossmag.be\\\/#website\"},\"primaryImageOfPage\":{\"@id\":\"https:\\\/\\\/fr.motocrossmag.be\\\/index.php\\\/2022\\\/09\\\/liam-everts-pas-mon-meilleur-week-end\\\/#primaryimage\"},\"image\":{\"@id\":\"https:\\\/\\\/fr.motocrossmag.be\\\/index.php\\\/2022\\\/09\\\/liam-everts-pas-mon-meilleur-week-end\\\/#primaryimage\"},\"thumbnailUrl\":\"https:\\\/\\\/fr.motocrossmag.be\\\/wp-content\\\/uploads\\\/2022\\\/09\\\/477467_Everts_MXoN_RedBud_2022_AI2I5365_MXoN-2022-_-Redbud-_USA_.jpg\",\"datePublished\":\"2022-09-28T22:07:04+00:00\",\"author\":{\"@id\":\"https:\\\/\\\/fr.motocrossmag.be\\\/#\\\/schema\\\/person\\\/11b47143d9f755babca2c9110e03235c\"},\"breadcrumb\":{\"@id\":\"https:\\\/\\\/fr.motocrossmag.be\\\/index.php\\\/2022\\\/09\\\/liam-everts-pas-mon-meilleur-week-end\\\/#breadcrumb\"},\"inLanguage\":\"fr-FR\",\"potentialAction\":[{\"@type\":\"ReadAction\",\"target\":[\"https:\\\/\\\/fr.motocrossmag.be\\\/index.php\\\/2022\\\/09\\\/liam-everts-pas-mon-meilleur-week-end\\\/\"]}]},{\"@type\":\"ImageObject\",\"inLanguage\":\"fr-FR\",\"@id\":\"https:\\\/\\\/fr.motocrossmag.be\\\/index.php\\\/2022\\\/09\\\/liam-everts-pas-mon-meilleur-week-end\\\/#primaryimage\",\"url\":\"https:\\\/\\\/fr.motocrossmag.be\\\/wp-content\\\/uploads\\\/2022\\\/09\\\/477467_Everts_MXoN_RedBud_2022_AI2I5365_MXoN-2022-_-Redbud-_USA_.jpg\",\"contentUrl\":\"https:\\\/\\\/fr.motocrossmag.be\\\/wp-content\\\/uploads\\\/2022\\\/09\\\/477467_Everts_MXoN_RedBud_2022_AI2I5365_MXoN-2022-_-Redbud-_USA_.jpg\",\"width\":\"1000\",\"height\":\"666\"},{\"@type\":\"BreadcrumbList\",\"@id\":\"https:\\\/\\\/fr.motocrossmag.be\\\/index.php\\\/2022\\\/09\\\/liam-everts-pas-mon-meilleur-week-end\\\/#breadcrumb\",\"itemListElement\":[{\"@type\":\"ListItem\",\"position\":1,\"name\":\"Accueil\",\"item\":\"https:\\\/\\\/fr.motocrossmag.be\\\/\"},{\"@type\":\"ListItem\",\"position\":2,\"name\":\"Liam Everts : \u00ab\u00a0Pas mon meilleur week-end&#8230;\u00a0\u00bb\"}]},{\"@type\":\"WebSite\",\"@id\":\"https:\\\/\\\/fr.motocrossmag.be\\\/#website\",\"url\":\"https:\\\/\\\/fr.motocrossmag.be\\\/\",\"name\":\"Motocross - Enduro - Supermoto | MotocrossMag\",\"description\":\"L&#039;actualit\u00e9 du motocross, de l&#039;enduro et du Supermoto en ligne!\",\"potentialAction\":[{\"@type\":\"SearchAction\",\"target\":{\"@type\":\"EntryPoint\",\"urlTemplate\":\"https:\\\/\\\/fr.motocrossmag.be\\\/?s={search_term_string}\"},\"query-input\":{\"@type\":\"PropertyValueSpecification\",\"valueRequired\":true,\"valueName\":\"search_term_string\"}}],\"inLanguage\":\"fr-FR\"},{\"@type\":\"Person\",\"@id\":\"https:\\\/\\\/fr.motocrossmag.be\\\/#\\\/schema\\\/person\\\/11b47143d9f755babca2c9110e03235c\",\"name\":\"oliviere\",\"image\":{\"@type\":\"ImageObject\",\"inLanguage\":\"fr-FR\",\"@id\":\"https:\\\/\\\/secure.gravatar.com\\\/avatar\\\/907069e0b81d119452040469e4a7501da1100f54f7f80180ce77bfab718288f6?s=96&d=mm&r=g\",\"url\":\"https:\\\/\\\/secure.gravatar.com\\\/avatar\\\/907069e0b81d119452040469e4a7501da1100f54f7f80180ce77bfab718288f6?s=96&d=mm&r=g\",\"contentUrl\":\"https:\\\/\\\/secure.gravatar.com\\\/avatar\\\/907069e0b81d119452040469e4a7501da1100f54f7f80180ce77bfab718288f6?s=96&d=mm&r=g\",\"caption\":\"oliviere\"},\"sameAs\":[\"http:\\\/\\\/www.motocrossmag.be\"],\"url\":\"https:\\\/\\\/fr.motocrossmag.be\\\/index.php\\\/author\\\/oliviere\\\/\"}]}<\/script>\n<!-- \/ Yoast SEO plugin. -->","yoast_head_json":{"title":"Liam Everts : \"Pas mon meilleur week-end...\" - Motocross - Enduro - Supermoto | MotocrossMag","robots":{"index":"index","follow":"follow","max-snippet":"max-snippet:-1","max-image-preview":"max-image-preview:large","max-video-preview":"max-video-preview:-1"},"canonical":"https:\/\/fr.motocrossmag.be\/index.php\/2022\/09\/liam-everts-pas-mon-meilleur-week-end\/","og_locale":"fr_FR","og_type":"article","og_title":"Liam Everts : \"Pas mon meilleur week-end...\" - Motocross - Enduro - Supermoto | MotocrossMag","og_description":"Pour sa deuxi\u00e8me participation au Motocross des Nations, Liam Everts a termin\u00e9 douzi\u00e8me puis 14\u00e8me de ses deux manches. Loin de d\u00e9m\u00e9riter, le pilote KTM reconna\u00eet cependant que RedBud n&rsquo;a [...]","og_url":"https:\/\/fr.motocrossmag.be\/index.php\/2022\/09\/liam-everts-pas-mon-meilleur-week-end\/","og_site_name":"Motocross - Enduro - Supermoto | MotocrossMag","article_published_time":"2022-09-28T22:07:04+00:00","og_image":[{"width":1000,"height":666,"url":"https:\/\/fr.motocrossmag.be\/wp-content\/uploads\/2022\/09\/477467_Everts_MXoN_RedBud_2022_AI2I5365_MXoN-2022-_-Redbud-_USA_.jpg","type":"image\/jpeg"}],"author":"oliviere","twitter_card":"summary_large_image","twitter_misc":{"\u00c9crit par":"oliviere","Dur\u00e9e de lecture estim\u00e9e":"1 minute"},"schema":{"@context":"https:\/\/schema.org","@graph":[{"@type":"Article","@id":"https:\/\/fr.motocrossmag.be\/index.php\/2022\/09\/liam-everts-pas-mon-meilleur-week-end\/#article","isPartOf":{"@id":"https:\/\/fr.motocrossmag.be\/index.php\/2022\/09\/liam-everts-pas-mon-meilleur-week-end\/"},"author":{"name":"oliviere","@id":"https:\/\/fr.motocrossmag.be\/#\/schema\/person\/11b47143d9f755babca2c9110e03235c"},"headline":"Liam Everts : \u00ab\u00a0Pas mon meilleur week-end&#8230;\u00a0\u00bb","datePublished":"2022-09-28T22:07:04+00:00","mainEntityOfPage":{"@id":"https:\/\/fr.motocrossmag.be\/index.php\/2022\/09\/liam-everts-pas-mon-meilleur-week-end\/"},"wordCount":310,"commentCount":0,"image":{"@id":"https:\/\/fr.motocrossmag.be\/index.php\/2022\/09\/liam-everts-pas-mon-meilleur-week-end\/#primaryimage"},"thumbnailUrl":"https:\/\/fr.motocrossmag.be\/wp-content\/uploads\/2022\/09\/477467_Everts_MXoN_RedBud_2022_AI2I5365_MXoN-2022-_-Redbud-_USA_.jpg","keywords":["liam everts","Motocross","mxon","redbud"],"articleSection":["Actualit\u00e9","Interviews","Interviews -all","Motocross","Motocross MXGP","MX des Nations","News","News","Slideshow"],"inLanguage":"fr-FR","potentialAction":[{"@type":"CommentAction","name":"Comment","target":["https:\/\/fr.motocrossmag.be\/index.php\/2022\/09\/liam-everts-pas-mon-meilleur-week-end\/#respond"]}]},{"@type":"WebPage","@id":"https:\/\/fr.motocrossmag.be\/index.php\/2022\/09\/liam-everts-pas-mon-meilleur-week-end\/","url":"https:\/\/fr.motocrossmag.be\/index.php\/2022\/09\/liam-everts-pas-mon-meilleur-week-end\/","name":"Liam Everts : \"Pas mon meilleur week-end...\" - Motocross - Enduro - Supermoto | MotocrossMag","isPartOf":{"@id":"https:\/\/fr.motocrossmag.be\/#website"},"primaryImageOfPage":{"@id":"https:\/\/fr.motocrossmag.be\/index.php\/2022\/09\/liam-everts-pas-mon-meilleur-week-end\/#primaryimage"},"image":{"@id":"https:\/\/fr.motocrossmag.be\/index.php\/2022\/09\/liam-everts-pas-mon-meilleur-week-end\/#primaryimage"},"thumbnailUrl":"https:\/\/fr.motocrossmag.be\/wp-content\/uploads\/2022\/09\/477467_Everts_MXoN_RedBud_2022_AI2I5365_MXoN-2022-_-Redbud-_USA_.jpg","datePublished":"2022-09-28T22:07:04+00:00","author":{"@id":"https:\/\/fr.motocrossmag.be\/#\/schema\/person\/11b47143d9f755babca2c9110e03235c"},"breadcrumb":{"@id":"https:\/\/fr.motocrossmag.be\/index.php\/2022\/09\/liam-everts-pas-mon-meilleur-week-end\/#breadcrumb"},"inLanguage":"fr-FR","potentialAction":[{"@type":"ReadAction","target":["https:\/\/fr.motocrossmag.be\/index.php\/2022\/09\/liam-everts-pas-mon-meilleur-week-end\/"]}]},{"@type":"ImageObject","inLanguage":"fr-FR","@id":"https:\/\/fr.motocrossmag.be\/index.php\/2022\/09\/liam-everts-pas-mon-meilleur-week-end\/#primaryimage","url":"https:\/\/fr.motocrossmag.be\/wp-content\/uploads\/2022\/09\/477467_Everts_MXoN_RedBud_2022_AI2I5365_MXoN-2022-_-Redbud-_USA_.jpg","contentUrl":"https:\/\/fr.motocrossmag.be\/wp-content\/uploads\/2022\/09\/477467_Everts_MXoN_RedBud_2022_AI2I5365_MXoN-2022-_-Redbud-_USA_.jpg","width":"1000","height":"666"},{"@type":"BreadcrumbList","@id":"https:\/\/fr.motocrossmag.be\/index.php\/2022\/09\/liam-everts-pas-mon-meilleur-week-end\/#breadcrumb","itemListElement":[{"@type":"ListItem","position":1,"name":"Accueil","item":"https:\/\/fr.motocrossmag.be\/"},{"@type":"ListItem","position":2,"name":"Liam Everts : \u00ab\u00a0Pas mon meilleur week-end&#8230;\u00a0\u00bb"}]},{"@type":"WebSite","@id":"https:\/\/fr.motocrossmag.be\/#website","url":"https:\/\/fr.motocrossmag.be\/","name":"Motocross - Enduro - Supermoto | MotocrossMag","description":"L&#039;actualit\u00e9 du motocross, de l&#039;enduro et du Supermoto en ligne!","potentialAction":[{"@type":"SearchAction","target":{"@type":"EntryPoint","urlTemplate":"https:\/\/fr.motocrossmag.be\/?s={search_term_string}"},"query-input":{"@type":"PropertyValueSpecification","valueRequired":true,"valueName":"search_term_string"}}],"inLanguage":"fr-FR"},{"@type":"Person","@id":"https:\/\/fr.motocrossmag.be\/#\/schema\/person\/11b47143d9f755babca2c9110e03235c","name":"oliviere","image":{"@type":"ImageObject","inLanguage":"fr-FR","@id":"https:\/\/secure.gravatar.com\/avatar\/907069e0b81d119452040469e4a7501da1100f54f7f80180ce77bfab718288f6?s=96&d=mm&r=g","url":"https:\/\/secure.gravatar.com\/avatar\/907069e0b81d119452040469e4a7501da1100f54f7f80180ce77bfab718288f6?s=96&d=mm&r=g","contentUrl":"https:\/\/secure.gravatar.com\/avatar\/907069e0b81d119452040469e4a7501da1100f54f7f80180ce77bfab718288f6?s=96&d=mm&r=g","caption":"oliviere"},"sameAs":["http:\/\/www.motocrossmag.be"],"url":"https:\/\/fr.motocrossmag.be\/index.php\/author\/oliviere\/"}]}},"_links":{"self":[{"href":"https:\/\/fr.motocrossmag.be\/index.php\/wp-json\/wp\/v2\/posts\/121020","targetHints":{"allow":["GET"]}}],"collection":[{"href":"https:\/\/fr.motocrossmag.be\/index.php\/wp-json\/wp\/v2\/posts"}],"about":[{"href":"https:\/\/fr.motocrossmag.be\/index.php\/wp-json\/wp\/v2\/types\/post"}],"author":[{"embeddable":true,"href":"https:\/\/fr.motocrossmag.be\/index.php\/wp-json\/wp\/v2\/users\/932"}],"replies":[{"embeddable":true,"href":"https:\/\/fr.motocrossmag.be\/index.php\/wp-json\/wp\/v2\/comments?post=121020"}],"version-history":[{"count":0,"href":"https:\/\/fr.motocrossmag.be\/index.php\/wp-json\/wp\/v2\/posts\/121020\/revisions"}],"wp:featuredmedia":[{"embeddable":true,"href":"https:\/\/fr.motocrossmag.be\/index.php\/wp-json\/wp\/v2\/media\/121029"}],"wp:attachment":[{"href":"https:\/\/fr.motocrossmag.be\/index.php\/wp-json\/wp\/v2\/media?parent=121020"}],"wp:term":[{"taxonomy":"category","embeddable":true,"href":"https:\/\/fr.motocrossmag.be\/index.php\/wp-json\/wp\/v2\/categories?post=121020"},{"taxonomy":"post_tag","embeddable":true,"href":"https:\/\/fr.motocrossmag.be\/index.php\/wp-json\/wp\/v2\/tags?post=121020"}],"curies":[{"name":"wp","href":"https:\/\/api.w.org\/{rel}","templated":true}]}}