{"id":121045,"date":"2022-10-02T23:23:16","date_gmt":"2022-10-02T21:23:16","guid":{"rendered":"http:\/\/fr.motocrossmag.be\/?p=121045"},"modified":"2022-10-02T23:23:16","modified_gmt":"2022-10-02T21:23:16","slug":"max-nagl-champion-en-allemagne","status":"publish","type":"post","link":"https:\/\/fr.motocrossmag.be\/index.php\/2022\/10\/max-nagl-champion-en-allemagne\/","title":{"rendered":"Max Nagl champion en Allemagne"},"content":{"rendered":"<p><strong>L&rsquo;ultime round du championnat allemand ADAC MX Master s&rsquo;est disput\u00e9 ce week-end sur le circuit de F\u00fcrstlich Drehna. Vainqueur des deux premi\u00e8res manches avant de franchir le dernier drapeau \u00e0 damiers de la saison \u00e0 la 3\u00e8me place, Jordi Tixier monte sur la plus haute marche du podium.<\/strong><\/p>\n<p>Mais cette victoire n&rsquo;a pas suffi au pilote fran\u00e7ais, double champion ADAC en titre, pour contrer Max Nagl et emp\u00eacher l&rsquo;Allemand de conqu\u00e9rir sa troisi\u00e8me couronne nationale.<\/p>\n<p>Vice-champion, Jordi Tixier va \u00e0 pr\u00e9sent se concentrer sur le mondial de Supercross qui d\u00e9bute le week-end prochain \u00e0 Cardiff.<\/p>\n<p><span style=\"color: #800000;\"><strong>R\u00e9sultats<\/strong><\/span><\/p>\n<p>MANCHE 1<\/p>\n<p>1. Jordi Tixier F KTM; 2. Max Nagl D Husqvarna; 3. Adam Sterry GB KTM; 4. Stefan Ekerold D Husqvarna; 5. Henry Jacobi D KTM;&#8230;8. Jens Getteman B GasGas;&#8230;<\/p>\n<p>MANCHE 2<\/p>\n<p>1. Jordi Tixier F KTM; 2. Max Nagl D Husqvarna; 3. Henry Jacobi D KTM; 4. Adam Sterry GB KTM; 5. Tom Koch D KTM;&#8230;8. Jens Getteman B GasGas;&#8230;19. Thomas Vermijl B Husqvarna;&#8230;<\/p>\n<p>MANCHE 3<\/p>\n<p>1. Maxi Nagl D Husqvarna; 2. Tom Koch D KTM; 3. Jordi Tixier F KTM; 4. Adam Sterry GB KTM; 5. Stefan Ekerold D Husqvarna;&#8230;10. Jens Getteman B GasGas;&#8230;17. Thomas Vermijl B Husqvarna;&#8230;<\/p>\n<p>CLASSEMENT GENERAL ADAC MX MASTERS<\/p>\n<p>1. Jordi Tixier F KTM 1-1-3; 2. Max Nagl D Husqvarna 2-2-1; 3. Adam Sterry GB KTM 3-4-4; 4. Tom Koch D KTM 6-5-2; 5. Stefan Ekerold D Husqvarna 4-10-5;&#8230;8. Jens Getteman B GasGas 8-8-10;&#8230;19. Thomas Vermijl B Husqvarna 24-19-17;&#8230;<\/p>\n<p>CLASSEMENT FINAL ADAC MX MASTERS<strong><br \/>\n<\/strong><br \/>\n1. Max Nagl D Husqvarna 551 pts; 2. Jordi Tixier F KTM 493 pts; 3. Tom Koch D KTM 444 pts; 4. Adam Sterry GB KTM 314 pts; 5. Stefan Ekerold D Husqvarna 290 pts;&#8230;<\/p>\n","protected":false},"excerpt":{"rendered":"<p>L&rsquo;ultime round du championnat allemand ADAC MX Master s&rsquo;est disput\u00e9 ce week-end sur le circuit de F\u00fcrstlich Drehna. Vainqueur des deux premi\u00e8res manches avant de franchir le dernier drapeau \u00e0 [&#8230;]<\/p>\n","protected":false},"author":932,"featured_media":121046,"comment_status":"open","ping_status":"closed","sticky":false,"template":"","format":"standard","meta":{"footnotes":""},"categories":[54,4,5,55,56,65],"tags":[1622,185,238,947],"class_list":["post-121045","post","type-post","status-publish","format-standard","has-post-thumbnail","hentry","category-actualite","category-motocross","category-news","category-news-actualite","category-resultats","category-slideshow","tag-adac-mx-masters","tag-jordi-tixier","tag-max-nagl","tag-motocross"],"yoast_head":"<!-- This site is optimized with the Yoast SEO plugin v27.4 - https:\/\/yoast.com\/product\/yoast-seo-wordpress\/ -->\n<title>Max Nagl champion en Allemagne - Motocross - Enduro - Supermoto | MotocrossMag<\/title>\n<meta name=\"robots\" content=\"index, follow, max-snippet:-1, max-image-preview:large, max-video-preview:-1\" \/>\n<link rel=\"canonical\" href=\"https:\/\/fr.motocrossmag.be\/index.php\/2022\/10\/max-nagl-champion-en-allemagne\/\" \/>\n<meta property=\"og:locale\" content=\"fr_FR\" \/>\n<meta property=\"og:type\" content=\"article\" \/>\n<meta property=\"og:title\" content=\"Max Nagl champion en Allemagne - Motocross - Enduro - Supermoto | MotocrossMag\" \/>\n<meta property=\"og:description\" content=\"L&rsquo;ultime round du championnat allemand ADAC MX Master s&rsquo;est disput\u00e9 ce week-end sur le circuit de F\u00fcrstlich Drehna. Vainqueur des deux premi\u00e8res manches avant de franchir le dernier drapeau \u00e0 [...]\" \/>\n<meta property=\"og:url\" content=\"https:\/\/fr.motocrossmag.be\/index.php\/2022\/10\/max-nagl-champion-en-allemagne\/\" \/>\n<meta property=\"og:site_name\" content=\"Motocross - Enduro - Supermoto | MotocrossMag\" \/>\n<meta property=\"article:published_time\" content=\"2022-10-02T21:23:16+00:00\" \/>\n<meta property=\"og:image\" content=\"https:\/\/fr.motocrossmag.be\/wp-content\/uploads\/2022\/10\/adac-nagl-champion.jpg\" \/>\n\t<meta property=\"og:image:width\" content=\"1000\" \/>\n\t<meta property=\"og:image:height\" content=\"652\" \/>\n\t<meta property=\"og:image:type\" content=\"image\/jpeg\" \/>\n<meta name=\"author\" content=\"oliviere\" \/>\n<meta name=\"twitter:card\" content=\"summary_large_image\" \/>\n<meta name=\"twitter:label1\" content=\"\u00c9crit par\" \/>\n\t<meta name=\"twitter:data1\" content=\"oliviere\" \/>\n\t<meta name=\"twitter:label2\" content=\"Dur\u00e9e de lecture estim\u00e9e\" \/>\n\t<meta name=\"twitter:data2\" content=\"1 minute\" \/>\n<script type=\"application\/ld+json\" class=\"yoast-schema-graph\">{\"@context\":\"https:\\\/\\\/schema.org\",\"@graph\":[{\"@type\":\"Article\",\"@id\":\"https:\\\/\\\/fr.motocrossmag.be\\\/index.php\\\/2022\\\/10\\\/max-nagl-champion-en-allemagne\\\/#article\",\"isPartOf\":{\"@id\":\"https:\\\/\\\/fr.motocrossmag.be\\\/index.php\\\/2022\\\/10\\\/max-nagl-champion-en-allemagne\\\/\"},\"author\":{\"name\":\"oliviere\",\"@id\":\"https:\\\/\\\/fr.motocrossmag.be\\\/#\\\/schema\\\/person\\\/11b47143d9f755babca2c9110e03235c\"},\"headline\":\"Max Nagl champion en Allemagne\",\"datePublished\":\"2022-10-02T21:23:16+00:00\",\"mainEntityOfPage\":{\"@id\":\"https:\\\/\\\/fr.motocrossmag.be\\\/index.php\\\/2022\\\/10\\\/max-nagl-champion-en-allemagne\\\/\"},\"wordCount\":270,\"commentCount\":0,\"image\":{\"@id\":\"https:\\\/\\\/fr.motocrossmag.be\\\/index.php\\\/2022\\\/10\\\/max-nagl-champion-en-allemagne\\\/#primaryimage\"},\"thumbnailUrl\":\"https:\\\/\\\/fr.motocrossmag.be\\\/wp-content\\\/uploads\\\/2022\\\/10\\\/adac-nagl-champion.jpg\",\"keywords\":[\"adac mx masters\",\"Jordi Tixier\",\"Max Nagl\",\"Motocross\"],\"articleSection\":[\"Actualit\u00e9\",\"Motocross\",\"News\",\"News\",\"R\u00e9sultats\",\"Slideshow\"],\"inLanguage\":\"fr-FR\",\"potentialAction\":[{\"@type\":\"CommentAction\",\"name\":\"Comment\",\"target\":[\"https:\\\/\\\/fr.motocrossmag.be\\\/index.php\\\/2022\\\/10\\\/max-nagl-champion-en-allemagne\\\/#respond\"]}]},{\"@type\":\"WebPage\",\"@id\":\"https:\\\/\\\/fr.motocrossmag.be\\\/index.php\\\/2022\\\/10\\\/max-nagl-champion-en-allemagne\\\/\",\"url\":\"https:\\\/\\\/fr.motocrossmag.be\\\/index.php\\\/2022\\\/10\\\/max-nagl-champion-en-allemagne\\\/\",\"name\":\"Max Nagl champion en Allemagne - Motocross - Enduro - Supermoto | MotocrossMag\",\"isPartOf\":{\"@id\":\"https:\\\/\\\/fr.motocrossmag.be\\\/#website\"},\"primaryImageOfPage\":{\"@id\":\"https:\\\/\\\/fr.motocrossmag.be\\\/index.php\\\/2022\\\/10\\\/max-nagl-champion-en-allemagne\\\/#primaryimage\"},\"image\":{\"@id\":\"https:\\\/\\\/fr.motocrossmag.be\\\/index.php\\\/2022\\\/10\\\/max-nagl-champion-en-allemagne\\\/#primaryimage\"},\"thumbnailUrl\":\"https:\\\/\\\/fr.motocrossmag.be\\\/wp-content\\\/uploads\\\/2022\\\/10\\\/adac-nagl-champion.jpg\",\"datePublished\":\"2022-10-02T21:23:16+00:00\",\"author\":{\"@id\":\"https:\\\/\\\/fr.motocrossmag.be\\\/#\\\/schema\\\/person\\\/11b47143d9f755babca2c9110e03235c\"},\"breadcrumb\":{\"@id\":\"https:\\\/\\\/fr.motocrossmag.be\\\/index.php\\\/2022\\\/10\\\/max-nagl-champion-en-allemagne\\\/#breadcrumb\"},\"inLanguage\":\"fr-FR\",\"potentialAction\":[{\"@type\":\"ReadAction\",\"target\":[\"https:\\\/\\\/fr.motocrossmag.be\\\/index.php\\\/2022\\\/10\\\/max-nagl-champion-en-allemagne\\\/\"]}]},{\"@type\":\"ImageObject\",\"inLanguage\":\"fr-FR\",\"@id\":\"https:\\\/\\\/fr.motocrossmag.be\\\/index.php\\\/2022\\\/10\\\/max-nagl-champion-en-allemagne\\\/#primaryimage\",\"url\":\"https:\\\/\\\/fr.motocrossmag.be\\\/wp-content\\\/uploads\\\/2022\\\/10\\\/adac-nagl-champion.jpg\",\"contentUrl\":\"https:\\\/\\\/fr.motocrossmag.be\\\/wp-content\\\/uploads\\\/2022\\\/10\\\/adac-nagl-champion.jpg\",\"width\":\"1000\",\"height\":\"652\",\"caption\":\"Ces derni\u00e8res ann\u00e9es, Nagl est l'homme \u00e0 battre sur le championnat ADAC.\"},{\"@type\":\"BreadcrumbList\",\"@id\":\"https:\\\/\\\/fr.motocrossmag.be\\\/index.php\\\/2022\\\/10\\\/max-nagl-champion-en-allemagne\\\/#breadcrumb\",\"itemListElement\":[{\"@type\":\"ListItem\",\"position\":1,\"name\":\"Accueil\",\"item\":\"https:\\\/\\\/fr.motocrossmag.be\\\/\"},{\"@type\":\"ListItem\",\"position\":2,\"name\":\"Max Nagl champion en Allemagne\"}]},{\"@type\":\"WebSite\",\"@id\":\"https:\\\/\\\/fr.motocrossmag.be\\\/#website\",\"url\":\"https:\\\/\\\/fr.motocrossmag.be\\\/\",\"name\":\"Motocross - Enduro - Supermoto | MotocrossMag\",\"description\":\"L&#039;actualit\u00e9 du motocross, de l&#039;enduro et du Supermoto en ligne!\",\"potentialAction\":[{\"@type\":\"SearchAction\",\"target\":{\"@type\":\"EntryPoint\",\"urlTemplate\":\"https:\\\/\\\/fr.motocrossmag.be\\\/?s={search_term_string}\"},\"query-input\":{\"@type\":\"PropertyValueSpecification\",\"valueRequired\":true,\"valueName\":\"search_term_string\"}}],\"inLanguage\":\"fr-FR\"},{\"@type\":\"Person\",\"@id\":\"https:\\\/\\\/fr.motocrossmag.be\\\/#\\\/schema\\\/person\\\/11b47143d9f755babca2c9110e03235c\",\"name\":\"oliviere\",\"image\":{\"@type\":\"ImageObject\",\"inLanguage\":\"fr-FR\",\"@id\":\"https:\\\/\\\/secure.gravatar.com\\\/avatar\\\/907069e0b81d119452040469e4a7501da1100f54f7f80180ce77bfab718288f6?s=96&d=mm&r=g\",\"url\":\"https:\\\/\\\/secure.gravatar.com\\\/avatar\\\/907069e0b81d119452040469e4a7501da1100f54f7f80180ce77bfab718288f6?s=96&d=mm&r=g\",\"contentUrl\":\"https:\\\/\\\/secure.gravatar.com\\\/avatar\\\/907069e0b81d119452040469e4a7501da1100f54f7f80180ce77bfab718288f6?s=96&d=mm&r=g\",\"caption\":\"oliviere\"},\"sameAs\":[\"http:\\\/\\\/www.motocrossmag.be\"],\"url\":\"https:\\\/\\\/fr.motocrossmag.be\\\/index.php\\\/author\\\/oliviere\\\/\"}]}<\/script>\n<!-- \/ Yoast SEO plugin. -->","yoast_head_json":{"title":"Max Nagl champion en Allemagne - Motocross - Enduro - Supermoto | MotocrossMag","robots":{"index":"index","follow":"follow","max-snippet":"max-snippet:-1","max-image-preview":"max-image-preview:large","max-video-preview":"max-video-preview:-1"},"canonical":"https:\/\/fr.motocrossmag.be\/index.php\/2022\/10\/max-nagl-champion-en-allemagne\/","og_locale":"fr_FR","og_type":"article","og_title":"Max Nagl champion en Allemagne - Motocross - Enduro - Supermoto | MotocrossMag","og_description":"L&rsquo;ultime round du championnat allemand ADAC MX Master s&rsquo;est disput\u00e9 ce week-end sur le circuit de F\u00fcrstlich Drehna. Vainqueur des deux premi\u00e8res manches avant de franchir le dernier drapeau \u00e0 [...]","og_url":"https:\/\/fr.motocrossmag.be\/index.php\/2022\/10\/max-nagl-champion-en-allemagne\/","og_site_name":"Motocross - Enduro - Supermoto | MotocrossMag","article_published_time":"2022-10-02T21:23:16+00:00","og_image":[{"width":1000,"height":652,"url":"https:\/\/fr.motocrossmag.be\/wp-content\/uploads\/2022\/10\/adac-nagl-champion.jpg","type":"image\/jpeg"}],"author":"oliviere","twitter_card":"summary_large_image","twitter_misc":{"\u00c9crit par":"oliviere","Dur\u00e9e de lecture estim\u00e9e":"1 minute"},"schema":{"@context":"https:\/\/schema.org","@graph":[{"@type":"Article","@id":"https:\/\/fr.motocrossmag.be\/index.php\/2022\/10\/max-nagl-champion-en-allemagne\/#article","isPartOf":{"@id":"https:\/\/fr.motocrossmag.be\/index.php\/2022\/10\/max-nagl-champion-en-allemagne\/"},"author":{"name":"oliviere","@id":"https:\/\/fr.motocrossmag.be\/#\/schema\/person\/11b47143d9f755babca2c9110e03235c"},"headline":"Max Nagl champion en Allemagne","datePublished":"2022-10-02T21:23:16+00:00","mainEntityOfPage":{"@id":"https:\/\/fr.motocrossmag.be\/index.php\/2022\/10\/max-nagl-champion-en-allemagne\/"},"wordCount":270,"commentCount":0,"image":{"@id":"https:\/\/fr.motocrossmag.be\/index.php\/2022\/10\/max-nagl-champion-en-allemagne\/#primaryimage"},"thumbnailUrl":"https:\/\/fr.motocrossmag.be\/wp-content\/uploads\/2022\/10\/adac-nagl-champion.jpg","keywords":["adac mx masters","Jordi Tixier","Max Nagl","Motocross"],"articleSection":["Actualit\u00e9","Motocross","News","News","R\u00e9sultats","Slideshow"],"inLanguage":"fr-FR","potentialAction":[{"@type":"CommentAction","name":"Comment","target":["https:\/\/fr.motocrossmag.be\/index.php\/2022\/10\/max-nagl-champion-en-allemagne\/#respond"]}]},{"@type":"WebPage","@id":"https:\/\/fr.motocrossmag.be\/index.php\/2022\/10\/max-nagl-champion-en-allemagne\/","url":"https:\/\/fr.motocrossmag.be\/index.php\/2022\/10\/max-nagl-champion-en-allemagne\/","name":"Max Nagl champion en Allemagne - Motocross - Enduro - Supermoto | MotocrossMag","isPartOf":{"@id":"https:\/\/fr.motocrossmag.be\/#website"},"primaryImageOfPage":{"@id":"https:\/\/fr.motocrossmag.be\/index.php\/2022\/10\/max-nagl-champion-en-allemagne\/#primaryimage"},"image":{"@id":"https:\/\/fr.motocrossmag.be\/index.php\/2022\/10\/max-nagl-champion-en-allemagne\/#primaryimage"},"thumbnailUrl":"https:\/\/fr.motocrossmag.be\/wp-content\/uploads\/2022\/10\/adac-nagl-champion.jpg","datePublished":"2022-10-02T21:23:16+00:00","author":{"@id":"https:\/\/fr.motocrossmag.be\/#\/schema\/person\/11b47143d9f755babca2c9110e03235c"},"breadcrumb":{"@id":"https:\/\/fr.motocrossmag.be\/index.php\/2022\/10\/max-nagl-champion-en-allemagne\/#breadcrumb"},"inLanguage":"fr-FR","potentialAction":[{"@type":"ReadAction","target":["https:\/\/fr.motocrossmag.be\/index.php\/2022\/10\/max-nagl-champion-en-allemagne\/"]}]},{"@type":"ImageObject","inLanguage":"fr-FR","@id":"https:\/\/fr.motocrossmag.be\/index.php\/2022\/10\/max-nagl-champion-en-allemagne\/#primaryimage","url":"https:\/\/fr.motocrossmag.be\/wp-content\/uploads\/2022\/10\/adac-nagl-champion.jpg","contentUrl":"https:\/\/fr.motocrossmag.be\/wp-content\/uploads\/2022\/10\/adac-nagl-champion.jpg","width":"1000","height":"652","caption":"Ces derni\u00e8res ann\u00e9es, Nagl est l'homme \u00e0 battre sur le championnat ADAC."},{"@type":"BreadcrumbList","@id":"https:\/\/fr.motocrossmag.be\/index.php\/2022\/10\/max-nagl-champion-en-allemagne\/#breadcrumb","itemListElement":[{"@type":"ListItem","position":1,"name":"Accueil","item":"https:\/\/fr.motocrossmag.be\/"},{"@type":"ListItem","position":2,"name":"Max Nagl champion en Allemagne"}]},{"@type":"WebSite","@id":"https:\/\/fr.motocrossmag.be\/#website","url":"https:\/\/fr.motocrossmag.be\/","name":"Motocross - Enduro - Supermoto | MotocrossMag","description":"L&#039;actualit\u00e9 du motocross, de l&#039;enduro et du Supermoto en ligne!","potentialAction":[{"@type":"SearchAction","target":{"@type":"EntryPoint","urlTemplate":"https:\/\/fr.motocrossmag.be\/?s={search_term_string}"},"query-input":{"@type":"PropertyValueSpecification","valueRequired":true,"valueName":"search_term_string"}}],"inLanguage":"fr-FR"},{"@type":"Person","@id":"https:\/\/fr.motocrossmag.be\/#\/schema\/person\/11b47143d9f755babca2c9110e03235c","name":"oliviere","image":{"@type":"ImageObject","inLanguage":"fr-FR","@id":"https:\/\/secure.gravatar.com\/avatar\/907069e0b81d119452040469e4a7501da1100f54f7f80180ce77bfab718288f6?s=96&d=mm&r=g","url":"https:\/\/secure.gravatar.com\/avatar\/907069e0b81d119452040469e4a7501da1100f54f7f80180ce77bfab718288f6?s=96&d=mm&r=g","contentUrl":"https:\/\/secure.gravatar.com\/avatar\/907069e0b81d119452040469e4a7501da1100f54f7f80180ce77bfab718288f6?s=96&d=mm&r=g","caption":"oliviere"},"sameAs":["http:\/\/www.motocrossmag.be"],"url":"https:\/\/fr.motocrossmag.be\/index.php\/author\/oliviere\/"}]}},"_links":{"self":[{"href":"https:\/\/fr.motocrossmag.be\/index.php\/wp-json\/wp\/v2\/posts\/121045","targetHints":{"allow":["GET"]}}],"collection":[{"href":"https:\/\/fr.motocrossmag.be\/index.php\/wp-json\/wp\/v2\/posts"}],"about":[{"href":"https:\/\/fr.motocrossmag.be\/index.php\/wp-json\/wp\/v2\/types\/post"}],"author":[{"embeddable":true,"href":"https:\/\/fr.motocrossmag.be\/index.php\/wp-json\/wp\/v2\/users\/932"}],"replies":[{"embeddable":true,"href":"https:\/\/fr.motocrossmag.be\/index.php\/wp-json\/wp\/v2\/comments?post=121045"}],"version-history":[{"count":0,"href":"https:\/\/fr.motocrossmag.be\/index.php\/wp-json\/wp\/v2\/posts\/121045\/revisions"}],"wp:featuredmedia":[{"embeddable":true,"href":"https:\/\/fr.motocrossmag.be\/index.php\/wp-json\/wp\/v2\/media\/121046"}],"wp:attachment":[{"href":"https:\/\/fr.motocrossmag.be\/index.php\/wp-json\/wp\/v2\/media?parent=121045"}],"wp:term":[{"taxonomy":"category","embeddable":true,"href":"https:\/\/fr.motocrossmag.be\/index.php\/wp-json\/wp\/v2\/categories?post=121045"},{"taxonomy":"post_tag","embeddable":true,"href":"https:\/\/fr.motocrossmag.be\/index.php\/wp-json\/wp\/v2\/tags?post=121045"}],"curies":[{"name":"wp","href":"https:\/\/api.w.org\/{rel}","templated":true}]}}