{"id":121151,"date":"2022-10-06T11:05:24","date_gmt":"2022-10-06T09:05:24","guid":{"rendered":"http:\/\/fr.motocrossmag.be\/?p=121151"},"modified":"2022-10-06T11:05:24","modified_gmt":"2022-10-06T09:05:24","slug":"salon-de-bruxelles-une-centieme-edition-sans-les-motos","status":"publish","type":"post","link":"https:\/\/fr.motocrossmag.be\/index.php\/2022\/10\/salon-de-bruxelles-une-centieme-edition-sans-les-motos\/","title":{"rendered":"Salon de Bruxelles : une centi\u00e8me \u00e9dition sans les motos"},"content":{"rendered":"<p><strong>Du 13 au 22 janvier 2023, le Salon de Bruxelles f\u00eatera son centi\u00e8me anniversaire.\u00a0<\/strong><\/p>\n<p>Si les amateurs de 4 roues peuvent se r\u00e9jouir de retrouver le traditionnel \u00e9v\u00e9nement de d\u00e9but d&rsquo;ann\u00e9e dans les palais du Heysel apr\u00e8s les annulations des \u00e9ditions de 2021 et 2022 \u00e0 cause de la pandemie de Coronavirus, les passionn\u00e9s de motos devront en revanche encore patienter.<\/p>\n<p>Alors que la Febiac, organisateur du Salon de Bruxelles, avait confirm\u00e9 un juillet dernier le retour de l&rsquo;\u00e9v\u00e9nement dans sa formule habituelle, les acteurs du monde de la moto ont \u00e9t\u00e9 avertis cette semaine que ce serait sans eux.<\/p>\n<p>Il vous faudra donc pousser cette ann\u00e9e encore la porte des concessions pour d\u00e9couvrir les nouveaut\u00e9s que les constructeurs nous r\u00e9servent dans leur gamme 2023.<\/p>\n","protected":false},"excerpt":{"rendered":"<p>Du 13 au 22 janvier 2023, le Salon de Bruxelles f\u00eatera son centi\u00e8me anniversaire.\u00a0 Si les amateurs de 4 roues peuvent se r\u00e9jouir de retrouver le traditionnel \u00e9v\u00e9nement de d\u00e9but [&#8230;]<\/p>\n","protected":false},"author":932,"featured_media":68976,"comment_status":"open","ping_status":"closed","sticky":false,"template":"","format":"standard","meta":{"footnotes":""},"categories":[54,4,5,55,65],"tags":[1185,1813],"class_list":["post-121151","post","type-post","status-publish","format-standard","has-post-thumbnail","hentry","category-actualite","category-motocross","category-news","category-news-actualite","category-slideshow","tag-industrie","tag-salon-de-bruxelles"],"yoast_head":"<!-- This site is optimized with the Yoast SEO plugin v27.4 - https:\/\/yoast.com\/product\/yoast-seo-wordpress\/ -->\n<title>Salon de Bruxelles : une centi\u00e8me \u00e9dition sans les motos - Motocross - Enduro - Supermoto | MotocrossMag<\/title>\n<meta name=\"robots\" content=\"index, follow, max-snippet:-1, max-image-preview:large, max-video-preview:-1\" \/>\n<link rel=\"canonical\" href=\"https:\/\/fr.motocrossmag.be\/index.php\/2022\/10\/salon-de-bruxelles-une-centieme-edition-sans-les-motos\/\" \/>\n<meta property=\"og:locale\" content=\"fr_FR\" \/>\n<meta property=\"og:type\" content=\"article\" \/>\n<meta property=\"og:title\" content=\"Salon de Bruxelles : une centi\u00e8me \u00e9dition sans les motos - Motocross - Enduro - Supermoto | MotocrossMag\" \/>\n<meta property=\"og:description\" content=\"Du 13 au 22 janvier 2023, le Salon de Bruxelles f\u00eatera son centi\u00e8me anniversaire.\u00a0 Si les amateurs de 4 roues peuvent se r\u00e9jouir de retrouver le traditionnel \u00e9v\u00e9nement de d\u00e9but [...]\" \/>\n<meta property=\"og:url\" content=\"https:\/\/fr.motocrossmag.be\/index.php\/2022\/10\/salon-de-bruxelles-une-centieme-edition-sans-les-motos\/\" \/>\n<meta property=\"og:site_name\" content=\"Motocross - Enduro - Supermoto | MotocrossMag\" \/>\n<meta property=\"article:published_time\" content=\"2022-10-06T09:05:24+00:00\" \/>\n<meta property=\"og:image\" content=\"https:\/\/fr.motocrossmag.be\/wp-content\/uploads\/2018\/01\/Salon-Brussels-2018-IMG_7820.jpg\" \/>\n\t<meta property=\"og:image:width\" content=\"1400\" \/>\n\t<meta property=\"og:image:height\" content=\"933\" \/>\n\t<meta property=\"og:image:type\" content=\"image\/jpeg\" \/>\n<meta name=\"author\" content=\"oliviere\" \/>\n<meta name=\"twitter:card\" content=\"summary_large_image\" \/>\n<meta name=\"twitter:label1\" content=\"\u00c9crit par\" \/>\n\t<meta name=\"twitter:data1\" content=\"oliviere\" \/>\n\t<meta name=\"twitter:label2\" content=\"Dur\u00e9e de lecture estim\u00e9e\" \/>\n\t<meta name=\"twitter:data2\" content=\"1 minute\" \/>\n<script type=\"application\/ld+json\" class=\"yoast-schema-graph\">{\"@context\":\"https:\\\/\\\/schema.org\",\"@graph\":[{\"@type\":\"Article\",\"@id\":\"https:\\\/\\\/fr.motocrossmag.be\\\/index.php\\\/2022\\\/10\\\/salon-de-bruxelles-une-centieme-edition-sans-les-motos\\\/#article\",\"isPartOf\":{\"@id\":\"https:\\\/\\\/fr.motocrossmag.be\\\/index.php\\\/2022\\\/10\\\/salon-de-bruxelles-une-centieme-edition-sans-les-motos\\\/\"},\"author\":{\"name\":\"oliviere\",\"@id\":\"https:\\\/\\\/fr.motocrossmag.be\\\/#\\\/schema\\\/person\\\/11b47143d9f755babca2c9110e03235c\"},\"headline\":\"Salon de Bruxelles : une centi\u00e8me \u00e9dition sans les motos\",\"datePublished\":\"2022-10-06T09:05:24+00:00\",\"mainEntityOfPage\":{\"@id\":\"https:\\\/\\\/fr.motocrossmag.be\\\/index.php\\\/2022\\\/10\\\/salon-de-bruxelles-une-centieme-edition-sans-les-motos\\\/\"},\"wordCount\":142,\"commentCount\":0,\"image\":{\"@id\":\"https:\\\/\\\/fr.motocrossmag.be\\\/index.php\\\/2022\\\/10\\\/salon-de-bruxelles-une-centieme-edition-sans-les-motos\\\/#primaryimage\"},\"thumbnailUrl\":\"https:\\\/\\\/fr.motocrossmag.be\\\/wp-content\\\/uploads\\\/2018\\\/01\\\/Salon-Brussels-2018-IMG_7820.jpg\",\"keywords\":[\"industrie\",\"salon de bruxelles\"],\"articleSection\":[\"Actualit\u00e9\",\"Motocross\",\"News\",\"News\",\"Slideshow\"],\"inLanguage\":\"fr-FR\",\"potentialAction\":[{\"@type\":\"CommentAction\",\"name\":\"Comment\",\"target\":[\"https:\\\/\\\/fr.motocrossmag.be\\\/index.php\\\/2022\\\/10\\\/salon-de-bruxelles-une-centieme-edition-sans-les-motos\\\/#respond\"]}]},{\"@type\":\"WebPage\",\"@id\":\"https:\\\/\\\/fr.motocrossmag.be\\\/index.php\\\/2022\\\/10\\\/salon-de-bruxelles-une-centieme-edition-sans-les-motos\\\/\",\"url\":\"https:\\\/\\\/fr.motocrossmag.be\\\/index.php\\\/2022\\\/10\\\/salon-de-bruxelles-une-centieme-edition-sans-les-motos\\\/\",\"name\":\"Salon de Bruxelles : une centi\u00e8me \u00e9dition sans les motos - Motocross - Enduro - Supermoto | MotocrossMag\",\"isPartOf\":{\"@id\":\"https:\\\/\\\/fr.motocrossmag.be\\\/#website\"},\"primaryImageOfPage\":{\"@id\":\"https:\\\/\\\/fr.motocrossmag.be\\\/index.php\\\/2022\\\/10\\\/salon-de-bruxelles-une-centieme-edition-sans-les-motos\\\/#primaryimage\"},\"image\":{\"@id\":\"https:\\\/\\\/fr.motocrossmag.be\\\/index.php\\\/2022\\\/10\\\/salon-de-bruxelles-une-centieme-edition-sans-les-motos\\\/#primaryimage\"},\"thumbnailUrl\":\"https:\\\/\\\/fr.motocrossmag.be\\\/wp-content\\\/uploads\\\/2018\\\/01\\\/Salon-Brussels-2018-IMG_7820.jpg\",\"datePublished\":\"2022-10-06T09:05:24+00:00\",\"author\":{\"@id\":\"https:\\\/\\\/fr.motocrossmag.be\\\/#\\\/schema\\\/person\\\/11b47143d9f755babca2c9110e03235c\"},\"breadcrumb\":{\"@id\":\"https:\\\/\\\/fr.motocrossmag.be\\\/index.php\\\/2022\\\/10\\\/salon-de-bruxelles-une-centieme-edition-sans-les-motos\\\/#breadcrumb\"},\"inLanguage\":\"fr-FR\",\"potentialAction\":[{\"@type\":\"ReadAction\",\"target\":[\"https:\\\/\\\/fr.motocrossmag.be\\\/index.php\\\/2022\\\/10\\\/salon-de-bruxelles-une-centieme-edition-sans-les-motos\\\/\"]}]},{\"@type\":\"ImageObject\",\"inLanguage\":\"fr-FR\",\"@id\":\"https:\\\/\\\/fr.motocrossmag.be\\\/index.php\\\/2022\\\/10\\\/salon-de-bruxelles-une-centieme-edition-sans-les-motos\\\/#primaryimage\",\"url\":\"https:\\\/\\\/fr.motocrossmag.be\\\/wp-content\\\/uploads\\\/2018\\\/01\\\/Salon-Brussels-2018-IMG_7820.jpg\",\"contentUrl\":\"https:\\\/\\\/fr.motocrossmag.be\\\/wp-content\\\/uploads\\\/2018\\\/01\\\/Salon-Brussels-2018-IMG_7820.jpg\",\"width\":1400,\"height\":933},{\"@type\":\"BreadcrumbList\",\"@id\":\"https:\\\/\\\/fr.motocrossmag.be\\\/index.php\\\/2022\\\/10\\\/salon-de-bruxelles-une-centieme-edition-sans-les-motos\\\/#breadcrumb\",\"itemListElement\":[{\"@type\":\"ListItem\",\"position\":1,\"name\":\"Accueil\",\"item\":\"https:\\\/\\\/fr.motocrossmag.be\\\/\"},{\"@type\":\"ListItem\",\"position\":2,\"name\":\"Salon de Bruxelles : une centi\u00e8me \u00e9dition sans les motos\"}]},{\"@type\":\"WebSite\",\"@id\":\"https:\\\/\\\/fr.motocrossmag.be\\\/#website\",\"url\":\"https:\\\/\\\/fr.motocrossmag.be\\\/\",\"name\":\"Motocross - Enduro - Supermoto | MotocrossMag\",\"description\":\"L&#039;actualit\u00e9 du motocross, de l&#039;enduro et du Supermoto en ligne!\",\"potentialAction\":[{\"@type\":\"SearchAction\",\"target\":{\"@type\":\"EntryPoint\",\"urlTemplate\":\"https:\\\/\\\/fr.motocrossmag.be\\\/?s={search_term_string}\"},\"query-input\":{\"@type\":\"PropertyValueSpecification\",\"valueRequired\":true,\"valueName\":\"search_term_string\"}}],\"inLanguage\":\"fr-FR\"},{\"@type\":\"Person\",\"@id\":\"https:\\\/\\\/fr.motocrossmag.be\\\/#\\\/schema\\\/person\\\/11b47143d9f755babca2c9110e03235c\",\"name\":\"oliviere\",\"image\":{\"@type\":\"ImageObject\",\"inLanguage\":\"fr-FR\",\"@id\":\"https:\\\/\\\/secure.gravatar.com\\\/avatar\\\/907069e0b81d119452040469e4a7501da1100f54f7f80180ce77bfab718288f6?s=96&d=mm&r=g\",\"url\":\"https:\\\/\\\/secure.gravatar.com\\\/avatar\\\/907069e0b81d119452040469e4a7501da1100f54f7f80180ce77bfab718288f6?s=96&d=mm&r=g\",\"contentUrl\":\"https:\\\/\\\/secure.gravatar.com\\\/avatar\\\/907069e0b81d119452040469e4a7501da1100f54f7f80180ce77bfab718288f6?s=96&d=mm&r=g\",\"caption\":\"oliviere\"},\"sameAs\":[\"http:\\\/\\\/www.motocrossmag.be\"],\"url\":\"https:\\\/\\\/fr.motocrossmag.be\\\/index.php\\\/author\\\/oliviere\\\/\"}]}<\/script>\n<!-- \/ Yoast SEO plugin. -->","yoast_head_json":{"title":"Salon de Bruxelles : une centi\u00e8me \u00e9dition sans les motos - Motocross - Enduro - Supermoto | MotocrossMag","robots":{"index":"index","follow":"follow","max-snippet":"max-snippet:-1","max-image-preview":"max-image-preview:large","max-video-preview":"max-video-preview:-1"},"canonical":"https:\/\/fr.motocrossmag.be\/index.php\/2022\/10\/salon-de-bruxelles-une-centieme-edition-sans-les-motos\/","og_locale":"fr_FR","og_type":"article","og_title":"Salon de Bruxelles : une centi\u00e8me \u00e9dition sans les motos - Motocross - Enduro - Supermoto | MotocrossMag","og_description":"Du 13 au 22 janvier 2023, le Salon de Bruxelles f\u00eatera son centi\u00e8me anniversaire.\u00a0 Si les amateurs de 4 roues peuvent se r\u00e9jouir de retrouver le traditionnel \u00e9v\u00e9nement de d\u00e9but [...]","og_url":"https:\/\/fr.motocrossmag.be\/index.php\/2022\/10\/salon-de-bruxelles-une-centieme-edition-sans-les-motos\/","og_site_name":"Motocross - Enduro - Supermoto | MotocrossMag","article_published_time":"2022-10-06T09:05:24+00:00","og_image":[{"width":1400,"height":933,"url":"https:\/\/fr.motocrossmag.be\/wp-content\/uploads\/2018\/01\/Salon-Brussels-2018-IMG_7820.jpg","type":"image\/jpeg"}],"author":"oliviere","twitter_card":"summary_large_image","twitter_misc":{"\u00c9crit par":"oliviere","Dur\u00e9e de lecture estim\u00e9e":"1 minute"},"schema":{"@context":"https:\/\/schema.org","@graph":[{"@type":"Article","@id":"https:\/\/fr.motocrossmag.be\/index.php\/2022\/10\/salon-de-bruxelles-une-centieme-edition-sans-les-motos\/#article","isPartOf":{"@id":"https:\/\/fr.motocrossmag.be\/index.php\/2022\/10\/salon-de-bruxelles-une-centieme-edition-sans-les-motos\/"},"author":{"name":"oliviere","@id":"https:\/\/fr.motocrossmag.be\/#\/schema\/person\/11b47143d9f755babca2c9110e03235c"},"headline":"Salon de Bruxelles : une centi\u00e8me \u00e9dition sans les motos","datePublished":"2022-10-06T09:05:24+00:00","mainEntityOfPage":{"@id":"https:\/\/fr.motocrossmag.be\/index.php\/2022\/10\/salon-de-bruxelles-une-centieme-edition-sans-les-motos\/"},"wordCount":142,"commentCount":0,"image":{"@id":"https:\/\/fr.motocrossmag.be\/index.php\/2022\/10\/salon-de-bruxelles-une-centieme-edition-sans-les-motos\/#primaryimage"},"thumbnailUrl":"https:\/\/fr.motocrossmag.be\/wp-content\/uploads\/2018\/01\/Salon-Brussels-2018-IMG_7820.jpg","keywords":["industrie","salon de bruxelles"],"articleSection":["Actualit\u00e9","Motocross","News","News","Slideshow"],"inLanguage":"fr-FR","potentialAction":[{"@type":"CommentAction","name":"Comment","target":["https:\/\/fr.motocrossmag.be\/index.php\/2022\/10\/salon-de-bruxelles-une-centieme-edition-sans-les-motos\/#respond"]}]},{"@type":"WebPage","@id":"https:\/\/fr.motocrossmag.be\/index.php\/2022\/10\/salon-de-bruxelles-une-centieme-edition-sans-les-motos\/","url":"https:\/\/fr.motocrossmag.be\/index.php\/2022\/10\/salon-de-bruxelles-une-centieme-edition-sans-les-motos\/","name":"Salon de Bruxelles : une centi\u00e8me \u00e9dition sans les motos - Motocross - Enduro - Supermoto | MotocrossMag","isPartOf":{"@id":"https:\/\/fr.motocrossmag.be\/#website"},"primaryImageOfPage":{"@id":"https:\/\/fr.motocrossmag.be\/index.php\/2022\/10\/salon-de-bruxelles-une-centieme-edition-sans-les-motos\/#primaryimage"},"image":{"@id":"https:\/\/fr.motocrossmag.be\/index.php\/2022\/10\/salon-de-bruxelles-une-centieme-edition-sans-les-motos\/#primaryimage"},"thumbnailUrl":"https:\/\/fr.motocrossmag.be\/wp-content\/uploads\/2018\/01\/Salon-Brussels-2018-IMG_7820.jpg","datePublished":"2022-10-06T09:05:24+00:00","author":{"@id":"https:\/\/fr.motocrossmag.be\/#\/schema\/person\/11b47143d9f755babca2c9110e03235c"},"breadcrumb":{"@id":"https:\/\/fr.motocrossmag.be\/index.php\/2022\/10\/salon-de-bruxelles-une-centieme-edition-sans-les-motos\/#breadcrumb"},"inLanguage":"fr-FR","potentialAction":[{"@type":"ReadAction","target":["https:\/\/fr.motocrossmag.be\/index.php\/2022\/10\/salon-de-bruxelles-une-centieme-edition-sans-les-motos\/"]}]},{"@type":"ImageObject","inLanguage":"fr-FR","@id":"https:\/\/fr.motocrossmag.be\/index.php\/2022\/10\/salon-de-bruxelles-une-centieme-edition-sans-les-motos\/#primaryimage","url":"https:\/\/fr.motocrossmag.be\/wp-content\/uploads\/2018\/01\/Salon-Brussels-2018-IMG_7820.jpg","contentUrl":"https:\/\/fr.motocrossmag.be\/wp-content\/uploads\/2018\/01\/Salon-Brussels-2018-IMG_7820.jpg","width":1400,"height":933},{"@type":"BreadcrumbList","@id":"https:\/\/fr.motocrossmag.be\/index.php\/2022\/10\/salon-de-bruxelles-une-centieme-edition-sans-les-motos\/#breadcrumb","itemListElement":[{"@type":"ListItem","position":1,"name":"Accueil","item":"https:\/\/fr.motocrossmag.be\/"},{"@type":"ListItem","position":2,"name":"Salon de Bruxelles : une centi\u00e8me \u00e9dition sans les motos"}]},{"@type":"WebSite","@id":"https:\/\/fr.motocrossmag.be\/#website","url":"https:\/\/fr.motocrossmag.be\/","name":"Motocross - Enduro - Supermoto | MotocrossMag","description":"L&#039;actualit\u00e9 du motocross, de l&#039;enduro et du Supermoto en ligne!","potentialAction":[{"@type":"SearchAction","target":{"@type":"EntryPoint","urlTemplate":"https:\/\/fr.motocrossmag.be\/?s={search_term_string}"},"query-input":{"@type":"PropertyValueSpecification","valueRequired":true,"valueName":"search_term_string"}}],"inLanguage":"fr-FR"},{"@type":"Person","@id":"https:\/\/fr.motocrossmag.be\/#\/schema\/person\/11b47143d9f755babca2c9110e03235c","name":"oliviere","image":{"@type":"ImageObject","inLanguage":"fr-FR","@id":"https:\/\/secure.gravatar.com\/avatar\/907069e0b81d119452040469e4a7501da1100f54f7f80180ce77bfab718288f6?s=96&d=mm&r=g","url":"https:\/\/secure.gravatar.com\/avatar\/907069e0b81d119452040469e4a7501da1100f54f7f80180ce77bfab718288f6?s=96&d=mm&r=g","contentUrl":"https:\/\/secure.gravatar.com\/avatar\/907069e0b81d119452040469e4a7501da1100f54f7f80180ce77bfab718288f6?s=96&d=mm&r=g","caption":"oliviere"},"sameAs":["http:\/\/www.motocrossmag.be"],"url":"https:\/\/fr.motocrossmag.be\/index.php\/author\/oliviere\/"}]}},"_links":{"self":[{"href":"https:\/\/fr.motocrossmag.be\/index.php\/wp-json\/wp\/v2\/posts\/121151","targetHints":{"allow":["GET"]}}],"collection":[{"href":"https:\/\/fr.motocrossmag.be\/index.php\/wp-json\/wp\/v2\/posts"}],"about":[{"href":"https:\/\/fr.motocrossmag.be\/index.php\/wp-json\/wp\/v2\/types\/post"}],"author":[{"embeddable":true,"href":"https:\/\/fr.motocrossmag.be\/index.php\/wp-json\/wp\/v2\/users\/932"}],"replies":[{"embeddable":true,"href":"https:\/\/fr.motocrossmag.be\/index.php\/wp-json\/wp\/v2\/comments?post=121151"}],"version-history":[{"count":0,"href":"https:\/\/fr.motocrossmag.be\/index.php\/wp-json\/wp\/v2\/posts\/121151\/revisions"}],"wp:featuredmedia":[{"embeddable":true,"href":"https:\/\/fr.motocrossmag.be\/index.php\/wp-json\/wp\/v2\/media\/68976"}],"wp:attachment":[{"href":"https:\/\/fr.motocrossmag.be\/index.php\/wp-json\/wp\/v2\/media?parent=121151"}],"wp:term":[{"taxonomy":"category","embeddable":true,"href":"https:\/\/fr.motocrossmag.be\/index.php\/wp-json\/wp\/v2\/categories?post=121151"},{"taxonomy":"post_tag","embeddable":true,"href":"https:\/\/fr.motocrossmag.be\/index.php\/wp-json\/wp\/v2\/tags?post=121151"}],"curies":[{"name":"wp","href":"https:\/\/api.w.org\/{rel}","templated":true}]}}