{"id":121156,"date":"2022-10-07T10:31:27","date_gmt":"2022-10-07T08:31:27","guid":{"rendered":"http:\/\/fr.motocrossmag.be\/?p=121156"},"modified":"2022-10-07T22:43:51","modified_gmt":"2022-10-07T20:43:51","slug":"121156","status":"publish","type":"post","link":"https:\/\/fr.motocrossmag.be\/index.php\/2022\/10\/121156\/","title":{"rendered":"Stark Varg livrera ses machines en retard"},"content":{"rendered":"<p><strong>La Stark Varg arrivera chez ses premiers propri\u00e9taires un peu plus tard que pr\u00e9vu. La marque vient d&rsquo;annoncer un retard de plusieurs mois dans la livraison de ses premi\u00e8res unit\u00e9s.<\/strong><\/p>\n<p>Produites en Espagne juste \u00e0 c\u00f4t\u00e9 de Barcelone, dans une nouvelle usine qui comprend deux lignes de production pour les batteries et une ligne d&rsquo;assemblage pour les machines, les Stark Varg se font attendre. Les clients s&rsquo;impatientent, alors Anton Wass, le PDG du groupe, leur a livr\u00e9 quelques explications.<\/p>\n<p>\u00ab\u00a0Nous faisons tout notre possible pour livrer les machines au plus vite. Je suis moi-m\u00eame impatient, alors que je comprends que nos clients le soient aussi et soient frustr\u00e9s d&rsquo;attendre leur moto plus longtemps que pr\u00e9vu\u00a0\u00bb, explique Wass. \u00ab\u00a0Mais les probl\u00e8mes actuels dans le monde entier concernant les cha\u00eenes logistiques et certains composants nous touchent plus durement que nous ne l&rsquo;avions anticip\u00e9\u00a0\u00bb, reconna\u00eet-il.<\/p>\n<p><a href=\"http:\/\/fr.motocrossmag.be\/wp-content\/uploads\/2022\/06\/2022_STARKFUTURE_GPL_Ambience_4b.jpg\"><img decoding=\"async\" class=\"lazyload alignnone size-full wp-image-118164\" src=\"http:\/\/fr.motocrossmag.be\/wp-content\/uploads\/2022\/06\/2022_STARKFUTURE_GPL_Ambience_4b.jpg\" data-orig-src=\"http:\/\/fr.motocrossmag.be\/wp-content\/uploads\/2022\/06\/2022_STARKFUTURE_GPL_Ambience_4b.jpg\" alt=\"\" width=\"1000\" height=\"666\" srcset=\"data:image\/svg+xml,%3Csvg%20xmlns%3D%27http%3A%2F%2Fwww.w3.org%2F2000%2Fsvg%27%20width%3D%271000%27%20height%3D%27666%27%20viewBox%3D%270%200%201000%20666%27%3E%3Crect%20width%3D%271000%27%20height%3D%27666%27%20fill-opacity%3D%220%22%2F%3E%3C%2Fsvg%3E\" data-srcset=\"https:\/\/fr.motocrossmag.be\/wp-content\/uploads\/2022\/06\/2022_STARKFUTURE_GPL_Ambience_4b-650x433.jpg 650w, https:\/\/fr.motocrossmag.be\/wp-content\/uploads\/2022\/06\/2022_STARKFUTURE_GPL_Ambience_4b-768x511.jpg 768w, https:\/\/fr.motocrossmag.be\/wp-content\/uploads\/2022\/06\/2022_STARKFUTURE_GPL_Ambience_4b.jpg 1000w\" data-sizes=\"auto\" data-orig-sizes=\"(max-width: 1000px) 100vw, 1000px\" \/><\/a><\/p>\n<p>\u00ab\u00a0Nous invitons chaque client \u00e0 se connecter sur StarkFuture.com pour y v\u00e9rifier la nouvelle date de livraison de sa machine\u00a0\u00bb, poursuit Wass. \u00ab\u00a0Dans les semaines qui viennent, le support commercial de Stark contactera chaque client par t\u00e9l\u00e9phone pour l&rsquo;informer et clarifier la date de livraison de sa moto. Nous continuons quoi qu&rsquo;il arrive \u00e0 travailler jour et nuit pour vous livrer une machine qui d\u00e9passera vos attentes.\u00a0\u00bb<\/p>\n<div class=\"su-youtube su-u-responsive-media-yes\"><iframe class=\"lazyload\" width=\"640\" height=\"400\" src=\"data:image\/svg+xml,%3Csvg%20xmlns%3D%27http%3A%2F%2Fwww.w3.org%2F2000%2Fsvg%27%20width%3D%27640%27%20height%3D%27400%27%20viewBox%3D%270%200%20640%20400%27%3E%3Crect%20width%3D%27640%27%20height%3D%27400%27%20fill-opacity%3D%220%22%2F%3E%3C%2Fsvg%3E\" data-orig-src=\"https:\/\/www.youtube.com\/embed\/FdjzqHs6Rb8?\" frameborder=\"0\" allowfullscreen allow=\"autoplay; encrypted-media; picture-in-picture\" title=\"\"><\/iframe><\/div>\n<p>Pr\u00e9sent\u00e9e \u00e0 la presse cet \u00e9t\u00e9 <a href=\"http:\/\/fr.motocrossmag.be\/index.php\/2022\/06\/on-a-teste-la-stark-varg\/\">(lire notre essai)<\/a>, la Stark Varg marque assur\u00e9ment l&rsquo;entr\u00e9e dans une nouvelle \u00e8re pour la moto tout-terrain \u00e9lectrique.<\/p>\n<p>&nbsp;<\/p>\n","protected":false},"excerpt":{"rendered":"<p>La Stark Varg arrivera chez ses premiers propri\u00e9taires un peu plus tard que pr\u00e9vu. La marque vient d&rsquo;annoncer un retard de plusieurs mois dans la livraison de ses premi\u00e8res unit\u00e9s. [&#8230;]<\/p>\n","protected":false},"author":932,"featured_media":118157,"comment_status":"open","ping_status":"closed","sticky":false,"template":"","format":"standard","meta":{"footnotes":""},"categories":[54,1077,4,5,55,65],"tags":[1175,947],"class_list":["post-121156","post","type-post","status-publish","format-standard","has-post-thumbnail","hentry","category-actualite","category-electrique","category-motocross","category-news","category-news-actualite","category-slideshow","tag-electrique","tag-motocross"],"yoast_head":"<!-- This site is optimized with the Yoast SEO plugin v27.4 - https:\/\/yoast.com\/product\/yoast-seo-wordpress\/ -->\n<title>Stark Varg livrera ses machines en retard - Motocross - Enduro - Supermoto | MotocrossMag<\/title>\n<meta name=\"robots\" content=\"index, follow, max-snippet:-1, max-image-preview:large, max-video-preview:-1\" \/>\n<link rel=\"canonical\" href=\"https:\/\/fr.motocrossmag.be\/index.php\/2022\/10\/121156\/\" \/>\n<meta property=\"og:locale\" content=\"fr_FR\" \/>\n<meta property=\"og:type\" content=\"article\" \/>\n<meta property=\"og:title\" content=\"Stark Varg livrera ses machines en retard - Motocross - Enduro - Supermoto | MotocrossMag\" \/>\n<meta property=\"og:description\" content=\"La Stark Varg arrivera chez ses premiers propri\u00e9taires un peu plus tard que pr\u00e9vu. La marque vient d&rsquo;annoncer un retard de plusieurs mois dans la livraison de ses premi\u00e8res unit\u00e9s. [...]\" \/>\n<meta property=\"og:url\" content=\"https:\/\/fr.motocrossmag.be\/index.php\/2022\/10\/121156\/\" \/>\n<meta property=\"og:site_name\" content=\"Motocross - Enduro - Supermoto | MotocrossMag\" \/>\n<meta property=\"article:published_time\" content=\"2022-10-07T08:31:27+00:00\" \/>\n<meta property=\"article:modified_time\" content=\"2022-10-07T20:43:51+00:00\" \/>\n<meta property=\"og:image\" content=\"https:\/\/fr.motocrossmag.be\/wp-content\/uploads\/2022\/06\/StarkFuture_PressLaunch_PA_2674.jpg\" \/>\n\t<meta property=\"og:image:width\" content=\"1000\" \/>\n\t<meta property=\"og:image:height\" content=\"666\" \/>\n\t<meta property=\"og:image:type\" content=\"image\/jpeg\" \/>\n<meta name=\"author\" content=\"oliviere\" \/>\n<meta name=\"twitter:card\" content=\"summary_large_image\" \/>\n<meta name=\"twitter:label1\" content=\"\u00c9crit par\" \/>\n\t<meta name=\"twitter:data1\" content=\"oliviere\" \/>\n\t<meta name=\"twitter:label2\" content=\"Dur\u00e9e de lecture estim\u00e9e\" \/>\n\t<meta name=\"twitter:data2\" content=\"1 minute\" \/>\n<script type=\"application\/ld+json\" class=\"yoast-schema-graph\">{\"@context\":\"https:\\\/\\\/schema.org\",\"@graph\":[{\"@type\":\"Article\",\"@id\":\"https:\\\/\\\/fr.motocrossmag.be\\\/index.php\\\/2022\\\/10\\\/121156\\\/#article\",\"isPartOf\":{\"@id\":\"https:\\\/\\\/fr.motocrossmag.be\\\/index.php\\\/2022\\\/10\\\/121156\\\/\"},\"author\":{\"name\":\"oliviere\",\"@id\":\"https:\\\/\\\/fr.motocrossmag.be\\\/#\\\/schema\\\/person\\\/11b47143d9f755babca2c9110e03235c\"},\"headline\":\"Stark Varg livrera ses machines en retard\",\"datePublished\":\"2022-10-07T08:31:27+00:00\",\"dateModified\":\"2022-10-07T20:43:51+00:00\",\"mainEntityOfPage\":{\"@id\":\"https:\\\/\\\/fr.motocrossmag.be\\\/index.php\\\/2022\\\/10\\\/121156\\\/\"},\"wordCount\":280,\"commentCount\":0,\"image\":{\"@id\":\"https:\\\/\\\/fr.motocrossmag.be\\\/index.php\\\/2022\\\/10\\\/121156\\\/#primaryimage\"},\"thumbnailUrl\":\"https:\\\/\\\/fr.motocrossmag.be\\\/wp-content\\\/uploads\\\/2022\\\/06\\\/StarkFuture_PressLaunch_PA_2674.jpg\",\"keywords\":[\"electrique\",\"Motocross\"],\"articleSection\":[\"Actualit\u00e9\",\"Electrique\",\"Motocross\",\"News\",\"News\",\"Slideshow\"],\"inLanguage\":\"fr-FR\",\"potentialAction\":[{\"@type\":\"CommentAction\",\"name\":\"Comment\",\"target\":[\"https:\\\/\\\/fr.motocrossmag.be\\\/index.php\\\/2022\\\/10\\\/121156\\\/#respond\"]}]},{\"@type\":\"WebPage\",\"@id\":\"https:\\\/\\\/fr.motocrossmag.be\\\/index.php\\\/2022\\\/10\\\/121156\\\/\",\"url\":\"https:\\\/\\\/fr.motocrossmag.be\\\/index.php\\\/2022\\\/10\\\/121156\\\/\",\"name\":\"Stark Varg livrera ses machines en retard - Motocross - Enduro - Supermoto | MotocrossMag\",\"isPartOf\":{\"@id\":\"https:\\\/\\\/fr.motocrossmag.be\\\/#website\"},\"primaryImageOfPage\":{\"@id\":\"https:\\\/\\\/fr.motocrossmag.be\\\/index.php\\\/2022\\\/10\\\/121156\\\/#primaryimage\"},\"image\":{\"@id\":\"https:\\\/\\\/fr.motocrossmag.be\\\/index.php\\\/2022\\\/10\\\/121156\\\/#primaryimage\"},\"thumbnailUrl\":\"https:\\\/\\\/fr.motocrossmag.be\\\/wp-content\\\/uploads\\\/2022\\\/06\\\/StarkFuture_PressLaunch_PA_2674.jpg\",\"datePublished\":\"2022-10-07T08:31:27+00:00\",\"dateModified\":\"2022-10-07T20:43:51+00:00\",\"author\":{\"@id\":\"https:\\\/\\\/fr.motocrossmag.be\\\/#\\\/schema\\\/person\\\/11b47143d9f755babca2c9110e03235c\"},\"breadcrumb\":{\"@id\":\"https:\\\/\\\/fr.motocrossmag.be\\\/index.php\\\/2022\\\/10\\\/121156\\\/#breadcrumb\"},\"inLanguage\":\"fr-FR\",\"potentialAction\":[{\"@type\":\"ReadAction\",\"target\":[\"https:\\\/\\\/fr.motocrossmag.be\\\/index.php\\\/2022\\\/10\\\/121156\\\/\"]}]},{\"@type\":\"ImageObject\",\"inLanguage\":\"fr-FR\",\"@id\":\"https:\\\/\\\/fr.motocrossmag.be\\\/index.php\\\/2022\\\/10\\\/121156\\\/#primaryimage\",\"url\":\"https:\\\/\\\/fr.motocrossmag.be\\\/wp-content\\\/uploads\\\/2022\\\/06\\\/StarkFuture_PressLaunch_PA_2674.jpg\",\"contentUrl\":\"https:\\\/\\\/fr.motocrossmag.be\\\/wp-content\\\/uploads\\\/2022\\\/06\\\/StarkFuture_PressLaunch_PA_2674.jpg\",\"width\":\"1000\",\"height\":\"666\"},{\"@type\":\"BreadcrumbList\",\"@id\":\"https:\\\/\\\/fr.motocrossmag.be\\\/index.php\\\/2022\\\/10\\\/121156\\\/#breadcrumb\",\"itemListElement\":[{\"@type\":\"ListItem\",\"position\":1,\"name\":\"Accueil\",\"item\":\"https:\\\/\\\/fr.motocrossmag.be\\\/\"},{\"@type\":\"ListItem\",\"position\":2,\"name\":\"Stark Varg livrera ses machines en retard\"}]},{\"@type\":\"WebSite\",\"@id\":\"https:\\\/\\\/fr.motocrossmag.be\\\/#website\",\"url\":\"https:\\\/\\\/fr.motocrossmag.be\\\/\",\"name\":\"Motocross - Enduro - Supermoto | MotocrossMag\",\"description\":\"L&#039;actualit\u00e9 du motocross, de l&#039;enduro et du Supermoto en ligne!\",\"potentialAction\":[{\"@type\":\"SearchAction\",\"target\":{\"@type\":\"EntryPoint\",\"urlTemplate\":\"https:\\\/\\\/fr.motocrossmag.be\\\/?s={search_term_string}\"},\"query-input\":{\"@type\":\"PropertyValueSpecification\",\"valueRequired\":true,\"valueName\":\"search_term_string\"}}],\"inLanguage\":\"fr-FR\"},{\"@type\":\"Person\",\"@id\":\"https:\\\/\\\/fr.motocrossmag.be\\\/#\\\/schema\\\/person\\\/11b47143d9f755babca2c9110e03235c\",\"name\":\"oliviere\",\"image\":{\"@type\":\"ImageObject\",\"inLanguage\":\"fr-FR\",\"@id\":\"https:\\\/\\\/secure.gravatar.com\\\/avatar\\\/907069e0b81d119452040469e4a7501da1100f54f7f80180ce77bfab718288f6?s=96&d=mm&r=g\",\"url\":\"https:\\\/\\\/secure.gravatar.com\\\/avatar\\\/907069e0b81d119452040469e4a7501da1100f54f7f80180ce77bfab718288f6?s=96&d=mm&r=g\",\"contentUrl\":\"https:\\\/\\\/secure.gravatar.com\\\/avatar\\\/907069e0b81d119452040469e4a7501da1100f54f7f80180ce77bfab718288f6?s=96&d=mm&r=g\",\"caption\":\"oliviere\"},\"sameAs\":[\"http:\\\/\\\/www.motocrossmag.be\"],\"url\":\"https:\\\/\\\/fr.motocrossmag.be\\\/index.php\\\/author\\\/oliviere\\\/\"}]}<\/script>\n<!-- \/ Yoast SEO plugin. -->","yoast_head_json":{"title":"Stark Varg livrera ses machines en retard - Motocross - Enduro - Supermoto | MotocrossMag","robots":{"index":"index","follow":"follow","max-snippet":"max-snippet:-1","max-image-preview":"max-image-preview:large","max-video-preview":"max-video-preview:-1"},"canonical":"https:\/\/fr.motocrossmag.be\/index.php\/2022\/10\/121156\/","og_locale":"fr_FR","og_type":"article","og_title":"Stark Varg livrera ses machines en retard - Motocross - Enduro - Supermoto | MotocrossMag","og_description":"La Stark Varg arrivera chez ses premiers propri\u00e9taires un peu plus tard que pr\u00e9vu. La marque vient d&rsquo;annoncer un retard de plusieurs mois dans la livraison de ses premi\u00e8res unit\u00e9s. [...]","og_url":"https:\/\/fr.motocrossmag.be\/index.php\/2022\/10\/121156\/","og_site_name":"Motocross - Enduro - Supermoto | MotocrossMag","article_published_time":"2022-10-07T08:31:27+00:00","article_modified_time":"2022-10-07T20:43:51+00:00","og_image":[{"width":1000,"height":666,"url":"https:\/\/fr.motocrossmag.be\/wp-content\/uploads\/2022\/06\/StarkFuture_PressLaunch_PA_2674.jpg","type":"image\/jpeg"}],"author":"oliviere","twitter_card":"summary_large_image","twitter_misc":{"\u00c9crit par":"oliviere","Dur\u00e9e de lecture estim\u00e9e":"1 minute"},"schema":{"@context":"https:\/\/schema.org","@graph":[{"@type":"Article","@id":"https:\/\/fr.motocrossmag.be\/index.php\/2022\/10\/121156\/#article","isPartOf":{"@id":"https:\/\/fr.motocrossmag.be\/index.php\/2022\/10\/121156\/"},"author":{"name":"oliviere","@id":"https:\/\/fr.motocrossmag.be\/#\/schema\/person\/11b47143d9f755babca2c9110e03235c"},"headline":"Stark Varg livrera ses machines en retard","datePublished":"2022-10-07T08:31:27+00:00","dateModified":"2022-10-07T20:43:51+00:00","mainEntityOfPage":{"@id":"https:\/\/fr.motocrossmag.be\/index.php\/2022\/10\/121156\/"},"wordCount":280,"commentCount":0,"image":{"@id":"https:\/\/fr.motocrossmag.be\/index.php\/2022\/10\/121156\/#primaryimage"},"thumbnailUrl":"https:\/\/fr.motocrossmag.be\/wp-content\/uploads\/2022\/06\/StarkFuture_PressLaunch_PA_2674.jpg","keywords":["electrique","Motocross"],"articleSection":["Actualit\u00e9","Electrique","Motocross","News","News","Slideshow"],"inLanguage":"fr-FR","potentialAction":[{"@type":"CommentAction","name":"Comment","target":["https:\/\/fr.motocrossmag.be\/index.php\/2022\/10\/121156\/#respond"]}]},{"@type":"WebPage","@id":"https:\/\/fr.motocrossmag.be\/index.php\/2022\/10\/121156\/","url":"https:\/\/fr.motocrossmag.be\/index.php\/2022\/10\/121156\/","name":"Stark Varg livrera ses machines en retard - Motocross - Enduro - Supermoto | MotocrossMag","isPartOf":{"@id":"https:\/\/fr.motocrossmag.be\/#website"},"primaryImageOfPage":{"@id":"https:\/\/fr.motocrossmag.be\/index.php\/2022\/10\/121156\/#primaryimage"},"image":{"@id":"https:\/\/fr.motocrossmag.be\/index.php\/2022\/10\/121156\/#primaryimage"},"thumbnailUrl":"https:\/\/fr.motocrossmag.be\/wp-content\/uploads\/2022\/06\/StarkFuture_PressLaunch_PA_2674.jpg","datePublished":"2022-10-07T08:31:27+00:00","dateModified":"2022-10-07T20:43:51+00:00","author":{"@id":"https:\/\/fr.motocrossmag.be\/#\/schema\/person\/11b47143d9f755babca2c9110e03235c"},"breadcrumb":{"@id":"https:\/\/fr.motocrossmag.be\/index.php\/2022\/10\/121156\/#breadcrumb"},"inLanguage":"fr-FR","potentialAction":[{"@type":"ReadAction","target":["https:\/\/fr.motocrossmag.be\/index.php\/2022\/10\/121156\/"]}]},{"@type":"ImageObject","inLanguage":"fr-FR","@id":"https:\/\/fr.motocrossmag.be\/index.php\/2022\/10\/121156\/#primaryimage","url":"https:\/\/fr.motocrossmag.be\/wp-content\/uploads\/2022\/06\/StarkFuture_PressLaunch_PA_2674.jpg","contentUrl":"https:\/\/fr.motocrossmag.be\/wp-content\/uploads\/2022\/06\/StarkFuture_PressLaunch_PA_2674.jpg","width":"1000","height":"666"},{"@type":"BreadcrumbList","@id":"https:\/\/fr.motocrossmag.be\/index.php\/2022\/10\/121156\/#breadcrumb","itemListElement":[{"@type":"ListItem","position":1,"name":"Accueil","item":"https:\/\/fr.motocrossmag.be\/"},{"@type":"ListItem","position":2,"name":"Stark Varg livrera ses machines en retard"}]},{"@type":"WebSite","@id":"https:\/\/fr.motocrossmag.be\/#website","url":"https:\/\/fr.motocrossmag.be\/","name":"Motocross - Enduro - Supermoto | MotocrossMag","description":"L&#039;actualit\u00e9 du motocross, de l&#039;enduro et du Supermoto en ligne!","potentialAction":[{"@type":"SearchAction","target":{"@type":"EntryPoint","urlTemplate":"https:\/\/fr.motocrossmag.be\/?s={search_term_string}"},"query-input":{"@type":"PropertyValueSpecification","valueRequired":true,"valueName":"search_term_string"}}],"inLanguage":"fr-FR"},{"@type":"Person","@id":"https:\/\/fr.motocrossmag.be\/#\/schema\/person\/11b47143d9f755babca2c9110e03235c","name":"oliviere","image":{"@type":"ImageObject","inLanguage":"fr-FR","@id":"https:\/\/secure.gravatar.com\/avatar\/907069e0b81d119452040469e4a7501da1100f54f7f80180ce77bfab718288f6?s=96&d=mm&r=g","url":"https:\/\/secure.gravatar.com\/avatar\/907069e0b81d119452040469e4a7501da1100f54f7f80180ce77bfab718288f6?s=96&d=mm&r=g","contentUrl":"https:\/\/secure.gravatar.com\/avatar\/907069e0b81d119452040469e4a7501da1100f54f7f80180ce77bfab718288f6?s=96&d=mm&r=g","caption":"oliviere"},"sameAs":["http:\/\/www.motocrossmag.be"],"url":"https:\/\/fr.motocrossmag.be\/index.php\/author\/oliviere\/"}]}},"_links":{"self":[{"href":"https:\/\/fr.motocrossmag.be\/index.php\/wp-json\/wp\/v2\/posts\/121156","targetHints":{"allow":["GET"]}}],"collection":[{"href":"https:\/\/fr.motocrossmag.be\/index.php\/wp-json\/wp\/v2\/posts"}],"about":[{"href":"https:\/\/fr.motocrossmag.be\/index.php\/wp-json\/wp\/v2\/types\/post"}],"author":[{"embeddable":true,"href":"https:\/\/fr.motocrossmag.be\/index.php\/wp-json\/wp\/v2\/users\/932"}],"replies":[{"embeddable":true,"href":"https:\/\/fr.motocrossmag.be\/index.php\/wp-json\/wp\/v2\/comments?post=121156"}],"version-history":[{"count":1,"href":"https:\/\/fr.motocrossmag.be\/index.php\/wp-json\/wp\/v2\/posts\/121156\/revisions"}],"predecessor-version":[{"id":121157,"href":"https:\/\/fr.motocrossmag.be\/index.php\/wp-json\/wp\/v2\/posts\/121156\/revisions\/121157"}],"wp:featuredmedia":[{"embeddable":true,"href":"https:\/\/fr.motocrossmag.be\/index.php\/wp-json\/wp\/v2\/media\/118157"}],"wp:attachment":[{"href":"https:\/\/fr.motocrossmag.be\/index.php\/wp-json\/wp\/v2\/media?parent=121156"}],"wp:term":[{"taxonomy":"category","embeddable":true,"href":"https:\/\/fr.motocrossmag.be\/index.php\/wp-json\/wp\/v2\/categories?post=121156"},{"taxonomy":"post_tag","embeddable":true,"href":"https:\/\/fr.motocrossmag.be\/index.php\/wp-json\/wp\/v2\/tags?post=121156"}],"curies":[{"name":"wp","href":"https:\/\/api.w.org\/{rel}","templated":true}]}}