{"id":121192,"date":"2022-10-07T22:25:53","date_gmt":"2022-10-07T20:25:53","guid":{"rendered":"http:\/\/fr.motocrossmag.be\/?p=121192"},"modified":"2022-10-07T22:25:53","modified_gmt":"2022-10-07T20:25:53","slug":"championnat-du-monde-de-supercross-les-teams-et-les-pilotes-au-depart","status":"publish","type":"post","link":"https:\/\/fr.motocrossmag.be\/index.php\/2022\/10\/championnat-du-monde-de-supercross-les-teams-et-les-pilotes-au-depart\/","title":{"rendered":"Championnat du monde de Supercross : les teams et les pilotes au d\u00e9part"},"content":{"rendered":"<p><strong>Le championnat du monde de Supercross (WSX) sera lanc\u00e9 ce week-end. Ce sera dans le stade de Cardiff, au Pays de Galle. Comme annonc\u00e9, ce sont 40 pilotes engag\u00e9s au sein de 10 teams qui prendront part \u00e0 l&rsquo;ensemble de la saison alors que 4 wildcards (dont Eli Tomac ce samedi !) compl\u00e8tent le tableau.<\/strong><\/p>\n<p>Ci-dessous, retrouvez les teams engag\u00e9s sur ce nouveau championnat ainsi que leur composition, chaque \u00e9quipe alignant deux pilotes 250 et deux pilotes 450.<\/p>\n<p><span style=\"color: #800000;\"><strong>Teams et pilotes engag\u00e9s<\/strong><\/span><\/p>\n<h5>Honda Genuine Racing<\/h5>\n<ul>\n<li>Max Anstie (250SX)<\/li>\n<li>Wilson Todd (250SX)<\/li>\n<li>Dean Wilson (450SX)<\/li>\n<li>Ken Roczen (450SX)<\/li>\n<\/ul>\n<h5>Team MotoConcepts-Honda<\/h5>\n<ul>\n<li>Cole Seely (250SX)<\/li>\n<li>Mitchell Oldenburg (250SX)<\/li>\n<li>Justin Brayton (450SX)<\/li>\n<li>Vince Friese (450SX)<\/li>\n<\/ul>\n<h5>Rick Ware Racing<\/h5>\n<ul>\n<li>Henry Miller (250SX)<\/li>\n<li>Shane McElrath (250SX)<\/li>\n<li>Joey Savatgy (450SX)<\/li>\n<li>Ryan Breece (450SX)<\/li>\n<\/ul>\n<h5>MDK Motorsports<\/h5>\n<ul>\n<li>Chad Reed (450SX)<\/li>\n<li>Josh Grant (450SX)<\/li>\n<li>Justin Bogle (250SX)<\/li>\n<li>Derek Drake (250SX)<\/li>\n<\/ul>\n<h5>Team GSM-Dafy-Michelin-Yamaha<\/h5>\n<ul>\n<li>Carson Brown (250SX)<\/li>\n<li>Maxime Desprey (250SX)<\/li>\n<li>Anthony Bourdon (450SX)<\/li>\n<li>Thomas Ramette (450SX)<\/li>\n<\/ul>\n<h5>Craig Dack Racing-Yamaha<\/h5>\n<ul>\n<li>Kyle Chisholm (250SX)<\/li>\n<li>Aaron Tanti (250SX)<\/li>\n<li>Josh Hill (450SX)<\/li>\n<li>Luke Clout (450SX)<\/li>\n<\/ul>\n<h5>Team ClubMX-Muc-Off-FXR-Yamaha<\/h5>\n<ul>\n<li>Jace Owen (250SX)<\/li>\n<li>Phil Nicoletti (250SX)<\/li>\n<li>Grant Harlan (450SX)<\/li>\n<li>Cade Clason (450SX)<\/li>\n<\/ul>\n<h5>Pipes Motorsports-Suzuki<\/h5>\n<ul>\n<li>Dilan Schwartz (250SX)<\/li>\n<li>Marshall Weltin (250SX)<\/li>\n<li>Fredrik Noren (450SX)<\/li>\n<li>Brandon Hartranft (450SX)<\/li>\n<\/ul>\n<h5>BUD Racing-Kawasaki<\/h5>\n<ul>\n<li>Matt Moss (250SX)<\/li>\n<li>Chris Blose (250SX)<\/li>\n<li>Cedric Soubeyras (450SX)<\/li>\n<li>Adrien Escoffier (450SX)<\/li>\n<\/ul>\n<h5>114 Motorsports-Honda-Nils<\/h5>\n<ul>\n<li>Thomas Do (250SX)<\/li>\n<li>Lorenzo Camporese (250SX)<\/li>\n<li>Jordi Tixier (450SX)<\/li>\n<li>Angelo Pellegrini (450SX)<\/li>\n<\/ul>\n<h5>Wild-Card<\/h5>\n<ul>\n<li>Eli Tomac (450SX)<\/li>\n<li>Jack Brunell (450SX)<\/li>\n<li>Dylan Walsh (250SX)<\/li>\n<li>Dylan Woodcock (250SX)<\/li>\n<\/ul>\n","protected":false},"excerpt":{"rendered":"<p>Le championnat du monde de Supercross (WSX) sera lanc\u00e9 ce week-end. Ce sera dans le stade de Cardiff, au Pays de Galle. Comme annonc\u00e9, ce sont 40 pilotes engag\u00e9s au [&#8230;]<\/p>\n","protected":false},"author":932,"featured_media":108052,"comment_status":"open","ping_status":"closed","sticky":false,"template":"","format":"standard","meta":{"footnotes":""},"categories":[54,4,5,55,65,1922],"tags":[1940,116,1919],"class_list":["post-121192","post","type-post","status-publish","format-standard","has-post-thumbnail","hentry","category-actualite","category-motocross","category-news","category-news-actualite","category-slideshow","category-world-supercross","tag-cardiff","tag-supercross","tag-wsx"],"yoast_head":"<!-- This site is optimized with the Yoast SEO plugin v27.4 - https:\/\/yoast.com\/product\/yoast-seo-wordpress\/ -->\n<title>Championnat du monde de Supercross : les teams et les pilotes au d\u00e9part - Motocross - Enduro - Supermoto | MotocrossMag<\/title>\n<meta name=\"robots\" content=\"index, follow, max-snippet:-1, max-image-preview:large, max-video-preview:-1\" \/>\n<link rel=\"canonical\" href=\"https:\/\/fr.motocrossmag.be\/index.php\/2022\/10\/championnat-du-monde-de-supercross-les-teams-et-les-pilotes-au-depart\/\" \/>\n<meta property=\"og:locale\" content=\"fr_FR\" \/>\n<meta property=\"og:type\" content=\"article\" \/>\n<meta property=\"og:title\" content=\"Championnat du monde de Supercross : les teams et les pilotes au d\u00e9part - Motocross - Enduro - Supermoto | MotocrossMag\" \/>\n<meta property=\"og:description\" content=\"Le championnat du monde de Supercross (WSX) sera lanc\u00e9 ce week-end. Ce sera dans le stade de Cardiff, au Pays de Galle. Comme annonc\u00e9, ce sont 40 pilotes engag\u00e9s au [...]\" \/>\n<meta property=\"og:url\" content=\"https:\/\/fr.motocrossmag.be\/index.php\/2022\/10\/championnat-du-monde-de-supercross-les-teams-et-les-pilotes-au-depart\/\" \/>\n<meta property=\"og:site_name\" content=\"Motocross - Enduro - Supermoto | MotocrossMag\" \/>\n<meta property=\"article:published_time\" content=\"2022-10-07T20:25:53+00:00\" \/>\n<meta property=\"og:image\" content=\"https:\/\/fr.motocrossmag.be\/wp-content\/uploads\/2021\/02\/ken-roczen-indianapolis-3-supercross.jpg\" \/>\n\t<meta property=\"og:image:width\" content=\"650\" \/>\n\t<meta property=\"og:image:height\" content=\"456\" \/>\n\t<meta property=\"og:image:type\" content=\"image\/jpeg\" \/>\n<meta name=\"author\" content=\"oliviere\" \/>\n<meta name=\"twitter:card\" content=\"summary_large_image\" \/>\n<meta name=\"twitter:label1\" content=\"\u00c9crit par\" \/>\n\t<meta name=\"twitter:data1\" content=\"oliviere\" \/>\n\t<meta name=\"twitter:label2\" content=\"Dur\u00e9e de lecture estim\u00e9e\" \/>\n\t<meta name=\"twitter:data2\" content=\"1 minute\" \/>\n<script type=\"application\/ld+json\" class=\"yoast-schema-graph\">{\"@context\":\"https:\\\/\\\/schema.org\",\"@graph\":[{\"@type\":\"Article\",\"@id\":\"https:\\\/\\\/fr.motocrossmag.be\\\/index.php\\\/2022\\\/10\\\/championnat-du-monde-de-supercross-les-teams-et-les-pilotes-au-depart\\\/#article\",\"isPartOf\":{\"@id\":\"https:\\\/\\\/fr.motocrossmag.be\\\/index.php\\\/2022\\\/10\\\/championnat-du-monde-de-supercross-les-teams-et-les-pilotes-au-depart\\\/\"},\"author\":{\"name\":\"oliviere\",\"@id\":\"https:\\\/\\\/fr.motocrossmag.be\\\/#\\\/schema\\\/person\\\/11b47143d9f755babca2c9110e03235c\"},\"headline\":\"Championnat du monde de Supercross : les teams et les pilotes au d\u00e9part\",\"datePublished\":\"2022-10-07T20:25:53+00:00\",\"mainEntityOfPage\":{\"@id\":\"https:\\\/\\\/fr.motocrossmag.be\\\/index.php\\\/2022\\\/10\\\/championnat-du-monde-de-supercross-les-teams-et-les-pilotes-au-depart\\\/\"},\"wordCount\":248,\"commentCount\":0,\"image\":{\"@id\":\"https:\\\/\\\/fr.motocrossmag.be\\\/index.php\\\/2022\\\/10\\\/championnat-du-monde-de-supercross-les-teams-et-les-pilotes-au-depart\\\/#primaryimage\"},\"thumbnailUrl\":\"https:\\\/\\\/fr.motocrossmag.be\\\/wp-content\\\/uploads\\\/2021\\\/02\\\/ken-roczen-indianapolis-3-supercross.jpg\",\"keywords\":[\"cardiff\",\"Supercross\",\"wsx\"],\"articleSection\":[\"Actualit\u00e9\",\"Motocross\",\"News\",\"News\",\"Slideshow\",\"World Supercross\"],\"inLanguage\":\"fr-FR\",\"potentialAction\":[{\"@type\":\"CommentAction\",\"name\":\"Comment\",\"target\":[\"https:\\\/\\\/fr.motocrossmag.be\\\/index.php\\\/2022\\\/10\\\/championnat-du-monde-de-supercross-les-teams-et-les-pilotes-au-depart\\\/#respond\"]}]},{\"@type\":\"WebPage\",\"@id\":\"https:\\\/\\\/fr.motocrossmag.be\\\/index.php\\\/2022\\\/10\\\/championnat-du-monde-de-supercross-les-teams-et-les-pilotes-au-depart\\\/\",\"url\":\"https:\\\/\\\/fr.motocrossmag.be\\\/index.php\\\/2022\\\/10\\\/championnat-du-monde-de-supercross-les-teams-et-les-pilotes-au-depart\\\/\",\"name\":\"Championnat du monde de Supercross : les teams et les pilotes au d\u00e9part - Motocross - Enduro - Supermoto | MotocrossMag\",\"isPartOf\":{\"@id\":\"https:\\\/\\\/fr.motocrossmag.be\\\/#website\"},\"primaryImageOfPage\":{\"@id\":\"https:\\\/\\\/fr.motocrossmag.be\\\/index.php\\\/2022\\\/10\\\/championnat-du-monde-de-supercross-les-teams-et-les-pilotes-au-depart\\\/#primaryimage\"},\"image\":{\"@id\":\"https:\\\/\\\/fr.motocrossmag.be\\\/index.php\\\/2022\\\/10\\\/championnat-du-monde-de-supercross-les-teams-et-les-pilotes-au-depart\\\/#primaryimage\"},\"thumbnailUrl\":\"https:\\\/\\\/fr.motocrossmag.be\\\/wp-content\\\/uploads\\\/2021\\\/02\\\/ken-roczen-indianapolis-3-supercross.jpg\",\"datePublished\":\"2022-10-07T20:25:53+00:00\",\"author\":{\"@id\":\"https:\\\/\\\/fr.motocrossmag.be\\\/#\\\/schema\\\/person\\\/11b47143d9f755babca2c9110e03235c\"},\"breadcrumb\":{\"@id\":\"https:\\\/\\\/fr.motocrossmag.be\\\/index.php\\\/2022\\\/10\\\/championnat-du-monde-de-supercross-les-teams-et-les-pilotes-au-depart\\\/#breadcrumb\"},\"inLanguage\":\"fr-FR\",\"potentialAction\":[{\"@type\":\"ReadAction\",\"target\":[\"https:\\\/\\\/fr.motocrossmag.be\\\/index.php\\\/2022\\\/10\\\/championnat-du-monde-de-supercross-les-teams-et-les-pilotes-au-depart\\\/\"]}]},{\"@type\":\"ImageObject\",\"inLanguage\":\"fr-FR\",\"@id\":\"https:\\\/\\\/fr.motocrossmag.be\\\/index.php\\\/2022\\\/10\\\/championnat-du-monde-de-supercross-les-teams-et-les-pilotes-au-depart\\\/#primaryimage\",\"url\":\"https:\\\/\\\/fr.motocrossmag.be\\\/wp-content\\\/uploads\\\/2021\\\/02\\\/ken-roczen-indianapolis-3-supercross.jpg\",\"contentUrl\":\"https:\\\/\\\/fr.motocrossmag.be\\\/wp-content\\\/uploads\\\/2021\\\/02\\\/ken-roczen-indianapolis-3-supercross.jpg\",\"width\":650,\"height\":456},{\"@type\":\"BreadcrumbList\",\"@id\":\"https:\\\/\\\/fr.motocrossmag.be\\\/index.php\\\/2022\\\/10\\\/championnat-du-monde-de-supercross-les-teams-et-les-pilotes-au-depart\\\/#breadcrumb\",\"itemListElement\":[{\"@type\":\"ListItem\",\"position\":1,\"name\":\"Accueil\",\"item\":\"https:\\\/\\\/fr.motocrossmag.be\\\/\"},{\"@type\":\"ListItem\",\"position\":2,\"name\":\"Championnat du monde de Supercross : les teams et les pilotes au d\u00e9part\"}]},{\"@type\":\"WebSite\",\"@id\":\"https:\\\/\\\/fr.motocrossmag.be\\\/#website\",\"url\":\"https:\\\/\\\/fr.motocrossmag.be\\\/\",\"name\":\"Motocross - Enduro - Supermoto | MotocrossMag\",\"description\":\"L&#039;actualit\u00e9 du motocross, de l&#039;enduro et du Supermoto en ligne!\",\"potentialAction\":[{\"@type\":\"SearchAction\",\"target\":{\"@type\":\"EntryPoint\",\"urlTemplate\":\"https:\\\/\\\/fr.motocrossmag.be\\\/?s={search_term_string}\"},\"query-input\":{\"@type\":\"PropertyValueSpecification\",\"valueRequired\":true,\"valueName\":\"search_term_string\"}}],\"inLanguage\":\"fr-FR\"},{\"@type\":\"Person\",\"@id\":\"https:\\\/\\\/fr.motocrossmag.be\\\/#\\\/schema\\\/person\\\/11b47143d9f755babca2c9110e03235c\",\"name\":\"oliviere\",\"image\":{\"@type\":\"ImageObject\",\"inLanguage\":\"fr-FR\",\"@id\":\"https:\\\/\\\/secure.gravatar.com\\\/avatar\\\/907069e0b81d119452040469e4a7501da1100f54f7f80180ce77bfab718288f6?s=96&d=mm&r=g\",\"url\":\"https:\\\/\\\/secure.gravatar.com\\\/avatar\\\/907069e0b81d119452040469e4a7501da1100f54f7f80180ce77bfab718288f6?s=96&d=mm&r=g\",\"contentUrl\":\"https:\\\/\\\/secure.gravatar.com\\\/avatar\\\/907069e0b81d119452040469e4a7501da1100f54f7f80180ce77bfab718288f6?s=96&d=mm&r=g\",\"caption\":\"oliviere\"},\"sameAs\":[\"http:\\\/\\\/www.motocrossmag.be\"],\"url\":\"https:\\\/\\\/fr.motocrossmag.be\\\/index.php\\\/author\\\/oliviere\\\/\"}]}<\/script>\n<!-- \/ Yoast SEO plugin. -->","yoast_head_json":{"title":"Championnat du monde de Supercross : les teams et les pilotes au d\u00e9part - Motocross - Enduro - Supermoto | MotocrossMag","robots":{"index":"index","follow":"follow","max-snippet":"max-snippet:-1","max-image-preview":"max-image-preview:large","max-video-preview":"max-video-preview:-1"},"canonical":"https:\/\/fr.motocrossmag.be\/index.php\/2022\/10\/championnat-du-monde-de-supercross-les-teams-et-les-pilotes-au-depart\/","og_locale":"fr_FR","og_type":"article","og_title":"Championnat du monde de Supercross : les teams et les pilotes au d\u00e9part - Motocross - Enduro - Supermoto | MotocrossMag","og_description":"Le championnat du monde de Supercross (WSX) sera lanc\u00e9 ce week-end. Ce sera dans le stade de Cardiff, au Pays de Galle. Comme annonc\u00e9, ce sont 40 pilotes engag\u00e9s au [...]","og_url":"https:\/\/fr.motocrossmag.be\/index.php\/2022\/10\/championnat-du-monde-de-supercross-les-teams-et-les-pilotes-au-depart\/","og_site_name":"Motocross - Enduro - Supermoto | MotocrossMag","article_published_time":"2022-10-07T20:25:53+00:00","og_image":[{"width":650,"height":456,"url":"https:\/\/fr.motocrossmag.be\/wp-content\/uploads\/2021\/02\/ken-roczen-indianapolis-3-supercross.jpg","type":"image\/jpeg"}],"author":"oliviere","twitter_card":"summary_large_image","twitter_misc":{"\u00c9crit par":"oliviere","Dur\u00e9e de lecture estim\u00e9e":"1 minute"},"schema":{"@context":"https:\/\/schema.org","@graph":[{"@type":"Article","@id":"https:\/\/fr.motocrossmag.be\/index.php\/2022\/10\/championnat-du-monde-de-supercross-les-teams-et-les-pilotes-au-depart\/#article","isPartOf":{"@id":"https:\/\/fr.motocrossmag.be\/index.php\/2022\/10\/championnat-du-monde-de-supercross-les-teams-et-les-pilotes-au-depart\/"},"author":{"name":"oliviere","@id":"https:\/\/fr.motocrossmag.be\/#\/schema\/person\/11b47143d9f755babca2c9110e03235c"},"headline":"Championnat du monde de Supercross : les teams et les pilotes au d\u00e9part","datePublished":"2022-10-07T20:25:53+00:00","mainEntityOfPage":{"@id":"https:\/\/fr.motocrossmag.be\/index.php\/2022\/10\/championnat-du-monde-de-supercross-les-teams-et-les-pilotes-au-depart\/"},"wordCount":248,"commentCount":0,"image":{"@id":"https:\/\/fr.motocrossmag.be\/index.php\/2022\/10\/championnat-du-monde-de-supercross-les-teams-et-les-pilotes-au-depart\/#primaryimage"},"thumbnailUrl":"https:\/\/fr.motocrossmag.be\/wp-content\/uploads\/2021\/02\/ken-roczen-indianapolis-3-supercross.jpg","keywords":["cardiff","Supercross","wsx"],"articleSection":["Actualit\u00e9","Motocross","News","News","Slideshow","World Supercross"],"inLanguage":"fr-FR","potentialAction":[{"@type":"CommentAction","name":"Comment","target":["https:\/\/fr.motocrossmag.be\/index.php\/2022\/10\/championnat-du-monde-de-supercross-les-teams-et-les-pilotes-au-depart\/#respond"]}]},{"@type":"WebPage","@id":"https:\/\/fr.motocrossmag.be\/index.php\/2022\/10\/championnat-du-monde-de-supercross-les-teams-et-les-pilotes-au-depart\/","url":"https:\/\/fr.motocrossmag.be\/index.php\/2022\/10\/championnat-du-monde-de-supercross-les-teams-et-les-pilotes-au-depart\/","name":"Championnat du monde de Supercross : les teams et les pilotes au d\u00e9part - Motocross - Enduro - Supermoto | MotocrossMag","isPartOf":{"@id":"https:\/\/fr.motocrossmag.be\/#website"},"primaryImageOfPage":{"@id":"https:\/\/fr.motocrossmag.be\/index.php\/2022\/10\/championnat-du-monde-de-supercross-les-teams-et-les-pilotes-au-depart\/#primaryimage"},"image":{"@id":"https:\/\/fr.motocrossmag.be\/index.php\/2022\/10\/championnat-du-monde-de-supercross-les-teams-et-les-pilotes-au-depart\/#primaryimage"},"thumbnailUrl":"https:\/\/fr.motocrossmag.be\/wp-content\/uploads\/2021\/02\/ken-roczen-indianapolis-3-supercross.jpg","datePublished":"2022-10-07T20:25:53+00:00","author":{"@id":"https:\/\/fr.motocrossmag.be\/#\/schema\/person\/11b47143d9f755babca2c9110e03235c"},"breadcrumb":{"@id":"https:\/\/fr.motocrossmag.be\/index.php\/2022\/10\/championnat-du-monde-de-supercross-les-teams-et-les-pilotes-au-depart\/#breadcrumb"},"inLanguage":"fr-FR","potentialAction":[{"@type":"ReadAction","target":["https:\/\/fr.motocrossmag.be\/index.php\/2022\/10\/championnat-du-monde-de-supercross-les-teams-et-les-pilotes-au-depart\/"]}]},{"@type":"ImageObject","inLanguage":"fr-FR","@id":"https:\/\/fr.motocrossmag.be\/index.php\/2022\/10\/championnat-du-monde-de-supercross-les-teams-et-les-pilotes-au-depart\/#primaryimage","url":"https:\/\/fr.motocrossmag.be\/wp-content\/uploads\/2021\/02\/ken-roczen-indianapolis-3-supercross.jpg","contentUrl":"https:\/\/fr.motocrossmag.be\/wp-content\/uploads\/2021\/02\/ken-roczen-indianapolis-3-supercross.jpg","width":650,"height":456},{"@type":"BreadcrumbList","@id":"https:\/\/fr.motocrossmag.be\/index.php\/2022\/10\/championnat-du-monde-de-supercross-les-teams-et-les-pilotes-au-depart\/#breadcrumb","itemListElement":[{"@type":"ListItem","position":1,"name":"Accueil","item":"https:\/\/fr.motocrossmag.be\/"},{"@type":"ListItem","position":2,"name":"Championnat du monde de Supercross : les teams et les pilotes au d\u00e9part"}]},{"@type":"WebSite","@id":"https:\/\/fr.motocrossmag.be\/#website","url":"https:\/\/fr.motocrossmag.be\/","name":"Motocross - Enduro - Supermoto | MotocrossMag","description":"L&#039;actualit\u00e9 du motocross, de l&#039;enduro et du Supermoto en ligne!","potentialAction":[{"@type":"SearchAction","target":{"@type":"EntryPoint","urlTemplate":"https:\/\/fr.motocrossmag.be\/?s={search_term_string}"},"query-input":{"@type":"PropertyValueSpecification","valueRequired":true,"valueName":"search_term_string"}}],"inLanguage":"fr-FR"},{"@type":"Person","@id":"https:\/\/fr.motocrossmag.be\/#\/schema\/person\/11b47143d9f755babca2c9110e03235c","name":"oliviere","image":{"@type":"ImageObject","inLanguage":"fr-FR","@id":"https:\/\/secure.gravatar.com\/avatar\/907069e0b81d119452040469e4a7501da1100f54f7f80180ce77bfab718288f6?s=96&d=mm&r=g","url":"https:\/\/secure.gravatar.com\/avatar\/907069e0b81d119452040469e4a7501da1100f54f7f80180ce77bfab718288f6?s=96&d=mm&r=g","contentUrl":"https:\/\/secure.gravatar.com\/avatar\/907069e0b81d119452040469e4a7501da1100f54f7f80180ce77bfab718288f6?s=96&d=mm&r=g","caption":"oliviere"},"sameAs":["http:\/\/www.motocrossmag.be"],"url":"https:\/\/fr.motocrossmag.be\/index.php\/author\/oliviere\/"}]}},"_links":{"self":[{"href":"https:\/\/fr.motocrossmag.be\/index.php\/wp-json\/wp\/v2\/posts\/121192","targetHints":{"allow":["GET"]}}],"collection":[{"href":"https:\/\/fr.motocrossmag.be\/index.php\/wp-json\/wp\/v2\/posts"}],"about":[{"href":"https:\/\/fr.motocrossmag.be\/index.php\/wp-json\/wp\/v2\/types\/post"}],"author":[{"embeddable":true,"href":"https:\/\/fr.motocrossmag.be\/index.php\/wp-json\/wp\/v2\/users\/932"}],"replies":[{"embeddable":true,"href":"https:\/\/fr.motocrossmag.be\/index.php\/wp-json\/wp\/v2\/comments?post=121192"}],"version-history":[{"count":0,"href":"https:\/\/fr.motocrossmag.be\/index.php\/wp-json\/wp\/v2\/posts\/121192\/revisions"}],"wp:featuredmedia":[{"embeddable":true,"href":"https:\/\/fr.motocrossmag.be\/index.php\/wp-json\/wp\/v2\/media\/108052"}],"wp:attachment":[{"href":"https:\/\/fr.motocrossmag.be\/index.php\/wp-json\/wp\/v2\/media?parent=121192"}],"wp:term":[{"taxonomy":"category","embeddable":true,"href":"https:\/\/fr.motocrossmag.be\/index.php\/wp-json\/wp\/v2\/categories?post=121192"},{"taxonomy":"post_tag","embeddable":true,"href":"https:\/\/fr.motocrossmag.be\/index.php\/wp-json\/wp\/v2\/tags?post=121192"}],"curies":[{"name":"wp","href":"https:\/\/api.w.org\/{rel}","templated":true}]}}