{"id":121202,"date":"2022-10-08T22:21:01","date_gmt":"2022-10-08T20:21:01","guid":{"rendered":"http:\/\/fr.motocrossmag.be\/?p=121202"},"modified":"2022-10-08T22:21:58","modified_gmt":"2022-10-08T20:21:58","slug":"wsx-shane-mcelrath-remporte-le-sx2-a-cardiff","status":"publish","type":"post","link":"https:\/\/fr.motocrossmag.be\/index.php\/2022\/10\/wsx-shane-mcelrath-remporte-le-sx2-a-cardiff\/","title":{"rendered":"WSX : Shane McElrath remporte le SX2 \u00e0 Cardiff"},"content":{"rendered":"<p><strong>Shane McElrath est le premier \u00e0 monter sur la plus haute marche d&rsquo;un podium sur le tout nouveau championnat du monde de Supercross. L&rsquo;Am\u00e9ricain a remport\u00e9 ce samedi soir la classe SX2 du round d&rsquo;ouverture \u00e0 Cardiff.<\/strong><\/p>\n<p>Difficile de donner le nom d&rsquo;un favori en SX2 avant le d\u00e9part de cette premi\u00e8re soir\u00e9e de comp\u00e9tition sur le championnat \u00ab\u00a0World Supercross\u00a0\u00bb \u00e0 Cardiff, au Pays de Galle. La cat\u00e9gorie promettait des courses disput\u00e9es et elle le furent.<\/p>\n<p>C&rsquo;est d&rsquo;ailleurs en jouant la carte de la r\u00e9gularit\u00e9 que l&rsquo;Am\u00e9ricain Shane McElrath a impos\u00e9 sa Yamaha. Quatri\u00e8me de la premi\u00e8re finale, il terminait troisi\u00e8me de la seconde avant de compl\u00e9ter le top-5 dans la Superfinale. Trois bons r\u00e9sultats qui lui ont permis de s&rsquo;imposer au cumul des 3 \u00e9preuves devant Chris Blose et Mitch Oldenburg.<\/p>\n<p>Ce dernier aurait d&rsquo;ailleurs pu s&rsquo;imposer sans une chute dans la seconde finale qui le rel\u00e9guait au 18\u00e8me rang. Avant cela, Oldenburg avait remport\u00e9 la premi\u00e8re finale. Il a ensuite cl\u00f4tur\u00e9 sa soir\u00e9e en s&rsquo;imposant dans la Superfinale devant Cole Seely et l&rsquo;Australien Aaron Tanti.<\/p>\n<p>Notons que la deuxi\u00e8me finale a \u00e9t\u00e9 remport\u00e9e par l&rsquo;ancien pilote de GP Max Anstie.<\/p>\n<p>D&rsquo;ici deux semaines, le championnat WSX sera \u00e0 l&rsquo;autre bout de la plan\u00e8te puisque c&rsquo;est \u00e0 Melbourne, en Australie, qu&rsquo;il se poursuivra les 21 et 22 octobre prochains.<\/p>\n<p><span style=\"color: #800000;\"><strong><br \/>\nR\u00e9sultats<\/strong><\/span><\/p>\n<p class=\"p1\"><strong>FINALE 1<br \/>\n<\/strong><\/p>\n<p class=\"p1\">1. Mitch Oldenburg (HON), 6 trs, 2. Chris Blose (KAW), 3.321, 3. Matt Moss ( (KAW), 4.382, 4. Shane Mcelrath (YAM), 4.814, 5. Dylan Walsh (KAW), 8.554, 6. Carson Brown (YAM), 8.557, 7. Aaron Tanti (YAM), 9.045, 8. Lorenzo Camporese (HON), 11.038, 9. Derek Kelley (SUZ), 11.557, 10. Phil Nicoletti (YAM), 13.476,&#8230;<\/p>\n<p><strong>FINALE 2<br \/>\n<\/strong><\/p>\n<p>1. Max Anstie (HON), 6 trs, 2. Maxime Desprey (YAM), 1.226, 3. Shane McElrath (YAM), 2.551, 4. Chris Blose (KAW), 4.025, 5. Wilson Todd (HON), 5.730, 6. Derek Kelley (SUZ), 6.565, 7. Carson Brown (YAM), 7.002, 8. Justin Bogle (KTM), 7.812, 9. Aaron Tanti (YAM), 8.931, 10. Dylan Walsh (KAW), 10.942,&#8230;<\/p>\n<p class=\"p1\"><strong>SUPERFINALE SX2<\/strong><\/p>\n<p>1. Oldenburg, 2. Seely, 3. Tanti, 4. Brown, 5. McElrath, 6. Bogle, 7. Kelley, 8. Blose, 9. Owen, 10. Anstie,&#8230;<\/p>\n<p>&nbsp;<\/p>\n<p class=\"p1\"><strong>CLASSEMENT GENERAL SX2<br \/>\n<\/strong><\/p>\n<p>1. Shane McElrath (YAM), 54 pts, 2. Chris Blose (KAW), 53, 3. Mitch Oldenburg (HON), 52; 4. Carson Brown (YAM), 47, 5. Aaron Tanti (YAM), 46, 6. Max Anstie (HON), 46, 7. Derek Kelley (SUZ), 41, 8. Maxime Desprey (YAM), 38, 9. Wilson Todd (HON), 33, 10. Matt Moss (KAW), 30;&#8230;<\/p>\n","protected":false},"excerpt":{"rendered":"<p>Shane McElrath est le premier \u00e0 monter sur la plus haute marche d&rsquo;un podium sur le tout nouveau championnat du monde de Supercross. L&rsquo;Am\u00e9ricain a remport\u00e9 ce samedi soir la [&#8230;]<\/p>\n","protected":false},"author":932,"featured_media":121203,"comment_status":"open","ping_status":"closed","sticky":false,"template":"","format":"standard","meta":{"footnotes":""},"categories":[54,4,5,55,56,65,1922],"tags":[1940,116,1919],"class_list":["post-121202","post","type-post","status-publish","format-standard","has-post-thumbnail","hentry","category-actualite","category-motocross","category-news","category-news-actualite","category-resultats","category-slideshow","category-world-supercross","tag-cardiff","tag-supercross","tag-wsx"],"yoast_head":"<!-- This site is optimized with the Yoast SEO plugin v27.4 - https:\/\/yoast.com\/product\/yoast-seo-wordpress\/ -->\n<title>WSX : Shane McElrath remporte le SX2 \u00e0 Cardiff - Motocross - Enduro - Supermoto | MotocrossMag<\/title>\n<meta name=\"robots\" content=\"index, follow, max-snippet:-1, max-image-preview:large, max-video-preview:-1\" \/>\n<link rel=\"canonical\" href=\"https:\/\/fr.motocrossmag.be\/index.php\/2022\/10\/wsx-shane-mcelrath-remporte-le-sx2-a-cardiff\/\" \/>\n<meta property=\"og:locale\" content=\"fr_FR\" \/>\n<meta property=\"og:type\" content=\"article\" \/>\n<meta property=\"og:title\" content=\"WSX : Shane McElrath remporte le SX2 \u00e0 Cardiff - Motocross - Enduro - Supermoto | MotocrossMag\" \/>\n<meta property=\"og:description\" content=\"Shane McElrath est le premier \u00e0 monter sur la plus haute marche d&rsquo;un podium sur le tout nouveau championnat du monde de Supercross. L&rsquo;Am\u00e9ricain a remport\u00e9 ce samedi soir la [...]\" \/>\n<meta property=\"og:url\" content=\"https:\/\/fr.motocrossmag.be\/index.php\/2022\/10\/wsx-shane-mcelrath-remporte-le-sx2-a-cardiff\/\" \/>\n<meta property=\"og:site_name\" content=\"Motocross - Enduro - Supermoto | MotocrossMag\" \/>\n<meta property=\"article:published_time\" content=\"2022-10-08T20:21:01+00:00\" \/>\n<meta property=\"article:modified_time\" content=\"2022-10-08T20:21:58+00:00\" \/>\n<meta property=\"og:image\" content=\"https:\/\/fr.motocrossmag.be\/wp-content\/uploads\/2022\/10\/elrath-wsx-cardiff.jpg\" \/>\n\t<meta property=\"og:image:width\" content=\"899\" \/>\n\t<meta property=\"og:image:height\" content=\"600\" \/>\n\t<meta property=\"og:image:type\" content=\"image\/jpeg\" \/>\n<meta name=\"author\" content=\"oliviere\" \/>\n<meta name=\"twitter:card\" content=\"summary_large_image\" \/>\n<meta name=\"twitter:label1\" content=\"\u00c9crit par\" \/>\n\t<meta name=\"twitter:data1\" content=\"oliviere\" \/>\n\t<meta name=\"twitter:label2\" content=\"Dur\u00e9e de lecture estim\u00e9e\" \/>\n\t<meta name=\"twitter:data2\" content=\"2 minutes\" \/>\n<script type=\"application\/ld+json\" class=\"yoast-schema-graph\">{\"@context\":\"https:\\\/\\\/schema.org\",\"@graph\":[{\"@type\":\"Article\",\"@id\":\"https:\\\/\\\/fr.motocrossmag.be\\\/index.php\\\/2022\\\/10\\\/wsx-shane-mcelrath-remporte-le-sx2-a-cardiff\\\/#article\",\"isPartOf\":{\"@id\":\"https:\\\/\\\/fr.motocrossmag.be\\\/index.php\\\/2022\\\/10\\\/wsx-shane-mcelrath-remporte-le-sx2-a-cardiff\\\/\"},\"author\":{\"name\":\"oliviere\",\"@id\":\"https:\\\/\\\/fr.motocrossmag.be\\\/#\\\/schema\\\/person\\\/11b47143d9f755babca2c9110e03235c\"},\"headline\":\"WSX : Shane McElrath remporte le SX2 \u00e0 Cardiff\",\"datePublished\":\"2022-10-08T20:21:01+00:00\",\"dateModified\":\"2022-10-08T20:21:58+00:00\",\"mainEntityOfPage\":{\"@id\":\"https:\\\/\\\/fr.motocrossmag.be\\\/index.php\\\/2022\\\/10\\\/wsx-shane-mcelrath-remporte-le-sx2-a-cardiff\\\/\"},\"wordCount\":370,\"commentCount\":0,\"image\":{\"@id\":\"https:\\\/\\\/fr.motocrossmag.be\\\/index.php\\\/2022\\\/10\\\/wsx-shane-mcelrath-remporte-le-sx2-a-cardiff\\\/#primaryimage\"},\"thumbnailUrl\":\"https:\\\/\\\/fr.motocrossmag.be\\\/wp-content\\\/uploads\\\/2022\\\/10\\\/elrath-wsx-cardiff.jpg\",\"keywords\":[\"cardiff\",\"Supercross\",\"wsx\"],\"articleSection\":[\"Actualit\u00e9\",\"Motocross\",\"News\",\"News\",\"R\u00e9sultats\",\"Slideshow\",\"World Supercross\"],\"inLanguage\":\"fr-FR\",\"potentialAction\":[{\"@type\":\"CommentAction\",\"name\":\"Comment\",\"target\":[\"https:\\\/\\\/fr.motocrossmag.be\\\/index.php\\\/2022\\\/10\\\/wsx-shane-mcelrath-remporte-le-sx2-a-cardiff\\\/#respond\"]}]},{\"@type\":\"WebPage\",\"@id\":\"https:\\\/\\\/fr.motocrossmag.be\\\/index.php\\\/2022\\\/10\\\/wsx-shane-mcelrath-remporte-le-sx2-a-cardiff\\\/\",\"url\":\"https:\\\/\\\/fr.motocrossmag.be\\\/index.php\\\/2022\\\/10\\\/wsx-shane-mcelrath-remporte-le-sx2-a-cardiff\\\/\",\"name\":\"WSX : Shane McElrath remporte le SX2 \u00e0 Cardiff - Motocross - Enduro - Supermoto | MotocrossMag\",\"isPartOf\":{\"@id\":\"https:\\\/\\\/fr.motocrossmag.be\\\/#website\"},\"primaryImageOfPage\":{\"@id\":\"https:\\\/\\\/fr.motocrossmag.be\\\/index.php\\\/2022\\\/10\\\/wsx-shane-mcelrath-remporte-le-sx2-a-cardiff\\\/#primaryimage\"},\"image\":{\"@id\":\"https:\\\/\\\/fr.motocrossmag.be\\\/index.php\\\/2022\\\/10\\\/wsx-shane-mcelrath-remporte-le-sx2-a-cardiff\\\/#primaryimage\"},\"thumbnailUrl\":\"https:\\\/\\\/fr.motocrossmag.be\\\/wp-content\\\/uploads\\\/2022\\\/10\\\/elrath-wsx-cardiff.jpg\",\"datePublished\":\"2022-10-08T20:21:01+00:00\",\"dateModified\":\"2022-10-08T20:21:58+00:00\",\"author\":{\"@id\":\"https:\\\/\\\/fr.motocrossmag.be\\\/#\\\/schema\\\/person\\\/11b47143d9f755babca2c9110e03235c\"},\"breadcrumb\":{\"@id\":\"https:\\\/\\\/fr.motocrossmag.be\\\/index.php\\\/2022\\\/10\\\/wsx-shane-mcelrath-remporte-le-sx2-a-cardiff\\\/#breadcrumb\"},\"inLanguage\":\"fr-FR\",\"potentialAction\":[{\"@type\":\"ReadAction\",\"target\":[\"https:\\\/\\\/fr.motocrossmag.be\\\/index.php\\\/2022\\\/10\\\/wsx-shane-mcelrath-remporte-le-sx2-a-cardiff\\\/\"]}]},{\"@type\":\"ImageObject\",\"inLanguage\":\"fr-FR\",\"@id\":\"https:\\\/\\\/fr.motocrossmag.be\\\/index.php\\\/2022\\\/10\\\/wsx-shane-mcelrath-remporte-le-sx2-a-cardiff\\\/#primaryimage\",\"url\":\"https:\\\/\\\/fr.motocrossmag.be\\\/wp-content\\\/uploads\\\/2022\\\/10\\\/elrath-wsx-cardiff.jpg\",\"contentUrl\":\"https:\\\/\\\/fr.motocrossmag.be\\\/wp-content\\\/uploads\\\/2022\\\/10\\\/elrath-wsx-cardiff.jpg\",\"width\":\"899\",\"height\":\"600\"},{\"@type\":\"BreadcrumbList\",\"@id\":\"https:\\\/\\\/fr.motocrossmag.be\\\/index.php\\\/2022\\\/10\\\/wsx-shane-mcelrath-remporte-le-sx2-a-cardiff\\\/#breadcrumb\",\"itemListElement\":[{\"@type\":\"ListItem\",\"position\":1,\"name\":\"Accueil\",\"item\":\"https:\\\/\\\/fr.motocrossmag.be\\\/\"},{\"@type\":\"ListItem\",\"position\":2,\"name\":\"WSX : Shane McElrath remporte le SX2 \u00e0 Cardiff\"}]},{\"@type\":\"WebSite\",\"@id\":\"https:\\\/\\\/fr.motocrossmag.be\\\/#website\",\"url\":\"https:\\\/\\\/fr.motocrossmag.be\\\/\",\"name\":\"Motocross - Enduro - Supermoto | MotocrossMag\",\"description\":\"L&#039;actualit\u00e9 du motocross, de l&#039;enduro et du Supermoto en ligne!\",\"potentialAction\":[{\"@type\":\"SearchAction\",\"target\":{\"@type\":\"EntryPoint\",\"urlTemplate\":\"https:\\\/\\\/fr.motocrossmag.be\\\/?s={search_term_string}\"},\"query-input\":{\"@type\":\"PropertyValueSpecification\",\"valueRequired\":true,\"valueName\":\"search_term_string\"}}],\"inLanguage\":\"fr-FR\"},{\"@type\":\"Person\",\"@id\":\"https:\\\/\\\/fr.motocrossmag.be\\\/#\\\/schema\\\/person\\\/11b47143d9f755babca2c9110e03235c\",\"name\":\"oliviere\",\"image\":{\"@type\":\"ImageObject\",\"inLanguage\":\"fr-FR\",\"@id\":\"https:\\\/\\\/secure.gravatar.com\\\/avatar\\\/907069e0b81d119452040469e4a7501da1100f54f7f80180ce77bfab718288f6?s=96&d=mm&r=g\",\"url\":\"https:\\\/\\\/secure.gravatar.com\\\/avatar\\\/907069e0b81d119452040469e4a7501da1100f54f7f80180ce77bfab718288f6?s=96&d=mm&r=g\",\"contentUrl\":\"https:\\\/\\\/secure.gravatar.com\\\/avatar\\\/907069e0b81d119452040469e4a7501da1100f54f7f80180ce77bfab718288f6?s=96&d=mm&r=g\",\"caption\":\"oliviere\"},\"sameAs\":[\"http:\\\/\\\/www.motocrossmag.be\"],\"url\":\"https:\\\/\\\/fr.motocrossmag.be\\\/index.php\\\/author\\\/oliviere\\\/\"}]}<\/script>\n<!-- \/ Yoast SEO plugin. -->","yoast_head_json":{"title":"WSX : Shane McElrath remporte le SX2 \u00e0 Cardiff - Motocross - Enduro - Supermoto | MotocrossMag","robots":{"index":"index","follow":"follow","max-snippet":"max-snippet:-1","max-image-preview":"max-image-preview:large","max-video-preview":"max-video-preview:-1"},"canonical":"https:\/\/fr.motocrossmag.be\/index.php\/2022\/10\/wsx-shane-mcelrath-remporte-le-sx2-a-cardiff\/","og_locale":"fr_FR","og_type":"article","og_title":"WSX : Shane McElrath remporte le SX2 \u00e0 Cardiff - Motocross - Enduro - Supermoto | MotocrossMag","og_description":"Shane McElrath est le premier \u00e0 monter sur la plus haute marche d&rsquo;un podium sur le tout nouveau championnat du monde de Supercross. L&rsquo;Am\u00e9ricain a remport\u00e9 ce samedi soir la [...]","og_url":"https:\/\/fr.motocrossmag.be\/index.php\/2022\/10\/wsx-shane-mcelrath-remporte-le-sx2-a-cardiff\/","og_site_name":"Motocross - Enduro - Supermoto | MotocrossMag","article_published_time":"2022-10-08T20:21:01+00:00","article_modified_time":"2022-10-08T20:21:58+00:00","og_image":[{"width":899,"height":600,"url":"https:\/\/fr.motocrossmag.be\/wp-content\/uploads\/2022\/10\/elrath-wsx-cardiff.jpg","type":"image\/jpeg"}],"author":"oliviere","twitter_card":"summary_large_image","twitter_misc":{"\u00c9crit par":"oliviere","Dur\u00e9e de lecture estim\u00e9e":"2 minutes"},"schema":{"@context":"https:\/\/schema.org","@graph":[{"@type":"Article","@id":"https:\/\/fr.motocrossmag.be\/index.php\/2022\/10\/wsx-shane-mcelrath-remporte-le-sx2-a-cardiff\/#article","isPartOf":{"@id":"https:\/\/fr.motocrossmag.be\/index.php\/2022\/10\/wsx-shane-mcelrath-remporte-le-sx2-a-cardiff\/"},"author":{"name":"oliviere","@id":"https:\/\/fr.motocrossmag.be\/#\/schema\/person\/11b47143d9f755babca2c9110e03235c"},"headline":"WSX : Shane McElrath remporte le SX2 \u00e0 Cardiff","datePublished":"2022-10-08T20:21:01+00:00","dateModified":"2022-10-08T20:21:58+00:00","mainEntityOfPage":{"@id":"https:\/\/fr.motocrossmag.be\/index.php\/2022\/10\/wsx-shane-mcelrath-remporte-le-sx2-a-cardiff\/"},"wordCount":370,"commentCount":0,"image":{"@id":"https:\/\/fr.motocrossmag.be\/index.php\/2022\/10\/wsx-shane-mcelrath-remporte-le-sx2-a-cardiff\/#primaryimage"},"thumbnailUrl":"https:\/\/fr.motocrossmag.be\/wp-content\/uploads\/2022\/10\/elrath-wsx-cardiff.jpg","keywords":["cardiff","Supercross","wsx"],"articleSection":["Actualit\u00e9","Motocross","News","News","R\u00e9sultats","Slideshow","World Supercross"],"inLanguage":"fr-FR","potentialAction":[{"@type":"CommentAction","name":"Comment","target":["https:\/\/fr.motocrossmag.be\/index.php\/2022\/10\/wsx-shane-mcelrath-remporte-le-sx2-a-cardiff\/#respond"]}]},{"@type":"WebPage","@id":"https:\/\/fr.motocrossmag.be\/index.php\/2022\/10\/wsx-shane-mcelrath-remporte-le-sx2-a-cardiff\/","url":"https:\/\/fr.motocrossmag.be\/index.php\/2022\/10\/wsx-shane-mcelrath-remporte-le-sx2-a-cardiff\/","name":"WSX : Shane McElrath remporte le SX2 \u00e0 Cardiff - Motocross - Enduro - Supermoto | MotocrossMag","isPartOf":{"@id":"https:\/\/fr.motocrossmag.be\/#website"},"primaryImageOfPage":{"@id":"https:\/\/fr.motocrossmag.be\/index.php\/2022\/10\/wsx-shane-mcelrath-remporte-le-sx2-a-cardiff\/#primaryimage"},"image":{"@id":"https:\/\/fr.motocrossmag.be\/index.php\/2022\/10\/wsx-shane-mcelrath-remporte-le-sx2-a-cardiff\/#primaryimage"},"thumbnailUrl":"https:\/\/fr.motocrossmag.be\/wp-content\/uploads\/2022\/10\/elrath-wsx-cardiff.jpg","datePublished":"2022-10-08T20:21:01+00:00","dateModified":"2022-10-08T20:21:58+00:00","author":{"@id":"https:\/\/fr.motocrossmag.be\/#\/schema\/person\/11b47143d9f755babca2c9110e03235c"},"breadcrumb":{"@id":"https:\/\/fr.motocrossmag.be\/index.php\/2022\/10\/wsx-shane-mcelrath-remporte-le-sx2-a-cardiff\/#breadcrumb"},"inLanguage":"fr-FR","potentialAction":[{"@type":"ReadAction","target":["https:\/\/fr.motocrossmag.be\/index.php\/2022\/10\/wsx-shane-mcelrath-remporte-le-sx2-a-cardiff\/"]}]},{"@type":"ImageObject","inLanguage":"fr-FR","@id":"https:\/\/fr.motocrossmag.be\/index.php\/2022\/10\/wsx-shane-mcelrath-remporte-le-sx2-a-cardiff\/#primaryimage","url":"https:\/\/fr.motocrossmag.be\/wp-content\/uploads\/2022\/10\/elrath-wsx-cardiff.jpg","contentUrl":"https:\/\/fr.motocrossmag.be\/wp-content\/uploads\/2022\/10\/elrath-wsx-cardiff.jpg","width":"899","height":"600"},{"@type":"BreadcrumbList","@id":"https:\/\/fr.motocrossmag.be\/index.php\/2022\/10\/wsx-shane-mcelrath-remporte-le-sx2-a-cardiff\/#breadcrumb","itemListElement":[{"@type":"ListItem","position":1,"name":"Accueil","item":"https:\/\/fr.motocrossmag.be\/"},{"@type":"ListItem","position":2,"name":"WSX : Shane McElrath remporte le SX2 \u00e0 Cardiff"}]},{"@type":"WebSite","@id":"https:\/\/fr.motocrossmag.be\/#website","url":"https:\/\/fr.motocrossmag.be\/","name":"Motocross - Enduro - Supermoto | MotocrossMag","description":"L&#039;actualit\u00e9 du motocross, de l&#039;enduro et du Supermoto en ligne!","potentialAction":[{"@type":"SearchAction","target":{"@type":"EntryPoint","urlTemplate":"https:\/\/fr.motocrossmag.be\/?s={search_term_string}"},"query-input":{"@type":"PropertyValueSpecification","valueRequired":true,"valueName":"search_term_string"}}],"inLanguage":"fr-FR"},{"@type":"Person","@id":"https:\/\/fr.motocrossmag.be\/#\/schema\/person\/11b47143d9f755babca2c9110e03235c","name":"oliviere","image":{"@type":"ImageObject","inLanguage":"fr-FR","@id":"https:\/\/secure.gravatar.com\/avatar\/907069e0b81d119452040469e4a7501da1100f54f7f80180ce77bfab718288f6?s=96&d=mm&r=g","url":"https:\/\/secure.gravatar.com\/avatar\/907069e0b81d119452040469e4a7501da1100f54f7f80180ce77bfab718288f6?s=96&d=mm&r=g","contentUrl":"https:\/\/secure.gravatar.com\/avatar\/907069e0b81d119452040469e4a7501da1100f54f7f80180ce77bfab718288f6?s=96&d=mm&r=g","caption":"oliviere"},"sameAs":["http:\/\/www.motocrossmag.be"],"url":"https:\/\/fr.motocrossmag.be\/index.php\/author\/oliviere\/"}]}},"_links":{"self":[{"href":"https:\/\/fr.motocrossmag.be\/index.php\/wp-json\/wp\/v2\/posts\/121202","targetHints":{"allow":["GET"]}}],"collection":[{"href":"https:\/\/fr.motocrossmag.be\/index.php\/wp-json\/wp\/v2\/posts"}],"about":[{"href":"https:\/\/fr.motocrossmag.be\/index.php\/wp-json\/wp\/v2\/types\/post"}],"author":[{"embeddable":true,"href":"https:\/\/fr.motocrossmag.be\/index.php\/wp-json\/wp\/v2\/users\/932"}],"replies":[{"embeddable":true,"href":"https:\/\/fr.motocrossmag.be\/index.php\/wp-json\/wp\/v2\/comments?post=121202"}],"version-history":[{"count":0,"href":"https:\/\/fr.motocrossmag.be\/index.php\/wp-json\/wp\/v2\/posts\/121202\/revisions"}],"wp:featuredmedia":[{"embeddable":true,"href":"https:\/\/fr.motocrossmag.be\/index.php\/wp-json\/wp\/v2\/media\/121203"}],"wp:attachment":[{"href":"https:\/\/fr.motocrossmag.be\/index.php\/wp-json\/wp\/v2\/media?parent=121202"}],"wp:term":[{"taxonomy":"category","embeddable":true,"href":"https:\/\/fr.motocrossmag.be\/index.php\/wp-json\/wp\/v2\/categories?post=121202"},{"taxonomy":"post_tag","embeddable":true,"href":"https:\/\/fr.motocrossmag.be\/index.php\/wp-json\/wp\/v2\/tags?post=121202"}],"curies":[{"name":"wp","href":"https:\/\/api.w.org\/{rel}","templated":true}]}}