{"id":121204,"date":"2022-10-08T22:38:50","date_gmt":"2022-10-08T20:38:50","guid":{"rendered":"http:\/\/fr.motocrossmag.be\/?p=121204"},"modified":"2022-10-08T22:38:50","modified_gmt":"2022-10-08T20:38:50","slug":"eli-tomac-devance-ken-roczen-sur-louverture-du-mondial-de-supercross-a-cardiff","status":"publish","type":"post","link":"https:\/\/fr.motocrossmag.be\/index.php\/2022\/10\/eli-tomac-devance-ken-roczen-sur-louverture-du-mondial-de-supercross-a-cardiff\/","title":{"rendered":"Eli Tomac devance Ken Roczen sur l&rsquo;ouverture du mondial de Supercross \u00e0 Cardiff"},"content":{"rendered":"<p><strong>Eli Tomac a remport\u00e9 haut la main ce samedi soir le round d&rsquo;ouverture du championnat du monde de Supercross dans le stade de Cardiff, au Pays de Galle. Le champion US devance Ken Roczen et Vince Friese.<\/strong><\/p>\n<p>La saison 2022 restera d\u00e9cid\u00e9ment comme celle d&rsquo;Eli Tomac. Pass\u00e9 de Kawasaki \u00e0 Yamaha l&rsquo;hiver dernier, le Texan conna\u00eet cette ann\u00e9e la meilleure saison de sa carri\u00e8re. Champion SX450, il a remport\u00e9 avec la mani\u00e8re le titre outdoor 450 dans la foul\u00e9e avant de participer \u00e0 la reconqu\u00eate du titre sur le Motocross des Nations pour le compte des USA. Ce soir, c&rsquo;est le tout nouveau championnat du monde de Supercross (WSX) que l&rsquo;officiel Yamaha marque de son empreinte.<\/p>\n<p>Vainqueur des deux finales de la cat\u00e9gorie reine, il termine la soir\u00e9e en s&rsquo;imposant dans la Superfinale. Un tripl\u00e9 qui vaut au pilote Yamaha de s&rsquo;imposer facilement devant un r\u00e9gulier Ken Roczen (3+2+4) et un excellent Vince Friese (2+3+5). Au pied du podium, Justin Brayton devance Josh Hill alors que C\u00e9dric Soubeyras place la Kawasaki du team Bud Racing aux portes du top-5.<\/p>\n<p>Prochain round du championnat WSX: les 22 et 23 octobre \u00e0 Melbourne, en Australie.<\/p>\n<p><span style=\"color: #800000;\"><strong>R\u00e9sultats<\/strong><\/span><\/p>\n<p>FINALE 1<\/p>\n<p>1. Eli Tomac (YAM), 8 ronden, 2. Vince Friese (HON), 4.435, 3. Ken Roczen (HON), 5.251, 4. Justin Brayton (HON), 9.251, 5. Josh Hill (YAM), 11.877, 6. Angelo Pellegrini (HON), 12.535, 7. Thomas Ramette (YAM), 13.798, 8. Dean Wilson (HON), 14.286, 9. Jack Brunell (GAS), 16.732, 10. Ryan Breece (YAM), 18.895<\/p>\n<p>MotoConcepts Honda\u2019s Vince Friese was als beste weg in de tweede race. Die werd net zoals in de SX2 erg snel achter de aankomst van de eerste gehouden! Tomac was buiten de top-3 gestart maar kwam al in de vierde ronde op kop. De Monster Energy Yamaha rijder zou de leiding niet meer af staan. Roczen kwam als tweede over de meet voor vroege leider Friese. De Fransman C\u00e9dric Soubeyras bewees nogmaals zijn klasse in een sterk deelnemersveld en eindigde vierde.<\/p>\n<div>\n<div class=\"centered-text-area\">\n<div class=\"centered-text\">\n<div class=\"u154f15b11f135b6d9dbaf254fb3f4402-content\"><span class=\"postTitle\">\u00a0<\/span><\/div>\n<\/div>\n<\/div>\n<p>FINALE 2<\/p><\/div>\n<p>1. Eli Tomac (YAM), 8 ronden, 2. Ken Roczen (HON), 2.246, 3. Vince Friese (HON), 4.787 4. Cedric Soubeyras (KAW), 7.080, 5. Joey Savatgy (KAW), 8.545, 6. Justin Brayton (HON), 9.062, 7. Josh Hill (YAM), 12.592, 8. Adrien Escoffier (KAW), 14.053, 9. Freddie Noren (SUZ), 16.227, 10. Thomas Ramette (YAM), 21.002<\/p>\n<p>SUPERFINALE<\/p>\n<p>1. Eli Tomac (YAM), 12 ronden, 2. Joey Savatgy (KAW), 1.747, 3. Justin Brayton (HON), 3.171, 4. Ken Roczen (HON), 4.639, 5. Vince Friese (HON), 14.148, 6. Cedric Soubeyras (KAW), 23.801<br \/>\n7. Josh Hill (YAM), 27.394, 8. Angelo Pellegrini (HON), 29.388, 9. Jordi Tixier (HON), 31.681, 10. Anthony Bourdon (YAM), 35.860<\/p>\n<p>CLASSEMENT GENERAL WSX<strong><br \/>\n<\/strong><\/p>\n<p>1. Eli Tomac (YAM), 76 punten, 2. Ken Roczen (HON), 61, 3. Vince Friese (HON), 58, 4. Justin Brayton (HON), 53, 5. Josh Hill (YAM), 44, 6. Cedric Soubeyras (KAW), 42, 7.\u00a0 Joey Savatgy (KAW), 40,\u00a0 8. Angelo Pellegrini (HON), 36, 9. Adrien Escoffier (KAW), 32, 10 Thomas Ramette (YAM), 32+<\/p>\n","protected":false},"excerpt":{"rendered":"<p>Eli Tomac a remport\u00e9 haut la main ce samedi soir le round d&rsquo;ouverture du championnat du monde de Supercross dans le stade de Cardiff, au Pays de Galle. Le champion [&#8230;]<\/p>\n","protected":false},"author":932,"featured_media":121205,"comment_status":"open","ping_status":"closed","sticky":false,"template":"","format":"standard","meta":{"footnotes":""},"categories":[54,4,5,55,56,65,1922],"tags":[1940,155,141,116,1919],"class_list":["post-121204","post","type-post","status-publish","format-standard","has-post-thumbnail","hentry","category-actualite","category-motocross","category-news","category-news-actualite","category-resultats","category-slideshow","category-world-supercross","tag-cardiff","tag-eli-tomac","tag-ken-roczen","tag-supercross","tag-wsx"],"yoast_head":"<!-- This site is optimized with the Yoast SEO plugin v27.4 - https:\/\/yoast.com\/product\/yoast-seo-wordpress\/ -->\n<title>Eli Tomac devance Ken Roczen sur l&#039;ouverture du mondial de Supercross \u00e0 Cardiff - Motocross - Enduro - Supermoto | MotocrossMag<\/title>\n<meta name=\"robots\" content=\"index, follow, max-snippet:-1, max-image-preview:large, max-video-preview:-1\" \/>\n<link rel=\"canonical\" href=\"https:\/\/fr.motocrossmag.be\/index.php\/2022\/10\/eli-tomac-devance-ken-roczen-sur-louverture-du-mondial-de-supercross-a-cardiff\/\" \/>\n<meta property=\"og:locale\" content=\"fr_FR\" \/>\n<meta property=\"og:type\" content=\"article\" \/>\n<meta property=\"og:title\" content=\"Eli Tomac devance Ken Roczen sur l&#039;ouverture du mondial de Supercross \u00e0 Cardiff - Motocross - Enduro - Supermoto | MotocrossMag\" \/>\n<meta property=\"og:description\" content=\"Eli Tomac a remport\u00e9 haut la main ce samedi soir le round d&rsquo;ouverture du championnat du monde de Supercross dans le stade de Cardiff, au Pays de Galle. Le champion [...]\" \/>\n<meta property=\"og:url\" content=\"https:\/\/fr.motocrossmag.be\/index.php\/2022\/10\/eli-tomac-devance-ken-roczen-sur-louverture-du-mondial-de-supercross-a-cardiff\/\" \/>\n<meta property=\"og:site_name\" content=\"Motocross - Enduro - Supermoto | MotocrossMag\" \/>\n<meta property=\"article:published_time\" content=\"2022-10-08T20:38:50+00:00\" \/>\n<meta property=\"og:image\" content=\"https:\/\/fr.motocrossmag.be\/wp-content\/uploads\/2022\/10\/650_warm-up_wsx_JC-124.jpg\" \/>\n\t<meta property=\"og:image:width\" content=\"1000\" \/>\n\t<meta property=\"og:image:height\" content=\"667\" \/>\n\t<meta property=\"og:image:type\" content=\"image\/jpeg\" \/>\n<meta name=\"author\" content=\"oliviere\" \/>\n<meta name=\"twitter:card\" content=\"summary_large_image\" \/>\n<meta name=\"twitter:label1\" content=\"\u00c9crit par\" \/>\n\t<meta name=\"twitter:data1\" content=\"oliviere\" \/>\n\t<meta name=\"twitter:label2\" content=\"Dur\u00e9e de lecture estim\u00e9e\" \/>\n\t<meta name=\"twitter:data2\" content=\"2 minutes\" \/>\n<script type=\"application\/ld+json\" class=\"yoast-schema-graph\">{\"@context\":\"https:\\\/\\\/schema.org\",\"@graph\":[{\"@type\":\"Article\",\"@id\":\"https:\\\/\\\/fr.motocrossmag.be\\\/index.php\\\/2022\\\/10\\\/eli-tomac-devance-ken-roczen-sur-louverture-du-mondial-de-supercross-a-cardiff\\\/#article\",\"isPartOf\":{\"@id\":\"https:\\\/\\\/fr.motocrossmag.be\\\/index.php\\\/2022\\\/10\\\/eli-tomac-devance-ken-roczen-sur-louverture-du-mondial-de-supercross-a-cardiff\\\/\"},\"author\":{\"name\":\"oliviere\",\"@id\":\"https:\\\/\\\/fr.motocrossmag.be\\\/#\\\/schema\\\/person\\\/11b47143d9f755babca2c9110e03235c\"},\"headline\":\"Eli Tomac devance Ken Roczen sur l&rsquo;ouverture du mondial de Supercross \u00e0 Cardiff\",\"datePublished\":\"2022-10-08T20:38:50+00:00\",\"mainEntityOfPage\":{\"@id\":\"https:\\\/\\\/fr.motocrossmag.be\\\/index.php\\\/2022\\\/10\\\/eli-tomac-devance-ken-roczen-sur-louverture-du-mondial-de-supercross-a-cardiff\\\/\"},\"wordCount\":431,\"commentCount\":0,\"image\":{\"@id\":\"https:\\\/\\\/fr.motocrossmag.be\\\/index.php\\\/2022\\\/10\\\/eli-tomac-devance-ken-roczen-sur-louverture-du-mondial-de-supercross-a-cardiff\\\/#primaryimage\"},\"thumbnailUrl\":\"https:\\\/\\\/fr.motocrossmag.be\\\/wp-content\\\/uploads\\\/2022\\\/10\\\/650_warm-up_wsx_JC-124.jpg\",\"keywords\":[\"cardiff\",\"Eli Tomac\",\"ken roczen\",\"Supercross\",\"wsx\"],\"articleSection\":[\"Actualit\u00e9\",\"Motocross\",\"News\",\"News\",\"R\u00e9sultats\",\"Slideshow\",\"World Supercross\"],\"inLanguage\":\"fr-FR\",\"potentialAction\":[{\"@type\":\"CommentAction\",\"name\":\"Comment\",\"target\":[\"https:\\\/\\\/fr.motocrossmag.be\\\/index.php\\\/2022\\\/10\\\/eli-tomac-devance-ken-roczen-sur-louverture-du-mondial-de-supercross-a-cardiff\\\/#respond\"]}]},{\"@type\":\"WebPage\",\"@id\":\"https:\\\/\\\/fr.motocrossmag.be\\\/index.php\\\/2022\\\/10\\\/eli-tomac-devance-ken-roczen-sur-louverture-du-mondial-de-supercross-a-cardiff\\\/\",\"url\":\"https:\\\/\\\/fr.motocrossmag.be\\\/index.php\\\/2022\\\/10\\\/eli-tomac-devance-ken-roczen-sur-louverture-du-mondial-de-supercross-a-cardiff\\\/\",\"name\":\"Eli Tomac devance Ken Roczen sur l'ouverture du mondial de Supercross \u00e0 Cardiff - Motocross - Enduro - Supermoto | MotocrossMag\",\"isPartOf\":{\"@id\":\"https:\\\/\\\/fr.motocrossmag.be\\\/#website\"},\"primaryImageOfPage\":{\"@id\":\"https:\\\/\\\/fr.motocrossmag.be\\\/index.php\\\/2022\\\/10\\\/eli-tomac-devance-ken-roczen-sur-louverture-du-mondial-de-supercross-a-cardiff\\\/#primaryimage\"},\"image\":{\"@id\":\"https:\\\/\\\/fr.motocrossmag.be\\\/index.php\\\/2022\\\/10\\\/eli-tomac-devance-ken-roczen-sur-louverture-du-mondial-de-supercross-a-cardiff\\\/#primaryimage\"},\"thumbnailUrl\":\"https:\\\/\\\/fr.motocrossmag.be\\\/wp-content\\\/uploads\\\/2022\\\/10\\\/650_warm-up_wsx_JC-124.jpg\",\"datePublished\":\"2022-10-08T20:38:50+00:00\",\"author\":{\"@id\":\"https:\\\/\\\/fr.motocrossmag.be\\\/#\\\/schema\\\/person\\\/11b47143d9f755babca2c9110e03235c\"},\"breadcrumb\":{\"@id\":\"https:\\\/\\\/fr.motocrossmag.be\\\/index.php\\\/2022\\\/10\\\/eli-tomac-devance-ken-roczen-sur-louverture-du-mondial-de-supercross-a-cardiff\\\/#breadcrumb\"},\"inLanguage\":\"fr-FR\",\"potentialAction\":[{\"@type\":\"ReadAction\",\"target\":[\"https:\\\/\\\/fr.motocrossmag.be\\\/index.php\\\/2022\\\/10\\\/eli-tomac-devance-ken-roczen-sur-louverture-du-mondial-de-supercross-a-cardiff\\\/\"]}]},{\"@type\":\"ImageObject\",\"inLanguage\":\"fr-FR\",\"@id\":\"https:\\\/\\\/fr.motocrossmag.be\\\/index.php\\\/2022\\\/10\\\/eli-tomac-devance-ken-roczen-sur-louverture-du-mondial-de-supercross-a-cardiff\\\/#primaryimage\",\"url\":\"https:\\\/\\\/fr.motocrossmag.be\\\/wp-content\\\/uploads\\\/2022\\\/10\\\/650_warm-up_wsx_JC-124.jpg\",\"contentUrl\":\"https:\\\/\\\/fr.motocrossmag.be\\\/wp-content\\\/uploads\\\/2022\\\/10\\\/650_warm-up_wsx_JC-124.jpg\",\"width\":\"1000\",\"height\":\"667\"},{\"@type\":\"BreadcrumbList\",\"@id\":\"https:\\\/\\\/fr.motocrossmag.be\\\/index.php\\\/2022\\\/10\\\/eli-tomac-devance-ken-roczen-sur-louverture-du-mondial-de-supercross-a-cardiff\\\/#breadcrumb\",\"itemListElement\":[{\"@type\":\"ListItem\",\"position\":1,\"name\":\"Accueil\",\"item\":\"https:\\\/\\\/fr.motocrossmag.be\\\/\"},{\"@type\":\"ListItem\",\"position\":2,\"name\":\"Eli Tomac devance Ken Roczen sur l&rsquo;ouverture du mondial de Supercross \u00e0 Cardiff\"}]},{\"@type\":\"WebSite\",\"@id\":\"https:\\\/\\\/fr.motocrossmag.be\\\/#website\",\"url\":\"https:\\\/\\\/fr.motocrossmag.be\\\/\",\"name\":\"Motocross - Enduro - Supermoto | MotocrossMag\",\"description\":\"L&#039;actualit\u00e9 du motocross, de l&#039;enduro et du Supermoto en ligne!\",\"potentialAction\":[{\"@type\":\"SearchAction\",\"target\":{\"@type\":\"EntryPoint\",\"urlTemplate\":\"https:\\\/\\\/fr.motocrossmag.be\\\/?s={search_term_string}\"},\"query-input\":{\"@type\":\"PropertyValueSpecification\",\"valueRequired\":true,\"valueName\":\"search_term_string\"}}],\"inLanguage\":\"fr-FR\"},{\"@type\":\"Person\",\"@id\":\"https:\\\/\\\/fr.motocrossmag.be\\\/#\\\/schema\\\/person\\\/11b47143d9f755babca2c9110e03235c\",\"name\":\"oliviere\",\"image\":{\"@type\":\"ImageObject\",\"inLanguage\":\"fr-FR\",\"@id\":\"https:\\\/\\\/secure.gravatar.com\\\/avatar\\\/907069e0b81d119452040469e4a7501da1100f54f7f80180ce77bfab718288f6?s=96&d=mm&r=g\",\"url\":\"https:\\\/\\\/secure.gravatar.com\\\/avatar\\\/907069e0b81d119452040469e4a7501da1100f54f7f80180ce77bfab718288f6?s=96&d=mm&r=g\",\"contentUrl\":\"https:\\\/\\\/secure.gravatar.com\\\/avatar\\\/907069e0b81d119452040469e4a7501da1100f54f7f80180ce77bfab718288f6?s=96&d=mm&r=g\",\"caption\":\"oliviere\"},\"sameAs\":[\"http:\\\/\\\/www.motocrossmag.be\"],\"url\":\"https:\\\/\\\/fr.motocrossmag.be\\\/index.php\\\/author\\\/oliviere\\\/\"}]}<\/script>\n<!-- \/ Yoast SEO plugin. -->","yoast_head_json":{"title":"Eli Tomac devance Ken Roczen sur l'ouverture du mondial de Supercross \u00e0 Cardiff - Motocross - Enduro - Supermoto | MotocrossMag","robots":{"index":"index","follow":"follow","max-snippet":"max-snippet:-1","max-image-preview":"max-image-preview:large","max-video-preview":"max-video-preview:-1"},"canonical":"https:\/\/fr.motocrossmag.be\/index.php\/2022\/10\/eli-tomac-devance-ken-roczen-sur-louverture-du-mondial-de-supercross-a-cardiff\/","og_locale":"fr_FR","og_type":"article","og_title":"Eli Tomac devance Ken Roczen sur l'ouverture du mondial de Supercross \u00e0 Cardiff - Motocross - Enduro - Supermoto | MotocrossMag","og_description":"Eli Tomac a remport\u00e9 haut la main ce samedi soir le round d&rsquo;ouverture du championnat du monde de Supercross dans le stade de Cardiff, au Pays de Galle. Le champion [...]","og_url":"https:\/\/fr.motocrossmag.be\/index.php\/2022\/10\/eli-tomac-devance-ken-roczen-sur-louverture-du-mondial-de-supercross-a-cardiff\/","og_site_name":"Motocross - Enduro - Supermoto | MotocrossMag","article_published_time":"2022-10-08T20:38:50+00:00","og_image":[{"width":1000,"height":667,"url":"https:\/\/fr.motocrossmag.be\/wp-content\/uploads\/2022\/10\/650_warm-up_wsx_JC-124.jpg","type":"image\/jpeg"}],"author":"oliviere","twitter_card":"summary_large_image","twitter_misc":{"\u00c9crit par":"oliviere","Dur\u00e9e de lecture estim\u00e9e":"2 minutes"},"schema":{"@context":"https:\/\/schema.org","@graph":[{"@type":"Article","@id":"https:\/\/fr.motocrossmag.be\/index.php\/2022\/10\/eli-tomac-devance-ken-roczen-sur-louverture-du-mondial-de-supercross-a-cardiff\/#article","isPartOf":{"@id":"https:\/\/fr.motocrossmag.be\/index.php\/2022\/10\/eli-tomac-devance-ken-roczen-sur-louverture-du-mondial-de-supercross-a-cardiff\/"},"author":{"name":"oliviere","@id":"https:\/\/fr.motocrossmag.be\/#\/schema\/person\/11b47143d9f755babca2c9110e03235c"},"headline":"Eli Tomac devance Ken Roczen sur l&rsquo;ouverture du mondial de Supercross \u00e0 Cardiff","datePublished":"2022-10-08T20:38:50+00:00","mainEntityOfPage":{"@id":"https:\/\/fr.motocrossmag.be\/index.php\/2022\/10\/eli-tomac-devance-ken-roczen-sur-louverture-du-mondial-de-supercross-a-cardiff\/"},"wordCount":431,"commentCount":0,"image":{"@id":"https:\/\/fr.motocrossmag.be\/index.php\/2022\/10\/eli-tomac-devance-ken-roczen-sur-louverture-du-mondial-de-supercross-a-cardiff\/#primaryimage"},"thumbnailUrl":"https:\/\/fr.motocrossmag.be\/wp-content\/uploads\/2022\/10\/650_warm-up_wsx_JC-124.jpg","keywords":["cardiff","Eli Tomac","ken roczen","Supercross","wsx"],"articleSection":["Actualit\u00e9","Motocross","News","News","R\u00e9sultats","Slideshow","World Supercross"],"inLanguage":"fr-FR","potentialAction":[{"@type":"CommentAction","name":"Comment","target":["https:\/\/fr.motocrossmag.be\/index.php\/2022\/10\/eli-tomac-devance-ken-roczen-sur-louverture-du-mondial-de-supercross-a-cardiff\/#respond"]}]},{"@type":"WebPage","@id":"https:\/\/fr.motocrossmag.be\/index.php\/2022\/10\/eli-tomac-devance-ken-roczen-sur-louverture-du-mondial-de-supercross-a-cardiff\/","url":"https:\/\/fr.motocrossmag.be\/index.php\/2022\/10\/eli-tomac-devance-ken-roczen-sur-louverture-du-mondial-de-supercross-a-cardiff\/","name":"Eli Tomac devance Ken Roczen sur l'ouverture du mondial de Supercross \u00e0 Cardiff - Motocross - Enduro - Supermoto | MotocrossMag","isPartOf":{"@id":"https:\/\/fr.motocrossmag.be\/#website"},"primaryImageOfPage":{"@id":"https:\/\/fr.motocrossmag.be\/index.php\/2022\/10\/eli-tomac-devance-ken-roczen-sur-louverture-du-mondial-de-supercross-a-cardiff\/#primaryimage"},"image":{"@id":"https:\/\/fr.motocrossmag.be\/index.php\/2022\/10\/eli-tomac-devance-ken-roczen-sur-louverture-du-mondial-de-supercross-a-cardiff\/#primaryimage"},"thumbnailUrl":"https:\/\/fr.motocrossmag.be\/wp-content\/uploads\/2022\/10\/650_warm-up_wsx_JC-124.jpg","datePublished":"2022-10-08T20:38:50+00:00","author":{"@id":"https:\/\/fr.motocrossmag.be\/#\/schema\/person\/11b47143d9f755babca2c9110e03235c"},"breadcrumb":{"@id":"https:\/\/fr.motocrossmag.be\/index.php\/2022\/10\/eli-tomac-devance-ken-roczen-sur-louverture-du-mondial-de-supercross-a-cardiff\/#breadcrumb"},"inLanguage":"fr-FR","potentialAction":[{"@type":"ReadAction","target":["https:\/\/fr.motocrossmag.be\/index.php\/2022\/10\/eli-tomac-devance-ken-roczen-sur-louverture-du-mondial-de-supercross-a-cardiff\/"]}]},{"@type":"ImageObject","inLanguage":"fr-FR","@id":"https:\/\/fr.motocrossmag.be\/index.php\/2022\/10\/eli-tomac-devance-ken-roczen-sur-louverture-du-mondial-de-supercross-a-cardiff\/#primaryimage","url":"https:\/\/fr.motocrossmag.be\/wp-content\/uploads\/2022\/10\/650_warm-up_wsx_JC-124.jpg","contentUrl":"https:\/\/fr.motocrossmag.be\/wp-content\/uploads\/2022\/10\/650_warm-up_wsx_JC-124.jpg","width":"1000","height":"667"},{"@type":"BreadcrumbList","@id":"https:\/\/fr.motocrossmag.be\/index.php\/2022\/10\/eli-tomac-devance-ken-roczen-sur-louverture-du-mondial-de-supercross-a-cardiff\/#breadcrumb","itemListElement":[{"@type":"ListItem","position":1,"name":"Accueil","item":"https:\/\/fr.motocrossmag.be\/"},{"@type":"ListItem","position":2,"name":"Eli Tomac devance Ken Roczen sur l&rsquo;ouverture du mondial de Supercross \u00e0 Cardiff"}]},{"@type":"WebSite","@id":"https:\/\/fr.motocrossmag.be\/#website","url":"https:\/\/fr.motocrossmag.be\/","name":"Motocross - Enduro - Supermoto | MotocrossMag","description":"L&#039;actualit\u00e9 du motocross, de l&#039;enduro et du Supermoto en ligne!","potentialAction":[{"@type":"SearchAction","target":{"@type":"EntryPoint","urlTemplate":"https:\/\/fr.motocrossmag.be\/?s={search_term_string}"},"query-input":{"@type":"PropertyValueSpecification","valueRequired":true,"valueName":"search_term_string"}}],"inLanguage":"fr-FR"},{"@type":"Person","@id":"https:\/\/fr.motocrossmag.be\/#\/schema\/person\/11b47143d9f755babca2c9110e03235c","name":"oliviere","image":{"@type":"ImageObject","inLanguage":"fr-FR","@id":"https:\/\/secure.gravatar.com\/avatar\/907069e0b81d119452040469e4a7501da1100f54f7f80180ce77bfab718288f6?s=96&d=mm&r=g","url":"https:\/\/secure.gravatar.com\/avatar\/907069e0b81d119452040469e4a7501da1100f54f7f80180ce77bfab718288f6?s=96&d=mm&r=g","contentUrl":"https:\/\/secure.gravatar.com\/avatar\/907069e0b81d119452040469e4a7501da1100f54f7f80180ce77bfab718288f6?s=96&d=mm&r=g","caption":"oliviere"},"sameAs":["http:\/\/www.motocrossmag.be"],"url":"https:\/\/fr.motocrossmag.be\/index.php\/author\/oliviere\/"}]}},"_links":{"self":[{"href":"https:\/\/fr.motocrossmag.be\/index.php\/wp-json\/wp\/v2\/posts\/121204","targetHints":{"allow":["GET"]}}],"collection":[{"href":"https:\/\/fr.motocrossmag.be\/index.php\/wp-json\/wp\/v2\/posts"}],"about":[{"href":"https:\/\/fr.motocrossmag.be\/index.php\/wp-json\/wp\/v2\/types\/post"}],"author":[{"embeddable":true,"href":"https:\/\/fr.motocrossmag.be\/index.php\/wp-json\/wp\/v2\/users\/932"}],"replies":[{"embeddable":true,"href":"https:\/\/fr.motocrossmag.be\/index.php\/wp-json\/wp\/v2\/comments?post=121204"}],"version-history":[{"count":0,"href":"https:\/\/fr.motocrossmag.be\/index.php\/wp-json\/wp\/v2\/posts\/121204\/revisions"}],"wp:featuredmedia":[{"embeddable":true,"href":"https:\/\/fr.motocrossmag.be\/index.php\/wp-json\/wp\/v2\/media\/121205"}],"wp:attachment":[{"href":"https:\/\/fr.motocrossmag.be\/index.php\/wp-json\/wp\/v2\/media?parent=121204"}],"wp:term":[{"taxonomy":"category","embeddable":true,"href":"https:\/\/fr.motocrossmag.be\/index.php\/wp-json\/wp\/v2\/categories?post=121204"},{"taxonomy":"post_tag","embeddable":true,"href":"https:\/\/fr.motocrossmag.be\/index.php\/wp-json\/wp\/v2\/tags?post=121204"}],"curies":[{"name":"wp","href":"https:\/\/api.w.org\/{rel}","templated":true}]}}