{"id":121328,"date":"2022-10-11T14:53:31","date_gmt":"2022-10-11T12:53:31","guid":{"rendered":"http:\/\/fr.motocrossmag.be\/?p=121328"},"modified":"2022-10-11T14:53:31","modified_gmt":"2022-10-11T12:53:31","slug":"mxgp-le-calendrier-2023-devoile","status":"publish","type":"post","link":"https:\/\/fr.motocrossmag.be\/index.php\/2022\/10\/mxgp-le-calendrier-2023-devoile\/","title":{"rendered":"MXGP : le calendrier 2023 d\u00e9voil\u00e9"},"content":{"rendered":"<p><strong>Infront Moto Racing et la FIM ont d\u00e9voil\u00e9 ce mardi le calendrier provisoire du championnat du monde de motocross MXGP. Si certains lieux doivent encore \u00eatre pr\u00e9cis\u00e9s, le calendrier comporte 20 rendez-vous de mars \u00e0 octobre. Il s&rsquo;ouvrira en Argentine le 12 mars, ira par deux fois comme annonc\u00e9 en Indon\u00e9sie durant l&rsquo;\u00e9t\u00e9, s&rsquo;arr\u00eatera chez nous \u00e0 Lommel les 22 et 23 juillet et se refermera en Grande-Bretagne le 15 octobre apr\u00e8s avoir fait escale en Turquie et au Vietnam.<\/strong><\/p>\n<p>Absents cette ann\u00e9e, les Pays-Bas sont de retour au calendrier MXGP avec un GP pr\u00e9vu \u00e0 Arnhem les 19 et 20 ao\u00fbt.<\/p>\n<p>La France aura la chance non seulement d&rsquo;accueillir un GP \u00e0 Villars-sous-Ecot les 20 et 21 mai mais aussi de recevoir le Motocross des Nations les 21 et 22 octobre sur la piste d&rsquo;Ern\u00e9e.<\/p>\n<p><span style=\"color: #ff0000;\"><strong>Calendrier MXGP 2023 provisoire<\/strong><\/span><\/p>\n<p>12 mars : Argentine &#8211; Villa La Angostura<br \/>\n26 mars : TBA<br \/>\n08 + 10 avril TBA (+WMX)<br \/>\n16 avril : Italie &#8211; Pietramurata<br \/>\n30 avril : Portugal &#8211; Agueda<br \/>\n7 mai : Espagne &#8211; Intu Xanadu-Arroyomolinos (+WMX)<br \/>\n21 mai : France &#8211; Villars sous Ecot (+WMX)<br \/>\n04 juin :\u00a0 Lettonie &#8211; Kegums<br \/>\n11 juin :\u00a0 Allemagne &#8211; Teutschenthal<br \/>\n25 juin : Indonesia &#8211; Sumbawa<br \/>\n02 juillet :\u00a0 Indonesie &#8211; Lombok<br \/>\n16 juillet :\u00a0 R\u00e9publique Tch\u00e8que &#8211; Loket<br \/>\n23 juillet :\u00a0 Belgique &#8211; Lommel<br \/>\n06 ao\u00fbt :\u00a0 Finlande &#8211; TBA<br \/>\n13 ao\u00fbt :\u00a0 Su\u00e8de &#8211; Uddevalla<br \/>\n20 ao\u00fbt : Pays-Bas &#8211; Arnhem (+WMX)<br \/>\n03 septembre : Turquie &#8211; Afyonkarahisar (+WMX)<br \/>\n17 septembre : Vietnam &#8211; Thanh Hoa<br \/>\n01 octobre : TBA<br \/>\n15 octobre :\u00a0 Grande-Bretagne &#8211; Matterley Basin<br \/>\n22 octobre : MX des Nations &#8211; Ern\u00e9e (France)<\/p>\n<p>&nbsp;<\/p>\n","protected":false},"excerpt":{"rendered":"<p>Infront Moto Racing et la FIM ont d\u00e9voil\u00e9 ce mardi le calendrier provisoire du championnat du monde de motocross MXGP. Si certains lieux doivent encore \u00eatre pr\u00e9cis\u00e9s, le calendrier comporte [&#8230;]<\/p>\n","protected":false},"author":932,"featured_media":119682,"comment_status":"open","ping_status":"closed","sticky":false,"template":"","format":"standard","meta":{"footnotes":""},"categories":[54,57,4,6,5,55,65],"tags":[947,568],"class_list":["post-121328","post","type-post","status-publish","format-standard","has-post-thumbnail","hentry","category-actualite","category-calendriers","category-motocross","category-mx1mx2","category-news","category-news-actualite","category-slideshow","tag-motocross","tag-mxgp"],"yoast_head":"<!-- This site is optimized with the Yoast SEO plugin v27.4 - https:\/\/yoast.com\/product\/yoast-seo-wordpress\/ -->\n<title>MXGP : le calendrier 2023 d\u00e9voil\u00e9 - Motocross - Enduro - Supermoto | MotocrossMag<\/title>\n<meta name=\"robots\" content=\"index, follow, max-snippet:-1, max-image-preview:large, max-video-preview:-1\" \/>\n<link rel=\"canonical\" href=\"https:\/\/fr.motocrossmag.be\/index.php\/2022\/10\/mxgp-le-calendrier-2023-devoile\/\" \/>\n<meta property=\"og:locale\" content=\"fr_FR\" \/>\n<meta property=\"og:type\" content=\"article\" \/>\n<meta property=\"og:title\" content=\"MXGP : le calendrier 2023 d\u00e9voil\u00e9 - Motocross - Enduro - Supermoto | MotocrossMag\" \/>\n<meta property=\"og:description\" content=\"Infront Moto Racing et la FIM ont d\u00e9voil\u00e9 ce mardi le calendrier provisoire du championnat du monde de motocross MXGP. Si certains lieux doivent encore \u00eatre pr\u00e9cis\u00e9s, le calendrier comporte [...]\" \/>\n<meta property=\"og:url\" content=\"https:\/\/fr.motocrossmag.be\/index.php\/2022\/10\/mxgp-le-calendrier-2023-devoile\/\" \/>\n<meta property=\"og:site_name\" content=\"Motocross - Enduro - Supermoto | MotocrossMag\" \/>\n<meta property=\"article:published_time\" content=\"2022-10-11T12:53:31+00:00\" \/>\n<meta property=\"og:image\" content=\"https:\/\/fr.motocrossmag.be\/wp-content\/uploads\/2022\/08\/GEERTS-MOTOCROSS-GP-16-FIN-2022.jpg\" \/>\n\t<meta property=\"og:image:width\" content=\"1000\" \/>\n\t<meta property=\"og:image:height\" content=\"665\" \/>\n\t<meta property=\"og:image:type\" content=\"image\/jpeg\" \/>\n<meta name=\"author\" content=\"oliviere\" \/>\n<meta name=\"twitter:card\" content=\"summary_large_image\" \/>\n<meta name=\"twitter:label1\" content=\"\u00c9crit par\" \/>\n\t<meta name=\"twitter:data1\" content=\"oliviere\" \/>\n\t<meta name=\"twitter:label2\" content=\"Dur\u00e9e de lecture estim\u00e9e\" \/>\n\t<meta name=\"twitter:data2\" content=\"1 minute\" \/>\n<script type=\"application\/ld+json\" class=\"yoast-schema-graph\">{\"@context\":\"https:\\\/\\\/schema.org\",\"@graph\":[{\"@type\":\"Article\",\"@id\":\"https:\\\/\\\/fr.motocrossmag.be\\\/index.php\\\/2022\\\/10\\\/mxgp-le-calendrier-2023-devoile\\\/#article\",\"isPartOf\":{\"@id\":\"https:\\\/\\\/fr.motocrossmag.be\\\/index.php\\\/2022\\\/10\\\/mxgp-le-calendrier-2023-devoile\\\/\"},\"author\":{\"name\":\"oliviere\",\"@id\":\"https:\\\/\\\/fr.motocrossmag.be\\\/#\\\/schema\\\/person\\\/11b47143d9f755babca2c9110e03235c\"},\"headline\":\"MXGP : le calendrier 2023 d\u00e9voil\u00e9\",\"datePublished\":\"2022-10-11T12:53:31+00:00\",\"mainEntityOfPage\":{\"@id\":\"https:\\\/\\\/fr.motocrossmag.be\\\/index.php\\\/2022\\\/10\\\/mxgp-le-calendrier-2023-devoile\\\/\"},\"wordCount\":246,\"commentCount\":0,\"image\":{\"@id\":\"https:\\\/\\\/fr.motocrossmag.be\\\/index.php\\\/2022\\\/10\\\/mxgp-le-calendrier-2023-devoile\\\/#primaryimage\"},\"thumbnailUrl\":\"https:\\\/\\\/fr.motocrossmag.be\\\/wp-content\\\/uploads\\\/2022\\\/08\\\/GEERTS-MOTOCROSS-GP-16-FIN-2022.jpg\",\"keywords\":[\"Motocross\",\"MXGP\"],\"articleSection\":[\"Actualit\u00e9\",\"Calendriers\",\"Motocross\",\"Motocross MXGP\",\"News\",\"News\",\"Slideshow\"],\"inLanguage\":\"fr-FR\",\"potentialAction\":[{\"@type\":\"CommentAction\",\"name\":\"Comment\",\"target\":[\"https:\\\/\\\/fr.motocrossmag.be\\\/index.php\\\/2022\\\/10\\\/mxgp-le-calendrier-2023-devoile\\\/#respond\"]}]},{\"@type\":\"WebPage\",\"@id\":\"https:\\\/\\\/fr.motocrossmag.be\\\/index.php\\\/2022\\\/10\\\/mxgp-le-calendrier-2023-devoile\\\/\",\"url\":\"https:\\\/\\\/fr.motocrossmag.be\\\/index.php\\\/2022\\\/10\\\/mxgp-le-calendrier-2023-devoile\\\/\",\"name\":\"MXGP : le calendrier 2023 d\u00e9voil\u00e9 - Motocross - Enduro - Supermoto | MotocrossMag\",\"isPartOf\":{\"@id\":\"https:\\\/\\\/fr.motocrossmag.be\\\/#website\"},\"primaryImageOfPage\":{\"@id\":\"https:\\\/\\\/fr.motocrossmag.be\\\/index.php\\\/2022\\\/10\\\/mxgp-le-calendrier-2023-devoile\\\/#primaryimage\"},\"image\":{\"@id\":\"https:\\\/\\\/fr.motocrossmag.be\\\/index.php\\\/2022\\\/10\\\/mxgp-le-calendrier-2023-devoile\\\/#primaryimage\"},\"thumbnailUrl\":\"https:\\\/\\\/fr.motocrossmag.be\\\/wp-content\\\/uploads\\\/2022\\\/08\\\/GEERTS-MOTOCROSS-GP-16-FIN-2022.jpg\",\"datePublished\":\"2022-10-11T12:53:31+00:00\",\"author\":{\"@id\":\"https:\\\/\\\/fr.motocrossmag.be\\\/#\\\/schema\\\/person\\\/11b47143d9f755babca2c9110e03235c\"},\"breadcrumb\":{\"@id\":\"https:\\\/\\\/fr.motocrossmag.be\\\/index.php\\\/2022\\\/10\\\/mxgp-le-calendrier-2023-devoile\\\/#breadcrumb\"},\"inLanguage\":\"fr-FR\",\"potentialAction\":[{\"@type\":\"ReadAction\",\"target\":[\"https:\\\/\\\/fr.motocrossmag.be\\\/index.php\\\/2022\\\/10\\\/mxgp-le-calendrier-2023-devoile\\\/\"]}]},{\"@type\":\"ImageObject\",\"inLanguage\":\"fr-FR\",\"@id\":\"https:\\\/\\\/fr.motocrossmag.be\\\/index.php\\\/2022\\\/10\\\/mxgp-le-calendrier-2023-devoile\\\/#primaryimage\",\"url\":\"https:\\\/\\\/fr.motocrossmag.be\\\/wp-content\\\/uploads\\\/2022\\\/08\\\/GEERTS-MOTOCROSS-GP-16-FIN-2022.jpg\",\"contentUrl\":\"https:\\\/\\\/fr.motocrossmag.be\\\/wp-content\\\/uploads\\\/2022\\\/08\\\/GEERTS-MOTOCROSS-GP-16-FIN-2022.jpg\",\"width\":\"1000\",\"height\":\"665\"},{\"@type\":\"BreadcrumbList\",\"@id\":\"https:\\\/\\\/fr.motocrossmag.be\\\/index.php\\\/2022\\\/10\\\/mxgp-le-calendrier-2023-devoile\\\/#breadcrumb\",\"itemListElement\":[{\"@type\":\"ListItem\",\"position\":1,\"name\":\"Accueil\",\"item\":\"https:\\\/\\\/fr.motocrossmag.be\\\/\"},{\"@type\":\"ListItem\",\"position\":2,\"name\":\"MXGP : le calendrier 2023 d\u00e9voil\u00e9\"}]},{\"@type\":\"WebSite\",\"@id\":\"https:\\\/\\\/fr.motocrossmag.be\\\/#website\",\"url\":\"https:\\\/\\\/fr.motocrossmag.be\\\/\",\"name\":\"Motocross - Enduro - Supermoto | MotocrossMag\",\"description\":\"L&#039;actualit\u00e9 du motocross, de l&#039;enduro et du Supermoto en ligne!\",\"potentialAction\":[{\"@type\":\"SearchAction\",\"target\":{\"@type\":\"EntryPoint\",\"urlTemplate\":\"https:\\\/\\\/fr.motocrossmag.be\\\/?s={search_term_string}\"},\"query-input\":{\"@type\":\"PropertyValueSpecification\",\"valueRequired\":true,\"valueName\":\"search_term_string\"}}],\"inLanguage\":\"fr-FR\"},{\"@type\":\"Person\",\"@id\":\"https:\\\/\\\/fr.motocrossmag.be\\\/#\\\/schema\\\/person\\\/11b47143d9f755babca2c9110e03235c\",\"name\":\"oliviere\",\"image\":{\"@type\":\"ImageObject\",\"inLanguage\":\"fr-FR\",\"@id\":\"https:\\\/\\\/secure.gravatar.com\\\/avatar\\\/907069e0b81d119452040469e4a7501da1100f54f7f80180ce77bfab718288f6?s=96&d=mm&r=g\",\"url\":\"https:\\\/\\\/secure.gravatar.com\\\/avatar\\\/907069e0b81d119452040469e4a7501da1100f54f7f80180ce77bfab718288f6?s=96&d=mm&r=g\",\"contentUrl\":\"https:\\\/\\\/secure.gravatar.com\\\/avatar\\\/907069e0b81d119452040469e4a7501da1100f54f7f80180ce77bfab718288f6?s=96&d=mm&r=g\",\"caption\":\"oliviere\"},\"sameAs\":[\"http:\\\/\\\/www.motocrossmag.be\"],\"url\":\"https:\\\/\\\/fr.motocrossmag.be\\\/index.php\\\/author\\\/oliviere\\\/\"}]}<\/script>\n<!-- \/ Yoast SEO plugin. -->","yoast_head_json":{"title":"MXGP : le calendrier 2023 d\u00e9voil\u00e9 - Motocross - Enduro - Supermoto | MotocrossMag","robots":{"index":"index","follow":"follow","max-snippet":"max-snippet:-1","max-image-preview":"max-image-preview:large","max-video-preview":"max-video-preview:-1"},"canonical":"https:\/\/fr.motocrossmag.be\/index.php\/2022\/10\/mxgp-le-calendrier-2023-devoile\/","og_locale":"fr_FR","og_type":"article","og_title":"MXGP : le calendrier 2023 d\u00e9voil\u00e9 - Motocross - Enduro - Supermoto | MotocrossMag","og_description":"Infront Moto Racing et la FIM ont d\u00e9voil\u00e9 ce mardi le calendrier provisoire du championnat du monde de motocross MXGP. Si certains lieux doivent encore \u00eatre pr\u00e9cis\u00e9s, le calendrier comporte [...]","og_url":"https:\/\/fr.motocrossmag.be\/index.php\/2022\/10\/mxgp-le-calendrier-2023-devoile\/","og_site_name":"Motocross - Enduro - Supermoto | MotocrossMag","article_published_time":"2022-10-11T12:53:31+00:00","og_image":[{"width":1000,"height":665,"url":"https:\/\/fr.motocrossmag.be\/wp-content\/uploads\/2022\/08\/GEERTS-MOTOCROSS-GP-16-FIN-2022.jpg","type":"image\/jpeg"}],"author":"oliviere","twitter_card":"summary_large_image","twitter_misc":{"\u00c9crit par":"oliviere","Dur\u00e9e de lecture estim\u00e9e":"1 minute"},"schema":{"@context":"https:\/\/schema.org","@graph":[{"@type":"Article","@id":"https:\/\/fr.motocrossmag.be\/index.php\/2022\/10\/mxgp-le-calendrier-2023-devoile\/#article","isPartOf":{"@id":"https:\/\/fr.motocrossmag.be\/index.php\/2022\/10\/mxgp-le-calendrier-2023-devoile\/"},"author":{"name":"oliviere","@id":"https:\/\/fr.motocrossmag.be\/#\/schema\/person\/11b47143d9f755babca2c9110e03235c"},"headline":"MXGP : le calendrier 2023 d\u00e9voil\u00e9","datePublished":"2022-10-11T12:53:31+00:00","mainEntityOfPage":{"@id":"https:\/\/fr.motocrossmag.be\/index.php\/2022\/10\/mxgp-le-calendrier-2023-devoile\/"},"wordCount":246,"commentCount":0,"image":{"@id":"https:\/\/fr.motocrossmag.be\/index.php\/2022\/10\/mxgp-le-calendrier-2023-devoile\/#primaryimage"},"thumbnailUrl":"https:\/\/fr.motocrossmag.be\/wp-content\/uploads\/2022\/08\/GEERTS-MOTOCROSS-GP-16-FIN-2022.jpg","keywords":["Motocross","MXGP"],"articleSection":["Actualit\u00e9","Calendriers","Motocross","Motocross MXGP","News","News","Slideshow"],"inLanguage":"fr-FR","potentialAction":[{"@type":"CommentAction","name":"Comment","target":["https:\/\/fr.motocrossmag.be\/index.php\/2022\/10\/mxgp-le-calendrier-2023-devoile\/#respond"]}]},{"@type":"WebPage","@id":"https:\/\/fr.motocrossmag.be\/index.php\/2022\/10\/mxgp-le-calendrier-2023-devoile\/","url":"https:\/\/fr.motocrossmag.be\/index.php\/2022\/10\/mxgp-le-calendrier-2023-devoile\/","name":"MXGP : le calendrier 2023 d\u00e9voil\u00e9 - Motocross - Enduro - Supermoto | MotocrossMag","isPartOf":{"@id":"https:\/\/fr.motocrossmag.be\/#website"},"primaryImageOfPage":{"@id":"https:\/\/fr.motocrossmag.be\/index.php\/2022\/10\/mxgp-le-calendrier-2023-devoile\/#primaryimage"},"image":{"@id":"https:\/\/fr.motocrossmag.be\/index.php\/2022\/10\/mxgp-le-calendrier-2023-devoile\/#primaryimage"},"thumbnailUrl":"https:\/\/fr.motocrossmag.be\/wp-content\/uploads\/2022\/08\/GEERTS-MOTOCROSS-GP-16-FIN-2022.jpg","datePublished":"2022-10-11T12:53:31+00:00","author":{"@id":"https:\/\/fr.motocrossmag.be\/#\/schema\/person\/11b47143d9f755babca2c9110e03235c"},"breadcrumb":{"@id":"https:\/\/fr.motocrossmag.be\/index.php\/2022\/10\/mxgp-le-calendrier-2023-devoile\/#breadcrumb"},"inLanguage":"fr-FR","potentialAction":[{"@type":"ReadAction","target":["https:\/\/fr.motocrossmag.be\/index.php\/2022\/10\/mxgp-le-calendrier-2023-devoile\/"]}]},{"@type":"ImageObject","inLanguage":"fr-FR","@id":"https:\/\/fr.motocrossmag.be\/index.php\/2022\/10\/mxgp-le-calendrier-2023-devoile\/#primaryimage","url":"https:\/\/fr.motocrossmag.be\/wp-content\/uploads\/2022\/08\/GEERTS-MOTOCROSS-GP-16-FIN-2022.jpg","contentUrl":"https:\/\/fr.motocrossmag.be\/wp-content\/uploads\/2022\/08\/GEERTS-MOTOCROSS-GP-16-FIN-2022.jpg","width":"1000","height":"665"},{"@type":"BreadcrumbList","@id":"https:\/\/fr.motocrossmag.be\/index.php\/2022\/10\/mxgp-le-calendrier-2023-devoile\/#breadcrumb","itemListElement":[{"@type":"ListItem","position":1,"name":"Accueil","item":"https:\/\/fr.motocrossmag.be\/"},{"@type":"ListItem","position":2,"name":"MXGP : le calendrier 2023 d\u00e9voil\u00e9"}]},{"@type":"WebSite","@id":"https:\/\/fr.motocrossmag.be\/#website","url":"https:\/\/fr.motocrossmag.be\/","name":"Motocross - Enduro - Supermoto | MotocrossMag","description":"L&#039;actualit\u00e9 du motocross, de l&#039;enduro et du Supermoto en ligne!","potentialAction":[{"@type":"SearchAction","target":{"@type":"EntryPoint","urlTemplate":"https:\/\/fr.motocrossmag.be\/?s={search_term_string}"},"query-input":{"@type":"PropertyValueSpecification","valueRequired":true,"valueName":"search_term_string"}}],"inLanguage":"fr-FR"},{"@type":"Person","@id":"https:\/\/fr.motocrossmag.be\/#\/schema\/person\/11b47143d9f755babca2c9110e03235c","name":"oliviere","image":{"@type":"ImageObject","inLanguage":"fr-FR","@id":"https:\/\/secure.gravatar.com\/avatar\/907069e0b81d119452040469e4a7501da1100f54f7f80180ce77bfab718288f6?s=96&d=mm&r=g","url":"https:\/\/secure.gravatar.com\/avatar\/907069e0b81d119452040469e4a7501da1100f54f7f80180ce77bfab718288f6?s=96&d=mm&r=g","contentUrl":"https:\/\/secure.gravatar.com\/avatar\/907069e0b81d119452040469e4a7501da1100f54f7f80180ce77bfab718288f6?s=96&d=mm&r=g","caption":"oliviere"},"sameAs":["http:\/\/www.motocrossmag.be"],"url":"https:\/\/fr.motocrossmag.be\/index.php\/author\/oliviere\/"}]}},"_links":{"self":[{"href":"https:\/\/fr.motocrossmag.be\/index.php\/wp-json\/wp\/v2\/posts\/121328","targetHints":{"allow":["GET"]}}],"collection":[{"href":"https:\/\/fr.motocrossmag.be\/index.php\/wp-json\/wp\/v2\/posts"}],"about":[{"href":"https:\/\/fr.motocrossmag.be\/index.php\/wp-json\/wp\/v2\/types\/post"}],"author":[{"embeddable":true,"href":"https:\/\/fr.motocrossmag.be\/index.php\/wp-json\/wp\/v2\/users\/932"}],"replies":[{"embeddable":true,"href":"https:\/\/fr.motocrossmag.be\/index.php\/wp-json\/wp\/v2\/comments?post=121328"}],"version-history":[{"count":0,"href":"https:\/\/fr.motocrossmag.be\/index.php\/wp-json\/wp\/v2\/posts\/121328\/revisions"}],"wp:featuredmedia":[{"embeddable":true,"href":"https:\/\/fr.motocrossmag.be\/index.php\/wp-json\/wp\/v2\/media\/119682"}],"wp:attachment":[{"href":"https:\/\/fr.motocrossmag.be\/index.php\/wp-json\/wp\/v2\/media?parent=121328"}],"wp:term":[{"taxonomy":"category","embeddable":true,"href":"https:\/\/fr.motocrossmag.be\/index.php\/wp-json\/wp\/v2\/categories?post=121328"},{"taxonomy":"post_tag","embeddable":true,"href":"https:\/\/fr.motocrossmag.be\/index.php\/wp-json\/wp\/v2\/tags?post=121328"}],"curies":[{"name":"wp","href":"https:\/\/api.w.org\/{rel}","templated":true}]}}