{"id":121352,"date":"2022-10-14T12:08:43","date_gmt":"2022-10-14T10:08:43","guid":{"rendered":"http:\/\/fr.motocrossmag.be\/?p=121352"},"modified":"2022-10-14T12:08:43","modified_gmt":"2022-10-14T10:08:43","slug":"renaux-seewer-coldenhoff-rien-ne-change-chez-yamaha","status":"publish","type":"post","link":"https:\/\/fr.motocrossmag.be\/index.php\/2022\/10\/renaux-seewer-coldenhoff-rien-ne-change-chez-yamaha\/","title":{"rendered":"Renaux, Seewer, Coldenhoff : rien ne change chez Yamaha"},"content":{"rendered":"<p><strong>Tous les trois dans le top-cinq du dernier championnat MXGP, les pilotes officiels Yamaha ont permis \u00e0 la marque aux trois diapasons de briller l&rsquo;an dernier dans la cat\u00e9gorie reine du motocross mondial. Alors, rien ne change chez les Bleus pour 2023. <\/strong><\/p>\n<p>Maxime Renaux, auteur d&rsquo;une superbe premi\u00e8re saison MXGP apr\u00e8s un titre mondial MX2, Glenn Coldenhoff et Jeremy Seewer, impressionnant sur la derni\u00e8re partie de la saison, restent tous les trois sous les couleurs du team Monster Energy Yamaha Factory MXGP et piloteront donc l&rsquo;ann\u00e9e prochaine encore la fameuse YZ450FM.<\/p>\n<p>\u00ab\u00a0Nous sommes tr\u00e8s heureux de poursuivre avec Jeremy, Glenn et Maxime l&rsquo;an prochain\u00a0\u00bb, se r\u00e9jouit Alexandre Kowalski, Off-Road Racing Manager chez Yamaha Europe. \u00ab\u00a0Ils ont chacun montr\u00e9 cette ann\u00e9e qu&rsquo;ils sont capables de se battre pour des podiums et des victoires. Jeremy et Maxime sont avec Yamaha depuis si longtemps qu&rsquo;ils sont des piliers du succ\u00e8s actuel de la marque. Ils font partie de la famille. Glenn est le dernier arriv\u00e9 et il a fait de grands progr\u00e8s au guidon de notre machine cette ann\u00e9e. On est donc confiant pour aborder 2023.\u00a0\u00bb<\/p>\n","protected":false},"excerpt":{"rendered":"<p>Tous les trois dans le top-cinq du dernier championnat MXGP, les pilotes officiels Yamaha ont permis \u00e0 la marque aux trois diapasons de briller l&rsquo;an dernier dans la cat\u00e9gorie reine [&#8230;]<\/p>\n","protected":false},"author":932,"featured_media":121353,"comment_status":"open","ping_status":"closed","sticky":false,"template":"","format":"standard","meta":{"footnotes":""},"categories":[54,4,6,5,55,65],"tags":[83,434,1041],"class_list":["post-121352","post","type-post","status-publish","format-standard","has-post-thumbnail","hentry","category-actualite","category-motocross","category-mx1mx2","category-news","category-news-actualite","category-slideshow","tag-glenn-coldenhoff","tag-jeremy-seewer","tag-maxime-renaux"],"yoast_head":"<!-- This site is optimized with the Yoast SEO plugin v27.4 - https:\/\/yoast.com\/product\/yoast-seo-wordpress\/ -->\n<title>Renaux, Seewer, Coldenhoff : rien ne change chez Yamaha - Motocross - Enduro - Supermoto | MotocrossMag<\/title>\n<meta name=\"robots\" content=\"index, follow, max-snippet:-1, max-image-preview:large, max-video-preview:-1\" \/>\n<link rel=\"canonical\" href=\"https:\/\/fr.motocrossmag.be\/index.php\/2022\/10\/renaux-seewer-coldenhoff-rien-ne-change-chez-yamaha\/\" \/>\n<meta property=\"og:locale\" content=\"fr_FR\" \/>\n<meta property=\"og:type\" content=\"article\" \/>\n<meta property=\"og:title\" content=\"Renaux, Seewer, Coldenhoff : rien ne change chez Yamaha - Motocross - Enduro - Supermoto | MotocrossMag\" \/>\n<meta property=\"og:description\" content=\"Tous les trois dans le top-cinq du dernier championnat MXGP, les pilotes officiels Yamaha ont permis \u00e0 la marque aux trois diapasons de briller l&rsquo;an dernier dans la cat\u00e9gorie reine [...]\" \/>\n<meta property=\"og:url\" content=\"https:\/\/fr.motocrossmag.be\/index.php\/2022\/10\/renaux-seewer-coldenhoff-rien-ne-change-chez-yamaha\/\" \/>\n<meta property=\"og:site_name\" content=\"Motocross - Enduro - Supermoto | MotocrossMag\" \/>\n<meta property=\"article:published_time\" content=\"2022-10-14T10:08:43+00:00\" \/>\n<meta property=\"og:image\" content=\"https:\/\/fr.motocrossmag.be\/wp-content\/uploads\/2022\/10\/yamaha-mxgp-2023.jpg\" \/>\n\t<meta property=\"og:image:width\" content=\"1000\" \/>\n\t<meta property=\"og:image:height\" content=\"666\" \/>\n\t<meta property=\"og:image:type\" content=\"image\/jpeg\" \/>\n<meta name=\"author\" content=\"oliviere\" \/>\n<meta name=\"twitter:card\" content=\"summary_large_image\" \/>\n<meta name=\"twitter:label1\" content=\"\u00c9crit par\" \/>\n\t<meta name=\"twitter:data1\" content=\"oliviere\" \/>\n\t<meta name=\"twitter:label2\" content=\"Dur\u00e9e de lecture estim\u00e9e\" \/>\n\t<meta name=\"twitter:data2\" content=\"1 minute\" \/>\n<script type=\"application\/ld+json\" class=\"yoast-schema-graph\">{\"@context\":\"https:\\\/\\\/schema.org\",\"@graph\":[{\"@type\":\"Article\",\"@id\":\"https:\\\/\\\/fr.motocrossmag.be\\\/index.php\\\/2022\\\/10\\\/renaux-seewer-coldenhoff-rien-ne-change-chez-yamaha\\\/#article\",\"isPartOf\":{\"@id\":\"https:\\\/\\\/fr.motocrossmag.be\\\/index.php\\\/2022\\\/10\\\/renaux-seewer-coldenhoff-rien-ne-change-chez-yamaha\\\/\"},\"author\":{\"name\":\"oliviere\",\"@id\":\"https:\\\/\\\/fr.motocrossmag.be\\\/#\\\/schema\\\/person\\\/11b47143d9f755babca2c9110e03235c\"},\"headline\":\"Renaux, Seewer, Coldenhoff : rien ne change chez Yamaha\",\"datePublished\":\"2022-10-14T10:08:43+00:00\",\"mainEntityOfPage\":{\"@id\":\"https:\\\/\\\/fr.motocrossmag.be\\\/index.php\\\/2022\\\/10\\\/renaux-seewer-coldenhoff-rien-ne-change-chez-yamaha\\\/\"},\"wordCount\":206,\"commentCount\":0,\"image\":{\"@id\":\"https:\\\/\\\/fr.motocrossmag.be\\\/index.php\\\/2022\\\/10\\\/renaux-seewer-coldenhoff-rien-ne-change-chez-yamaha\\\/#primaryimage\"},\"thumbnailUrl\":\"https:\\\/\\\/fr.motocrossmag.be\\\/wp-content\\\/uploads\\\/2022\\\/10\\\/yamaha-mxgp-2023.jpg\",\"keywords\":[\"Glenn Coldenhoff\",\"jeremy seewer\",\"maxime renaux\"],\"articleSection\":[\"Actualit\u00e9\",\"Motocross\",\"Motocross MXGP\",\"News\",\"News\",\"Slideshow\"],\"inLanguage\":\"fr-FR\",\"potentialAction\":[{\"@type\":\"CommentAction\",\"name\":\"Comment\",\"target\":[\"https:\\\/\\\/fr.motocrossmag.be\\\/index.php\\\/2022\\\/10\\\/renaux-seewer-coldenhoff-rien-ne-change-chez-yamaha\\\/#respond\"]}]},{\"@type\":\"WebPage\",\"@id\":\"https:\\\/\\\/fr.motocrossmag.be\\\/index.php\\\/2022\\\/10\\\/renaux-seewer-coldenhoff-rien-ne-change-chez-yamaha\\\/\",\"url\":\"https:\\\/\\\/fr.motocrossmag.be\\\/index.php\\\/2022\\\/10\\\/renaux-seewer-coldenhoff-rien-ne-change-chez-yamaha\\\/\",\"name\":\"Renaux, Seewer, Coldenhoff : rien ne change chez Yamaha - Motocross - Enduro - Supermoto | MotocrossMag\",\"isPartOf\":{\"@id\":\"https:\\\/\\\/fr.motocrossmag.be\\\/#website\"},\"primaryImageOfPage\":{\"@id\":\"https:\\\/\\\/fr.motocrossmag.be\\\/index.php\\\/2022\\\/10\\\/renaux-seewer-coldenhoff-rien-ne-change-chez-yamaha\\\/#primaryimage\"},\"image\":{\"@id\":\"https:\\\/\\\/fr.motocrossmag.be\\\/index.php\\\/2022\\\/10\\\/renaux-seewer-coldenhoff-rien-ne-change-chez-yamaha\\\/#primaryimage\"},\"thumbnailUrl\":\"https:\\\/\\\/fr.motocrossmag.be\\\/wp-content\\\/uploads\\\/2022\\\/10\\\/yamaha-mxgp-2023.jpg\",\"datePublished\":\"2022-10-14T10:08:43+00:00\",\"author\":{\"@id\":\"https:\\\/\\\/fr.motocrossmag.be\\\/#\\\/schema\\\/person\\\/11b47143d9f755babca2c9110e03235c\"},\"breadcrumb\":{\"@id\":\"https:\\\/\\\/fr.motocrossmag.be\\\/index.php\\\/2022\\\/10\\\/renaux-seewer-coldenhoff-rien-ne-change-chez-yamaha\\\/#breadcrumb\"},\"inLanguage\":\"fr-FR\",\"potentialAction\":[{\"@type\":\"ReadAction\",\"target\":[\"https:\\\/\\\/fr.motocrossmag.be\\\/index.php\\\/2022\\\/10\\\/renaux-seewer-coldenhoff-rien-ne-change-chez-yamaha\\\/\"]}]},{\"@type\":\"ImageObject\",\"inLanguage\":\"fr-FR\",\"@id\":\"https:\\\/\\\/fr.motocrossmag.be\\\/index.php\\\/2022\\\/10\\\/renaux-seewer-coldenhoff-rien-ne-change-chez-yamaha\\\/#primaryimage\",\"url\":\"https:\\\/\\\/fr.motocrossmag.be\\\/wp-content\\\/uploads\\\/2022\\\/10\\\/yamaha-mxgp-2023.jpg\",\"contentUrl\":\"https:\\\/\\\/fr.motocrossmag.be\\\/wp-content\\\/uploads\\\/2022\\\/10\\\/yamaha-mxgp-2023.jpg\",\"width\":\"1000\",\"height\":\"666\"},{\"@type\":\"BreadcrumbList\",\"@id\":\"https:\\\/\\\/fr.motocrossmag.be\\\/index.php\\\/2022\\\/10\\\/renaux-seewer-coldenhoff-rien-ne-change-chez-yamaha\\\/#breadcrumb\",\"itemListElement\":[{\"@type\":\"ListItem\",\"position\":1,\"name\":\"Accueil\",\"item\":\"https:\\\/\\\/fr.motocrossmag.be\\\/\"},{\"@type\":\"ListItem\",\"position\":2,\"name\":\"Renaux, Seewer, Coldenhoff : rien ne change chez Yamaha\"}]},{\"@type\":\"WebSite\",\"@id\":\"https:\\\/\\\/fr.motocrossmag.be\\\/#website\",\"url\":\"https:\\\/\\\/fr.motocrossmag.be\\\/\",\"name\":\"Motocross - Enduro - Supermoto | MotocrossMag\",\"description\":\"L&#039;actualit\u00e9 du motocross, de l&#039;enduro et du Supermoto en ligne!\",\"potentialAction\":[{\"@type\":\"SearchAction\",\"target\":{\"@type\":\"EntryPoint\",\"urlTemplate\":\"https:\\\/\\\/fr.motocrossmag.be\\\/?s={search_term_string}\"},\"query-input\":{\"@type\":\"PropertyValueSpecification\",\"valueRequired\":true,\"valueName\":\"search_term_string\"}}],\"inLanguage\":\"fr-FR\"},{\"@type\":\"Person\",\"@id\":\"https:\\\/\\\/fr.motocrossmag.be\\\/#\\\/schema\\\/person\\\/11b47143d9f755babca2c9110e03235c\",\"name\":\"oliviere\",\"image\":{\"@type\":\"ImageObject\",\"inLanguage\":\"fr-FR\",\"@id\":\"https:\\\/\\\/secure.gravatar.com\\\/avatar\\\/907069e0b81d119452040469e4a7501da1100f54f7f80180ce77bfab718288f6?s=96&d=mm&r=g\",\"url\":\"https:\\\/\\\/secure.gravatar.com\\\/avatar\\\/907069e0b81d119452040469e4a7501da1100f54f7f80180ce77bfab718288f6?s=96&d=mm&r=g\",\"contentUrl\":\"https:\\\/\\\/secure.gravatar.com\\\/avatar\\\/907069e0b81d119452040469e4a7501da1100f54f7f80180ce77bfab718288f6?s=96&d=mm&r=g\",\"caption\":\"oliviere\"},\"sameAs\":[\"http:\\\/\\\/www.motocrossmag.be\"],\"url\":\"https:\\\/\\\/fr.motocrossmag.be\\\/index.php\\\/author\\\/oliviere\\\/\"}]}<\/script>\n<!-- \/ Yoast SEO plugin. -->","yoast_head_json":{"title":"Renaux, Seewer, Coldenhoff : rien ne change chez Yamaha - Motocross - Enduro - Supermoto | MotocrossMag","robots":{"index":"index","follow":"follow","max-snippet":"max-snippet:-1","max-image-preview":"max-image-preview:large","max-video-preview":"max-video-preview:-1"},"canonical":"https:\/\/fr.motocrossmag.be\/index.php\/2022\/10\/renaux-seewer-coldenhoff-rien-ne-change-chez-yamaha\/","og_locale":"fr_FR","og_type":"article","og_title":"Renaux, Seewer, Coldenhoff : rien ne change chez Yamaha - Motocross - Enduro - Supermoto | MotocrossMag","og_description":"Tous les trois dans le top-cinq du dernier championnat MXGP, les pilotes officiels Yamaha ont permis \u00e0 la marque aux trois diapasons de briller l&rsquo;an dernier dans la cat\u00e9gorie reine [...]","og_url":"https:\/\/fr.motocrossmag.be\/index.php\/2022\/10\/renaux-seewer-coldenhoff-rien-ne-change-chez-yamaha\/","og_site_name":"Motocross - Enduro - Supermoto | MotocrossMag","article_published_time":"2022-10-14T10:08:43+00:00","og_image":[{"width":1000,"height":666,"url":"https:\/\/fr.motocrossmag.be\/wp-content\/uploads\/2022\/10\/yamaha-mxgp-2023.jpg","type":"image\/jpeg"}],"author":"oliviere","twitter_card":"summary_large_image","twitter_misc":{"\u00c9crit par":"oliviere","Dur\u00e9e de lecture estim\u00e9e":"1 minute"},"schema":{"@context":"https:\/\/schema.org","@graph":[{"@type":"Article","@id":"https:\/\/fr.motocrossmag.be\/index.php\/2022\/10\/renaux-seewer-coldenhoff-rien-ne-change-chez-yamaha\/#article","isPartOf":{"@id":"https:\/\/fr.motocrossmag.be\/index.php\/2022\/10\/renaux-seewer-coldenhoff-rien-ne-change-chez-yamaha\/"},"author":{"name":"oliviere","@id":"https:\/\/fr.motocrossmag.be\/#\/schema\/person\/11b47143d9f755babca2c9110e03235c"},"headline":"Renaux, Seewer, Coldenhoff : rien ne change chez Yamaha","datePublished":"2022-10-14T10:08:43+00:00","mainEntityOfPage":{"@id":"https:\/\/fr.motocrossmag.be\/index.php\/2022\/10\/renaux-seewer-coldenhoff-rien-ne-change-chez-yamaha\/"},"wordCount":206,"commentCount":0,"image":{"@id":"https:\/\/fr.motocrossmag.be\/index.php\/2022\/10\/renaux-seewer-coldenhoff-rien-ne-change-chez-yamaha\/#primaryimage"},"thumbnailUrl":"https:\/\/fr.motocrossmag.be\/wp-content\/uploads\/2022\/10\/yamaha-mxgp-2023.jpg","keywords":["Glenn Coldenhoff","jeremy seewer","maxime renaux"],"articleSection":["Actualit\u00e9","Motocross","Motocross MXGP","News","News","Slideshow"],"inLanguage":"fr-FR","potentialAction":[{"@type":"CommentAction","name":"Comment","target":["https:\/\/fr.motocrossmag.be\/index.php\/2022\/10\/renaux-seewer-coldenhoff-rien-ne-change-chez-yamaha\/#respond"]}]},{"@type":"WebPage","@id":"https:\/\/fr.motocrossmag.be\/index.php\/2022\/10\/renaux-seewer-coldenhoff-rien-ne-change-chez-yamaha\/","url":"https:\/\/fr.motocrossmag.be\/index.php\/2022\/10\/renaux-seewer-coldenhoff-rien-ne-change-chez-yamaha\/","name":"Renaux, Seewer, Coldenhoff : rien ne change chez Yamaha - Motocross - Enduro - Supermoto | MotocrossMag","isPartOf":{"@id":"https:\/\/fr.motocrossmag.be\/#website"},"primaryImageOfPage":{"@id":"https:\/\/fr.motocrossmag.be\/index.php\/2022\/10\/renaux-seewer-coldenhoff-rien-ne-change-chez-yamaha\/#primaryimage"},"image":{"@id":"https:\/\/fr.motocrossmag.be\/index.php\/2022\/10\/renaux-seewer-coldenhoff-rien-ne-change-chez-yamaha\/#primaryimage"},"thumbnailUrl":"https:\/\/fr.motocrossmag.be\/wp-content\/uploads\/2022\/10\/yamaha-mxgp-2023.jpg","datePublished":"2022-10-14T10:08:43+00:00","author":{"@id":"https:\/\/fr.motocrossmag.be\/#\/schema\/person\/11b47143d9f755babca2c9110e03235c"},"breadcrumb":{"@id":"https:\/\/fr.motocrossmag.be\/index.php\/2022\/10\/renaux-seewer-coldenhoff-rien-ne-change-chez-yamaha\/#breadcrumb"},"inLanguage":"fr-FR","potentialAction":[{"@type":"ReadAction","target":["https:\/\/fr.motocrossmag.be\/index.php\/2022\/10\/renaux-seewer-coldenhoff-rien-ne-change-chez-yamaha\/"]}]},{"@type":"ImageObject","inLanguage":"fr-FR","@id":"https:\/\/fr.motocrossmag.be\/index.php\/2022\/10\/renaux-seewer-coldenhoff-rien-ne-change-chez-yamaha\/#primaryimage","url":"https:\/\/fr.motocrossmag.be\/wp-content\/uploads\/2022\/10\/yamaha-mxgp-2023.jpg","contentUrl":"https:\/\/fr.motocrossmag.be\/wp-content\/uploads\/2022\/10\/yamaha-mxgp-2023.jpg","width":"1000","height":"666"},{"@type":"BreadcrumbList","@id":"https:\/\/fr.motocrossmag.be\/index.php\/2022\/10\/renaux-seewer-coldenhoff-rien-ne-change-chez-yamaha\/#breadcrumb","itemListElement":[{"@type":"ListItem","position":1,"name":"Accueil","item":"https:\/\/fr.motocrossmag.be\/"},{"@type":"ListItem","position":2,"name":"Renaux, Seewer, Coldenhoff : rien ne change chez Yamaha"}]},{"@type":"WebSite","@id":"https:\/\/fr.motocrossmag.be\/#website","url":"https:\/\/fr.motocrossmag.be\/","name":"Motocross - Enduro - Supermoto | MotocrossMag","description":"L&#039;actualit\u00e9 du motocross, de l&#039;enduro et du Supermoto en ligne!","potentialAction":[{"@type":"SearchAction","target":{"@type":"EntryPoint","urlTemplate":"https:\/\/fr.motocrossmag.be\/?s={search_term_string}"},"query-input":{"@type":"PropertyValueSpecification","valueRequired":true,"valueName":"search_term_string"}}],"inLanguage":"fr-FR"},{"@type":"Person","@id":"https:\/\/fr.motocrossmag.be\/#\/schema\/person\/11b47143d9f755babca2c9110e03235c","name":"oliviere","image":{"@type":"ImageObject","inLanguage":"fr-FR","@id":"https:\/\/secure.gravatar.com\/avatar\/907069e0b81d119452040469e4a7501da1100f54f7f80180ce77bfab718288f6?s=96&d=mm&r=g","url":"https:\/\/secure.gravatar.com\/avatar\/907069e0b81d119452040469e4a7501da1100f54f7f80180ce77bfab718288f6?s=96&d=mm&r=g","contentUrl":"https:\/\/secure.gravatar.com\/avatar\/907069e0b81d119452040469e4a7501da1100f54f7f80180ce77bfab718288f6?s=96&d=mm&r=g","caption":"oliviere"},"sameAs":["http:\/\/www.motocrossmag.be"],"url":"https:\/\/fr.motocrossmag.be\/index.php\/author\/oliviere\/"}]}},"_links":{"self":[{"href":"https:\/\/fr.motocrossmag.be\/index.php\/wp-json\/wp\/v2\/posts\/121352","targetHints":{"allow":["GET"]}}],"collection":[{"href":"https:\/\/fr.motocrossmag.be\/index.php\/wp-json\/wp\/v2\/posts"}],"about":[{"href":"https:\/\/fr.motocrossmag.be\/index.php\/wp-json\/wp\/v2\/types\/post"}],"author":[{"embeddable":true,"href":"https:\/\/fr.motocrossmag.be\/index.php\/wp-json\/wp\/v2\/users\/932"}],"replies":[{"embeddable":true,"href":"https:\/\/fr.motocrossmag.be\/index.php\/wp-json\/wp\/v2\/comments?post=121352"}],"version-history":[{"count":0,"href":"https:\/\/fr.motocrossmag.be\/index.php\/wp-json\/wp\/v2\/posts\/121352\/revisions"}],"wp:featuredmedia":[{"embeddable":true,"href":"https:\/\/fr.motocrossmag.be\/index.php\/wp-json\/wp\/v2\/media\/121353"}],"wp:attachment":[{"href":"https:\/\/fr.motocrossmag.be\/index.php\/wp-json\/wp\/v2\/media?parent=121352"}],"wp:term":[{"taxonomy":"category","embeddable":true,"href":"https:\/\/fr.motocrossmag.be\/index.php\/wp-json\/wp\/v2\/categories?post=121352"},{"taxonomy":"post_tag","embeddable":true,"href":"https:\/\/fr.motocrossmag.be\/index.php\/wp-json\/wp\/v2\/tags?post=121352"}],"curies":[{"name":"wp","href":"https:\/\/api.w.org\/{rel}","templated":true}]}}