{"id":121469,"date":"2022-10-19T09:58:43","date_gmt":"2022-10-19T07:58:43","guid":{"rendered":"http:\/\/fr.motocrossmag.be\/?p=121469"},"modified":"2022-10-19T09:58:43","modified_gmt":"2022-10-19T07:58:43","slug":"antonio-cairoli-prend-les-renes-du-team-officiel-ktm-en-mxgp","status":"publish","type":"post","link":"https:\/\/fr.motocrossmag.be\/index.php\/2022\/10\/antonio-cairoli-prend-les-renes-du-team-officiel-ktm-en-mxgp\/","title":{"rendered":"Antonio Cairoli prend les r\u00eanes du team officiel KTM en MXGP"},"content":{"rendered":"<p><strong>KTM a annonc\u00e9 ce mercredi l&rsquo;arriv\u00e9e d&rsquo;Antonio Cairoli aux commandes du team Red Bull KTM Factory Racing. Le nonuple champion du monde, avec la marque autrichienne depuis 2010, devient team manager de l&rsquo;\u00e9quipe qui repr\u00e9sente officiellement KTM en MXGP.<\/strong><\/p>\n<p>Cairoli travaillera en binome avec Jo\u00ebl Smets, qui aura en charge pour sa part l&rsquo;entra\u00eenement des pilotes du team ainsi que d&rsquo;autres pilotes officiels roulant pour le groupe autrichien.<\/p>\n<p>Claudio De Carli, l&rsquo;homme qui a guid\u00e9 Cairoli vers pas moins de six titres entre 2010 et 2017, supervisera d\u00e9sormais les efforts de course de KTM en tant que nouveau directeur racing ppur le motocross. L&rsquo;Italien a forg\u00e9 un lien incroyablement fort avec KTM au d\u00e9but de la derni\u00e8re d\u00e9cennie, lorsqu&rsquo;il a contribu\u00e9 \u00e0 offrir \u00e0 l&rsquo;usine sa premi\u00e8re distinction dans la cat\u00e9gorie reine du motocross mondial.<\/p>\n<p>Le team Red Bull KTM Factory Racing sera compos\u00e9 en 2023 de Jeffrey Herlings (MXGP, KTM 450SX-F), Andrea Adamo et Liam Everts (MX2, KTM 250SX-F).<\/p>\n<p><a href=\"http:\/\/fr.motocrossmag.be\/wp-content\/uploads\/2022\/10\/2023-Red-Bull-KTM-Tony-Cairoli-Team-Manager-announcement1.jpg\"><img decoding=\"async\" class=\"lazyload alignnone size-full wp-image-121470\" src=\"http:\/\/fr.motocrossmag.be\/wp-content\/uploads\/2022\/10\/2023-Red-Bull-KTM-Tony-Cairoli-Team-Manager-announcement1.jpg\" data-orig-src=\"http:\/\/fr.motocrossmag.be\/wp-content\/uploads\/2022\/10\/2023-Red-Bull-KTM-Tony-Cairoli-Team-Manager-announcement1.jpg\" alt=\"\" width=\"1000\" height=\"667\" srcset=\"data:image\/svg+xml,%3Csvg%20xmlns%3D%27http%3A%2F%2Fwww.w3.org%2F2000%2Fsvg%27%20width%3D%271000%27%20height%3D%27667%27%20viewBox%3D%270%200%201000%20667%27%3E%3Crect%20width%3D%271000%27%20height%3D%27667%27%20fill-opacity%3D%220%22%2F%3E%3C%2Fsvg%3E\" data-srcset=\"https:\/\/fr.motocrossmag.be\/wp-content\/uploads\/2022\/10\/2023-Red-Bull-KTM-Tony-Cairoli-Team-Manager-announcement1-650x434.jpg 650w, https:\/\/fr.motocrossmag.be\/wp-content\/uploads\/2022\/10\/2023-Red-Bull-KTM-Tony-Cairoli-Team-Manager-announcement1-768x512.jpg 768w, https:\/\/fr.motocrossmag.be\/wp-content\/uploads\/2022\/10\/2023-Red-Bull-KTM-Tony-Cairoli-Team-Manager-announcement1.jpg 1000w\" data-sizes=\"auto\" data-orig-sizes=\"(max-width: 1000px) 100vw, 1000px\" \/><\/a><\/p>\n<p>\u00ab\u00a02022 a \u00e9t\u00e9 un changement pour moi et maintenant c&rsquo;est un autre chapitre qui s&rsquo;ouvre !\u00a0\u00bb, exprime Antonio Cairoli.\u00a0 \u00ab\u00a0C&rsquo;\u00e9tait g\u00e9nial de rouler \u00e0 nouveau cette ann\u00e9e, mais c&rsquo;\u00e9tait aussi positif de prendre un peu de recul par rapport \u00e0 la course et de voir les choses d&rsquo;une mani\u00e8re diff\u00e9rente. J&rsquo;esp\u00e8re vraiment pouvoir apporter autant de connaissances et de passion que possible dans mon nouveau r\u00f4le. J&rsquo;aurai un peu d&rsquo;apprentissage \u00e0 faire, mais j&rsquo;ai aussi travaill\u00e9 avec des personnes extraordinaires au cours de ma carri\u00e8re, alors je compte bien mettre \u00e0 profit cette exp\u00e9rience.\u00a0\u00bb<\/p>\n<p>\u00a0\u00bb C&rsquo;est tr\u00e8s sp\u00e9cial pour moi d&rsquo;avoir ce nouveau poste et de poursuivre mon histoire avec Pit, Robert et tout le groupe KTM\u00a0\u00bb, se r\u00e9jouit de son c\u00f4t\u00e9 Claudio De Carli. \u00ab\u00a0Comme beaucoup de gens le savent, nous avons commenc\u00e9 notre partenariat il y a plus de dix ans maintenant et c&rsquo;est une forte confiance mutuelle qui nous a permis de r\u00e9ussir en MXGP. Nous sommes maintenant en transition vers la nouvelle g\u00e9n\u00e9ration de pilotes mais nous avons les meilleures bases possibles. J&rsquo;esp\u00e8re que nous pourrons garder la division motocross comme l&rsquo;une des plus prolifiques pour KTM et le d\u00e9partement course. Nous allons faire le maximum pour que cela se passe ainsi dans toutes les cat\u00e9gories.\u00a0\u00bb<\/p>\n<p>&nbsp;<\/p>\n","protected":false},"excerpt":{"rendered":"<p>KTM a annonc\u00e9 ce mercredi l&rsquo;arriv\u00e9e d&rsquo;Antonio Cairoli aux commandes du team Red Bull KTM Factory Racing. Le nonuple champion du monde, avec la marque autrichienne depuis 2010, devient team [&#8230;]<\/p>\n","protected":false},"author":932,"featured_media":121471,"comment_status":"open","ping_status":"closed","sticky":false,"template":"","format":"standard","meta":{"footnotes":""},"categories":[54,4,6,5,55,65],"tags":[119,79,947,568],"class_list":["post-121469","post","type-post","status-publish","format-standard","has-post-thumbnail","hentry","category-actualite","category-motocross","category-mx1mx2","category-news","category-news-actualite","category-slideshow","tag-antonio-cairoli","tag-ktm","tag-motocross","tag-mxgp"],"yoast_head":"<!-- This site is optimized with the Yoast SEO plugin v27.4 - https:\/\/yoast.com\/product\/yoast-seo-wordpress\/ -->\n<title>Antonio Cairoli prend les r\u00eanes du team officiel KTM en MXGP - Motocross - Enduro - Supermoto | MotocrossMag<\/title>\n<meta name=\"robots\" content=\"index, follow, max-snippet:-1, max-image-preview:large, max-video-preview:-1\" \/>\n<link rel=\"canonical\" href=\"https:\/\/fr.motocrossmag.be\/index.php\/2022\/10\/antonio-cairoli-prend-les-renes-du-team-officiel-ktm-en-mxgp\/\" \/>\n<meta property=\"og:locale\" content=\"fr_FR\" \/>\n<meta property=\"og:type\" content=\"article\" \/>\n<meta property=\"og:title\" content=\"Antonio Cairoli prend les r\u00eanes du team officiel KTM en MXGP - Motocross - Enduro - Supermoto | MotocrossMag\" \/>\n<meta property=\"og:description\" content=\"KTM a annonc\u00e9 ce mercredi l&rsquo;arriv\u00e9e d&rsquo;Antonio Cairoli aux commandes du team Red Bull KTM Factory Racing. Le nonuple champion du monde, avec la marque autrichienne depuis 2010, devient team [...]\" \/>\n<meta property=\"og:url\" content=\"https:\/\/fr.motocrossmag.be\/index.php\/2022\/10\/antonio-cairoli-prend-les-renes-du-team-officiel-ktm-en-mxgp\/\" \/>\n<meta property=\"og:site_name\" content=\"Motocross - Enduro - Supermoto | MotocrossMag\" \/>\n<meta property=\"article:published_time\" content=\"2022-10-19T07:58:43+00:00\" \/>\n<meta property=\"og:image\" content=\"https:\/\/fr.motocrossmag.be\/wp-content\/uploads\/2022\/10\/2023-Red-Bull-KTM-Tony-Cairoli-Team-Manager-announcement.jpg\" \/>\n\t<meta property=\"og:image:width\" content=\"1000\" \/>\n\t<meta property=\"og:image:height\" content=\"667\" \/>\n\t<meta property=\"og:image:type\" content=\"image\/jpeg\" \/>\n<meta name=\"author\" content=\"oliviere\" \/>\n<meta name=\"twitter:card\" content=\"summary_large_image\" \/>\n<meta name=\"twitter:label1\" content=\"\u00c9crit par\" \/>\n\t<meta name=\"twitter:data1\" content=\"oliviere\" \/>\n\t<meta name=\"twitter:label2\" content=\"Dur\u00e9e de lecture estim\u00e9e\" \/>\n\t<meta name=\"twitter:data2\" content=\"2 minutes\" \/>\n<script type=\"application\/ld+json\" class=\"yoast-schema-graph\">{\"@context\":\"https:\\\/\\\/schema.org\",\"@graph\":[{\"@type\":\"Article\",\"@id\":\"https:\\\/\\\/fr.motocrossmag.be\\\/index.php\\\/2022\\\/10\\\/antonio-cairoli-prend-les-renes-du-team-officiel-ktm-en-mxgp\\\/#article\",\"isPartOf\":{\"@id\":\"https:\\\/\\\/fr.motocrossmag.be\\\/index.php\\\/2022\\\/10\\\/antonio-cairoli-prend-les-renes-du-team-officiel-ktm-en-mxgp\\\/\"},\"author\":{\"name\":\"oliviere\",\"@id\":\"https:\\\/\\\/fr.motocrossmag.be\\\/#\\\/schema\\\/person\\\/11b47143d9f755babca2c9110e03235c\"},\"headline\":\"Antonio Cairoli prend les r\u00eanes du team officiel KTM en MXGP\",\"datePublished\":\"2022-10-19T07:58:43+00:00\",\"mainEntityOfPage\":{\"@id\":\"https:\\\/\\\/fr.motocrossmag.be\\\/index.php\\\/2022\\\/10\\\/antonio-cairoli-prend-les-renes-du-team-officiel-ktm-en-mxgp\\\/\"},\"wordCount\":421,\"commentCount\":0,\"image\":{\"@id\":\"https:\\\/\\\/fr.motocrossmag.be\\\/index.php\\\/2022\\\/10\\\/antonio-cairoli-prend-les-renes-du-team-officiel-ktm-en-mxgp\\\/#primaryimage\"},\"thumbnailUrl\":\"https:\\\/\\\/fr.motocrossmag.be\\\/wp-content\\\/uploads\\\/2022\\\/10\\\/2023-Red-Bull-KTM-Tony-Cairoli-Team-Manager-announcement.jpg\",\"keywords\":[\"antonio cairoli\",\"KTM\",\"Motocross\",\"MXGP\"],\"articleSection\":[\"Actualit\u00e9\",\"Motocross\",\"Motocross MXGP\",\"News\",\"News\",\"Slideshow\"],\"inLanguage\":\"fr-FR\",\"potentialAction\":[{\"@type\":\"CommentAction\",\"name\":\"Comment\",\"target\":[\"https:\\\/\\\/fr.motocrossmag.be\\\/index.php\\\/2022\\\/10\\\/antonio-cairoli-prend-les-renes-du-team-officiel-ktm-en-mxgp\\\/#respond\"]}]},{\"@type\":\"WebPage\",\"@id\":\"https:\\\/\\\/fr.motocrossmag.be\\\/index.php\\\/2022\\\/10\\\/antonio-cairoli-prend-les-renes-du-team-officiel-ktm-en-mxgp\\\/\",\"url\":\"https:\\\/\\\/fr.motocrossmag.be\\\/index.php\\\/2022\\\/10\\\/antonio-cairoli-prend-les-renes-du-team-officiel-ktm-en-mxgp\\\/\",\"name\":\"Antonio Cairoli prend les r\u00eanes du team officiel KTM en MXGP - Motocross - Enduro - Supermoto | MotocrossMag\",\"isPartOf\":{\"@id\":\"https:\\\/\\\/fr.motocrossmag.be\\\/#website\"},\"primaryImageOfPage\":{\"@id\":\"https:\\\/\\\/fr.motocrossmag.be\\\/index.php\\\/2022\\\/10\\\/antonio-cairoli-prend-les-renes-du-team-officiel-ktm-en-mxgp\\\/#primaryimage\"},\"image\":{\"@id\":\"https:\\\/\\\/fr.motocrossmag.be\\\/index.php\\\/2022\\\/10\\\/antonio-cairoli-prend-les-renes-du-team-officiel-ktm-en-mxgp\\\/#primaryimage\"},\"thumbnailUrl\":\"https:\\\/\\\/fr.motocrossmag.be\\\/wp-content\\\/uploads\\\/2022\\\/10\\\/2023-Red-Bull-KTM-Tony-Cairoli-Team-Manager-announcement.jpg\",\"datePublished\":\"2022-10-19T07:58:43+00:00\",\"author\":{\"@id\":\"https:\\\/\\\/fr.motocrossmag.be\\\/#\\\/schema\\\/person\\\/11b47143d9f755babca2c9110e03235c\"},\"breadcrumb\":{\"@id\":\"https:\\\/\\\/fr.motocrossmag.be\\\/index.php\\\/2022\\\/10\\\/antonio-cairoli-prend-les-renes-du-team-officiel-ktm-en-mxgp\\\/#breadcrumb\"},\"inLanguage\":\"fr-FR\",\"potentialAction\":[{\"@type\":\"ReadAction\",\"target\":[\"https:\\\/\\\/fr.motocrossmag.be\\\/index.php\\\/2022\\\/10\\\/antonio-cairoli-prend-les-renes-du-team-officiel-ktm-en-mxgp\\\/\"]}]},{\"@type\":\"ImageObject\",\"inLanguage\":\"fr-FR\",\"@id\":\"https:\\\/\\\/fr.motocrossmag.be\\\/index.php\\\/2022\\\/10\\\/antonio-cairoli-prend-les-renes-du-team-officiel-ktm-en-mxgp\\\/#primaryimage\",\"url\":\"https:\\\/\\\/fr.motocrossmag.be\\\/wp-content\\\/uploads\\\/2022\\\/10\\\/2023-Red-Bull-KTM-Tony-Cairoli-Team-Manager-announcement.jpg\",\"contentUrl\":\"https:\\\/\\\/fr.motocrossmag.be\\\/wp-content\\\/uploads\\\/2022\\\/10\\\/2023-Red-Bull-KTM-Tony-Cairoli-Team-Manager-announcement.jpg\",\"width\":\"1000\",\"height\":\"667\"},{\"@type\":\"BreadcrumbList\",\"@id\":\"https:\\\/\\\/fr.motocrossmag.be\\\/index.php\\\/2022\\\/10\\\/antonio-cairoli-prend-les-renes-du-team-officiel-ktm-en-mxgp\\\/#breadcrumb\",\"itemListElement\":[{\"@type\":\"ListItem\",\"position\":1,\"name\":\"Accueil\",\"item\":\"https:\\\/\\\/fr.motocrossmag.be\\\/\"},{\"@type\":\"ListItem\",\"position\":2,\"name\":\"Antonio Cairoli prend les r\u00eanes du team officiel KTM en MXGP\"}]},{\"@type\":\"WebSite\",\"@id\":\"https:\\\/\\\/fr.motocrossmag.be\\\/#website\",\"url\":\"https:\\\/\\\/fr.motocrossmag.be\\\/\",\"name\":\"Motocross - Enduro - Supermoto | MotocrossMag\",\"description\":\"L&#039;actualit\u00e9 du motocross, de l&#039;enduro et du Supermoto en ligne!\",\"potentialAction\":[{\"@type\":\"SearchAction\",\"target\":{\"@type\":\"EntryPoint\",\"urlTemplate\":\"https:\\\/\\\/fr.motocrossmag.be\\\/?s={search_term_string}\"},\"query-input\":{\"@type\":\"PropertyValueSpecification\",\"valueRequired\":true,\"valueName\":\"search_term_string\"}}],\"inLanguage\":\"fr-FR\"},{\"@type\":\"Person\",\"@id\":\"https:\\\/\\\/fr.motocrossmag.be\\\/#\\\/schema\\\/person\\\/11b47143d9f755babca2c9110e03235c\",\"name\":\"oliviere\",\"image\":{\"@type\":\"ImageObject\",\"inLanguage\":\"fr-FR\",\"@id\":\"https:\\\/\\\/secure.gravatar.com\\\/avatar\\\/907069e0b81d119452040469e4a7501da1100f54f7f80180ce77bfab718288f6?s=96&d=mm&r=g\",\"url\":\"https:\\\/\\\/secure.gravatar.com\\\/avatar\\\/907069e0b81d119452040469e4a7501da1100f54f7f80180ce77bfab718288f6?s=96&d=mm&r=g\",\"contentUrl\":\"https:\\\/\\\/secure.gravatar.com\\\/avatar\\\/907069e0b81d119452040469e4a7501da1100f54f7f80180ce77bfab718288f6?s=96&d=mm&r=g\",\"caption\":\"oliviere\"},\"sameAs\":[\"http:\\\/\\\/www.motocrossmag.be\"],\"url\":\"https:\\\/\\\/fr.motocrossmag.be\\\/index.php\\\/author\\\/oliviere\\\/\"}]}<\/script>\n<!-- \/ Yoast SEO plugin. -->","yoast_head_json":{"title":"Antonio Cairoli prend les r\u00eanes du team officiel KTM en MXGP - Motocross - Enduro - Supermoto | MotocrossMag","robots":{"index":"index","follow":"follow","max-snippet":"max-snippet:-1","max-image-preview":"max-image-preview:large","max-video-preview":"max-video-preview:-1"},"canonical":"https:\/\/fr.motocrossmag.be\/index.php\/2022\/10\/antonio-cairoli-prend-les-renes-du-team-officiel-ktm-en-mxgp\/","og_locale":"fr_FR","og_type":"article","og_title":"Antonio Cairoli prend les r\u00eanes du team officiel KTM en MXGP - Motocross - Enduro - Supermoto | MotocrossMag","og_description":"KTM a annonc\u00e9 ce mercredi l&rsquo;arriv\u00e9e d&rsquo;Antonio Cairoli aux commandes du team Red Bull KTM Factory Racing. Le nonuple champion du monde, avec la marque autrichienne depuis 2010, devient team [...]","og_url":"https:\/\/fr.motocrossmag.be\/index.php\/2022\/10\/antonio-cairoli-prend-les-renes-du-team-officiel-ktm-en-mxgp\/","og_site_name":"Motocross - Enduro - Supermoto | MotocrossMag","article_published_time":"2022-10-19T07:58:43+00:00","og_image":[{"width":1000,"height":667,"url":"https:\/\/fr.motocrossmag.be\/wp-content\/uploads\/2022\/10\/2023-Red-Bull-KTM-Tony-Cairoli-Team-Manager-announcement.jpg","type":"image\/jpeg"}],"author":"oliviere","twitter_card":"summary_large_image","twitter_misc":{"\u00c9crit par":"oliviere","Dur\u00e9e de lecture estim\u00e9e":"2 minutes"},"schema":{"@context":"https:\/\/schema.org","@graph":[{"@type":"Article","@id":"https:\/\/fr.motocrossmag.be\/index.php\/2022\/10\/antonio-cairoli-prend-les-renes-du-team-officiel-ktm-en-mxgp\/#article","isPartOf":{"@id":"https:\/\/fr.motocrossmag.be\/index.php\/2022\/10\/antonio-cairoli-prend-les-renes-du-team-officiel-ktm-en-mxgp\/"},"author":{"name":"oliviere","@id":"https:\/\/fr.motocrossmag.be\/#\/schema\/person\/11b47143d9f755babca2c9110e03235c"},"headline":"Antonio Cairoli prend les r\u00eanes du team officiel KTM en MXGP","datePublished":"2022-10-19T07:58:43+00:00","mainEntityOfPage":{"@id":"https:\/\/fr.motocrossmag.be\/index.php\/2022\/10\/antonio-cairoli-prend-les-renes-du-team-officiel-ktm-en-mxgp\/"},"wordCount":421,"commentCount":0,"image":{"@id":"https:\/\/fr.motocrossmag.be\/index.php\/2022\/10\/antonio-cairoli-prend-les-renes-du-team-officiel-ktm-en-mxgp\/#primaryimage"},"thumbnailUrl":"https:\/\/fr.motocrossmag.be\/wp-content\/uploads\/2022\/10\/2023-Red-Bull-KTM-Tony-Cairoli-Team-Manager-announcement.jpg","keywords":["antonio cairoli","KTM","Motocross","MXGP"],"articleSection":["Actualit\u00e9","Motocross","Motocross MXGP","News","News","Slideshow"],"inLanguage":"fr-FR","potentialAction":[{"@type":"CommentAction","name":"Comment","target":["https:\/\/fr.motocrossmag.be\/index.php\/2022\/10\/antonio-cairoli-prend-les-renes-du-team-officiel-ktm-en-mxgp\/#respond"]}]},{"@type":"WebPage","@id":"https:\/\/fr.motocrossmag.be\/index.php\/2022\/10\/antonio-cairoli-prend-les-renes-du-team-officiel-ktm-en-mxgp\/","url":"https:\/\/fr.motocrossmag.be\/index.php\/2022\/10\/antonio-cairoli-prend-les-renes-du-team-officiel-ktm-en-mxgp\/","name":"Antonio Cairoli prend les r\u00eanes du team officiel KTM en MXGP - Motocross - Enduro - Supermoto | MotocrossMag","isPartOf":{"@id":"https:\/\/fr.motocrossmag.be\/#website"},"primaryImageOfPage":{"@id":"https:\/\/fr.motocrossmag.be\/index.php\/2022\/10\/antonio-cairoli-prend-les-renes-du-team-officiel-ktm-en-mxgp\/#primaryimage"},"image":{"@id":"https:\/\/fr.motocrossmag.be\/index.php\/2022\/10\/antonio-cairoli-prend-les-renes-du-team-officiel-ktm-en-mxgp\/#primaryimage"},"thumbnailUrl":"https:\/\/fr.motocrossmag.be\/wp-content\/uploads\/2022\/10\/2023-Red-Bull-KTM-Tony-Cairoli-Team-Manager-announcement.jpg","datePublished":"2022-10-19T07:58:43+00:00","author":{"@id":"https:\/\/fr.motocrossmag.be\/#\/schema\/person\/11b47143d9f755babca2c9110e03235c"},"breadcrumb":{"@id":"https:\/\/fr.motocrossmag.be\/index.php\/2022\/10\/antonio-cairoli-prend-les-renes-du-team-officiel-ktm-en-mxgp\/#breadcrumb"},"inLanguage":"fr-FR","potentialAction":[{"@type":"ReadAction","target":["https:\/\/fr.motocrossmag.be\/index.php\/2022\/10\/antonio-cairoli-prend-les-renes-du-team-officiel-ktm-en-mxgp\/"]}]},{"@type":"ImageObject","inLanguage":"fr-FR","@id":"https:\/\/fr.motocrossmag.be\/index.php\/2022\/10\/antonio-cairoli-prend-les-renes-du-team-officiel-ktm-en-mxgp\/#primaryimage","url":"https:\/\/fr.motocrossmag.be\/wp-content\/uploads\/2022\/10\/2023-Red-Bull-KTM-Tony-Cairoli-Team-Manager-announcement.jpg","contentUrl":"https:\/\/fr.motocrossmag.be\/wp-content\/uploads\/2022\/10\/2023-Red-Bull-KTM-Tony-Cairoli-Team-Manager-announcement.jpg","width":"1000","height":"667"},{"@type":"BreadcrumbList","@id":"https:\/\/fr.motocrossmag.be\/index.php\/2022\/10\/antonio-cairoli-prend-les-renes-du-team-officiel-ktm-en-mxgp\/#breadcrumb","itemListElement":[{"@type":"ListItem","position":1,"name":"Accueil","item":"https:\/\/fr.motocrossmag.be\/"},{"@type":"ListItem","position":2,"name":"Antonio Cairoli prend les r\u00eanes du team officiel KTM en MXGP"}]},{"@type":"WebSite","@id":"https:\/\/fr.motocrossmag.be\/#website","url":"https:\/\/fr.motocrossmag.be\/","name":"Motocross - Enduro - Supermoto | MotocrossMag","description":"L&#039;actualit\u00e9 du motocross, de l&#039;enduro et du Supermoto en ligne!","potentialAction":[{"@type":"SearchAction","target":{"@type":"EntryPoint","urlTemplate":"https:\/\/fr.motocrossmag.be\/?s={search_term_string}"},"query-input":{"@type":"PropertyValueSpecification","valueRequired":true,"valueName":"search_term_string"}}],"inLanguage":"fr-FR"},{"@type":"Person","@id":"https:\/\/fr.motocrossmag.be\/#\/schema\/person\/11b47143d9f755babca2c9110e03235c","name":"oliviere","image":{"@type":"ImageObject","inLanguage":"fr-FR","@id":"https:\/\/secure.gravatar.com\/avatar\/907069e0b81d119452040469e4a7501da1100f54f7f80180ce77bfab718288f6?s=96&d=mm&r=g","url":"https:\/\/secure.gravatar.com\/avatar\/907069e0b81d119452040469e4a7501da1100f54f7f80180ce77bfab718288f6?s=96&d=mm&r=g","contentUrl":"https:\/\/secure.gravatar.com\/avatar\/907069e0b81d119452040469e4a7501da1100f54f7f80180ce77bfab718288f6?s=96&d=mm&r=g","caption":"oliviere"},"sameAs":["http:\/\/www.motocrossmag.be"],"url":"https:\/\/fr.motocrossmag.be\/index.php\/author\/oliviere\/"}]}},"_links":{"self":[{"href":"https:\/\/fr.motocrossmag.be\/index.php\/wp-json\/wp\/v2\/posts\/121469","targetHints":{"allow":["GET"]}}],"collection":[{"href":"https:\/\/fr.motocrossmag.be\/index.php\/wp-json\/wp\/v2\/posts"}],"about":[{"href":"https:\/\/fr.motocrossmag.be\/index.php\/wp-json\/wp\/v2\/types\/post"}],"author":[{"embeddable":true,"href":"https:\/\/fr.motocrossmag.be\/index.php\/wp-json\/wp\/v2\/users\/932"}],"replies":[{"embeddable":true,"href":"https:\/\/fr.motocrossmag.be\/index.php\/wp-json\/wp\/v2\/comments?post=121469"}],"version-history":[{"count":0,"href":"https:\/\/fr.motocrossmag.be\/index.php\/wp-json\/wp\/v2\/posts\/121469\/revisions"}],"wp:featuredmedia":[{"embeddable":true,"href":"https:\/\/fr.motocrossmag.be\/index.php\/wp-json\/wp\/v2\/media\/121471"}],"wp:attachment":[{"href":"https:\/\/fr.motocrossmag.be\/index.php\/wp-json\/wp\/v2\/media?parent=121469"}],"wp:term":[{"taxonomy":"category","embeddable":true,"href":"https:\/\/fr.motocrossmag.be\/index.php\/wp-json\/wp\/v2\/categories?post=121469"},{"taxonomy":"post_tag","embeddable":true,"href":"https:\/\/fr.motocrossmag.be\/index.php\/wp-json\/wp\/v2\/tags?post=121469"}],"curies":[{"name":"wp","href":"https:\/\/api.w.org\/{rel}","templated":true}]}}