{"id":121473,"date":"2022-10-19T16:39:06","date_gmt":"2022-10-19T14:39:06","guid":{"rendered":"http:\/\/fr.motocrossmag.be\/?p=121473"},"modified":"2022-10-19T16:39:06","modified_gmt":"2022-10-19T14:39:06","slug":"les-belges-brillent-sur-la-course-old-timers-darco-di-trento","status":"publish","type":"post","link":"https:\/\/fr.motocrossmag.be\/index.php\/2022\/10\/les-belges-brillent-sur-la-course-old-timers-darco-di-trento\/","title":{"rendered":"Les Belges brillent sur la course old-timers d&rsquo;Arco di Trento"},"content":{"rendered":"<p><strong>Le superbe circuit d&rsquo;Arco di Trento, en Italie, a accueilli le week-end dernier un \u00e9v\u00e9nement international d\u00e9di\u00e9 au machines vintage. Il s&rsquo;agissait de la deuxi\u00e8me \u00e9dition du \u00ab\u00a0RSP Classic\u00a0\u00bb, qui aboutit comme d&rsquo;autres \u00e9v\u00e9nements du m\u00eame genre sur un classement par \u00e9quipes nationales dans les classes Twinshocks et Evo.<\/strong><\/p>\n<p><a href=\"http:\/\/fr.motocrossmag.be\/wp-content\/uploads\/2022\/10\/IMG_2839_Moment.jpg\"><img decoding=\"async\" class=\"lazyload alignnone size-full wp-image-121476\" src=\"http:\/\/fr.motocrossmag.be\/wp-content\/uploads\/2022\/10\/IMG_2839_Moment.jpg\" data-orig-src=\"http:\/\/fr.motocrossmag.be\/wp-content\/uploads\/2022\/10\/IMG_2839_Moment.jpg\" alt=\"\" width=\"1000\" height=\"666\" srcset=\"data:image\/svg+xml,%3Csvg%20xmlns%3D%27http%3A%2F%2Fwww.w3.org%2F2000%2Fsvg%27%20width%3D%271000%27%20height%3D%27666%27%20viewBox%3D%270%200%201000%20666%27%3E%3Crect%20width%3D%271000%27%20height%3D%27666%27%20fill-opacity%3D%220%22%2F%3E%3C%2Fsvg%3E\" data-srcset=\"https:\/\/fr.motocrossmag.be\/wp-content\/uploads\/2022\/10\/IMG_2839_Moment-650x433.jpg 650w, https:\/\/fr.motocrossmag.be\/wp-content\/uploads\/2022\/10\/IMG_2839_Moment-768x511.jpg 768w, https:\/\/fr.motocrossmag.be\/wp-content\/uploads\/2022\/10\/IMG_2839_Moment.jpg 1000w\" data-sizes=\"auto\" data-orig-sizes=\"(max-width: 1000px) 100vw, 1000px\" \/><\/a><\/p>\n<p>Une belle d\u00e9l\u00e9gation belge avait fait le d\u00e9placement en Italie. Plusieurs de nos compatriotes ont d&rsquo;ailleurs brill\u00e9 \u00e0 Arco puisque le team Maris Racing compos\u00e9 de Brenda Wagemans, Ronny Lambrechts et Alain Maris s&rsquo;est impos\u00e9 dans le classement Twinshocks, que Julien Vander Auwera a survol\u00e9 le classement inviduel de la classe SuperEvo Open ou encore que le Team Belgium EVO dans lequel se trouvaient Dennis Verbruggen, Mike Vanderstraeten et Marco Briers est mont\u00e9 sur la 3\u00e8me marche du podium du classement internations SuperEvo derri\u00e8re l&rsquo;Angleterre et l&rsquo;Italie.<\/p>\n<p><a href=\"http:\/\/fr.motocrossmag.be\/wp-content\/uploads\/2022\/10\/IMG_2848.jpg\"><img decoding=\"async\" class=\"lazyload alignnone wp-image-121475 size-full\" src=\"http:\/\/fr.motocrossmag.be\/wp-content\/uploads\/2022\/10\/IMG_2848-e1666190268576.jpg\" data-orig-src=\"http:\/\/fr.motocrossmag.be\/wp-content\/uploads\/2022\/10\/IMG_2848-e1666190268576.jpg\" alt=\"\" width=\"985\" height=\"645\" srcset=\"data:image\/svg+xml,%3Csvg%20xmlns%3D%27http%3A%2F%2Fwww.w3.org%2F2000%2Fsvg%27%20width%3D%27985%27%20height%3D%27645%27%20viewBox%3D%270%200%20985%20645%27%3E%3Crect%20width%3D%27985%27%20height%3D%27645%27%20fill-opacity%3D%220%22%2F%3E%3C%2Fsvg%3E\" data-srcset=\"https:\/\/fr.motocrossmag.be\/wp-content\/uploads\/2022\/10\/IMG_2848-e1666190268576-650x426.jpg 650w, https:\/\/fr.motocrossmag.be\/wp-content\/uploads\/2022\/10\/IMG_2848-e1666190268576-768x503.jpg 768w, https:\/\/fr.motocrossmag.be\/wp-content\/uploads\/2022\/10\/IMG_2848-e1666190268576.jpg 985w\" data-sizes=\"auto\" data-orig-sizes=\"(max-width: 985px) 100vw, 985px\" \/><\/a><\/p>\n<p>Chez les Twinshocks, on notera aussi les 7\u00e8me et 12\u00e8me et 15\u00e8me places des fr\u00e8res Hubert (dans l&rsquo;ordre : Georges, Emmanuel et Frank) au guidon de leur Suzuki, \u00e9videmment !<\/p>\n<p>&gt; <a href=\"http:\/\/www.mxvintage.be\" target=\"_blank\" rel=\"noopener\">Toutes les infos et les r\u00e9sultats du RSP Classic sur MXVintage.be<\/a><\/p>\n<p>&nbsp;<\/p>\n","protected":false},"excerpt":{"rendered":"<p>Le superbe circuit d&rsquo;Arco di Trento, en Italie, a accueilli le week-end dernier un \u00e9v\u00e9nement international d\u00e9di\u00e9 au machines vintage. Il s&rsquo;agissait de la deuxi\u00e8me \u00e9dition du \u00ab\u00a0RSP Classic\u00a0\u00bb, qui [&#8230;]<\/p>\n","protected":false},"author":932,"featured_media":121474,"comment_status":"open","ping_status":"closed","sticky":false,"template":"","format":"standard","meta":{"footnotes":""},"categories":[54,4,5,55,56,65,992],"tags":[508,947,1174],"class_list":["post-121473","post","type-post","status-publish","format-standard","has-post-thumbnail","hentry","category-actualite","category-motocross","category-news","category-news-actualite","category-resultats","category-slideshow","category-vintage","tag-arco-di-trento","tag-motocross","tag-vintage"],"yoast_head":"<!-- This site is optimized with the Yoast SEO plugin v27.4 - https:\/\/yoast.com\/product\/yoast-seo-wordpress\/ -->\n<title>Les Belges brillent sur la course old-timers d&#039;Arco di Trento - Motocross - Enduro - Supermoto | MotocrossMag<\/title>\n<meta name=\"robots\" content=\"index, follow, max-snippet:-1, max-image-preview:large, max-video-preview:-1\" \/>\n<link rel=\"canonical\" href=\"https:\/\/fr.motocrossmag.be\/index.php\/2022\/10\/les-belges-brillent-sur-la-course-old-timers-darco-di-trento\/\" \/>\n<meta property=\"og:locale\" content=\"fr_FR\" \/>\n<meta property=\"og:type\" content=\"article\" \/>\n<meta property=\"og:title\" content=\"Les Belges brillent sur la course old-timers d&#039;Arco di Trento - Motocross - Enduro - Supermoto | MotocrossMag\" \/>\n<meta property=\"og:description\" content=\"Le superbe circuit d&rsquo;Arco di Trento, en Italie, a accueilli le week-end dernier un \u00e9v\u00e9nement international d\u00e9di\u00e9 au machines vintage. Il s&rsquo;agissait de la deuxi\u00e8me \u00e9dition du \u00ab\u00a0RSP Classic\u00a0\u00bb, qui [...]\" \/>\n<meta property=\"og:url\" content=\"https:\/\/fr.motocrossmag.be\/index.php\/2022\/10\/les-belges-brillent-sur-la-course-old-timers-darco-di-trento\/\" \/>\n<meta property=\"og:site_name\" content=\"Motocross - Enduro - Supermoto | MotocrossMag\" \/>\n<meta property=\"article:published_time\" content=\"2022-10-19T14:39:06+00:00\" \/>\n<meta property=\"og:image\" content=\"https:\/\/fr.motocrossmag.be\/wp-content\/uploads\/2022\/10\/Team-Belgium-EVO-intro.jpg\" \/>\n\t<meta property=\"og:image:width\" content=\"901\" \/>\n\t<meta property=\"og:image:height\" content=\"600\" \/>\n\t<meta property=\"og:image:type\" content=\"image\/jpeg\" \/>\n<meta name=\"author\" content=\"oliviere\" \/>\n<meta name=\"twitter:card\" content=\"summary_large_image\" \/>\n<meta name=\"twitter:label1\" content=\"\u00c9crit par\" \/>\n\t<meta name=\"twitter:data1\" content=\"oliviere\" \/>\n\t<meta name=\"twitter:label2\" content=\"Dur\u00e9e de lecture estim\u00e9e\" \/>\n\t<meta name=\"twitter:data2\" content=\"1 minute\" \/>\n<script type=\"application\/ld+json\" class=\"yoast-schema-graph\">{\"@context\":\"https:\\\/\\\/schema.org\",\"@graph\":[{\"@type\":\"Article\",\"@id\":\"https:\\\/\\\/fr.motocrossmag.be\\\/index.php\\\/2022\\\/10\\\/les-belges-brillent-sur-la-course-old-timers-darco-di-trento\\\/#article\",\"isPartOf\":{\"@id\":\"https:\\\/\\\/fr.motocrossmag.be\\\/index.php\\\/2022\\\/10\\\/les-belges-brillent-sur-la-course-old-timers-darco-di-trento\\\/\"},\"author\":{\"name\":\"oliviere\",\"@id\":\"https:\\\/\\\/fr.motocrossmag.be\\\/#\\\/schema\\\/person\\\/11b47143d9f755babca2c9110e03235c\"},\"headline\":\"Les Belges brillent sur la course old-timers d&rsquo;Arco di Trento\",\"datePublished\":\"2022-10-19T14:39:06+00:00\",\"mainEntityOfPage\":{\"@id\":\"https:\\\/\\\/fr.motocrossmag.be\\\/index.php\\\/2022\\\/10\\\/les-belges-brillent-sur-la-course-old-timers-darco-di-trento\\\/\"},\"wordCount\":207,\"commentCount\":0,\"image\":{\"@id\":\"https:\\\/\\\/fr.motocrossmag.be\\\/index.php\\\/2022\\\/10\\\/les-belges-brillent-sur-la-course-old-timers-darco-di-trento\\\/#primaryimage\"},\"thumbnailUrl\":\"https:\\\/\\\/fr.motocrossmag.be\\\/wp-content\\\/uploads\\\/2022\\\/10\\\/Team-Belgium-EVO-intro.jpg\",\"keywords\":[\"Arco Di Trento\",\"Motocross\",\"vintage\"],\"articleSection\":[\"Actualit\u00e9\",\"Motocross\",\"News\",\"News\",\"R\u00e9sultats\",\"Slideshow\",\"Vintage\"],\"inLanguage\":\"fr-FR\",\"potentialAction\":[{\"@type\":\"CommentAction\",\"name\":\"Comment\",\"target\":[\"https:\\\/\\\/fr.motocrossmag.be\\\/index.php\\\/2022\\\/10\\\/les-belges-brillent-sur-la-course-old-timers-darco-di-trento\\\/#respond\"]}]},{\"@type\":\"WebPage\",\"@id\":\"https:\\\/\\\/fr.motocrossmag.be\\\/index.php\\\/2022\\\/10\\\/les-belges-brillent-sur-la-course-old-timers-darco-di-trento\\\/\",\"url\":\"https:\\\/\\\/fr.motocrossmag.be\\\/index.php\\\/2022\\\/10\\\/les-belges-brillent-sur-la-course-old-timers-darco-di-trento\\\/\",\"name\":\"Les Belges brillent sur la course old-timers d'Arco di Trento - Motocross - Enduro - Supermoto | MotocrossMag\",\"isPartOf\":{\"@id\":\"https:\\\/\\\/fr.motocrossmag.be\\\/#website\"},\"primaryImageOfPage\":{\"@id\":\"https:\\\/\\\/fr.motocrossmag.be\\\/index.php\\\/2022\\\/10\\\/les-belges-brillent-sur-la-course-old-timers-darco-di-trento\\\/#primaryimage\"},\"image\":{\"@id\":\"https:\\\/\\\/fr.motocrossmag.be\\\/index.php\\\/2022\\\/10\\\/les-belges-brillent-sur-la-course-old-timers-darco-di-trento\\\/#primaryimage\"},\"thumbnailUrl\":\"https:\\\/\\\/fr.motocrossmag.be\\\/wp-content\\\/uploads\\\/2022\\\/10\\\/Team-Belgium-EVO-intro.jpg\",\"datePublished\":\"2022-10-19T14:39:06+00:00\",\"author\":{\"@id\":\"https:\\\/\\\/fr.motocrossmag.be\\\/#\\\/schema\\\/person\\\/11b47143d9f755babca2c9110e03235c\"},\"breadcrumb\":{\"@id\":\"https:\\\/\\\/fr.motocrossmag.be\\\/index.php\\\/2022\\\/10\\\/les-belges-brillent-sur-la-course-old-timers-darco-di-trento\\\/#breadcrumb\"},\"inLanguage\":\"fr-FR\",\"potentialAction\":[{\"@type\":\"ReadAction\",\"target\":[\"https:\\\/\\\/fr.motocrossmag.be\\\/index.php\\\/2022\\\/10\\\/les-belges-brillent-sur-la-course-old-timers-darco-di-trento\\\/\"]}]},{\"@type\":\"ImageObject\",\"inLanguage\":\"fr-FR\",\"@id\":\"https:\\\/\\\/fr.motocrossmag.be\\\/index.php\\\/2022\\\/10\\\/les-belges-brillent-sur-la-course-old-timers-darco-di-trento\\\/#primaryimage\",\"url\":\"https:\\\/\\\/fr.motocrossmag.be\\\/wp-content\\\/uploads\\\/2022\\\/10\\\/Team-Belgium-EVO-intro.jpg\",\"contentUrl\":\"https:\\\/\\\/fr.motocrossmag.be\\\/wp-content\\\/uploads\\\/2022\\\/10\\\/Team-Belgium-EVO-intro.jpg\",\"width\":\"901\",\"height\":\"600\"},{\"@type\":\"BreadcrumbList\",\"@id\":\"https:\\\/\\\/fr.motocrossmag.be\\\/index.php\\\/2022\\\/10\\\/les-belges-brillent-sur-la-course-old-timers-darco-di-trento\\\/#breadcrumb\",\"itemListElement\":[{\"@type\":\"ListItem\",\"position\":1,\"name\":\"Accueil\",\"item\":\"https:\\\/\\\/fr.motocrossmag.be\\\/\"},{\"@type\":\"ListItem\",\"position\":2,\"name\":\"Les Belges brillent sur la course old-timers d&rsquo;Arco di Trento\"}]},{\"@type\":\"WebSite\",\"@id\":\"https:\\\/\\\/fr.motocrossmag.be\\\/#website\",\"url\":\"https:\\\/\\\/fr.motocrossmag.be\\\/\",\"name\":\"Motocross - Enduro - Supermoto | MotocrossMag\",\"description\":\"L&#039;actualit\u00e9 du motocross, de l&#039;enduro et du Supermoto en ligne!\",\"potentialAction\":[{\"@type\":\"SearchAction\",\"target\":{\"@type\":\"EntryPoint\",\"urlTemplate\":\"https:\\\/\\\/fr.motocrossmag.be\\\/?s={search_term_string}\"},\"query-input\":{\"@type\":\"PropertyValueSpecification\",\"valueRequired\":true,\"valueName\":\"search_term_string\"}}],\"inLanguage\":\"fr-FR\"},{\"@type\":\"Person\",\"@id\":\"https:\\\/\\\/fr.motocrossmag.be\\\/#\\\/schema\\\/person\\\/11b47143d9f755babca2c9110e03235c\",\"name\":\"oliviere\",\"image\":{\"@type\":\"ImageObject\",\"inLanguage\":\"fr-FR\",\"@id\":\"https:\\\/\\\/secure.gravatar.com\\\/avatar\\\/907069e0b81d119452040469e4a7501da1100f54f7f80180ce77bfab718288f6?s=96&d=mm&r=g\",\"url\":\"https:\\\/\\\/secure.gravatar.com\\\/avatar\\\/907069e0b81d119452040469e4a7501da1100f54f7f80180ce77bfab718288f6?s=96&d=mm&r=g\",\"contentUrl\":\"https:\\\/\\\/secure.gravatar.com\\\/avatar\\\/907069e0b81d119452040469e4a7501da1100f54f7f80180ce77bfab718288f6?s=96&d=mm&r=g\",\"caption\":\"oliviere\"},\"sameAs\":[\"http:\\\/\\\/www.motocrossmag.be\"],\"url\":\"https:\\\/\\\/fr.motocrossmag.be\\\/index.php\\\/author\\\/oliviere\\\/\"}]}<\/script>\n<!-- \/ Yoast SEO plugin. -->","yoast_head_json":{"title":"Les Belges brillent sur la course old-timers d'Arco di Trento - Motocross - Enduro - Supermoto | MotocrossMag","robots":{"index":"index","follow":"follow","max-snippet":"max-snippet:-1","max-image-preview":"max-image-preview:large","max-video-preview":"max-video-preview:-1"},"canonical":"https:\/\/fr.motocrossmag.be\/index.php\/2022\/10\/les-belges-brillent-sur-la-course-old-timers-darco-di-trento\/","og_locale":"fr_FR","og_type":"article","og_title":"Les Belges brillent sur la course old-timers d'Arco di Trento - Motocross - Enduro - Supermoto | MotocrossMag","og_description":"Le superbe circuit d&rsquo;Arco di Trento, en Italie, a accueilli le week-end dernier un \u00e9v\u00e9nement international d\u00e9di\u00e9 au machines vintage. Il s&rsquo;agissait de la deuxi\u00e8me \u00e9dition du \u00ab\u00a0RSP Classic\u00a0\u00bb, qui [...]","og_url":"https:\/\/fr.motocrossmag.be\/index.php\/2022\/10\/les-belges-brillent-sur-la-course-old-timers-darco-di-trento\/","og_site_name":"Motocross - Enduro - Supermoto | MotocrossMag","article_published_time":"2022-10-19T14:39:06+00:00","og_image":[{"width":901,"height":600,"url":"https:\/\/fr.motocrossmag.be\/wp-content\/uploads\/2022\/10\/Team-Belgium-EVO-intro.jpg","type":"image\/jpeg"}],"author":"oliviere","twitter_card":"summary_large_image","twitter_misc":{"\u00c9crit par":"oliviere","Dur\u00e9e de lecture estim\u00e9e":"1 minute"},"schema":{"@context":"https:\/\/schema.org","@graph":[{"@type":"Article","@id":"https:\/\/fr.motocrossmag.be\/index.php\/2022\/10\/les-belges-brillent-sur-la-course-old-timers-darco-di-trento\/#article","isPartOf":{"@id":"https:\/\/fr.motocrossmag.be\/index.php\/2022\/10\/les-belges-brillent-sur-la-course-old-timers-darco-di-trento\/"},"author":{"name":"oliviere","@id":"https:\/\/fr.motocrossmag.be\/#\/schema\/person\/11b47143d9f755babca2c9110e03235c"},"headline":"Les Belges brillent sur la course old-timers d&rsquo;Arco di Trento","datePublished":"2022-10-19T14:39:06+00:00","mainEntityOfPage":{"@id":"https:\/\/fr.motocrossmag.be\/index.php\/2022\/10\/les-belges-brillent-sur-la-course-old-timers-darco-di-trento\/"},"wordCount":207,"commentCount":0,"image":{"@id":"https:\/\/fr.motocrossmag.be\/index.php\/2022\/10\/les-belges-brillent-sur-la-course-old-timers-darco-di-trento\/#primaryimage"},"thumbnailUrl":"https:\/\/fr.motocrossmag.be\/wp-content\/uploads\/2022\/10\/Team-Belgium-EVO-intro.jpg","keywords":["Arco Di Trento","Motocross","vintage"],"articleSection":["Actualit\u00e9","Motocross","News","News","R\u00e9sultats","Slideshow","Vintage"],"inLanguage":"fr-FR","potentialAction":[{"@type":"CommentAction","name":"Comment","target":["https:\/\/fr.motocrossmag.be\/index.php\/2022\/10\/les-belges-brillent-sur-la-course-old-timers-darco-di-trento\/#respond"]}]},{"@type":"WebPage","@id":"https:\/\/fr.motocrossmag.be\/index.php\/2022\/10\/les-belges-brillent-sur-la-course-old-timers-darco-di-trento\/","url":"https:\/\/fr.motocrossmag.be\/index.php\/2022\/10\/les-belges-brillent-sur-la-course-old-timers-darco-di-trento\/","name":"Les Belges brillent sur la course old-timers d'Arco di Trento - Motocross - Enduro - Supermoto | MotocrossMag","isPartOf":{"@id":"https:\/\/fr.motocrossmag.be\/#website"},"primaryImageOfPage":{"@id":"https:\/\/fr.motocrossmag.be\/index.php\/2022\/10\/les-belges-brillent-sur-la-course-old-timers-darco-di-trento\/#primaryimage"},"image":{"@id":"https:\/\/fr.motocrossmag.be\/index.php\/2022\/10\/les-belges-brillent-sur-la-course-old-timers-darco-di-trento\/#primaryimage"},"thumbnailUrl":"https:\/\/fr.motocrossmag.be\/wp-content\/uploads\/2022\/10\/Team-Belgium-EVO-intro.jpg","datePublished":"2022-10-19T14:39:06+00:00","author":{"@id":"https:\/\/fr.motocrossmag.be\/#\/schema\/person\/11b47143d9f755babca2c9110e03235c"},"breadcrumb":{"@id":"https:\/\/fr.motocrossmag.be\/index.php\/2022\/10\/les-belges-brillent-sur-la-course-old-timers-darco-di-trento\/#breadcrumb"},"inLanguage":"fr-FR","potentialAction":[{"@type":"ReadAction","target":["https:\/\/fr.motocrossmag.be\/index.php\/2022\/10\/les-belges-brillent-sur-la-course-old-timers-darco-di-trento\/"]}]},{"@type":"ImageObject","inLanguage":"fr-FR","@id":"https:\/\/fr.motocrossmag.be\/index.php\/2022\/10\/les-belges-brillent-sur-la-course-old-timers-darco-di-trento\/#primaryimage","url":"https:\/\/fr.motocrossmag.be\/wp-content\/uploads\/2022\/10\/Team-Belgium-EVO-intro.jpg","contentUrl":"https:\/\/fr.motocrossmag.be\/wp-content\/uploads\/2022\/10\/Team-Belgium-EVO-intro.jpg","width":"901","height":"600"},{"@type":"BreadcrumbList","@id":"https:\/\/fr.motocrossmag.be\/index.php\/2022\/10\/les-belges-brillent-sur-la-course-old-timers-darco-di-trento\/#breadcrumb","itemListElement":[{"@type":"ListItem","position":1,"name":"Accueil","item":"https:\/\/fr.motocrossmag.be\/"},{"@type":"ListItem","position":2,"name":"Les Belges brillent sur la course old-timers d&rsquo;Arco di Trento"}]},{"@type":"WebSite","@id":"https:\/\/fr.motocrossmag.be\/#website","url":"https:\/\/fr.motocrossmag.be\/","name":"Motocross - Enduro - Supermoto | MotocrossMag","description":"L&#039;actualit\u00e9 du motocross, de l&#039;enduro et du Supermoto en ligne!","potentialAction":[{"@type":"SearchAction","target":{"@type":"EntryPoint","urlTemplate":"https:\/\/fr.motocrossmag.be\/?s={search_term_string}"},"query-input":{"@type":"PropertyValueSpecification","valueRequired":true,"valueName":"search_term_string"}}],"inLanguage":"fr-FR"},{"@type":"Person","@id":"https:\/\/fr.motocrossmag.be\/#\/schema\/person\/11b47143d9f755babca2c9110e03235c","name":"oliviere","image":{"@type":"ImageObject","inLanguage":"fr-FR","@id":"https:\/\/secure.gravatar.com\/avatar\/907069e0b81d119452040469e4a7501da1100f54f7f80180ce77bfab718288f6?s=96&d=mm&r=g","url":"https:\/\/secure.gravatar.com\/avatar\/907069e0b81d119452040469e4a7501da1100f54f7f80180ce77bfab718288f6?s=96&d=mm&r=g","contentUrl":"https:\/\/secure.gravatar.com\/avatar\/907069e0b81d119452040469e4a7501da1100f54f7f80180ce77bfab718288f6?s=96&d=mm&r=g","caption":"oliviere"},"sameAs":["http:\/\/www.motocrossmag.be"],"url":"https:\/\/fr.motocrossmag.be\/index.php\/author\/oliviere\/"}]}},"_links":{"self":[{"href":"https:\/\/fr.motocrossmag.be\/index.php\/wp-json\/wp\/v2\/posts\/121473","targetHints":{"allow":["GET"]}}],"collection":[{"href":"https:\/\/fr.motocrossmag.be\/index.php\/wp-json\/wp\/v2\/posts"}],"about":[{"href":"https:\/\/fr.motocrossmag.be\/index.php\/wp-json\/wp\/v2\/types\/post"}],"author":[{"embeddable":true,"href":"https:\/\/fr.motocrossmag.be\/index.php\/wp-json\/wp\/v2\/users\/932"}],"replies":[{"embeddable":true,"href":"https:\/\/fr.motocrossmag.be\/index.php\/wp-json\/wp\/v2\/comments?post=121473"}],"version-history":[{"count":0,"href":"https:\/\/fr.motocrossmag.be\/index.php\/wp-json\/wp\/v2\/posts\/121473\/revisions"}],"wp:featuredmedia":[{"embeddable":true,"href":"https:\/\/fr.motocrossmag.be\/index.php\/wp-json\/wp\/v2\/media\/121474"}],"wp:attachment":[{"href":"https:\/\/fr.motocrossmag.be\/index.php\/wp-json\/wp\/v2\/media?parent=121473"}],"wp:term":[{"taxonomy":"category","embeddable":true,"href":"https:\/\/fr.motocrossmag.be\/index.php\/wp-json\/wp\/v2\/categories?post=121473"},{"taxonomy":"post_tag","embeddable":true,"href":"https:\/\/fr.motocrossmag.be\/index.php\/wp-json\/wp\/v2\/tags?post=121473"}],"curies":[{"name":"wp","href":"https:\/\/api.w.org\/{rel}","templated":true}]}}