{"id":121500,"date":"2022-10-19T23:44:21","date_gmt":"2022-10-19T21:44:21","guid":{"rendered":"http:\/\/fr.motocrossmag.be\/?p=121500"},"modified":"2022-10-19T23:44:46","modified_gmt":"2022-10-19T21:44:46","slug":"mxgp-les-meilleurs-moments-de-la-saison-2022-en-images","status":"publish","type":"post","link":"https:\/\/fr.motocrossmag.be\/index.php\/2022\/10\/mxgp-les-meilleurs-moments-de-la-saison-2022-en-images\/","title":{"rendered":"MXGP : les meilleurs moments de la saison 2022 en images"},"content":{"rendered":"<p><strong>Retour sur une saison 2022 faite de joies et de d\u00e9ceptions, de batailles inoubliables, de victoires \u00e9clatantes et d&rsquo;\u00e9checs parfois difficiles \u00e0 accepter. Dix minutes d&rsquo;images pour r\u00e9sumer les championnats MXGP et MX2 ainsi que le Motocross des Nations 2022 et revivre la domination de Tim Gajser, le duel acharn\u00e9 entre Geerts et Vialle ou encore le succ\u00e8s historique des USA sur la plus grande course de motocross de la saison.<\/strong><\/p>\n<p>&nbsp;<\/p>\n<div class=\"su-youtube su-u-responsive-media-yes\"><iframe class=\"lazyload\" width=\"640\" height=\"400\" src=\"data:image\/svg+xml,%3Csvg%20xmlns%3D%27http%3A%2F%2Fwww.w3.org%2F2000%2Fsvg%27%20width%3D%27640%27%20height%3D%27400%27%20viewBox%3D%270%200%20640%20400%27%3E%3Crect%20width%3D%27640%27%20height%3D%27400%27%20fill-opacity%3D%220%22%2F%3E%3C%2Fsvg%3E\" data-orig-src=\"https:\/\/www.youtube.com\/embed\/ZADGXlAG1Xc?\" frameborder=\"0\" allowfullscreen allow=\"autoplay; encrypted-media; picture-in-picture\" title=\"\"><\/iframe><\/div>\n","protected":false},"excerpt":{"rendered":"<p>Retour sur une saison 2022 faite de joies et de d\u00e9ceptions, de batailles inoubliables, de victoires \u00e9clatantes et d&rsquo;\u00e9checs parfois difficiles \u00e0 accepter. Dix minutes d&rsquo;images pour r\u00e9sumer les championnats [&#8230;]<\/p>\n","protected":false},"author":932,"featured_media":121501,"comment_status":"open","ping_status":"closed","sticky":false,"template":"","format":"standard","meta":{"footnotes":""},"categories":[54,4,6,5,55,62],"tags":[813,947,568,780,1246,1217],"class_list":["post-121500","post","type-post","status-publish","format-standard","has-post-thumbnail","hentry","category-actualite","category-motocross","category-mx1mx2","category-news","category-news-actualite","category-video","tag-jago-geerts","tag-motocross","tag-mxgp","tag-tim-gajser","tag-tom-vialle","tag-video"],"yoast_head":"<!-- This site is optimized with the Yoast SEO plugin v27.4 - https:\/\/yoast.com\/product\/yoast-seo-wordpress\/ -->\n<title>MXGP : les meilleurs moments de la saison 2022 en images - Motocross - Enduro - Supermoto | MotocrossMag<\/title>\n<meta name=\"robots\" content=\"index, follow, max-snippet:-1, max-image-preview:large, max-video-preview:-1\" \/>\n<link rel=\"canonical\" href=\"https:\/\/fr.motocrossmag.be\/index.php\/2022\/10\/mxgp-les-meilleurs-moments-de-la-saison-2022-en-images\/\" \/>\n<meta property=\"og:locale\" content=\"fr_FR\" \/>\n<meta property=\"og:type\" content=\"article\" \/>\n<meta property=\"og:title\" content=\"MXGP : les meilleurs moments de la saison 2022 en images - Motocross - Enduro - Supermoto | MotocrossMag\" \/>\n<meta property=\"og:description\" content=\"Retour sur une saison 2022 faite de joies et de d\u00e9ceptions, de batailles inoubliables, de victoires \u00e9clatantes et d&rsquo;\u00e9checs parfois difficiles \u00e0 accepter. Dix minutes d&rsquo;images pour r\u00e9sumer les championnats [...]\" \/>\n<meta property=\"og:url\" content=\"https:\/\/fr.motocrossmag.be\/index.php\/2022\/10\/mxgp-les-meilleurs-moments-de-la-saison-2022-en-images\/\" \/>\n<meta property=\"og:site_name\" content=\"Motocross - Enduro - Supermoto | MotocrossMag\" \/>\n<meta property=\"article:published_time\" content=\"2022-10-19T21:44:21+00:00\" \/>\n<meta property=\"article:modified_time\" content=\"2022-10-19T21:44:46+00:00\" \/>\n<meta property=\"og:image\" content=\"https:\/\/fr.motocrossmag.be\/wp-content\/uploads\/2022\/10\/471227_Vialle_MXGP_2022_R18_AI2I4095_18th-Rd-MXGP-2022-_-Afyonkarahisar-_TUR_.jpg\" \/>\n\t<meta property=\"og:image:width\" content=\"1000\" \/>\n\t<meta property=\"og:image:height\" content=\"666\" \/>\n\t<meta property=\"og:image:type\" content=\"image\/jpeg\" \/>\n<meta name=\"author\" content=\"oliviere\" \/>\n<meta name=\"twitter:card\" content=\"summary_large_image\" \/>\n<meta name=\"twitter:label1\" content=\"\u00c9crit par\" \/>\n\t<meta name=\"twitter:data1\" content=\"oliviere\" \/>\n<script type=\"application\/ld+json\" class=\"yoast-schema-graph\">{\"@context\":\"https:\\\/\\\/schema.org\",\"@graph\":[{\"@type\":\"Article\",\"@id\":\"https:\\\/\\\/fr.motocrossmag.be\\\/index.php\\\/2022\\\/10\\\/mxgp-les-meilleurs-moments-de-la-saison-2022-en-images\\\/#article\",\"isPartOf\":{\"@id\":\"https:\\\/\\\/fr.motocrossmag.be\\\/index.php\\\/2022\\\/10\\\/mxgp-les-meilleurs-moments-de-la-saison-2022-en-images\\\/\"},\"author\":{\"name\":\"oliviere\",\"@id\":\"https:\\\/\\\/fr.motocrossmag.be\\\/#\\\/schema\\\/person\\\/11b47143d9f755babca2c9110e03235c\"},\"headline\":\"MXGP : les meilleurs moments de la saison 2022 en images\",\"datePublished\":\"2022-10-19T21:44:21+00:00\",\"dateModified\":\"2022-10-19T21:44:46+00:00\",\"mainEntityOfPage\":{\"@id\":\"https:\\\/\\\/fr.motocrossmag.be\\\/index.php\\\/2022\\\/10\\\/mxgp-les-meilleurs-moments-de-la-saison-2022-en-images\\\/\"},\"wordCount\":98,\"commentCount\":0,\"image\":{\"@id\":\"https:\\\/\\\/fr.motocrossmag.be\\\/index.php\\\/2022\\\/10\\\/mxgp-les-meilleurs-moments-de-la-saison-2022-en-images\\\/#primaryimage\"},\"thumbnailUrl\":\"https:\\\/\\\/fr.motocrossmag.be\\\/wp-content\\\/uploads\\\/2022\\\/10\\\/471227_Vialle_MXGP_2022_R18_AI2I4095_18th-Rd-MXGP-2022-_-Afyonkarahisar-_TUR_.jpg\",\"keywords\":[\"Jago Geerts\",\"Motocross\",\"MXGP\",\"tim gajser\",\"tom vialle\",\"vid\u00e9o\"],\"articleSection\":[\"Actualit\u00e9\",\"Motocross\",\"Motocross MXGP\",\"News\",\"News\",\"Videos\"],\"inLanguage\":\"fr-FR\",\"potentialAction\":[{\"@type\":\"CommentAction\",\"name\":\"Comment\",\"target\":[\"https:\\\/\\\/fr.motocrossmag.be\\\/index.php\\\/2022\\\/10\\\/mxgp-les-meilleurs-moments-de-la-saison-2022-en-images\\\/#respond\"]}]},{\"@type\":\"WebPage\",\"@id\":\"https:\\\/\\\/fr.motocrossmag.be\\\/index.php\\\/2022\\\/10\\\/mxgp-les-meilleurs-moments-de-la-saison-2022-en-images\\\/\",\"url\":\"https:\\\/\\\/fr.motocrossmag.be\\\/index.php\\\/2022\\\/10\\\/mxgp-les-meilleurs-moments-de-la-saison-2022-en-images\\\/\",\"name\":\"MXGP : les meilleurs moments de la saison 2022 en images - Motocross - Enduro - Supermoto | MotocrossMag\",\"isPartOf\":{\"@id\":\"https:\\\/\\\/fr.motocrossmag.be\\\/#website\"},\"primaryImageOfPage\":{\"@id\":\"https:\\\/\\\/fr.motocrossmag.be\\\/index.php\\\/2022\\\/10\\\/mxgp-les-meilleurs-moments-de-la-saison-2022-en-images\\\/#primaryimage\"},\"image\":{\"@id\":\"https:\\\/\\\/fr.motocrossmag.be\\\/index.php\\\/2022\\\/10\\\/mxgp-les-meilleurs-moments-de-la-saison-2022-en-images\\\/#primaryimage\"},\"thumbnailUrl\":\"https:\\\/\\\/fr.motocrossmag.be\\\/wp-content\\\/uploads\\\/2022\\\/10\\\/471227_Vialle_MXGP_2022_R18_AI2I4095_18th-Rd-MXGP-2022-_-Afyonkarahisar-_TUR_.jpg\",\"datePublished\":\"2022-10-19T21:44:21+00:00\",\"dateModified\":\"2022-10-19T21:44:46+00:00\",\"author\":{\"@id\":\"https:\\\/\\\/fr.motocrossmag.be\\\/#\\\/schema\\\/person\\\/11b47143d9f755babca2c9110e03235c\"},\"breadcrumb\":{\"@id\":\"https:\\\/\\\/fr.motocrossmag.be\\\/index.php\\\/2022\\\/10\\\/mxgp-les-meilleurs-moments-de-la-saison-2022-en-images\\\/#breadcrumb\"},\"inLanguage\":\"fr-FR\",\"potentialAction\":[{\"@type\":\"ReadAction\",\"target\":[\"https:\\\/\\\/fr.motocrossmag.be\\\/index.php\\\/2022\\\/10\\\/mxgp-les-meilleurs-moments-de-la-saison-2022-en-images\\\/\"]}]},{\"@type\":\"ImageObject\",\"inLanguage\":\"fr-FR\",\"@id\":\"https:\\\/\\\/fr.motocrossmag.be\\\/index.php\\\/2022\\\/10\\\/mxgp-les-meilleurs-moments-de-la-saison-2022-en-images\\\/#primaryimage\",\"url\":\"https:\\\/\\\/fr.motocrossmag.be\\\/wp-content\\\/uploads\\\/2022\\\/10\\\/471227_Vialle_MXGP_2022_R18_AI2I4095_18th-Rd-MXGP-2022-_-Afyonkarahisar-_TUR_.jpg\",\"contentUrl\":\"https:\\\/\\\/fr.motocrossmag.be\\\/wp-content\\\/uploads\\\/2022\\\/10\\\/471227_Vialle_MXGP_2022_R18_AI2I4095_18th-Rd-MXGP-2022-_-Afyonkarahisar-_TUR_.jpg\",\"width\":\"1000\",\"height\":\"666\"},{\"@type\":\"BreadcrumbList\",\"@id\":\"https:\\\/\\\/fr.motocrossmag.be\\\/index.php\\\/2022\\\/10\\\/mxgp-les-meilleurs-moments-de-la-saison-2022-en-images\\\/#breadcrumb\",\"itemListElement\":[{\"@type\":\"ListItem\",\"position\":1,\"name\":\"Accueil\",\"item\":\"https:\\\/\\\/fr.motocrossmag.be\\\/\"},{\"@type\":\"ListItem\",\"position\":2,\"name\":\"MXGP : les meilleurs moments de la saison 2022 en images\"}]},{\"@type\":\"WebSite\",\"@id\":\"https:\\\/\\\/fr.motocrossmag.be\\\/#website\",\"url\":\"https:\\\/\\\/fr.motocrossmag.be\\\/\",\"name\":\"Motocross - Enduro - Supermoto | MotocrossMag\",\"description\":\"L&#039;actualit\u00e9 du motocross, de l&#039;enduro et du Supermoto en ligne!\",\"potentialAction\":[{\"@type\":\"SearchAction\",\"target\":{\"@type\":\"EntryPoint\",\"urlTemplate\":\"https:\\\/\\\/fr.motocrossmag.be\\\/?s={search_term_string}\"},\"query-input\":{\"@type\":\"PropertyValueSpecification\",\"valueRequired\":true,\"valueName\":\"search_term_string\"}}],\"inLanguage\":\"fr-FR\"},{\"@type\":\"Person\",\"@id\":\"https:\\\/\\\/fr.motocrossmag.be\\\/#\\\/schema\\\/person\\\/11b47143d9f755babca2c9110e03235c\",\"name\":\"oliviere\",\"image\":{\"@type\":\"ImageObject\",\"inLanguage\":\"fr-FR\",\"@id\":\"https:\\\/\\\/secure.gravatar.com\\\/avatar\\\/907069e0b81d119452040469e4a7501da1100f54f7f80180ce77bfab718288f6?s=96&d=mm&r=g\",\"url\":\"https:\\\/\\\/secure.gravatar.com\\\/avatar\\\/907069e0b81d119452040469e4a7501da1100f54f7f80180ce77bfab718288f6?s=96&d=mm&r=g\",\"contentUrl\":\"https:\\\/\\\/secure.gravatar.com\\\/avatar\\\/907069e0b81d119452040469e4a7501da1100f54f7f80180ce77bfab718288f6?s=96&d=mm&r=g\",\"caption\":\"oliviere\"},\"sameAs\":[\"http:\\\/\\\/www.motocrossmag.be\"],\"url\":\"https:\\\/\\\/fr.motocrossmag.be\\\/index.php\\\/author\\\/oliviere\\\/\"}]}<\/script>\n<!-- \/ Yoast SEO plugin. -->","yoast_head_json":{"title":"MXGP : les meilleurs moments de la saison 2022 en images - Motocross - Enduro - Supermoto | MotocrossMag","robots":{"index":"index","follow":"follow","max-snippet":"max-snippet:-1","max-image-preview":"max-image-preview:large","max-video-preview":"max-video-preview:-1"},"canonical":"https:\/\/fr.motocrossmag.be\/index.php\/2022\/10\/mxgp-les-meilleurs-moments-de-la-saison-2022-en-images\/","og_locale":"fr_FR","og_type":"article","og_title":"MXGP : les meilleurs moments de la saison 2022 en images - Motocross - Enduro - Supermoto | MotocrossMag","og_description":"Retour sur une saison 2022 faite de joies et de d\u00e9ceptions, de batailles inoubliables, de victoires \u00e9clatantes et d&rsquo;\u00e9checs parfois difficiles \u00e0 accepter. Dix minutes d&rsquo;images pour r\u00e9sumer les championnats [...]","og_url":"https:\/\/fr.motocrossmag.be\/index.php\/2022\/10\/mxgp-les-meilleurs-moments-de-la-saison-2022-en-images\/","og_site_name":"Motocross - Enduro - Supermoto | MotocrossMag","article_published_time":"2022-10-19T21:44:21+00:00","article_modified_time":"2022-10-19T21:44:46+00:00","og_image":[{"width":1000,"height":666,"url":"https:\/\/fr.motocrossmag.be\/wp-content\/uploads\/2022\/10\/471227_Vialle_MXGP_2022_R18_AI2I4095_18th-Rd-MXGP-2022-_-Afyonkarahisar-_TUR_.jpg","type":"image\/jpeg"}],"author":"oliviere","twitter_card":"summary_large_image","twitter_misc":{"\u00c9crit par":"oliviere"},"schema":{"@context":"https:\/\/schema.org","@graph":[{"@type":"Article","@id":"https:\/\/fr.motocrossmag.be\/index.php\/2022\/10\/mxgp-les-meilleurs-moments-de-la-saison-2022-en-images\/#article","isPartOf":{"@id":"https:\/\/fr.motocrossmag.be\/index.php\/2022\/10\/mxgp-les-meilleurs-moments-de-la-saison-2022-en-images\/"},"author":{"name":"oliviere","@id":"https:\/\/fr.motocrossmag.be\/#\/schema\/person\/11b47143d9f755babca2c9110e03235c"},"headline":"MXGP : les meilleurs moments de la saison 2022 en images","datePublished":"2022-10-19T21:44:21+00:00","dateModified":"2022-10-19T21:44:46+00:00","mainEntityOfPage":{"@id":"https:\/\/fr.motocrossmag.be\/index.php\/2022\/10\/mxgp-les-meilleurs-moments-de-la-saison-2022-en-images\/"},"wordCount":98,"commentCount":0,"image":{"@id":"https:\/\/fr.motocrossmag.be\/index.php\/2022\/10\/mxgp-les-meilleurs-moments-de-la-saison-2022-en-images\/#primaryimage"},"thumbnailUrl":"https:\/\/fr.motocrossmag.be\/wp-content\/uploads\/2022\/10\/471227_Vialle_MXGP_2022_R18_AI2I4095_18th-Rd-MXGP-2022-_-Afyonkarahisar-_TUR_.jpg","keywords":["Jago Geerts","Motocross","MXGP","tim gajser","tom vialle","vid\u00e9o"],"articleSection":["Actualit\u00e9","Motocross","Motocross MXGP","News","News","Videos"],"inLanguage":"fr-FR","potentialAction":[{"@type":"CommentAction","name":"Comment","target":["https:\/\/fr.motocrossmag.be\/index.php\/2022\/10\/mxgp-les-meilleurs-moments-de-la-saison-2022-en-images\/#respond"]}]},{"@type":"WebPage","@id":"https:\/\/fr.motocrossmag.be\/index.php\/2022\/10\/mxgp-les-meilleurs-moments-de-la-saison-2022-en-images\/","url":"https:\/\/fr.motocrossmag.be\/index.php\/2022\/10\/mxgp-les-meilleurs-moments-de-la-saison-2022-en-images\/","name":"MXGP : les meilleurs moments de la saison 2022 en images - Motocross - Enduro - Supermoto | MotocrossMag","isPartOf":{"@id":"https:\/\/fr.motocrossmag.be\/#website"},"primaryImageOfPage":{"@id":"https:\/\/fr.motocrossmag.be\/index.php\/2022\/10\/mxgp-les-meilleurs-moments-de-la-saison-2022-en-images\/#primaryimage"},"image":{"@id":"https:\/\/fr.motocrossmag.be\/index.php\/2022\/10\/mxgp-les-meilleurs-moments-de-la-saison-2022-en-images\/#primaryimage"},"thumbnailUrl":"https:\/\/fr.motocrossmag.be\/wp-content\/uploads\/2022\/10\/471227_Vialle_MXGP_2022_R18_AI2I4095_18th-Rd-MXGP-2022-_-Afyonkarahisar-_TUR_.jpg","datePublished":"2022-10-19T21:44:21+00:00","dateModified":"2022-10-19T21:44:46+00:00","author":{"@id":"https:\/\/fr.motocrossmag.be\/#\/schema\/person\/11b47143d9f755babca2c9110e03235c"},"breadcrumb":{"@id":"https:\/\/fr.motocrossmag.be\/index.php\/2022\/10\/mxgp-les-meilleurs-moments-de-la-saison-2022-en-images\/#breadcrumb"},"inLanguage":"fr-FR","potentialAction":[{"@type":"ReadAction","target":["https:\/\/fr.motocrossmag.be\/index.php\/2022\/10\/mxgp-les-meilleurs-moments-de-la-saison-2022-en-images\/"]}]},{"@type":"ImageObject","inLanguage":"fr-FR","@id":"https:\/\/fr.motocrossmag.be\/index.php\/2022\/10\/mxgp-les-meilleurs-moments-de-la-saison-2022-en-images\/#primaryimage","url":"https:\/\/fr.motocrossmag.be\/wp-content\/uploads\/2022\/10\/471227_Vialle_MXGP_2022_R18_AI2I4095_18th-Rd-MXGP-2022-_-Afyonkarahisar-_TUR_.jpg","contentUrl":"https:\/\/fr.motocrossmag.be\/wp-content\/uploads\/2022\/10\/471227_Vialle_MXGP_2022_R18_AI2I4095_18th-Rd-MXGP-2022-_-Afyonkarahisar-_TUR_.jpg","width":"1000","height":"666"},{"@type":"BreadcrumbList","@id":"https:\/\/fr.motocrossmag.be\/index.php\/2022\/10\/mxgp-les-meilleurs-moments-de-la-saison-2022-en-images\/#breadcrumb","itemListElement":[{"@type":"ListItem","position":1,"name":"Accueil","item":"https:\/\/fr.motocrossmag.be\/"},{"@type":"ListItem","position":2,"name":"MXGP : les meilleurs moments de la saison 2022 en images"}]},{"@type":"WebSite","@id":"https:\/\/fr.motocrossmag.be\/#website","url":"https:\/\/fr.motocrossmag.be\/","name":"Motocross - Enduro - Supermoto | MotocrossMag","description":"L&#039;actualit\u00e9 du motocross, de l&#039;enduro et du Supermoto en ligne!","potentialAction":[{"@type":"SearchAction","target":{"@type":"EntryPoint","urlTemplate":"https:\/\/fr.motocrossmag.be\/?s={search_term_string}"},"query-input":{"@type":"PropertyValueSpecification","valueRequired":true,"valueName":"search_term_string"}}],"inLanguage":"fr-FR"},{"@type":"Person","@id":"https:\/\/fr.motocrossmag.be\/#\/schema\/person\/11b47143d9f755babca2c9110e03235c","name":"oliviere","image":{"@type":"ImageObject","inLanguage":"fr-FR","@id":"https:\/\/secure.gravatar.com\/avatar\/907069e0b81d119452040469e4a7501da1100f54f7f80180ce77bfab718288f6?s=96&d=mm&r=g","url":"https:\/\/secure.gravatar.com\/avatar\/907069e0b81d119452040469e4a7501da1100f54f7f80180ce77bfab718288f6?s=96&d=mm&r=g","contentUrl":"https:\/\/secure.gravatar.com\/avatar\/907069e0b81d119452040469e4a7501da1100f54f7f80180ce77bfab718288f6?s=96&d=mm&r=g","caption":"oliviere"},"sameAs":["http:\/\/www.motocrossmag.be"],"url":"https:\/\/fr.motocrossmag.be\/index.php\/author\/oliviere\/"}]}},"_links":{"self":[{"href":"https:\/\/fr.motocrossmag.be\/index.php\/wp-json\/wp\/v2\/posts\/121500","targetHints":{"allow":["GET"]}}],"collection":[{"href":"https:\/\/fr.motocrossmag.be\/index.php\/wp-json\/wp\/v2\/posts"}],"about":[{"href":"https:\/\/fr.motocrossmag.be\/index.php\/wp-json\/wp\/v2\/types\/post"}],"author":[{"embeddable":true,"href":"https:\/\/fr.motocrossmag.be\/index.php\/wp-json\/wp\/v2\/users\/932"}],"replies":[{"embeddable":true,"href":"https:\/\/fr.motocrossmag.be\/index.php\/wp-json\/wp\/v2\/comments?post=121500"}],"version-history":[{"count":0,"href":"https:\/\/fr.motocrossmag.be\/index.php\/wp-json\/wp\/v2\/posts\/121500\/revisions"}],"wp:featuredmedia":[{"embeddable":true,"href":"https:\/\/fr.motocrossmag.be\/index.php\/wp-json\/wp\/v2\/media\/121501"}],"wp:attachment":[{"href":"https:\/\/fr.motocrossmag.be\/index.php\/wp-json\/wp\/v2\/media?parent=121500"}],"wp:term":[{"taxonomy":"category","embeddable":true,"href":"https:\/\/fr.motocrossmag.be\/index.php\/wp-json\/wp\/v2\/categories?post=121500"},{"taxonomy":"post_tag","embeddable":true,"href":"https:\/\/fr.motocrossmag.be\/index.php\/wp-json\/wp\/v2\/tags?post=121500"}],"curies":[{"name":"wp","href":"https:\/\/api.w.org\/{rel}","templated":true}]}}