{"id":121505,"date":"2022-10-21T11:58:22","date_gmt":"2022-10-21T09:58:22","guid":{"rendered":"http:\/\/fr.motocrossmag.be\/?p=121505"},"modified":"2022-10-21T11:58:22","modified_gmt":"2022-10-21T09:58:22","slug":"mxgp-claudio-de-carli-cede-le-flambeau-a-son-fils-davide-a-la-tete-du-team-gasgas-factory-racing","status":"publish","type":"post","link":"https:\/\/fr.motocrossmag.be\/index.php\/2022\/10\/mxgp-claudio-de-carli-cede-le-flambeau-a-son-fils-davide-a-la-tete-du-team-gasgas-factory-racing\/","title":{"rendered":"MXGP : Claudio De Carli c\u00e8de le flambeau \u00e0 son fils Davide \u00e0 la t\u00eate du team GasGas Factory Racing"},"content":{"rendered":"<p><strong>C&rsquo;\u00e9tait pr\u00e9vu, le groupe KTM r\u00e9organise ses diff\u00e9rentes structures engag\u00e9es sur le championnat du monde de motocross pour la prochaine saison et r\u00e9alloue ses ressources. Apr\u00e8s l&rsquo;annonce de l&rsquo;arriv\u00e9e d&rsquo;Antonio Cairoli \u00e0 la t\u00eate du team officiel KTM, celle de la prise de fonction de Claudio De Carli en tant que directeur pour le groupe de la comp\u00e9tition en motocross, le constructeur autrichien a officialis\u00e9 la mont\u00e9e de Davide De Carli en tant que manager de la structure officielle GasGas.<\/strong><\/p>\n<p>Le team Red Bull GASGAS Factory Racing alignera la saison prochaine Jorge Prado, Mattia Guadagnini (MXGP) et Simon Langenfelder (MX2), sous le management donc d\u00e9sormais de Davide De Carli et avec Peter Tillerkvist en tant que coordinateur technique.<\/p>\n<p><a href=\"http:\/\/fr.motocrossmag.be\/wp-content\/uploads\/2022\/10\/DeCarli-8\u00a9LucioBuselli.jpg\"><img decoding=\"async\" class=\"lazyload alignnone size-full wp-image-121508\" src=\"http:\/\/fr.motocrossmag.be\/wp-content\/uploads\/2022\/10\/DeCarli-8\u00a9LucioBuselli.jpg\" data-orig-src=\"http:\/\/fr.motocrossmag.be\/wp-content\/uploads\/2022\/10\/DeCarli-8\u00a9LucioBuselli.jpg\" alt=\"\" width=\"1000\" height=\"667\" srcset=\"data:image\/svg+xml,%3Csvg%20xmlns%3D%27http%3A%2F%2Fwww.w3.org%2F2000%2Fsvg%27%20width%3D%271000%27%20height%3D%27667%27%20viewBox%3D%270%200%201000%20667%27%3E%3Crect%20width%3D%271000%27%20height%3D%27667%27%20fill-opacity%3D%220%22%2F%3E%3C%2Fsvg%3E\" data-srcset=\"https:\/\/fr.motocrossmag.be\/wp-content\/uploads\/2022\/10\/DeCarli-8\u00a9LucioBuselli-650x434.jpg 650w, https:\/\/fr.motocrossmag.be\/wp-content\/uploads\/2022\/10\/DeCarli-8\u00a9LucioBuselli-768x512.jpg 768w, https:\/\/fr.motocrossmag.be\/wp-content\/uploads\/2022\/10\/DeCarli-8\u00a9LucioBuselli.jpg 1000w\" data-sizes=\"auto\" data-orig-sizes=\"(max-width: 1000px) 100vw, 1000px\" \/><\/a><\/p>\n<p>\u00ab\u00a0C&rsquo;est un vrai plaisir et un honneur pour moi que d&rsquo;\u00eatre appel\u00e9 \u00e0 coordonner \u00e0 partir de la saison prochaine le travail de deux personnes que j&rsquo;ai depuis longtemps guid\u00e9es : Tony Cairoli et mon fils Davide\u00a0\u00bb, d\u00e9clare Claudio De Carli. \u00ab\u00a0Nous envisageons la saison 2023 avec beaucoup d&rsquo;enthousiasme. Nous continuerons \u00e0 travailler depuis Rome et depuis la Belgique. Davide a beaucoup travaill\u00e9 \u00e0 mes c\u00f4t\u00e9s ces deux derni\u00e8res ann\u00e9es et je suis certain qu&rsquo;il est pr\u00eat \u00e0 pr\u00e9sent \u00e0 franchir le pas.\u00a0\u00bb<\/p>\n","protected":false},"excerpt":{"rendered":"<p>C&rsquo;\u00e9tait pr\u00e9vu, le groupe KTM r\u00e9organise ses diff\u00e9rentes structures engag\u00e9es sur le championnat du monde de motocross pour la prochaine saison et r\u00e9alloue ses ressources. Apr\u00e8s l&rsquo;annonce de l&rsquo;arriv\u00e9e d&rsquo;Antonio [&#8230;]<\/p>\n","protected":false},"author":932,"featured_media":121506,"comment_status":"open","ping_status":"closed","sticky":false,"template":"","format":"standard","meta":{"footnotes":""},"categories":[54,4,6,5,55,65],"tags":[934,1190,947,568],"class_list":["post-121505","post","type-post","status-publish","format-standard","has-post-thumbnail","hentry","category-actualite","category-motocross","category-mx1mx2","category-news","category-news-actualite","category-slideshow","tag-claudio-de-carli","tag-gasgas","tag-motocross","tag-mxgp"],"yoast_head":"<!-- This site is optimized with the Yoast SEO plugin v27.4 - https:\/\/yoast.com\/product\/yoast-seo-wordpress\/ -->\n<title>MXGP : Claudio De Carli c\u00e8de le flambeau \u00e0 son fils Davide \u00e0 la t\u00eate du team GasGas Factory Racing - Motocross - Enduro - Supermoto | MotocrossMag<\/title>\n<meta name=\"robots\" content=\"index, follow, max-snippet:-1, max-image-preview:large, max-video-preview:-1\" \/>\n<link rel=\"canonical\" href=\"https:\/\/fr.motocrossmag.be\/index.php\/2022\/10\/mxgp-claudio-de-carli-cede-le-flambeau-a-son-fils-davide-a-la-tete-du-team-gasgas-factory-racing\/\" \/>\n<meta property=\"og:locale\" content=\"fr_FR\" \/>\n<meta property=\"og:type\" content=\"article\" \/>\n<meta property=\"og:title\" content=\"MXGP : Claudio De Carli c\u00e8de le flambeau \u00e0 son fils Davide \u00e0 la t\u00eate du team GasGas Factory Racing - Motocross - Enduro - Supermoto | MotocrossMag\" \/>\n<meta property=\"og:description\" content=\"C&rsquo;\u00e9tait pr\u00e9vu, le groupe KTM r\u00e9organise ses diff\u00e9rentes structures engag\u00e9es sur le championnat du monde de motocross pour la prochaine saison et r\u00e9alloue ses ressources. Apr\u00e8s l&rsquo;annonce de l&rsquo;arriv\u00e9e d&rsquo;Antonio [...]\" \/>\n<meta property=\"og:url\" content=\"https:\/\/fr.motocrossmag.be\/index.php\/2022\/10\/mxgp-claudio-de-carli-cede-le-flambeau-a-son-fils-davide-a-la-tete-du-team-gasgas-factory-racing\/\" \/>\n<meta property=\"og:site_name\" content=\"Motocross - Enduro - Supermoto | MotocrossMag\" \/>\n<meta property=\"article:published_time\" content=\"2022-10-21T09:58:22+00:00\" \/>\n<meta property=\"og:image\" content=\"https:\/\/fr.motocrossmag.be\/wp-content\/uploads\/2022\/10\/DeCarli-2\u00a9LucioBuselli.jpg\" \/>\n\t<meta property=\"og:image:width\" content=\"1000\" \/>\n\t<meta property=\"og:image:height\" content=\"667\" \/>\n\t<meta property=\"og:image:type\" content=\"image\/jpeg\" \/>\n<meta name=\"author\" content=\"oliviere\" \/>\n<meta name=\"twitter:card\" content=\"summary_large_image\" \/>\n<meta name=\"twitter:label1\" content=\"\u00c9crit par\" \/>\n\t<meta name=\"twitter:data1\" content=\"oliviere\" \/>\n\t<meta name=\"twitter:label2\" content=\"Dur\u00e9e de lecture estim\u00e9e\" \/>\n\t<meta name=\"twitter:data2\" content=\"1 minute\" \/>\n<script type=\"application\/ld+json\" class=\"yoast-schema-graph\">{\"@context\":\"https:\\\/\\\/schema.org\",\"@graph\":[{\"@type\":\"Article\",\"@id\":\"https:\\\/\\\/fr.motocrossmag.be\\\/index.php\\\/2022\\\/10\\\/mxgp-claudio-de-carli-cede-le-flambeau-a-son-fils-davide-a-la-tete-du-team-gasgas-factory-racing\\\/#article\",\"isPartOf\":{\"@id\":\"https:\\\/\\\/fr.motocrossmag.be\\\/index.php\\\/2022\\\/10\\\/mxgp-claudio-de-carli-cede-le-flambeau-a-son-fils-davide-a-la-tete-du-team-gasgas-factory-racing\\\/\"},\"author\":{\"name\":\"oliviere\",\"@id\":\"https:\\\/\\\/fr.motocrossmag.be\\\/#\\\/schema\\\/person\\\/11b47143d9f755babca2c9110e03235c\"},\"headline\":\"MXGP : Claudio De Carli c\u00e8de le flambeau \u00e0 son fils Davide \u00e0 la t\u00eate du team GasGas Factory Racing\",\"datePublished\":\"2022-10-21T09:58:22+00:00\",\"mainEntityOfPage\":{\"@id\":\"https:\\\/\\\/fr.motocrossmag.be\\\/index.php\\\/2022\\\/10\\\/mxgp-claudio-de-carli-cede-le-flambeau-a-son-fils-davide-a-la-tete-du-team-gasgas-factory-racing\\\/\"},\"wordCount\":239,\"commentCount\":0,\"image\":{\"@id\":\"https:\\\/\\\/fr.motocrossmag.be\\\/index.php\\\/2022\\\/10\\\/mxgp-claudio-de-carli-cede-le-flambeau-a-son-fils-davide-a-la-tete-du-team-gasgas-factory-racing\\\/#primaryimage\"},\"thumbnailUrl\":\"https:\\\/\\\/fr.motocrossmag.be\\\/wp-content\\\/uploads\\\/2022\\\/10\\\/DeCarli-2\u00a9LucioBuselli.jpg\",\"keywords\":[\"Claudio de Carli\",\"gasgas\",\"Motocross\",\"MXGP\"],\"articleSection\":[\"Actualit\u00e9\",\"Motocross\",\"Motocross MXGP\",\"News\",\"News\",\"Slideshow\"],\"inLanguage\":\"fr-FR\",\"potentialAction\":[{\"@type\":\"CommentAction\",\"name\":\"Comment\",\"target\":[\"https:\\\/\\\/fr.motocrossmag.be\\\/index.php\\\/2022\\\/10\\\/mxgp-claudio-de-carli-cede-le-flambeau-a-son-fils-davide-a-la-tete-du-team-gasgas-factory-racing\\\/#respond\"]}]},{\"@type\":\"WebPage\",\"@id\":\"https:\\\/\\\/fr.motocrossmag.be\\\/index.php\\\/2022\\\/10\\\/mxgp-claudio-de-carli-cede-le-flambeau-a-son-fils-davide-a-la-tete-du-team-gasgas-factory-racing\\\/\",\"url\":\"https:\\\/\\\/fr.motocrossmag.be\\\/index.php\\\/2022\\\/10\\\/mxgp-claudio-de-carli-cede-le-flambeau-a-son-fils-davide-a-la-tete-du-team-gasgas-factory-racing\\\/\",\"name\":\"MXGP : Claudio De Carli c\u00e8de le flambeau \u00e0 son fils Davide \u00e0 la t\u00eate du team GasGas Factory Racing - Motocross - Enduro - Supermoto | MotocrossMag\",\"isPartOf\":{\"@id\":\"https:\\\/\\\/fr.motocrossmag.be\\\/#website\"},\"primaryImageOfPage\":{\"@id\":\"https:\\\/\\\/fr.motocrossmag.be\\\/index.php\\\/2022\\\/10\\\/mxgp-claudio-de-carli-cede-le-flambeau-a-son-fils-davide-a-la-tete-du-team-gasgas-factory-racing\\\/#primaryimage\"},\"image\":{\"@id\":\"https:\\\/\\\/fr.motocrossmag.be\\\/index.php\\\/2022\\\/10\\\/mxgp-claudio-de-carli-cede-le-flambeau-a-son-fils-davide-a-la-tete-du-team-gasgas-factory-racing\\\/#primaryimage\"},\"thumbnailUrl\":\"https:\\\/\\\/fr.motocrossmag.be\\\/wp-content\\\/uploads\\\/2022\\\/10\\\/DeCarli-2\u00a9LucioBuselli.jpg\",\"datePublished\":\"2022-10-21T09:58:22+00:00\",\"author\":{\"@id\":\"https:\\\/\\\/fr.motocrossmag.be\\\/#\\\/schema\\\/person\\\/11b47143d9f755babca2c9110e03235c\"},\"breadcrumb\":{\"@id\":\"https:\\\/\\\/fr.motocrossmag.be\\\/index.php\\\/2022\\\/10\\\/mxgp-claudio-de-carli-cede-le-flambeau-a-son-fils-davide-a-la-tete-du-team-gasgas-factory-racing\\\/#breadcrumb\"},\"inLanguage\":\"fr-FR\",\"potentialAction\":[{\"@type\":\"ReadAction\",\"target\":[\"https:\\\/\\\/fr.motocrossmag.be\\\/index.php\\\/2022\\\/10\\\/mxgp-claudio-de-carli-cede-le-flambeau-a-son-fils-davide-a-la-tete-du-team-gasgas-factory-racing\\\/\"]}]},{\"@type\":\"ImageObject\",\"inLanguage\":\"fr-FR\",\"@id\":\"https:\\\/\\\/fr.motocrossmag.be\\\/index.php\\\/2022\\\/10\\\/mxgp-claudio-de-carli-cede-le-flambeau-a-son-fils-davide-a-la-tete-du-team-gasgas-factory-racing\\\/#primaryimage\",\"url\":\"https:\\\/\\\/fr.motocrossmag.be\\\/wp-content\\\/uploads\\\/2022\\\/10\\\/DeCarli-2\u00a9LucioBuselli.jpg\",\"contentUrl\":\"https:\\\/\\\/fr.motocrossmag.be\\\/wp-content\\\/uploads\\\/2022\\\/10\\\/DeCarli-2\u00a9LucioBuselli.jpg\",\"width\":\"1000\",\"height\":\"667\"},{\"@type\":\"BreadcrumbList\",\"@id\":\"https:\\\/\\\/fr.motocrossmag.be\\\/index.php\\\/2022\\\/10\\\/mxgp-claudio-de-carli-cede-le-flambeau-a-son-fils-davide-a-la-tete-du-team-gasgas-factory-racing\\\/#breadcrumb\",\"itemListElement\":[{\"@type\":\"ListItem\",\"position\":1,\"name\":\"Accueil\",\"item\":\"https:\\\/\\\/fr.motocrossmag.be\\\/\"},{\"@type\":\"ListItem\",\"position\":2,\"name\":\"MXGP : Claudio De Carli c\u00e8de le flambeau \u00e0 son fils Davide \u00e0 la t\u00eate du team GasGas Factory Racing\"}]},{\"@type\":\"WebSite\",\"@id\":\"https:\\\/\\\/fr.motocrossmag.be\\\/#website\",\"url\":\"https:\\\/\\\/fr.motocrossmag.be\\\/\",\"name\":\"Motocross - Enduro - Supermoto | MotocrossMag\",\"description\":\"L&#039;actualit\u00e9 du motocross, de l&#039;enduro et du Supermoto en ligne!\",\"potentialAction\":[{\"@type\":\"SearchAction\",\"target\":{\"@type\":\"EntryPoint\",\"urlTemplate\":\"https:\\\/\\\/fr.motocrossmag.be\\\/?s={search_term_string}\"},\"query-input\":{\"@type\":\"PropertyValueSpecification\",\"valueRequired\":true,\"valueName\":\"search_term_string\"}}],\"inLanguage\":\"fr-FR\"},{\"@type\":\"Person\",\"@id\":\"https:\\\/\\\/fr.motocrossmag.be\\\/#\\\/schema\\\/person\\\/11b47143d9f755babca2c9110e03235c\",\"name\":\"oliviere\",\"image\":{\"@type\":\"ImageObject\",\"inLanguage\":\"fr-FR\",\"@id\":\"https:\\\/\\\/secure.gravatar.com\\\/avatar\\\/907069e0b81d119452040469e4a7501da1100f54f7f80180ce77bfab718288f6?s=96&d=mm&r=g\",\"url\":\"https:\\\/\\\/secure.gravatar.com\\\/avatar\\\/907069e0b81d119452040469e4a7501da1100f54f7f80180ce77bfab718288f6?s=96&d=mm&r=g\",\"contentUrl\":\"https:\\\/\\\/secure.gravatar.com\\\/avatar\\\/907069e0b81d119452040469e4a7501da1100f54f7f80180ce77bfab718288f6?s=96&d=mm&r=g\",\"caption\":\"oliviere\"},\"sameAs\":[\"http:\\\/\\\/www.motocrossmag.be\"],\"url\":\"https:\\\/\\\/fr.motocrossmag.be\\\/index.php\\\/author\\\/oliviere\\\/\"}]}<\/script>\n<!-- \/ Yoast SEO plugin. -->","yoast_head_json":{"title":"MXGP : Claudio De Carli c\u00e8de le flambeau \u00e0 son fils Davide \u00e0 la t\u00eate du team GasGas Factory Racing - Motocross - Enduro - Supermoto | MotocrossMag","robots":{"index":"index","follow":"follow","max-snippet":"max-snippet:-1","max-image-preview":"max-image-preview:large","max-video-preview":"max-video-preview:-1"},"canonical":"https:\/\/fr.motocrossmag.be\/index.php\/2022\/10\/mxgp-claudio-de-carli-cede-le-flambeau-a-son-fils-davide-a-la-tete-du-team-gasgas-factory-racing\/","og_locale":"fr_FR","og_type":"article","og_title":"MXGP : Claudio De Carli c\u00e8de le flambeau \u00e0 son fils Davide \u00e0 la t\u00eate du team GasGas Factory Racing - Motocross - Enduro - Supermoto | MotocrossMag","og_description":"C&rsquo;\u00e9tait pr\u00e9vu, le groupe KTM r\u00e9organise ses diff\u00e9rentes structures engag\u00e9es sur le championnat du monde de motocross pour la prochaine saison et r\u00e9alloue ses ressources. Apr\u00e8s l&rsquo;annonce de l&rsquo;arriv\u00e9e d&rsquo;Antonio [...]","og_url":"https:\/\/fr.motocrossmag.be\/index.php\/2022\/10\/mxgp-claudio-de-carli-cede-le-flambeau-a-son-fils-davide-a-la-tete-du-team-gasgas-factory-racing\/","og_site_name":"Motocross - Enduro - Supermoto | MotocrossMag","article_published_time":"2022-10-21T09:58:22+00:00","og_image":[{"width":1000,"height":667,"url":"https:\/\/fr.motocrossmag.be\/wp-content\/uploads\/2022\/10\/DeCarli-2\u00a9LucioBuselli.jpg","type":"image\/jpeg"}],"author":"oliviere","twitter_card":"summary_large_image","twitter_misc":{"\u00c9crit par":"oliviere","Dur\u00e9e de lecture estim\u00e9e":"1 minute"},"schema":{"@context":"https:\/\/schema.org","@graph":[{"@type":"Article","@id":"https:\/\/fr.motocrossmag.be\/index.php\/2022\/10\/mxgp-claudio-de-carli-cede-le-flambeau-a-son-fils-davide-a-la-tete-du-team-gasgas-factory-racing\/#article","isPartOf":{"@id":"https:\/\/fr.motocrossmag.be\/index.php\/2022\/10\/mxgp-claudio-de-carli-cede-le-flambeau-a-son-fils-davide-a-la-tete-du-team-gasgas-factory-racing\/"},"author":{"name":"oliviere","@id":"https:\/\/fr.motocrossmag.be\/#\/schema\/person\/11b47143d9f755babca2c9110e03235c"},"headline":"MXGP : Claudio De Carli c\u00e8de le flambeau \u00e0 son fils Davide \u00e0 la t\u00eate du team GasGas Factory Racing","datePublished":"2022-10-21T09:58:22+00:00","mainEntityOfPage":{"@id":"https:\/\/fr.motocrossmag.be\/index.php\/2022\/10\/mxgp-claudio-de-carli-cede-le-flambeau-a-son-fils-davide-a-la-tete-du-team-gasgas-factory-racing\/"},"wordCount":239,"commentCount":0,"image":{"@id":"https:\/\/fr.motocrossmag.be\/index.php\/2022\/10\/mxgp-claudio-de-carli-cede-le-flambeau-a-son-fils-davide-a-la-tete-du-team-gasgas-factory-racing\/#primaryimage"},"thumbnailUrl":"https:\/\/fr.motocrossmag.be\/wp-content\/uploads\/2022\/10\/DeCarli-2\u00a9LucioBuselli.jpg","keywords":["Claudio de Carli","gasgas","Motocross","MXGP"],"articleSection":["Actualit\u00e9","Motocross","Motocross MXGP","News","News","Slideshow"],"inLanguage":"fr-FR","potentialAction":[{"@type":"CommentAction","name":"Comment","target":["https:\/\/fr.motocrossmag.be\/index.php\/2022\/10\/mxgp-claudio-de-carli-cede-le-flambeau-a-son-fils-davide-a-la-tete-du-team-gasgas-factory-racing\/#respond"]}]},{"@type":"WebPage","@id":"https:\/\/fr.motocrossmag.be\/index.php\/2022\/10\/mxgp-claudio-de-carli-cede-le-flambeau-a-son-fils-davide-a-la-tete-du-team-gasgas-factory-racing\/","url":"https:\/\/fr.motocrossmag.be\/index.php\/2022\/10\/mxgp-claudio-de-carli-cede-le-flambeau-a-son-fils-davide-a-la-tete-du-team-gasgas-factory-racing\/","name":"MXGP : Claudio De Carli c\u00e8de le flambeau \u00e0 son fils Davide \u00e0 la t\u00eate du team GasGas Factory Racing - Motocross - Enduro - Supermoto | MotocrossMag","isPartOf":{"@id":"https:\/\/fr.motocrossmag.be\/#website"},"primaryImageOfPage":{"@id":"https:\/\/fr.motocrossmag.be\/index.php\/2022\/10\/mxgp-claudio-de-carli-cede-le-flambeau-a-son-fils-davide-a-la-tete-du-team-gasgas-factory-racing\/#primaryimage"},"image":{"@id":"https:\/\/fr.motocrossmag.be\/index.php\/2022\/10\/mxgp-claudio-de-carli-cede-le-flambeau-a-son-fils-davide-a-la-tete-du-team-gasgas-factory-racing\/#primaryimage"},"thumbnailUrl":"https:\/\/fr.motocrossmag.be\/wp-content\/uploads\/2022\/10\/DeCarli-2\u00a9LucioBuselli.jpg","datePublished":"2022-10-21T09:58:22+00:00","author":{"@id":"https:\/\/fr.motocrossmag.be\/#\/schema\/person\/11b47143d9f755babca2c9110e03235c"},"breadcrumb":{"@id":"https:\/\/fr.motocrossmag.be\/index.php\/2022\/10\/mxgp-claudio-de-carli-cede-le-flambeau-a-son-fils-davide-a-la-tete-du-team-gasgas-factory-racing\/#breadcrumb"},"inLanguage":"fr-FR","potentialAction":[{"@type":"ReadAction","target":["https:\/\/fr.motocrossmag.be\/index.php\/2022\/10\/mxgp-claudio-de-carli-cede-le-flambeau-a-son-fils-davide-a-la-tete-du-team-gasgas-factory-racing\/"]}]},{"@type":"ImageObject","inLanguage":"fr-FR","@id":"https:\/\/fr.motocrossmag.be\/index.php\/2022\/10\/mxgp-claudio-de-carli-cede-le-flambeau-a-son-fils-davide-a-la-tete-du-team-gasgas-factory-racing\/#primaryimage","url":"https:\/\/fr.motocrossmag.be\/wp-content\/uploads\/2022\/10\/DeCarli-2\u00a9LucioBuselli.jpg","contentUrl":"https:\/\/fr.motocrossmag.be\/wp-content\/uploads\/2022\/10\/DeCarli-2\u00a9LucioBuselli.jpg","width":"1000","height":"667"},{"@type":"BreadcrumbList","@id":"https:\/\/fr.motocrossmag.be\/index.php\/2022\/10\/mxgp-claudio-de-carli-cede-le-flambeau-a-son-fils-davide-a-la-tete-du-team-gasgas-factory-racing\/#breadcrumb","itemListElement":[{"@type":"ListItem","position":1,"name":"Accueil","item":"https:\/\/fr.motocrossmag.be\/"},{"@type":"ListItem","position":2,"name":"MXGP : Claudio De Carli c\u00e8de le flambeau \u00e0 son fils Davide \u00e0 la t\u00eate du team GasGas Factory Racing"}]},{"@type":"WebSite","@id":"https:\/\/fr.motocrossmag.be\/#website","url":"https:\/\/fr.motocrossmag.be\/","name":"Motocross - Enduro - Supermoto | MotocrossMag","description":"L&#039;actualit\u00e9 du motocross, de l&#039;enduro et du Supermoto en ligne!","potentialAction":[{"@type":"SearchAction","target":{"@type":"EntryPoint","urlTemplate":"https:\/\/fr.motocrossmag.be\/?s={search_term_string}"},"query-input":{"@type":"PropertyValueSpecification","valueRequired":true,"valueName":"search_term_string"}}],"inLanguage":"fr-FR"},{"@type":"Person","@id":"https:\/\/fr.motocrossmag.be\/#\/schema\/person\/11b47143d9f755babca2c9110e03235c","name":"oliviere","image":{"@type":"ImageObject","inLanguage":"fr-FR","@id":"https:\/\/secure.gravatar.com\/avatar\/907069e0b81d119452040469e4a7501da1100f54f7f80180ce77bfab718288f6?s=96&d=mm&r=g","url":"https:\/\/secure.gravatar.com\/avatar\/907069e0b81d119452040469e4a7501da1100f54f7f80180ce77bfab718288f6?s=96&d=mm&r=g","contentUrl":"https:\/\/secure.gravatar.com\/avatar\/907069e0b81d119452040469e4a7501da1100f54f7f80180ce77bfab718288f6?s=96&d=mm&r=g","caption":"oliviere"},"sameAs":["http:\/\/www.motocrossmag.be"],"url":"https:\/\/fr.motocrossmag.be\/index.php\/author\/oliviere\/"}]}},"_links":{"self":[{"href":"https:\/\/fr.motocrossmag.be\/index.php\/wp-json\/wp\/v2\/posts\/121505","targetHints":{"allow":["GET"]}}],"collection":[{"href":"https:\/\/fr.motocrossmag.be\/index.php\/wp-json\/wp\/v2\/posts"}],"about":[{"href":"https:\/\/fr.motocrossmag.be\/index.php\/wp-json\/wp\/v2\/types\/post"}],"author":[{"embeddable":true,"href":"https:\/\/fr.motocrossmag.be\/index.php\/wp-json\/wp\/v2\/users\/932"}],"replies":[{"embeddable":true,"href":"https:\/\/fr.motocrossmag.be\/index.php\/wp-json\/wp\/v2\/comments?post=121505"}],"version-history":[{"count":0,"href":"https:\/\/fr.motocrossmag.be\/index.php\/wp-json\/wp\/v2\/posts\/121505\/revisions"}],"wp:featuredmedia":[{"embeddable":true,"href":"https:\/\/fr.motocrossmag.be\/index.php\/wp-json\/wp\/v2\/media\/121506"}],"wp:attachment":[{"href":"https:\/\/fr.motocrossmag.be\/index.php\/wp-json\/wp\/v2\/media?parent=121505"}],"wp:term":[{"taxonomy":"category","embeddable":true,"href":"https:\/\/fr.motocrossmag.be\/index.php\/wp-json\/wp\/v2\/categories?post=121505"},{"taxonomy":"post_tag","embeddable":true,"href":"https:\/\/fr.motocrossmag.be\/index.php\/wp-json\/wp\/v2\/tags?post=121505"}],"curies":[{"name":"wp","href":"https:\/\/api.w.org\/{rel}","templated":true}]}}