{"id":121509,"date":"2022-10-22T09:35:08","date_gmt":"2022-10-22T07:35:08","guid":{"rendered":"http:\/\/fr.motocrossmag.be\/?p=121509"},"modified":"2022-10-22T09:35:08","modified_gmt":"2022-10-22T07:35:08","slug":"livia-lancelot-il-est-temps-pour-moi-de-construire-autre-chose","status":"publish","type":"post","link":"https:\/\/fr.motocrossmag.be\/index.php\/2022\/10\/livia-lancelot-il-est-temps-pour-moi-de-construire-autre-chose\/","title":{"rendered":"Livia Lancelot : \u00ab\u00a0Il est temps pour moi de construire autre chose\u00a0\u00bb"},"content":{"rendered":"<p><strong>Depuis qu&rsquo;elle s&rsquo;est retir\u00e9e de la comp\u00e9tition, Livia Lancelot dirige l&rsquo;\u00e9quipe 114 Motorsports Honda, laquelle a su se faire une place en vue dans le paddock MXGP. Les pilotes de l&rsquo;\u00e9quipe manag\u00e9e par la double championne du monde ont r\u00e9guli\u00e8rement fait briller les couleurs Honda ces 5 derni\u00e8res ann\u00e9es. Lancelot a fait du bon travail et peut regarder en arri\u00e8re avec fiert\u00e9. Elle a cependant d\u00e9cid\u00e9 de se retirer pour se concentrer dor\u00e9navant sur le management d&rsquo;une \u00e9quipe engag\u00e9e sur le nouveau championnat du monde de Supercross. On en discute avec Livia.<\/strong><\/p>\n<p>&nbsp;<\/p>\n<p><strong>MXMag : Le WSX, c&rsquo;est compl\u00e8tement diff\u00e9rent de ce que tu as connu ces derni\u00e8res saisons en MXGP !<\/strong><\/p>\n<p>Livia Lancelot : \u00ab\u00a0C&rsquo;est s\u00fbr que c&rsquo;est diff\u00e9rent. Le Supercross, je connais car nous avons en France le plus grand Supercross d&rsquo;Europe \u00e0 Paris. J&rsquo;ai vu le Supercross de nombreuses fois et j&rsquo;ai moi-m\u00eame eu la chance de participer aux X-Games et au SX de Paris. J&rsquo;ai un peu d&rsquo;exp\u00e9rience en Supercross, ce qui m&rsquo;a donn\u00e9 l&rsquo;opportunit\u00e9 de diriger le team WSX. Comme vous le dites, c&rsquo;est tr\u00e8s diff\u00e9rent, mais au bout du compte, c&rsquo;est le m\u00eame sport et nous avons la m\u00eame passion. Maintenant, il s&rsquo;agit juste d&rsquo;essayer d&rsquo;apprendre tout ce qu&rsquo;il y a \u00e0 apprendre avec la nouvelle organisation, les nouvelles personnes autour et les nouveaux pilotes. Je suis vraiment heureuse d&rsquo;\u00eatre ici.\u00a0\u00bb<\/p>\n<p><a href=\"http:\/\/fr.motocrossmag.be\/wp-content\/uploads\/2022\/10\/Livia-Lancelot.jpg\"><img decoding=\"async\" class=\"lazyload alignnone size-full wp-image-121512\" src=\"http:\/\/fr.motocrossmag.be\/wp-content\/uploads\/2022\/10\/Livia-Lancelot.jpg\" data-orig-src=\"http:\/\/fr.motocrossmag.be\/wp-content\/uploads\/2022\/10\/Livia-Lancelot.jpg\" alt=\"\" width=\"1000\" height=\"668\" srcset=\"data:image\/svg+xml,%3Csvg%20xmlns%3D%27http%3A%2F%2Fwww.w3.org%2F2000%2Fsvg%27%20width%3D%271000%27%20height%3D%27668%27%20viewBox%3D%270%200%201000%20668%27%3E%3Crect%20width%3D%271000%27%20height%3D%27668%27%20fill-opacity%3D%220%22%2F%3E%3C%2Fsvg%3E\" data-srcset=\"https:\/\/fr.motocrossmag.be\/wp-content\/uploads\/2022\/10\/Livia-Lancelot-650x434.jpg 650w, https:\/\/fr.motocrossmag.be\/wp-content\/uploads\/2022\/10\/Livia-Lancelot-768x513.jpg 768w, https:\/\/fr.motocrossmag.be\/wp-content\/uploads\/2022\/10\/Livia-Lancelot.jpg 1000w\" data-sizes=\"auto\" data-orig-sizes=\"(max-width: 1000px) 100vw, 1000px\" \/><\/a><\/p>\n<p><strong>MXMag : La mondialisation du SX, historiquement centr\u00e9 sur les USA, c&rsquo;est positif pour le sport ?<\/strong><\/p>\n<p>Lancelot : \u00ab\u00a0Bien s\u00fbr, les meilleurs pilotes de Supercross du monde roulent en Am\u00e9rique, mais ce n&rsquo;est que l&rsquo;Am\u00e9rique. M\u00eame s&rsquo;ils ont les meilleurs pilotes parce que les pilotes internationaux vont rouler l\u00e0-bas, cela rend la discipline difficilement accessible pour les fans. Maintenant, c&rsquo;est l&rsquo;occasion pour tout le monde de suivre un vrai championnat de Supercross. C&rsquo;est important car si vous voulez voir une vraie course de Supercross aujourd&rsquo;hui, vous devez prendre l&rsquo;avion pour l&rsquo;Am\u00e9rique. Ce n&rsquo;est pas facile. En tant que Fran\u00e7ais, par exemple, vous pouvez prendre l&rsquo;avion pour Cardiff assez facilement, l&rsquo;an prochain on aura peut-\u00eatre une \u00e9tape du championnat en France, c&rsquo;est tr\u00e8s diff\u00e9rent. Avoir la chance de voir ces gars courir en direct \u00e9tait tr\u00e8s difficile pour un fan europ\u00e9en avant cette s\u00e9rie WSX.\u00a0\u00bb<\/p>\n<p><strong>MXMag : Pour en revenir \u00e0 la saison de MXGP, 114 Motorsports s&rsquo;\u00e9tait toujours concentr\u00e9 sur le MX2 avant cette ann\u00e9e. Puis vous avez commenc\u00e9 avec Ruben Fernandez en MXGP cette ann\u00e9e et Hakon Fredriksen en MX2 avant qu&rsquo;il ne passe en MXGP pour devenir une \u00e9quipe MXGP \u00e0 part enti\u00e8re. Quel bilan tirez-vous de cette saison ?<\/strong><\/p>\n<p>Lancelot : \u00ab\u00a0Je veux pr\u00e9ciser que l&rsquo;\u00e9quipe a \u00e9t\u00e9 cr\u00e9\u00e9e pour trouver de nouveaux jeunes pilotes afin de pouvoir les donner au HRC plus tard. C&rsquo;est pourquoi j&rsquo;\u00e9tais l\u00e0, c&rsquo;est pourquoi Giacomo (Gariboldi) m&rsquo;a demand\u00e9 si j&rsquo;\u00e9tais motiv\u00e9e pour cr\u00e9er l&rsquo;\u00e9quipe et travailler avec lui. C&rsquo;est ce que nous avons fait ces cinq derni\u00e8res ann\u00e9es. Avec Ruben c&rsquo;\u00e9tait un peu diff\u00e9rent parce que les deux pilotes du HRC \u00e9taient sous contrat. Cela signifiait donc que Ruben n&rsquo;avait pas de place pour rouler HRC cette ann\u00e9e. Mais Honda voulait garder Ruben dans la famille apr\u00e8s l&rsquo;excellente saison qu&rsquo;il a faite en MX2 en 2021. Nous devions trouver une solution, c&rsquo;est pourquoi nous sommes all\u00e9s en MXGP avec Ruben. Au d\u00e9but, ce n&rsquo;\u00e9tait pas mon objectif de faire courir des pilotes de 450cc, je voulais essayer de donner de l&rsquo;exp\u00e9rience aux jeunes pilotes et les amener dans une \u00e9quipe d&rsquo;usine. Nous sommes donc arriv\u00e9s en MXGP pour donner \u00e0 Ruben une moto d&rsquo;usine, une moto qu&rsquo;il m\u00e9ritait, il l&rsquo;a prouv\u00e9 cette ann\u00e9e.\u00a0\u00bb<\/p>\n<p><a href=\"http:\/\/fr.motocrossmag.be\/wp-content\/uploads\/2021\/07\/fernandez_matterley_CDS_AL1U9117.jpg\"><img decoding=\"async\" class=\"lazyload alignnone wp-image-110766 size-full\" src=\"http:\/\/fr.motocrossmag.be\/wp-content\/uploads\/2021\/07\/fernandez_matterley_CDS_AL1U9117.jpg\" data-orig-src=\"http:\/\/fr.motocrossmag.be\/wp-content\/uploads\/2021\/07\/fernandez_matterley_CDS_AL1U9117.jpg\" alt=\"\" width=\"1000\" height=\"666\" srcset=\"data:image\/svg+xml,%3Csvg%20xmlns%3D%27http%3A%2F%2Fwww.w3.org%2F2000%2Fsvg%27%20width%3D%271000%27%20height%3D%27666%27%20viewBox%3D%270%200%201000%20666%27%3E%3Crect%20width%3D%271000%27%20height%3D%27666%27%20fill-opacity%3D%220%22%2F%3E%3C%2Fsvg%3E\" data-srcset=\"https:\/\/fr.motocrossmag.be\/wp-content\/uploads\/2021\/07\/fernandez_matterley_CDS_AL1U9117-650x433.jpg 650w, https:\/\/fr.motocrossmag.be\/wp-content\/uploads\/2021\/07\/fernandez_matterley_CDS_AL1U9117-768x511.jpg 768w, https:\/\/fr.motocrossmag.be\/wp-content\/uploads\/2021\/07\/fernandez_matterley_CDS_AL1U9117.jpg 1000w\" data-sizes=\"auto\" data-orig-sizes=\"(max-width: 1000px) 100vw, 1000px\" \/><\/a><\/p>\n<p>\u00ab\u00a0Fredriksen est un grand gaillard et il avait du mal avec les d\u00e9parts sur la 250cc et avait besoin de beaucoup de puissance. Ce n&rsquo;\u00e9tait pas facile pour lui en MX2, nous n&rsquo;avons pas trouv\u00e9 de solution avec la 250cc alors il a propos\u00e9 de piloter une 450cc en MXGP. C&rsquo;\u00e9tait en fait la meilleure solution pour tout le monde parce que ce que nous voulions, c&rsquo;est que le pilote soit heureux, qu&rsquo;il se sente bien sur la moto et qu&rsquo;il se sente bien avec l&rsquo;\u00e9quipe. Malheureusement, il s&rsquo;est bless\u00e9 lors de la premi\u00e8re course sur la 450cc avec une grosse chute. Il s&rsquo;est bien pr\u00e9par\u00e9 et \u00e9tait pr\u00eat pour cette cat\u00e9gorie, mais il n&rsquo;a pas eu de chance.\u00a0\u00bb<\/p>\n<p>&nbsp;<\/p>\n<p><strong>MXMag : Toutes les bonnes choses ayant une fin, tu as pris la d\u00e9cision de ne plus manager d&rsquo;\u00e9quipe en GP l&rsquo;ann\u00e9e prochaine&#8230;<\/strong><\/p>\n<p>Lancelot : \u00ab\u00a0Il y a beaucoup de choses diff\u00e9rentes qui sont arriv\u00e9es en m\u00eame temps. Vous savez, une saison co\u00fbte de plus en plus cher chaque ann\u00e9e. Les prix de beaucoup de choses ont augment\u00e9, le soutien des sponsors ne progresse pas, bien au contraire, car pour eux c&rsquo;est la m\u00eame histoire. Pour l&rsquo;instant, Honda ne veut pas apporter son soutien \u00e0 une \u00e9quipe MX2. C&rsquo;est difficile parce que notre objectif est d&rsquo;\u00eatre une \u00e9quipe MX2, mais sans moto d&rsquo;usine, vous ne pouvez pas vous battre en t\u00eate. Je ne voulais pas continuer \u00e0 me battre pour la huiti\u00e8me ou la quinzi\u00e8me place ou ce genre de choses.\u00a0\u00bb<\/p>\n<p><a href=\"http:\/\/fr.motocrossmag.be\/wp-content\/uploads\/2018\/02\/lancelot-livia-honda.jpg\"><img decoding=\"async\" class=\"lazyload alignnone size-full wp-image-69884\" src=\"data:image\/svg+xml,%3Csvg%20xmlns%3D%27http%3A%2F%2Fwww.w3.org%2F2000%2Fsvg%27%20width%3D%27650%27%20height%3D%27443%27%20viewBox%3D%270%200%20650%20443%27%3E%3Crect%20width%3D%27650%27%20height%3D%27443%27%20fill-opacity%3D%220%22%2F%3E%3C%2Fsvg%3E\" data-orig-src=\"http:\/\/fr.motocrossmag.be\/wp-content\/uploads\/2018\/02\/lancelot-livia-honda.jpg\" alt=\"\" width=\"650\" height=\"443\" \/><\/a><\/p>\n<p>\u00ab\u00a0D&rsquo;accord, nous avons eu de la chance avec quelques pilotes qui ont fait du bon travail, mais nous avons besoin de plus de soutien pour \u00eatre plus souvent dans le top-5. Depuis que j&rsquo;ai compris que cela n&rsquo;allait pas se produire la saison prochaine, j&rsquo;ai commenc\u00e9 \u00e0 regarder un peu autour de moi pour voir ce que je pourrais faire \u00e0 l&rsquo;avenir. J&rsquo;ai fait cinq ans comme \u00e7a et c&rsquo;est beaucoup de travail pour tout mettre en place. Pour l&rsquo;ann\u00e9e prochaine, je n&rsquo;avais pas de pilote capable de faire quelque chose comme Ruben. Comme vous le savez, vingt courses par saison, c&rsquo;est long, pour les pilotes mais surtout pour le staff et je n&rsquo;\u00e9tais absolument pas pr\u00eate \u00e0 passer une saison \u00e0 me battre pour le top-15.\u00a0\u00bb<\/p>\n<p>\u00ab\u00a0Alors, SX Global est apparu et le Supercross est aussi quelque chose de diff\u00e9rent. Vous \u00eates dans de grandes villes, les d\u00e9placements sont plus faciles, les h\u00f4tels sont proches, pas de voitures de location, un taxi jusqu&rsquo;\u00e0 l&rsquo;h\u00f4tel puis vous marchez jusqu&rsquo;au stade, pas de boue&#8230; Il y a beaucoup d&rsquo;\u00e9l\u00e9ments qui ont fait que j&rsquo;ai fait ce choix.\u00a0\u00bb<\/p>\n<p><a href=\"http:\/\/fr.motocrossmag.be\/wp-content\/uploads\/2022\/10\/Lancelot.jpg\"><img decoding=\"async\" class=\"lazyload alignnone size-full wp-image-121511\" src=\"http:\/\/fr.motocrossmag.be\/wp-content\/uploads\/2022\/10\/Lancelot.jpg\" data-orig-src=\"http:\/\/fr.motocrossmag.be\/wp-content\/uploads\/2022\/10\/Lancelot.jpg\" alt=\"\" width=\"1000\" height=\"668\" srcset=\"data:image\/svg+xml,%3Csvg%20xmlns%3D%27http%3A%2F%2Fwww.w3.org%2F2000%2Fsvg%27%20width%3D%271000%27%20height%3D%27668%27%20viewBox%3D%270%200%201000%20668%27%3E%3Crect%20width%3D%271000%27%20height%3D%27668%27%20fill-opacity%3D%220%22%2F%3E%3C%2Fsvg%3E\" data-srcset=\"https:\/\/fr.motocrossmag.be\/wp-content\/uploads\/2022\/10\/Lancelot-650x434.jpg 650w, https:\/\/fr.motocrossmag.be\/wp-content\/uploads\/2022\/10\/Lancelot-768x513.jpg 768w, https:\/\/fr.motocrossmag.be\/wp-content\/uploads\/2022\/10\/Lancelot.jpg 1000w\" data-sizes=\"auto\" data-orig-sizes=\"(max-width: 1000px) 100vw, 1000px\" \/><\/a><\/p>\n<p><strong>MXMag : Ton retrait en tant que manager signifie-t-il que tu te retires compl\u00e8tement du motocross ?<\/strong><\/p>\n<p>&nbsp;<\/p>\n<p>Lancelot : \u00ab\u00a0Non, je n&rsquo;ai pas dit que je ne serais pas l\u00e0 l&rsquo;ann\u00e9e prochaine. Je veux continuer \u00e0 travailler, je m&rsquo;occupe de la logistique avec l&rsquo;\u00e9quipe depuis des ann\u00e9es maintenant, donc travailler dans l&rsquo;ombre est le but. C&rsquo;est d\u00e9finitivement une option. Ce que j&rsquo;ai d\u00e9j\u00e0 dit \u00e0 l&rsquo;\u00e9quipe et \u00e0 Giacomo, c&rsquo;est que j&rsquo;ai 34 ans maintenant, que je veux construire une famille et voyager un peu moins pour rester \u00e0 la maison. Cette vie est folle. Vous pouvez faire \u00e7a pendant quelques ann\u00e9es mais pas toute votre vie. Le motocross, c&rsquo;\u00e9tait aussi trop de courses, on ne peut pas \u00eatre manager d&rsquo;\u00e9quipe et ne se pr\u00e9senter qu&rsquo;\u00e0 cinq courses sur vingt. Ce n&rsquo;\u00e9tait pas possible mais avec le Supercross c&rsquo;est un peu diff\u00e9rent parce qu&rsquo;il y a un super staff derri\u00e8re et Giacomo fait partie de l&rsquo;aventure. L&rsquo;ann\u00e9e prochaine, le plan pour le WSX est d&rsquo;avoir 10 \u00e9preuves, ce qui repr\u00e9sente d\u00e9j\u00e0 la moiti\u00e9 du calendrier MXGP, ce qui rend les choses plus faciles pour moi. J&rsquo;ai eu une vie de pilote pendant de nombreuses ann\u00e9es, puis de team manager, il est temps maintenant de construire autre chose.\u00a0\u00bb<\/p>\n<div id=\"attachment_50697\" style=\"width: 1210px\" class=\"wp-caption alignnone\"><a href=\"http:\/\/fr.motocrossmag.be\/wp-content\/uploads\/2016\/08\/lancelot_livia_world-champion.jpg\"><img decoding=\"async\" aria-describedby=\"caption-attachment-50697\" class=\"lazyload size-full wp-image-50697\" src=\"http:\/\/fr.motocrossmag.be\/wp-content\/uploads\/2016\/08\/lancelot_livia_world-champion.jpg\" data-orig-src=\"http:\/\/fr.motocrossmag.be\/wp-content\/uploads\/2016\/08\/lancelot_livia_world-champion.jpg\" alt=\"\" width=\"1200\" height=\"800\" srcset=\"data:image\/svg+xml,%3Csvg%20xmlns%3D%27http%3A%2F%2Fwww.w3.org%2F2000%2Fsvg%27%20width%3D%271200%27%20height%3D%27800%27%20viewBox%3D%270%200%201200%20800%27%3E%3Crect%20width%3D%271200%27%20height%3D%27800%27%20fill-opacity%3D%220%22%2F%3E%3C%2Fsvg%3E\" data-srcset=\"https:\/\/fr.motocrossmag.be\/wp-content\/uploads\/2016\/08\/lancelot_livia_world-champion-650x433.jpg 650w, https:\/\/fr.motocrossmag.be\/wp-content\/uploads\/2016\/08\/lancelot_livia_world-champion-1024x683.jpg 1024w, https:\/\/fr.motocrossmag.be\/wp-content\/uploads\/2016\/08\/lancelot_livia_world-champion.jpg 1200w\" data-sizes=\"auto\" data-orig-sizes=\"(max-width: 1200px) 100vw, 1200px\" \/><\/a><p id=\"caption-attachment-50697\" class=\"wp-caption-text\">Livia Lancelot a \u00e9t\u00e9 deux fois championne du monde WMX en 2008 puis en 2016 avant de prendre la t\u00eate de 114 Motorsports Honda.<\/p><\/div>\n<p><strong><br \/>\nMXMag : Et le mondial f\u00e9minin ? On sait que c&rsquo;est tr\u00e8s difficile pour les filles&#8230; Tu pourrais encore aider dans le future l&rsquo;une ou l&rsquo;autre fille \u00e0 percer sur ce championnat que tu as remport\u00e9 \u00e0 deux reprises ?<\/strong><\/p>\n<p>Lancelot : \u00ab\u00a0Oui, le WMX est vraiment difficile pour les filles. Les budgets sont fous et les sponsors ne sont pas vraiment int\u00e9ress\u00e9s. Ca marche uniquement pour quelques filles. Pour Courtney (Duncan) ou pour Lotte (Van Drunen), \u00e7a fonctionne et j&rsquo;en suis vraiment heureuse. \u00c7a marchait pour moi et \u00e7a marchait pour Kiara (Fontanesi) mais \u00e0 c\u00f4t\u00e9 de ces quelques exceptions, la vie de ces jeunes filles est vraiment difficile. Si je peux encore aider l&rsquo;une ou l&rsquo;autre fille, je ferai de mon mieux mais le principal probl\u00e8me est le budget. Si elles trouvent un budget, je suis heureuse de les aider mais je ne peux pas courir partout pour trouver un budget pour elles, ce n&rsquo;est plus mon travail. Je l&rsquo;ai d\u00e9j\u00e0 fait pour moi pendant si longtemps&#8230; Mais oui, je regarde toujours vers le WMX et j&rsquo;essaie de construire quelque chose. Ce serait quelque chose de g\u00e9nial, je parle avec quelques filles et j&rsquo;essaie de travailler sur un projet. Peut-\u00eatre pas en 2023 mais en 2024, c&rsquo;est dans ma t\u00eate avec d&rsquo;autres projets&#8230;\u00a0\u00bb<\/p>\n<p>Interview: Andy McKinstry<\/p>\n","protected":false},"excerpt":{"rendered":"<p>Depuis qu&rsquo;elle s&rsquo;est retir\u00e9e de la comp\u00e9tition, Livia Lancelot dirige l&rsquo;\u00e9quipe 114 Motorsports Honda, laquelle a su se faire une place en vue dans le paddock MXGP. Les pilotes de [&#8230;]<\/p>\n","protected":false},"author":932,"featured_media":75544,"comment_status":"open","ping_status":"closed","sticky":false,"template":"","format":"standard","meta":{"footnotes":""},"categories":[54,7,58,4,6,5,55,65],"tags":[800,947,568,1839],"class_list":["post-121509","post","type-post","status-publish","format-standard","has-post-thumbnail","hentry","category-actualite","category-interviews","category-interviews-actualite","category-motocross","category-mx1mx2","category-news","category-news-actualite","category-slideshow","tag-livia-lancelot","tag-motocross","tag-mxgp","tag-ruben-fernandez"],"yoast_head":"<!-- This site is optimized with the Yoast SEO plugin v27.4 - https:\/\/yoast.com\/product\/yoast-seo-wordpress\/ -->\n<title>Livia Lancelot : &quot;Il est temps pour moi de construire autre chose&quot; - Motocross - Enduro - Supermoto | MotocrossMag<\/title>\n<meta name=\"robots\" content=\"index, follow, max-snippet:-1, max-image-preview:large, max-video-preview:-1\" \/>\n<link rel=\"canonical\" href=\"https:\/\/fr.motocrossmag.be\/index.php\/2022\/10\/livia-lancelot-il-est-temps-pour-moi-de-construire-autre-chose\/\" \/>\n<meta property=\"og:locale\" content=\"fr_FR\" \/>\n<meta property=\"og:type\" content=\"article\" \/>\n<meta property=\"og:title\" content=\"Livia Lancelot : &quot;Il est temps pour moi de construire autre chose&quot; - Motocross - Enduro - Supermoto | MotocrossMag\" \/>\n<meta property=\"og:description\" content=\"Depuis qu&rsquo;elle s&rsquo;est retir\u00e9e de la comp\u00e9tition, Livia Lancelot dirige l&rsquo;\u00e9quipe 114 Motorsports Honda, laquelle a su se faire une place en vue dans le paddock MXGP. Les pilotes de [...]\" \/>\n<meta property=\"og:url\" content=\"https:\/\/fr.motocrossmag.be\/index.php\/2022\/10\/livia-lancelot-il-est-temps-pour-moi-de-construire-autre-chose\/\" \/>\n<meta property=\"og:site_name\" content=\"Motocross - Enduro - Supermoto | MotocrossMag\" \/>\n<meta property=\"article:published_time\" content=\"2022-10-22T07:35:08+00:00\" \/>\n<meta property=\"og:image\" content=\"https:\/\/fr.motocrossmag.be\/wp-content\/uploads\/2018\/07\/lancelot-livia-114-motorsport.jpg\" \/>\n\t<meta property=\"og:image:width\" content=\"1124\" \/>\n\t<meta property=\"og:image:height\" content=\"717\" \/>\n\t<meta property=\"og:image:type\" content=\"image\/jpeg\" \/>\n<meta name=\"author\" content=\"oliviere\" \/>\n<meta name=\"twitter:card\" content=\"summary_large_image\" \/>\n<meta name=\"twitter:label1\" content=\"\u00c9crit par\" \/>\n\t<meta name=\"twitter:data1\" content=\"oliviere\" \/>\n\t<meta name=\"twitter:label2\" content=\"Dur\u00e9e de lecture estim\u00e9e\" \/>\n\t<meta name=\"twitter:data2\" content=\"8 minutes\" \/>\n<script type=\"application\/ld+json\" class=\"yoast-schema-graph\">{\"@context\":\"https:\\\/\\\/schema.org\",\"@graph\":[{\"@type\":\"Article\",\"@id\":\"https:\\\/\\\/fr.motocrossmag.be\\\/index.php\\\/2022\\\/10\\\/livia-lancelot-il-est-temps-pour-moi-de-construire-autre-chose\\\/#article\",\"isPartOf\":{\"@id\":\"https:\\\/\\\/fr.motocrossmag.be\\\/index.php\\\/2022\\\/10\\\/livia-lancelot-il-est-temps-pour-moi-de-construire-autre-chose\\\/\"},\"author\":{\"name\":\"oliviere\",\"@id\":\"https:\\\/\\\/fr.motocrossmag.be\\\/#\\\/schema\\\/person\\\/11b47143d9f755babca2c9110e03235c\"},\"headline\":\"Livia Lancelot : \u00ab\u00a0Il est temps pour moi de construire autre chose\u00a0\u00bb\",\"datePublished\":\"2022-10-22T07:35:08+00:00\",\"mainEntityOfPage\":{\"@id\":\"https:\\\/\\\/fr.motocrossmag.be\\\/index.php\\\/2022\\\/10\\\/livia-lancelot-il-est-temps-pour-moi-de-construire-autre-chose\\\/\"},\"wordCount\":1678,\"commentCount\":0,\"image\":{\"@id\":\"https:\\\/\\\/fr.motocrossmag.be\\\/index.php\\\/2022\\\/10\\\/livia-lancelot-il-est-temps-pour-moi-de-construire-autre-chose\\\/#primaryimage\"},\"thumbnailUrl\":\"https:\\\/\\\/fr.motocrossmag.be\\\/wp-content\\\/uploads\\\/2018\\\/07\\\/lancelot-livia-114-motorsport.jpg\",\"keywords\":[\"Livia Lancelot\",\"Motocross\",\"MXGP\",\"ruben fernandez\"],\"articleSection\":[\"Actualit\u00e9\",\"Interviews\",\"Interviews -all\",\"Motocross\",\"Motocross MXGP\",\"News\",\"News\",\"Slideshow\"],\"inLanguage\":\"fr-FR\",\"potentialAction\":[{\"@type\":\"CommentAction\",\"name\":\"Comment\",\"target\":[\"https:\\\/\\\/fr.motocrossmag.be\\\/index.php\\\/2022\\\/10\\\/livia-lancelot-il-est-temps-pour-moi-de-construire-autre-chose\\\/#respond\"]}]},{\"@type\":\"WebPage\",\"@id\":\"https:\\\/\\\/fr.motocrossmag.be\\\/index.php\\\/2022\\\/10\\\/livia-lancelot-il-est-temps-pour-moi-de-construire-autre-chose\\\/\",\"url\":\"https:\\\/\\\/fr.motocrossmag.be\\\/index.php\\\/2022\\\/10\\\/livia-lancelot-il-est-temps-pour-moi-de-construire-autre-chose\\\/\",\"name\":\"Livia Lancelot : \\\"Il est temps pour moi de construire autre chose\\\" - Motocross - Enduro - Supermoto | MotocrossMag\",\"isPartOf\":{\"@id\":\"https:\\\/\\\/fr.motocrossmag.be\\\/#website\"},\"primaryImageOfPage\":{\"@id\":\"https:\\\/\\\/fr.motocrossmag.be\\\/index.php\\\/2022\\\/10\\\/livia-lancelot-il-est-temps-pour-moi-de-construire-autre-chose\\\/#primaryimage\"},\"image\":{\"@id\":\"https:\\\/\\\/fr.motocrossmag.be\\\/index.php\\\/2022\\\/10\\\/livia-lancelot-il-est-temps-pour-moi-de-construire-autre-chose\\\/#primaryimage\"},\"thumbnailUrl\":\"https:\\\/\\\/fr.motocrossmag.be\\\/wp-content\\\/uploads\\\/2018\\\/07\\\/lancelot-livia-114-motorsport.jpg\",\"datePublished\":\"2022-10-22T07:35:08+00:00\",\"author\":{\"@id\":\"https:\\\/\\\/fr.motocrossmag.be\\\/#\\\/schema\\\/person\\\/11b47143d9f755babca2c9110e03235c\"},\"breadcrumb\":{\"@id\":\"https:\\\/\\\/fr.motocrossmag.be\\\/index.php\\\/2022\\\/10\\\/livia-lancelot-il-est-temps-pour-moi-de-construire-autre-chose\\\/#breadcrumb\"},\"inLanguage\":\"fr-FR\",\"potentialAction\":[{\"@type\":\"ReadAction\",\"target\":[\"https:\\\/\\\/fr.motocrossmag.be\\\/index.php\\\/2022\\\/10\\\/livia-lancelot-il-est-temps-pour-moi-de-construire-autre-chose\\\/\"]}]},{\"@type\":\"ImageObject\",\"inLanguage\":\"fr-FR\",\"@id\":\"https:\\\/\\\/fr.motocrossmag.be\\\/index.php\\\/2022\\\/10\\\/livia-lancelot-il-est-temps-pour-moi-de-construire-autre-chose\\\/#primaryimage\",\"url\":\"https:\\\/\\\/fr.motocrossmag.be\\\/wp-content\\\/uploads\\\/2018\\\/07\\\/lancelot-livia-114-motorsport.jpg\",\"contentUrl\":\"https:\\\/\\\/fr.motocrossmag.be\\\/wp-content\\\/uploads\\\/2018\\\/07\\\/lancelot-livia-114-motorsport.jpg\",\"width\":1124,\"height\":717},{\"@type\":\"BreadcrumbList\",\"@id\":\"https:\\\/\\\/fr.motocrossmag.be\\\/index.php\\\/2022\\\/10\\\/livia-lancelot-il-est-temps-pour-moi-de-construire-autre-chose\\\/#breadcrumb\",\"itemListElement\":[{\"@type\":\"ListItem\",\"position\":1,\"name\":\"Accueil\",\"item\":\"https:\\\/\\\/fr.motocrossmag.be\\\/\"},{\"@type\":\"ListItem\",\"position\":2,\"name\":\"Livia Lancelot : \u00ab\u00a0Il est temps pour moi de construire autre chose\u00a0\u00bb\"}]},{\"@type\":\"WebSite\",\"@id\":\"https:\\\/\\\/fr.motocrossmag.be\\\/#website\",\"url\":\"https:\\\/\\\/fr.motocrossmag.be\\\/\",\"name\":\"Motocross - Enduro - Supermoto | MotocrossMag\",\"description\":\"L&#039;actualit\u00e9 du motocross, de l&#039;enduro et du Supermoto en ligne!\",\"potentialAction\":[{\"@type\":\"SearchAction\",\"target\":{\"@type\":\"EntryPoint\",\"urlTemplate\":\"https:\\\/\\\/fr.motocrossmag.be\\\/?s={search_term_string}\"},\"query-input\":{\"@type\":\"PropertyValueSpecification\",\"valueRequired\":true,\"valueName\":\"search_term_string\"}}],\"inLanguage\":\"fr-FR\"},{\"@type\":\"Person\",\"@id\":\"https:\\\/\\\/fr.motocrossmag.be\\\/#\\\/schema\\\/person\\\/11b47143d9f755babca2c9110e03235c\",\"name\":\"oliviere\",\"image\":{\"@type\":\"ImageObject\",\"inLanguage\":\"fr-FR\",\"@id\":\"https:\\\/\\\/secure.gravatar.com\\\/avatar\\\/907069e0b81d119452040469e4a7501da1100f54f7f80180ce77bfab718288f6?s=96&d=mm&r=g\",\"url\":\"https:\\\/\\\/secure.gravatar.com\\\/avatar\\\/907069e0b81d119452040469e4a7501da1100f54f7f80180ce77bfab718288f6?s=96&d=mm&r=g\",\"contentUrl\":\"https:\\\/\\\/secure.gravatar.com\\\/avatar\\\/907069e0b81d119452040469e4a7501da1100f54f7f80180ce77bfab718288f6?s=96&d=mm&r=g\",\"caption\":\"oliviere\"},\"sameAs\":[\"http:\\\/\\\/www.motocrossmag.be\"],\"url\":\"https:\\\/\\\/fr.motocrossmag.be\\\/index.php\\\/author\\\/oliviere\\\/\"}]}<\/script>\n<!-- \/ Yoast SEO plugin. -->","yoast_head_json":{"title":"Livia Lancelot : \"Il est temps pour moi de construire autre chose\" - Motocross - Enduro - Supermoto | MotocrossMag","robots":{"index":"index","follow":"follow","max-snippet":"max-snippet:-1","max-image-preview":"max-image-preview:large","max-video-preview":"max-video-preview:-1"},"canonical":"https:\/\/fr.motocrossmag.be\/index.php\/2022\/10\/livia-lancelot-il-est-temps-pour-moi-de-construire-autre-chose\/","og_locale":"fr_FR","og_type":"article","og_title":"Livia Lancelot : \"Il est temps pour moi de construire autre chose\" - Motocross - Enduro - Supermoto | MotocrossMag","og_description":"Depuis qu&rsquo;elle s&rsquo;est retir\u00e9e de la comp\u00e9tition, Livia Lancelot dirige l&rsquo;\u00e9quipe 114 Motorsports Honda, laquelle a su se faire une place en vue dans le paddock MXGP. Les pilotes de [...]","og_url":"https:\/\/fr.motocrossmag.be\/index.php\/2022\/10\/livia-lancelot-il-est-temps-pour-moi-de-construire-autre-chose\/","og_site_name":"Motocross - Enduro - Supermoto | MotocrossMag","article_published_time":"2022-10-22T07:35:08+00:00","og_image":[{"width":1124,"height":717,"url":"https:\/\/fr.motocrossmag.be\/wp-content\/uploads\/2018\/07\/lancelot-livia-114-motorsport.jpg","type":"image\/jpeg"}],"author":"oliviere","twitter_card":"summary_large_image","twitter_misc":{"\u00c9crit par":"oliviere","Dur\u00e9e de lecture estim\u00e9e":"8 minutes"},"schema":{"@context":"https:\/\/schema.org","@graph":[{"@type":"Article","@id":"https:\/\/fr.motocrossmag.be\/index.php\/2022\/10\/livia-lancelot-il-est-temps-pour-moi-de-construire-autre-chose\/#article","isPartOf":{"@id":"https:\/\/fr.motocrossmag.be\/index.php\/2022\/10\/livia-lancelot-il-est-temps-pour-moi-de-construire-autre-chose\/"},"author":{"name":"oliviere","@id":"https:\/\/fr.motocrossmag.be\/#\/schema\/person\/11b47143d9f755babca2c9110e03235c"},"headline":"Livia Lancelot : \u00ab\u00a0Il est temps pour moi de construire autre chose\u00a0\u00bb","datePublished":"2022-10-22T07:35:08+00:00","mainEntityOfPage":{"@id":"https:\/\/fr.motocrossmag.be\/index.php\/2022\/10\/livia-lancelot-il-est-temps-pour-moi-de-construire-autre-chose\/"},"wordCount":1678,"commentCount":0,"image":{"@id":"https:\/\/fr.motocrossmag.be\/index.php\/2022\/10\/livia-lancelot-il-est-temps-pour-moi-de-construire-autre-chose\/#primaryimage"},"thumbnailUrl":"https:\/\/fr.motocrossmag.be\/wp-content\/uploads\/2018\/07\/lancelot-livia-114-motorsport.jpg","keywords":["Livia Lancelot","Motocross","MXGP","ruben fernandez"],"articleSection":["Actualit\u00e9","Interviews","Interviews -all","Motocross","Motocross MXGP","News","News","Slideshow"],"inLanguage":"fr-FR","potentialAction":[{"@type":"CommentAction","name":"Comment","target":["https:\/\/fr.motocrossmag.be\/index.php\/2022\/10\/livia-lancelot-il-est-temps-pour-moi-de-construire-autre-chose\/#respond"]}]},{"@type":"WebPage","@id":"https:\/\/fr.motocrossmag.be\/index.php\/2022\/10\/livia-lancelot-il-est-temps-pour-moi-de-construire-autre-chose\/","url":"https:\/\/fr.motocrossmag.be\/index.php\/2022\/10\/livia-lancelot-il-est-temps-pour-moi-de-construire-autre-chose\/","name":"Livia Lancelot : \"Il est temps pour moi de construire autre chose\" - Motocross - Enduro - Supermoto | MotocrossMag","isPartOf":{"@id":"https:\/\/fr.motocrossmag.be\/#website"},"primaryImageOfPage":{"@id":"https:\/\/fr.motocrossmag.be\/index.php\/2022\/10\/livia-lancelot-il-est-temps-pour-moi-de-construire-autre-chose\/#primaryimage"},"image":{"@id":"https:\/\/fr.motocrossmag.be\/index.php\/2022\/10\/livia-lancelot-il-est-temps-pour-moi-de-construire-autre-chose\/#primaryimage"},"thumbnailUrl":"https:\/\/fr.motocrossmag.be\/wp-content\/uploads\/2018\/07\/lancelot-livia-114-motorsport.jpg","datePublished":"2022-10-22T07:35:08+00:00","author":{"@id":"https:\/\/fr.motocrossmag.be\/#\/schema\/person\/11b47143d9f755babca2c9110e03235c"},"breadcrumb":{"@id":"https:\/\/fr.motocrossmag.be\/index.php\/2022\/10\/livia-lancelot-il-est-temps-pour-moi-de-construire-autre-chose\/#breadcrumb"},"inLanguage":"fr-FR","potentialAction":[{"@type":"ReadAction","target":["https:\/\/fr.motocrossmag.be\/index.php\/2022\/10\/livia-lancelot-il-est-temps-pour-moi-de-construire-autre-chose\/"]}]},{"@type":"ImageObject","inLanguage":"fr-FR","@id":"https:\/\/fr.motocrossmag.be\/index.php\/2022\/10\/livia-lancelot-il-est-temps-pour-moi-de-construire-autre-chose\/#primaryimage","url":"https:\/\/fr.motocrossmag.be\/wp-content\/uploads\/2018\/07\/lancelot-livia-114-motorsport.jpg","contentUrl":"https:\/\/fr.motocrossmag.be\/wp-content\/uploads\/2018\/07\/lancelot-livia-114-motorsport.jpg","width":1124,"height":717},{"@type":"BreadcrumbList","@id":"https:\/\/fr.motocrossmag.be\/index.php\/2022\/10\/livia-lancelot-il-est-temps-pour-moi-de-construire-autre-chose\/#breadcrumb","itemListElement":[{"@type":"ListItem","position":1,"name":"Accueil","item":"https:\/\/fr.motocrossmag.be\/"},{"@type":"ListItem","position":2,"name":"Livia Lancelot : \u00ab\u00a0Il est temps pour moi de construire autre chose\u00a0\u00bb"}]},{"@type":"WebSite","@id":"https:\/\/fr.motocrossmag.be\/#website","url":"https:\/\/fr.motocrossmag.be\/","name":"Motocross - Enduro - Supermoto | MotocrossMag","description":"L&#039;actualit\u00e9 du motocross, de l&#039;enduro et du Supermoto en ligne!","potentialAction":[{"@type":"SearchAction","target":{"@type":"EntryPoint","urlTemplate":"https:\/\/fr.motocrossmag.be\/?s={search_term_string}"},"query-input":{"@type":"PropertyValueSpecification","valueRequired":true,"valueName":"search_term_string"}}],"inLanguage":"fr-FR"},{"@type":"Person","@id":"https:\/\/fr.motocrossmag.be\/#\/schema\/person\/11b47143d9f755babca2c9110e03235c","name":"oliviere","image":{"@type":"ImageObject","inLanguage":"fr-FR","@id":"https:\/\/secure.gravatar.com\/avatar\/907069e0b81d119452040469e4a7501da1100f54f7f80180ce77bfab718288f6?s=96&d=mm&r=g","url":"https:\/\/secure.gravatar.com\/avatar\/907069e0b81d119452040469e4a7501da1100f54f7f80180ce77bfab718288f6?s=96&d=mm&r=g","contentUrl":"https:\/\/secure.gravatar.com\/avatar\/907069e0b81d119452040469e4a7501da1100f54f7f80180ce77bfab718288f6?s=96&d=mm&r=g","caption":"oliviere"},"sameAs":["http:\/\/www.motocrossmag.be"],"url":"https:\/\/fr.motocrossmag.be\/index.php\/author\/oliviere\/"}]}},"_links":{"self":[{"href":"https:\/\/fr.motocrossmag.be\/index.php\/wp-json\/wp\/v2\/posts\/121509","targetHints":{"allow":["GET"]}}],"collection":[{"href":"https:\/\/fr.motocrossmag.be\/index.php\/wp-json\/wp\/v2\/posts"}],"about":[{"href":"https:\/\/fr.motocrossmag.be\/index.php\/wp-json\/wp\/v2\/types\/post"}],"author":[{"embeddable":true,"href":"https:\/\/fr.motocrossmag.be\/index.php\/wp-json\/wp\/v2\/users\/932"}],"replies":[{"embeddable":true,"href":"https:\/\/fr.motocrossmag.be\/index.php\/wp-json\/wp\/v2\/comments?post=121509"}],"version-history":[{"count":0,"href":"https:\/\/fr.motocrossmag.be\/index.php\/wp-json\/wp\/v2\/posts\/121509\/revisions"}],"wp:featuredmedia":[{"embeddable":true,"href":"https:\/\/fr.motocrossmag.be\/index.php\/wp-json\/wp\/v2\/media\/75544"}],"wp:attachment":[{"href":"https:\/\/fr.motocrossmag.be\/index.php\/wp-json\/wp\/v2\/media?parent=121509"}],"wp:term":[{"taxonomy":"category","embeddable":true,"href":"https:\/\/fr.motocrossmag.be\/index.php\/wp-json\/wp\/v2\/categories?post=121509"},{"taxonomy":"post_tag","embeddable":true,"href":"https:\/\/fr.motocrossmag.be\/index.php\/wp-json\/wp\/v2\/tags?post=121509"}],"curies":[{"name":"wp","href":"https:\/\/api.w.org\/{rel}","templated":true}]}}