{"id":121540,"date":"2022-10-25T11:01:26","date_gmt":"2022-10-25T09:01:26","guid":{"rendered":"http:\/\/fr.motocrossmag.be\/?p=121540"},"modified":"2022-10-25T11:01:26","modified_gmt":"2022-10-25T09:01:26","slug":"bihr-rejoint-le-giron-darrowhead","status":"publish","type":"post","link":"https:\/\/fr.motocrossmag.be\/index.php\/2022\/10\/bihr-rejoint-le-giron-darrowhead\/","title":{"rendered":"Bihr rejoint le giron d&rsquo;Arrowhead"},"content":{"rendered":"<p><strong>Arrowhead Engineered Products (Arrowhead), un leader mondial de la distribution de pi\u00e8ces d\u00e9tach\u00e9es d\u2019une part, et les actionnaires de Bihr d\u2019autre part ont annonc\u00e9 ce 21 octobre l\u2019acquisition de Bihr, grand sp\u00e9cialiste europ\u00e9en dans la distribution de pi\u00e8ces, d\u2019accessoires et d\u2019\u00e9quipements pour motos, quads\/ATV, v\u00e9los et scooters, par Arrowhead. La soci\u00e9t\u00e9 Bihr \u2013 dont le si\u00e8ge europ\u00e9en est bas\u00e9 \u00e0 Kontich en Belgique &#8211; est pr\u00e9sente dans 20\u00a0pays et commercialise quelques 350\u00a0marques soit un peu plus de 200\u00a0000 r\u00e9f\u00e9rences de pi\u00e8ces, \u00e0 un r\u00e9seau de 15\u00a0000 concessionnaires et r\u00e9parateurs de deux roues en Europe.<\/strong><\/p>\n<p>\u00ab\u00a0Nous cherchons \u00e0 nous associer \u00e0 des organisations tr\u00e8s prosp\u00e8res et respect\u00e9es, faisant de chaque acquisition un succ\u00e8s et acc\u00e9l\u00e9rant notre croissance pour devenir le plus grand fournisseur de pi\u00e8ces de rechange tout-terrain au monde\u00a0\u00bb, a d\u00e9clar\u00e9 John Mosunic, P-DG d\u2019Arrowhead et d\u2019ajouter \u00ab\u00a0La combinaison de Bihr et d\u2019Arrowhead cr\u00e9e un leader mondial dans le domaine des sports motoris\u00e9s avec une proposition de valeur ind\u00e9niable pour les concessionnaires.\u00a0\u00bb<\/p>\n<div id=\"attachment_121542\" style=\"width: 1010px\" class=\"wp-caption alignnone\"><a href=\"http:\/\/fr.motocrossmag.be\/wp-content\/uploads\/2022\/10\/Christophe-Piron.jpg\"><img decoding=\"async\" aria-describedby=\"caption-attachment-121542\" class=\"lazyload size-full wp-image-121542\" src=\"http:\/\/fr.motocrossmag.be\/wp-content\/uploads\/2022\/10\/Christophe-Piron.jpg\" data-orig-src=\"http:\/\/fr.motocrossmag.be\/wp-content\/uploads\/2022\/10\/Christophe-Piron.jpg\" alt=\"\" width=\"1000\" height=\"793\" srcset=\"data:image\/svg+xml,%3Csvg%20xmlns%3D%27http%3A%2F%2Fwww.w3.org%2F2000%2Fsvg%27%20width%3D%271000%27%20height%3D%27793%27%20viewBox%3D%270%200%201000%20793%27%3E%3Crect%20width%3D%271000%27%20height%3D%27793%27%20fill-opacity%3D%220%22%2F%3E%3C%2Fsvg%3E\" data-srcset=\"https:\/\/fr.motocrossmag.be\/wp-content\/uploads\/2022\/10\/Christophe-Piron-650x515.jpg 650w, https:\/\/fr.motocrossmag.be\/wp-content\/uploads\/2022\/10\/Christophe-Piron-768x609.jpg 768w, https:\/\/fr.motocrossmag.be\/wp-content\/uploads\/2022\/10\/Christophe-Piron.jpg 1000w\" data-sizes=\"auto\" data-orig-sizes=\"(max-width: 1000px) 100vw, 1000px\" \/><\/a><p id=\"caption-attachment-121542\" class=\"wp-caption-text\">Pour Christophe Piron, rejoindre le giron d&rsquo;Arrowhead offre \u00e0 Bihr des opportunit\u00e9s de croissance tr\u00e8s importantes.<\/p><\/div>\n<p>Christophe Piron, PDG de Bihr jusqu\u2019\u00e0 pr\u00e9sent, rejoint Arrowhead Engineered Products en tant que co-pr\u00e9sident pour l\u2019Europe et pr\u00e9sident de la branche sports motoris\u00e9s Europe et int\u00e8grera le comit\u00e9 ex\u00e9cutif d\u2019Arrowhead.<\/p>\n<p>\u00ab\u00a0Bihr et Arrowhead cr\u00e9ent une entreprise o\u00f9 le tout est sup\u00e9rieur \u00e0 la somme de ses parties,\u00a0\u00bb a d\u00e9clar\u00e9 Christophe Piron et d\u2019ajouter\u00a0: \u00ab\u00a0Nous sommes pr\u00eats \u00e0 tirer parti de notre expertise partag\u00e9e afin d\u2019\u00e9largir nos offres et notre client\u00e8le. \u00bb<\/p>\n<p>Alcopa, conjointement avec ses autres actionnaires, a investi dans Bihr en\u00a02010 et s\u2019est fait le fer de lance du d\u00e9veloppement europ\u00e9en de l\u2019entreprise depuis ses origines en France. Damien Heymans, directeur associ\u00e9, a d\u00e9clar\u00e9\u00a0: \u00ab\u00a0Nous sommes fiers d\u2019\u00eatre actionnaires de Bihr depuis plus de 10\u00a0ans et sommes convaincus qu\u2019Arrowhead est d\u00e9sormais le partenaire id\u00e9al pour accompagner l\u2019entreprise dans le d\u00e9veloppement de sa croissance future.\u00a0\u00bb Et Axel Moorkens, directeur g\u00e9n\u00e9ral d\u2019Alcopa d\u2019ajouter\u00a0: \u00ab\u00a0La logistique de premier ordre de Bihr, son engagement in\u00e9branlable envers le service de ses clients et l\u2019expansion du portefeuille de marques d\u00e9tenues constitueront des actifs solides pour Arrowhead. Nous sommes convaincus que les deux entreprises puiseront un immense b\u00e9n\u00e9fice de cette acquisition\u00a0\u00bb.<\/p>\n<p>D&rsquo;un point de vue pratique, Bihr m\u00e8ne et poursuit ses activit\u00e9s comme pr\u00e9c\u00e9demment, en op\u00e9rant et en exp\u00e9diant les commandes depuis ses sites europ\u00e9ens actuels.<\/p>\n","protected":false},"excerpt":{"rendered":"<p>Arrowhead Engineered Products (Arrowhead), un leader mondial de la distribution de pi\u00e8ces d\u00e9tach\u00e9es d\u2019une part, et les actionnaires de Bihr d\u2019autre part ont annonc\u00e9 ce 21 octobre l\u2019acquisition de Bihr, [&#8230;]<\/p>\n","protected":false},"author":932,"featured_media":121541,"comment_status":"open","ping_status":"closed","sticky":false,"template":"","format":"standard","meta":{"footnotes":""},"categories":[54,545,4,5,55,65],"tags":[1257,1185],"class_list":["post-121540","post","type-post","status-publish","format-standard","has-post-thumbnail","hentry","category-actualite","category-industrie","category-motocross","category-news","category-news-actualite","category-slideshow","tag-bihr","tag-industrie"],"yoast_head":"<!-- This site is optimized with the Yoast SEO plugin v27.4 - https:\/\/yoast.com\/product\/yoast-seo-wordpress\/ -->\n<title>Bihr rejoint le giron d&#039;Arrowhead - Motocross - Enduro - Supermoto | MotocrossMag<\/title>\n<meta name=\"robots\" content=\"index, follow, max-snippet:-1, max-image-preview:large, max-video-preview:-1\" \/>\n<link rel=\"canonical\" href=\"https:\/\/fr.motocrossmag.be\/index.php\/2022\/10\/bihr-rejoint-le-giron-darrowhead\/\" \/>\n<meta property=\"og:locale\" content=\"fr_FR\" \/>\n<meta property=\"og:type\" content=\"article\" \/>\n<meta property=\"og:title\" content=\"Bihr rejoint le giron d&#039;Arrowhead - Motocross - Enduro - Supermoto | MotocrossMag\" \/>\n<meta property=\"og:description\" content=\"Arrowhead Engineered Products (Arrowhead), un leader mondial de la distribution de pi\u00e8ces d\u00e9tach\u00e9es d\u2019une part, et les actionnaires de Bihr d\u2019autre part ont annonc\u00e9 ce 21 octobre l\u2019acquisition de Bihr, [...]\" \/>\n<meta property=\"og:url\" content=\"https:\/\/fr.motocrossmag.be\/index.php\/2022\/10\/bihr-rejoint-le-giron-darrowhead\/\" \/>\n<meta property=\"og:site_name\" content=\"Motocross - Enduro - Supermoto | MotocrossMag\" \/>\n<meta property=\"article:published_time\" content=\"2022-10-25T09:01:26+00:00\" \/>\n<meta property=\"og:image\" content=\"https:\/\/fr.motocrossmag.be\/wp-content\/uploads\/2022\/10\/Bihr_ext.jpg\" \/>\n\t<meta property=\"og:image:width\" content=\"1000\" \/>\n\t<meta property=\"og:image:height\" content=\"646\" \/>\n\t<meta property=\"og:image:type\" content=\"image\/jpeg\" \/>\n<meta name=\"author\" content=\"oliviere\" \/>\n<meta name=\"twitter:card\" content=\"summary_large_image\" \/>\n<meta name=\"twitter:label1\" content=\"\u00c9crit par\" \/>\n\t<meta name=\"twitter:data1\" content=\"oliviere\" \/>\n\t<meta name=\"twitter:label2\" content=\"Dur\u00e9e de lecture estim\u00e9e\" \/>\n\t<meta name=\"twitter:data2\" content=\"2 minutes\" \/>\n<script type=\"application\/ld+json\" class=\"yoast-schema-graph\">{\"@context\":\"https:\\\/\\\/schema.org\",\"@graph\":[{\"@type\":\"Article\",\"@id\":\"https:\\\/\\\/fr.motocrossmag.be\\\/index.php\\\/2022\\\/10\\\/bihr-rejoint-le-giron-darrowhead\\\/#article\",\"isPartOf\":{\"@id\":\"https:\\\/\\\/fr.motocrossmag.be\\\/index.php\\\/2022\\\/10\\\/bihr-rejoint-le-giron-darrowhead\\\/\"},\"author\":{\"name\":\"oliviere\",\"@id\":\"https:\\\/\\\/fr.motocrossmag.be\\\/#\\\/schema\\\/person\\\/11b47143d9f755babca2c9110e03235c\"},\"headline\":\"Bihr rejoint le giron d&rsquo;Arrowhead\",\"datePublished\":\"2022-10-25T09:01:26+00:00\",\"mainEntityOfPage\":{\"@id\":\"https:\\\/\\\/fr.motocrossmag.be\\\/index.php\\\/2022\\\/10\\\/bihr-rejoint-le-giron-darrowhead\\\/\"},\"wordCount\":473,\"commentCount\":0,\"image\":{\"@id\":\"https:\\\/\\\/fr.motocrossmag.be\\\/index.php\\\/2022\\\/10\\\/bihr-rejoint-le-giron-darrowhead\\\/#primaryimage\"},\"thumbnailUrl\":\"https:\\\/\\\/fr.motocrossmag.be\\\/wp-content\\\/uploads\\\/2022\\\/10\\\/Bihr_ext.jpg\",\"keywords\":[\"bihr\",\"industrie\"],\"articleSection\":[\"Actualit\u00e9\",\"Industrie\",\"Motocross\",\"News\",\"News\",\"Slideshow\"],\"inLanguage\":\"fr-FR\",\"potentialAction\":[{\"@type\":\"CommentAction\",\"name\":\"Comment\",\"target\":[\"https:\\\/\\\/fr.motocrossmag.be\\\/index.php\\\/2022\\\/10\\\/bihr-rejoint-le-giron-darrowhead\\\/#respond\"]}]},{\"@type\":\"WebPage\",\"@id\":\"https:\\\/\\\/fr.motocrossmag.be\\\/index.php\\\/2022\\\/10\\\/bihr-rejoint-le-giron-darrowhead\\\/\",\"url\":\"https:\\\/\\\/fr.motocrossmag.be\\\/index.php\\\/2022\\\/10\\\/bihr-rejoint-le-giron-darrowhead\\\/\",\"name\":\"Bihr rejoint le giron d'Arrowhead - Motocross - Enduro - Supermoto | MotocrossMag\",\"isPartOf\":{\"@id\":\"https:\\\/\\\/fr.motocrossmag.be\\\/#website\"},\"primaryImageOfPage\":{\"@id\":\"https:\\\/\\\/fr.motocrossmag.be\\\/index.php\\\/2022\\\/10\\\/bihr-rejoint-le-giron-darrowhead\\\/#primaryimage\"},\"image\":{\"@id\":\"https:\\\/\\\/fr.motocrossmag.be\\\/index.php\\\/2022\\\/10\\\/bihr-rejoint-le-giron-darrowhead\\\/#primaryimage\"},\"thumbnailUrl\":\"https:\\\/\\\/fr.motocrossmag.be\\\/wp-content\\\/uploads\\\/2022\\\/10\\\/Bihr_ext.jpg\",\"datePublished\":\"2022-10-25T09:01:26+00:00\",\"author\":{\"@id\":\"https:\\\/\\\/fr.motocrossmag.be\\\/#\\\/schema\\\/person\\\/11b47143d9f755babca2c9110e03235c\"},\"breadcrumb\":{\"@id\":\"https:\\\/\\\/fr.motocrossmag.be\\\/index.php\\\/2022\\\/10\\\/bihr-rejoint-le-giron-darrowhead\\\/#breadcrumb\"},\"inLanguage\":\"fr-FR\",\"potentialAction\":[{\"@type\":\"ReadAction\",\"target\":[\"https:\\\/\\\/fr.motocrossmag.be\\\/index.php\\\/2022\\\/10\\\/bihr-rejoint-le-giron-darrowhead\\\/\"]}]},{\"@type\":\"ImageObject\",\"inLanguage\":\"fr-FR\",\"@id\":\"https:\\\/\\\/fr.motocrossmag.be\\\/index.php\\\/2022\\\/10\\\/bihr-rejoint-le-giron-darrowhead\\\/#primaryimage\",\"url\":\"https:\\\/\\\/fr.motocrossmag.be\\\/wp-content\\\/uploads\\\/2022\\\/10\\\/Bihr_ext.jpg\",\"contentUrl\":\"https:\\\/\\\/fr.motocrossmag.be\\\/wp-content\\\/uploads\\\/2022\\\/10\\\/Bihr_ext.jpg\",\"width\":\"1000\",\"height\":\"646\"},{\"@type\":\"BreadcrumbList\",\"@id\":\"https:\\\/\\\/fr.motocrossmag.be\\\/index.php\\\/2022\\\/10\\\/bihr-rejoint-le-giron-darrowhead\\\/#breadcrumb\",\"itemListElement\":[{\"@type\":\"ListItem\",\"position\":1,\"name\":\"Accueil\",\"item\":\"https:\\\/\\\/fr.motocrossmag.be\\\/\"},{\"@type\":\"ListItem\",\"position\":2,\"name\":\"Bihr rejoint le giron d&rsquo;Arrowhead\"}]},{\"@type\":\"WebSite\",\"@id\":\"https:\\\/\\\/fr.motocrossmag.be\\\/#website\",\"url\":\"https:\\\/\\\/fr.motocrossmag.be\\\/\",\"name\":\"Motocross - Enduro - Supermoto | MotocrossMag\",\"description\":\"L&#039;actualit\u00e9 du motocross, de l&#039;enduro et du Supermoto en ligne!\",\"potentialAction\":[{\"@type\":\"SearchAction\",\"target\":{\"@type\":\"EntryPoint\",\"urlTemplate\":\"https:\\\/\\\/fr.motocrossmag.be\\\/?s={search_term_string}\"},\"query-input\":{\"@type\":\"PropertyValueSpecification\",\"valueRequired\":true,\"valueName\":\"search_term_string\"}}],\"inLanguage\":\"fr-FR\"},{\"@type\":\"Person\",\"@id\":\"https:\\\/\\\/fr.motocrossmag.be\\\/#\\\/schema\\\/person\\\/11b47143d9f755babca2c9110e03235c\",\"name\":\"oliviere\",\"image\":{\"@type\":\"ImageObject\",\"inLanguage\":\"fr-FR\",\"@id\":\"https:\\\/\\\/secure.gravatar.com\\\/avatar\\\/907069e0b81d119452040469e4a7501da1100f54f7f80180ce77bfab718288f6?s=96&d=mm&r=g\",\"url\":\"https:\\\/\\\/secure.gravatar.com\\\/avatar\\\/907069e0b81d119452040469e4a7501da1100f54f7f80180ce77bfab718288f6?s=96&d=mm&r=g\",\"contentUrl\":\"https:\\\/\\\/secure.gravatar.com\\\/avatar\\\/907069e0b81d119452040469e4a7501da1100f54f7f80180ce77bfab718288f6?s=96&d=mm&r=g\",\"caption\":\"oliviere\"},\"sameAs\":[\"http:\\\/\\\/www.motocrossmag.be\"],\"url\":\"https:\\\/\\\/fr.motocrossmag.be\\\/index.php\\\/author\\\/oliviere\\\/\"}]}<\/script>\n<!-- \/ Yoast SEO plugin. -->","yoast_head_json":{"title":"Bihr rejoint le giron d'Arrowhead - Motocross - Enduro - Supermoto | MotocrossMag","robots":{"index":"index","follow":"follow","max-snippet":"max-snippet:-1","max-image-preview":"max-image-preview:large","max-video-preview":"max-video-preview:-1"},"canonical":"https:\/\/fr.motocrossmag.be\/index.php\/2022\/10\/bihr-rejoint-le-giron-darrowhead\/","og_locale":"fr_FR","og_type":"article","og_title":"Bihr rejoint le giron d'Arrowhead - Motocross - Enduro - Supermoto | MotocrossMag","og_description":"Arrowhead Engineered Products (Arrowhead), un leader mondial de la distribution de pi\u00e8ces d\u00e9tach\u00e9es d\u2019une part, et les actionnaires de Bihr d\u2019autre part ont annonc\u00e9 ce 21 octobre l\u2019acquisition de Bihr, [...]","og_url":"https:\/\/fr.motocrossmag.be\/index.php\/2022\/10\/bihr-rejoint-le-giron-darrowhead\/","og_site_name":"Motocross - Enduro - Supermoto | MotocrossMag","article_published_time":"2022-10-25T09:01:26+00:00","og_image":[{"width":1000,"height":646,"url":"https:\/\/fr.motocrossmag.be\/wp-content\/uploads\/2022\/10\/Bihr_ext.jpg","type":"image\/jpeg"}],"author":"oliviere","twitter_card":"summary_large_image","twitter_misc":{"\u00c9crit par":"oliviere","Dur\u00e9e de lecture estim\u00e9e":"2 minutes"},"schema":{"@context":"https:\/\/schema.org","@graph":[{"@type":"Article","@id":"https:\/\/fr.motocrossmag.be\/index.php\/2022\/10\/bihr-rejoint-le-giron-darrowhead\/#article","isPartOf":{"@id":"https:\/\/fr.motocrossmag.be\/index.php\/2022\/10\/bihr-rejoint-le-giron-darrowhead\/"},"author":{"name":"oliviere","@id":"https:\/\/fr.motocrossmag.be\/#\/schema\/person\/11b47143d9f755babca2c9110e03235c"},"headline":"Bihr rejoint le giron d&rsquo;Arrowhead","datePublished":"2022-10-25T09:01:26+00:00","mainEntityOfPage":{"@id":"https:\/\/fr.motocrossmag.be\/index.php\/2022\/10\/bihr-rejoint-le-giron-darrowhead\/"},"wordCount":473,"commentCount":0,"image":{"@id":"https:\/\/fr.motocrossmag.be\/index.php\/2022\/10\/bihr-rejoint-le-giron-darrowhead\/#primaryimage"},"thumbnailUrl":"https:\/\/fr.motocrossmag.be\/wp-content\/uploads\/2022\/10\/Bihr_ext.jpg","keywords":["bihr","industrie"],"articleSection":["Actualit\u00e9","Industrie","Motocross","News","News","Slideshow"],"inLanguage":"fr-FR","potentialAction":[{"@type":"CommentAction","name":"Comment","target":["https:\/\/fr.motocrossmag.be\/index.php\/2022\/10\/bihr-rejoint-le-giron-darrowhead\/#respond"]}]},{"@type":"WebPage","@id":"https:\/\/fr.motocrossmag.be\/index.php\/2022\/10\/bihr-rejoint-le-giron-darrowhead\/","url":"https:\/\/fr.motocrossmag.be\/index.php\/2022\/10\/bihr-rejoint-le-giron-darrowhead\/","name":"Bihr rejoint le giron d'Arrowhead - Motocross - Enduro - Supermoto | MotocrossMag","isPartOf":{"@id":"https:\/\/fr.motocrossmag.be\/#website"},"primaryImageOfPage":{"@id":"https:\/\/fr.motocrossmag.be\/index.php\/2022\/10\/bihr-rejoint-le-giron-darrowhead\/#primaryimage"},"image":{"@id":"https:\/\/fr.motocrossmag.be\/index.php\/2022\/10\/bihr-rejoint-le-giron-darrowhead\/#primaryimage"},"thumbnailUrl":"https:\/\/fr.motocrossmag.be\/wp-content\/uploads\/2022\/10\/Bihr_ext.jpg","datePublished":"2022-10-25T09:01:26+00:00","author":{"@id":"https:\/\/fr.motocrossmag.be\/#\/schema\/person\/11b47143d9f755babca2c9110e03235c"},"breadcrumb":{"@id":"https:\/\/fr.motocrossmag.be\/index.php\/2022\/10\/bihr-rejoint-le-giron-darrowhead\/#breadcrumb"},"inLanguage":"fr-FR","potentialAction":[{"@type":"ReadAction","target":["https:\/\/fr.motocrossmag.be\/index.php\/2022\/10\/bihr-rejoint-le-giron-darrowhead\/"]}]},{"@type":"ImageObject","inLanguage":"fr-FR","@id":"https:\/\/fr.motocrossmag.be\/index.php\/2022\/10\/bihr-rejoint-le-giron-darrowhead\/#primaryimage","url":"https:\/\/fr.motocrossmag.be\/wp-content\/uploads\/2022\/10\/Bihr_ext.jpg","contentUrl":"https:\/\/fr.motocrossmag.be\/wp-content\/uploads\/2022\/10\/Bihr_ext.jpg","width":"1000","height":"646"},{"@type":"BreadcrumbList","@id":"https:\/\/fr.motocrossmag.be\/index.php\/2022\/10\/bihr-rejoint-le-giron-darrowhead\/#breadcrumb","itemListElement":[{"@type":"ListItem","position":1,"name":"Accueil","item":"https:\/\/fr.motocrossmag.be\/"},{"@type":"ListItem","position":2,"name":"Bihr rejoint le giron d&rsquo;Arrowhead"}]},{"@type":"WebSite","@id":"https:\/\/fr.motocrossmag.be\/#website","url":"https:\/\/fr.motocrossmag.be\/","name":"Motocross - Enduro - Supermoto | MotocrossMag","description":"L&#039;actualit\u00e9 du motocross, de l&#039;enduro et du Supermoto en ligne!","potentialAction":[{"@type":"SearchAction","target":{"@type":"EntryPoint","urlTemplate":"https:\/\/fr.motocrossmag.be\/?s={search_term_string}"},"query-input":{"@type":"PropertyValueSpecification","valueRequired":true,"valueName":"search_term_string"}}],"inLanguage":"fr-FR"},{"@type":"Person","@id":"https:\/\/fr.motocrossmag.be\/#\/schema\/person\/11b47143d9f755babca2c9110e03235c","name":"oliviere","image":{"@type":"ImageObject","inLanguage":"fr-FR","@id":"https:\/\/secure.gravatar.com\/avatar\/907069e0b81d119452040469e4a7501da1100f54f7f80180ce77bfab718288f6?s=96&d=mm&r=g","url":"https:\/\/secure.gravatar.com\/avatar\/907069e0b81d119452040469e4a7501da1100f54f7f80180ce77bfab718288f6?s=96&d=mm&r=g","contentUrl":"https:\/\/secure.gravatar.com\/avatar\/907069e0b81d119452040469e4a7501da1100f54f7f80180ce77bfab718288f6?s=96&d=mm&r=g","caption":"oliviere"},"sameAs":["http:\/\/www.motocrossmag.be"],"url":"https:\/\/fr.motocrossmag.be\/index.php\/author\/oliviere\/"}]}},"_links":{"self":[{"href":"https:\/\/fr.motocrossmag.be\/index.php\/wp-json\/wp\/v2\/posts\/121540","targetHints":{"allow":["GET"]}}],"collection":[{"href":"https:\/\/fr.motocrossmag.be\/index.php\/wp-json\/wp\/v2\/posts"}],"about":[{"href":"https:\/\/fr.motocrossmag.be\/index.php\/wp-json\/wp\/v2\/types\/post"}],"author":[{"embeddable":true,"href":"https:\/\/fr.motocrossmag.be\/index.php\/wp-json\/wp\/v2\/users\/932"}],"replies":[{"embeddable":true,"href":"https:\/\/fr.motocrossmag.be\/index.php\/wp-json\/wp\/v2\/comments?post=121540"}],"version-history":[{"count":0,"href":"https:\/\/fr.motocrossmag.be\/index.php\/wp-json\/wp\/v2\/posts\/121540\/revisions"}],"wp:featuredmedia":[{"embeddable":true,"href":"https:\/\/fr.motocrossmag.be\/index.php\/wp-json\/wp\/v2\/media\/121541"}],"wp:attachment":[{"href":"https:\/\/fr.motocrossmag.be\/index.php\/wp-json\/wp\/v2\/media?parent=121540"}],"wp:term":[{"taxonomy":"category","embeddable":true,"href":"https:\/\/fr.motocrossmag.be\/index.php\/wp-json\/wp\/v2\/categories?post=121540"},{"taxonomy":"post_tag","embeddable":true,"href":"https:\/\/fr.motocrossmag.be\/index.php\/wp-json\/wp\/v2\/tags?post=121540"}],"curies":[{"name":"wp","href":"https:\/\/api.w.org\/{rel}","templated":true}]}}