{"id":121564,"date":"2022-10-27T12:35:25","date_gmt":"2022-10-27T10:35:25","guid":{"rendered":"http:\/\/fr.motocrossmag.be\/?p=121564"},"modified":"2022-10-27T12:35:25","modified_gmt":"2022-10-27T10:35:25","slug":"sacha-coenen-rejoint-le-team-officiel-ktm","status":"publish","type":"post","link":"https:\/\/fr.motocrossmag.be\/index.php\/2022\/10\/sacha-coenen-rejoint-le-team-officiel-ktm\/","title":{"rendered":"Sacha Coenen rejoint le team officiel KTM"},"content":{"rendered":"<p><strong>KTM a annonc\u00e9 ce jeudi avoir sign\u00e9 avec Sacha Coenen un contrat qui court sur plusieurs saisons. Une excellente nouvelle pour notre compatriote qui rejoint ainsi une structure de premier plan pour ce qui sera sa premi\u00e8re saison compl\u00e8te sur le mondial MX2 en 2023.<\/strong><\/p>\n<p>Le Bruxellois qui f\u00eatera la semaine prochaine ses 16 ans rejoindra Andrea Adamo et Liam Everts au guidon de la KTM 250 SX-F d&rsquo;usine. Il travaillera avec l&rsquo;ancien multi-champion du monde Jo\u00ebl Smets pour superviser son d\u00e9veloppement. Smets a guid\u00e9 ces derni\u00e8res ann\u00e9es le double champion du monde MX2 Tom Vialle.<\/p>\n<p>Coenen pourra \u00e9galement compter sur l&rsquo;exp\u00e9rience du nouveau responsable de l&rsquo;\u00e9quipe Red Bull KTM Factory Racing, Tony Cairoli. L&rsquo;\u00e9quipe alignera d\u00e9sormais une liste de quatre pilotes. Jeffrey Herlings sera le seul participant de la cat\u00e9gorie MXGP avec la KTM 450 SX-F.<\/p>\n<p><img decoding=\"async\" class=\"lazyload alignnone size-full wp-image-121565\" src=\"http:\/\/fr.motocrossmag.be\/wp-content\/uploads\/2022\/10\/Sacha-Coenen-2023-Red-Bull-KTM1.jpg\" data-orig-src=\"http:\/\/fr.motocrossmag.be\/wp-content\/uploads\/2022\/10\/Sacha-Coenen-2023-Red-Bull-KTM1.jpg\" alt=\"\" width=\"1000\" height=\"666\" srcset=\"data:image\/svg+xml,%3Csvg%20xmlns%3D%27http%3A%2F%2Fwww.w3.org%2F2000%2Fsvg%27%20width%3D%271000%27%20height%3D%27666%27%20viewBox%3D%270%200%201000%20666%27%3E%3Crect%20width%3D%271000%27%20height%3D%27666%27%20fill-opacity%3D%220%22%2F%3E%3C%2Fsvg%3E\" data-srcset=\"https:\/\/fr.motocrossmag.be\/wp-content\/uploads\/2022\/10\/Sacha-Coenen-2023-Red-Bull-KTM1-650x433.jpg 650w, https:\/\/fr.motocrossmag.be\/wp-content\/uploads\/2022\/10\/Sacha-Coenen-2023-Red-Bull-KTM1-768x511.jpg 768w, https:\/\/fr.motocrossmag.be\/wp-content\/uploads\/2022\/10\/Sacha-Coenen-2023-Red-Bull-KTM1.jpg 1000w\" data-sizes=\"auto\" data-orig-sizes=\"(max-width: 1000px) 100vw, 1000px\" \/><\/p>\n<p>Sacha Coenen : \u00ab C&rsquo;est un r\u00eave devenu r\u00e9alit\u00e9 pour moi ! Je suis tellement heureux de rejoindre Red Bull KTM Factory Racing. J&rsquo;ai pilot\u00e9 la KTM 2023 SX-F 250 d&rsquo;origine et j&rsquo;aime vraiment la puissance de cette machine. J&rsquo;ai h\u00e2te de travailler avec Jo\u00ebl parce que je suis s\u00fbr qu&rsquo;il peut m&rsquo;apporter des choses que je n&rsquo;ai pas aujourd&rsquo;hui. Je sais que j&rsquo;ai beaucoup \u00e0 apprendre, mais je veux m&rsquo;amuser et faire du mieux que je peux.\u00a0\u00bb<\/p>\n<p>\u00ab C&rsquo;est presque fou l&rsquo;\u00e9nergie et la motivation de Sacha, et, pour le moment, il est le plus petit des jumeaux !\u00a0\u00bb plaisant Jo\u00ebl Smets. \u00a0\u00bb Je ne pense pas avoir jamais vu autant de d\u00e9termination et de d\u00e9vouement pour quelqu&rsquo;un qui est encore si jeune. Il a encore besoin de grandir physiquement et professionnellement et nous devons travailler sur l&rsquo;\u00e9quilibre entre son envie et ses capacit\u00e9s. Ce sera un grand d\u00e9fi de guider toute cette \u00e9nergie\u2026 mais nous avons vraiment h\u00e2te de travailler ensemble !\u00a0\u00bb<\/p>\n","protected":false},"excerpt":{"rendered":"<p>KTM a annonc\u00e9 ce jeudi avoir sign\u00e9 avec Sacha Coenen un contrat qui court sur plusieurs saisons. Une excellente nouvelle pour notre compatriote qui rejoint ainsi une structure de premier [&#8230;]<\/p>\n","protected":false},"author":932,"featured_media":121566,"comment_status":"open","ping_status":"closed","sticky":false,"template":"","format":"standard","meta":{"footnotes":""},"categories":[54,4,6,5,55,65],"tags":[1265,947,568],"class_list":["post-121564","post","type-post","status-publish","format-standard","has-post-thumbnail","hentry","category-actualite","category-motocross","category-mx1mx2","category-news","category-news-actualite","category-slideshow","tag-lucas-coenen","tag-motocross","tag-mxgp"],"yoast_head":"<!-- This site is optimized with the Yoast SEO plugin v27.4 - https:\/\/yoast.com\/product\/yoast-seo-wordpress\/ -->\n<title>Sacha Coenen rejoint le team officiel KTM - Motocross - Enduro - Supermoto | MotocrossMag<\/title>\n<meta name=\"robots\" content=\"index, follow, max-snippet:-1, max-image-preview:large, max-video-preview:-1\" \/>\n<link rel=\"canonical\" href=\"https:\/\/fr.motocrossmag.be\/index.php\/2022\/10\/sacha-coenen-rejoint-le-team-officiel-ktm\/\" \/>\n<meta property=\"og:locale\" content=\"fr_FR\" \/>\n<meta property=\"og:type\" content=\"article\" \/>\n<meta property=\"og:title\" content=\"Sacha Coenen rejoint le team officiel KTM - Motocross - Enduro - Supermoto | MotocrossMag\" \/>\n<meta property=\"og:description\" content=\"KTM a annonc\u00e9 ce jeudi avoir sign\u00e9 avec Sacha Coenen un contrat qui court sur plusieurs saisons. Une excellente nouvelle pour notre compatriote qui rejoint ainsi une structure de premier [...]\" \/>\n<meta property=\"og:url\" content=\"https:\/\/fr.motocrossmag.be\/index.php\/2022\/10\/sacha-coenen-rejoint-le-team-officiel-ktm\/\" \/>\n<meta property=\"og:site_name\" content=\"Motocross - Enduro - Supermoto | MotocrossMag\" \/>\n<meta property=\"article:published_time\" content=\"2022-10-27T10:35:25+00:00\" \/>\n<meta property=\"og:image\" content=\"https:\/\/fr.motocrossmag.be\/wp-content\/uploads\/2022\/10\/Sacha-Coenen-2023-Red-Bull-KTM.jpg\" \/>\n\t<meta property=\"og:image:width\" content=\"1000\" \/>\n\t<meta property=\"og:image:height\" content=\"666\" \/>\n\t<meta property=\"og:image:type\" content=\"image\/jpeg\" \/>\n<meta name=\"author\" content=\"oliviere\" \/>\n<meta name=\"twitter:card\" content=\"summary_large_image\" \/>\n<meta name=\"twitter:label1\" content=\"\u00c9crit par\" \/>\n\t<meta name=\"twitter:data1\" content=\"oliviere\" \/>\n\t<meta name=\"twitter:label2\" content=\"Dur\u00e9e de lecture estim\u00e9e\" \/>\n\t<meta name=\"twitter:data2\" content=\"2 minutes\" \/>\n<script type=\"application\/ld+json\" class=\"yoast-schema-graph\">{\"@context\":\"https:\\\/\\\/schema.org\",\"@graph\":[{\"@type\":\"Article\",\"@id\":\"https:\\\/\\\/fr.motocrossmag.be\\\/index.php\\\/2022\\\/10\\\/sacha-coenen-rejoint-le-team-officiel-ktm\\\/#article\",\"isPartOf\":{\"@id\":\"https:\\\/\\\/fr.motocrossmag.be\\\/index.php\\\/2022\\\/10\\\/sacha-coenen-rejoint-le-team-officiel-ktm\\\/\"},\"author\":{\"name\":\"oliviere\",\"@id\":\"https:\\\/\\\/fr.motocrossmag.be\\\/#\\\/schema\\\/person\\\/11b47143d9f755babca2c9110e03235c\"},\"headline\":\"Sacha Coenen rejoint le team officiel KTM\",\"datePublished\":\"2022-10-27T10:35:25+00:00\",\"mainEntityOfPage\":{\"@id\":\"https:\\\/\\\/fr.motocrossmag.be\\\/index.php\\\/2022\\\/10\\\/sacha-coenen-rejoint-le-team-officiel-ktm\\\/\"},\"wordCount\":335,\"commentCount\":0,\"image\":{\"@id\":\"https:\\\/\\\/fr.motocrossmag.be\\\/index.php\\\/2022\\\/10\\\/sacha-coenen-rejoint-le-team-officiel-ktm\\\/#primaryimage\"},\"thumbnailUrl\":\"https:\\\/\\\/fr.motocrossmag.be\\\/wp-content\\\/uploads\\\/2022\\\/10\\\/Sacha-Coenen-2023-Red-Bull-KTM.jpg\",\"keywords\":[\"lucas coenen\",\"Motocross\",\"MXGP\"],\"articleSection\":[\"Actualit\u00e9\",\"Motocross\",\"Motocross MXGP\",\"News\",\"News\",\"Slideshow\"],\"inLanguage\":\"fr-FR\",\"potentialAction\":[{\"@type\":\"CommentAction\",\"name\":\"Comment\",\"target\":[\"https:\\\/\\\/fr.motocrossmag.be\\\/index.php\\\/2022\\\/10\\\/sacha-coenen-rejoint-le-team-officiel-ktm\\\/#respond\"]}]},{\"@type\":\"WebPage\",\"@id\":\"https:\\\/\\\/fr.motocrossmag.be\\\/index.php\\\/2022\\\/10\\\/sacha-coenen-rejoint-le-team-officiel-ktm\\\/\",\"url\":\"https:\\\/\\\/fr.motocrossmag.be\\\/index.php\\\/2022\\\/10\\\/sacha-coenen-rejoint-le-team-officiel-ktm\\\/\",\"name\":\"Sacha Coenen rejoint le team officiel KTM - Motocross - Enduro - Supermoto | MotocrossMag\",\"isPartOf\":{\"@id\":\"https:\\\/\\\/fr.motocrossmag.be\\\/#website\"},\"primaryImageOfPage\":{\"@id\":\"https:\\\/\\\/fr.motocrossmag.be\\\/index.php\\\/2022\\\/10\\\/sacha-coenen-rejoint-le-team-officiel-ktm\\\/#primaryimage\"},\"image\":{\"@id\":\"https:\\\/\\\/fr.motocrossmag.be\\\/index.php\\\/2022\\\/10\\\/sacha-coenen-rejoint-le-team-officiel-ktm\\\/#primaryimage\"},\"thumbnailUrl\":\"https:\\\/\\\/fr.motocrossmag.be\\\/wp-content\\\/uploads\\\/2022\\\/10\\\/Sacha-Coenen-2023-Red-Bull-KTM.jpg\",\"datePublished\":\"2022-10-27T10:35:25+00:00\",\"author\":{\"@id\":\"https:\\\/\\\/fr.motocrossmag.be\\\/#\\\/schema\\\/person\\\/11b47143d9f755babca2c9110e03235c\"},\"breadcrumb\":{\"@id\":\"https:\\\/\\\/fr.motocrossmag.be\\\/index.php\\\/2022\\\/10\\\/sacha-coenen-rejoint-le-team-officiel-ktm\\\/#breadcrumb\"},\"inLanguage\":\"fr-FR\",\"potentialAction\":[{\"@type\":\"ReadAction\",\"target\":[\"https:\\\/\\\/fr.motocrossmag.be\\\/index.php\\\/2022\\\/10\\\/sacha-coenen-rejoint-le-team-officiel-ktm\\\/\"]}]},{\"@type\":\"ImageObject\",\"inLanguage\":\"fr-FR\",\"@id\":\"https:\\\/\\\/fr.motocrossmag.be\\\/index.php\\\/2022\\\/10\\\/sacha-coenen-rejoint-le-team-officiel-ktm\\\/#primaryimage\",\"url\":\"https:\\\/\\\/fr.motocrossmag.be\\\/wp-content\\\/uploads\\\/2022\\\/10\\\/Sacha-Coenen-2023-Red-Bull-KTM.jpg\",\"contentUrl\":\"https:\\\/\\\/fr.motocrossmag.be\\\/wp-content\\\/uploads\\\/2022\\\/10\\\/Sacha-Coenen-2023-Red-Bull-KTM.jpg\",\"width\":\"1000\",\"height\":\"666\"},{\"@type\":\"BreadcrumbList\",\"@id\":\"https:\\\/\\\/fr.motocrossmag.be\\\/index.php\\\/2022\\\/10\\\/sacha-coenen-rejoint-le-team-officiel-ktm\\\/#breadcrumb\",\"itemListElement\":[{\"@type\":\"ListItem\",\"position\":1,\"name\":\"Accueil\",\"item\":\"https:\\\/\\\/fr.motocrossmag.be\\\/\"},{\"@type\":\"ListItem\",\"position\":2,\"name\":\"Sacha Coenen rejoint le team officiel KTM\"}]},{\"@type\":\"WebSite\",\"@id\":\"https:\\\/\\\/fr.motocrossmag.be\\\/#website\",\"url\":\"https:\\\/\\\/fr.motocrossmag.be\\\/\",\"name\":\"Motocross - Enduro - Supermoto | MotocrossMag\",\"description\":\"L&#039;actualit\u00e9 du motocross, de l&#039;enduro et du Supermoto en ligne!\",\"potentialAction\":[{\"@type\":\"SearchAction\",\"target\":{\"@type\":\"EntryPoint\",\"urlTemplate\":\"https:\\\/\\\/fr.motocrossmag.be\\\/?s={search_term_string}\"},\"query-input\":{\"@type\":\"PropertyValueSpecification\",\"valueRequired\":true,\"valueName\":\"search_term_string\"}}],\"inLanguage\":\"fr-FR\"},{\"@type\":\"Person\",\"@id\":\"https:\\\/\\\/fr.motocrossmag.be\\\/#\\\/schema\\\/person\\\/11b47143d9f755babca2c9110e03235c\",\"name\":\"oliviere\",\"image\":{\"@type\":\"ImageObject\",\"inLanguage\":\"fr-FR\",\"@id\":\"https:\\\/\\\/secure.gravatar.com\\\/avatar\\\/907069e0b81d119452040469e4a7501da1100f54f7f80180ce77bfab718288f6?s=96&d=mm&r=g\",\"url\":\"https:\\\/\\\/secure.gravatar.com\\\/avatar\\\/907069e0b81d119452040469e4a7501da1100f54f7f80180ce77bfab718288f6?s=96&d=mm&r=g\",\"contentUrl\":\"https:\\\/\\\/secure.gravatar.com\\\/avatar\\\/907069e0b81d119452040469e4a7501da1100f54f7f80180ce77bfab718288f6?s=96&d=mm&r=g\",\"caption\":\"oliviere\"},\"sameAs\":[\"http:\\\/\\\/www.motocrossmag.be\"],\"url\":\"https:\\\/\\\/fr.motocrossmag.be\\\/index.php\\\/author\\\/oliviere\\\/\"}]}<\/script>\n<!-- \/ Yoast SEO plugin. -->","yoast_head_json":{"title":"Sacha Coenen rejoint le team officiel KTM - Motocross - Enduro - Supermoto | MotocrossMag","robots":{"index":"index","follow":"follow","max-snippet":"max-snippet:-1","max-image-preview":"max-image-preview:large","max-video-preview":"max-video-preview:-1"},"canonical":"https:\/\/fr.motocrossmag.be\/index.php\/2022\/10\/sacha-coenen-rejoint-le-team-officiel-ktm\/","og_locale":"fr_FR","og_type":"article","og_title":"Sacha Coenen rejoint le team officiel KTM - Motocross - Enduro - Supermoto | MotocrossMag","og_description":"KTM a annonc\u00e9 ce jeudi avoir sign\u00e9 avec Sacha Coenen un contrat qui court sur plusieurs saisons. Une excellente nouvelle pour notre compatriote qui rejoint ainsi une structure de premier [...]","og_url":"https:\/\/fr.motocrossmag.be\/index.php\/2022\/10\/sacha-coenen-rejoint-le-team-officiel-ktm\/","og_site_name":"Motocross - Enduro - Supermoto | MotocrossMag","article_published_time":"2022-10-27T10:35:25+00:00","og_image":[{"width":1000,"height":666,"url":"https:\/\/fr.motocrossmag.be\/wp-content\/uploads\/2022\/10\/Sacha-Coenen-2023-Red-Bull-KTM.jpg","type":"image\/jpeg"}],"author":"oliviere","twitter_card":"summary_large_image","twitter_misc":{"\u00c9crit par":"oliviere","Dur\u00e9e de lecture estim\u00e9e":"2 minutes"},"schema":{"@context":"https:\/\/schema.org","@graph":[{"@type":"Article","@id":"https:\/\/fr.motocrossmag.be\/index.php\/2022\/10\/sacha-coenen-rejoint-le-team-officiel-ktm\/#article","isPartOf":{"@id":"https:\/\/fr.motocrossmag.be\/index.php\/2022\/10\/sacha-coenen-rejoint-le-team-officiel-ktm\/"},"author":{"name":"oliviere","@id":"https:\/\/fr.motocrossmag.be\/#\/schema\/person\/11b47143d9f755babca2c9110e03235c"},"headline":"Sacha Coenen rejoint le team officiel KTM","datePublished":"2022-10-27T10:35:25+00:00","mainEntityOfPage":{"@id":"https:\/\/fr.motocrossmag.be\/index.php\/2022\/10\/sacha-coenen-rejoint-le-team-officiel-ktm\/"},"wordCount":335,"commentCount":0,"image":{"@id":"https:\/\/fr.motocrossmag.be\/index.php\/2022\/10\/sacha-coenen-rejoint-le-team-officiel-ktm\/#primaryimage"},"thumbnailUrl":"https:\/\/fr.motocrossmag.be\/wp-content\/uploads\/2022\/10\/Sacha-Coenen-2023-Red-Bull-KTM.jpg","keywords":["lucas coenen","Motocross","MXGP"],"articleSection":["Actualit\u00e9","Motocross","Motocross MXGP","News","News","Slideshow"],"inLanguage":"fr-FR","potentialAction":[{"@type":"CommentAction","name":"Comment","target":["https:\/\/fr.motocrossmag.be\/index.php\/2022\/10\/sacha-coenen-rejoint-le-team-officiel-ktm\/#respond"]}]},{"@type":"WebPage","@id":"https:\/\/fr.motocrossmag.be\/index.php\/2022\/10\/sacha-coenen-rejoint-le-team-officiel-ktm\/","url":"https:\/\/fr.motocrossmag.be\/index.php\/2022\/10\/sacha-coenen-rejoint-le-team-officiel-ktm\/","name":"Sacha Coenen rejoint le team officiel KTM - Motocross - Enduro - Supermoto | MotocrossMag","isPartOf":{"@id":"https:\/\/fr.motocrossmag.be\/#website"},"primaryImageOfPage":{"@id":"https:\/\/fr.motocrossmag.be\/index.php\/2022\/10\/sacha-coenen-rejoint-le-team-officiel-ktm\/#primaryimage"},"image":{"@id":"https:\/\/fr.motocrossmag.be\/index.php\/2022\/10\/sacha-coenen-rejoint-le-team-officiel-ktm\/#primaryimage"},"thumbnailUrl":"https:\/\/fr.motocrossmag.be\/wp-content\/uploads\/2022\/10\/Sacha-Coenen-2023-Red-Bull-KTM.jpg","datePublished":"2022-10-27T10:35:25+00:00","author":{"@id":"https:\/\/fr.motocrossmag.be\/#\/schema\/person\/11b47143d9f755babca2c9110e03235c"},"breadcrumb":{"@id":"https:\/\/fr.motocrossmag.be\/index.php\/2022\/10\/sacha-coenen-rejoint-le-team-officiel-ktm\/#breadcrumb"},"inLanguage":"fr-FR","potentialAction":[{"@type":"ReadAction","target":["https:\/\/fr.motocrossmag.be\/index.php\/2022\/10\/sacha-coenen-rejoint-le-team-officiel-ktm\/"]}]},{"@type":"ImageObject","inLanguage":"fr-FR","@id":"https:\/\/fr.motocrossmag.be\/index.php\/2022\/10\/sacha-coenen-rejoint-le-team-officiel-ktm\/#primaryimage","url":"https:\/\/fr.motocrossmag.be\/wp-content\/uploads\/2022\/10\/Sacha-Coenen-2023-Red-Bull-KTM.jpg","contentUrl":"https:\/\/fr.motocrossmag.be\/wp-content\/uploads\/2022\/10\/Sacha-Coenen-2023-Red-Bull-KTM.jpg","width":"1000","height":"666"},{"@type":"BreadcrumbList","@id":"https:\/\/fr.motocrossmag.be\/index.php\/2022\/10\/sacha-coenen-rejoint-le-team-officiel-ktm\/#breadcrumb","itemListElement":[{"@type":"ListItem","position":1,"name":"Accueil","item":"https:\/\/fr.motocrossmag.be\/"},{"@type":"ListItem","position":2,"name":"Sacha Coenen rejoint le team officiel KTM"}]},{"@type":"WebSite","@id":"https:\/\/fr.motocrossmag.be\/#website","url":"https:\/\/fr.motocrossmag.be\/","name":"Motocross - Enduro - Supermoto | MotocrossMag","description":"L&#039;actualit\u00e9 du motocross, de l&#039;enduro et du Supermoto en ligne!","potentialAction":[{"@type":"SearchAction","target":{"@type":"EntryPoint","urlTemplate":"https:\/\/fr.motocrossmag.be\/?s={search_term_string}"},"query-input":{"@type":"PropertyValueSpecification","valueRequired":true,"valueName":"search_term_string"}}],"inLanguage":"fr-FR"},{"@type":"Person","@id":"https:\/\/fr.motocrossmag.be\/#\/schema\/person\/11b47143d9f755babca2c9110e03235c","name":"oliviere","image":{"@type":"ImageObject","inLanguage":"fr-FR","@id":"https:\/\/secure.gravatar.com\/avatar\/907069e0b81d119452040469e4a7501da1100f54f7f80180ce77bfab718288f6?s=96&d=mm&r=g","url":"https:\/\/secure.gravatar.com\/avatar\/907069e0b81d119452040469e4a7501da1100f54f7f80180ce77bfab718288f6?s=96&d=mm&r=g","contentUrl":"https:\/\/secure.gravatar.com\/avatar\/907069e0b81d119452040469e4a7501da1100f54f7f80180ce77bfab718288f6?s=96&d=mm&r=g","caption":"oliviere"},"sameAs":["http:\/\/www.motocrossmag.be"],"url":"https:\/\/fr.motocrossmag.be\/index.php\/author\/oliviere\/"}]}},"_links":{"self":[{"href":"https:\/\/fr.motocrossmag.be\/index.php\/wp-json\/wp\/v2\/posts\/121564","targetHints":{"allow":["GET"]}}],"collection":[{"href":"https:\/\/fr.motocrossmag.be\/index.php\/wp-json\/wp\/v2\/posts"}],"about":[{"href":"https:\/\/fr.motocrossmag.be\/index.php\/wp-json\/wp\/v2\/types\/post"}],"author":[{"embeddable":true,"href":"https:\/\/fr.motocrossmag.be\/index.php\/wp-json\/wp\/v2\/users\/932"}],"replies":[{"embeddable":true,"href":"https:\/\/fr.motocrossmag.be\/index.php\/wp-json\/wp\/v2\/comments?post=121564"}],"version-history":[{"count":0,"href":"https:\/\/fr.motocrossmag.be\/index.php\/wp-json\/wp\/v2\/posts\/121564\/revisions"}],"wp:featuredmedia":[{"embeddable":true,"href":"https:\/\/fr.motocrossmag.be\/index.php\/wp-json\/wp\/v2\/media\/121566"}],"wp:attachment":[{"href":"https:\/\/fr.motocrossmag.be\/index.php\/wp-json\/wp\/v2\/media?parent=121564"}],"wp:term":[{"taxonomy":"category","embeddable":true,"href":"https:\/\/fr.motocrossmag.be\/index.php\/wp-json\/wp\/v2\/categories?post=121564"},{"taxonomy":"post_tag","embeddable":true,"href":"https:\/\/fr.motocrossmag.be\/index.php\/wp-json\/wp\/v2\/tags?post=121564"}],"curies":[{"name":"wp","href":"https:\/\/api.w.org\/{rel}","templated":true}]}}