{"id":121689,"date":"2022-11-06T10:53:22","date_gmt":"2022-11-06T09:53:22","guid":{"rendered":"http:\/\/fr.motocrossmag.be\/?p=121689"},"modified":"2022-11-06T10:53:22","modified_gmt":"2022-11-06T09:53:22","slug":"supercross-cedric-soubeyras-retrouve-sa-couronne-a-stuttgart","status":"publish","type":"post","link":"https:\/\/fr.motocrossmag.be\/index.php\/2022\/11\/supercross-cedric-soubeyras-retrouve-sa-couronne-a-stuttgart\/","title":{"rendered":"Supercross : C\u00e9dric Soubeyras retrouve sa couronne \u00e0 Stuttgart"},"content":{"rendered":"<p><strong>Cinq ans plus tard, C\u00e9dric Soubeyras s&rsquo;est \u00e0 nouveau impos\u00e9 sur le Supercross de Stuttgart, en Allemagne. Le pilote Honda a remport\u00e9 la premi\u00e8re soir\u00e9e vendredi avant de terminer second derri\u00e8re son compatriote Maxime Desprey ce samedi soir. Il devient ainsi le \u00ab\u00a0King of Stuttgart\u00a0\u00bb.<\/strong><\/p>\n<p>Quatri\u00e8me de la premi\u00e8re soir\u00e9e, Maxime Desprey place sa Yamaha sur la deuxi\u00e8me marche du podium final, lequel est compl\u00e9t\u00e9 par Greg Aranda (2+3). Un podium 100% fran\u00e7ais donc !<\/p>\n<p>M\u00eame constat en SX2 o\u00f9 Lucas Imbert et Julien Lebeau se partagent les victoires dans les finales et devancent sur le podium de la cat\u00e9gorie leur compatriote Yannis Irsuti.<\/p>\n<p><span style=\"color: #800000;\"><strong>R\u00e9sultats<\/strong><\/span><\/p>\n<p>VENDREDI<\/p>\n<p>SX1<\/p>\n<p>1. Cedric Soubeyras F Honda; 2. Greg Aranda F KTM; 3. Charles Lefrancois F Honda; 4. Maxime Desprey F Yamaha; 5. Jordi Tixier F Honda; 6. Boris Maillard F Suzuki; 7. Anthony Bourdon F Yamaha; 8. Adrien Escoffier F Husqvarna; 9. Jason Clermont F Kawasaki; 10. Adrian Malaval F Honda; 11. Julien Roussaly F Yamaha; 12. Tyler Bowers USA Kawasaki<\/p>\n<p>SX2<br \/>\n1. Julien Lebeau F Kawasaki; 2. Lucas Imbert F Yamaha; 3. Yannis Irsuti F Kawasaki; 4. Mickael Lamaeque F KTM; 5. Magnus Smith S Yamaha; 6. Thomas Do F Yamaha; 7. Brice Maylin F Husqvarna; 8. Maxime Charlier F KTM; 9. Kevin Ballanger CH Yamaha; 10. Maxwell Sanford USA Honda; 11. Hugo Manzato F Husqvarna; 12. Prol Ormeno Xurxo E GasGas<\/p>\n<p>SAMEDI<\/p>\n<p>SX1<br \/>\n1. Maxime Desprey F Yamaha; 2. Cedric Soubeyras F Honda; 3. Greg Aranda F KTM; 4. Anthony Bourdon F Yamaha; 5. Jordi Tixier F Honda; 6. Adrien Escoffier F Husqvarna; 7. Adrian Malaval F Honda; 8. Boris Maillard F Suzuki; 9. Charles Lefrancois F Honda; 10. Julien Roussaly F Yamaha; 11. Nicolas Aubin F Kawasaki; 12. Thomas Ramette F Yamaha<\/p>\n<p>SX2<br \/>\n1. Lucas Imbert F Yamaha; 2. Julien Lebeau F Kawasaki; 3. Brice Maylin F Husqvarna; 4. Hugo Manzato F Husqvarna; 5. Mickael Lamaeque F KTM; 6. Yannis Irsuti F Kawasaki; 7. Thomas Do F Yamaha; 8. Prol Ormeno Xurxo E GasGas; 9. Kevin Ballanger CH Yamaha; 10. Dominique Thury D Yamaha; 11. Kaarel Tilk Est Husqvarna; 12. Paul Bloy D KTM<\/p>\n<p><strong>King of Stuttgart<br \/>\n<\/strong><br \/>\n1. Cedric Soubeyras F Honda 1-2; 2. Maxime Desprey F Yamaha 4-1; 3. Greg Aranda F KTM 2-3<\/p>\n<p><strong>Prince of Stuttgart<br \/>\n<\/strong><br \/>\n1. Lucas Imbert F Yamaha 2-1; 2. Julien Lebeau F Kawasaki 1-2; 3. Yannis Irsuti F Kawasaki 3-6<\/p>\n","protected":false},"excerpt":{"rendered":"<p>Cinq ans plus tard, C\u00e9dric Soubeyras s&rsquo;est \u00e0 nouveau impos\u00e9 sur le Supercross de Stuttgart, en Allemagne. Le pilote Honda a remport\u00e9 la premi\u00e8re soir\u00e9e vendredi avant de terminer second [&#8230;]<\/p>\n","protected":false},"author":932,"featured_media":121690,"comment_status":"open","ping_status":"closed","sticky":false,"template":"","format":"standard","meta":{"footnotes":""},"categories":[54,4,5,55,56,65],"tags":[339,334,165,116,1092],"class_list":["post-121689","post","type-post","status-publish","format-standard","has-post-thumbnail","hentry","category-actualite","category-motocross","category-news","category-news-actualite","category-resultats","category-slideshow","tag-cedric-soubeyras","tag-greg-aranda","tag-maxime-despey","tag-supercross","tag-yannis-irsuti"],"yoast_head":"<!-- This site is optimized with the Yoast SEO plugin v27.4 - https:\/\/yoast.com\/product\/yoast-seo-wordpress\/ -->\n<title>Supercross : C\u00e9dric Soubeyras retrouve sa couronne \u00e0 Stuttgart - Motocross - Enduro - Supermoto | MotocrossMag<\/title>\n<meta name=\"robots\" content=\"index, follow, max-snippet:-1, max-image-preview:large, max-video-preview:-1\" \/>\n<link rel=\"canonical\" href=\"https:\/\/fr.motocrossmag.be\/index.php\/2022\/11\/supercross-cedric-soubeyras-retrouve-sa-couronne-a-stuttgart\/\" \/>\n<meta property=\"og:locale\" content=\"fr_FR\" \/>\n<meta property=\"og:type\" content=\"article\" \/>\n<meta property=\"og:title\" content=\"Supercross : C\u00e9dric Soubeyras retrouve sa couronne \u00e0 Stuttgart - Motocross - Enduro - Supermoto | MotocrossMag\" \/>\n<meta property=\"og:description\" content=\"Cinq ans plus tard, C\u00e9dric Soubeyras s&rsquo;est \u00e0 nouveau impos\u00e9 sur le Supercross de Stuttgart, en Allemagne. Le pilote Honda a remport\u00e9 la premi\u00e8re soir\u00e9e vendredi avant de terminer second [...]\" \/>\n<meta property=\"og:url\" content=\"https:\/\/fr.motocrossmag.be\/index.php\/2022\/11\/supercross-cedric-soubeyras-retrouve-sa-couronne-a-stuttgart\/\" \/>\n<meta property=\"og:site_name\" content=\"Motocross - Enduro - Supermoto | MotocrossMag\" \/>\n<meta property=\"article:published_time\" content=\"2022-11-06T09:53:22+00:00\" \/>\n<meta property=\"og:image\" content=\"https:\/\/fr.motocrossmag.be\/wp-content\/uploads\/2022\/11\/adac-sx-stuttgart.jpg\" \/>\n\t<meta property=\"og:image:width\" content=\"960\" \/>\n\t<meta property=\"og:image:height\" content=\"537\" \/>\n\t<meta property=\"og:image:type\" content=\"image\/jpeg\" \/>\n<meta name=\"author\" content=\"oliviere\" \/>\n<meta name=\"twitter:card\" content=\"summary_large_image\" \/>\n<meta name=\"twitter:label1\" content=\"\u00c9crit par\" \/>\n\t<meta name=\"twitter:data1\" content=\"oliviere\" \/>\n\t<meta name=\"twitter:label2\" content=\"Dur\u00e9e de lecture estim\u00e9e\" \/>\n\t<meta name=\"twitter:data2\" content=\"2 minutes\" \/>\n<script type=\"application\/ld+json\" class=\"yoast-schema-graph\">{\"@context\":\"https:\\\/\\\/schema.org\",\"@graph\":[{\"@type\":\"Article\",\"@id\":\"https:\\\/\\\/fr.motocrossmag.be\\\/index.php\\\/2022\\\/11\\\/supercross-cedric-soubeyras-retrouve-sa-couronne-a-stuttgart\\\/#article\",\"isPartOf\":{\"@id\":\"https:\\\/\\\/fr.motocrossmag.be\\\/index.php\\\/2022\\\/11\\\/supercross-cedric-soubeyras-retrouve-sa-couronne-a-stuttgart\\\/\"},\"author\":{\"name\":\"oliviere\",\"@id\":\"https:\\\/\\\/fr.motocrossmag.be\\\/#\\\/schema\\\/person\\\/11b47143d9f755babca2c9110e03235c\"},\"headline\":\"Supercross : C\u00e9dric Soubeyras retrouve sa couronne \u00e0 Stuttgart\",\"datePublished\":\"2022-11-06T09:53:22+00:00\",\"mainEntityOfPage\":{\"@id\":\"https:\\\/\\\/fr.motocrossmag.be\\\/index.php\\\/2022\\\/11\\\/supercross-cedric-soubeyras-retrouve-sa-couronne-a-stuttgart\\\/\"},\"wordCount\":359,\"commentCount\":0,\"image\":{\"@id\":\"https:\\\/\\\/fr.motocrossmag.be\\\/index.php\\\/2022\\\/11\\\/supercross-cedric-soubeyras-retrouve-sa-couronne-a-stuttgart\\\/#primaryimage\"},\"thumbnailUrl\":\"https:\\\/\\\/fr.motocrossmag.be\\\/wp-content\\\/uploads\\\/2022\\\/11\\\/adac-sx-stuttgart.jpg\",\"keywords\":[\"cedric soubeyras\",\"greg aranda\",\"Maxime Despey\",\"Supercross\",\"yannis irsuti\"],\"articleSection\":[\"Actualit\u00e9\",\"Motocross\",\"News\",\"News\",\"R\u00e9sultats\",\"Slideshow\"],\"inLanguage\":\"fr-FR\",\"potentialAction\":[{\"@type\":\"CommentAction\",\"name\":\"Comment\",\"target\":[\"https:\\\/\\\/fr.motocrossmag.be\\\/index.php\\\/2022\\\/11\\\/supercross-cedric-soubeyras-retrouve-sa-couronne-a-stuttgart\\\/#respond\"]}]},{\"@type\":\"WebPage\",\"@id\":\"https:\\\/\\\/fr.motocrossmag.be\\\/index.php\\\/2022\\\/11\\\/supercross-cedric-soubeyras-retrouve-sa-couronne-a-stuttgart\\\/\",\"url\":\"https:\\\/\\\/fr.motocrossmag.be\\\/index.php\\\/2022\\\/11\\\/supercross-cedric-soubeyras-retrouve-sa-couronne-a-stuttgart\\\/\",\"name\":\"Supercross : C\u00e9dric Soubeyras retrouve sa couronne \u00e0 Stuttgart - Motocross - Enduro - Supermoto | MotocrossMag\",\"isPartOf\":{\"@id\":\"https:\\\/\\\/fr.motocrossmag.be\\\/#website\"},\"primaryImageOfPage\":{\"@id\":\"https:\\\/\\\/fr.motocrossmag.be\\\/index.php\\\/2022\\\/11\\\/supercross-cedric-soubeyras-retrouve-sa-couronne-a-stuttgart\\\/#primaryimage\"},\"image\":{\"@id\":\"https:\\\/\\\/fr.motocrossmag.be\\\/index.php\\\/2022\\\/11\\\/supercross-cedric-soubeyras-retrouve-sa-couronne-a-stuttgart\\\/#primaryimage\"},\"thumbnailUrl\":\"https:\\\/\\\/fr.motocrossmag.be\\\/wp-content\\\/uploads\\\/2022\\\/11\\\/adac-sx-stuttgart.jpg\",\"datePublished\":\"2022-11-06T09:53:22+00:00\",\"author\":{\"@id\":\"https:\\\/\\\/fr.motocrossmag.be\\\/#\\\/schema\\\/person\\\/11b47143d9f755babca2c9110e03235c\"},\"breadcrumb\":{\"@id\":\"https:\\\/\\\/fr.motocrossmag.be\\\/index.php\\\/2022\\\/11\\\/supercross-cedric-soubeyras-retrouve-sa-couronne-a-stuttgart\\\/#breadcrumb\"},\"inLanguage\":\"fr-FR\",\"potentialAction\":[{\"@type\":\"ReadAction\",\"target\":[\"https:\\\/\\\/fr.motocrossmag.be\\\/index.php\\\/2022\\\/11\\\/supercross-cedric-soubeyras-retrouve-sa-couronne-a-stuttgart\\\/\"]}]},{\"@type\":\"ImageObject\",\"inLanguage\":\"fr-FR\",\"@id\":\"https:\\\/\\\/fr.motocrossmag.be\\\/index.php\\\/2022\\\/11\\\/supercross-cedric-soubeyras-retrouve-sa-couronne-a-stuttgart\\\/#primaryimage\",\"url\":\"https:\\\/\\\/fr.motocrossmag.be\\\/wp-content\\\/uploads\\\/2022\\\/11\\\/adac-sx-stuttgart.jpg\",\"contentUrl\":\"https:\\\/\\\/fr.motocrossmag.be\\\/wp-content\\\/uploads\\\/2022\\\/11\\\/adac-sx-stuttgart.jpg\",\"width\":\"960\",\"height\":\"537\"},{\"@type\":\"BreadcrumbList\",\"@id\":\"https:\\\/\\\/fr.motocrossmag.be\\\/index.php\\\/2022\\\/11\\\/supercross-cedric-soubeyras-retrouve-sa-couronne-a-stuttgart\\\/#breadcrumb\",\"itemListElement\":[{\"@type\":\"ListItem\",\"position\":1,\"name\":\"Accueil\",\"item\":\"https:\\\/\\\/fr.motocrossmag.be\\\/\"},{\"@type\":\"ListItem\",\"position\":2,\"name\":\"Supercross : C\u00e9dric Soubeyras retrouve sa couronne \u00e0 Stuttgart\"}]},{\"@type\":\"WebSite\",\"@id\":\"https:\\\/\\\/fr.motocrossmag.be\\\/#website\",\"url\":\"https:\\\/\\\/fr.motocrossmag.be\\\/\",\"name\":\"Motocross - Enduro - Supermoto | MotocrossMag\",\"description\":\"L&#039;actualit\u00e9 du motocross, de l&#039;enduro et du Supermoto en ligne!\",\"potentialAction\":[{\"@type\":\"SearchAction\",\"target\":{\"@type\":\"EntryPoint\",\"urlTemplate\":\"https:\\\/\\\/fr.motocrossmag.be\\\/?s={search_term_string}\"},\"query-input\":{\"@type\":\"PropertyValueSpecification\",\"valueRequired\":true,\"valueName\":\"search_term_string\"}}],\"inLanguage\":\"fr-FR\"},{\"@type\":\"Person\",\"@id\":\"https:\\\/\\\/fr.motocrossmag.be\\\/#\\\/schema\\\/person\\\/11b47143d9f755babca2c9110e03235c\",\"name\":\"oliviere\",\"image\":{\"@type\":\"ImageObject\",\"inLanguage\":\"fr-FR\",\"@id\":\"https:\\\/\\\/secure.gravatar.com\\\/avatar\\\/907069e0b81d119452040469e4a7501da1100f54f7f80180ce77bfab718288f6?s=96&d=mm&r=g\",\"url\":\"https:\\\/\\\/secure.gravatar.com\\\/avatar\\\/907069e0b81d119452040469e4a7501da1100f54f7f80180ce77bfab718288f6?s=96&d=mm&r=g\",\"contentUrl\":\"https:\\\/\\\/secure.gravatar.com\\\/avatar\\\/907069e0b81d119452040469e4a7501da1100f54f7f80180ce77bfab718288f6?s=96&d=mm&r=g\",\"caption\":\"oliviere\"},\"sameAs\":[\"http:\\\/\\\/www.motocrossmag.be\"],\"url\":\"https:\\\/\\\/fr.motocrossmag.be\\\/index.php\\\/author\\\/oliviere\\\/\"}]}<\/script>\n<!-- \/ Yoast SEO plugin. -->","yoast_head_json":{"title":"Supercross : C\u00e9dric Soubeyras retrouve sa couronne \u00e0 Stuttgart - Motocross - Enduro - Supermoto | MotocrossMag","robots":{"index":"index","follow":"follow","max-snippet":"max-snippet:-1","max-image-preview":"max-image-preview:large","max-video-preview":"max-video-preview:-1"},"canonical":"https:\/\/fr.motocrossmag.be\/index.php\/2022\/11\/supercross-cedric-soubeyras-retrouve-sa-couronne-a-stuttgart\/","og_locale":"fr_FR","og_type":"article","og_title":"Supercross : C\u00e9dric Soubeyras retrouve sa couronne \u00e0 Stuttgart - Motocross - Enduro - Supermoto | MotocrossMag","og_description":"Cinq ans plus tard, C\u00e9dric Soubeyras s&rsquo;est \u00e0 nouveau impos\u00e9 sur le Supercross de Stuttgart, en Allemagne. Le pilote Honda a remport\u00e9 la premi\u00e8re soir\u00e9e vendredi avant de terminer second [...]","og_url":"https:\/\/fr.motocrossmag.be\/index.php\/2022\/11\/supercross-cedric-soubeyras-retrouve-sa-couronne-a-stuttgart\/","og_site_name":"Motocross - Enduro - Supermoto | MotocrossMag","article_published_time":"2022-11-06T09:53:22+00:00","og_image":[{"width":960,"height":537,"url":"https:\/\/fr.motocrossmag.be\/wp-content\/uploads\/2022\/11\/adac-sx-stuttgart.jpg","type":"image\/jpeg"}],"author":"oliviere","twitter_card":"summary_large_image","twitter_misc":{"\u00c9crit par":"oliviere","Dur\u00e9e de lecture estim\u00e9e":"2 minutes"},"schema":{"@context":"https:\/\/schema.org","@graph":[{"@type":"Article","@id":"https:\/\/fr.motocrossmag.be\/index.php\/2022\/11\/supercross-cedric-soubeyras-retrouve-sa-couronne-a-stuttgart\/#article","isPartOf":{"@id":"https:\/\/fr.motocrossmag.be\/index.php\/2022\/11\/supercross-cedric-soubeyras-retrouve-sa-couronne-a-stuttgart\/"},"author":{"name":"oliviere","@id":"https:\/\/fr.motocrossmag.be\/#\/schema\/person\/11b47143d9f755babca2c9110e03235c"},"headline":"Supercross : C\u00e9dric Soubeyras retrouve sa couronne \u00e0 Stuttgart","datePublished":"2022-11-06T09:53:22+00:00","mainEntityOfPage":{"@id":"https:\/\/fr.motocrossmag.be\/index.php\/2022\/11\/supercross-cedric-soubeyras-retrouve-sa-couronne-a-stuttgart\/"},"wordCount":359,"commentCount":0,"image":{"@id":"https:\/\/fr.motocrossmag.be\/index.php\/2022\/11\/supercross-cedric-soubeyras-retrouve-sa-couronne-a-stuttgart\/#primaryimage"},"thumbnailUrl":"https:\/\/fr.motocrossmag.be\/wp-content\/uploads\/2022\/11\/adac-sx-stuttgart.jpg","keywords":["cedric soubeyras","greg aranda","Maxime Despey","Supercross","yannis irsuti"],"articleSection":["Actualit\u00e9","Motocross","News","News","R\u00e9sultats","Slideshow"],"inLanguage":"fr-FR","potentialAction":[{"@type":"CommentAction","name":"Comment","target":["https:\/\/fr.motocrossmag.be\/index.php\/2022\/11\/supercross-cedric-soubeyras-retrouve-sa-couronne-a-stuttgart\/#respond"]}]},{"@type":"WebPage","@id":"https:\/\/fr.motocrossmag.be\/index.php\/2022\/11\/supercross-cedric-soubeyras-retrouve-sa-couronne-a-stuttgart\/","url":"https:\/\/fr.motocrossmag.be\/index.php\/2022\/11\/supercross-cedric-soubeyras-retrouve-sa-couronne-a-stuttgart\/","name":"Supercross : C\u00e9dric Soubeyras retrouve sa couronne \u00e0 Stuttgart - Motocross - Enduro - Supermoto | MotocrossMag","isPartOf":{"@id":"https:\/\/fr.motocrossmag.be\/#website"},"primaryImageOfPage":{"@id":"https:\/\/fr.motocrossmag.be\/index.php\/2022\/11\/supercross-cedric-soubeyras-retrouve-sa-couronne-a-stuttgart\/#primaryimage"},"image":{"@id":"https:\/\/fr.motocrossmag.be\/index.php\/2022\/11\/supercross-cedric-soubeyras-retrouve-sa-couronne-a-stuttgart\/#primaryimage"},"thumbnailUrl":"https:\/\/fr.motocrossmag.be\/wp-content\/uploads\/2022\/11\/adac-sx-stuttgart.jpg","datePublished":"2022-11-06T09:53:22+00:00","author":{"@id":"https:\/\/fr.motocrossmag.be\/#\/schema\/person\/11b47143d9f755babca2c9110e03235c"},"breadcrumb":{"@id":"https:\/\/fr.motocrossmag.be\/index.php\/2022\/11\/supercross-cedric-soubeyras-retrouve-sa-couronne-a-stuttgart\/#breadcrumb"},"inLanguage":"fr-FR","potentialAction":[{"@type":"ReadAction","target":["https:\/\/fr.motocrossmag.be\/index.php\/2022\/11\/supercross-cedric-soubeyras-retrouve-sa-couronne-a-stuttgart\/"]}]},{"@type":"ImageObject","inLanguage":"fr-FR","@id":"https:\/\/fr.motocrossmag.be\/index.php\/2022\/11\/supercross-cedric-soubeyras-retrouve-sa-couronne-a-stuttgart\/#primaryimage","url":"https:\/\/fr.motocrossmag.be\/wp-content\/uploads\/2022\/11\/adac-sx-stuttgart.jpg","contentUrl":"https:\/\/fr.motocrossmag.be\/wp-content\/uploads\/2022\/11\/adac-sx-stuttgart.jpg","width":"960","height":"537"},{"@type":"BreadcrumbList","@id":"https:\/\/fr.motocrossmag.be\/index.php\/2022\/11\/supercross-cedric-soubeyras-retrouve-sa-couronne-a-stuttgart\/#breadcrumb","itemListElement":[{"@type":"ListItem","position":1,"name":"Accueil","item":"https:\/\/fr.motocrossmag.be\/"},{"@type":"ListItem","position":2,"name":"Supercross : C\u00e9dric Soubeyras retrouve sa couronne \u00e0 Stuttgart"}]},{"@type":"WebSite","@id":"https:\/\/fr.motocrossmag.be\/#website","url":"https:\/\/fr.motocrossmag.be\/","name":"Motocross - Enduro - Supermoto | MotocrossMag","description":"L&#039;actualit\u00e9 du motocross, de l&#039;enduro et du Supermoto en ligne!","potentialAction":[{"@type":"SearchAction","target":{"@type":"EntryPoint","urlTemplate":"https:\/\/fr.motocrossmag.be\/?s={search_term_string}"},"query-input":{"@type":"PropertyValueSpecification","valueRequired":true,"valueName":"search_term_string"}}],"inLanguage":"fr-FR"},{"@type":"Person","@id":"https:\/\/fr.motocrossmag.be\/#\/schema\/person\/11b47143d9f755babca2c9110e03235c","name":"oliviere","image":{"@type":"ImageObject","inLanguage":"fr-FR","@id":"https:\/\/secure.gravatar.com\/avatar\/907069e0b81d119452040469e4a7501da1100f54f7f80180ce77bfab718288f6?s=96&d=mm&r=g","url":"https:\/\/secure.gravatar.com\/avatar\/907069e0b81d119452040469e4a7501da1100f54f7f80180ce77bfab718288f6?s=96&d=mm&r=g","contentUrl":"https:\/\/secure.gravatar.com\/avatar\/907069e0b81d119452040469e4a7501da1100f54f7f80180ce77bfab718288f6?s=96&d=mm&r=g","caption":"oliviere"},"sameAs":["http:\/\/www.motocrossmag.be"],"url":"https:\/\/fr.motocrossmag.be\/index.php\/author\/oliviere\/"}]}},"_links":{"self":[{"href":"https:\/\/fr.motocrossmag.be\/index.php\/wp-json\/wp\/v2\/posts\/121689","targetHints":{"allow":["GET"]}}],"collection":[{"href":"https:\/\/fr.motocrossmag.be\/index.php\/wp-json\/wp\/v2\/posts"}],"about":[{"href":"https:\/\/fr.motocrossmag.be\/index.php\/wp-json\/wp\/v2\/types\/post"}],"author":[{"embeddable":true,"href":"https:\/\/fr.motocrossmag.be\/index.php\/wp-json\/wp\/v2\/users\/932"}],"replies":[{"embeddable":true,"href":"https:\/\/fr.motocrossmag.be\/index.php\/wp-json\/wp\/v2\/comments?post=121689"}],"version-history":[{"count":0,"href":"https:\/\/fr.motocrossmag.be\/index.php\/wp-json\/wp\/v2\/posts\/121689\/revisions"}],"wp:featuredmedia":[{"embeddable":true,"href":"https:\/\/fr.motocrossmag.be\/index.php\/wp-json\/wp\/v2\/media\/121690"}],"wp:attachment":[{"href":"https:\/\/fr.motocrossmag.be\/index.php\/wp-json\/wp\/v2\/media?parent=121689"}],"wp:term":[{"taxonomy":"category","embeddable":true,"href":"https:\/\/fr.motocrossmag.be\/index.php\/wp-json\/wp\/v2\/categories?post=121689"},{"taxonomy":"post_tag","embeddable":true,"href":"https:\/\/fr.motocrossmag.be\/index.php\/wp-json\/wp\/v2\/tags?post=121689"}],"curies":[{"name":"wp","href":"https:\/\/api.w.org\/{rel}","templated":true}]}}