{"id":121693,"date":"2022-11-06T16:55:13","date_gmt":"2022-11-06T15:55:13","guid":{"rendered":"http:\/\/fr.motocrossmag.be\/?p=121693"},"modified":"2022-11-06T16:55:13","modified_gmt":"2022-11-06T15:55:13","slug":"le-week-end-dentrainement-a-lierneux-annule","status":"publish","type":"post","link":"https:\/\/fr.motocrossmag.be\/index.php\/2022\/11\/le-week-end-dentrainement-a-lierneux-annule\/","title":{"rendered":"Le week-end d&rsquo;entra\u00eenement \u00e0 Lierneux annul\u00e9"},"content":{"rendered":"<p><strong>Un week-end d\u00e9di\u00e9 aux entra\u00eenements \u00e9tait programm\u00e9 sur le circuit de Lierneux <a href=\"http:\/\/fr.motocrossmag.be\/index.php\/2022\/09\/ouverture-exceptionnelle-du-circuit-de-lierneux-en-novembre\/\">les 11, 12 et 13 novembre prochains<\/a>. H\u00e9las, Andr\u00e9 Mathieu, gestionnaire du site, a d\u00fb annoncer ce vendredi l&rsquo;annulation de ces 3 journ\u00e9es d&rsquo;entra\u00eenement. C&rsquo;est un probl\u00e8me administratif qui est en cause.<\/strong><\/p>\n<p>Comme vous le savez certainement, le site de Lierneux fait actuellement l&rsquo;objet d&rsquo;une demande de permis afin de le d\u00e9dier aux entra\u00eenements pour les motos tout-terrain. Cette longue et p\u00e9rilleuse proc\u00e9dure suit actuellement son cours et on lui esp\u00e8re \u00e9videmment tous une issue favorable.<\/p>\n<p>Cependant, cette proc\u00e9dure en cours emp\u00eache pendant toute sa dur\u00e9e l&rsquo;obtention de tout autre permis sur le site. Une \u00ab\u00a0simple\u00a0\u00bb autorisation pour l&rsquo;organisation d&rsquo;un \u00e9v\u00e9nement sur 3 jours cons\u00e9cutifs (comme celle que doivent obtenir par exemple les organisateurs d&rsquo;une \u00e9preuve de motocross FMB. AMPL ou FPCNA lorsque l&rsquo;\u00e9preuve se d\u00e9roule sur un circuit trac\u00e9 pour l&rsquo;occasion) ne peut donc \u00eatre obtenue tant que la proc\u00e9dure relative \u00e0 l&rsquo;obtention du permis pour permettre les entra\u00eenements de fa\u00e7on r\u00e9guli\u00e8re n&rsquo;est pas cl\u00f4tur\u00e9e.<\/p>\n<p>Un peu de patience donc&#8230;<\/p>\n","protected":false},"excerpt":{"rendered":"<p>Un week-end d\u00e9di\u00e9 aux entra\u00eenements \u00e9tait programm\u00e9 sur le circuit de Lierneux les 11, 12 et 13 novembre prochains. H\u00e9las, Andr\u00e9 Mathieu, gestionnaire du site, a d\u00fb annoncer ce vendredi [&#8230;]<\/p>\n","protected":false},"author":932,"featured_media":121028,"comment_status":"open","ping_status":"closed","sticky":false,"template":"","format":"standard","meta":{"footnotes":""},"categories":[54,57,44,4,5,45,55,65],"tags":[1363,947],"class_list":["post-121693","post","type-post","status-publish","format-standard","has-post-thumbnail","hentry","category-actualite","category-calendriers","category-kids","category-motocross","category-news","category-news-kids","category-news-actualite","category-slideshow","tag-lierneux","tag-motocross"],"yoast_head":"<!-- This site is optimized with the Yoast SEO plugin v27.4 - https:\/\/yoast.com\/product\/yoast-seo-wordpress\/ -->\n<title>Le week-end d&#039;entra\u00eenement \u00e0 Lierneux annul\u00e9 - Motocross - Enduro - Supermoto | MotocrossMag<\/title>\n<meta name=\"robots\" content=\"index, follow, max-snippet:-1, max-image-preview:large, max-video-preview:-1\" \/>\n<link rel=\"canonical\" href=\"https:\/\/fr.motocrossmag.be\/index.php\/2022\/11\/le-week-end-dentrainement-a-lierneux-annule\/\" \/>\n<meta property=\"og:locale\" content=\"fr_FR\" \/>\n<meta property=\"og:type\" content=\"article\" \/>\n<meta property=\"og:title\" content=\"Le week-end d&#039;entra\u00eenement \u00e0 Lierneux annul\u00e9 - Motocross - Enduro - Supermoto | MotocrossMag\" \/>\n<meta property=\"og:description\" content=\"Un week-end d\u00e9di\u00e9 aux entra\u00eenements \u00e9tait programm\u00e9 sur le circuit de Lierneux les 11, 12 et 13 novembre prochains. H\u00e9las, Andr\u00e9 Mathieu, gestionnaire du site, a d\u00fb annoncer ce vendredi [...]\" \/>\n<meta property=\"og:url\" content=\"https:\/\/fr.motocrossmag.be\/index.php\/2022\/11\/le-week-end-dentrainement-a-lierneux-annule\/\" \/>\n<meta property=\"og:site_name\" content=\"Motocross - Enduro - Supermoto | MotocrossMag\" \/>\n<meta property=\"article:published_time\" content=\"2022-11-06T15:55:13+00:00\" \/>\n<meta property=\"og:image\" content=\"https:\/\/fr.motocrossmag.be\/wp-content\/uploads\/2022\/09\/track-lierneux.jpg\" \/>\n\t<meta property=\"og:image:width\" content=\"1000\" \/>\n\t<meta property=\"og:image:height\" content=\"750\" \/>\n\t<meta property=\"og:image:type\" content=\"image\/jpeg\" \/>\n<meta name=\"author\" content=\"oliviere\" \/>\n<meta name=\"twitter:card\" content=\"summary_large_image\" \/>\n<meta name=\"twitter:label1\" content=\"\u00c9crit par\" \/>\n\t<meta name=\"twitter:data1\" content=\"oliviere\" \/>\n\t<meta name=\"twitter:label2\" content=\"Dur\u00e9e de lecture estim\u00e9e\" \/>\n\t<meta name=\"twitter:data2\" content=\"1 minute\" \/>\n<script type=\"application\/ld+json\" class=\"yoast-schema-graph\">{\"@context\":\"https:\\\/\\\/schema.org\",\"@graph\":[{\"@type\":\"Article\",\"@id\":\"https:\\\/\\\/fr.motocrossmag.be\\\/index.php\\\/2022\\\/11\\\/le-week-end-dentrainement-a-lierneux-annule\\\/#article\",\"isPartOf\":{\"@id\":\"https:\\\/\\\/fr.motocrossmag.be\\\/index.php\\\/2022\\\/11\\\/le-week-end-dentrainement-a-lierneux-annule\\\/\"},\"author\":{\"name\":\"oliviere\",\"@id\":\"https:\\\/\\\/fr.motocrossmag.be\\\/#\\\/schema\\\/person\\\/11b47143d9f755babca2c9110e03235c\"},\"headline\":\"Le week-end d&rsquo;entra\u00eenement \u00e0 Lierneux annul\u00e9\",\"datePublished\":\"2022-11-06T15:55:13+00:00\",\"mainEntityOfPage\":{\"@id\":\"https:\\\/\\\/fr.motocrossmag.be\\\/index.php\\\/2022\\\/11\\\/le-week-end-dentrainement-a-lierneux-annule\\\/\"},\"wordCount\":211,\"commentCount\":0,\"image\":{\"@id\":\"https:\\\/\\\/fr.motocrossmag.be\\\/index.php\\\/2022\\\/11\\\/le-week-end-dentrainement-a-lierneux-annule\\\/#primaryimage\"},\"thumbnailUrl\":\"https:\\\/\\\/fr.motocrossmag.be\\\/wp-content\\\/uploads\\\/2022\\\/09\\\/track-lierneux.jpg\",\"keywords\":[\"lierneux\",\"Motocross\"],\"articleSection\":[\"Actualit\u00e9\",\"Calendriers\",\"Kids\",\"Motocross\",\"News\",\"News\",\"News\",\"Slideshow\"],\"inLanguage\":\"fr-FR\",\"potentialAction\":[{\"@type\":\"CommentAction\",\"name\":\"Comment\",\"target\":[\"https:\\\/\\\/fr.motocrossmag.be\\\/index.php\\\/2022\\\/11\\\/le-week-end-dentrainement-a-lierneux-annule\\\/#respond\"]}]},{\"@type\":\"WebPage\",\"@id\":\"https:\\\/\\\/fr.motocrossmag.be\\\/index.php\\\/2022\\\/11\\\/le-week-end-dentrainement-a-lierneux-annule\\\/\",\"url\":\"https:\\\/\\\/fr.motocrossmag.be\\\/index.php\\\/2022\\\/11\\\/le-week-end-dentrainement-a-lierneux-annule\\\/\",\"name\":\"Le week-end d'entra\u00eenement \u00e0 Lierneux annul\u00e9 - Motocross - Enduro - Supermoto | MotocrossMag\",\"isPartOf\":{\"@id\":\"https:\\\/\\\/fr.motocrossmag.be\\\/#website\"},\"primaryImageOfPage\":{\"@id\":\"https:\\\/\\\/fr.motocrossmag.be\\\/index.php\\\/2022\\\/11\\\/le-week-end-dentrainement-a-lierneux-annule\\\/#primaryimage\"},\"image\":{\"@id\":\"https:\\\/\\\/fr.motocrossmag.be\\\/index.php\\\/2022\\\/11\\\/le-week-end-dentrainement-a-lierneux-annule\\\/#primaryimage\"},\"thumbnailUrl\":\"https:\\\/\\\/fr.motocrossmag.be\\\/wp-content\\\/uploads\\\/2022\\\/09\\\/track-lierneux.jpg\",\"datePublished\":\"2022-11-06T15:55:13+00:00\",\"author\":{\"@id\":\"https:\\\/\\\/fr.motocrossmag.be\\\/#\\\/schema\\\/person\\\/11b47143d9f755babca2c9110e03235c\"},\"breadcrumb\":{\"@id\":\"https:\\\/\\\/fr.motocrossmag.be\\\/index.php\\\/2022\\\/11\\\/le-week-end-dentrainement-a-lierneux-annule\\\/#breadcrumb\"},\"inLanguage\":\"fr-FR\",\"potentialAction\":[{\"@type\":\"ReadAction\",\"target\":[\"https:\\\/\\\/fr.motocrossmag.be\\\/index.php\\\/2022\\\/11\\\/le-week-end-dentrainement-a-lierneux-annule\\\/\"]}]},{\"@type\":\"ImageObject\",\"inLanguage\":\"fr-FR\",\"@id\":\"https:\\\/\\\/fr.motocrossmag.be\\\/index.php\\\/2022\\\/11\\\/le-week-end-dentrainement-a-lierneux-annule\\\/#primaryimage\",\"url\":\"https:\\\/\\\/fr.motocrossmag.be\\\/wp-content\\\/uploads\\\/2022\\\/09\\\/track-lierneux.jpg\",\"contentUrl\":\"https:\\\/\\\/fr.motocrossmag.be\\\/wp-content\\\/uploads\\\/2022\\\/09\\\/track-lierneux.jpg\",\"width\":\"1000\",\"height\":\"750\"},{\"@type\":\"BreadcrumbList\",\"@id\":\"https:\\\/\\\/fr.motocrossmag.be\\\/index.php\\\/2022\\\/11\\\/le-week-end-dentrainement-a-lierneux-annule\\\/#breadcrumb\",\"itemListElement\":[{\"@type\":\"ListItem\",\"position\":1,\"name\":\"Accueil\",\"item\":\"https:\\\/\\\/fr.motocrossmag.be\\\/\"},{\"@type\":\"ListItem\",\"position\":2,\"name\":\"Le week-end d&rsquo;entra\u00eenement \u00e0 Lierneux annul\u00e9\"}]},{\"@type\":\"WebSite\",\"@id\":\"https:\\\/\\\/fr.motocrossmag.be\\\/#website\",\"url\":\"https:\\\/\\\/fr.motocrossmag.be\\\/\",\"name\":\"Motocross - Enduro - Supermoto | MotocrossMag\",\"description\":\"L&#039;actualit\u00e9 du motocross, de l&#039;enduro et du Supermoto en ligne!\",\"potentialAction\":[{\"@type\":\"SearchAction\",\"target\":{\"@type\":\"EntryPoint\",\"urlTemplate\":\"https:\\\/\\\/fr.motocrossmag.be\\\/?s={search_term_string}\"},\"query-input\":{\"@type\":\"PropertyValueSpecification\",\"valueRequired\":true,\"valueName\":\"search_term_string\"}}],\"inLanguage\":\"fr-FR\"},{\"@type\":\"Person\",\"@id\":\"https:\\\/\\\/fr.motocrossmag.be\\\/#\\\/schema\\\/person\\\/11b47143d9f755babca2c9110e03235c\",\"name\":\"oliviere\",\"image\":{\"@type\":\"ImageObject\",\"inLanguage\":\"fr-FR\",\"@id\":\"https:\\\/\\\/secure.gravatar.com\\\/avatar\\\/907069e0b81d119452040469e4a7501da1100f54f7f80180ce77bfab718288f6?s=96&d=mm&r=g\",\"url\":\"https:\\\/\\\/secure.gravatar.com\\\/avatar\\\/907069e0b81d119452040469e4a7501da1100f54f7f80180ce77bfab718288f6?s=96&d=mm&r=g\",\"contentUrl\":\"https:\\\/\\\/secure.gravatar.com\\\/avatar\\\/907069e0b81d119452040469e4a7501da1100f54f7f80180ce77bfab718288f6?s=96&d=mm&r=g\",\"caption\":\"oliviere\"},\"sameAs\":[\"http:\\\/\\\/www.motocrossmag.be\"],\"url\":\"https:\\\/\\\/fr.motocrossmag.be\\\/index.php\\\/author\\\/oliviere\\\/\"}]}<\/script>\n<!-- \/ Yoast SEO plugin. -->","yoast_head_json":{"title":"Le week-end d'entra\u00eenement \u00e0 Lierneux annul\u00e9 - Motocross - Enduro - Supermoto | MotocrossMag","robots":{"index":"index","follow":"follow","max-snippet":"max-snippet:-1","max-image-preview":"max-image-preview:large","max-video-preview":"max-video-preview:-1"},"canonical":"https:\/\/fr.motocrossmag.be\/index.php\/2022\/11\/le-week-end-dentrainement-a-lierneux-annule\/","og_locale":"fr_FR","og_type":"article","og_title":"Le week-end d'entra\u00eenement \u00e0 Lierneux annul\u00e9 - Motocross - Enduro - Supermoto | MotocrossMag","og_description":"Un week-end d\u00e9di\u00e9 aux entra\u00eenements \u00e9tait programm\u00e9 sur le circuit de Lierneux les 11, 12 et 13 novembre prochains. H\u00e9las, Andr\u00e9 Mathieu, gestionnaire du site, a d\u00fb annoncer ce vendredi [...]","og_url":"https:\/\/fr.motocrossmag.be\/index.php\/2022\/11\/le-week-end-dentrainement-a-lierneux-annule\/","og_site_name":"Motocross - Enduro - Supermoto | MotocrossMag","article_published_time":"2022-11-06T15:55:13+00:00","og_image":[{"width":1000,"height":750,"url":"https:\/\/fr.motocrossmag.be\/wp-content\/uploads\/2022\/09\/track-lierneux.jpg","type":"image\/jpeg"}],"author":"oliviere","twitter_card":"summary_large_image","twitter_misc":{"\u00c9crit par":"oliviere","Dur\u00e9e de lecture estim\u00e9e":"1 minute"},"schema":{"@context":"https:\/\/schema.org","@graph":[{"@type":"Article","@id":"https:\/\/fr.motocrossmag.be\/index.php\/2022\/11\/le-week-end-dentrainement-a-lierneux-annule\/#article","isPartOf":{"@id":"https:\/\/fr.motocrossmag.be\/index.php\/2022\/11\/le-week-end-dentrainement-a-lierneux-annule\/"},"author":{"name":"oliviere","@id":"https:\/\/fr.motocrossmag.be\/#\/schema\/person\/11b47143d9f755babca2c9110e03235c"},"headline":"Le week-end d&rsquo;entra\u00eenement \u00e0 Lierneux annul\u00e9","datePublished":"2022-11-06T15:55:13+00:00","mainEntityOfPage":{"@id":"https:\/\/fr.motocrossmag.be\/index.php\/2022\/11\/le-week-end-dentrainement-a-lierneux-annule\/"},"wordCount":211,"commentCount":0,"image":{"@id":"https:\/\/fr.motocrossmag.be\/index.php\/2022\/11\/le-week-end-dentrainement-a-lierneux-annule\/#primaryimage"},"thumbnailUrl":"https:\/\/fr.motocrossmag.be\/wp-content\/uploads\/2022\/09\/track-lierneux.jpg","keywords":["lierneux","Motocross"],"articleSection":["Actualit\u00e9","Calendriers","Kids","Motocross","News","News","News","Slideshow"],"inLanguage":"fr-FR","potentialAction":[{"@type":"CommentAction","name":"Comment","target":["https:\/\/fr.motocrossmag.be\/index.php\/2022\/11\/le-week-end-dentrainement-a-lierneux-annule\/#respond"]}]},{"@type":"WebPage","@id":"https:\/\/fr.motocrossmag.be\/index.php\/2022\/11\/le-week-end-dentrainement-a-lierneux-annule\/","url":"https:\/\/fr.motocrossmag.be\/index.php\/2022\/11\/le-week-end-dentrainement-a-lierneux-annule\/","name":"Le week-end d'entra\u00eenement \u00e0 Lierneux annul\u00e9 - Motocross - Enduro - Supermoto | MotocrossMag","isPartOf":{"@id":"https:\/\/fr.motocrossmag.be\/#website"},"primaryImageOfPage":{"@id":"https:\/\/fr.motocrossmag.be\/index.php\/2022\/11\/le-week-end-dentrainement-a-lierneux-annule\/#primaryimage"},"image":{"@id":"https:\/\/fr.motocrossmag.be\/index.php\/2022\/11\/le-week-end-dentrainement-a-lierneux-annule\/#primaryimage"},"thumbnailUrl":"https:\/\/fr.motocrossmag.be\/wp-content\/uploads\/2022\/09\/track-lierneux.jpg","datePublished":"2022-11-06T15:55:13+00:00","author":{"@id":"https:\/\/fr.motocrossmag.be\/#\/schema\/person\/11b47143d9f755babca2c9110e03235c"},"breadcrumb":{"@id":"https:\/\/fr.motocrossmag.be\/index.php\/2022\/11\/le-week-end-dentrainement-a-lierneux-annule\/#breadcrumb"},"inLanguage":"fr-FR","potentialAction":[{"@type":"ReadAction","target":["https:\/\/fr.motocrossmag.be\/index.php\/2022\/11\/le-week-end-dentrainement-a-lierneux-annule\/"]}]},{"@type":"ImageObject","inLanguage":"fr-FR","@id":"https:\/\/fr.motocrossmag.be\/index.php\/2022\/11\/le-week-end-dentrainement-a-lierneux-annule\/#primaryimage","url":"https:\/\/fr.motocrossmag.be\/wp-content\/uploads\/2022\/09\/track-lierneux.jpg","contentUrl":"https:\/\/fr.motocrossmag.be\/wp-content\/uploads\/2022\/09\/track-lierneux.jpg","width":"1000","height":"750"},{"@type":"BreadcrumbList","@id":"https:\/\/fr.motocrossmag.be\/index.php\/2022\/11\/le-week-end-dentrainement-a-lierneux-annule\/#breadcrumb","itemListElement":[{"@type":"ListItem","position":1,"name":"Accueil","item":"https:\/\/fr.motocrossmag.be\/"},{"@type":"ListItem","position":2,"name":"Le week-end d&rsquo;entra\u00eenement \u00e0 Lierneux annul\u00e9"}]},{"@type":"WebSite","@id":"https:\/\/fr.motocrossmag.be\/#website","url":"https:\/\/fr.motocrossmag.be\/","name":"Motocross - Enduro - Supermoto | MotocrossMag","description":"L&#039;actualit\u00e9 du motocross, de l&#039;enduro et du Supermoto en ligne!","potentialAction":[{"@type":"SearchAction","target":{"@type":"EntryPoint","urlTemplate":"https:\/\/fr.motocrossmag.be\/?s={search_term_string}"},"query-input":{"@type":"PropertyValueSpecification","valueRequired":true,"valueName":"search_term_string"}}],"inLanguage":"fr-FR"},{"@type":"Person","@id":"https:\/\/fr.motocrossmag.be\/#\/schema\/person\/11b47143d9f755babca2c9110e03235c","name":"oliviere","image":{"@type":"ImageObject","inLanguage":"fr-FR","@id":"https:\/\/secure.gravatar.com\/avatar\/907069e0b81d119452040469e4a7501da1100f54f7f80180ce77bfab718288f6?s=96&d=mm&r=g","url":"https:\/\/secure.gravatar.com\/avatar\/907069e0b81d119452040469e4a7501da1100f54f7f80180ce77bfab718288f6?s=96&d=mm&r=g","contentUrl":"https:\/\/secure.gravatar.com\/avatar\/907069e0b81d119452040469e4a7501da1100f54f7f80180ce77bfab718288f6?s=96&d=mm&r=g","caption":"oliviere"},"sameAs":["http:\/\/www.motocrossmag.be"],"url":"https:\/\/fr.motocrossmag.be\/index.php\/author\/oliviere\/"}]}},"_links":{"self":[{"href":"https:\/\/fr.motocrossmag.be\/index.php\/wp-json\/wp\/v2\/posts\/121693","targetHints":{"allow":["GET"]}}],"collection":[{"href":"https:\/\/fr.motocrossmag.be\/index.php\/wp-json\/wp\/v2\/posts"}],"about":[{"href":"https:\/\/fr.motocrossmag.be\/index.php\/wp-json\/wp\/v2\/types\/post"}],"author":[{"embeddable":true,"href":"https:\/\/fr.motocrossmag.be\/index.php\/wp-json\/wp\/v2\/users\/932"}],"replies":[{"embeddable":true,"href":"https:\/\/fr.motocrossmag.be\/index.php\/wp-json\/wp\/v2\/comments?post=121693"}],"version-history":[{"count":0,"href":"https:\/\/fr.motocrossmag.be\/index.php\/wp-json\/wp\/v2\/posts\/121693\/revisions"}],"wp:featuredmedia":[{"embeddable":true,"href":"https:\/\/fr.motocrossmag.be\/index.php\/wp-json\/wp\/v2\/media\/121028"}],"wp:attachment":[{"href":"https:\/\/fr.motocrossmag.be\/index.php\/wp-json\/wp\/v2\/media?parent=121693"}],"wp:term":[{"taxonomy":"category","embeddable":true,"href":"https:\/\/fr.motocrossmag.be\/index.php\/wp-json\/wp\/v2\/categories?post=121693"},{"taxonomy":"post_tag","embeddable":true,"href":"https:\/\/fr.motocrossmag.be\/index.php\/wp-json\/wp\/v2\/tags?post=121693"}],"curies":[{"name":"wp","href":"https:\/\/api.w.org\/{rel}","templated":true}]}}