{"id":121709,"date":"2022-11-08T12:02:52","date_gmt":"2022-11-08T11:02:52","guid":{"rendered":"http:\/\/fr.motocrossmag.be\/?p=121709"},"modified":"2022-11-08T12:05:42","modified_gmt":"2022-11-08T11:05:42","slug":"supercross-de-paris-le-programme-du-week-end","status":"publish","type":"post","link":"https:\/\/fr.motocrossmag.be\/index.php\/2022\/11\/supercross-de-paris-le-programme-du-week-end\/","title":{"rendered":"Supercross de Paris : le programme du week-end"},"content":{"rendered":"<p><strong>La 39\u00e8me \u00e9dition du Supercross de Paris, ce sera ces samedi 12 et dimanche 13 novembre dans l&rsquo;enceinte de \u00ab\u00a0La D\u00e9fense Arena\u00a0\u00bb. Les meilleurs sp\u00e9cialistes europ\u00e9ens du Supercross se mesureront dans la capitale fran\u00e7aise \u00e0 une s\u00e9lection de stars du championnat US comme Eli Tomac, Cooper Webb, Ken Roczen ou Marvin Musquin.<\/strong><\/p>\n<p>Sans oublier bien s\u00fbr le show FMX \u00e0 l&rsquo;affiche duquel figure notre compatriote Julien Vanstippen.<\/p>\n<p>Retrouvez ci-dessous le programme complet de ces deux journ\u00e9es du Supercross le plus attendu de l&rsquo;entre-saison. L&rsquo;\u00e9v\u00e9nement sera diffus\u00e9 en TV sur Auto Moto d\u00e8s le samedi en fin d&rsquo;apr\u00e8s-midi et le dimanche mais aussi en streaming sur le net via la plateforme <a href=\"https:\/\/www.mxgp-tv.com\/home\" target=\"_blank\" rel=\"noopener\">MXGP TV.<\/a><\/p>\n<p><span style=\"color: #ff0000;\"><strong>Timing SX Paris 2022<br \/>\n<\/strong><\/span><\/p>\n<p><strong>Samedi 12 novembre<\/strong><\/p>\n<p>14h00 Ouverture de la salle<br \/>\n14h15 Essais libres SX2 \/ 15mn<br \/>\n14h35 Essais libres SX1 \/ 15mn<br \/>\n15h05 Essais chrono SX2 \/ 15mn<br \/>\n15h25 Essais chrono SX1 \/ 15mn<br \/>\n17h00\u00a0: Fin des Entr\u00e9es\/Sorties Libres<br \/>\n17h30\u00a0: Ouverture de la salle<br \/>\n19h00 : D\u00e9but du show<br \/>\n19h25 : SX1 Superpole \/ 10 pilotes<br \/>\n19h40\u00a0 : SX2 Sprint 1 \/ 5mn+1T<br \/>\n19h52 :\u00a0 SX1 Sprint 1 \/ 6mn+1T<br \/>\n20h28 : FMX Session 1 \/ 10mn<br \/>\n20h50:\u00a0 Pit-bikes 3 tours<br \/>\n21h00\u00a0 : SX2 Sprint 2\u00a0 \/ 5mn+1T<br \/>\n21h12\u00a0 : SX1 Sprint 2\u00a0 \/ 8mn+1T<br \/>\n21h57 :\u00a0 FMX session 2 \/ 15mn<br \/>\n22h12\u00a0 : SX2 Finale \/ 8mn+1T<br \/>\n22h33 : SX1 Finale \/ 12mn+1T<\/p>\n<p><strong>Dimanche 13 novembre<br \/>\n<\/strong><\/p>\n<p>10h45 : Ouverture de la salle<br \/>\n10h50 : Essais FMX 25mn<br \/>\n11h20\u00a0 : Essais chrono SX2 \/ 15mn<br \/>\n11h40\u00a0 : Essais chrono SX1 \/ 15mn<br \/>\n13h00\u00a0: Fin des Entr\u00e9es\/Sorties Libres<br \/>\n13h30\u00a0:\u00a0Ouverture de la salle<br \/>\n15h00\u00a0 : D\u00e9but du show<br \/>\n15h25 : SX1 Superpole \/ 10 pilotes<br \/>\n15h40\u00a0 : SX2 Sprint 1 \/ 5mn+1T<br \/>\n15h52\u00a0 : SX1 Sprint 1 \/ 6mn+1T<br \/>\n16h28 : FMX Session 1 \/ 10mn<br \/>\n16h50\u00a0 : Course enfants Pit-bikes<br \/>\n17h00\u00a0 : SX2 Sprint 2\u00a0 \/ 5mn+1T<br \/>\n17h12\u00a0 : SX1 Sprint 2\u00a0 \/ 8mn+1T<br \/>\n17h57\u00a0 : FMX session 2 \/ 15mn<br \/>\n18h12\u00a0 : SX2 Finale \/ 8mn+1T<br \/>\n18h35 : SX1 Finale \/ 12mn+1T<\/p>\n<p>Plus d&rsquo;infos sur :\u00a0<a href=\"http:\/\/www.supercrossparis.com\" target=\"_blank\" rel=\"noopener\">www.supercrossparis.com<\/a><\/p>\n","protected":false},"excerpt":{"rendered":"<p>La 39\u00e8me \u00e9dition du Supercross de Paris, ce sera ces samedi 12 et dimanche 13 novembre dans l&rsquo;enceinte de \u00ab\u00a0La D\u00e9fense Arena\u00a0\u00bb. Les meilleurs sp\u00e9cialistes europ\u00e9ens du Supercross se mesureront [&#8230;]<\/p>\n","protected":false},"author":932,"featured_media":114163,"comment_status":"open","ping_status":"closed","sticky":false,"template":"","format":"standard","meta":{"footnotes":""},"categories":[54,57,4,5,55,65],"tags":[155,141,348,116],"class_list":["post-121709","post","type-post","status-publish","format-standard","has-post-thumbnail","hentry","category-actualite","category-calendriers","category-motocross","category-news","category-news-actualite","category-slideshow","tag-eli-tomac","tag-ken-roczen","tag-paris","tag-supercross"],"yoast_head":"<!-- This site is optimized with the Yoast SEO plugin v27.4 - https:\/\/yoast.com\/product\/yoast-seo-wordpress\/ -->\n<title>Supercross de Paris : le programme du week-end - Motocross - Enduro - Supermoto | MotocrossMag<\/title>\n<meta name=\"robots\" content=\"index, follow, max-snippet:-1, max-image-preview:large, max-video-preview:-1\" \/>\n<link rel=\"canonical\" href=\"https:\/\/fr.motocrossmag.be\/index.php\/2022\/11\/supercross-de-paris-le-programme-du-week-end\/\" \/>\n<meta property=\"og:locale\" content=\"fr_FR\" \/>\n<meta property=\"og:type\" content=\"article\" \/>\n<meta property=\"og:title\" content=\"Supercross de Paris : le programme du week-end - Motocross - Enduro - Supermoto | MotocrossMag\" \/>\n<meta property=\"og:description\" content=\"La 39\u00e8me \u00e9dition du Supercross de Paris, ce sera ces samedi 12 et dimanche 13 novembre dans l&rsquo;enceinte de \u00ab\u00a0La D\u00e9fense Arena\u00a0\u00bb. Les meilleurs sp\u00e9cialistes europ\u00e9ens du Supercross se mesureront [...]\" \/>\n<meta property=\"og:url\" content=\"https:\/\/fr.motocrossmag.be\/index.php\/2022\/11\/supercross-de-paris-le-programme-du-week-end\/\" \/>\n<meta property=\"og:site_name\" content=\"Motocross - Enduro - Supermoto | MotocrossMag\" \/>\n<meta property=\"article:published_time\" content=\"2022-11-08T11:02:52+00:00\" \/>\n<meta property=\"article:modified_time\" content=\"2022-11-08T11:05:42+00:00\" \/>\n<meta property=\"og:image\" content=\"https:\/\/fr.motocrossmag.be\/wp-content\/uploads\/2021\/11\/rebaud_FMX_SXParis21_@cdsimages_9L8A0085.jpg\" \/>\n\t<meta property=\"og:image:width\" content=\"1000\" \/>\n\t<meta property=\"og:image:height\" content=\"666\" \/>\n\t<meta property=\"og:image:type\" content=\"image\/jpeg\" \/>\n<meta name=\"author\" content=\"oliviere\" \/>\n<meta name=\"twitter:card\" content=\"summary_large_image\" \/>\n<meta name=\"twitter:label1\" content=\"\u00c9crit par\" \/>\n\t<meta name=\"twitter:data1\" content=\"oliviere\" \/>\n\t<meta name=\"twitter:label2\" content=\"Dur\u00e9e de lecture estim\u00e9e\" \/>\n\t<meta name=\"twitter:data2\" content=\"2 minutes\" \/>\n<script type=\"application\/ld+json\" class=\"yoast-schema-graph\">{\"@context\":\"https:\\\/\\\/schema.org\",\"@graph\":[{\"@type\":\"Article\",\"@id\":\"https:\\\/\\\/fr.motocrossmag.be\\\/index.php\\\/2022\\\/11\\\/supercross-de-paris-le-programme-du-week-end\\\/#article\",\"isPartOf\":{\"@id\":\"https:\\\/\\\/fr.motocrossmag.be\\\/index.php\\\/2022\\\/11\\\/supercross-de-paris-le-programme-du-week-end\\\/\"},\"author\":{\"name\":\"oliviere\",\"@id\":\"https:\\\/\\\/fr.motocrossmag.be\\\/#\\\/schema\\\/person\\\/11b47143d9f755babca2c9110e03235c\"},\"headline\":\"Supercross de Paris : le programme du week-end\",\"datePublished\":\"2022-11-08T11:02:52+00:00\",\"dateModified\":\"2022-11-08T11:05:42+00:00\",\"mainEntityOfPage\":{\"@id\":\"https:\\\/\\\/fr.motocrossmag.be\\\/index.php\\\/2022\\\/11\\\/supercross-de-paris-le-programme-du-week-end\\\/\"},\"wordCount\":313,\"commentCount\":0,\"image\":{\"@id\":\"https:\\\/\\\/fr.motocrossmag.be\\\/index.php\\\/2022\\\/11\\\/supercross-de-paris-le-programme-du-week-end\\\/#primaryimage\"},\"thumbnailUrl\":\"https:\\\/\\\/fr.motocrossmag.be\\\/wp-content\\\/uploads\\\/2021\\\/11\\\/rebaud_FMX_SXParis21_@cdsimages_9L8A0085.jpg\",\"keywords\":[\"Eli Tomac\",\"ken roczen\",\"paris\",\"Supercross\"],\"articleSection\":[\"Actualit\u00e9\",\"Calendriers\",\"Motocross\",\"News\",\"News\",\"Slideshow\"],\"inLanguage\":\"fr-FR\",\"potentialAction\":[{\"@type\":\"CommentAction\",\"name\":\"Comment\",\"target\":[\"https:\\\/\\\/fr.motocrossmag.be\\\/index.php\\\/2022\\\/11\\\/supercross-de-paris-le-programme-du-week-end\\\/#respond\"]}]},{\"@type\":\"WebPage\",\"@id\":\"https:\\\/\\\/fr.motocrossmag.be\\\/index.php\\\/2022\\\/11\\\/supercross-de-paris-le-programme-du-week-end\\\/\",\"url\":\"https:\\\/\\\/fr.motocrossmag.be\\\/index.php\\\/2022\\\/11\\\/supercross-de-paris-le-programme-du-week-end\\\/\",\"name\":\"Supercross de Paris : le programme du week-end - Motocross - Enduro - Supermoto | MotocrossMag\",\"isPartOf\":{\"@id\":\"https:\\\/\\\/fr.motocrossmag.be\\\/#website\"},\"primaryImageOfPage\":{\"@id\":\"https:\\\/\\\/fr.motocrossmag.be\\\/index.php\\\/2022\\\/11\\\/supercross-de-paris-le-programme-du-week-end\\\/#primaryimage\"},\"image\":{\"@id\":\"https:\\\/\\\/fr.motocrossmag.be\\\/index.php\\\/2022\\\/11\\\/supercross-de-paris-le-programme-du-week-end\\\/#primaryimage\"},\"thumbnailUrl\":\"https:\\\/\\\/fr.motocrossmag.be\\\/wp-content\\\/uploads\\\/2021\\\/11\\\/rebaud_FMX_SXParis21_@cdsimages_9L8A0085.jpg\",\"datePublished\":\"2022-11-08T11:02:52+00:00\",\"dateModified\":\"2022-11-08T11:05:42+00:00\",\"author\":{\"@id\":\"https:\\\/\\\/fr.motocrossmag.be\\\/#\\\/schema\\\/person\\\/11b47143d9f755babca2c9110e03235c\"},\"breadcrumb\":{\"@id\":\"https:\\\/\\\/fr.motocrossmag.be\\\/index.php\\\/2022\\\/11\\\/supercross-de-paris-le-programme-du-week-end\\\/#breadcrumb\"},\"inLanguage\":\"fr-FR\",\"potentialAction\":[{\"@type\":\"ReadAction\",\"target\":[\"https:\\\/\\\/fr.motocrossmag.be\\\/index.php\\\/2022\\\/11\\\/supercross-de-paris-le-programme-du-week-end\\\/\"]}]},{\"@type\":\"ImageObject\",\"inLanguage\":\"fr-FR\",\"@id\":\"https:\\\/\\\/fr.motocrossmag.be\\\/index.php\\\/2022\\\/11\\\/supercross-de-paris-le-programme-du-week-end\\\/#primaryimage\",\"url\":\"https:\\\/\\\/fr.motocrossmag.be\\\/wp-content\\\/uploads\\\/2021\\\/11\\\/rebaud_FMX_SXParis21_@cdsimages_9L8A0085.jpg\",\"contentUrl\":\"https:\\\/\\\/fr.motocrossmag.be\\\/wp-content\\\/uploads\\\/2021\\\/11\\\/rebaud_FMX_SXParis21_@cdsimages_9L8A0085.jpg\",\"width\":1000,\"height\":666},{\"@type\":\"BreadcrumbList\",\"@id\":\"https:\\\/\\\/fr.motocrossmag.be\\\/index.php\\\/2022\\\/11\\\/supercross-de-paris-le-programme-du-week-end\\\/#breadcrumb\",\"itemListElement\":[{\"@type\":\"ListItem\",\"position\":1,\"name\":\"Accueil\",\"item\":\"https:\\\/\\\/fr.motocrossmag.be\\\/\"},{\"@type\":\"ListItem\",\"position\":2,\"name\":\"Supercross de Paris : le programme du week-end\"}]},{\"@type\":\"WebSite\",\"@id\":\"https:\\\/\\\/fr.motocrossmag.be\\\/#website\",\"url\":\"https:\\\/\\\/fr.motocrossmag.be\\\/\",\"name\":\"Motocross - Enduro - Supermoto | MotocrossMag\",\"description\":\"L&#039;actualit\u00e9 du motocross, de l&#039;enduro et du Supermoto en ligne!\",\"potentialAction\":[{\"@type\":\"SearchAction\",\"target\":{\"@type\":\"EntryPoint\",\"urlTemplate\":\"https:\\\/\\\/fr.motocrossmag.be\\\/?s={search_term_string}\"},\"query-input\":{\"@type\":\"PropertyValueSpecification\",\"valueRequired\":true,\"valueName\":\"search_term_string\"}}],\"inLanguage\":\"fr-FR\"},{\"@type\":\"Person\",\"@id\":\"https:\\\/\\\/fr.motocrossmag.be\\\/#\\\/schema\\\/person\\\/11b47143d9f755babca2c9110e03235c\",\"name\":\"oliviere\",\"image\":{\"@type\":\"ImageObject\",\"inLanguage\":\"fr-FR\",\"@id\":\"https:\\\/\\\/secure.gravatar.com\\\/avatar\\\/907069e0b81d119452040469e4a7501da1100f54f7f80180ce77bfab718288f6?s=96&d=mm&r=g\",\"url\":\"https:\\\/\\\/secure.gravatar.com\\\/avatar\\\/907069e0b81d119452040469e4a7501da1100f54f7f80180ce77bfab718288f6?s=96&d=mm&r=g\",\"contentUrl\":\"https:\\\/\\\/secure.gravatar.com\\\/avatar\\\/907069e0b81d119452040469e4a7501da1100f54f7f80180ce77bfab718288f6?s=96&d=mm&r=g\",\"caption\":\"oliviere\"},\"sameAs\":[\"http:\\\/\\\/www.motocrossmag.be\"],\"url\":\"https:\\\/\\\/fr.motocrossmag.be\\\/index.php\\\/author\\\/oliviere\\\/\"}]}<\/script>\n<!-- \/ Yoast SEO plugin. -->","yoast_head_json":{"title":"Supercross de Paris : le programme du week-end - Motocross - Enduro - Supermoto | MotocrossMag","robots":{"index":"index","follow":"follow","max-snippet":"max-snippet:-1","max-image-preview":"max-image-preview:large","max-video-preview":"max-video-preview:-1"},"canonical":"https:\/\/fr.motocrossmag.be\/index.php\/2022\/11\/supercross-de-paris-le-programme-du-week-end\/","og_locale":"fr_FR","og_type":"article","og_title":"Supercross de Paris : le programme du week-end - Motocross - Enduro - Supermoto | MotocrossMag","og_description":"La 39\u00e8me \u00e9dition du Supercross de Paris, ce sera ces samedi 12 et dimanche 13 novembre dans l&rsquo;enceinte de \u00ab\u00a0La D\u00e9fense Arena\u00a0\u00bb. Les meilleurs sp\u00e9cialistes europ\u00e9ens du Supercross se mesureront [...]","og_url":"https:\/\/fr.motocrossmag.be\/index.php\/2022\/11\/supercross-de-paris-le-programme-du-week-end\/","og_site_name":"Motocross - Enduro - Supermoto | MotocrossMag","article_published_time":"2022-11-08T11:02:52+00:00","article_modified_time":"2022-11-08T11:05:42+00:00","og_image":[{"width":1000,"height":666,"url":"https:\/\/fr.motocrossmag.be\/wp-content\/uploads\/2021\/11\/rebaud_FMX_SXParis21_@cdsimages_9L8A0085.jpg","type":"image\/jpeg"}],"author":"oliviere","twitter_card":"summary_large_image","twitter_misc":{"\u00c9crit par":"oliviere","Dur\u00e9e de lecture estim\u00e9e":"2 minutes"},"schema":{"@context":"https:\/\/schema.org","@graph":[{"@type":"Article","@id":"https:\/\/fr.motocrossmag.be\/index.php\/2022\/11\/supercross-de-paris-le-programme-du-week-end\/#article","isPartOf":{"@id":"https:\/\/fr.motocrossmag.be\/index.php\/2022\/11\/supercross-de-paris-le-programme-du-week-end\/"},"author":{"name":"oliviere","@id":"https:\/\/fr.motocrossmag.be\/#\/schema\/person\/11b47143d9f755babca2c9110e03235c"},"headline":"Supercross de Paris : le programme du week-end","datePublished":"2022-11-08T11:02:52+00:00","dateModified":"2022-11-08T11:05:42+00:00","mainEntityOfPage":{"@id":"https:\/\/fr.motocrossmag.be\/index.php\/2022\/11\/supercross-de-paris-le-programme-du-week-end\/"},"wordCount":313,"commentCount":0,"image":{"@id":"https:\/\/fr.motocrossmag.be\/index.php\/2022\/11\/supercross-de-paris-le-programme-du-week-end\/#primaryimage"},"thumbnailUrl":"https:\/\/fr.motocrossmag.be\/wp-content\/uploads\/2021\/11\/rebaud_FMX_SXParis21_@cdsimages_9L8A0085.jpg","keywords":["Eli Tomac","ken roczen","paris","Supercross"],"articleSection":["Actualit\u00e9","Calendriers","Motocross","News","News","Slideshow"],"inLanguage":"fr-FR","potentialAction":[{"@type":"CommentAction","name":"Comment","target":["https:\/\/fr.motocrossmag.be\/index.php\/2022\/11\/supercross-de-paris-le-programme-du-week-end\/#respond"]}]},{"@type":"WebPage","@id":"https:\/\/fr.motocrossmag.be\/index.php\/2022\/11\/supercross-de-paris-le-programme-du-week-end\/","url":"https:\/\/fr.motocrossmag.be\/index.php\/2022\/11\/supercross-de-paris-le-programme-du-week-end\/","name":"Supercross de Paris : le programme du week-end - Motocross - Enduro - Supermoto | MotocrossMag","isPartOf":{"@id":"https:\/\/fr.motocrossmag.be\/#website"},"primaryImageOfPage":{"@id":"https:\/\/fr.motocrossmag.be\/index.php\/2022\/11\/supercross-de-paris-le-programme-du-week-end\/#primaryimage"},"image":{"@id":"https:\/\/fr.motocrossmag.be\/index.php\/2022\/11\/supercross-de-paris-le-programme-du-week-end\/#primaryimage"},"thumbnailUrl":"https:\/\/fr.motocrossmag.be\/wp-content\/uploads\/2021\/11\/rebaud_FMX_SXParis21_@cdsimages_9L8A0085.jpg","datePublished":"2022-11-08T11:02:52+00:00","dateModified":"2022-11-08T11:05:42+00:00","author":{"@id":"https:\/\/fr.motocrossmag.be\/#\/schema\/person\/11b47143d9f755babca2c9110e03235c"},"breadcrumb":{"@id":"https:\/\/fr.motocrossmag.be\/index.php\/2022\/11\/supercross-de-paris-le-programme-du-week-end\/#breadcrumb"},"inLanguage":"fr-FR","potentialAction":[{"@type":"ReadAction","target":["https:\/\/fr.motocrossmag.be\/index.php\/2022\/11\/supercross-de-paris-le-programme-du-week-end\/"]}]},{"@type":"ImageObject","inLanguage":"fr-FR","@id":"https:\/\/fr.motocrossmag.be\/index.php\/2022\/11\/supercross-de-paris-le-programme-du-week-end\/#primaryimage","url":"https:\/\/fr.motocrossmag.be\/wp-content\/uploads\/2021\/11\/rebaud_FMX_SXParis21_@cdsimages_9L8A0085.jpg","contentUrl":"https:\/\/fr.motocrossmag.be\/wp-content\/uploads\/2021\/11\/rebaud_FMX_SXParis21_@cdsimages_9L8A0085.jpg","width":1000,"height":666},{"@type":"BreadcrumbList","@id":"https:\/\/fr.motocrossmag.be\/index.php\/2022\/11\/supercross-de-paris-le-programme-du-week-end\/#breadcrumb","itemListElement":[{"@type":"ListItem","position":1,"name":"Accueil","item":"https:\/\/fr.motocrossmag.be\/"},{"@type":"ListItem","position":2,"name":"Supercross de Paris : le programme du week-end"}]},{"@type":"WebSite","@id":"https:\/\/fr.motocrossmag.be\/#website","url":"https:\/\/fr.motocrossmag.be\/","name":"Motocross - Enduro - Supermoto | MotocrossMag","description":"L&#039;actualit\u00e9 du motocross, de l&#039;enduro et du Supermoto en ligne!","potentialAction":[{"@type":"SearchAction","target":{"@type":"EntryPoint","urlTemplate":"https:\/\/fr.motocrossmag.be\/?s={search_term_string}"},"query-input":{"@type":"PropertyValueSpecification","valueRequired":true,"valueName":"search_term_string"}}],"inLanguage":"fr-FR"},{"@type":"Person","@id":"https:\/\/fr.motocrossmag.be\/#\/schema\/person\/11b47143d9f755babca2c9110e03235c","name":"oliviere","image":{"@type":"ImageObject","inLanguage":"fr-FR","@id":"https:\/\/secure.gravatar.com\/avatar\/907069e0b81d119452040469e4a7501da1100f54f7f80180ce77bfab718288f6?s=96&d=mm&r=g","url":"https:\/\/secure.gravatar.com\/avatar\/907069e0b81d119452040469e4a7501da1100f54f7f80180ce77bfab718288f6?s=96&d=mm&r=g","contentUrl":"https:\/\/secure.gravatar.com\/avatar\/907069e0b81d119452040469e4a7501da1100f54f7f80180ce77bfab718288f6?s=96&d=mm&r=g","caption":"oliviere"},"sameAs":["http:\/\/www.motocrossmag.be"],"url":"https:\/\/fr.motocrossmag.be\/index.php\/author\/oliviere\/"}]}},"_links":{"self":[{"href":"https:\/\/fr.motocrossmag.be\/index.php\/wp-json\/wp\/v2\/posts\/121709","targetHints":{"allow":["GET"]}}],"collection":[{"href":"https:\/\/fr.motocrossmag.be\/index.php\/wp-json\/wp\/v2\/posts"}],"about":[{"href":"https:\/\/fr.motocrossmag.be\/index.php\/wp-json\/wp\/v2\/types\/post"}],"author":[{"embeddable":true,"href":"https:\/\/fr.motocrossmag.be\/index.php\/wp-json\/wp\/v2\/users\/932"}],"replies":[{"embeddable":true,"href":"https:\/\/fr.motocrossmag.be\/index.php\/wp-json\/wp\/v2\/comments?post=121709"}],"version-history":[{"count":1,"href":"https:\/\/fr.motocrossmag.be\/index.php\/wp-json\/wp\/v2\/posts\/121709\/revisions"}],"predecessor-version":[{"id":121710,"href":"https:\/\/fr.motocrossmag.be\/index.php\/wp-json\/wp\/v2\/posts\/121709\/revisions\/121710"}],"wp:featuredmedia":[{"embeddable":true,"href":"https:\/\/fr.motocrossmag.be\/index.php\/wp-json\/wp\/v2\/media\/114163"}],"wp:attachment":[{"href":"https:\/\/fr.motocrossmag.be\/index.php\/wp-json\/wp\/v2\/media?parent=121709"}],"wp:term":[{"taxonomy":"category","embeddable":true,"href":"https:\/\/fr.motocrossmag.be\/index.php\/wp-json\/wp\/v2\/categories?post=121709"},{"taxonomy":"post_tag","embeddable":true,"href":"https:\/\/fr.motocrossmag.be\/index.php\/wp-json\/wp\/v2\/tags?post=121709"}],"curies":[{"name":"wp","href":"https:\/\/api.w.org\/{rel}","templated":true}]}}