{"id":121744,"date":"2022-11-10T15:34:20","date_gmt":"2022-11-10T14:34:20","guid":{"rendered":"http:\/\/fr.motocrossmag.be\/?p=121744"},"modified":"2022-11-10T15:34:20","modified_gmt":"2022-11-10T14:34:20","slug":"les-calendriers-mx-2023-de-la-ffm","status":"publish","type":"post","link":"https:\/\/fr.motocrossmag.be\/index.php\/2022\/11\/les-calendriers-mx-2023-de-la-ffm\/","title":{"rendered":"Les calendriers MX 2023 de la FFM"},"content":{"rendered":"<p><strong>La f\u00e9d\u00e9ration fran\u00e7aise a d\u00e9voil\u00e9 ce jeudi ses calendriers pour la saison 2023. Ci-dessous, les championnats motocross.<\/strong><\/p>\n<p><span style=\"color: #800000;\"><strong>Calendriers MX FFM 2023<\/strong><\/span><\/p>\n<p><strong>Championnat de France 24MX TOUR<\/strong><\/p>\n<p>4-5 Mars &#8211; Lacapelle Marival (46) &#8211; MC Lacapelle Marival<br \/>\n18-19 Mars -Castelnau de L\u00e9vis (81) &#8211; AGS Puech Rampant<br \/>\n1-2 Avril &#8211; Romagn\u00e9 (35) &#8211; MC Romagn\u00e9<br \/>\n22-23 Avril &#8211; Frotey les Vesoul (70) &#8211; MC Haut Sa\u00f4nois<br \/>\n6-7 Mai &#8211; Bitche (57) &#8211; UM Bitchoise<br \/>\n17-18 Juin &#8211; Rauville la Place (50) &#8211; MC du Val D\u2019Ouve<br \/>\n1-2 Juillet &#8211; Iffendic (35) &#8211; MC Iffendic<\/p>\n<p><strong>Championnat de France NATIONAL 125cc<\/strong><\/p>\n<p>19 Mars &#8211; Peschadoires (63) &#8211; Peschadoires MS<br \/>\n9 Avril &#8211; Fublaines (77) &#8211; Ligue Ile de France<br \/>\n14 Mai &#8211; Montgueux (10) &#8211; UM Aube<br \/>\n4 Juin &#8211; Ecubl\u00e9 (28) &#8211; MC Dreux<br \/>\n18 Juin &#8211; Chaumont (74) &#8211; MC Chaumont<br \/>\n23 Juillet &#8211; Ouville (50) &#8211; Ouville MC<br \/>\n27 Ao\u00fbt &#8211; Thorens-Gli\u00e8res (74) &#8211; MC Rochois<\/p>\n<p><strong>Championnat de France MINIVERT<\/strong><\/p>\n<p>12 Mars &#8211; Saint Thib\u00e9ry (34) &#8211; MC Saint Thib\u00e9ryen<br \/>\n14 Mai &#8211; Cussac (87) &#8211; Cussac MC<br \/>\n25 Juin &#8211; St Jean d\u2019Ang\u00e9ly (17) &#8211; MC Ang\u00e9rien<br \/>\n9 Juillet &#8211; Andrezieux Bouth\u00e9on (42) &#8211; MC Andrezieux Bouth\u00e9on<br \/>\n20 Ao\u00fbt &#8211; Gorges (50) &#8211; Team Normandie Challenge One<br \/>\n3 Septembre &#8211; Bram (11) &#8211; Free Ride MC<br \/>\n17 Septembre &#8211; Clastres (02) &#8211; Mx Park Clastres<\/p>\n<p><strong>Championnat de France NATIONAL 250cc<\/strong><\/p>\n<p>26 Mars &#8211; Yssingeaux (43) &#8211; MC Yssingelais<br \/>\n01 Mai &#8211; Gaillac Toulza (31) &#8211; Toulouse Moto Sport<br \/>\n14 Mai &#8211; St Eloi (58) &#8211; MC de Nevers et de la Ni\u00e8vre<br \/>\n27 &#8211; 28 Mai &#8211; Brou (28) &#8211; MC Brou<br \/>\n11 Juin &#8211; S\u00e9gonzac (16) &#8211; Segonzac ML<br \/>\n25 Juin &#8211; Sassay (41) &#8211; MC Sassay<br \/>\n9 Juillet &#8211; St Mamet (15) &#8211; MC St Mamet<\/p>\n<p><strong>Championnat de France NATIONAL 450cc<\/strong><\/p>\n<p>26 Mars &#8211; Gl\u00e9nac (56) &#8211; MC Gl\u00e9nac<br \/>\n16 Avril &#8211; Donnery (45) &#8211; MC Donnery<br \/>\n21 Mai &#8211; Nozay (44) &#8211; MC Noz\u00e9en<br \/>\n28 Mai &#8211; Brugui\u00e8res (31) &#8211; MC Brugui\u00e8res<br \/>\n11 Juin &#8211; St Aignan le Jaillard (45)- MC St Aignan le Jaillard<br \/>\n2 Juillet &#8211; Chaulieu (50) &#8211; Chaulieu MC<br \/>\n3 Septembre &#8211; Lauzerte (82) &#8211; Lauzerte Moto Loisirs<\/p>\n<p><strong>Championnat de France MX f\u00e9minin<\/strong><\/p>\n<p>10 Avril &#8211; Chinon (37) &#8211; AM Chinon<br \/>\n29-30 Avril &#8211; Gueugnon (71) &#8211; MC Dardon Gueugnon<br \/>\n14 Mai &#8211; Crisolles (60) &#8211; MC des Hautes Vall\u00e9es<br \/>\n4 Juin &#8211; Bourg d\u2019Oisans (38) &#8211; MC de l\u2019Oisans<br \/>\n18 Juin &#8211; St Pierre d\u2019Albigny (73) &#8211; MC des Bermudes<br \/>\n14 Juillet &#8211; Bell\u00eame (61) &#8211; MC Bellemois<br \/>\n3 Septembre &#8211; Landehen (22) &#8211; MC Lamballais<\/p>\n<p><strong>Championnat de France MX v\u00e9t\u00e9ran<\/strong><\/p>\n<p>26 Mars &#8211; Valence (26) &#8211; MC Valentinois<br \/>\n9 Avril &#8211; Argenton S\/Creuse (36) &#8211; MC Argentonnais<br \/>\n1 Mai &#8211; Avesnes S\/Helpe (59) &#8211; MC de l\u2019Avesnois<br \/>\n14 Mai &#8211; Amb\u00e9rieu en Bugey (01) &#8211; ASM du Bugey<br \/>\n4 Juin &#8211; Bourg Bruche (67) &#8211; MC Vall\u00e9e de la Bruche<br \/>\n25 Juin &#8211; Auterive (32)- MC de l\u2019Armagnac<br \/>\n23 Juillet &#8211; St Julien des Landes (85) &#8211; ASM Pays des Achards<\/p>\n<p><strong>Championnat de France MX \u00e0 l\u2019ancienne<\/strong><\/p>\n<p>16 Avril &#8211; La Couronne (16) &#8211; La Couronne Loisir Moto<br \/>\n27 Mai &#8211; Brugui\u00e8res (31) &#8211; MC Brugui\u00e8res<br \/>\n18 Juin &#8211; Saint R\u00e9my en Comt\u00e9 (70) &#8211; MC de Saint R\u00e9my<br \/>\n14 Juillet &#8211; Le Quesnoy (59) &#8211; MC de l\u2019Avesnois<br \/>\n10 Septembre &#8211; Ch\u00e2teau Renard (45) &#8211; MV Ch\u00e2teau Renard<br \/>\n24 Septembre &#8211; St Eloi (58) &#8211; MC de Nevers et de la Ni\u00e8vre<\/p>\n<p><strong>Championnat de France MX des r\u00e9gions<\/strong><\/p>\n<p>23 &#8211; 24 Septembre &#8211; Saint Thib\u00e9ry (34) &#8211; MC Saint Thib\u00e9ryen<\/p>\n<p>&nbsp;<\/p>\n","protected":false},"excerpt":{"rendered":"<p>La f\u00e9d\u00e9ration fran\u00e7aise a d\u00e9voil\u00e9 ce jeudi ses calendriers pour la saison 2023. Ci-dessous, les championnats motocross. Calendriers MX FFM 2023 Championnat de France 24MX TOUR 4-5 Mars &#8211; Lacapelle [&#8230;]<\/p>\n","protected":false},"author":932,"featured_media":104264,"comment_status":"open","ping_status":"closed","sticky":false,"template":"","format":"standard","meta":{"footnotes":""},"categories":[54,57,44,4,5,45,55,65],"tags":[490,947],"class_list":["post-121744","post","type-post","status-publish","format-standard","has-post-thumbnail","hentry","category-actualite","category-calendriers","category-kids","category-motocross","category-news","category-news-kids","category-news-actualite","category-slideshow","tag-france","tag-motocross"],"yoast_head":"<!-- This site is optimized with the Yoast SEO plugin v27.4 - https:\/\/yoast.com\/product\/yoast-seo-wordpress\/ -->\n<title>Les calendriers MX 2023 de la FFM - Motocross - Enduro - Supermoto | MotocrossMag<\/title>\n<meta name=\"robots\" content=\"index, follow, max-snippet:-1, max-image-preview:large, max-video-preview:-1\" \/>\n<link rel=\"canonical\" href=\"https:\/\/fr.motocrossmag.be\/index.php\/2022\/11\/les-calendriers-mx-2023-de-la-ffm\/\" \/>\n<meta property=\"og:locale\" content=\"fr_FR\" \/>\n<meta property=\"og:type\" content=\"article\" \/>\n<meta property=\"og:title\" content=\"Les calendriers MX 2023 de la FFM - Motocross - Enduro - Supermoto | MotocrossMag\" \/>\n<meta property=\"og:description\" content=\"La f\u00e9d\u00e9ration fran\u00e7aise a d\u00e9voil\u00e9 ce jeudi ses calendriers pour la saison 2023. Ci-dessous, les championnats motocross. Calendriers MX FFM 2023 Championnat de France 24MX TOUR 4-5 Mars &#8211; Lacapelle [...]\" \/>\n<meta property=\"og:url\" content=\"https:\/\/fr.motocrossmag.be\/index.php\/2022\/11\/les-calendriers-mx-2023-de-la-ffm\/\" \/>\n<meta property=\"og:site_name\" content=\"Motocross - Enduro - Supermoto | MotocrossMag\" \/>\n<meta property=\"article:published_time\" content=\"2022-11-10T14:34:20+00:00\" \/>\n<meta property=\"og:image\" content=\"https:\/\/fr.motocrossmag.be\/wp-content\/uploads\/2020\/07\/start-elite-french.jpg\" \/>\n\t<meta property=\"og:image:width\" content=\"1000\" \/>\n\t<meta property=\"og:image:height\" content=\"665\" \/>\n\t<meta property=\"og:image:type\" content=\"image\/jpeg\" \/>\n<meta name=\"author\" content=\"oliviere\" \/>\n<meta name=\"twitter:card\" content=\"summary_large_image\" \/>\n<meta name=\"twitter:label1\" content=\"\u00c9crit par\" \/>\n\t<meta name=\"twitter:data1\" content=\"oliviere\" \/>\n\t<meta name=\"twitter:label2\" content=\"Dur\u00e9e de lecture estim\u00e9e\" \/>\n\t<meta name=\"twitter:data2\" content=\"3 minutes\" \/>\n<script type=\"application\/ld+json\" class=\"yoast-schema-graph\">{\"@context\":\"https:\\\/\\\/schema.org\",\"@graph\":[{\"@type\":\"Article\",\"@id\":\"https:\\\/\\\/fr.motocrossmag.be\\\/index.php\\\/2022\\\/11\\\/les-calendriers-mx-2023-de-la-ffm\\\/#article\",\"isPartOf\":{\"@id\":\"https:\\\/\\\/fr.motocrossmag.be\\\/index.php\\\/2022\\\/11\\\/les-calendriers-mx-2023-de-la-ffm\\\/\"},\"author\":{\"name\":\"oliviere\",\"@id\":\"https:\\\/\\\/fr.motocrossmag.be\\\/#\\\/schema\\\/person\\\/11b47143d9f755babca2c9110e03235c\"},\"headline\":\"Les calendriers MX 2023 de la FFM\",\"datePublished\":\"2022-11-10T14:34:20+00:00\",\"mainEntityOfPage\":{\"@id\":\"https:\\\/\\\/fr.motocrossmag.be\\\/index.php\\\/2022\\\/11\\\/les-calendriers-mx-2023-de-la-ffm\\\/\"},\"wordCount\":551,\"commentCount\":0,\"image\":{\"@id\":\"https:\\\/\\\/fr.motocrossmag.be\\\/index.php\\\/2022\\\/11\\\/les-calendriers-mx-2023-de-la-ffm\\\/#primaryimage\"},\"thumbnailUrl\":\"https:\\\/\\\/fr.motocrossmag.be\\\/wp-content\\\/uploads\\\/2020\\\/07\\\/start-elite-french.jpg\",\"keywords\":[\"france\",\"Motocross\"],\"articleSection\":[\"Actualit\u00e9\",\"Calendriers\",\"Kids\",\"Motocross\",\"News\",\"News\",\"News\",\"Slideshow\"],\"inLanguage\":\"fr-FR\",\"potentialAction\":[{\"@type\":\"CommentAction\",\"name\":\"Comment\",\"target\":[\"https:\\\/\\\/fr.motocrossmag.be\\\/index.php\\\/2022\\\/11\\\/les-calendriers-mx-2023-de-la-ffm\\\/#respond\"]}]},{\"@type\":\"WebPage\",\"@id\":\"https:\\\/\\\/fr.motocrossmag.be\\\/index.php\\\/2022\\\/11\\\/les-calendriers-mx-2023-de-la-ffm\\\/\",\"url\":\"https:\\\/\\\/fr.motocrossmag.be\\\/index.php\\\/2022\\\/11\\\/les-calendriers-mx-2023-de-la-ffm\\\/\",\"name\":\"Les calendriers MX 2023 de la FFM - Motocross - Enduro - Supermoto | MotocrossMag\",\"isPartOf\":{\"@id\":\"https:\\\/\\\/fr.motocrossmag.be\\\/#website\"},\"primaryImageOfPage\":{\"@id\":\"https:\\\/\\\/fr.motocrossmag.be\\\/index.php\\\/2022\\\/11\\\/les-calendriers-mx-2023-de-la-ffm\\\/#primaryimage\"},\"image\":{\"@id\":\"https:\\\/\\\/fr.motocrossmag.be\\\/index.php\\\/2022\\\/11\\\/les-calendriers-mx-2023-de-la-ffm\\\/#primaryimage\"},\"thumbnailUrl\":\"https:\\\/\\\/fr.motocrossmag.be\\\/wp-content\\\/uploads\\\/2020\\\/07\\\/start-elite-french.jpg\",\"datePublished\":\"2022-11-10T14:34:20+00:00\",\"author\":{\"@id\":\"https:\\\/\\\/fr.motocrossmag.be\\\/#\\\/schema\\\/person\\\/11b47143d9f755babca2c9110e03235c\"},\"breadcrumb\":{\"@id\":\"https:\\\/\\\/fr.motocrossmag.be\\\/index.php\\\/2022\\\/11\\\/les-calendriers-mx-2023-de-la-ffm\\\/#breadcrumb\"},\"inLanguage\":\"fr-FR\",\"potentialAction\":[{\"@type\":\"ReadAction\",\"target\":[\"https:\\\/\\\/fr.motocrossmag.be\\\/index.php\\\/2022\\\/11\\\/les-calendriers-mx-2023-de-la-ffm\\\/\"]}]},{\"@type\":\"ImageObject\",\"inLanguage\":\"fr-FR\",\"@id\":\"https:\\\/\\\/fr.motocrossmag.be\\\/index.php\\\/2022\\\/11\\\/les-calendriers-mx-2023-de-la-ffm\\\/#primaryimage\",\"url\":\"https:\\\/\\\/fr.motocrossmag.be\\\/wp-content\\\/uploads\\\/2020\\\/07\\\/start-elite-french.jpg\",\"contentUrl\":\"https:\\\/\\\/fr.motocrossmag.be\\\/wp-content\\\/uploads\\\/2020\\\/07\\\/start-elite-french.jpg\",\"width\":1000,\"height\":665},{\"@type\":\"BreadcrumbList\",\"@id\":\"https:\\\/\\\/fr.motocrossmag.be\\\/index.php\\\/2022\\\/11\\\/les-calendriers-mx-2023-de-la-ffm\\\/#breadcrumb\",\"itemListElement\":[{\"@type\":\"ListItem\",\"position\":1,\"name\":\"Accueil\",\"item\":\"https:\\\/\\\/fr.motocrossmag.be\\\/\"},{\"@type\":\"ListItem\",\"position\":2,\"name\":\"Les calendriers MX 2023 de la FFM\"}]},{\"@type\":\"WebSite\",\"@id\":\"https:\\\/\\\/fr.motocrossmag.be\\\/#website\",\"url\":\"https:\\\/\\\/fr.motocrossmag.be\\\/\",\"name\":\"Motocross - Enduro - Supermoto | MotocrossMag\",\"description\":\"L&#039;actualit\u00e9 du motocross, de l&#039;enduro et du Supermoto en ligne!\",\"potentialAction\":[{\"@type\":\"SearchAction\",\"target\":{\"@type\":\"EntryPoint\",\"urlTemplate\":\"https:\\\/\\\/fr.motocrossmag.be\\\/?s={search_term_string}\"},\"query-input\":{\"@type\":\"PropertyValueSpecification\",\"valueRequired\":true,\"valueName\":\"search_term_string\"}}],\"inLanguage\":\"fr-FR\"},{\"@type\":\"Person\",\"@id\":\"https:\\\/\\\/fr.motocrossmag.be\\\/#\\\/schema\\\/person\\\/11b47143d9f755babca2c9110e03235c\",\"name\":\"oliviere\",\"image\":{\"@type\":\"ImageObject\",\"inLanguage\":\"fr-FR\",\"@id\":\"https:\\\/\\\/secure.gravatar.com\\\/avatar\\\/907069e0b81d119452040469e4a7501da1100f54f7f80180ce77bfab718288f6?s=96&d=mm&r=g\",\"url\":\"https:\\\/\\\/secure.gravatar.com\\\/avatar\\\/907069e0b81d119452040469e4a7501da1100f54f7f80180ce77bfab718288f6?s=96&d=mm&r=g\",\"contentUrl\":\"https:\\\/\\\/secure.gravatar.com\\\/avatar\\\/907069e0b81d119452040469e4a7501da1100f54f7f80180ce77bfab718288f6?s=96&d=mm&r=g\",\"caption\":\"oliviere\"},\"sameAs\":[\"http:\\\/\\\/www.motocrossmag.be\"],\"url\":\"https:\\\/\\\/fr.motocrossmag.be\\\/index.php\\\/author\\\/oliviere\\\/\"}]}<\/script>\n<!-- \/ Yoast SEO plugin. -->","yoast_head_json":{"title":"Les calendriers MX 2023 de la FFM - Motocross - Enduro - Supermoto | MotocrossMag","robots":{"index":"index","follow":"follow","max-snippet":"max-snippet:-1","max-image-preview":"max-image-preview:large","max-video-preview":"max-video-preview:-1"},"canonical":"https:\/\/fr.motocrossmag.be\/index.php\/2022\/11\/les-calendriers-mx-2023-de-la-ffm\/","og_locale":"fr_FR","og_type":"article","og_title":"Les calendriers MX 2023 de la FFM - Motocross - Enduro - Supermoto | MotocrossMag","og_description":"La f\u00e9d\u00e9ration fran\u00e7aise a d\u00e9voil\u00e9 ce jeudi ses calendriers pour la saison 2023. Ci-dessous, les championnats motocross. Calendriers MX FFM 2023 Championnat de France 24MX TOUR 4-5 Mars &#8211; Lacapelle [...]","og_url":"https:\/\/fr.motocrossmag.be\/index.php\/2022\/11\/les-calendriers-mx-2023-de-la-ffm\/","og_site_name":"Motocross - Enduro - Supermoto | MotocrossMag","article_published_time":"2022-11-10T14:34:20+00:00","og_image":[{"width":1000,"height":665,"url":"https:\/\/fr.motocrossmag.be\/wp-content\/uploads\/2020\/07\/start-elite-french.jpg","type":"image\/jpeg"}],"author":"oliviere","twitter_card":"summary_large_image","twitter_misc":{"\u00c9crit par":"oliviere","Dur\u00e9e de lecture estim\u00e9e":"3 minutes"},"schema":{"@context":"https:\/\/schema.org","@graph":[{"@type":"Article","@id":"https:\/\/fr.motocrossmag.be\/index.php\/2022\/11\/les-calendriers-mx-2023-de-la-ffm\/#article","isPartOf":{"@id":"https:\/\/fr.motocrossmag.be\/index.php\/2022\/11\/les-calendriers-mx-2023-de-la-ffm\/"},"author":{"name":"oliviere","@id":"https:\/\/fr.motocrossmag.be\/#\/schema\/person\/11b47143d9f755babca2c9110e03235c"},"headline":"Les calendriers MX 2023 de la FFM","datePublished":"2022-11-10T14:34:20+00:00","mainEntityOfPage":{"@id":"https:\/\/fr.motocrossmag.be\/index.php\/2022\/11\/les-calendriers-mx-2023-de-la-ffm\/"},"wordCount":551,"commentCount":0,"image":{"@id":"https:\/\/fr.motocrossmag.be\/index.php\/2022\/11\/les-calendriers-mx-2023-de-la-ffm\/#primaryimage"},"thumbnailUrl":"https:\/\/fr.motocrossmag.be\/wp-content\/uploads\/2020\/07\/start-elite-french.jpg","keywords":["france","Motocross"],"articleSection":["Actualit\u00e9","Calendriers","Kids","Motocross","News","News","News","Slideshow"],"inLanguage":"fr-FR","potentialAction":[{"@type":"CommentAction","name":"Comment","target":["https:\/\/fr.motocrossmag.be\/index.php\/2022\/11\/les-calendriers-mx-2023-de-la-ffm\/#respond"]}]},{"@type":"WebPage","@id":"https:\/\/fr.motocrossmag.be\/index.php\/2022\/11\/les-calendriers-mx-2023-de-la-ffm\/","url":"https:\/\/fr.motocrossmag.be\/index.php\/2022\/11\/les-calendriers-mx-2023-de-la-ffm\/","name":"Les calendriers MX 2023 de la FFM - Motocross - Enduro - Supermoto | MotocrossMag","isPartOf":{"@id":"https:\/\/fr.motocrossmag.be\/#website"},"primaryImageOfPage":{"@id":"https:\/\/fr.motocrossmag.be\/index.php\/2022\/11\/les-calendriers-mx-2023-de-la-ffm\/#primaryimage"},"image":{"@id":"https:\/\/fr.motocrossmag.be\/index.php\/2022\/11\/les-calendriers-mx-2023-de-la-ffm\/#primaryimage"},"thumbnailUrl":"https:\/\/fr.motocrossmag.be\/wp-content\/uploads\/2020\/07\/start-elite-french.jpg","datePublished":"2022-11-10T14:34:20+00:00","author":{"@id":"https:\/\/fr.motocrossmag.be\/#\/schema\/person\/11b47143d9f755babca2c9110e03235c"},"breadcrumb":{"@id":"https:\/\/fr.motocrossmag.be\/index.php\/2022\/11\/les-calendriers-mx-2023-de-la-ffm\/#breadcrumb"},"inLanguage":"fr-FR","potentialAction":[{"@type":"ReadAction","target":["https:\/\/fr.motocrossmag.be\/index.php\/2022\/11\/les-calendriers-mx-2023-de-la-ffm\/"]}]},{"@type":"ImageObject","inLanguage":"fr-FR","@id":"https:\/\/fr.motocrossmag.be\/index.php\/2022\/11\/les-calendriers-mx-2023-de-la-ffm\/#primaryimage","url":"https:\/\/fr.motocrossmag.be\/wp-content\/uploads\/2020\/07\/start-elite-french.jpg","contentUrl":"https:\/\/fr.motocrossmag.be\/wp-content\/uploads\/2020\/07\/start-elite-french.jpg","width":1000,"height":665},{"@type":"BreadcrumbList","@id":"https:\/\/fr.motocrossmag.be\/index.php\/2022\/11\/les-calendriers-mx-2023-de-la-ffm\/#breadcrumb","itemListElement":[{"@type":"ListItem","position":1,"name":"Accueil","item":"https:\/\/fr.motocrossmag.be\/"},{"@type":"ListItem","position":2,"name":"Les calendriers MX 2023 de la FFM"}]},{"@type":"WebSite","@id":"https:\/\/fr.motocrossmag.be\/#website","url":"https:\/\/fr.motocrossmag.be\/","name":"Motocross - Enduro - Supermoto | MotocrossMag","description":"L&#039;actualit\u00e9 du motocross, de l&#039;enduro et du Supermoto en ligne!","potentialAction":[{"@type":"SearchAction","target":{"@type":"EntryPoint","urlTemplate":"https:\/\/fr.motocrossmag.be\/?s={search_term_string}"},"query-input":{"@type":"PropertyValueSpecification","valueRequired":true,"valueName":"search_term_string"}}],"inLanguage":"fr-FR"},{"@type":"Person","@id":"https:\/\/fr.motocrossmag.be\/#\/schema\/person\/11b47143d9f755babca2c9110e03235c","name":"oliviere","image":{"@type":"ImageObject","inLanguage":"fr-FR","@id":"https:\/\/secure.gravatar.com\/avatar\/907069e0b81d119452040469e4a7501da1100f54f7f80180ce77bfab718288f6?s=96&d=mm&r=g","url":"https:\/\/secure.gravatar.com\/avatar\/907069e0b81d119452040469e4a7501da1100f54f7f80180ce77bfab718288f6?s=96&d=mm&r=g","contentUrl":"https:\/\/secure.gravatar.com\/avatar\/907069e0b81d119452040469e4a7501da1100f54f7f80180ce77bfab718288f6?s=96&d=mm&r=g","caption":"oliviere"},"sameAs":["http:\/\/www.motocrossmag.be"],"url":"https:\/\/fr.motocrossmag.be\/index.php\/author\/oliviere\/"}]}},"_links":{"self":[{"href":"https:\/\/fr.motocrossmag.be\/index.php\/wp-json\/wp\/v2\/posts\/121744","targetHints":{"allow":["GET"]}}],"collection":[{"href":"https:\/\/fr.motocrossmag.be\/index.php\/wp-json\/wp\/v2\/posts"}],"about":[{"href":"https:\/\/fr.motocrossmag.be\/index.php\/wp-json\/wp\/v2\/types\/post"}],"author":[{"embeddable":true,"href":"https:\/\/fr.motocrossmag.be\/index.php\/wp-json\/wp\/v2\/users\/932"}],"replies":[{"embeddable":true,"href":"https:\/\/fr.motocrossmag.be\/index.php\/wp-json\/wp\/v2\/comments?post=121744"}],"version-history":[{"count":0,"href":"https:\/\/fr.motocrossmag.be\/index.php\/wp-json\/wp\/v2\/posts\/121744\/revisions"}],"wp:featuredmedia":[{"embeddable":true,"href":"https:\/\/fr.motocrossmag.be\/index.php\/wp-json\/wp\/v2\/media\/104264"}],"wp:attachment":[{"href":"https:\/\/fr.motocrossmag.be\/index.php\/wp-json\/wp\/v2\/media?parent=121744"}],"wp:term":[{"taxonomy":"category","embeddable":true,"href":"https:\/\/fr.motocrossmag.be\/index.php\/wp-json\/wp\/v2\/categories?post=121744"},{"taxonomy":"post_tag","embeddable":true,"href":"https:\/\/fr.motocrossmag.be\/index.php\/wp-json\/wp\/v2\/tags?post=121744"}],"curies":[{"name":"wp","href":"https:\/\/api.w.org\/{rel}","templated":true}]}}