{"id":1222,"date":"2008-07-16T21:05:29","date_gmt":"2008-07-16T20:05:29","guid":{"rendered":"http:\/\/www.motocrossmag.be\/?p=1222"},"modified":"2008-07-16T21:32:22","modified_gmt":"2008-07-16T20:32:22","slug":"european-quad-trophy-bastogne-le-grand-rendez-vous-du-quad-a-bastogne","status":"publish","type":"post","link":"https:\/\/fr.motocrossmag.be\/index.php\/2008\/07\/european-quad-trophy-bastogne-le-grand-rendez-vous-du-quad-a-bastogne\/","title":{"rendered":"European Quad Trophy &#8211; Bastogne | Le grand rendez-vous du quad &agrave; Bastogne"},"content":{"rendered":"<p>C&rsquo;est sur un circuit quelque peu boueux et glissant que se sont d\u00e9roul\u00e9es les 6 heures de l&rsquo;European Quad Trophy et les 2 h 30 de la Nuts Cup pour les pilotes moins chevronn\u00e9s qui pouvaient disposer de deux quads contrairement &agrave; l&rsquo;autre endurance de 2 fois 3 heures pour laquelle une seule m\u00e9canique \u00e9tait autoris\u00e9e. Au d\u00e9part de l&rsquo;\u00e9preuve europ\u00e9enne, des \u00e9quipes anglaises, hollandaises, fran\u00e7aises, belges, une \u00e9quipe allemande et aussi, en invit\u00e9s, deux pilotes de la R\u00e9publique Tch\u00e8que. Outre ces deux \u00e9preuves, les organisateurs avaient aussi pr\u00e9vu sur un autre circuit des courses pour les jeunes 80 cc et les mobs qui n&rsquo;ont pourtant pas re\u00e7u beaucoup d&rsquo;inscriptions.<\/p>\n<p><img decoding=\"async\" class=\"lazyload alignnone size-full wp-image-1223\" title=\"-\" src=\"http:\/\/www.motocrossmag.be\/wp-content\/uploads\/2008\/07\/quadtrophy1.jpg\" data-orig-src=\"http:\/\/www.motocrossmag.be\/wp-content\/uploads\/2008\/07\/quadtrophy1.jpg\" alt=\"\" width=\"500\" height=\"351\" srcset=\"data:image\/svg+xml,%3Csvg%20xmlns%3D%27http%3A%2F%2Fwww.w3.org%2F2000%2Fsvg%27%20width%3D%27500%27%20height%3D%27351%27%20viewBox%3D%270%200%20500%20351%27%3E%3Crect%20width%3D%27500%27%20height%3D%27351%27%20fill-opacity%3D%220%22%2F%3E%3C%2Fsvg%3E\" data-srcset=\"https:\/\/fr.motocrossmag.be\/wp-content\/uploads\/2008\/07\/quadtrophy1-300x210.jpg 300w, https:\/\/fr.motocrossmag.be\/wp-content\/uploads\/2008\/07\/quadtrophy1.jpg 500w\" data-sizes=\"auto\" data-orig-sizes=\"(max-width: 500px) 100vw, 500px\" \/><\/p>\n<p>La course r\u00e9serv\u00e9e &agrave; la Nuts Cup se disputait en deux manches: 1 h 30 le samedi et 1 heure le dimanche et \u00e9tait surtout r\u00e9serv\u00e9e aux pilotes amateurs. La premi\u00e8re manche est remport\u00e9e par l&rsquo;\u00e9quipe locale compos\u00e9e d&rsquo;Olivier Potier et de Fabian Leroy alors que la seconde est attribu\u00e9e &agrave; Laurent Pierre et Ayrton Royen. Terminant les 2 manches dans le second fauteuil, l&rsquo;\u00e9quipe J Naujoks et R. Durre s&rsquo;adjuge finalement le classement g\u00e9n\u00e9ral.<\/p>\n<p><strong>Principaux r\u00e9sultats<\/strong><\/p>\n<p>1. J. Naujoks &#8211; R. Durre, 2+2; 2. O. Potier &#8211; F. Leroy (Bastogne), 1+3; 3. L. Pierre &#8211; A. Royen, 3+1.<br \/>\n<strong><\/strong><\/p>\n<p><strong><\/strong><\/p>\n<p><strong>European Quad Trophy<\/strong><\/p>\n<p>65 partants pour cette \u00e9preuve se d\u00e9roulant en deux manches de 3 heures mais avec un seul quad pouvant \u00eatre pilot\u00e9 par 2 ou 3 quadeurs. D\u00e8s le start de la 1e manche, l&rsquo;\u00e9quipe fran\u00e7aise A. Cheurlin et J. Marin r\u00e9ussit parfaitement son envol\u00e9e et elle conserve cet avantage durant 6 tours avant de passer le relais &agrave; ses \u00e9quipiers J. Janin et J-M. Blondeau qui vont batailler ferme en t\u00eate du peloton.<\/p>\n<p>Au 30\u00b0 tour, l&rsquo;\u00e9quipe de L. Peschon et de S. Afflard s&rsquo;installe au commandement durant 3 tours puis elle est remplac\u00e9e par T Hieff et M. Bolland. S&rsquo;\u00e9lan\u00e7ant en 12e position, G. Meertens, un des favoris des d\u00e9bats, remonte rapidement en 2e position mais il est victime d&rsquo;un accrochage et, souffrant d&rsquo;une entorse, il passe le relais &agrave; M Ternijnck qui repart en 20e position, battant m\u00eame le record du tour (67km\/h de moyenne!). Ce pilote effectue une superbe remont\u00e9e et reprend la premi\u00e8re place &agrave; L Peschon et S Afflard apr\u00e8s 1 h 40 de course.<\/p>\n<p><img decoding=\"async\" class=\"lazyload alignnone size-full wp-image-1224\" title=\"-\" src=\"http:\/\/www.motocrossmag.be\/wp-content\/uploads\/2008\/07\/quadtrophy2.jpg\" data-orig-src=\"http:\/\/www.motocrossmag.be\/wp-content\/uploads\/2008\/07\/quadtrophy2.jpg\" alt=\"\" width=\"500\" height=\"298\" srcset=\"data:image\/svg+xml,%3Csvg%20xmlns%3D%27http%3A%2F%2Fwww.w3.org%2F2000%2Fsvg%27%20width%3D%27500%27%20height%3D%27298%27%20viewBox%3D%270%200%20500%20298%27%3E%3Crect%20width%3D%27500%27%20height%3D%27298%27%20fill-opacity%3D%220%22%2F%3E%3C%2Fsvg%3E\" data-srcset=\"https:\/\/fr.motocrossmag.be\/wp-content\/uploads\/2008\/07\/quadtrophy2-300x178.jpg 300w, https:\/\/fr.motocrossmag.be\/wp-content\/uploads\/2008\/07\/quadtrophy2.jpg 500w\" data-sizes=\"auto\" data-orig-sizes=\"(max-width: 500px) 100vw, 500px\" \/><\/p>\n<p>Malheureusement, seul aux commandes, et avec la fatigue qui se fait sentir, Meertens; malgr\u00e9 la souffrance; va essayer de le relayer mais il ne pourra tenir longtemps et l&rsquo;\u00e9quipe se classe finalement en 19e position. La victoire revient &agrave; Ph Vanpevenaeyge et J. Mickels qui a d\u00e9pass\u00e9 le tandem Hieff-Bolland &agrave; deux tours de la fin.<\/p>\n<p>R Peschon et S. Bruno sont les plus rapides au d\u00e9part de la seconde manche mais, d\u00e8s le 3e tour, ils s&rsquo;inclinent devant L Peschon et Ch. Mohring qui doivent aussi baisser pavillon devant Ternijnck. Suite &agrave; la blessure de son \u00e9quipier, ce concurrent effectue seul cette seconde manche et il va longtemps occuper le premier si\u00e8ge. Cependant, en fin de course, il va fl\u00e9chir et sera contraint &agrave; l&rsquo;abandon. La derni\u00e8re heure est domin\u00e9e par le duo Hieff-Bolland, qui termine finalement avec un tour d&rsquo;avance sur l&rsquo;\u00e9quipe locale J. Leroy &#8211; M. Doppagne qui a profit\u00e9 de la panne de l&rsquo;\u00e9quipe Peschon-Afflard &agrave; deux tours de la fin pour lui ravir la seconde place.<\/p>\n<p><strong>Principaux r\u00e9sultats<\/strong><\/p>\n<p>1. Hieff-Bolland (B) 4+1; 2. Leroy-Doppagne (Nuts Quad Team), 7+2; 3.Allard-Coquelle (Fr), 2+7; 4. Debouck &#8211; Mohring (B\/F), 8+3; 5. Winchun-Druet (Fr), 6+5.<\/p>\n<p>Texte et photos: M. Gourmet<\/p>\n","protected":false},"excerpt":{"rendered":"<p>C&rsquo;est sur un circuit quelque peu boueux et glissant que se sont d\u00e9roul\u00e9es les 6 heures de l&rsquo;European Quad Trophy et les 2 h 30 de la Nuts Cup pour [&#8230;]<\/p>\n","protected":false},"author":932,"featured_media":0,"comment_status":"open","ping_status":"open","sticky":false,"template":"","format":"standard","meta":{"footnotes":""},"categories":[50,48],"tags":[],"class_list":["post-1222","post","type-post","status-publish","format-standard","hentry","category-bqr","category-quad"],"yoast_head":"<!-- This site is optimized with the Yoast SEO plugin v27.4 - https:\/\/yoast.com\/product\/yoast-seo-wordpress\/ -->\n<title>European Quad Trophy - Bastogne | Le grand rendez-vous du quad &agrave; Bastogne  - Motocross - Enduro - Supermoto | MotocrossMag<\/title>\n<meta name=\"robots\" content=\"index, follow, max-snippet:-1, max-image-preview:large, max-video-preview:-1\" \/>\n<link rel=\"canonical\" href=\"https:\/\/fr.motocrossmag.be\/index.php\/2008\/07\/european-quad-trophy-bastogne-le-grand-rendez-vous-du-quad-a-bastogne\/\" \/>\n<meta property=\"og:locale\" content=\"fr_FR\" \/>\n<meta property=\"og:type\" content=\"article\" \/>\n<meta property=\"og:title\" content=\"European Quad Trophy - Bastogne | Le grand rendez-vous du quad &agrave; Bastogne  - Motocross - Enduro - Supermoto | MotocrossMag\" \/>\n<meta property=\"og:description\" content=\"C&rsquo;est sur un circuit quelque peu boueux et glissant que se sont d\u00e9roul\u00e9es les 6 heures de l&rsquo;European Quad Trophy et les 2 h 30 de la Nuts Cup pour [...]\" \/>\n<meta property=\"og:url\" content=\"https:\/\/fr.motocrossmag.be\/index.php\/2008\/07\/european-quad-trophy-bastogne-le-grand-rendez-vous-du-quad-a-bastogne\/\" \/>\n<meta property=\"og:site_name\" content=\"Motocross - Enduro - Supermoto | MotocrossMag\" \/>\n<meta property=\"article:published_time\" content=\"2008-07-16T20:05:29+00:00\" \/>\n<meta property=\"article:modified_time\" content=\"2008-07-16T20:32:22+00:00\" \/>\n<meta property=\"og:image\" content=\"http:\/\/www.motocrossmag.be\/wp-content\/uploads\/2008\/07\/quadtrophy1.jpg\" \/>\n<meta name=\"author\" content=\"oliviere\" \/>\n<meta name=\"twitter:card\" content=\"summary_large_image\" \/>\n<meta name=\"twitter:label1\" content=\"\u00c9crit par\" \/>\n\t<meta name=\"twitter:data1\" content=\"oliviere\" \/>\n\t<meta name=\"twitter:label2\" content=\"Dur\u00e9e de lecture estim\u00e9e\" \/>\n\t<meta name=\"twitter:data2\" content=\"3 minutes\" \/>\n<script type=\"application\/ld+json\" class=\"yoast-schema-graph\">{\"@context\":\"https:\\\/\\\/schema.org\",\"@graph\":[{\"@type\":\"Article\",\"@id\":\"https:\\\/\\\/fr.motocrossmag.be\\\/index.php\\\/2008\\\/07\\\/european-quad-trophy-bastogne-le-grand-rendez-vous-du-quad-a-bastogne\\\/#article\",\"isPartOf\":{\"@id\":\"https:\\\/\\\/fr.motocrossmag.be\\\/index.php\\\/2008\\\/07\\\/european-quad-trophy-bastogne-le-grand-rendez-vous-du-quad-a-bastogne\\\/\"},\"author\":{\"name\":\"oliviere\",\"@id\":\"https:\\\/\\\/fr.motocrossmag.be\\\/#\\\/schema\\\/person\\\/11b47143d9f755babca2c9110e03235c\"},\"headline\":\"European Quad Trophy &#8211; Bastogne | Le grand rendez-vous du quad &agrave; Bastogne\",\"datePublished\":\"2008-07-16T20:05:29+00:00\",\"dateModified\":\"2008-07-16T20:32:22+00:00\",\"mainEntityOfPage\":{\"@id\":\"https:\\\/\\\/fr.motocrossmag.be\\\/index.php\\\/2008\\\/07\\\/european-quad-trophy-bastogne-le-grand-rendez-vous-du-quad-a-bastogne\\\/\"},\"wordCount\":630,\"commentCount\":0,\"image\":{\"@id\":\"https:\\\/\\\/fr.motocrossmag.be\\\/index.php\\\/2008\\\/07\\\/european-quad-trophy-bastogne-le-grand-rendez-vous-du-quad-a-bastogne\\\/#primaryimage\"},\"thumbnailUrl\":\"http:\\\/\\\/www.motocrossmag.be\\\/wp-content\\\/uploads\\\/2008\\\/07\\\/quadtrophy1.jpg\",\"articleSection\":[\"BQR\",\"Quad\"],\"inLanguage\":\"fr-FR\",\"potentialAction\":[{\"@type\":\"CommentAction\",\"name\":\"Comment\",\"target\":[\"https:\\\/\\\/fr.motocrossmag.be\\\/index.php\\\/2008\\\/07\\\/european-quad-trophy-bastogne-le-grand-rendez-vous-du-quad-a-bastogne\\\/#respond\"]}]},{\"@type\":\"WebPage\",\"@id\":\"https:\\\/\\\/fr.motocrossmag.be\\\/index.php\\\/2008\\\/07\\\/european-quad-trophy-bastogne-le-grand-rendez-vous-du-quad-a-bastogne\\\/\",\"url\":\"https:\\\/\\\/fr.motocrossmag.be\\\/index.php\\\/2008\\\/07\\\/european-quad-trophy-bastogne-le-grand-rendez-vous-du-quad-a-bastogne\\\/\",\"name\":\"European Quad Trophy - Bastogne | Le grand rendez-vous du quad &agrave; Bastogne - Motocross - Enduro - Supermoto | MotocrossMag\",\"isPartOf\":{\"@id\":\"https:\\\/\\\/fr.motocrossmag.be\\\/#website\"},\"primaryImageOfPage\":{\"@id\":\"https:\\\/\\\/fr.motocrossmag.be\\\/index.php\\\/2008\\\/07\\\/european-quad-trophy-bastogne-le-grand-rendez-vous-du-quad-a-bastogne\\\/#primaryimage\"},\"image\":{\"@id\":\"https:\\\/\\\/fr.motocrossmag.be\\\/index.php\\\/2008\\\/07\\\/european-quad-trophy-bastogne-le-grand-rendez-vous-du-quad-a-bastogne\\\/#primaryimage\"},\"thumbnailUrl\":\"http:\\\/\\\/www.motocrossmag.be\\\/wp-content\\\/uploads\\\/2008\\\/07\\\/quadtrophy1.jpg\",\"datePublished\":\"2008-07-16T20:05:29+00:00\",\"dateModified\":\"2008-07-16T20:32:22+00:00\",\"author\":{\"@id\":\"https:\\\/\\\/fr.motocrossmag.be\\\/#\\\/schema\\\/person\\\/11b47143d9f755babca2c9110e03235c\"},\"breadcrumb\":{\"@id\":\"https:\\\/\\\/fr.motocrossmag.be\\\/index.php\\\/2008\\\/07\\\/european-quad-trophy-bastogne-le-grand-rendez-vous-du-quad-a-bastogne\\\/#breadcrumb\"},\"inLanguage\":\"fr-FR\",\"potentialAction\":[{\"@type\":\"ReadAction\",\"target\":[\"https:\\\/\\\/fr.motocrossmag.be\\\/index.php\\\/2008\\\/07\\\/european-quad-trophy-bastogne-le-grand-rendez-vous-du-quad-a-bastogne\\\/\"]}]},{\"@type\":\"ImageObject\",\"inLanguage\":\"fr-FR\",\"@id\":\"https:\\\/\\\/fr.motocrossmag.be\\\/index.php\\\/2008\\\/07\\\/european-quad-trophy-bastogne-le-grand-rendez-vous-du-quad-a-bastogne\\\/#primaryimage\",\"url\":\"http:\\\/\\\/www.motocrossmag.be\\\/wp-content\\\/uploads\\\/2008\\\/07\\\/quadtrophy1.jpg\",\"contentUrl\":\"http:\\\/\\\/www.motocrossmag.be\\\/wp-content\\\/uploads\\\/2008\\\/07\\\/quadtrophy1.jpg\"},{\"@type\":\"BreadcrumbList\",\"@id\":\"https:\\\/\\\/fr.motocrossmag.be\\\/index.php\\\/2008\\\/07\\\/european-quad-trophy-bastogne-le-grand-rendez-vous-du-quad-a-bastogne\\\/#breadcrumb\",\"itemListElement\":[{\"@type\":\"ListItem\",\"position\":1,\"name\":\"Accueil\",\"item\":\"https:\\\/\\\/fr.motocrossmag.be\\\/\"},{\"@type\":\"ListItem\",\"position\":2,\"name\":\"European Quad Trophy &#8211; Bastogne | Le grand rendez-vous du quad &agrave; Bastogne\"}]},{\"@type\":\"WebSite\",\"@id\":\"https:\\\/\\\/fr.motocrossmag.be\\\/#website\",\"url\":\"https:\\\/\\\/fr.motocrossmag.be\\\/\",\"name\":\"Motocross - Enduro - Supermoto | MotocrossMag\",\"description\":\"L&#039;actualit\u00e9 du motocross, de l&#039;enduro et du Supermoto en ligne!\",\"potentialAction\":[{\"@type\":\"SearchAction\",\"target\":{\"@type\":\"EntryPoint\",\"urlTemplate\":\"https:\\\/\\\/fr.motocrossmag.be\\\/?s={search_term_string}\"},\"query-input\":{\"@type\":\"PropertyValueSpecification\",\"valueRequired\":true,\"valueName\":\"search_term_string\"}}],\"inLanguage\":\"fr-FR\"},{\"@type\":\"Person\",\"@id\":\"https:\\\/\\\/fr.motocrossmag.be\\\/#\\\/schema\\\/person\\\/11b47143d9f755babca2c9110e03235c\",\"name\":\"oliviere\",\"image\":{\"@type\":\"ImageObject\",\"inLanguage\":\"fr-FR\",\"@id\":\"https:\\\/\\\/secure.gravatar.com\\\/avatar\\\/907069e0b81d119452040469e4a7501da1100f54f7f80180ce77bfab718288f6?s=96&d=mm&r=g\",\"url\":\"https:\\\/\\\/secure.gravatar.com\\\/avatar\\\/907069e0b81d119452040469e4a7501da1100f54f7f80180ce77bfab718288f6?s=96&d=mm&r=g\",\"contentUrl\":\"https:\\\/\\\/secure.gravatar.com\\\/avatar\\\/907069e0b81d119452040469e4a7501da1100f54f7f80180ce77bfab718288f6?s=96&d=mm&r=g\",\"caption\":\"oliviere\"},\"sameAs\":[\"http:\\\/\\\/www.motocrossmag.be\"],\"url\":\"https:\\\/\\\/fr.motocrossmag.be\\\/index.php\\\/author\\\/oliviere\\\/\"}]}<\/script>\n<!-- \/ Yoast SEO plugin. -->","yoast_head_json":{"title":"European Quad Trophy - Bastogne | Le grand rendez-vous du quad &agrave; Bastogne  - Motocross - Enduro - Supermoto | MotocrossMag","robots":{"index":"index","follow":"follow","max-snippet":"max-snippet:-1","max-image-preview":"max-image-preview:large","max-video-preview":"max-video-preview:-1"},"canonical":"https:\/\/fr.motocrossmag.be\/index.php\/2008\/07\/european-quad-trophy-bastogne-le-grand-rendez-vous-du-quad-a-bastogne\/","og_locale":"fr_FR","og_type":"article","og_title":"European Quad Trophy - Bastogne | Le grand rendez-vous du quad &agrave; Bastogne  - Motocross - Enduro - Supermoto | MotocrossMag","og_description":"C&rsquo;est sur un circuit quelque peu boueux et glissant que se sont d\u00e9roul\u00e9es les 6 heures de l&rsquo;European Quad Trophy et les 2 h 30 de la Nuts Cup pour [...]","og_url":"https:\/\/fr.motocrossmag.be\/index.php\/2008\/07\/european-quad-trophy-bastogne-le-grand-rendez-vous-du-quad-a-bastogne\/","og_site_name":"Motocross - Enduro - Supermoto | MotocrossMag","article_published_time":"2008-07-16T20:05:29+00:00","article_modified_time":"2008-07-16T20:32:22+00:00","og_image":[{"url":"http:\/\/www.motocrossmag.be\/wp-content\/uploads\/2008\/07\/quadtrophy1.jpg","type":"","width":"","height":""}],"author":"oliviere","twitter_card":"summary_large_image","twitter_misc":{"\u00c9crit par":"oliviere","Dur\u00e9e de lecture estim\u00e9e":"3 minutes"},"schema":{"@context":"https:\/\/schema.org","@graph":[{"@type":"Article","@id":"https:\/\/fr.motocrossmag.be\/index.php\/2008\/07\/european-quad-trophy-bastogne-le-grand-rendez-vous-du-quad-a-bastogne\/#article","isPartOf":{"@id":"https:\/\/fr.motocrossmag.be\/index.php\/2008\/07\/european-quad-trophy-bastogne-le-grand-rendez-vous-du-quad-a-bastogne\/"},"author":{"name":"oliviere","@id":"https:\/\/fr.motocrossmag.be\/#\/schema\/person\/11b47143d9f755babca2c9110e03235c"},"headline":"European Quad Trophy &#8211; Bastogne | Le grand rendez-vous du quad &agrave; Bastogne","datePublished":"2008-07-16T20:05:29+00:00","dateModified":"2008-07-16T20:32:22+00:00","mainEntityOfPage":{"@id":"https:\/\/fr.motocrossmag.be\/index.php\/2008\/07\/european-quad-trophy-bastogne-le-grand-rendez-vous-du-quad-a-bastogne\/"},"wordCount":630,"commentCount":0,"image":{"@id":"https:\/\/fr.motocrossmag.be\/index.php\/2008\/07\/european-quad-trophy-bastogne-le-grand-rendez-vous-du-quad-a-bastogne\/#primaryimage"},"thumbnailUrl":"http:\/\/www.motocrossmag.be\/wp-content\/uploads\/2008\/07\/quadtrophy1.jpg","articleSection":["BQR","Quad"],"inLanguage":"fr-FR","potentialAction":[{"@type":"CommentAction","name":"Comment","target":["https:\/\/fr.motocrossmag.be\/index.php\/2008\/07\/european-quad-trophy-bastogne-le-grand-rendez-vous-du-quad-a-bastogne\/#respond"]}]},{"@type":"WebPage","@id":"https:\/\/fr.motocrossmag.be\/index.php\/2008\/07\/european-quad-trophy-bastogne-le-grand-rendez-vous-du-quad-a-bastogne\/","url":"https:\/\/fr.motocrossmag.be\/index.php\/2008\/07\/european-quad-trophy-bastogne-le-grand-rendez-vous-du-quad-a-bastogne\/","name":"European Quad Trophy - Bastogne | Le grand rendez-vous du quad &agrave; Bastogne - Motocross - Enduro - Supermoto | MotocrossMag","isPartOf":{"@id":"https:\/\/fr.motocrossmag.be\/#website"},"primaryImageOfPage":{"@id":"https:\/\/fr.motocrossmag.be\/index.php\/2008\/07\/european-quad-trophy-bastogne-le-grand-rendez-vous-du-quad-a-bastogne\/#primaryimage"},"image":{"@id":"https:\/\/fr.motocrossmag.be\/index.php\/2008\/07\/european-quad-trophy-bastogne-le-grand-rendez-vous-du-quad-a-bastogne\/#primaryimage"},"thumbnailUrl":"http:\/\/www.motocrossmag.be\/wp-content\/uploads\/2008\/07\/quadtrophy1.jpg","datePublished":"2008-07-16T20:05:29+00:00","dateModified":"2008-07-16T20:32:22+00:00","author":{"@id":"https:\/\/fr.motocrossmag.be\/#\/schema\/person\/11b47143d9f755babca2c9110e03235c"},"breadcrumb":{"@id":"https:\/\/fr.motocrossmag.be\/index.php\/2008\/07\/european-quad-trophy-bastogne-le-grand-rendez-vous-du-quad-a-bastogne\/#breadcrumb"},"inLanguage":"fr-FR","potentialAction":[{"@type":"ReadAction","target":["https:\/\/fr.motocrossmag.be\/index.php\/2008\/07\/european-quad-trophy-bastogne-le-grand-rendez-vous-du-quad-a-bastogne\/"]}]},{"@type":"ImageObject","inLanguage":"fr-FR","@id":"https:\/\/fr.motocrossmag.be\/index.php\/2008\/07\/european-quad-trophy-bastogne-le-grand-rendez-vous-du-quad-a-bastogne\/#primaryimage","url":"http:\/\/www.motocrossmag.be\/wp-content\/uploads\/2008\/07\/quadtrophy1.jpg","contentUrl":"http:\/\/www.motocrossmag.be\/wp-content\/uploads\/2008\/07\/quadtrophy1.jpg"},{"@type":"BreadcrumbList","@id":"https:\/\/fr.motocrossmag.be\/index.php\/2008\/07\/european-quad-trophy-bastogne-le-grand-rendez-vous-du-quad-a-bastogne\/#breadcrumb","itemListElement":[{"@type":"ListItem","position":1,"name":"Accueil","item":"https:\/\/fr.motocrossmag.be\/"},{"@type":"ListItem","position":2,"name":"European Quad Trophy &#8211; Bastogne | Le grand rendez-vous du quad &agrave; Bastogne"}]},{"@type":"WebSite","@id":"https:\/\/fr.motocrossmag.be\/#website","url":"https:\/\/fr.motocrossmag.be\/","name":"Motocross - Enduro - Supermoto | MotocrossMag","description":"L&#039;actualit\u00e9 du motocross, de l&#039;enduro et du Supermoto en ligne!","potentialAction":[{"@type":"SearchAction","target":{"@type":"EntryPoint","urlTemplate":"https:\/\/fr.motocrossmag.be\/?s={search_term_string}"},"query-input":{"@type":"PropertyValueSpecification","valueRequired":true,"valueName":"search_term_string"}}],"inLanguage":"fr-FR"},{"@type":"Person","@id":"https:\/\/fr.motocrossmag.be\/#\/schema\/person\/11b47143d9f755babca2c9110e03235c","name":"oliviere","image":{"@type":"ImageObject","inLanguage":"fr-FR","@id":"https:\/\/secure.gravatar.com\/avatar\/907069e0b81d119452040469e4a7501da1100f54f7f80180ce77bfab718288f6?s=96&d=mm&r=g","url":"https:\/\/secure.gravatar.com\/avatar\/907069e0b81d119452040469e4a7501da1100f54f7f80180ce77bfab718288f6?s=96&d=mm&r=g","contentUrl":"https:\/\/secure.gravatar.com\/avatar\/907069e0b81d119452040469e4a7501da1100f54f7f80180ce77bfab718288f6?s=96&d=mm&r=g","caption":"oliviere"},"sameAs":["http:\/\/www.motocrossmag.be"],"url":"https:\/\/fr.motocrossmag.be\/index.php\/author\/oliviere\/"}]}},"_links":{"self":[{"href":"https:\/\/fr.motocrossmag.be\/index.php\/wp-json\/wp\/v2\/posts\/1222","targetHints":{"allow":["GET"]}}],"collection":[{"href":"https:\/\/fr.motocrossmag.be\/index.php\/wp-json\/wp\/v2\/posts"}],"about":[{"href":"https:\/\/fr.motocrossmag.be\/index.php\/wp-json\/wp\/v2\/types\/post"}],"author":[{"embeddable":true,"href":"https:\/\/fr.motocrossmag.be\/index.php\/wp-json\/wp\/v2\/users\/932"}],"replies":[{"embeddable":true,"href":"https:\/\/fr.motocrossmag.be\/index.php\/wp-json\/wp\/v2\/comments?post=1222"}],"version-history":[{"count":0,"href":"https:\/\/fr.motocrossmag.be\/index.php\/wp-json\/wp\/v2\/posts\/1222\/revisions"}],"wp:attachment":[{"href":"https:\/\/fr.motocrossmag.be\/index.php\/wp-json\/wp\/v2\/media?parent=1222"}],"wp:term":[{"taxonomy":"category","embeddable":true,"href":"https:\/\/fr.motocrossmag.be\/index.php\/wp-json\/wp\/v2\/categories?post=1222"},{"taxonomy":"post_tag","embeddable":true,"href":"https:\/\/fr.motocrossmag.be\/index.php\/wp-json\/wp\/v2\/tags?post=1222"}],"curies":[{"name":"wp","href":"https:\/\/api.w.org\/{rel}","templated":true}]}}