{"id":122652,"date":"2023-02-01T12:00:53","date_gmt":"2023-02-01T11:00:53","guid":{"rendered":"http:\/\/fr.motocrossmag.be\/?p=122652"},"modified":"2023-02-01T12:00:53","modified_gmt":"2023-02-01T11:00:53","slug":"jordi-tixier-chez-kmp-honda","status":"publish","type":"post","link":"https:\/\/fr.motocrossmag.be\/index.php\/2023\/02\/jordi-tixier-chez-kmp-honda\/","title":{"rendered":"Jordi Tixier chez KMP Honda"},"content":{"rendered":"<p><strong>Jordi Tixier avait annonc\u00e9 qu&rsquo;on ne le verrait plus sur le championnat MXGP. Le Fran\u00e7ais se concentrera en effet sur le championnat du monde de Supercross. En marge de ce programme de 6 \u00e9preuves, il repartira pour une saison sur le championnat allemand ADAC MX Masters.<\/strong><\/p>\n<p>Pour 2023, l&rsquo;ancien champion du monde MX2 rejoint le team allemand KMP Honda Racing, o\u00f9 il fera \u00e9quipe avec son grand rival sur le championnat allemand Max Nagl. Le team alignera \u00e9galement Scott Smulders sur la s\u00e9rie ADAC Youngster Cup<\/p>\n<p>&nbsp;<\/p>\n","protected":false},"excerpt":{"rendered":"<p>Jordi Tixier avait annonc\u00e9 qu&rsquo;on ne le verrait plus sur le championnat MXGP. Le Fran\u00e7ais se concentrera en effet sur le championnat du monde de Supercross. En marge de ce [&#8230;]<\/p>\n","protected":false},"author":932,"featured_media":106208,"comment_status":"open","ping_status":"closed","sticky":false,"template":"","format":"standard","meta":{"footnotes":""},"categories":[54,4,5,55,65],"tags":[185,947],"class_list":["post-122652","post","type-post","status-publish","format-standard","has-post-thumbnail","hentry","category-actualite","category-motocross","category-news","category-news-actualite","category-slideshow","tag-jordi-tixier","tag-motocross"],"yoast_head":"<!-- This site is optimized with the Yoast SEO plugin v27.4 - https:\/\/yoast.com\/product\/yoast-seo-wordpress\/ -->\n<title>Jordi Tixier chez KMP Honda - Motocross - Enduro - Supermoto | MotocrossMag<\/title>\n<meta name=\"robots\" content=\"index, follow, max-snippet:-1, max-image-preview:large, max-video-preview:-1\" \/>\n<link rel=\"canonical\" href=\"https:\/\/fr.motocrossmag.be\/index.php\/2023\/02\/jordi-tixier-chez-kmp-honda\/\" \/>\n<meta property=\"og:locale\" content=\"fr_FR\" \/>\n<meta property=\"og:type\" content=\"article\" \/>\n<meta property=\"og:title\" content=\"Jordi Tixier chez KMP Honda - Motocross - Enduro - Supermoto | MotocrossMag\" \/>\n<meta property=\"og:description\" content=\"Jordi Tixier avait annonc\u00e9 qu&rsquo;on ne le verrait plus sur le championnat MXGP. Le Fran\u00e7ais se concentrera en effet sur le championnat du monde de Supercross. En marge de ce [...]\" \/>\n<meta property=\"og:url\" content=\"https:\/\/fr.motocrossmag.be\/index.php\/2023\/02\/jordi-tixier-chez-kmp-honda\/\" \/>\n<meta property=\"og:site_name\" content=\"Motocross - Enduro - Supermoto | MotocrossMag\" \/>\n<meta property=\"article:published_time\" content=\"2023-02-01T11:00:53+00:00\" \/>\n<meta property=\"og:image\" content=\"https:\/\/fr.motocrossmag.be\/wp-content\/uploads\/2020\/10\/tixier-portrait.jpg\" \/>\n\t<meta property=\"og:image:width\" content=\"1000\" \/>\n\t<meta property=\"og:image:height\" content=\"666\" \/>\n\t<meta property=\"og:image:type\" content=\"image\/jpeg\" \/>\n<meta name=\"author\" content=\"oliviere\" \/>\n<meta name=\"twitter:card\" content=\"summary_large_image\" \/>\n<meta name=\"twitter:label1\" content=\"\u00c9crit par\" \/>\n\t<meta name=\"twitter:data1\" content=\"oliviere\" \/>\n<script type=\"application\/ld+json\" class=\"yoast-schema-graph\">{\"@context\":\"https:\\\/\\\/schema.org\",\"@graph\":[{\"@type\":\"Article\",\"@id\":\"https:\\\/\\\/fr.motocrossmag.be\\\/index.php\\\/2023\\\/02\\\/jordi-tixier-chez-kmp-honda\\\/#article\",\"isPartOf\":{\"@id\":\"https:\\\/\\\/fr.motocrossmag.be\\\/index.php\\\/2023\\\/02\\\/jordi-tixier-chez-kmp-honda\\\/\"},\"author\":{\"name\":\"oliviere\",\"@id\":\"https:\\\/\\\/fr.motocrossmag.be\\\/#\\\/schema\\\/person\\\/11b47143d9f755babca2c9110e03235c\"},\"headline\":\"Jordi Tixier chez KMP Honda\",\"datePublished\":\"2023-02-01T11:00:53+00:00\",\"mainEntityOfPage\":{\"@id\":\"https:\\\/\\\/fr.motocrossmag.be\\\/index.php\\\/2023\\\/02\\\/jordi-tixier-chez-kmp-honda\\\/\"},\"wordCount\":94,\"commentCount\":0,\"image\":{\"@id\":\"https:\\\/\\\/fr.motocrossmag.be\\\/index.php\\\/2023\\\/02\\\/jordi-tixier-chez-kmp-honda\\\/#primaryimage\"},\"thumbnailUrl\":\"https:\\\/\\\/fr.motocrossmag.be\\\/wp-content\\\/uploads\\\/2020\\\/10\\\/tixier-portrait.jpg\",\"keywords\":[\"Jordi Tixier\",\"Motocross\"],\"articleSection\":[\"Actualit\u00e9\",\"Motocross\",\"News\",\"News\",\"Slideshow\"],\"inLanguage\":\"fr-FR\",\"potentialAction\":[{\"@type\":\"CommentAction\",\"name\":\"Comment\",\"target\":[\"https:\\\/\\\/fr.motocrossmag.be\\\/index.php\\\/2023\\\/02\\\/jordi-tixier-chez-kmp-honda\\\/#respond\"]}]},{\"@type\":\"WebPage\",\"@id\":\"https:\\\/\\\/fr.motocrossmag.be\\\/index.php\\\/2023\\\/02\\\/jordi-tixier-chez-kmp-honda\\\/\",\"url\":\"https:\\\/\\\/fr.motocrossmag.be\\\/index.php\\\/2023\\\/02\\\/jordi-tixier-chez-kmp-honda\\\/\",\"name\":\"Jordi Tixier chez KMP Honda - Motocross - Enduro - Supermoto | MotocrossMag\",\"isPartOf\":{\"@id\":\"https:\\\/\\\/fr.motocrossmag.be\\\/#website\"},\"primaryImageOfPage\":{\"@id\":\"https:\\\/\\\/fr.motocrossmag.be\\\/index.php\\\/2023\\\/02\\\/jordi-tixier-chez-kmp-honda\\\/#primaryimage\"},\"image\":{\"@id\":\"https:\\\/\\\/fr.motocrossmag.be\\\/index.php\\\/2023\\\/02\\\/jordi-tixier-chez-kmp-honda\\\/#primaryimage\"},\"thumbnailUrl\":\"https:\\\/\\\/fr.motocrossmag.be\\\/wp-content\\\/uploads\\\/2020\\\/10\\\/tixier-portrait.jpg\",\"datePublished\":\"2023-02-01T11:00:53+00:00\",\"author\":{\"@id\":\"https:\\\/\\\/fr.motocrossmag.be\\\/#\\\/schema\\\/person\\\/11b47143d9f755babca2c9110e03235c\"},\"breadcrumb\":{\"@id\":\"https:\\\/\\\/fr.motocrossmag.be\\\/index.php\\\/2023\\\/02\\\/jordi-tixier-chez-kmp-honda\\\/#breadcrumb\"},\"inLanguage\":\"fr-FR\",\"potentialAction\":[{\"@type\":\"ReadAction\",\"target\":[\"https:\\\/\\\/fr.motocrossmag.be\\\/index.php\\\/2023\\\/02\\\/jordi-tixier-chez-kmp-honda\\\/\"]}]},{\"@type\":\"ImageObject\",\"inLanguage\":\"fr-FR\",\"@id\":\"https:\\\/\\\/fr.motocrossmag.be\\\/index.php\\\/2023\\\/02\\\/jordi-tixier-chez-kmp-honda\\\/#primaryimage\",\"url\":\"https:\\\/\\\/fr.motocrossmag.be\\\/wp-content\\\/uploads\\\/2020\\\/10\\\/tixier-portrait.jpg\",\"contentUrl\":\"https:\\\/\\\/fr.motocrossmag.be\\\/wp-content\\\/uploads\\\/2020\\\/10\\\/tixier-portrait.jpg\",\"width\":1000,\"height\":666},{\"@type\":\"BreadcrumbList\",\"@id\":\"https:\\\/\\\/fr.motocrossmag.be\\\/index.php\\\/2023\\\/02\\\/jordi-tixier-chez-kmp-honda\\\/#breadcrumb\",\"itemListElement\":[{\"@type\":\"ListItem\",\"position\":1,\"name\":\"Accueil\",\"item\":\"https:\\\/\\\/fr.motocrossmag.be\\\/\"},{\"@type\":\"ListItem\",\"position\":2,\"name\":\"Jordi Tixier chez KMP Honda\"}]},{\"@type\":\"WebSite\",\"@id\":\"https:\\\/\\\/fr.motocrossmag.be\\\/#website\",\"url\":\"https:\\\/\\\/fr.motocrossmag.be\\\/\",\"name\":\"Motocross - Enduro - Supermoto | MotocrossMag\",\"description\":\"L&#039;actualit\u00e9 du motocross, de l&#039;enduro et du Supermoto en ligne!\",\"potentialAction\":[{\"@type\":\"SearchAction\",\"target\":{\"@type\":\"EntryPoint\",\"urlTemplate\":\"https:\\\/\\\/fr.motocrossmag.be\\\/?s={search_term_string}\"},\"query-input\":{\"@type\":\"PropertyValueSpecification\",\"valueRequired\":true,\"valueName\":\"search_term_string\"}}],\"inLanguage\":\"fr-FR\"},{\"@type\":\"Person\",\"@id\":\"https:\\\/\\\/fr.motocrossmag.be\\\/#\\\/schema\\\/person\\\/11b47143d9f755babca2c9110e03235c\",\"name\":\"oliviere\",\"image\":{\"@type\":\"ImageObject\",\"inLanguage\":\"fr-FR\",\"@id\":\"https:\\\/\\\/secure.gravatar.com\\\/avatar\\\/907069e0b81d119452040469e4a7501da1100f54f7f80180ce77bfab718288f6?s=96&d=mm&r=g\",\"url\":\"https:\\\/\\\/secure.gravatar.com\\\/avatar\\\/907069e0b81d119452040469e4a7501da1100f54f7f80180ce77bfab718288f6?s=96&d=mm&r=g\",\"contentUrl\":\"https:\\\/\\\/secure.gravatar.com\\\/avatar\\\/907069e0b81d119452040469e4a7501da1100f54f7f80180ce77bfab718288f6?s=96&d=mm&r=g\",\"caption\":\"oliviere\"},\"sameAs\":[\"http:\\\/\\\/www.motocrossmag.be\"],\"url\":\"https:\\\/\\\/fr.motocrossmag.be\\\/index.php\\\/author\\\/oliviere\\\/\"}]}<\/script>\n<!-- \/ Yoast SEO plugin. -->","yoast_head_json":{"title":"Jordi Tixier chez KMP Honda - Motocross - Enduro - Supermoto | MotocrossMag","robots":{"index":"index","follow":"follow","max-snippet":"max-snippet:-1","max-image-preview":"max-image-preview:large","max-video-preview":"max-video-preview:-1"},"canonical":"https:\/\/fr.motocrossmag.be\/index.php\/2023\/02\/jordi-tixier-chez-kmp-honda\/","og_locale":"fr_FR","og_type":"article","og_title":"Jordi Tixier chez KMP Honda - Motocross - Enduro - Supermoto | MotocrossMag","og_description":"Jordi Tixier avait annonc\u00e9 qu&rsquo;on ne le verrait plus sur le championnat MXGP. Le Fran\u00e7ais se concentrera en effet sur le championnat du monde de Supercross. En marge de ce [...]","og_url":"https:\/\/fr.motocrossmag.be\/index.php\/2023\/02\/jordi-tixier-chez-kmp-honda\/","og_site_name":"Motocross - Enduro - Supermoto | MotocrossMag","article_published_time":"2023-02-01T11:00:53+00:00","og_image":[{"width":1000,"height":666,"url":"https:\/\/fr.motocrossmag.be\/wp-content\/uploads\/2020\/10\/tixier-portrait.jpg","type":"image\/jpeg"}],"author":"oliviere","twitter_card":"summary_large_image","twitter_misc":{"\u00c9crit par":"oliviere"},"schema":{"@context":"https:\/\/schema.org","@graph":[{"@type":"Article","@id":"https:\/\/fr.motocrossmag.be\/index.php\/2023\/02\/jordi-tixier-chez-kmp-honda\/#article","isPartOf":{"@id":"https:\/\/fr.motocrossmag.be\/index.php\/2023\/02\/jordi-tixier-chez-kmp-honda\/"},"author":{"name":"oliviere","@id":"https:\/\/fr.motocrossmag.be\/#\/schema\/person\/11b47143d9f755babca2c9110e03235c"},"headline":"Jordi Tixier chez KMP Honda","datePublished":"2023-02-01T11:00:53+00:00","mainEntityOfPage":{"@id":"https:\/\/fr.motocrossmag.be\/index.php\/2023\/02\/jordi-tixier-chez-kmp-honda\/"},"wordCount":94,"commentCount":0,"image":{"@id":"https:\/\/fr.motocrossmag.be\/index.php\/2023\/02\/jordi-tixier-chez-kmp-honda\/#primaryimage"},"thumbnailUrl":"https:\/\/fr.motocrossmag.be\/wp-content\/uploads\/2020\/10\/tixier-portrait.jpg","keywords":["Jordi Tixier","Motocross"],"articleSection":["Actualit\u00e9","Motocross","News","News","Slideshow"],"inLanguage":"fr-FR","potentialAction":[{"@type":"CommentAction","name":"Comment","target":["https:\/\/fr.motocrossmag.be\/index.php\/2023\/02\/jordi-tixier-chez-kmp-honda\/#respond"]}]},{"@type":"WebPage","@id":"https:\/\/fr.motocrossmag.be\/index.php\/2023\/02\/jordi-tixier-chez-kmp-honda\/","url":"https:\/\/fr.motocrossmag.be\/index.php\/2023\/02\/jordi-tixier-chez-kmp-honda\/","name":"Jordi Tixier chez KMP Honda - Motocross - Enduro - Supermoto | MotocrossMag","isPartOf":{"@id":"https:\/\/fr.motocrossmag.be\/#website"},"primaryImageOfPage":{"@id":"https:\/\/fr.motocrossmag.be\/index.php\/2023\/02\/jordi-tixier-chez-kmp-honda\/#primaryimage"},"image":{"@id":"https:\/\/fr.motocrossmag.be\/index.php\/2023\/02\/jordi-tixier-chez-kmp-honda\/#primaryimage"},"thumbnailUrl":"https:\/\/fr.motocrossmag.be\/wp-content\/uploads\/2020\/10\/tixier-portrait.jpg","datePublished":"2023-02-01T11:00:53+00:00","author":{"@id":"https:\/\/fr.motocrossmag.be\/#\/schema\/person\/11b47143d9f755babca2c9110e03235c"},"breadcrumb":{"@id":"https:\/\/fr.motocrossmag.be\/index.php\/2023\/02\/jordi-tixier-chez-kmp-honda\/#breadcrumb"},"inLanguage":"fr-FR","potentialAction":[{"@type":"ReadAction","target":["https:\/\/fr.motocrossmag.be\/index.php\/2023\/02\/jordi-tixier-chez-kmp-honda\/"]}]},{"@type":"ImageObject","inLanguage":"fr-FR","@id":"https:\/\/fr.motocrossmag.be\/index.php\/2023\/02\/jordi-tixier-chez-kmp-honda\/#primaryimage","url":"https:\/\/fr.motocrossmag.be\/wp-content\/uploads\/2020\/10\/tixier-portrait.jpg","contentUrl":"https:\/\/fr.motocrossmag.be\/wp-content\/uploads\/2020\/10\/tixier-portrait.jpg","width":1000,"height":666},{"@type":"BreadcrumbList","@id":"https:\/\/fr.motocrossmag.be\/index.php\/2023\/02\/jordi-tixier-chez-kmp-honda\/#breadcrumb","itemListElement":[{"@type":"ListItem","position":1,"name":"Accueil","item":"https:\/\/fr.motocrossmag.be\/"},{"@type":"ListItem","position":2,"name":"Jordi Tixier chez KMP Honda"}]},{"@type":"WebSite","@id":"https:\/\/fr.motocrossmag.be\/#website","url":"https:\/\/fr.motocrossmag.be\/","name":"Motocross - Enduro - Supermoto | MotocrossMag","description":"L&#039;actualit\u00e9 du motocross, de l&#039;enduro et du Supermoto en ligne!","potentialAction":[{"@type":"SearchAction","target":{"@type":"EntryPoint","urlTemplate":"https:\/\/fr.motocrossmag.be\/?s={search_term_string}"},"query-input":{"@type":"PropertyValueSpecification","valueRequired":true,"valueName":"search_term_string"}}],"inLanguage":"fr-FR"},{"@type":"Person","@id":"https:\/\/fr.motocrossmag.be\/#\/schema\/person\/11b47143d9f755babca2c9110e03235c","name":"oliviere","image":{"@type":"ImageObject","inLanguage":"fr-FR","@id":"https:\/\/secure.gravatar.com\/avatar\/907069e0b81d119452040469e4a7501da1100f54f7f80180ce77bfab718288f6?s=96&d=mm&r=g","url":"https:\/\/secure.gravatar.com\/avatar\/907069e0b81d119452040469e4a7501da1100f54f7f80180ce77bfab718288f6?s=96&d=mm&r=g","contentUrl":"https:\/\/secure.gravatar.com\/avatar\/907069e0b81d119452040469e4a7501da1100f54f7f80180ce77bfab718288f6?s=96&d=mm&r=g","caption":"oliviere"},"sameAs":["http:\/\/www.motocrossmag.be"],"url":"https:\/\/fr.motocrossmag.be\/index.php\/author\/oliviere\/"}]}},"_links":{"self":[{"href":"https:\/\/fr.motocrossmag.be\/index.php\/wp-json\/wp\/v2\/posts\/122652","targetHints":{"allow":["GET"]}}],"collection":[{"href":"https:\/\/fr.motocrossmag.be\/index.php\/wp-json\/wp\/v2\/posts"}],"about":[{"href":"https:\/\/fr.motocrossmag.be\/index.php\/wp-json\/wp\/v2\/types\/post"}],"author":[{"embeddable":true,"href":"https:\/\/fr.motocrossmag.be\/index.php\/wp-json\/wp\/v2\/users\/932"}],"replies":[{"embeddable":true,"href":"https:\/\/fr.motocrossmag.be\/index.php\/wp-json\/wp\/v2\/comments?post=122652"}],"version-history":[{"count":0,"href":"https:\/\/fr.motocrossmag.be\/index.php\/wp-json\/wp\/v2\/posts\/122652\/revisions"}],"wp:featuredmedia":[{"embeddable":true,"href":"https:\/\/fr.motocrossmag.be\/index.php\/wp-json\/wp\/v2\/media\/106208"}],"wp:attachment":[{"href":"https:\/\/fr.motocrossmag.be\/index.php\/wp-json\/wp\/v2\/media?parent=122652"}],"wp:term":[{"taxonomy":"category","embeddable":true,"href":"https:\/\/fr.motocrossmag.be\/index.php\/wp-json\/wp\/v2\/categories?post=122652"},{"taxonomy":"post_tag","embeddable":true,"href":"https:\/\/fr.motocrossmag.be\/index.php\/wp-json\/wp\/v2\/tags?post=122652"}],"curies":[{"name":"wp","href":"https:\/\/api.w.org\/{rel}","templated":true}]}}