{"id":122657,"date":"2023-02-03T11:15:08","date_gmt":"2023-02-03T10:15:08","guid":{"rendered":"http:\/\/fr.motocrossmag.be\/?p=122657"},"modified":"2023-02-03T11:22:41","modified_gmt":"2023-02-03T10:22:41","slug":"un-hommage-a-andre-malherbe-a-namur-le-2-avril","status":"publish","type":"post","link":"https:\/\/fr.motocrossmag.be\/index.php\/2023\/02\/un-hommage-a-andre-malherbe-a-namur-le-2-avril\/","title":{"rendered":"Un hommage \u00e0 Andr\u00e9 Malherbe \u00e0 Namur le 2 avril"},"content":{"rendered":"<p><strong>Le dimanche 2 avril prochain, on rendra hommage \u00e0 Andr\u00e9 Malherbe, disparu en novembre dernier. A l&rsquo;initiative des proches du champion, deux moments seront organis\u00e9s \u00e0 Namur en m\u00e9moire du champion.<\/strong><\/p>\n<p>L&rsquo;histoire d&rsquo;Andr\u00e9 Malherbe est intimement li\u00e9 \u00e0 la capitale wallonne, o\u00f9 le Hutois a sign\u00e9 quelques-uns de ses plus grands exploits sportifs face \u00e0 son public. Aussi, c&rsquo;est au pied de la fameuse citadelle, dans l&rsquo;auditoire Vauban de l&rsquo;UNamur, qu&rsquo;une conf\u00e9rence enrichie de nombreux t\u00e9moignages, de photos et de films in\u00e9dits sur la vie exceptionnelle de Malherbe d\u00e9butera \u00e0 15h30.<\/p>\n<p>Ensuite, l&rsquo;assembl\u00e9e rejoindra l&rsquo;esplanade de la citadelle pour un moment de recueillement au Namur Citadelle M\u00e9morial.<\/p>\n<p>L&rsquo;\u00e9v\u00e9nement, organis\u00e9 par les Relations Ext\u00e9rieures de la Ville de Namur en collaboration avec Edmond Luyten et Michel Lecomte, est ouvert \u00e0 tous.<\/p>\n<p><strong>Cort\u00e8ge et haie d&rsquo;honneur<\/strong><\/p>\n<p>17h00 : d\u00e9part d\u2019un cort\u00e8ge de motos d\u2019enduro ou de route, immatricul\u00e9es, vers l\u2019esplanade de la Citadelle.<br \/>\nA partir de 15h30, accueil des pilotes propri\u00e9taires de motos de cross d\u00e9sirant r\u00e9aliser une haie d\u2019honneur. Celle-ci se fera en face du m\u00e9morial situ\u00e9 dans le restaurant \u00ab Le panorama \u00bb.<br \/>\nVers 17h15, arriv\u00e9 du cort\u00e8ge \u00e0 la Citadelle et rassemblement devant le m\u00e9morial o\u00f9 un dernier hommage solennel sera rendu \u00e0 Andr\u00e9. <img decoding=\"async\" class=\"lazyload x1rg5ohu xlup9mm xdj266r xhhsvwb xat24cr xgzva0m x47corl xxymvpz x1kky2od img\" src=\"data:image\/gif;base64,R0lGODlhAQABAAAAACH5BAEKAAEALAAAAAABAAEAAAICTAEAOw==\" data-orig-src=\"https:\/\/static.xx.fbcdn.net\/images\/emoji.php\/v9\/t80\/1\/16\/1f64f.png\" alt=\"?\" \/><\/p>\n<p><strong>Aspects pratiques<\/strong><\/p>\n<p>Pour les pilotes d\u00e9sirant participer au cort\u00e8ge, un parking est disponible 1 rue de l\u2019Arsenal, derri\u00e8re l\u2019amphith\u00e9\u00e2tre.<br \/>\nPour les pilotes d\u00e9sirant participer \u00e0 la haie d\u2019honneur, un parking gard\u00e9 est disponible pour les remorques et camionnettes sur l\u2019Esplanade de la Citadelle.<\/p>\n<p>Pour confirmer votre pr\u00e9sence dans l\u2019amphith\u00e9\u00e2tre Vauban et\/ou au cort\u00e8ge et\/ou \u00e0 la haie d\u2019honneur, un simple mail \u00e0 l&rsquo;adresse <a href=\"mailto:tdmaterne@msn.com\">tdmaterne@msn.com<\/a> suffit !<\/p>\n<p><span style=\"color: #ff0000;\"><strong>Adresse du jour<\/strong><\/span><\/p>\n<p>Espace amphith\u00e9\u00e2tre Vauban (UNamur)<br \/>\nBoulevard Fr\u00e8re Orban<br \/>\n5000 Namur<\/p>\n","protected":false},"excerpt":{"rendered":"<p>Le dimanche 2 avril prochain, on rendra hommage \u00e0 Andr\u00e9 Malherbe, disparu en novembre dernier. A l&rsquo;initiative des proches du champion, deux moments seront organis\u00e9s \u00e0 Namur en m\u00e9moire du [&#8230;]<\/p>\n","protected":false},"author":932,"featured_media":122658,"comment_status":"open","ping_status":"closed","sticky":false,"template":"","format":"standard","meta":{"footnotes":""},"categories":[54,57,4,6,996,5,55,65],"tags":[1307,947,1823],"class_list":["post-122657","post","type-post","status-publish","format-standard","has-post-thumbnail","hentry","category-actualite","category-calendriers","category-motocross","category-mx1mx2","category-mx-vintage","category-news","category-news-actualite","category-slideshow","tag-andre-malherbe","tag-motocross","tag-namur-legend"],"yoast_head":"<!-- This site is optimized with the Yoast SEO plugin v27.4 - https:\/\/yoast.com\/product\/yoast-seo-wordpress\/ -->\n<title>Un hommage \u00e0 Andr\u00e9 Malherbe \u00e0 Namur le 2 avril - Motocross - Enduro - Supermoto | MotocrossMag<\/title>\n<meta name=\"robots\" content=\"index, follow, max-snippet:-1, max-image-preview:large, max-video-preview:-1\" \/>\n<link rel=\"canonical\" href=\"https:\/\/fr.motocrossmag.be\/index.php\/2023\/02\/un-hommage-a-andre-malherbe-a-namur-le-2-avril\/\" \/>\n<meta property=\"og:locale\" content=\"fr_FR\" \/>\n<meta property=\"og:type\" content=\"article\" \/>\n<meta property=\"og:title\" content=\"Un hommage \u00e0 Andr\u00e9 Malherbe \u00e0 Namur le 2 avril - Motocross - Enduro - Supermoto | MotocrossMag\" \/>\n<meta property=\"og:description\" content=\"Le dimanche 2 avril prochain, on rendra hommage \u00e0 Andr\u00e9 Malherbe, disparu en novembre dernier. A l&rsquo;initiative des proches du champion, deux moments seront organis\u00e9s \u00e0 Namur en m\u00e9moire du [...]\" \/>\n<meta property=\"og:url\" content=\"https:\/\/fr.motocrossmag.be\/index.php\/2023\/02\/un-hommage-a-andre-malherbe-a-namur-le-2-avril\/\" \/>\n<meta property=\"og:site_name\" content=\"Motocross - Enduro - Supermoto | MotocrossMag\" \/>\n<meta property=\"article:published_time\" content=\"2023-02-03T10:15:08+00:00\" \/>\n<meta property=\"article:modified_time\" content=\"2023-02-03T10:22:41+00:00\" \/>\n<meta property=\"og:image\" content=\"https:\/\/fr.motocrossmag.be\/wp-content\/uploads\/2023\/02\/malherbe-forever.jpg\" \/>\n\t<meta property=\"og:image:width\" content=\"804\" \/>\n\t<meta property=\"og:image:height\" content=\"579\" \/>\n\t<meta property=\"og:image:type\" content=\"image\/jpeg\" \/>\n<meta name=\"author\" content=\"oliviere\" \/>\n<meta name=\"twitter:card\" content=\"summary_large_image\" \/>\n<meta name=\"twitter:label1\" content=\"\u00c9crit par\" \/>\n\t<meta name=\"twitter:data1\" content=\"oliviere\" \/>\n\t<meta name=\"twitter:label2\" content=\"Dur\u00e9e de lecture estim\u00e9e\" \/>\n\t<meta name=\"twitter:data2\" content=\"2 minutes\" \/>\n<script type=\"application\/ld+json\" class=\"yoast-schema-graph\">{\"@context\":\"https:\\\/\\\/schema.org\",\"@graph\":[{\"@type\":\"Article\",\"@id\":\"https:\\\/\\\/fr.motocrossmag.be\\\/index.php\\\/2023\\\/02\\\/un-hommage-a-andre-malherbe-a-namur-le-2-avril\\\/#article\",\"isPartOf\":{\"@id\":\"https:\\\/\\\/fr.motocrossmag.be\\\/index.php\\\/2023\\\/02\\\/un-hommage-a-andre-malherbe-a-namur-le-2-avril\\\/\"},\"author\":{\"name\":\"oliviere\",\"@id\":\"https:\\\/\\\/fr.motocrossmag.be\\\/#\\\/schema\\\/person\\\/11b47143d9f755babca2c9110e03235c\"},\"headline\":\"Un hommage \u00e0 Andr\u00e9 Malherbe \u00e0 Namur le 2 avril\",\"datePublished\":\"2023-02-03T10:15:08+00:00\",\"dateModified\":\"2023-02-03T10:22:41+00:00\",\"mainEntityOfPage\":{\"@id\":\"https:\\\/\\\/fr.motocrossmag.be\\\/index.php\\\/2023\\\/02\\\/un-hommage-a-andre-malherbe-a-namur-le-2-avril\\\/\"},\"wordCount\":328,\"commentCount\":0,\"image\":{\"@id\":\"https:\\\/\\\/fr.motocrossmag.be\\\/index.php\\\/2023\\\/02\\\/un-hommage-a-andre-malherbe-a-namur-le-2-avril\\\/#primaryimage\"},\"thumbnailUrl\":\"https:\\\/\\\/fr.motocrossmag.be\\\/wp-content\\\/uploads\\\/2023\\\/02\\\/malherbe-forever.jpg\",\"keywords\":[\"andr\u00e9 malherbe\",\"Motocross\",\"namur legend\"],\"articleSection\":[\"Actualit\u00e9\",\"Calendriers\",\"Motocross\",\"Motocross MXGP\",\"MX Vintage\",\"News\",\"News\",\"Slideshow\"],\"inLanguage\":\"fr-FR\",\"potentialAction\":[{\"@type\":\"CommentAction\",\"name\":\"Comment\",\"target\":[\"https:\\\/\\\/fr.motocrossmag.be\\\/index.php\\\/2023\\\/02\\\/un-hommage-a-andre-malherbe-a-namur-le-2-avril\\\/#respond\"]}]},{\"@type\":\"WebPage\",\"@id\":\"https:\\\/\\\/fr.motocrossmag.be\\\/index.php\\\/2023\\\/02\\\/un-hommage-a-andre-malherbe-a-namur-le-2-avril\\\/\",\"url\":\"https:\\\/\\\/fr.motocrossmag.be\\\/index.php\\\/2023\\\/02\\\/un-hommage-a-andre-malherbe-a-namur-le-2-avril\\\/\",\"name\":\"Un hommage \u00e0 Andr\u00e9 Malherbe \u00e0 Namur le 2 avril - Motocross - Enduro - Supermoto | MotocrossMag\",\"isPartOf\":{\"@id\":\"https:\\\/\\\/fr.motocrossmag.be\\\/#website\"},\"primaryImageOfPage\":{\"@id\":\"https:\\\/\\\/fr.motocrossmag.be\\\/index.php\\\/2023\\\/02\\\/un-hommage-a-andre-malherbe-a-namur-le-2-avril\\\/#primaryimage\"},\"image\":{\"@id\":\"https:\\\/\\\/fr.motocrossmag.be\\\/index.php\\\/2023\\\/02\\\/un-hommage-a-andre-malherbe-a-namur-le-2-avril\\\/#primaryimage\"},\"thumbnailUrl\":\"https:\\\/\\\/fr.motocrossmag.be\\\/wp-content\\\/uploads\\\/2023\\\/02\\\/malherbe-forever.jpg\",\"datePublished\":\"2023-02-03T10:15:08+00:00\",\"dateModified\":\"2023-02-03T10:22:41+00:00\",\"author\":{\"@id\":\"https:\\\/\\\/fr.motocrossmag.be\\\/#\\\/schema\\\/person\\\/11b47143d9f755babca2c9110e03235c\"},\"breadcrumb\":{\"@id\":\"https:\\\/\\\/fr.motocrossmag.be\\\/index.php\\\/2023\\\/02\\\/un-hommage-a-andre-malherbe-a-namur-le-2-avril\\\/#breadcrumb\"},\"inLanguage\":\"fr-FR\",\"potentialAction\":[{\"@type\":\"ReadAction\",\"target\":[\"https:\\\/\\\/fr.motocrossmag.be\\\/index.php\\\/2023\\\/02\\\/un-hommage-a-andre-malherbe-a-namur-le-2-avril\\\/\"]}]},{\"@type\":\"ImageObject\",\"inLanguage\":\"fr-FR\",\"@id\":\"https:\\\/\\\/fr.motocrossmag.be\\\/index.php\\\/2023\\\/02\\\/un-hommage-a-andre-malherbe-a-namur-le-2-avril\\\/#primaryimage\",\"url\":\"https:\\\/\\\/fr.motocrossmag.be\\\/wp-content\\\/uploads\\\/2023\\\/02\\\/malherbe-forever.jpg\",\"contentUrl\":\"https:\\\/\\\/fr.motocrossmag.be\\\/wp-content\\\/uploads\\\/2023\\\/02\\\/malherbe-forever.jpg\",\"width\":\"804\",\"height\":\"579\"},{\"@type\":\"BreadcrumbList\",\"@id\":\"https:\\\/\\\/fr.motocrossmag.be\\\/index.php\\\/2023\\\/02\\\/un-hommage-a-andre-malherbe-a-namur-le-2-avril\\\/#breadcrumb\",\"itemListElement\":[{\"@type\":\"ListItem\",\"position\":1,\"name\":\"Accueil\",\"item\":\"https:\\\/\\\/fr.motocrossmag.be\\\/\"},{\"@type\":\"ListItem\",\"position\":2,\"name\":\"Un hommage \u00e0 Andr\u00e9 Malherbe \u00e0 Namur le 2 avril\"}]},{\"@type\":\"WebSite\",\"@id\":\"https:\\\/\\\/fr.motocrossmag.be\\\/#website\",\"url\":\"https:\\\/\\\/fr.motocrossmag.be\\\/\",\"name\":\"Motocross - Enduro - Supermoto | MotocrossMag\",\"description\":\"L&#039;actualit\u00e9 du motocross, de l&#039;enduro et du Supermoto en ligne!\",\"potentialAction\":[{\"@type\":\"SearchAction\",\"target\":{\"@type\":\"EntryPoint\",\"urlTemplate\":\"https:\\\/\\\/fr.motocrossmag.be\\\/?s={search_term_string}\"},\"query-input\":{\"@type\":\"PropertyValueSpecification\",\"valueRequired\":true,\"valueName\":\"search_term_string\"}}],\"inLanguage\":\"fr-FR\"},{\"@type\":\"Person\",\"@id\":\"https:\\\/\\\/fr.motocrossmag.be\\\/#\\\/schema\\\/person\\\/11b47143d9f755babca2c9110e03235c\",\"name\":\"oliviere\",\"image\":{\"@type\":\"ImageObject\",\"inLanguage\":\"fr-FR\",\"@id\":\"https:\\\/\\\/secure.gravatar.com\\\/avatar\\\/907069e0b81d119452040469e4a7501da1100f54f7f80180ce77bfab718288f6?s=96&d=mm&r=g\",\"url\":\"https:\\\/\\\/secure.gravatar.com\\\/avatar\\\/907069e0b81d119452040469e4a7501da1100f54f7f80180ce77bfab718288f6?s=96&d=mm&r=g\",\"contentUrl\":\"https:\\\/\\\/secure.gravatar.com\\\/avatar\\\/907069e0b81d119452040469e4a7501da1100f54f7f80180ce77bfab718288f6?s=96&d=mm&r=g\",\"caption\":\"oliviere\"},\"sameAs\":[\"http:\\\/\\\/www.motocrossmag.be\"],\"url\":\"https:\\\/\\\/fr.motocrossmag.be\\\/index.php\\\/author\\\/oliviere\\\/\"}]}<\/script>\n<!-- \/ Yoast SEO plugin. -->","yoast_head_json":{"title":"Un hommage \u00e0 Andr\u00e9 Malherbe \u00e0 Namur le 2 avril - Motocross - Enduro - Supermoto | MotocrossMag","robots":{"index":"index","follow":"follow","max-snippet":"max-snippet:-1","max-image-preview":"max-image-preview:large","max-video-preview":"max-video-preview:-1"},"canonical":"https:\/\/fr.motocrossmag.be\/index.php\/2023\/02\/un-hommage-a-andre-malherbe-a-namur-le-2-avril\/","og_locale":"fr_FR","og_type":"article","og_title":"Un hommage \u00e0 Andr\u00e9 Malherbe \u00e0 Namur le 2 avril - Motocross - Enduro - Supermoto | MotocrossMag","og_description":"Le dimanche 2 avril prochain, on rendra hommage \u00e0 Andr\u00e9 Malherbe, disparu en novembre dernier. A l&rsquo;initiative des proches du champion, deux moments seront organis\u00e9s \u00e0 Namur en m\u00e9moire du [...]","og_url":"https:\/\/fr.motocrossmag.be\/index.php\/2023\/02\/un-hommage-a-andre-malherbe-a-namur-le-2-avril\/","og_site_name":"Motocross - Enduro - Supermoto | MotocrossMag","article_published_time":"2023-02-03T10:15:08+00:00","article_modified_time":"2023-02-03T10:22:41+00:00","og_image":[{"width":804,"height":579,"url":"https:\/\/fr.motocrossmag.be\/wp-content\/uploads\/2023\/02\/malherbe-forever.jpg","type":"image\/jpeg"}],"author":"oliviere","twitter_card":"summary_large_image","twitter_misc":{"\u00c9crit par":"oliviere","Dur\u00e9e de lecture estim\u00e9e":"2 minutes"},"schema":{"@context":"https:\/\/schema.org","@graph":[{"@type":"Article","@id":"https:\/\/fr.motocrossmag.be\/index.php\/2023\/02\/un-hommage-a-andre-malherbe-a-namur-le-2-avril\/#article","isPartOf":{"@id":"https:\/\/fr.motocrossmag.be\/index.php\/2023\/02\/un-hommage-a-andre-malherbe-a-namur-le-2-avril\/"},"author":{"name":"oliviere","@id":"https:\/\/fr.motocrossmag.be\/#\/schema\/person\/11b47143d9f755babca2c9110e03235c"},"headline":"Un hommage \u00e0 Andr\u00e9 Malherbe \u00e0 Namur le 2 avril","datePublished":"2023-02-03T10:15:08+00:00","dateModified":"2023-02-03T10:22:41+00:00","mainEntityOfPage":{"@id":"https:\/\/fr.motocrossmag.be\/index.php\/2023\/02\/un-hommage-a-andre-malherbe-a-namur-le-2-avril\/"},"wordCount":328,"commentCount":0,"image":{"@id":"https:\/\/fr.motocrossmag.be\/index.php\/2023\/02\/un-hommage-a-andre-malherbe-a-namur-le-2-avril\/#primaryimage"},"thumbnailUrl":"https:\/\/fr.motocrossmag.be\/wp-content\/uploads\/2023\/02\/malherbe-forever.jpg","keywords":["andr\u00e9 malherbe","Motocross","namur legend"],"articleSection":["Actualit\u00e9","Calendriers","Motocross","Motocross MXGP","MX Vintage","News","News","Slideshow"],"inLanguage":"fr-FR","potentialAction":[{"@type":"CommentAction","name":"Comment","target":["https:\/\/fr.motocrossmag.be\/index.php\/2023\/02\/un-hommage-a-andre-malherbe-a-namur-le-2-avril\/#respond"]}]},{"@type":"WebPage","@id":"https:\/\/fr.motocrossmag.be\/index.php\/2023\/02\/un-hommage-a-andre-malherbe-a-namur-le-2-avril\/","url":"https:\/\/fr.motocrossmag.be\/index.php\/2023\/02\/un-hommage-a-andre-malherbe-a-namur-le-2-avril\/","name":"Un hommage \u00e0 Andr\u00e9 Malherbe \u00e0 Namur le 2 avril - Motocross - Enduro - Supermoto | MotocrossMag","isPartOf":{"@id":"https:\/\/fr.motocrossmag.be\/#website"},"primaryImageOfPage":{"@id":"https:\/\/fr.motocrossmag.be\/index.php\/2023\/02\/un-hommage-a-andre-malherbe-a-namur-le-2-avril\/#primaryimage"},"image":{"@id":"https:\/\/fr.motocrossmag.be\/index.php\/2023\/02\/un-hommage-a-andre-malherbe-a-namur-le-2-avril\/#primaryimage"},"thumbnailUrl":"https:\/\/fr.motocrossmag.be\/wp-content\/uploads\/2023\/02\/malherbe-forever.jpg","datePublished":"2023-02-03T10:15:08+00:00","dateModified":"2023-02-03T10:22:41+00:00","author":{"@id":"https:\/\/fr.motocrossmag.be\/#\/schema\/person\/11b47143d9f755babca2c9110e03235c"},"breadcrumb":{"@id":"https:\/\/fr.motocrossmag.be\/index.php\/2023\/02\/un-hommage-a-andre-malherbe-a-namur-le-2-avril\/#breadcrumb"},"inLanguage":"fr-FR","potentialAction":[{"@type":"ReadAction","target":["https:\/\/fr.motocrossmag.be\/index.php\/2023\/02\/un-hommage-a-andre-malherbe-a-namur-le-2-avril\/"]}]},{"@type":"ImageObject","inLanguage":"fr-FR","@id":"https:\/\/fr.motocrossmag.be\/index.php\/2023\/02\/un-hommage-a-andre-malherbe-a-namur-le-2-avril\/#primaryimage","url":"https:\/\/fr.motocrossmag.be\/wp-content\/uploads\/2023\/02\/malherbe-forever.jpg","contentUrl":"https:\/\/fr.motocrossmag.be\/wp-content\/uploads\/2023\/02\/malherbe-forever.jpg","width":"804","height":"579"},{"@type":"BreadcrumbList","@id":"https:\/\/fr.motocrossmag.be\/index.php\/2023\/02\/un-hommage-a-andre-malherbe-a-namur-le-2-avril\/#breadcrumb","itemListElement":[{"@type":"ListItem","position":1,"name":"Accueil","item":"https:\/\/fr.motocrossmag.be\/"},{"@type":"ListItem","position":2,"name":"Un hommage \u00e0 Andr\u00e9 Malherbe \u00e0 Namur le 2 avril"}]},{"@type":"WebSite","@id":"https:\/\/fr.motocrossmag.be\/#website","url":"https:\/\/fr.motocrossmag.be\/","name":"Motocross - Enduro - Supermoto | MotocrossMag","description":"L&#039;actualit\u00e9 du motocross, de l&#039;enduro et du Supermoto en ligne!","potentialAction":[{"@type":"SearchAction","target":{"@type":"EntryPoint","urlTemplate":"https:\/\/fr.motocrossmag.be\/?s={search_term_string}"},"query-input":{"@type":"PropertyValueSpecification","valueRequired":true,"valueName":"search_term_string"}}],"inLanguage":"fr-FR"},{"@type":"Person","@id":"https:\/\/fr.motocrossmag.be\/#\/schema\/person\/11b47143d9f755babca2c9110e03235c","name":"oliviere","image":{"@type":"ImageObject","inLanguage":"fr-FR","@id":"https:\/\/secure.gravatar.com\/avatar\/907069e0b81d119452040469e4a7501da1100f54f7f80180ce77bfab718288f6?s=96&d=mm&r=g","url":"https:\/\/secure.gravatar.com\/avatar\/907069e0b81d119452040469e4a7501da1100f54f7f80180ce77bfab718288f6?s=96&d=mm&r=g","contentUrl":"https:\/\/secure.gravatar.com\/avatar\/907069e0b81d119452040469e4a7501da1100f54f7f80180ce77bfab718288f6?s=96&d=mm&r=g","caption":"oliviere"},"sameAs":["http:\/\/www.motocrossmag.be"],"url":"https:\/\/fr.motocrossmag.be\/index.php\/author\/oliviere\/"}]}},"_links":{"self":[{"href":"https:\/\/fr.motocrossmag.be\/index.php\/wp-json\/wp\/v2\/posts\/122657","targetHints":{"allow":["GET"]}}],"collection":[{"href":"https:\/\/fr.motocrossmag.be\/index.php\/wp-json\/wp\/v2\/posts"}],"about":[{"href":"https:\/\/fr.motocrossmag.be\/index.php\/wp-json\/wp\/v2\/types\/post"}],"author":[{"embeddable":true,"href":"https:\/\/fr.motocrossmag.be\/index.php\/wp-json\/wp\/v2\/users\/932"}],"replies":[{"embeddable":true,"href":"https:\/\/fr.motocrossmag.be\/index.php\/wp-json\/wp\/v2\/comments?post=122657"}],"version-history":[{"count":1,"href":"https:\/\/fr.motocrossmag.be\/index.php\/wp-json\/wp\/v2\/posts\/122657\/revisions"}],"predecessor-version":[{"id":122659,"href":"https:\/\/fr.motocrossmag.be\/index.php\/wp-json\/wp\/v2\/posts\/122657\/revisions\/122659"}],"wp:featuredmedia":[{"embeddable":true,"href":"https:\/\/fr.motocrossmag.be\/index.php\/wp-json\/wp\/v2\/media\/122658"}],"wp:attachment":[{"href":"https:\/\/fr.motocrossmag.be\/index.php\/wp-json\/wp\/v2\/media?parent=122657"}],"wp:term":[{"taxonomy":"category","embeddable":true,"href":"https:\/\/fr.motocrossmag.be\/index.php\/wp-json\/wp\/v2\/categories?post=122657"},{"taxonomy":"post_tag","embeddable":true,"href":"https:\/\/fr.motocrossmag.be\/index.php\/wp-json\/wp\/v2\/tags?post=122657"}],"curies":[{"name":"wp","href":"https:\/\/api.w.org\/{rel}","templated":true}]}}