{"id":122662,"date":"2023-02-04T00:17:29","date_gmt":"2023-02-03T23:17:29","guid":{"rendered":"http:\/\/fr.motocrossmag.be\/?p=122662"},"modified":"2023-02-04T00:17:29","modified_gmt":"2023-02-03T23:17:29","slug":"du-changement-pour-le-reglement-mxgp","status":"publish","type":"post","link":"https:\/\/fr.motocrossmag.be\/index.php\/2023\/02\/du-changement-pour-le-reglement-mxgp\/","title":{"rendered":"Du changement pour le r\u00e8glement MXGP"},"content":{"rendered":"<p><strong>Infront Moto Racing et la FIM ont d\u00e9voil\u00e9 ce vendredi les modifications apport\u00e9es au r\u00e8glement du championnat MXGP, telle que approuv\u00e9es par Infront Moto Racing, les constructeurs et la FIM.<\/strong><\/p>\n<p>Les manches qualificatives, r\u00e9guli\u00e8rement remises en question par bon nombre d&rsquo;observateurs depuis leur apparition sur le championnat en 2010, voient enfin leur statut \u00e9voluer.<\/p>\n<p>Ainsi, les dix premiers pilotes de qualification des deux cat\u00e9gories MXGP et MX2 marqueront des points comme suit : le pilote qui remporte la course de qualification recevra 10 points, le deuxi\u00e8me recevra 9 points et ainsi de suite jusqu&rsquo;\u00e0 1 point pour la 10\u00e8me position.<\/p>\n<p>Les points acquis lors de la course qualificative compteront pour les classements des championnats MXGP et MX2, ainsi que pour celui des constructeurs, mais ils ne seront pas pris en compte pour le classement g\u00e9n\u00e9ral du GP qui ne prendra en consid\u00e9ration que les points provenant des deux courses du dimanche.<\/p>\n<p>Une autre mise \u00e0 jour importante concerne le nombre de pilotes MXGP admis \u00e0 un \u00e9v\u00e9nement. Nous allons ouvrir la possibilit\u00e9 de participer \u00e0 plus de 40 pilotes dans la cat\u00e9gorie MXGP. Les pilotes wildcard participeront \u00e0 une s\u00e9ance d&rsquo;essais qualificatifs suppl\u00e9mentaire o\u00f9 les plus rapides pourront rejoindre les pilotes des teams officiellement approuv\u00e9s dans la manche de qualification MXGP. Deux autres pilotes resteront en r\u00e9serve et pourront participer si l&rsquo;un des pilotes qualifi\u00e9s ne peut pas participer.<\/p>\n<p><strong>Paddock Show, frais d&rsquo;inscription r\u00e9duits et aide accrue pour les teams priv\u00e9s<\/strong><\/p>\n<p>En outre, le championnat MXGP pr\u00e9sentera officiellement son tout nouveau Paddock Show, o\u00f9 les fans pourront rencontrer les stars du championnat du monde de motocross FIM 2023 plus pr\u00e8s que jamais. Le paddock show proposera des interviews, des cadeaux, de la musique et bien plus encore. Il donnera aux fans la possibilit\u00e9 de vivre une exp\u00e9rience exclusive dans le paddock pendant tout le week-end. Afin de c\u00e9l\u00e9brer les vainqueurs des courses de qualification, les meilleurs pilotes de qualification ainsi que les d\u00e9tenteurs de plaques rouges feront partie du Paddock Show qui se tiendra le samedi apr\u00e8s les courses.<\/p>\n<p>De plus, afin de soutenir la participation des pilotes en ces temps difficiles, les frais d&rsquo;inscription pr\u00e9vus pour les pilotes wildcard participant aux classes MXGP et MX2 ont \u00e9t\u00e9 consid\u00e9rablement r\u00e9duits, tandis que l&rsquo;allocation de fret pour les \u00e9quipes non-usine participant aux manches outre-mer sera augment\u00e9e pour couvrir tous leurs besoins de transport.<\/p>\n<p>Toutes les courses qualificatives du samedi seront diffus\u00e9es en exclusivit\u00e9 sur MXGP-TV tout au long de la saison.<\/p>\n","protected":false},"excerpt":{"rendered":"<p>Infront Moto Racing et la FIM ont d\u00e9voil\u00e9 ce vendredi les modifications apport\u00e9es au r\u00e8glement du championnat MXGP, telle que approuv\u00e9es par Infront Moto Racing, les constructeurs et la FIM. [&#8230;]<\/p>\n","protected":false},"author":932,"featured_media":119682,"comment_status":"open","ping_status":"closed","sticky":false,"template":"","format":"standard","meta":{"footnotes":""},"categories":[54,4,6,5,55,65],"tags":[947,568],"class_list":["post-122662","post","type-post","status-publish","format-standard","has-post-thumbnail","hentry","category-actualite","category-motocross","category-mx1mx2","category-news","category-news-actualite","category-slideshow","tag-motocross","tag-mxgp"],"yoast_head":"<!-- This site is optimized with the Yoast SEO plugin v27.4 - https:\/\/yoast.com\/product\/yoast-seo-wordpress\/ -->\n<title>Du changement pour le r\u00e8glement MXGP - Motocross - Enduro - Supermoto | MotocrossMag<\/title>\n<meta name=\"robots\" content=\"index, follow, max-snippet:-1, max-image-preview:large, max-video-preview:-1\" \/>\n<link rel=\"canonical\" href=\"https:\/\/fr.motocrossmag.be\/index.php\/2023\/02\/du-changement-pour-le-reglement-mxgp\/\" \/>\n<meta property=\"og:locale\" content=\"fr_FR\" \/>\n<meta property=\"og:type\" content=\"article\" \/>\n<meta property=\"og:title\" content=\"Du changement pour le r\u00e8glement MXGP - Motocross - Enduro - Supermoto | MotocrossMag\" \/>\n<meta property=\"og:description\" content=\"Infront Moto Racing et la FIM ont d\u00e9voil\u00e9 ce vendredi les modifications apport\u00e9es au r\u00e8glement du championnat MXGP, telle que approuv\u00e9es par Infront Moto Racing, les constructeurs et la FIM. [...]\" \/>\n<meta property=\"og:url\" content=\"https:\/\/fr.motocrossmag.be\/index.php\/2023\/02\/du-changement-pour-le-reglement-mxgp\/\" \/>\n<meta property=\"og:site_name\" content=\"Motocross - Enduro - Supermoto | MotocrossMag\" \/>\n<meta property=\"article:published_time\" content=\"2023-02-03T23:17:29+00:00\" \/>\n<meta property=\"og:image\" content=\"https:\/\/fr.motocrossmag.be\/wp-content\/uploads\/2022\/08\/GEERTS-MOTOCROSS-GP-16-FIN-2022.jpg\" \/>\n\t<meta property=\"og:image:width\" content=\"1000\" \/>\n\t<meta property=\"og:image:height\" content=\"665\" \/>\n\t<meta property=\"og:image:type\" content=\"image\/jpeg\" \/>\n<meta name=\"author\" content=\"oliviere\" \/>\n<meta name=\"twitter:card\" content=\"summary_large_image\" \/>\n<meta name=\"twitter:label1\" content=\"\u00c9crit par\" \/>\n\t<meta name=\"twitter:data1\" content=\"oliviere\" \/>\n\t<meta name=\"twitter:label2\" content=\"Dur\u00e9e de lecture estim\u00e9e\" \/>\n\t<meta name=\"twitter:data2\" content=\"2 minutes\" \/>\n<script type=\"application\/ld+json\" class=\"yoast-schema-graph\">{\"@context\":\"https:\\\/\\\/schema.org\",\"@graph\":[{\"@type\":\"Article\",\"@id\":\"https:\\\/\\\/fr.motocrossmag.be\\\/index.php\\\/2023\\\/02\\\/du-changement-pour-le-reglement-mxgp\\\/#article\",\"isPartOf\":{\"@id\":\"https:\\\/\\\/fr.motocrossmag.be\\\/index.php\\\/2023\\\/02\\\/du-changement-pour-le-reglement-mxgp\\\/\"},\"author\":{\"name\":\"oliviere\",\"@id\":\"https:\\\/\\\/fr.motocrossmag.be\\\/#\\\/schema\\\/person\\\/11b47143d9f755babca2c9110e03235c\"},\"headline\":\"Du changement pour le r\u00e8glement MXGP\",\"datePublished\":\"2023-02-03T23:17:29+00:00\",\"mainEntityOfPage\":{\"@id\":\"https:\\\/\\\/fr.motocrossmag.be\\\/index.php\\\/2023\\\/02\\\/du-changement-pour-le-reglement-mxgp\\\/\"},\"wordCount\":444,\"commentCount\":0,\"image\":{\"@id\":\"https:\\\/\\\/fr.motocrossmag.be\\\/index.php\\\/2023\\\/02\\\/du-changement-pour-le-reglement-mxgp\\\/#primaryimage\"},\"thumbnailUrl\":\"https:\\\/\\\/fr.motocrossmag.be\\\/wp-content\\\/uploads\\\/2022\\\/08\\\/GEERTS-MOTOCROSS-GP-16-FIN-2022.jpg\",\"keywords\":[\"Motocross\",\"MXGP\"],\"articleSection\":[\"Actualit\u00e9\",\"Motocross\",\"Motocross MXGP\",\"News\",\"News\",\"Slideshow\"],\"inLanguage\":\"fr-FR\",\"potentialAction\":[{\"@type\":\"CommentAction\",\"name\":\"Comment\",\"target\":[\"https:\\\/\\\/fr.motocrossmag.be\\\/index.php\\\/2023\\\/02\\\/du-changement-pour-le-reglement-mxgp\\\/#respond\"]}]},{\"@type\":\"WebPage\",\"@id\":\"https:\\\/\\\/fr.motocrossmag.be\\\/index.php\\\/2023\\\/02\\\/du-changement-pour-le-reglement-mxgp\\\/\",\"url\":\"https:\\\/\\\/fr.motocrossmag.be\\\/index.php\\\/2023\\\/02\\\/du-changement-pour-le-reglement-mxgp\\\/\",\"name\":\"Du changement pour le r\u00e8glement MXGP - Motocross - Enduro - Supermoto | MotocrossMag\",\"isPartOf\":{\"@id\":\"https:\\\/\\\/fr.motocrossmag.be\\\/#website\"},\"primaryImageOfPage\":{\"@id\":\"https:\\\/\\\/fr.motocrossmag.be\\\/index.php\\\/2023\\\/02\\\/du-changement-pour-le-reglement-mxgp\\\/#primaryimage\"},\"image\":{\"@id\":\"https:\\\/\\\/fr.motocrossmag.be\\\/index.php\\\/2023\\\/02\\\/du-changement-pour-le-reglement-mxgp\\\/#primaryimage\"},\"thumbnailUrl\":\"https:\\\/\\\/fr.motocrossmag.be\\\/wp-content\\\/uploads\\\/2022\\\/08\\\/GEERTS-MOTOCROSS-GP-16-FIN-2022.jpg\",\"datePublished\":\"2023-02-03T23:17:29+00:00\",\"author\":{\"@id\":\"https:\\\/\\\/fr.motocrossmag.be\\\/#\\\/schema\\\/person\\\/11b47143d9f755babca2c9110e03235c\"},\"breadcrumb\":{\"@id\":\"https:\\\/\\\/fr.motocrossmag.be\\\/index.php\\\/2023\\\/02\\\/du-changement-pour-le-reglement-mxgp\\\/#breadcrumb\"},\"inLanguage\":\"fr-FR\",\"potentialAction\":[{\"@type\":\"ReadAction\",\"target\":[\"https:\\\/\\\/fr.motocrossmag.be\\\/index.php\\\/2023\\\/02\\\/du-changement-pour-le-reglement-mxgp\\\/\"]}]},{\"@type\":\"ImageObject\",\"inLanguage\":\"fr-FR\",\"@id\":\"https:\\\/\\\/fr.motocrossmag.be\\\/index.php\\\/2023\\\/02\\\/du-changement-pour-le-reglement-mxgp\\\/#primaryimage\",\"url\":\"https:\\\/\\\/fr.motocrossmag.be\\\/wp-content\\\/uploads\\\/2022\\\/08\\\/GEERTS-MOTOCROSS-GP-16-FIN-2022.jpg\",\"contentUrl\":\"https:\\\/\\\/fr.motocrossmag.be\\\/wp-content\\\/uploads\\\/2022\\\/08\\\/GEERTS-MOTOCROSS-GP-16-FIN-2022.jpg\",\"width\":\"1000\",\"height\":\"665\"},{\"@type\":\"BreadcrumbList\",\"@id\":\"https:\\\/\\\/fr.motocrossmag.be\\\/index.php\\\/2023\\\/02\\\/du-changement-pour-le-reglement-mxgp\\\/#breadcrumb\",\"itemListElement\":[{\"@type\":\"ListItem\",\"position\":1,\"name\":\"Accueil\",\"item\":\"https:\\\/\\\/fr.motocrossmag.be\\\/\"},{\"@type\":\"ListItem\",\"position\":2,\"name\":\"Du changement pour le r\u00e8glement MXGP\"}]},{\"@type\":\"WebSite\",\"@id\":\"https:\\\/\\\/fr.motocrossmag.be\\\/#website\",\"url\":\"https:\\\/\\\/fr.motocrossmag.be\\\/\",\"name\":\"Motocross - Enduro - Supermoto | MotocrossMag\",\"description\":\"L&#039;actualit\u00e9 du motocross, de l&#039;enduro et du Supermoto en ligne!\",\"potentialAction\":[{\"@type\":\"SearchAction\",\"target\":{\"@type\":\"EntryPoint\",\"urlTemplate\":\"https:\\\/\\\/fr.motocrossmag.be\\\/?s={search_term_string}\"},\"query-input\":{\"@type\":\"PropertyValueSpecification\",\"valueRequired\":true,\"valueName\":\"search_term_string\"}}],\"inLanguage\":\"fr-FR\"},{\"@type\":\"Person\",\"@id\":\"https:\\\/\\\/fr.motocrossmag.be\\\/#\\\/schema\\\/person\\\/11b47143d9f755babca2c9110e03235c\",\"name\":\"oliviere\",\"image\":{\"@type\":\"ImageObject\",\"inLanguage\":\"fr-FR\",\"@id\":\"https:\\\/\\\/secure.gravatar.com\\\/avatar\\\/907069e0b81d119452040469e4a7501da1100f54f7f80180ce77bfab718288f6?s=96&d=mm&r=g\",\"url\":\"https:\\\/\\\/secure.gravatar.com\\\/avatar\\\/907069e0b81d119452040469e4a7501da1100f54f7f80180ce77bfab718288f6?s=96&d=mm&r=g\",\"contentUrl\":\"https:\\\/\\\/secure.gravatar.com\\\/avatar\\\/907069e0b81d119452040469e4a7501da1100f54f7f80180ce77bfab718288f6?s=96&d=mm&r=g\",\"caption\":\"oliviere\"},\"sameAs\":[\"http:\\\/\\\/www.motocrossmag.be\"],\"url\":\"https:\\\/\\\/fr.motocrossmag.be\\\/index.php\\\/author\\\/oliviere\\\/\"}]}<\/script>\n<!-- \/ Yoast SEO plugin. -->","yoast_head_json":{"title":"Du changement pour le r\u00e8glement MXGP - Motocross - Enduro - Supermoto | MotocrossMag","robots":{"index":"index","follow":"follow","max-snippet":"max-snippet:-1","max-image-preview":"max-image-preview:large","max-video-preview":"max-video-preview:-1"},"canonical":"https:\/\/fr.motocrossmag.be\/index.php\/2023\/02\/du-changement-pour-le-reglement-mxgp\/","og_locale":"fr_FR","og_type":"article","og_title":"Du changement pour le r\u00e8glement MXGP - Motocross - Enduro - Supermoto | MotocrossMag","og_description":"Infront Moto Racing et la FIM ont d\u00e9voil\u00e9 ce vendredi les modifications apport\u00e9es au r\u00e8glement du championnat MXGP, telle que approuv\u00e9es par Infront Moto Racing, les constructeurs et la FIM. [...]","og_url":"https:\/\/fr.motocrossmag.be\/index.php\/2023\/02\/du-changement-pour-le-reglement-mxgp\/","og_site_name":"Motocross - Enduro - Supermoto | MotocrossMag","article_published_time":"2023-02-03T23:17:29+00:00","og_image":[{"width":1000,"height":665,"url":"https:\/\/fr.motocrossmag.be\/wp-content\/uploads\/2022\/08\/GEERTS-MOTOCROSS-GP-16-FIN-2022.jpg","type":"image\/jpeg"}],"author":"oliviere","twitter_card":"summary_large_image","twitter_misc":{"\u00c9crit par":"oliviere","Dur\u00e9e de lecture estim\u00e9e":"2 minutes"},"schema":{"@context":"https:\/\/schema.org","@graph":[{"@type":"Article","@id":"https:\/\/fr.motocrossmag.be\/index.php\/2023\/02\/du-changement-pour-le-reglement-mxgp\/#article","isPartOf":{"@id":"https:\/\/fr.motocrossmag.be\/index.php\/2023\/02\/du-changement-pour-le-reglement-mxgp\/"},"author":{"name":"oliviere","@id":"https:\/\/fr.motocrossmag.be\/#\/schema\/person\/11b47143d9f755babca2c9110e03235c"},"headline":"Du changement pour le r\u00e8glement MXGP","datePublished":"2023-02-03T23:17:29+00:00","mainEntityOfPage":{"@id":"https:\/\/fr.motocrossmag.be\/index.php\/2023\/02\/du-changement-pour-le-reglement-mxgp\/"},"wordCount":444,"commentCount":0,"image":{"@id":"https:\/\/fr.motocrossmag.be\/index.php\/2023\/02\/du-changement-pour-le-reglement-mxgp\/#primaryimage"},"thumbnailUrl":"https:\/\/fr.motocrossmag.be\/wp-content\/uploads\/2022\/08\/GEERTS-MOTOCROSS-GP-16-FIN-2022.jpg","keywords":["Motocross","MXGP"],"articleSection":["Actualit\u00e9","Motocross","Motocross MXGP","News","News","Slideshow"],"inLanguage":"fr-FR","potentialAction":[{"@type":"CommentAction","name":"Comment","target":["https:\/\/fr.motocrossmag.be\/index.php\/2023\/02\/du-changement-pour-le-reglement-mxgp\/#respond"]}]},{"@type":"WebPage","@id":"https:\/\/fr.motocrossmag.be\/index.php\/2023\/02\/du-changement-pour-le-reglement-mxgp\/","url":"https:\/\/fr.motocrossmag.be\/index.php\/2023\/02\/du-changement-pour-le-reglement-mxgp\/","name":"Du changement pour le r\u00e8glement MXGP - Motocross - Enduro - Supermoto | MotocrossMag","isPartOf":{"@id":"https:\/\/fr.motocrossmag.be\/#website"},"primaryImageOfPage":{"@id":"https:\/\/fr.motocrossmag.be\/index.php\/2023\/02\/du-changement-pour-le-reglement-mxgp\/#primaryimage"},"image":{"@id":"https:\/\/fr.motocrossmag.be\/index.php\/2023\/02\/du-changement-pour-le-reglement-mxgp\/#primaryimage"},"thumbnailUrl":"https:\/\/fr.motocrossmag.be\/wp-content\/uploads\/2022\/08\/GEERTS-MOTOCROSS-GP-16-FIN-2022.jpg","datePublished":"2023-02-03T23:17:29+00:00","author":{"@id":"https:\/\/fr.motocrossmag.be\/#\/schema\/person\/11b47143d9f755babca2c9110e03235c"},"breadcrumb":{"@id":"https:\/\/fr.motocrossmag.be\/index.php\/2023\/02\/du-changement-pour-le-reglement-mxgp\/#breadcrumb"},"inLanguage":"fr-FR","potentialAction":[{"@type":"ReadAction","target":["https:\/\/fr.motocrossmag.be\/index.php\/2023\/02\/du-changement-pour-le-reglement-mxgp\/"]}]},{"@type":"ImageObject","inLanguage":"fr-FR","@id":"https:\/\/fr.motocrossmag.be\/index.php\/2023\/02\/du-changement-pour-le-reglement-mxgp\/#primaryimage","url":"https:\/\/fr.motocrossmag.be\/wp-content\/uploads\/2022\/08\/GEERTS-MOTOCROSS-GP-16-FIN-2022.jpg","contentUrl":"https:\/\/fr.motocrossmag.be\/wp-content\/uploads\/2022\/08\/GEERTS-MOTOCROSS-GP-16-FIN-2022.jpg","width":"1000","height":"665"},{"@type":"BreadcrumbList","@id":"https:\/\/fr.motocrossmag.be\/index.php\/2023\/02\/du-changement-pour-le-reglement-mxgp\/#breadcrumb","itemListElement":[{"@type":"ListItem","position":1,"name":"Accueil","item":"https:\/\/fr.motocrossmag.be\/"},{"@type":"ListItem","position":2,"name":"Du changement pour le r\u00e8glement MXGP"}]},{"@type":"WebSite","@id":"https:\/\/fr.motocrossmag.be\/#website","url":"https:\/\/fr.motocrossmag.be\/","name":"Motocross - Enduro - Supermoto | MotocrossMag","description":"L&#039;actualit\u00e9 du motocross, de l&#039;enduro et du Supermoto en ligne!","potentialAction":[{"@type":"SearchAction","target":{"@type":"EntryPoint","urlTemplate":"https:\/\/fr.motocrossmag.be\/?s={search_term_string}"},"query-input":{"@type":"PropertyValueSpecification","valueRequired":true,"valueName":"search_term_string"}}],"inLanguage":"fr-FR"},{"@type":"Person","@id":"https:\/\/fr.motocrossmag.be\/#\/schema\/person\/11b47143d9f755babca2c9110e03235c","name":"oliviere","image":{"@type":"ImageObject","inLanguage":"fr-FR","@id":"https:\/\/secure.gravatar.com\/avatar\/907069e0b81d119452040469e4a7501da1100f54f7f80180ce77bfab718288f6?s=96&d=mm&r=g","url":"https:\/\/secure.gravatar.com\/avatar\/907069e0b81d119452040469e4a7501da1100f54f7f80180ce77bfab718288f6?s=96&d=mm&r=g","contentUrl":"https:\/\/secure.gravatar.com\/avatar\/907069e0b81d119452040469e4a7501da1100f54f7f80180ce77bfab718288f6?s=96&d=mm&r=g","caption":"oliviere"},"sameAs":["http:\/\/www.motocrossmag.be"],"url":"https:\/\/fr.motocrossmag.be\/index.php\/author\/oliviere\/"}]}},"_links":{"self":[{"href":"https:\/\/fr.motocrossmag.be\/index.php\/wp-json\/wp\/v2\/posts\/122662","targetHints":{"allow":["GET"]}}],"collection":[{"href":"https:\/\/fr.motocrossmag.be\/index.php\/wp-json\/wp\/v2\/posts"}],"about":[{"href":"https:\/\/fr.motocrossmag.be\/index.php\/wp-json\/wp\/v2\/types\/post"}],"author":[{"embeddable":true,"href":"https:\/\/fr.motocrossmag.be\/index.php\/wp-json\/wp\/v2\/users\/932"}],"replies":[{"embeddable":true,"href":"https:\/\/fr.motocrossmag.be\/index.php\/wp-json\/wp\/v2\/comments?post=122662"}],"version-history":[{"count":0,"href":"https:\/\/fr.motocrossmag.be\/index.php\/wp-json\/wp\/v2\/posts\/122662\/revisions"}],"wp:featuredmedia":[{"embeddable":true,"href":"https:\/\/fr.motocrossmag.be\/index.php\/wp-json\/wp\/v2\/media\/119682"}],"wp:attachment":[{"href":"https:\/\/fr.motocrossmag.be\/index.php\/wp-json\/wp\/v2\/media?parent=122662"}],"wp:term":[{"taxonomy":"category","embeddable":true,"href":"https:\/\/fr.motocrossmag.be\/index.php\/wp-json\/wp\/v2\/categories?post=122662"},{"taxonomy":"post_tag","embeddable":true,"href":"https:\/\/fr.motocrossmag.be\/index.php\/wp-json\/wp\/v2\/tags?post=122662"}],"curies":[{"name":"wp","href":"https:\/\/api.w.org\/{rel}","templated":true}]}}