{"id":122733,"date":"2023-02-05T23:40:10","date_gmt":"2023-02-05T22:40:10","guid":{"rendered":"http:\/\/fr.motocrossmag.be\/?p=122733"},"modified":"2023-02-05T23:41:39","modified_gmt":"2023-02-05T22:41:39","slug":"la-ktm-250sx-f-factory-de-liam-everts-sous-toutes-les-coutures","status":"publish","type":"post","link":"https:\/\/fr.motocrossmag.be\/index.php\/2023\/02\/la-ktm-250sx-f-factory-de-liam-everts-sous-toutes-les-coutures\/","title":{"rendered":"La KTM 250SX-F Factory de Liam Everts sous toutes les coutures"},"content":{"rendered":"<p><strong>Cette saison, Liam Everts pilotera pour la premi\u00e8re fois de sa carri\u00e8re une machine officielle. Et pas n&rsquo;importe laquelle puisqu&rsquo;il s&rsquo;agit de la redoutable KTM 250 SX-F Factory, la plus titr\u00e9e des machines sur le championnat du monde MX2, championne du monde en titre aux mains de Tom Vialle. On admire la b\u00eate sous tous les angles et dans les moindres d\u00e9tails&#8230;<\/strong><\/p>\n<div class=\"rgg-container\" data-rgg-id=\"1\">    <div class=\"rgg-imagegrid captions-title captions-effect-none \" data-rgg-id=\"1\">\n                    <a data-rel=\"iLightbox[postimages]\" data-title=\"494649_Everts_KTM_Factory_2023_JPA_22A0120zz_Upload Temporary_Team Shooting RB KTM MX 2023\" data-caption=\"\" href=\"https:\/\/fr.motocrossmag.be\/wp-content\/uploads\/2023\/02\/494649_Everts_KTM_Factory_2023_JPA_22A0120zz_Upload-Temporary_Team-Shooting-RB-KTM-MX-2023.jpg\" data-rel=\"rgg\" rel=\"rgg\" title=\"\" class=\"rgg-disabled size-medium rgg-img\" data-src=\"https:\/\/fr.motocrossmag.be\/wp-content\/uploads\/2023\/02\/494649_Everts_KTM_Factory_2023_JPA_22A0120zz_Upload-Temporary_Team-Shooting-RB-KTM-MX-2023-533x800.jpg\" data-ratio=\"0.66625\" data-height=\"800\" data-width=\"533\" aria-label=\"\">\n                            <\/a>\n                    <a data-rel=\"iLightbox[postimages]\" data-title=\"494660_Everts_KTM_Factory_2023_JPA_96A4239_Upload Temporary_Team Shooting RB KTM MX 2023\" data-caption=\"\" href=\"https:\/\/fr.motocrossmag.be\/wp-content\/uploads\/2023\/02\/494660_Everts_KTM_Factory_2023_JPA_96A4239_Upload-Temporary_Team-Shooting-RB-KTM-MX-2023.jpg\" data-rel=\"rgg\" rel=\"rgg\" title=\"\" class=\"rgg-disabled size-medium rgg-img\" data-src=\"https:\/\/fr.motocrossmag.be\/wp-content\/uploads\/2023\/02\/494660_Everts_KTM_Factory_2023_JPA_96A4239_Upload-Temporary_Team-Shooting-RB-KTM-MX-2023-650x433.jpg\" data-ratio=\"1.5011547344111\" data-height=\"433\" data-width=\"650\" aria-label=\"\">\n                            <\/a>\n                    <a data-rel=\"iLightbox[postimages]\" data-title=\"494658_Everts_KTM_Factory_2023_JPA_96A4229_Upload Temporary_Team Shooting RB KTM MX 2023\" data-caption=\"\" href=\"https:\/\/fr.motocrossmag.be\/wp-content\/uploads\/2023\/02\/494658_Everts_KTM_Factory_2023_JPA_96A4229_Upload-Temporary_Team-Shooting-RB-KTM-MX-2023.jpg\" data-rel=\"rgg\" rel=\"rgg\" title=\"\" class=\"rgg-disabled size-medium rgg-img\" data-src=\"https:\/\/fr.motocrossmag.be\/wp-content\/uploads\/2023\/02\/494658_Everts_KTM_Factory_2023_JPA_96A4229_Upload-Temporary_Team-Shooting-RB-KTM-MX-2023-650x433.jpg\" data-ratio=\"1.5011547344111\" data-height=\"433\" data-width=\"650\" aria-label=\"\">\n                            <\/a>\n                    <a data-rel=\"iLightbox[postimages]\" data-title=\"494657_Everts_KTM_Factory_2023_JPA_96A4227_Upload Temporary_Team Shooting RB KTM MX 2023\" data-caption=\"\" href=\"https:\/\/fr.motocrossmag.be\/wp-content\/uploads\/2023\/02\/494657_Everts_KTM_Factory_2023_JPA_96A4227_Upload-Temporary_Team-Shooting-RB-KTM-MX-2023.jpg\" data-rel=\"rgg\" rel=\"rgg\" title=\"\" class=\"rgg-disabled size-medium rgg-img\" data-src=\"https:\/\/fr.motocrossmag.be\/wp-content\/uploads\/2023\/02\/494657_Everts_KTM_Factory_2023_JPA_96A4227_Upload-Temporary_Team-Shooting-RB-KTM-MX-2023-650x433.jpg\" data-ratio=\"1.5011547344111\" data-height=\"433\" data-width=\"650\" aria-label=\"\">\n                            <\/a>\n                    <a data-rel=\"iLightbox[postimages]\" data-title=\"494656_Everts_KTM_Factory_2023_JPA_96A4213_Upload Temporary_Team Shooting RB KTM MX 2023\" data-caption=\"\" href=\"https:\/\/fr.motocrossmag.be\/wp-content\/uploads\/2023\/02\/494656_Everts_KTM_Factory_2023_JPA_96A4213_Upload-Temporary_Team-Shooting-RB-KTM-MX-2023.jpg\" data-rel=\"rgg\" rel=\"rgg\" title=\"\" class=\"rgg-disabled size-medium rgg-img\" data-src=\"https:\/\/fr.motocrossmag.be\/wp-content\/uploads\/2023\/02\/494656_Everts_KTM_Factory_2023_JPA_96A4213_Upload-Temporary_Team-Shooting-RB-KTM-MX-2023-650x433.jpg\" data-ratio=\"1.5011547344111\" data-height=\"433\" data-width=\"650\" aria-label=\"\">\n                            <\/a>\n                    <a data-rel=\"iLightbox[postimages]\" data-title=\"494654_Everts_KTM_Factory_2023_JPA_96A4206_Upload Temporary_Team Shooting RB KTM MX 2023\" data-caption=\"\" href=\"https:\/\/fr.motocrossmag.be\/wp-content\/uploads\/2023\/02\/494654_Everts_KTM_Factory_2023_JPA_96A4206_Upload-Temporary_Team-Shooting-RB-KTM-MX-2023.jpg\" data-rel=\"rgg\" rel=\"rgg\" title=\"\" class=\"rgg-disabled size-medium rgg-img\" data-src=\"https:\/\/fr.motocrossmag.be\/wp-content\/uploads\/2023\/02\/494654_Everts_KTM_Factory_2023_JPA_96A4206_Upload-Temporary_Team-Shooting-RB-KTM-MX-2023-650x433.jpg\" data-ratio=\"1.5011547344111\" data-height=\"433\" data-width=\"650\" aria-label=\"\">\n                            <\/a>\n                    <a data-rel=\"iLightbox[postimages]\" data-title=\"494653_Everts_KTM_Factory_2023_JPA_96A4203_Upload Temporary_Team Shooting RB KTM MX 2023\" data-caption=\"\" href=\"https:\/\/fr.motocrossmag.be\/wp-content\/uploads\/2023\/02\/494653_Everts_KTM_Factory_2023_JPA_96A4203_Upload-Temporary_Team-Shooting-RB-KTM-MX-2023.jpg\" data-rel=\"rgg\" rel=\"rgg\" title=\"\" class=\"rgg-disabled size-medium rgg-img\" data-src=\"https:\/\/fr.motocrossmag.be\/wp-content\/uploads\/2023\/02\/494653_Everts_KTM_Factory_2023_JPA_96A4203_Upload-Temporary_Team-Shooting-RB-KTM-MX-2023-650x433.jpg\" data-ratio=\"1.5011547344111\" data-height=\"433\" data-width=\"650\" aria-label=\"\">\n                            <\/a>\n                    <a data-rel=\"iLightbox[postimages]\" data-title=\"494652_Everts_KTM_Factory_2023_JPA_22A0176_Upload Temporary_Team Shooting RB KTM MX 2023\" data-caption=\"\" href=\"https:\/\/fr.motocrossmag.be\/wp-content\/uploads\/2023\/02\/494652_Everts_KTM_Factory_2023_JPA_22A0176_Upload-Temporary_Team-Shooting-RB-KTM-MX-2023.jpg\" data-rel=\"rgg\" rel=\"rgg\" title=\"\" class=\"rgg-disabled size-medium rgg-img\" data-src=\"https:\/\/fr.motocrossmag.be\/wp-content\/uploads\/2023\/02\/494652_Everts_KTM_Factory_2023_JPA_22A0176_Upload-Temporary_Team-Shooting-RB-KTM-MX-2023-533x800.jpg\" data-ratio=\"0.66625\" data-height=\"800\" data-width=\"533\" aria-label=\"\">\n                            <\/a>\n                    <a data-rel=\"iLightbox[postimages]\" data-title=\"494650_Everts_KTM_Factory_2023_JPA_22A0142_Upload Temporary_Team Shooting RB KTM MX 2023\" data-caption=\"\" href=\"https:\/\/fr.motocrossmag.be\/wp-content\/uploads\/2023\/02\/494650_Everts_KTM_Factory_2023_JPA_22A0142_Upload-Temporary_Team-Shooting-RB-KTM-MX-2023.jpg\" data-rel=\"rgg\" rel=\"rgg\" title=\"\" class=\"rgg-disabled size-medium rgg-img\" data-src=\"https:\/\/fr.motocrossmag.be\/wp-content\/uploads\/2023\/02\/494650_Everts_KTM_Factory_2023_JPA_22A0142_Upload-Temporary_Team-Shooting-RB-KTM-MX-2023-533x800.jpg\" data-ratio=\"0.66625\" data-height=\"800\" data-width=\"533\" aria-label=\"\">\n                            <\/a>\n                    <a data-rel=\"iLightbox[postimages]\" data-title=\"494598_Everts_KTM_Factory_2023_JPA_22A0161_Upload Temporary_Team Shooting RB KTM MX 2023\" data-caption=\"\" href=\"https:\/\/fr.motocrossmag.be\/wp-content\/uploads\/2023\/02\/494598_Everts_KTM_Factory_2023_JPA_22A0161_Upload-Temporary_Team-Shooting-RB-KTM-MX-2023.jpg\" data-rel=\"rgg\" rel=\"rgg\" title=\"\" class=\"rgg-disabled size-medium rgg-img\" data-src=\"https:\/\/fr.motocrossmag.be\/wp-content\/uploads\/2023\/02\/494598_Everts_KTM_Factory_2023_JPA_22A0161_Upload-Temporary_Team-Shooting-RB-KTM-MX-2023-650x433.jpg\" data-ratio=\"1.5011547344111\" data-height=\"433\" data-width=\"650\" aria-label=\"\">\n                            <\/a>\n                    <a data-rel=\"iLightbox[postimages]\" data-title=\"494597_Everts_KTM_Factory_2023_JPA_22A0137_Upload Temporary_Team Shooting RB KTM MX 2023\" data-caption=\"\" href=\"https:\/\/fr.motocrossmag.be\/wp-content\/uploads\/2023\/02\/494597_Everts_KTM_Factory_2023_JPA_22A0137_Upload-Temporary_Team-Shooting-RB-KTM-MX-2023.jpg\" data-rel=\"rgg\" rel=\"rgg\" title=\"\" class=\"rgg-disabled size-medium rgg-img\" data-src=\"https:\/\/fr.motocrossmag.be\/wp-content\/uploads\/2023\/02\/494597_Everts_KTM_Factory_2023_JPA_22A0137_Upload-Temporary_Team-Shooting-RB-KTM-MX-2023-650x433.jpg\" data-ratio=\"1.5011547344111\" data-height=\"433\" data-width=\"650\" aria-label=\"\">\n                            <\/a>\n                    <a data-rel=\"iLightbox[postimages]\" data-title=\"494596_Everts_KTM_Factory_2023_JPA_22A0130_Upload Temporary_Team Shooting RB KTM MX 2023\" data-caption=\"\" href=\"https:\/\/fr.motocrossmag.be\/wp-content\/uploads\/2023\/02\/494596_Everts_KTM_Factory_2023_JPA_22A0130_Upload-Temporary_Team-Shooting-RB-KTM-MX-2023.jpg\" data-rel=\"rgg\" rel=\"rgg\" title=\"\" class=\"rgg-disabled size-medium rgg-img\" data-src=\"https:\/\/fr.motocrossmag.be\/wp-content\/uploads\/2023\/02\/494596_Everts_KTM_Factory_2023_JPA_22A0130_Upload-Temporary_Team-Shooting-RB-KTM-MX-2023-650x433.jpg\" data-ratio=\"1.5011547344111\" data-height=\"433\" data-width=\"650\" aria-label=\"\">\n                            <\/a>\n                    <a data-rel=\"iLightbox[postimages]\" data-title=\"494595_Everts_KTM_Factory_2023_JPA_22A0126_Upload Temporary_Team Shooting RB KTM MX 2023\" data-caption=\"\" href=\"https:\/\/fr.motocrossmag.be\/wp-content\/uploads\/2023\/02\/494595_Everts_KTM_Factory_2023_JPA_22A0126_Upload-Temporary_Team-Shooting-RB-KTM-MX-2023.jpg\" data-rel=\"rgg\" rel=\"rgg\" title=\"\" class=\"rgg-disabled size-medium rgg-img\" data-src=\"https:\/\/fr.motocrossmag.be\/wp-content\/uploads\/2023\/02\/494595_Everts_KTM_Factory_2023_JPA_22A0126_Upload-Temporary_Team-Shooting-RB-KTM-MX-2023-650x433.jpg\" data-ratio=\"1.5011547344111\" data-height=\"433\" data-width=\"650\" aria-label=\"\">\n                            <\/a>\n                    <a data-rel=\"iLightbox[postimages]\" data-title=\"494594_Everts_KTM_Factory_2023_JPA_22A0112_Upload Temporary_Team Shooting RB KTM MX 2023\" data-caption=\"\" href=\"https:\/\/fr.motocrossmag.be\/wp-content\/uploads\/2023\/02\/494594_Everts_KTM_Factory_2023_JPA_22A0112_Upload-Temporary_Team-Shooting-RB-KTM-MX-2023.jpg\" data-rel=\"rgg\" rel=\"rgg\" title=\"\" class=\"rgg-disabled size-medium rgg-img\" data-src=\"https:\/\/fr.motocrossmag.be\/wp-content\/uploads\/2023\/02\/494594_Everts_KTM_Factory_2023_JPA_22A0112_Upload-Temporary_Team-Shooting-RB-KTM-MX-2023-650x433.jpg\" data-ratio=\"1.5011547344111\" data-height=\"433\" data-width=\"650\" aria-label=\"\">\n                            <\/a>\n                    <a data-rel=\"iLightbox[postimages]\" data-title=\"494593_Everts_KTM_Factory_2023_JPA_22A0110_Upload Temporary_Team Shooting RB KTM MX 2023\" data-caption=\"\" href=\"https:\/\/fr.motocrossmag.be\/wp-content\/uploads\/2023\/02\/494593_Everts_KTM_Factory_2023_JPA_22A0110_Upload-Temporary_Team-Shooting-RB-KTM-MX-2023.jpg\" data-rel=\"rgg\" rel=\"rgg\" title=\"\" class=\"rgg-disabled size-medium rgg-img\" data-src=\"https:\/\/fr.motocrossmag.be\/wp-content\/uploads\/2023\/02\/494593_Everts_KTM_Factory_2023_JPA_22A0110_Upload-Temporary_Team-Shooting-RB-KTM-MX-2023-650x433.jpg\" data-ratio=\"1.5011547344111\" data-height=\"433\" data-width=\"650\" aria-label=\"\">\n                            <\/a>\n                    <a data-rel=\"iLightbox[postimages]\" data-title=\"494592_Everts_KTM_Factory_2023_JPA_22A0108_Upload Temporary_Team Shooting RB KTM MX 2023\" data-caption=\"\" href=\"https:\/\/fr.motocrossmag.be\/wp-content\/uploads\/2023\/02\/494592_Everts_KTM_Factory_2023_JPA_22A0108_Upload-Temporary_Team-Shooting-RB-KTM-MX-2023.jpg\" data-rel=\"rgg\" rel=\"rgg\" title=\"\" class=\"rgg-disabled size-medium rgg-img\" data-src=\"https:\/\/fr.motocrossmag.be\/wp-content\/uploads\/2023\/02\/494592_Everts_KTM_Factory_2023_JPA_22A0108_Upload-Temporary_Team-Shooting-RB-KTM-MX-2023-650x433.jpg\" data-ratio=\"1.5011547344111\" data-height=\"433\" data-width=\"650\" aria-label=\"\">\n                            <\/a>\n                    <a data-rel=\"iLightbox[postimages]\" data-title=\"494591_Everts_KTM_Factory_2023_JPA_22A0106_Upload Temporary_Team Shooting RB KTM MX 2023\" data-caption=\"\" href=\"https:\/\/fr.motocrossmag.be\/wp-content\/uploads\/2023\/02\/494591_Everts_KTM_Factory_2023_JPA_22A0106_Upload-Temporary_Team-Shooting-RB-KTM-MX-2023.jpg\" data-rel=\"rgg\" rel=\"rgg\" title=\"\" class=\"rgg-disabled size-medium rgg-img\" data-src=\"https:\/\/fr.motocrossmag.be\/wp-content\/uploads\/2023\/02\/494591_Everts_KTM_Factory_2023_JPA_22A0106_Upload-Temporary_Team-Shooting-RB-KTM-MX-2023-650x433.jpg\" data-ratio=\"1.5011547344111\" data-height=\"433\" data-width=\"650\" aria-label=\"\">\n                            <\/a>\n                    <a data-rel=\"iLightbox[postimages]\" data-title=\"494590_Everts_KTM_Factory_2023_JPA_22A0103_Upload Temporary_Team Shooting RB KTM MX 2023\" data-caption=\"\" href=\"https:\/\/fr.motocrossmag.be\/wp-content\/uploads\/2023\/02\/494590_Everts_KTM_Factory_2023_JPA_22A0103_Upload-Temporary_Team-Shooting-RB-KTM-MX-2023.jpg\" data-rel=\"rgg\" rel=\"rgg\" title=\"\" class=\"rgg-disabled size-medium rgg-img\" data-src=\"https:\/\/fr.motocrossmag.be\/wp-content\/uploads\/2023\/02\/494590_Everts_KTM_Factory_2023_JPA_22A0103_Upload-Temporary_Team-Shooting-RB-KTM-MX-2023-650x433.jpg\" data-ratio=\"1.5011547344111\" data-height=\"433\" data-width=\"650\" aria-label=\"\">\n                            <\/a>\n                    <a data-rel=\"iLightbox[postimages]\" data-title=\"494589_Everts_KTM_Factory_2023_JPA_22A0102_Upload Temporary_Team Shooting RB KTM MX 2023\" data-caption=\"\" href=\"https:\/\/fr.motocrossmag.be\/wp-content\/uploads\/2023\/02\/494589_Everts_KTM_Factory_2023_JPA_22A0102_Upload-Temporary_Team-Shooting-RB-KTM-MX-2023.jpg\" data-rel=\"rgg\" rel=\"rgg\" title=\"\" class=\"rgg-disabled size-medium rgg-img\" data-src=\"https:\/\/fr.motocrossmag.be\/wp-content\/uploads\/2023\/02\/494589_Everts_KTM_Factory_2023_JPA_22A0102_Upload-Temporary_Team-Shooting-RB-KTM-MX-2023-650x433.jpg\" data-ratio=\"1.5011547344111\" data-height=\"433\" data-width=\"650\" aria-label=\"\">\n                            <\/a>\n                    <a data-rel=\"iLightbox[postimages]\" data-title=\"494588_Everts_KTM_Factory_2023_JPA_22A0101_Upload Temporary_Team Shooting RB KTM MX 2023\" data-caption=\"\" href=\"https:\/\/fr.motocrossmag.be\/wp-content\/uploads\/2023\/02\/494588_Everts_KTM_Factory_2023_JPA_22A0101_Upload-Temporary_Team-Shooting-RB-KTM-MX-2023.jpg\" data-rel=\"rgg\" rel=\"rgg\" title=\"\" class=\"rgg-disabled size-medium rgg-img\" data-src=\"https:\/\/fr.motocrossmag.be\/wp-content\/uploads\/2023\/02\/494588_Everts_KTM_Factory_2023_JPA_22A0101_Upload-Temporary_Team-Shooting-RB-KTM-MX-2023-650x433.jpg\" data-ratio=\"1.5011547344111\" data-height=\"433\" data-width=\"650\" aria-label=\"\">\n                            <\/a>\n                    <a data-rel=\"iLightbox[postimages]\" data-title=\"494587_Everts_KTM_Factory_2023_JPA_22A0100_Upload Temporary_Team Shooting RB KTM MX 2023\" data-caption=\"\" href=\"https:\/\/fr.motocrossmag.be\/wp-content\/uploads\/2023\/02\/494587_Everts_KTM_Factory_2023_JPA_22A0100_Upload-Temporary_Team-Shooting-RB-KTM-MX-2023.jpg\" data-rel=\"rgg\" rel=\"rgg\" title=\"\" class=\"rgg-disabled size-medium rgg-img\" data-src=\"https:\/\/fr.motocrossmag.be\/wp-content\/uploads\/2023\/02\/494587_Everts_KTM_Factory_2023_JPA_22A0100_Upload-Temporary_Team-Shooting-RB-KTM-MX-2023-650x433.jpg\" data-ratio=\"1.5011547344111\" data-height=\"433\" data-width=\"650\" aria-label=\"\">\n                            <\/a>\n                    <a data-rel=\"iLightbox[postimages]\" data-title=\"494586_Everts_KTM_Factory_2023_JPA_22A0098_Upload Temporary_Team Shooting RB KTM MX 2023\" data-caption=\"\" href=\"https:\/\/fr.motocrossmag.be\/wp-content\/uploads\/2023\/02\/494586_Everts_KTM_Factory_2023_JPA_22A0098_Upload-Temporary_Team-Shooting-RB-KTM-MX-2023.jpg\" data-rel=\"rgg\" rel=\"rgg\" title=\"\" class=\"rgg-disabled size-medium rgg-img\" data-src=\"https:\/\/fr.motocrossmag.be\/wp-content\/uploads\/2023\/02\/494586_Everts_KTM_Factory_2023_JPA_22A0098_Upload-Temporary_Team-Shooting-RB-KTM-MX-2023-650x433.jpg\" data-ratio=\"1.5011547344111\" data-height=\"433\" data-width=\"650\" aria-label=\"\">\n                            <\/a>\n                    <a data-rel=\"iLightbox[postimages]\" data-title=\"494585_Everts_KTM_Factory_2023_JPA_22A0096_Upload Temporary_Team Shooting RB KTM MX 2023\" data-caption=\"\" href=\"https:\/\/fr.motocrossmag.be\/wp-content\/uploads\/2023\/02\/494585_Everts_KTM_Factory_2023_JPA_22A0096_Upload-Temporary_Team-Shooting-RB-KTM-MX-2023.jpg\" data-rel=\"rgg\" rel=\"rgg\" title=\"\" class=\"rgg-disabled size-medium rgg-img\" data-src=\"https:\/\/fr.motocrossmag.be\/wp-content\/uploads\/2023\/02\/494585_Everts_KTM_Factory_2023_JPA_22A0096_Upload-Temporary_Team-Shooting-RB-KTM-MX-2023-650x433.jpg\" data-ratio=\"1.5011547344111\" data-height=\"433\" data-width=\"650\" aria-label=\"\">\n                            <\/a>\n                    <a data-rel=\"iLightbox[postimages]\" data-title=\"494584_Everts_KTM_Factory_2023_JPA_22A0094_Upload Temporary_Team Shooting RB KTM MX 2023\" data-caption=\"\" href=\"https:\/\/fr.motocrossmag.be\/wp-content\/uploads\/2023\/02\/494584_Everts_KTM_Factory_2023_JPA_22A0094_Upload-Temporary_Team-Shooting-RB-KTM-MX-2023.jpg\" data-rel=\"rgg\" rel=\"rgg\" title=\"\" class=\"rgg-disabled size-medium rgg-img\" data-src=\"https:\/\/fr.motocrossmag.be\/wp-content\/uploads\/2023\/02\/494584_Everts_KTM_Factory_2023_JPA_22A0094_Upload-Temporary_Team-Shooting-RB-KTM-MX-2023-650x433.jpg\" data-ratio=\"1.5011547344111\" data-height=\"433\" data-width=\"650\" aria-label=\"\">\n                            <\/a>\n                    <a data-rel=\"iLightbox[postimages]\" data-title=\"494583_Everts_KTM_Factory_2023_JPA_22A0093_Upload Temporary_Team Shooting RB KTM MX 2023\" data-caption=\"\" href=\"https:\/\/fr.motocrossmag.be\/wp-content\/uploads\/2023\/02\/494583_Everts_KTM_Factory_2023_JPA_22A0093_Upload-Temporary_Team-Shooting-RB-KTM-MX-2023.jpg\" data-rel=\"rgg\" rel=\"rgg\" title=\"\" class=\"rgg-disabled size-medium rgg-img\" data-src=\"https:\/\/fr.motocrossmag.be\/wp-content\/uploads\/2023\/02\/494583_Everts_KTM_Factory_2023_JPA_22A0093_Upload-Temporary_Team-Shooting-RB-KTM-MX-2023-650x433.jpg\" data-ratio=\"1.5011547344111\" data-height=\"433\" data-width=\"650\" aria-label=\"\">\n                            <\/a>\n                    <a data-rel=\"iLightbox[postimages]\" data-title=\"494582_Everts_KTM_Factory_2023_JPA_22A0092_Upload Temporary_Team Shooting RB KTM MX 2023\" data-caption=\"\" href=\"https:\/\/fr.motocrossmag.be\/wp-content\/uploads\/2023\/02\/494582_Everts_KTM_Factory_2023_JPA_22A0092_Upload-Temporary_Team-Shooting-RB-KTM-MX-2023.jpg\" data-rel=\"rgg\" rel=\"rgg\" title=\"\" class=\"rgg-disabled size-medium rgg-img\" data-src=\"https:\/\/fr.motocrossmag.be\/wp-content\/uploads\/2023\/02\/494582_Everts_KTM_Factory_2023_JPA_22A0092_Upload-Temporary_Team-Shooting-RB-KTM-MX-2023-650x433.jpg\" data-ratio=\"1.5011547344111\" data-height=\"433\" data-width=\"650\" aria-label=\"\">\n                            <\/a>\n                    <a data-rel=\"iLightbox[postimages]\" data-title=\"494581_Everts_KTM_Factory_2023_JPA_22A0088_Upload Temporary_Team Shooting RB KTM MX 2023\" data-caption=\"\" href=\"https:\/\/fr.motocrossmag.be\/wp-content\/uploads\/2023\/02\/494581_Everts_KTM_Factory_2023_JPA_22A0088_Upload-Temporary_Team-Shooting-RB-KTM-MX-2023.jpg\" data-rel=\"rgg\" rel=\"rgg\" title=\"\" class=\"rgg-disabled size-medium rgg-img\" data-src=\"https:\/\/fr.motocrossmag.be\/wp-content\/uploads\/2023\/02\/494581_Everts_KTM_Factory_2023_JPA_22A0088_Upload-Temporary_Team-Shooting-RB-KTM-MX-2023-650x433.jpg\" data-ratio=\"1.5011547344111\" data-height=\"433\" data-width=\"650\" aria-label=\"\">\n                            <\/a>\n                    <a data-rel=\"iLightbox[postimages]\" data-title=\"494580_Everts_KTM_Factory_2023_JPA_22A0087_Upload Temporary_Team Shooting RB KTM MX 2023\" data-caption=\"\" href=\"https:\/\/fr.motocrossmag.be\/wp-content\/uploads\/2023\/02\/494580_Everts_KTM_Factory_2023_JPA_22A0087_Upload-Temporary_Team-Shooting-RB-KTM-MX-2023.jpg\" data-rel=\"rgg\" rel=\"rgg\" title=\"\" class=\"rgg-disabled size-medium rgg-img\" data-src=\"https:\/\/fr.motocrossmag.be\/wp-content\/uploads\/2023\/02\/494580_Everts_KTM_Factory_2023_JPA_22A0087_Upload-Temporary_Team-Shooting-RB-KTM-MX-2023-650x433.jpg\" data-ratio=\"1.5011547344111\" data-height=\"433\" data-width=\"650\" aria-label=\"\">\n                            <\/a>\n                    <a data-rel=\"iLightbox[postimages]\" data-title=\"494579_Everts_KTM_Factory_2023_JPA_22A0084_Upload Temporary_Team Shooting RB KTM MX 2023\" data-caption=\"\" href=\"https:\/\/fr.motocrossmag.be\/wp-content\/uploads\/2023\/02\/494579_Everts_KTM_Factory_2023_JPA_22A0084_Upload-Temporary_Team-Shooting-RB-KTM-MX-2023.jpg\" data-rel=\"rgg\" rel=\"rgg\" title=\"\" class=\"rgg-disabled size-medium rgg-img\" data-src=\"https:\/\/fr.motocrossmag.be\/wp-content\/uploads\/2023\/02\/494579_Everts_KTM_Factory_2023_JPA_22A0084_Upload-Temporary_Team-Shooting-RB-KTM-MX-2023-650x433.jpg\" data-ratio=\"1.5011547344111\" data-height=\"433\" data-width=\"650\" aria-label=\"\">\n                            <\/a>\n                    <a data-rel=\"iLightbox[postimages]\" data-title=\"494578_Everts_KTM_Factory_2023_JPA_22A0083_Upload Temporary_Team Shooting RB KTM MX 2023\" data-caption=\"\" href=\"https:\/\/fr.motocrossmag.be\/wp-content\/uploads\/2023\/02\/494578_Everts_KTM_Factory_2023_JPA_22A0083_Upload-Temporary_Team-Shooting-RB-KTM-MX-2023.jpg\" data-rel=\"rgg\" rel=\"rgg\" title=\"\" class=\"rgg-disabled size-medium rgg-img\" data-src=\"https:\/\/fr.motocrossmag.be\/wp-content\/uploads\/2023\/02\/494578_Everts_KTM_Factory_2023_JPA_22A0083_Upload-Temporary_Team-Shooting-RB-KTM-MX-2023-650x433.jpg\" data-ratio=\"1.5011547344111\" data-height=\"433\" data-width=\"650\" aria-label=\"\">\n                            <\/a>\n                    <a data-rel=\"iLightbox[postimages]\" data-title=\"494577_Everts_KTM_Factory_2023_JPA_22A0082_Upload Temporary_Team Shooting RB KTM MX 2023\" data-caption=\"\" href=\"https:\/\/fr.motocrossmag.be\/wp-content\/uploads\/2023\/02\/494577_Everts_KTM_Factory_2023_JPA_22A0082_Upload-Temporary_Team-Shooting-RB-KTM-MX-2023.jpg\" data-rel=\"rgg\" rel=\"rgg\" title=\"\" class=\"rgg-disabled size-medium rgg-img\" data-src=\"https:\/\/fr.motocrossmag.be\/wp-content\/uploads\/2023\/02\/494577_Everts_KTM_Factory_2023_JPA_22A0082_Upload-Temporary_Team-Shooting-RB-KTM-MX-2023-650x433.jpg\" data-ratio=\"1.5011547344111\" data-height=\"433\" data-width=\"650\" aria-label=\"\">\n                            <\/a>\n                    <a data-rel=\"iLightbox[postimages]\" data-title=\"494576_Everts_KTM_Factory_2023_JPA_22A0081_Upload Temporary_Team Shooting RB KTM MX 2023\" data-caption=\"\" href=\"https:\/\/fr.motocrossmag.be\/wp-content\/uploads\/2023\/02\/494576_Everts_KTM_Factory_2023_JPA_22A0081_Upload-Temporary_Team-Shooting-RB-KTM-MX-2023.jpg\" data-rel=\"rgg\" rel=\"rgg\" title=\"\" class=\"rgg-disabled size-medium rgg-img\" data-src=\"https:\/\/fr.motocrossmag.be\/wp-content\/uploads\/2023\/02\/494576_Everts_KTM_Factory_2023_JPA_22A0081_Upload-Temporary_Team-Shooting-RB-KTM-MX-2023-650x433.jpg\" data-ratio=\"1.5011547344111\" data-height=\"433\" data-width=\"650\" aria-label=\"\">\n                            <\/a>\n                    <a data-rel=\"iLightbox[postimages]\" data-title=\"494575_Everts_KTM_Factory_2023_JPA_22A0080_Upload Temporary_Team Shooting RB KTM MX 2023\" data-caption=\"\" href=\"https:\/\/fr.motocrossmag.be\/wp-content\/uploads\/2023\/02\/494575_Everts_KTM_Factory_2023_JPA_22A0080_Upload-Temporary_Team-Shooting-RB-KTM-MX-2023.jpg\" data-rel=\"rgg\" rel=\"rgg\" title=\"\" class=\"rgg-disabled size-medium rgg-img\" data-src=\"https:\/\/fr.motocrossmag.be\/wp-content\/uploads\/2023\/02\/494575_Everts_KTM_Factory_2023_JPA_22A0080_Upload-Temporary_Team-Shooting-RB-KTM-MX-2023-650x433.jpg\" data-ratio=\"1.5011547344111\" data-height=\"433\" data-width=\"650\" aria-label=\"\">\n                            <\/a>\n                    <a data-rel=\"iLightbox[postimages]\" data-title=\"494574_Everts_KTM_Factory_2023_JPA_22A0079_Upload Temporary_Team Shooting RB KTM MX 2023\" data-caption=\"\" href=\"https:\/\/fr.motocrossmag.be\/wp-content\/uploads\/2023\/02\/494574_Everts_KTM_Factory_2023_JPA_22A0079_Upload-Temporary_Team-Shooting-RB-KTM-MX-2023.jpg\" data-rel=\"rgg\" rel=\"rgg\" title=\"\" class=\"rgg-disabled size-medium rgg-img\" data-src=\"https:\/\/fr.motocrossmag.be\/wp-content\/uploads\/2023\/02\/494574_Everts_KTM_Factory_2023_JPA_22A0079_Upload-Temporary_Team-Shooting-RB-KTM-MX-2023-650x433.jpg\" data-ratio=\"1.5011547344111\" data-height=\"433\" data-width=\"650\" aria-label=\"\">\n                            <\/a>\n                    <a data-rel=\"iLightbox[postimages]\" data-title=\"494573_Everts_KTM_Factory_2023_JPA_22A0078_Upload Temporary_Team Shooting RB KTM MX 2023\" data-caption=\"\" href=\"https:\/\/fr.motocrossmag.be\/wp-content\/uploads\/2023\/02\/494573_Everts_KTM_Factory_2023_JPA_22A0078_Upload-Temporary_Team-Shooting-RB-KTM-MX-2023.jpg\" data-rel=\"rgg\" rel=\"rgg\" title=\"\" class=\"rgg-disabled size-medium rgg-img\" data-src=\"https:\/\/fr.motocrossmag.be\/wp-content\/uploads\/2023\/02\/494573_Everts_KTM_Factory_2023_JPA_22A0078_Upload-Temporary_Team-Shooting-RB-KTM-MX-2023-650x433.jpg\" data-ratio=\"1.5011547344111\" data-height=\"433\" data-width=\"650\" aria-label=\"\">\n                            <\/a>\n                    <a data-rel=\"iLightbox[postimages]\" data-title=\"494572_Everts_KTM_Factory_2023_JPA_22A0077_Upload Temporary_Team Shooting RB KTM MX 2023\" data-caption=\"\" href=\"https:\/\/fr.motocrossmag.be\/wp-content\/uploads\/2023\/02\/494572_Everts_KTM_Factory_2023_JPA_22A0077_Upload-Temporary_Team-Shooting-RB-KTM-MX-2023.jpg\" data-rel=\"rgg\" rel=\"rgg\" title=\"\" class=\"rgg-disabled size-medium rgg-img\" data-src=\"https:\/\/fr.motocrossmag.be\/wp-content\/uploads\/2023\/02\/494572_Everts_KTM_Factory_2023_JPA_22A0077_Upload-Temporary_Team-Shooting-RB-KTM-MX-2023-650x433.jpg\" data-ratio=\"1.5011547344111\" data-height=\"433\" data-width=\"650\" aria-label=\"\">\n                            <\/a>\n                    <a data-rel=\"iLightbox[postimages]\" data-title=\"494571_Everts_KTM_Factory_2023_JPA_22A0076_Upload Temporary_Team Shooting RB KTM MX 2023\" data-caption=\"\" href=\"https:\/\/fr.motocrossmag.be\/wp-content\/uploads\/2023\/02\/494571_Everts_KTM_Factory_2023_JPA_22A0076_Upload-Temporary_Team-Shooting-RB-KTM-MX-2023.jpg\" data-rel=\"rgg\" rel=\"rgg\" title=\"\" class=\"rgg-disabled size-medium rgg-img\" data-src=\"https:\/\/fr.motocrossmag.be\/wp-content\/uploads\/2023\/02\/494571_Everts_KTM_Factory_2023_JPA_22A0076_Upload-Temporary_Team-Shooting-RB-KTM-MX-2023-650x433.jpg\" data-ratio=\"1.5011547344111\" data-height=\"433\" data-width=\"650\" aria-label=\"\">\n                            <\/a>\n                    <a data-rel=\"iLightbox[postimages]\" data-title=\"494570_Everts_KTM_Factory_2023_JPA_22A0074_Upload Temporary_Team Shooting RB KTM MX 2023\" data-caption=\"\" href=\"https:\/\/fr.motocrossmag.be\/wp-content\/uploads\/2023\/02\/494570_Everts_KTM_Factory_2023_JPA_22A0074_Upload-Temporary_Team-Shooting-RB-KTM-MX-2023.jpg\" data-rel=\"rgg\" rel=\"rgg\" title=\"\" class=\"rgg-disabled size-medium rgg-img\" data-src=\"https:\/\/fr.motocrossmag.be\/wp-content\/uploads\/2023\/02\/494570_Everts_KTM_Factory_2023_JPA_22A0074_Upload-Temporary_Team-Shooting-RB-KTM-MX-2023-650x433.jpg\" data-ratio=\"1.5011547344111\" data-height=\"433\" data-width=\"650\" aria-label=\"\">\n                            <\/a>\n                    <a data-rel=\"iLightbox[postimages]\" data-title=\"494569_Everts_KTM_Factory_2023_JPA_22A0073_Upload Temporary_Team Shooting RB KTM MX 2023\" data-caption=\"\" href=\"https:\/\/fr.motocrossmag.be\/wp-content\/uploads\/2023\/02\/494569_Everts_KTM_Factory_2023_JPA_22A0073_Upload-Temporary_Team-Shooting-RB-KTM-MX-2023.jpg\" data-rel=\"rgg\" rel=\"rgg\" title=\"\" class=\"rgg-disabled size-medium rgg-img\" data-src=\"https:\/\/fr.motocrossmag.be\/wp-content\/uploads\/2023\/02\/494569_Everts_KTM_Factory_2023_JPA_22A0073_Upload-Temporary_Team-Shooting-RB-KTM-MX-2023-650x433.jpg\" data-ratio=\"1.5011547344111\" data-height=\"433\" data-width=\"650\" aria-label=\"\">\n                            <\/a>\n                    <a data-rel=\"iLightbox[postimages]\" data-title=\"494568_Everts_KTM_Factory_2023_JPA_22A0072_Upload Temporary_Team Shooting RB KTM MX 2023\" data-caption=\"\" href=\"https:\/\/fr.motocrossmag.be\/wp-content\/uploads\/2023\/02\/494568_Everts_KTM_Factory_2023_JPA_22A0072_Upload-Temporary_Team-Shooting-RB-KTM-MX-2023.jpg\" data-rel=\"rgg\" rel=\"rgg\" title=\"\" class=\"rgg-disabled size-medium rgg-img\" data-src=\"https:\/\/fr.motocrossmag.be\/wp-content\/uploads\/2023\/02\/494568_Everts_KTM_Factory_2023_JPA_22A0072_Upload-Temporary_Team-Shooting-RB-KTM-MX-2023-650x433.jpg\" data-ratio=\"1.5011547344111\" data-height=\"433\" data-width=\"650\" aria-label=\"\">\n                            <\/a>\n                    <a data-rel=\"iLightbox[postimages]\" data-title=\"494567_Everts_KTM_Factory_2023_JPA_22A0070_Upload Temporary_Team Shooting RB KTM MX 2023\" data-caption=\"\" href=\"https:\/\/fr.motocrossmag.be\/wp-content\/uploads\/2023\/02\/494567_Everts_KTM_Factory_2023_JPA_22A0070_Upload-Temporary_Team-Shooting-RB-KTM-MX-2023.jpg\" data-rel=\"rgg\" rel=\"rgg\" title=\"\" class=\"rgg-disabled size-medium rgg-img\" data-src=\"https:\/\/fr.motocrossmag.be\/wp-content\/uploads\/2023\/02\/494567_Everts_KTM_Factory_2023_JPA_22A0070_Upload-Temporary_Team-Shooting-RB-KTM-MX-2023-650x433.jpg\" data-ratio=\"1.5011547344111\" data-height=\"433\" data-width=\"650\" aria-label=\"\">\n                            <\/a>\n            <\/div>\n<\/div>\n","protected":false},"excerpt":{"rendered":"<p>Cette saison, Liam Everts pilotera pour la premi\u00e8re fois de sa carri\u00e8re une machine officielle. Et pas n&rsquo;importe laquelle puisqu&rsquo;il s&rsquo;agit de la redoutable KTM 250 SX-F Factory, la plus [&#8230;]<\/p>\n","protected":false},"author":932,"featured_media":122826,"comment_status":"open","ping_status":"closed","sticky":false,"template":"","format":"standard","meta":{"footnotes":""},"categories":[54,4,6,5,55,66,65],"tags":[79,1247,947,568],"class_list":["post-122733","post","type-post","status-publish","format-standard","has-post-thumbnail","hentry","category-actualite","category-motocross","category-mx1mx2","category-news","category-news-actualite","category-photos","category-slideshow","tag-ktm","tag-liam-everts","tag-motocross","tag-mxgp"],"yoast_head":"<!-- This site is optimized with the Yoast SEO plugin v27.4 - https:\/\/yoast.com\/product\/yoast-seo-wordpress\/ -->\n<title>La KTM 250SX-F Factory de Liam Everts sous toutes les coutures - Motocross - Enduro - Supermoto | MotocrossMag<\/title>\n<meta name=\"robots\" content=\"index, follow, max-snippet:-1, max-image-preview:large, max-video-preview:-1\" \/>\n<link rel=\"canonical\" href=\"https:\/\/fr.motocrossmag.be\/index.php\/2023\/02\/la-ktm-250sx-f-factory-de-liam-everts-sous-toutes-les-coutures\/\" \/>\n<meta property=\"og:locale\" content=\"fr_FR\" \/>\n<meta property=\"og:type\" content=\"article\" \/>\n<meta property=\"og:title\" content=\"La KTM 250SX-F Factory de Liam Everts sous toutes les coutures - Motocross - Enduro - Supermoto | MotocrossMag\" \/>\n<meta property=\"og:description\" content=\"Cette saison, Liam Everts pilotera pour la premi\u00e8re fois de sa carri\u00e8re une machine officielle. Et pas n&rsquo;importe laquelle puisqu&rsquo;il s&rsquo;agit de la redoutable KTM 250 SX-F Factory, la plus [...]\" \/>\n<meta property=\"og:url\" content=\"https:\/\/fr.motocrossmag.be\/index.php\/2023\/02\/la-ktm-250sx-f-factory-de-liam-everts-sous-toutes-les-coutures\/\" \/>\n<meta property=\"og:site_name\" content=\"Motocross - Enduro - Supermoto | MotocrossMag\" \/>\n<meta property=\"article:published_time\" content=\"2023-02-05T22:40:10+00:00\" \/>\n<meta property=\"article:modified_time\" content=\"2023-02-05T22:41:39+00:00\" \/>\n<meta property=\"og:image\" content=\"https:\/\/fr.motocrossmag.be\/wp-content\/uploads\/2023\/02\/494653_Everts_KTM_Factory_2023_JPA_96A4203_Upload-Temporary_Team-Shooting-RB-KTM-MX-2023.jpg\" \/>\n\t<meta property=\"og:image:width\" content=\"1000\" \/>\n\t<meta property=\"og:image:height\" content=\"666\" \/>\n\t<meta property=\"og:image:type\" content=\"image\/jpeg\" \/>\n<meta name=\"author\" content=\"oliviere\" \/>\n<meta name=\"twitter:card\" content=\"summary_large_image\" \/>\n<meta name=\"twitter:label1\" content=\"\u00c9crit par\" \/>\n\t<meta name=\"twitter:data1\" content=\"oliviere\" \/>\n<script type=\"application\/ld+json\" class=\"yoast-schema-graph\">{\"@context\":\"https:\\\/\\\/schema.org\",\"@graph\":[{\"@type\":\"Article\",\"@id\":\"https:\\\/\\\/fr.motocrossmag.be\\\/index.php\\\/2023\\\/02\\\/la-ktm-250sx-f-factory-de-liam-everts-sous-toutes-les-coutures\\\/#article\",\"isPartOf\":{\"@id\":\"https:\\\/\\\/fr.motocrossmag.be\\\/index.php\\\/2023\\\/02\\\/la-ktm-250sx-f-factory-de-liam-everts-sous-toutes-les-coutures\\\/\"},\"author\":{\"name\":\"oliviere\",\"@id\":\"https:\\\/\\\/fr.motocrossmag.be\\\/#\\\/schema\\\/person\\\/11b47143d9f755babca2c9110e03235c\"},\"headline\":\"La KTM 250SX-F Factory de Liam Everts sous toutes les coutures\",\"datePublished\":\"2023-02-05T22:40:10+00:00\",\"dateModified\":\"2023-02-05T22:41:39+00:00\",\"mainEntityOfPage\":{\"@id\":\"https:\\\/\\\/fr.motocrossmag.be\\\/index.php\\\/2023\\\/02\\\/la-ktm-250sx-f-factory-de-liam-everts-sous-toutes-les-coutures\\\/\"},\"wordCount\":82,\"commentCount\":0,\"image\":{\"@id\":\"https:\\\/\\\/fr.motocrossmag.be\\\/index.php\\\/2023\\\/02\\\/la-ktm-250sx-f-factory-de-liam-everts-sous-toutes-les-coutures\\\/#primaryimage\"},\"thumbnailUrl\":\"https:\\\/\\\/fr.motocrossmag.be\\\/wp-content\\\/uploads\\\/2023\\\/02\\\/494653_Everts_KTM_Factory_2023_JPA_96A4203_Upload-Temporary_Team-Shooting-RB-KTM-MX-2023.jpg\",\"keywords\":[\"KTM\",\"liam everts\",\"Motocross\",\"MXGP\"],\"articleSection\":[\"Actualit\u00e9\",\"Motocross\",\"Motocross MXGP\",\"News\",\"News\",\"Photos\",\"Slideshow\"],\"inLanguage\":\"fr-FR\",\"potentialAction\":[{\"@type\":\"CommentAction\",\"name\":\"Comment\",\"target\":[\"https:\\\/\\\/fr.motocrossmag.be\\\/index.php\\\/2023\\\/02\\\/la-ktm-250sx-f-factory-de-liam-everts-sous-toutes-les-coutures\\\/#respond\"]}]},{\"@type\":\"WebPage\",\"@id\":\"https:\\\/\\\/fr.motocrossmag.be\\\/index.php\\\/2023\\\/02\\\/la-ktm-250sx-f-factory-de-liam-everts-sous-toutes-les-coutures\\\/\",\"url\":\"https:\\\/\\\/fr.motocrossmag.be\\\/index.php\\\/2023\\\/02\\\/la-ktm-250sx-f-factory-de-liam-everts-sous-toutes-les-coutures\\\/\",\"name\":\"La KTM 250SX-F Factory de Liam Everts sous toutes les coutures - Motocross - Enduro - Supermoto | MotocrossMag\",\"isPartOf\":{\"@id\":\"https:\\\/\\\/fr.motocrossmag.be\\\/#website\"},\"primaryImageOfPage\":{\"@id\":\"https:\\\/\\\/fr.motocrossmag.be\\\/index.php\\\/2023\\\/02\\\/la-ktm-250sx-f-factory-de-liam-everts-sous-toutes-les-coutures\\\/#primaryimage\"},\"image\":{\"@id\":\"https:\\\/\\\/fr.motocrossmag.be\\\/index.php\\\/2023\\\/02\\\/la-ktm-250sx-f-factory-de-liam-everts-sous-toutes-les-coutures\\\/#primaryimage\"},\"thumbnailUrl\":\"https:\\\/\\\/fr.motocrossmag.be\\\/wp-content\\\/uploads\\\/2023\\\/02\\\/494653_Everts_KTM_Factory_2023_JPA_96A4203_Upload-Temporary_Team-Shooting-RB-KTM-MX-2023.jpg\",\"datePublished\":\"2023-02-05T22:40:10+00:00\",\"dateModified\":\"2023-02-05T22:41:39+00:00\",\"author\":{\"@id\":\"https:\\\/\\\/fr.motocrossmag.be\\\/#\\\/schema\\\/person\\\/11b47143d9f755babca2c9110e03235c\"},\"breadcrumb\":{\"@id\":\"https:\\\/\\\/fr.motocrossmag.be\\\/index.php\\\/2023\\\/02\\\/la-ktm-250sx-f-factory-de-liam-everts-sous-toutes-les-coutures\\\/#breadcrumb\"},\"inLanguage\":\"fr-FR\",\"potentialAction\":[{\"@type\":\"ReadAction\",\"target\":[\"https:\\\/\\\/fr.motocrossmag.be\\\/index.php\\\/2023\\\/02\\\/la-ktm-250sx-f-factory-de-liam-everts-sous-toutes-les-coutures\\\/\"]}]},{\"@type\":\"ImageObject\",\"inLanguage\":\"fr-FR\",\"@id\":\"https:\\\/\\\/fr.motocrossmag.be\\\/index.php\\\/2023\\\/02\\\/la-ktm-250sx-f-factory-de-liam-everts-sous-toutes-les-coutures\\\/#primaryimage\",\"url\":\"https:\\\/\\\/fr.motocrossmag.be\\\/wp-content\\\/uploads\\\/2023\\\/02\\\/494653_Everts_KTM_Factory_2023_JPA_96A4203_Upload-Temporary_Team-Shooting-RB-KTM-MX-2023.jpg\",\"contentUrl\":\"https:\\\/\\\/fr.motocrossmag.be\\\/wp-content\\\/uploads\\\/2023\\\/02\\\/494653_Everts_KTM_Factory_2023_JPA_96A4203_Upload-Temporary_Team-Shooting-RB-KTM-MX-2023.jpg\",\"width\":\"1000\",\"height\":\"666\"},{\"@type\":\"BreadcrumbList\",\"@id\":\"https:\\\/\\\/fr.motocrossmag.be\\\/index.php\\\/2023\\\/02\\\/la-ktm-250sx-f-factory-de-liam-everts-sous-toutes-les-coutures\\\/#breadcrumb\",\"itemListElement\":[{\"@type\":\"ListItem\",\"position\":1,\"name\":\"Accueil\",\"item\":\"https:\\\/\\\/fr.motocrossmag.be\\\/\"},{\"@type\":\"ListItem\",\"position\":2,\"name\":\"La KTM 250SX-F Factory de Liam Everts sous toutes les coutures\"}]},{\"@type\":\"WebSite\",\"@id\":\"https:\\\/\\\/fr.motocrossmag.be\\\/#website\",\"url\":\"https:\\\/\\\/fr.motocrossmag.be\\\/\",\"name\":\"Motocross - Enduro - Supermoto | MotocrossMag\",\"description\":\"L&#039;actualit\u00e9 du motocross, de l&#039;enduro et du Supermoto en ligne!\",\"potentialAction\":[{\"@type\":\"SearchAction\",\"target\":{\"@type\":\"EntryPoint\",\"urlTemplate\":\"https:\\\/\\\/fr.motocrossmag.be\\\/?s={search_term_string}\"},\"query-input\":{\"@type\":\"PropertyValueSpecification\",\"valueRequired\":true,\"valueName\":\"search_term_string\"}}],\"inLanguage\":\"fr-FR\"},{\"@type\":\"Person\",\"@id\":\"https:\\\/\\\/fr.motocrossmag.be\\\/#\\\/schema\\\/person\\\/11b47143d9f755babca2c9110e03235c\",\"name\":\"oliviere\",\"image\":{\"@type\":\"ImageObject\",\"inLanguage\":\"fr-FR\",\"@id\":\"https:\\\/\\\/secure.gravatar.com\\\/avatar\\\/907069e0b81d119452040469e4a7501da1100f54f7f80180ce77bfab718288f6?s=96&d=mm&r=g\",\"url\":\"https:\\\/\\\/secure.gravatar.com\\\/avatar\\\/907069e0b81d119452040469e4a7501da1100f54f7f80180ce77bfab718288f6?s=96&d=mm&r=g\",\"contentUrl\":\"https:\\\/\\\/secure.gravatar.com\\\/avatar\\\/907069e0b81d119452040469e4a7501da1100f54f7f80180ce77bfab718288f6?s=96&d=mm&r=g\",\"caption\":\"oliviere\"},\"sameAs\":[\"http:\\\/\\\/www.motocrossmag.be\"],\"url\":\"https:\\\/\\\/fr.motocrossmag.be\\\/index.php\\\/author\\\/oliviere\\\/\"}]}<\/script>\n<!-- \/ Yoast SEO plugin. -->","yoast_head_json":{"title":"La KTM 250SX-F Factory de Liam Everts sous toutes les coutures - Motocross - Enduro - Supermoto | MotocrossMag","robots":{"index":"index","follow":"follow","max-snippet":"max-snippet:-1","max-image-preview":"max-image-preview:large","max-video-preview":"max-video-preview:-1"},"canonical":"https:\/\/fr.motocrossmag.be\/index.php\/2023\/02\/la-ktm-250sx-f-factory-de-liam-everts-sous-toutes-les-coutures\/","og_locale":"fr_FR","og_type":"article","og_title":"La KTM 250SX-F Factory de Liam Everts sous toutes les coutures - Motocross - Enduro - Supermoto | MotocrossMag","og_description":"Cette saison, Liam Everts pilotera pour la premi\u00e8re fois de sa carri\u00e8re une machine officielle. Et pas n&rsquo;importe laquelle puisqu&rsquo;il s&rsquo;agit de la redoutable KTM 250 SX-F Factory, la plus [...]","og_url":"https:\/\/fr.motocrossmag.be\/index.php\/2023\/02\/la-ktm-250sx-f-factory-de-liam-everts-sous-toutes-les-coutures\/","og_site_name":"Motocross - Enduro - Supermoto | MotocrossMag","article_published_time":"2023-02-05T22:40:10+00:00","article_modified_time":"2023-02-05T22:41:39+00:00","og_image":[{"width":1000,"height":666,"url":"https:\/\/fr.motocrossmag.be\/wp-content\/uploads\/2023\/02\/494653_Everts_KTM_Factory_2023_JPA_96A4203_Upload-Temporary_Team-Shooting-RB-KTM-MX-2023.jpg","type":"image\/jpeg"}],"author":"oliviere","twitter_card":"summary_large_image","twitter_misc":{"\u00c9crit par":"oliviere"},"schema":{"@context":"https:\/\/schema.org","@graph":[{"@type":"Article","@id":"https:\/\/fr.motocrossmag.be\/index.php\/2023\/02\/la-ktm-250sx-f-factory-de-liam-everts-sous-toutes-les-coutures\/#article","isPartOf":{"@id":"https:\/\/fr.motocrossmag.be\/index.php\/2023\/02\/la-ktm-250sx-f-factory-de-liam-everts-sous-toutes-les-coutures\/"},"author":{"name":"oliviere","@id":"https:\/\/fr.motocrossmag.be\/#\/schema\/person\/11b47143d9f755babca2c9110e03235c"},"headline":"La KTM 250SX-F Factory de Liam Everts sous toutes les coutures","datePublished":"2023-02-05T22:40:10+00:00","dateModified":"2023-02-05T22:41:39+00:00","mainEntityOfPage":{"@id":"https:\/\/fr.motocrossmag.be\/index.php\/2023\/02\/la-ktm-250sx-f-factory-de-liam-everts-sous-toutes-les-coutures\/"},"wordCount":82,"commentCount":0,"image":{"@id":"https:\/\/fr.motocrossmag.be\/index.php\/2023\/02\/la-ktm-250sx-f-factory-de-liam-everts-sous-toutes-les-coutures\/#primaryimage"},"thumbnailUrl":"https:\/\/fr.motocrossmag.be\/wp-content\/uploads\/2023\/02\/494653_Everts_KTM_Factory_2023_JPA_96A4203_Upload-Temporary_Team-Shooting-RB-KTM-MX-2023.jpg","keywords":["KTM","liam everts","Motocross","MXGP"],"articleSection":["Actualit\u00e9","Motocross","Motocross MXGP","News","News","Photos","Slideshow"],"inLanguage":"fr-FR","potentialAction":[{"@type":"CommentAction","name":"Comment","target":["https:\/\/fr.motocrossmag.be\/index.php\/2023\/02\/la-ktm-250sx-f-factory-de-liam-everts-sous-toutes-les-coutures\/#respond"]}]},{"@type":"WebPage","@id":"https:\/\/fr.motocrossmag.be\/index.php\/2023\/02\/la-ktm-250sx-f-factory-de-liam-everts-sous-toutes-les-coutures\/","url":"https:\/\/fr.motocrossmag.be\/index.php\/2023\/02\/la-ktm-250sx-f-factory-de-liam-everts-sous-toutes-les-coutures\/","name":"La KTM 250SX-F Factory de Liam Everts sous toutes les coutures - Motocross - Enduro - Supermoto | MotocrossMag","isPartOf":{"@id":"https:\/\/fr.motocrossmag.be\/#website"},"primaryImageOfPage":{"@id":"https:\/\/fr.motocrossmag.be\/index.php\/2023\/02\/la-ktm-250sx-f-factory-de-liam-everts-sous-toutes-les-coutures\/#primaryimage"},"image":{"@id":"https:\/\/fr.motocrossmag.be\/index.php\/2023\/02\/la-ktm-250sx-f-factory-de-liam-everts-sous-toutes-les-coutures\/#primaryimage"},"thumbnailUrl":"https:\/\/fr.motocrossmag.be\/wp-content\/uploads\/2023\/02\/494653_Everts_KTM_Factory_2023_JPA_96A4203_Upload-Temporary_Team-Shooting-RB-KTM-MX-2023.jpg","datePublished":"2023-02-05T22:40:10+00:00","dateModified":"2023-02-05T22:41:39+00:00","author":{"@id":"https:\/\/fr.motocrossmag.be\/#\/schema\/person\/11b47143d9f755babca2c9110e03235c"},"breadcrumb":{"@id":"https:\/\/fr.motocrossmag.be\/index.php\/2023\/02\/la-ktm-250sx-f-factory-de-liam-everts-sous-toutes-les-coutures\/#breadcrumb"},"inLanguage":"fr-FR","potentialAction":[{"@type":"ReadAction","target":["https:\/\/fr.motocrossmag.be\/index.php\/2023\/02\/la-ktm-250sx-f-factory-de-liam-everts-sous-toutes-les-coutures\/"]}]},{"@type":"ImageObject","inLanguage":"fr-FR","@id":"https:\/\/fr.motocrossmag.be\/index.php\/2023\/02\/la-ktm-250sx-f-factory-de-liam-everts-sous-toutes-les-coutures\/#primaryimage","url":"https:\/\/fr.motocrossmag.be\/wp-content\/uploads\/2023\/02\/494653_Everts_KTM_Factory_2023_JPA_96A4203_Upload-Temporary_Team-Shooting-RB-KTM-MX-2023.jpg","contentUrl":"https:\/\/fr.motocrossmag.be\/wp-content\/uploads\/2023\/02\/494653_Everts_KTM_Factory_2023_JPA_96A4203_Upload-Temporary_Team-Shooting-RB-KTM-MX-2023.jpg","width":"1000","height":"666"},{"@type":"BreadcrumbList","@id":"https:\/\/fr.motocrossmag.be\/index.php\/2023\/02\/la-ktm-250sx-f-factory-de-liam-everts-sous-toutes-les-coutures\/#breadcrumb","itemListElement":[{"@type":"ListItem","position":1,"name":"Accueil","item":"https:\/\/fr.motocrossmag.be\/"},{"@type":"ListItem","position":2,"name":"La KTM 250SX-F Factory de Liam Everts sous toutes les coutures"}]},{"@type":"WebSite","@id":"https:\/\/fr.motocrossmag.be\/#website","url":"https:\/\/fr.motocrossmag.be\/","name":"Motocross - Enduro - Supermoto | MotocrossMag","description":"L&#039;actualit\u00e9 du motocross, de l&#039;enduro et du Supermoto en ligne!","potentialAction":[{"@type":"SearchAction","target":{"@type":"EntryPoint","urlTemplate":"https:\/\/fr.motocrossmag.be\/?s={search_term_string}"},"query-input":{"@type":"PropertyValueSpecification","valueRequired":true,"valueName":"search_term_string"}}],"inLanguage":"fr-FR"},{"@type":"Person","@id":"https:\/\/fr.motocrossmag.be\/#\/schema\/person\/11b47143d9f755babca2c9110e03235c","name":"oliviere","image":{"@type":"ImageObject","inLanguage":"fr-FR","@id":"https:\/\/secure.gravatar.com\/avatar\/907069e0b81d119452040469e4a7501da1100f54f7f80180ce77bfab718288f6?s=96&d=mm&r=g","url":"https:\/\/secure.gravatar.com\/avatar\/907069e0b81d119452040469e4a7501da1100f54f7f80180ce77bfab718288f6?s=96&d=mm&r=g","contentUrl":"https:\/\/secure.gravatar.com\/avatar\/907069e0b81d119452040469e4a7501da1100f54f7f80180ce77bfab718288f6?s=96&d=mm&r=g","caption":"oliviere"},"sameAs":["http:\/\/www.motocrossmag.be"],"url":"https:\/\/fr.motocrossmag.be\/index.php\/author\/oliviere\/"}]}},"_links":{"self":[{"href":"https:\/\/fr.motocrossmag.be\/index.php\/wp-json\/wp\/v2\/posts\/122733","targetHints":{"allow":["GET"]}}],"collection":[{"href":"https:\/\/fr.motocrossmag.be\/index.php\/wp-json\/wp\/v2\/posts"}],"about":[{"href":"https:\/\/fr.motocrossmag.be\/index.php\/wp-json\/wp\/v2\/types\/post"}],"author":[{"embeddable":true,"href":"https:\/\/fr.motocrossmag.be\/index.php\/wp-json\/wp\/v2\/users\/932"}],"replies":[{"embeddable":true,"href":"https:\/\/fr.motocrossmag.be\/index.php\/wp-json\/wp\/v2\/comments?post=122733"}],"version-history":[{"count":0,"href":"https:\/\/fr.motocrossmag.be\/index.php\/wp-json\/wp\/v2\/posts\/122733\/revisions"}],"wp:featuredmedia":[{"embeddable":true,"href":"https:\/\/fr.motocrossmag.be\/index.php\/wp-json\/wp\/v2\/media\/122826"}],"wp:attachment":[{"href":"https:\/\/fr.motocrossmag.be\/index.php\/wp-json\/wp\/v2\/media?parent=122733"}],"wp:term":[{"taxonomy":"category","embeddable":true,"href":"https:\/\/fr.motocrossmag.be\/index.php\/wp-json\/wp\/v2\/categories?post=122733"},{"taxonomy":"post_tag","embeddable":true,"href":"https:\/\/fr.motocrossmag.be\/index.php\/wp-json\/wp\/v2\/tags?post=122733"}],"curies":[{"name":"wp","href":"https:\/\/api.w.org\/{rel}","templated":true}]}}