{"id":122869,"date":"2023-02-08T23:58:36","date_gmt":"2023-02-08T22:58:36","guid":{"rendered":"http:\/\/fr.motocrossmag.be\/?p=122869"},"modified":"2023-02-08T23:58:36","modified_gmt":"2023-02-08T22:58:36","slug":"kawasaki-presente-ses-equipes-mxgp-et-world-sbk-dans-un-clip-video-commun","status":"publish","type":"post","link":"https:\/\/fr.motocrossmag.be\/index.php\/2023\/02\/kawasaki-presente-ses-equipes-mxgp-et-world-sbk-dans-un-clip-video-commun\/","title":{"rendered":"Kawasaki pr\u00e9sente ses \u00e9quipes MXGP et World SBK dans un clip vid\u00e9o commun"},"content":{"rendered":"<p><strong>C&rsquo;est une premi\u00e8re. Kawasaki a lanc\u00e9 ce mercredi un clip vid\u00e9o de pr\u00e9sentation de ses teams pour la saison 2023. Un clip dans lequel les deux officiels de la marque en MXGP, Romain Febvre et Mitch Evans, partagent l&rsquo;\u00e9cran avec les stars du mondial Superbike Jonathan Rea et Alex Lowes. Le r\u00e9sultat donne un clip in\u00e9dit qui se veut une belle promotion pour le sport motocycliste en g\u00e9n\u00e9ral en combinant habilement les deux univers.<br \/>\n<\/strong><\/p>\n<div class=\"su-youtube su-u-responsive-media-yes\"><iframe class=\"lazyload\" width=\"640\" height=\"400\" src=\"data:image\/svg+xml,%3Csvg%20xmlns%3D%27http%3A%2F%2Fwww.w3.org%2F2000%2Fsvg%27%20width%3D%27640%27%20height%3D%27400%27%20viewBox%3D%270%200%20640%20400%27%3E%3Crect%20width%3D%27640%27%20height%3D%27400%27%20fill-opacity%3D%220%22%2F%3E%3C%2Fsvg%3E\" data-orig-src=\"https:\/\/www.youtube.com\/embed\/5ZeEHNUqemQ?\" frameborder=\"0\" allowfullscreen allow=\"autoplay; encrypted-media; picture-in-picture\" title=\"\"><\/iframe><\/div>\n","protected":false},"excerpt":{"rendered":"<p>C&rsquo;est une premi\u00e8re. Kawasaki a lanc\u00e9 ce mercredi un clip vid\u00e9o de pr\u00e9sentation de ses teams pour la saison 2023. Un clip dans lequel les deux officiels de la marque [&#8230;]<\/p>\n","protected":false},"author":932,"featured_media":122870,"comment_status":"open","ping_status":"closed","sticky":false,"template":"","format":"standard","meta":{"footnotes":""},"categories":[54,4,6,5,55,62],"tags":[140,1317,947,568,456],"class_list":["post-122869","post","type-post","status-publish","format-standard","has-post-thumbnail","hentry","category-actualite","category-motocross","category-mx1mx2","category-news","category-news-actualite","category-video","tag-kawasaki","tag-mitch-evans","tag-motocross","tag-mxgp","tag-romain-febvre"],"yoast_head":"<!-- This site is optimized with the Yoast SEO plugin v27.4 - https:\/\/yoast.com\/product\/yoast-seo-wordpress\/ -->\n<title>Kawasaki pr\u00e9sente ses \u00e9quipes MXGP et World SBK dans un clip vid\u00e9o commun - Motocross - Enduro - Supermoto | MotocrossMag<\/title>\n<meta name=\"robots\" content=\"index, follow, max-snippet:-1, max-image-preview:large, max-video-preview:-1\" \/>\n<link rel=\"canonical\" href=\"https:\/\/fr.motocrossmag.be\/index.php\/2023\/02\/kawasaki-presente-ses-equipes-mxgp-et-world-sbk-dans-un-clip-video-commun\/\" \/>\n<meta property=\"og:locale\" content=\"fr_FR\" \/>\n<meta property=\"og:type\" content=\"article\" \/>\n<meta property=\"og:title\" content=\"Kawasaki pr\u00e9sente ses \u00e9quipes MXGP et World SBK dans un clip vid\u00e9o commun - Motocross - Enduro - Supermoto | MotocrossMag\" \/>\n<meta property=\"og:description\" content=\"C&rsquo;est une premi\u00e8re. Kawasaki a lanc\u00e9 ce mercredi un clip vid\u00e9o de pr\u00e9sentation de ses teams pour la saison 2023. Un clip dans lequel les deux officiels de la marque [...]\" \/>\n<meta property=\"og:url\" content=\"https:\/\/fr.motocrossmag.be\/index.php\/2023\/02\/kawasaki-presente-ses-equipes-mxgp-et-world-sbk-dans-un-clip-video-commun\/\" \/>\n<meta property=\"og:site_name\" content=\"Motocross - Enduro - Supermoto | MotocrossMag\" \/>\n<meta property=\"article:published_time\" content=\"2023-02-08T22:58:36+00:00\" \/>\n<meta property=\"og:image\" content=\"https:\/\/fr.motocrossmag.be\/wp-content\/uploads\/2023\/02\/hi_00_KRT_WorldSBK-MX_2023_02.jpg\" \/>\n\t<meta property=\"og:image:width\" content=\"1000\" \/>\n\t<meta property=\"og:image:height\" content=\"666\" \/>\n\t<meta property=\"og:image:type\" content=\"image\/jpeg\" \/>\n<meta name=\"author\" content=\"oliviere\" \/>\n<meta name=\"twitter:card\" content=\"summary_large_image\" \/>\n<meta name=\"twitter:label1\" content=\"\u00c9crit par\" \/>\n\t<meta name=\"twitter:data1\" content=\"oliviere\" \/>\n<script type=\"application\/ld+json\" class=\"yoast-schema-graph\">{\"@context\":\"https:\\\/\\\/schema.org\",\"@graph\":[{\"@type\":\"Article\",\"@id\":\"https:\\\/\\\/fr.motocrossmag.be\\\/index.php\\\/2023\\\/02\\\/kawasaki-presente-ses-equipes-mxgp-et-world-sbk-dans-un-clip-video-commun\\\/#article\",\"isPartOf\":{\"@id\":\"https:\\\/\\\/fr.motocrossmag.be\\\/index.php\\\/2023\\\/02\\\/kawasaki-presente-ses-equipes-mxgp-et-world-sbk-dans-un-clip-video-commun\\\/\"},\"author\":{\"name\":\"oliviere\",\"@id\":\"https:\\\/\\\/fr.motocrossmag.be\\\/#\\\/schema\\\/person\\\/11b47143d9f755babca2c9110e03235c\"},\"headline\":\"Kawasaki pr\u00e9sente ses \u00e9quipes MXGP et World SBK dans un clip vid\u00e9o commun\",\"datePublished\":\"2023-02-08T22:58:36+00:00\",\"mainEntityOfPage\":{\"@id\":\"https:\\\/\\\/fr.motocrossmag.be\\\/index.php\\\/2023\\\/02\\\/kawasaki-presente-ses-equipes-mxgp-et-world-sbk-dans-un-clip-video-commun\\\/\"},\"wordCount\":111,\"commentCount\":0,\"image\":{\"@id\":\"https:\\\/\\\/fr.motocrossmag.be\\\/index.php\\\/2023\\\/02\\\/kawasaki-presente-ses-equipes-mxgp-et-world-sbk-dans-un-clip-video-commun\\\/#primaryimage\"},\"thumbnailUrl\":\"https:\\\/\\\/fr.motocrossmag.be\\\/wp-content\\\/uploads\\\/2023\\\/02\\\/hi_00_KRT_WorldSBK-MX_2023_02.jpg\",\"keywords\":[\"kawasaki\",\"mitch evans\",\"Motocross\",\"MXGP\",\"romain febvre\"],\"articleSection\":[\"Actualit\u00e9\",\"Motocross\",\"Motocross MXGP\",\"News\",\"News\",\"Videos\"],\"inLanguage\":\"fr-FR\",\"potentialAction\":[{\"@type\":\"CommentAction\",\"name\":\"Comment\",\"target\":[\"https:\\\/\\\/fr.motocrossmag.be\\\/index.php\\\/2023\\\/02\\\/kawasaki-presente-ses-equipes-mxgp-et-world-sbk-dans-un-clip-video-commun\\\/#respond\"]}]},{\"@type\":\"WebPage\",\"@id\":\"https:\\\/\\\/fr.motocrossmag.be\\\/index.php\\\/2023\\\/02\\\/kawasaki-presente-ses-equipes-mxgp-et-world-sbk-dans-un-clip-video-commun\\\/\",\"url\":\"https:\\\/\\\/fr.motocrossmag.be\\\/index.php\\\/2023\\\/02\\\/kawasaki-presente-ses-equipes-mxgp-et-world-sbk-dans-un-clip-video-commun\\\/\",\"name\":\"Kawasaki pr\u00e9sente ses \u00e9quipes MXGP et World SBK dans un clip vid\u00e9o commun - Motocross - Enduro - Supermoto | MotocrossMag\",\"isPartOf\":{\"@id\":\"https:\\\/\\\/fr.motocrossmag.be\\\/#website\"},\"primaryImageOfPage\":{\"@id\":\"https:\\\/\\\/fr.motocrossmag.be\\\/index.php\\\/2023\\\/02\\\/kawasaki-presente-ses-equipes-mxgp-et-world-sbk-dans-un-clip-video-commun\\\/#primaryimage\"},\"image\":{\"@id\":\"https:\\\/\\\/fr.motocrossmag.be\\\/index.php\\\/2023\\\/02\\\/kawasaki-presente-ses-equipes-mxgp-et-world-sbk-dans-un-clip-video-commun\\\/#primaryimage\"},\"thumbnailUrl\":\"https:\\\/\\\/fr.motocrossmag.be\\\/wp-content\\\/uploads\\\/2023\\\/02\\\/hi_00_KRT_WorldSBK-MX_2023_02.jpg\",\"datePublished\":\"2023-02-08T22:58:36+00:00\",\"author\":{\"@id\":\"https:\\\/\\\/fr.motocrossmag.be\\\/#\\\/schema\\\/person\\\/11b47143d9f755babca2c9110e03235c\"},\"breadcrumb\":{\"@id\":\"https:\\\/\\\/fr.motocrossmag.be\\\/index.php\\\/2023\\\/02\\\/kawasaki-presente-ses-equipes-mxgp-et-world-sbk-dans-un-clip-video-commun\\\/#breadcrumb\"},\"inLanguage\":\"fr-FR\",\"potentialAction\":[{\"@type\":\"ReadAction\",\"target\":[\"https:\\\/\\\/fr.motocrossmag.be\\\/index.php\\\/2023\\\/02\\\/kawasaki-presente-ses-equipes-mxgp-et-world-sbk-dans-un-clip-video-commun\\\/\"]}]},{\"@type\":\"ImageObject\",\"inLanguage\":\"fr-FR\",\"@id\":\"https:\\\/\\\/fr.motocrossmag.be\\\/index.php\\\/2023\\\/02\\\/kawasaki-presente-ses-equipes-mxgp-et-world-sbk-dans-un-clip-video-commun\\\/#primaryimage\",\"url\":\"https:\\\/\\\/fr.motocrossmag.be\\\/wp-content\\\/uploads\\\/2023\\\/02\\\/hi_00_KRT_WorldSBK-MX_2023_02.jpg\",\"contentUrl\":\"https:\\\/\\\/fr.motocrossmag.be\\\/wp-content\\\/uploads\\\/2023\\\/02\\\/hi_00_KRT_WorldSBK-MX_2023_02.jpg\",\"width\":\"1000\",\"height\":\"666\"},{\"@type\":\"BreadcrumbList\",\"@id\":\"https:\\\/\\\/fr.motocrossmag.be\\\/index.php\\\/2023\\\/02\\\/kawasaki-presente-ses-equipes-mxgp-et-world-sbk-dans-un-clip-video-commun\\\/#breadcrumb\",\"itemListElement\":[{\"@type\":\"ListItem\",\"position\":1,\"name\":\"Accueil\",\"item\":\"https:\\\/\\\/fr.motocrossmag.be\\\/\"},{\"@type\":\"ListItem\",\"position\":2,\"name\":\"Kawasaki pr\u00e9sente ses \u00e9quipes MXGP et World SBK dans un clip vid\u00e9o commun\"}]},{\"@type\":\"WebSite\",\"@id\":\"https:\\\/\\\/fr.motocrossmag.be\\\/#website\",\"url\":\"https:\\\/\\\/fr.motocrossmag.be\\\/\",\"name\":\"Motocross - Enduro - Supermoto | MotocrossMag\",\"description\":\"L&#039;actualit\u00e9 du motocross, de l&#039;enduro et du Supermoto en ligne!\",\"potentialAction\":[{\"@type\":\"SearchAction\",\"target\":{\"@type\":\"EntryPoint\",\"urlTemplate\":\"https:\\\/\\\/fr.motocrossmag.be\\\/?s={search_term_string}\"},\"query-input\":{\"@type\":\"PropertyValueSpecification\",\"valueRequired\":true,\"valueName\":\"search_term_string\"}}],\"inLanguage\":\"fr-FR\"},{\"@type\":\"Person\",\"@id\":\"https:\\\/\\\/fr.motocrossmag.be\\\/#\\\/schema\\\/person\\\/11b47143d9f755babca2c9110e03235c\",\"name\":\"oliviere\",\"image\":{\"@type\":\"ImageObject\",\"inLanguage\":\"fr-FR\",\"@id\":\"https:\\\/\\\/secure.gravatar.com\\\/avatar\\\/907069e0b81d119452040469e4a7501da1100f54f7f80180ce77bfab718288f6?s=96&d=mm&r=g\",\"url\":\"https:\\\/\\\/secure.gravatar.com\\\/avatar\\\/907069e0b81d119452040469e4a7501da1100f54f7f80180ce77bfab718288f6?s=96&d=mm&r=g\",\"contentUrl\":\"https:\\\/\\\/secure.gravatar.com\\\/avatar\\\/907069e0b81d119452040469e4a7501da1100f54f7f80180ce77bfab718288f6?s=96&d=mm&r=g\",\"caption\":\"oliviere\"},\"sameAs\":[\"http:\\\/\\\/www.motocrossmag.be\"],\"url\":\"https:\\\/\\\/fr.motocrossmag.be\\\/index.php\\\/author\\\/oliviere\\\/\"}]}<\/script>\n<!-- \/ Yoast SEO plugin. -->","yoast_head_json":{"title":"Kawasaki pr\u00e9sente ses \u00e9quipes MXGP et World SBK dans un clip vid\u00e9o commun - Motocross - Enduro - Supermoto | MotocrossMag","robots":{"index":"index","follow":"follow","max-snippet":"max-snippet:-1","max-image-preview":"max-image-preview:large","max-video-preview":"max-video-preview:-1"},"canonical":"https:\/\/fr.motocrossmag.be\/index.php\/2023\/02\/kawasaki-presente-ses-equipes-mxgp-et-world-sbk-dans-un-clip-video-commun\/","og_locale":"fr_FR","og_type":"article","og_title":"Kawasaki pr\u00e9sente ses \u00e9quipes MXGP et World SBK dans un clip vid\u00e9o commun - Motocross - Enduro - Supermoto | MotocrossMag","og_description":"C&rsquo;est une premi\u00e8re. Kawasaki a lanc\u00e9 ce mercredi un clip vid\u00e9o de pr\u00e9sentation de ses teams pour la saison 2023. Un clip dans lequel les deux officiels de la marque [...]","og_url":"https:\/\/fr.motocrossmag.be\/index.php\/2023\/02\/kawasaki-presente-ses-equipes-mxgp-et-world-sbk-dans-un-clip-video-commun\/","og_site_name":"Motocross - Enduro - Supermoto | MotocrossMag","article_published_time":"2023-02-08T22:58:36+00:00","og_image":[{"width":1000,"height":666,"url":"https:\/\/fr.motocrossmag.be\/wp-content\/uploads\/2023\/02\/hi_00_KRT_WorldSBK-MX_2023_02.jpg","type":"image\/jpeg"}],"author":"oliviere","twitter_card":"summary_large_image","twitter_misc":{"\u00c9crit par":"oliviere"},"schema":{"@context":"https:\/\/schema.org","@graph":[{"@type":"Article","@id":"https:\/\/fr.motocrossmag.be\/index.php\/2023\/02\/kawasaki-presente-ses-equipes-mxgp-et-world-sbk-dans-un-clip-video-commun\/#article","isPartOf":{"@id":"https:\/\/fr.motocrossmag.be\/index.php\/2023\/02\/kawasaki-presente-ses-equipes-mxgp-et-world-sbk-dans-un-clip-video-commun\/"},"author":{"name":"oliviere","@id":"https:\/\/fr.motocrossmag.be\/#\/schema\/person\/11b47143d9f755babca2c9110e03235c"},"headline":"Kawasaki pr\u00e9sente ses \u00e9quipes MXGP et World SBK dans un clip vid\u00e9o commun","datePublished":"2023-02-08T22:58:36+00:00","mainEntityOfPage":{"@id":"https:\/\/fr.motocrossmag.be\/index.php\/2023\/02\/kawasaki-presente-ses-equipes-mxgp-et-world-sbk-dans-un-clip-video-commun\/"},"wordCount":111,"commentCount":0,"image":{"@id":"https:\/\/fr.motocrossmag.be\/index.php\/2023\/02\/kawasaki-presente-ses-equipes-mxgp-et-world-sbk-dans-un-clip-video-commun\/#primaryimage"},"thumbnailUrl":"https:\/\/fr.motocrossmag.be\/wp-content\/uploads\/2023\/02\/hi_00_KRT_WorldSBK-MX_2023_02.jpg","keywords":["kawasaki","mitch evans","Motocross","MXGP","romain febvre"],"articleSection":["Actualit\u00e9","Motocross","Motocross MXGP","News","News","Videos"],"inLanguage":"fr-FR","potentialAction":[{"@type":"CommentAction","name":"Comment","target":["https:\/\/fr.motocrossmag.be\/index.php\/2023\/02\/kawasaki-presente-ses-equipes-mxgp-et-world-sbk-dans-un-clip-video-commun\/#respond"]}]},{"@type":"WebPage","@id":"https:\/\/fr.motocrossmag.be\/index.php\/2023\/02\/kawasaki-presente-ses-equipes-mxgp-et-world-sbk-dans-un-clip-video-commun\/","url":"https:\/\/fr.motocrossmag.be\/index.php\/2023\/02\/kawasaki-presente-ses-equipes-mxgp-et-world-sbk-dans-un-clip-video-commun\/","name":"Kawasaki pr\u00e9sente ses \u00e9quipes MXGP et World SBK dans un clip vid\u00e9o commun - Motocross - Enduro - Supermoto | MotocrossMag","isPartOf":{"@id":"https:\/\/fr.motocrossmag.be\/#website"},"primaryImageOfPage":{"@id":"https:\/\/fr.motocrossmag.be\/index.php\/2023\/02\/kawasaki-presente-ses-equipes-mxgp-et-world-sbk-dans-un-clip-video-commun\/#primaryimage"},"image":{"@id":"https:\/\/fr.motocrossmag.be\/index.php\/2023\/02\/kawasaki-presente-ses-equipes-mxgp-et-world-sbk-dans-un-clip-video-commun\/#primaryimage"},"thumbnailUrl":"https:\/\/fr.motocrossmag.be\/wp-content\/uploads\/2023\/02\/hi_00_KRT_WorldSBK-MX_2023_02.jpg","datePublished":"2023-02-08T22:58:36+00:00","author":{"@id":"https:\/\/fr.motocrossmag.be\/#\/schema\/person\/11b47143d9f755babca2c9110e03235c"},"breadcrumb":{"@id":"https:\/\/fr.motocrossmag.be\/index.php\/2023\/02\/kawasaki-presente-ses-equipes-mxgp-et-world-sbk-dans-un-clip-video-commun\/#breadcrumb"},"inLanguage":"fr-FR","potentialAction":[{"@type":"ReadAction","target":["https:\/\/fr.motocrossmag.be\/index.php\/2023\/02\/kawasaki-presente-ses-equipes-mxgp-et-world-sbk-dans-un-clip-video-commun\/"]}]},{"@type":"ImageObject","inLanguage":"fr-FR","@id":"https:\/\/fr.motocrossmag.be\/index.php\/2023\/02\/kawasaki-presente-ses-equipes-mxgp-et-world-sbk-dans-un-clip-video-commun\/#primaryimage","url":"https:\/\/fr.motocrossmag.be\/wp-content\/uploads\/2023\/02\/hi_00_KRT_WorldSBK-MX_2023_02.jpg","contentUrl":"https:\/\/fr.motocrossmag.be\/wp-content\/uploads\/2023\/02\/hi_00_KRT_WorldSBK-MX_2023_02.jpg","width":"1000","height":"666"},{"@type":"BreadcrumbList","@id":"https:\/\/fr.motocrossmag.be\/index.php\/2023\/02\/kawasaki-presente-ses-equipes-mxgp-et-world-sbk-dans-un-clip-video-commun\/#breadcrumb","itemListElement":[{"@type":"ListItem","position":1,"name":"Accueil","item":"https:\/\/fr.motocrossmag.be\/"},{"@type":"ListItem","position":2,"name":"Kawasaki pr\u00e9sente ses \u00e9quipes MXGP et World SBK dans un clip vid\u00e9o commun"}]},{"@type":"WebSite","@id":"https:\/\/fr.motocrossmag.be\/#website","url":"https:\/\/fr.motocrossmag.be\/","name":"Motocross - Enduro - Supermoto | MotocrossMag","description":"L&#039;actualit\u00e9 du motocross, de l&#039;enduro et du Supermoto en ligne!","potentialAction":[{"@type":"SearchAction","target":{"@type":"EntryPoint","urlTemplate":"https:\/\/fr.motocrossmag.be\/?s={search_term_string}"},"query-input":{"@type":"PropertyValueSpecification","valueRequired":true,"valueName":"search_term_string"}}],"inLanguage":"fr-FR"},{"@type":"Person","@id":"https:\/\/fr.motocrossmag.be\/#\/schema\/person\/11b47143d9f755babca2c9110e03235c","name":"oliviere","image":{"@type":"ImageObject","inLanguage":"fr-FR","@id":"https:\/\/secure.gravatar.com\/avatar\/907069e0b81d119452040469e4a7501da1100f54f7f80180ce77bfab718288f6?s=96&d=mm&r=g","url":"https:\/\/secure.gravatar.com\/avatar\/907069e0b81d119452040469e4a7501da1100f54f7f80180ce77bfab718288f6?s=96&d=mm&r=g","contentUrl":"https:\/\/secure.gravatar.com\/avatar\/907069e0b81d119452040469e4a7501da1100f54f7f80180ce77bfab718288f6?s=96&d=mm&r=g","caption":"oliviere"},"sameAs":["http:\/\/www.motocrossmag.be"],"url":"https:\/\/fr.motocrossmag.be\/index.php\/author\/oliviere\/"}]}},"_links":{"self":[{"href":"https:\/\/fr.motocrossmag.be\/index.php\/wp-json\/wp\/v2\/posts\/122869","targetHints":{"allow":["GET"]}}],"collection":[{"href":"https:\/\/fr.motocrossmag.be\/index.php\/wp-json\/wp\/v2\/posts"}],"about":[{"href":"https:\/\/fr.motocrossmag.be\/index.php\/wp-json\/wp\/v2\/types\/post"}],"author":[{"embeddable":true,"href":"https:\/\/fr.motocrossmag.be\/index.php\/wp-json\/wp\/v2\/users\/932"}],"replies":[{"embeddable":true,"href":"https:\/\/fr.motocrossmag.be\/index.php\/wp-json\/wp\/v2\/comments?post=122869"}],"version-history":[{"count":0,"href":"https:\/\/fr.motocrossmag.be\/index.php\/wp-json\/wp\/v2\/posts\/122869\/revisions"}],"wp:featuredmedia":[{"embeddable":true,"href":"https:\/\/fr.motocrossmag.be\/index.php\/wp-json\/wp\/v2\/media\/122870"}],"wp:attachment":[{"href":"https:\/\/fr.motocrossmag.be\/index.php\/wp-json\/wp\/v2\/media?parent=122869"}],"wp:term":[{"taxonomy":"category","embeddable":true,"href":"https:\/\/fr.motocrossmag.be\/index.php\/wp-json\/wp\/v2\/categories?post=122869"},{"taxonomy":"post_tag","embeddable":true,"href":"https:\/\/fr.motocrossmag.be\/index.php\/wp-json\/wp\/v2\/tags?post=122869"}],"curies":[{"name":"wp","href":"https:\/\/api.w.org\/{rel}","templated":true}]}}