{"id":123032,"date":"2023-02-10T13:15:39","date_gmt":"2023-02-10T12:15:39","guid":{"rendered":"http:\/\/fr.motocrossmag.be\/?p=123032"},"modified":"2023-02-10T13:15:39","modified_gmt":"2023-02-10T12:15:39","slug":"video-les-officiels-gasgas-prets-a-briller-sur-le-mondial-mxgp","status":"publish","type":"post","link":"https:\/\/fr.motocrossmag.be\/index.php\/2023\/02\/video-les-officiels-gasgas-prets-a-briller-sur-le-mondial-mxgp\/","title":{"rendered":"Vid\u00e9o : les officiels GasGas pr\u00eats \u00e0 briller sur le mondial MXGP"},"content":{"rendered":"<p><strong> Simon Langenfelder en MX2 comme Jorge Prado et Mattia Guadagnini en MXGP sont pr\u00eats \u00e0 faire briller les couleurs GasGas au firmament du motocross mondial cette saison. On retrouve les trois hommes en action au guidon de leur machine officielle 2023 lors du shooting d&rsquo;avant-saison.<\/strong><\/p>\n<p>&nbsp;<\/p>\n<div class=\"su-youtube su-u-responsive-media-yes\"><iframe class=\"lazyload\" width=\"640\" height=\"400\" src=\"data:image\/svg+xml,%3Csvg%20xmlns%3D%27http%3A%2F%2Fwww.w3.org%2F2000%2Fsvg%27%20width%3D%27640%27%20height%3D%27400%27%20viewBox%3D%270%200%20640%20400%27%3E%3Crect%20width%3D%27640%27%20height%3D%27400%27%20fill-opacity%3D%220%22%2F%3E%3C%2Fsvg%3E\" data-orig-src=\"https:\/\/www.youtube.com\/embed\/17xySpePCqg?\" frameborder=\"0\" allowfullscreen allow=\"autoplay; encrypted-media; picture-in-picture\" title=\"\"><\/iframe><\/div>\n","protected":false},"excerpt":{"rendered":"<p>Simon Langenfelder en MX2 comme Jorge Prado et Mattia Guadagnini en MXGP sont pr\u00eats \u00e0 faire briller les couleurs GasGas au firmament du motocross mondial cette saison. On retrouve les [&#8230;]<\/p>\n","protected":false},"author":932,"featured_media":123069,"comment_status":"open","ping_status":"closed","sticky":false,"template":"","format":"standard","meta":{"footnotes":""},"categories":[54,4,6,5,55,62],"tags":[1190,969,1480],"class_list":["post-123032","post","type-post","status-publish","format-standard","has-post-thumbnail","hentry","category-actualite","category-motocross","category-mx1mx2","category-news","category-news-actualite","category-video","tag-gasgas","tag-jorge-prado","tag-mattia-guadagnini"],"yoast_head":"<!-- This site is optimized with the Yoast SEO plugin v27.4 - https:\/\/yoast.com\/product\/yoast-seo-wordpress\/ -->\n<title>Vid\u00e9o : les officiels GasGas pr\u00eats \u00e0 briller sur le mondial MXGP - Motocross - Enduro - Supermoto | MotocrossMag<\/title>\n<meta name=\"robots\" content=\"index, follow, max-snippet:-1, max-image-preview:large, max-video-preview:-1\" \/>\n<link rel=\"canonical\" href=\"https:\/\/fr.motocrossmag.be\/index.php\/2023\/02\/video-les-officiels-gasgas-prets-a-briller-sur-le-mondial-mxgp\/\" \/>\n<meta property=\"og:locale\" content=\"fr_FR\" \/>\n<meta property=\"og:type\" content=\"article\" \/>\n<meta property=\"og:title\" content=\"Vid\u00e9o : les officiels GasGas pr\u00eats \u00e0 briller sur le mondial MXGP - Motocross - Enduro - Supermoto | MotocrossMag\" \/>\n<meta property=\"og:description\" content=\"Simon Langenfelder en MX2 comme Jorge Prado et Mattia Guadagnini en MXGP sont pr\u00eats \u00e0 faire briller les couleurs GasGas au firmament du motocross mondial cette saison. On retrouve les [...]\" \/>\n<meta property=\"og:url\" content=\"https:\/\/fr.motocrossmag.be\/index.php\/2023\/02\/video-les-officiels-gasgas-prets-a-briller-sur-le-mondial-mxgp\/\" \/>\n<meta property=\"og:site_name\" content=\"Motocross - Enduro - Supermoto | MotocrossMag\" \/>\n<meta property=\"article:published_time\" content=\"2023-02-10T12:15:39+00:00\" \/>\n<meta property=\"og:image\" content=\"https:\/\/fr.motocrossmag.be\/wp-content\/uploads\/2023\/02\/53522_Prado_GASGAS_Factory_2023_JPA_22A3003.jpg\" \/>\n\t<meta property=\"og:image:width\" content=\"1000\" \/>\n\t<meta property=\"og:image:height\" content=\"666\" \/>\n\t<meta property=\"og:image:type\" content=\"image\/jpeg\" \/>\n<meta name=\"author\" content=\"oliviere\" \/>\n<meta name=\"twitter:card\" content=\"summary_large_image\" \/>\n<meta name=\"twitter:label1\" content=\"\u00c9crit par\" \/>\n\t<meta name=\"twitter:data1\" content=\"oliviere\" \/>\n<script type=\"application\/ld+json\" class=\"yoast-schema-graph\">{\"@context\":\"https:\\\/\\\/schema.org\",\"@graph\":[{\"@type\":\"Article\",\"@id\":\"https:\\\/\\\/fr.motocrossmag.be\\\/index.php\\\/2023\\\/02\\\/video-les-officiels-gasgas-prets-a-briller-sur-le-mondial-mxgp\\\/#article\",\"isPartOf\":{\"@id\":\"https:\\\/\\\/fr.motocrossmag.be\\\/index.php\\\/2023\\\/02\\\/video-les-officiels-gasgas-prets-a-briller-sur-le-mondial-mxgp\\\/\"},\"author\":{\"name\":\"oliviere\",\"@id\":\"https:\\\/\\\/fr.motocrossmag.be\\\/#\\\/schema\\\/person\\\/11b47143d9f755babca2c9110e03235c\"},\"headline\":\"Vid\u00e9o : les officiels GasGas pr\u00eats \u00e0 briller sur le mondial MXGP\",\"datePublished\":\"2023-02-10T12:15:39+00:00\",\"mainEntityOfPage\":{\"@id\":\"https:\\\/\\\/fr.motocrossmag.be\\\/index.php\\\/2023\\\/02\\\/video-les-officiels-gasgas-prets-a-briller-sur-le-mondial-mxgp\\\/\"},\"wordCount\":72,\"commentCount\":0,\"image\":{\"@id\":\"https:\\\/\\\/fr.motocrossmag.be\\\/index.php\\\/2023\\\/02\\\/video-les-officiels-gasgas-prets-a-briller-sur-le-mondial-mxgp\\\/#primaryimage\"},\"thumbnailUrl\":\"https:\\\/\\\/fr.motocrossmag.be\\\/wp-content\\\/uploads\\\/2023\\\/02\\\/53522_Prado_GASGAS_Factory_2023_JPA_22A3003.jpg\",\"keywords\":[\"gasgas\",\"jorge prado\",\"Mattia Guadagnini\"],\"articleSection\":[\"Actualit\u00e9\",\"Motocross\",\"Motocross MXGP\",\"News\",\"News\",\"Videos\"],\"inLanguage\":\"fr-FR\",\"potentialAction\":[{\"@type\":\"CommentAction\",\"name\":\"Comment\",\"target\":[\"https:\\\/\\\/fr.motocrossmag.be\\\/index.php\\\/2023\\\/02\\\/video-les-officiels-gasgas-prets-a-briller-sur-le-mondial-mxgp\\\/#respond\"]}]},{\"@type\":\"WebPage\",\"@id\":\"https:\\\/\\\/fr.motocrossmag.be\\\/index.php\\\/2023\\\/02\\\/video-les-officiels-gasgas-prets-a-briller-sur-le-mondial-mxgp\\\/\",\"url\":\"https:\\\/\\\/fr.motocrossmag.be\\\/index.php\\\/2023\\\/02\\\/video-les-officiels-gasgas-prets-a-briller-sur-le-mondial-mxgp\\\/\",\"name\":\"Vid\u00e9o : les officiels GasGas pr\u00eats \u00e0 briller sur le mondial MXGP - Motocross - Enduro - Supermoto | MotocrossMag\",\"isPartOf\":{\"@id\":\"https:\\\/\\\/fr.motocrossmag.be\\\/#website\"},\"primaryImageOfPage\":{\"@id\":\"https:\\\/\\\/fr.motocrossmag.be\\\/index.php\\\/2023\\\/02\\\/video-les-officiels-gasgas-prets-a-briller-sur-le-mondial-mxgp\\\/#primaryimage\"},\"image\":{\"@id\":\"https:\\\/\\\/fr.motocrossmag.be\\\/index.php\\\/2023\\\/02\\\/video-les-officiels-gasgas-prets-a-briller-sur-le-mondial-mxgp\\\/#primaryimage\"},\"thumbnailUrl\":\"https:\\\/\\\/fr.motocrossmag.be\\\/wp-content\\\/uploads\\\/2023\\\/02\\\/53522_Prado_GASGAS_Factory_2023_JPA_22A3003.jpg\",\"datePublished\":\"2023-02-10T12:15:39+00:00\",\"author\":{\"@id\":\"https:\\\/\\\/fr.motocrossmag.be\\\/#\\\/schema\\\/person\\\/11b47143d9f755babca2c9110e03235c\"},\"breadcrumb\":{\"@id\":\"https:\\\/\\\/fr.motocrossmag.be\\\/index.php\\\/2023\\\/02\\\/video-les-officiels-gasgas-prets-a-briller-sur-le-mondial-mxgp\\\/#breadcrumb\"},\"inLanguage\":\"fr-FR\",\"potentialAction\":[{\"@type\":\"ReadAction\",\"target\":[\"https:\\\/\\\/fr.motocrossmag.be\\\/index.php\\\/2023\\\/02\\\/video-les-officiels-gasgas-prets-a-briller-sur-le-mondial-mxgp\\\/\"]}]},{\"@type\":\"ImageObject\",\"inLanguage\":\"fr-FR\",\"@id\":\"https:\\\/\\\/fr.motocrossmag.be\\\/index.php\\\/2023\\\/02\\\/video-les-officiels-gasgas-prets-a-briller-sur-le-mondial-mxgp\\\/#primaryimage\",\"url\":\"https:\\\/\\\/fr.motocrossmag.be\\\/wp-content\\\/uploads\\\/2023\\\/02\\\/53522_Prado_GASGAS_Factory_2023_JPA_22A3003.jpg\",\"contentUrl\":\"https:\\\/\\\/fr.motocrossmag.be\\\/wp-content\\\/uploads\\\/2023\\\/02\\\/53522_Prado_GASGAS_Factory_2023_JPA_22A3003.jpg\",\"width\":\"1000\",\"height\":\"666\"},{\"@type\":\"BreadcrumbList\",\"@id\":\"https:\\\/\\\/fr.motocrossmag.be\\\/index.php\\\/2023\\\/02\\\/video-les-officiels-gasgas-prets-a-briller-sur-le-mondial-mxgp\\\/#breadcrumb\",\"itemListElement\":[{\"@type\":\"ListItem\",\"position\":1,\"name\":\"Accueil\",\"item\":\"https:\\\/\\\/fr.motocrossmag.be\\\/\"},{\"@type\":\"ListItem\",\"position\":2,\"name\":\"Vid\u00e9o : les officiels GasGas pr\u00eats \u00e0 briller sur le mondial MXGP\"}]},{\"@type\":\"WebSite\",\"@id\":\"https:\\\/\\\/fr.motocrossmag.be\\\/#website\",\"url\":\"https:\\\/\\\/fr.motocrossmag.be\\\/\",\"name\":\"Motocross - Enduro - Supermoto | MotocrossMag\",\"description\":\"L&#039;actualit\u00e9 du motocross, de l&#039;enduro et du Supermoto en ligne!\",\"potentialAction\":[{\"@type\":\"SearchAction\",\"target\":{\"@type\":\"EntryPoint\",\"urlTemplate\":\"https:\\\/\\\/fr.motocrossmag.be\\\/?s={search_term_string}\"},\"query-input\":{\"@type\":\"PropertyValueSpecification\",\"valueRequired\":true,\"valueName\":\"search_term_string\"}}],\"inLanguage\":\"fr-FR\"},{\"@type\":\"Person\",\"@id\":\"https:\\\/\\\/fr.motocrossmag.be\\\/#\\\/schema\\\/person\\\/11b47143d9f755babca2c9110e03235c\",\"name\":\"oliviere\",\"image\":{\"@type\":\"ImageObject\",\"inLanguage\":\"fr-FR\",\"@id\":\"https:\\\/\\\/secure.gravatar.com\\\/avatar\\\/907069e0b81d119452040469e4a7501da1100f54f7f80180ce77bfab718288f6?s=96&d=mm&r=g\",\"url\":\"https:\\\/\\\/secure.gravatar.com\\\/avatar\\\/907069e0b81d119452040469e4a7501da1100f54f7f80180ce77bfab718288f6?s=96&d=mm&r=g\",\"contentUrl\":\"https:\\\/\\\/secure.gravatar.com\\\/avatar\\\/907069e0b81d119452040469e4a7501da1100f54f7f80180ce77bfab718288f6?s=96&d=mm&r=g\",\"caption\":\"oliviere\"},\"sameAs\":[\"http:\\\/\\\/www.motocrossmag.be\"],\"url\":\"https:\\\/\\\/fr.motocrossmag.be\\\/index.php\\\/author\\\/oliviere\\\/\"}]}<\/script>\n<!-- \/ Yoast SEO plugin. -->","yoast_head_json":{"title":"Vid\u00e9o : les officiels GasGas pr\u00eats \u00e0 briller sur le mondial MXGP - Motocross - Enduro - Supermoto | MotocrossMag","robots":{"index":"index","follow":"follow","max-snippet":"max-snippet:-1","max-image-preview":"max-image-preview:large","max-video-preview":"max-video-preview:-1"},"canonical":"https:\/\/fr.motocrossmag.be\/index.php\/2023\/02\/video-les-officiels-gasgas-prets-a-briller-sur-le-mondial-mxgp\/","og_locale":"fr_FR","og_type":"article","og_title":"Vid\u00e9o : les officiels GasGas pr\u00eats \u00e0 briller sur le mondial MXGP - Motocross - Enduro - Supermoto | MotocrossMag","og_description":"Simon Langenfelder en MX2 comme Jorge Prado et Mattia Guadagnini en MXGP sont pr\u00eats \u00e0 faire briller les couleurs GasGas au firmament du motocross mondial cette saison. On retrouve les [...]","og_url":"https:\/\/fr.motocrossmag.be\/index.php\/2023\/02\/video-les-officiels-gasgas-prets-a-briller-sur-le-mondial-mxgp\/","og_site_name":"Motocross - Enduro - Supermoto | MotocrossMag","article_published_time":"2023-02-10T12:15:39+00:00","og_image":[{"width":1000,"height":666,"url":"https:\/\/fr.motocrossmag.be\/wp-content\/uploads\/2023\/02\/53522_Prado_GASGAS_Factory_2023_JPA_22A3003.jpg","type":"image\/jpeg"}],"author":"oliviere","twitter_card":"summary_large_image","twitter_misc":{"\u00c9crit par":"oliviere"},"schema":{"@context":"https:\/\/schema.org","@graph":[{"@type":"Article","@id":"https:\/\/fr.motocrossmag.be\/index.php\/2023\/02\/video-les-officiels-gasgas-prets-a-briller-sur-le-mondial-mxgp\/#article","isPartOf":{"@id":"https:\/\/fr.motocrossmag.be\/index.php\/2023\/02\/video-les-officiels-gasgas-prets-a-briller-sur-le-mondial-mxgp\/"},"author":{"name":"oliviere","@id":"https:\/\/fr.motocrossmag.be\/#\/schema\/person\/11b47143d9f755babca2c9110e03235c"},"headline":"Vid\u00e9o : les officiels GasGas pr\u00eats \u00e0 briller sur le mondial MXGP","datePublished":"2023-02-10T12:15:39+00:00","mainEntityOfPage":{"@id":"https:\/\/fr.motocrossmag.be\/index.php\/2023\/02\/video-les-officiels-gasgas-prets-a-briller-sur-le-mondial-mxgp\/"},"wordCount":72,"commentCount":0,"image":{"@id":"https:\/\/fr.motocrossmag.be\/index.php\/2023\/02\/video-les-officiels-gasgas-prets-a-briller-sur-le-mondial-mxgp\/#primaryimage"},"thumbnailUrl":"https:\/\/fr.motocrossmag.be\/wp-content\/uploads\/2023\/02\/53522_Prado_GASGAS_Factory_2023_JPA_22A3003.jpg","keywords":["gasgas","jorge prado","Mattia Guadagnini"],"articleSection":["Actualit\u00e9","Motocross","Motocross MXGP","News","News","Videos"],"inLanguage":"fr-FR","potentialAction":[{"@type":"CommentAction","name":"Comment","target":["https:\/\/fr.motocrossmag.be\/index.php\/2023\/02\/video-les-officiels-gasgas-prets-a-briller-sur-le-mondial-mxgp\/#respond"]}]},{"@type":"WebPage","@id":"https:\/\/fr.motocrossmag.be\/index.php\/2023\/02\/video-les-officiels-gasgas-prets-a-briller-sur-le-mondial-mxgp\/","url":"https:\/\/fr.motocrossmag.be\/index.php\/2023\/02\/video-les-officiels-gasgas-prets-a-briller-sur-le-mondial-mxgp\/","name":"Vid\u00e9o : les officiels GasGas pr\u00eats \u00e0 briller sur le mondial MXGP - Motocross - Enduro - Supermoto | MotocrossMag","isPartOf":{"@id":"https:\/\/fr.motocrossmag.be\/#website"},"primaryImageOfPage":{"@id":"https:\/\/fr.motocrossmag.be\/index.php\/2023\/02\/video-les-officiels-gasgas-prets-a-briller-sur-le-mondial-mxgp\/#primaryimage"},"image":{"@id":"https:\/\/fr.motocrossmag.be\/index.php\/2023\/02\/video-les-officiels-gasgas-prets-a-briller-sur-le-mondial-mxgp\/#primaryimage"},"thumbnailUrl":"https:\/\/fr.motocrossmag.be\/wp-content\/uploads\/2023\/02\/53522_Prado_GASGAS_Factory_2023_JPA_22A3003.jpg","datePublished":"2023-02-10T12:15:39+00:00","author":{"@id":"https:\/\/fr.motocrossmag.be\/#\/schema\/person\/11b47143d9f755babca2c9110e03235c"},"breadcrumb":{"@id":"https:\/\/fr.motocrossmag.be\/index.php\/2023\/02\/video-les-officiels-gasgas-prets-a-briller-sur-le-mondial-mxgp\/#breadcrumb"},"inLanguage":"fr-FR","potentialAction":[{"@type":"ReadAction","target":["https:\/\/fr.motocrossmag.be\/index.php\/2023\/02\/video-les-officiels-gasgas-prets-a-briller-sur-le-mondial-mxgp\/"]}]},{"@type":"ImageObject","inLanguage":"fr-FR","@id":"https:\/\/fr.motocrossmag.be\/index.php\/2023\/02\/video-les-officiels-gasgas-prets-a-briller-sur-le-mondial-mxgp\/#primaryimage","url":"https:\/\/fr.motocrossmag.be\/wp-content\/uploads\/2023\/02\/53522_Prado_GASGAS_Factory_2023_JPA_22A3003.jpg","contentUrl":"https:\/\/fr.motocrossmag.be\/wp-content\/uploads\/2023\/02\/53522_Prado_GASGAS_Factory_2023_JPA_22A3003.jpg","width":"1000","height":"666"},{"@type":"BreadcrumbList","@id":"https:\/\/fr.motocrossmag.be\/index.php\/2023\/02\/video-les-officiels-gasgas-prets-a-briller-sur-le-mondial-mxgp\/#breadcrumb","itemListElement":[{"@type":"ListItem","position":1,"name":"Accueil","item":"https:\/\/fr.motocrossmag.be\/"},{"@type":"ListItem","position":2,"name":"Vid\u00e9o : les officiels GasGas pr\u00eats \u00e0 briller sur le mondial MXGP"}]},{"@type":"WebSite","@id":"https:\/\/fr.motocrossmag.be\/#website","url":"https:\/\/fr.motocrossmag.be\/","name":"Motocross - Enduro - Supermoto | MotocrossMag","description":"L&#039;actualit\u00e9 du motocross, de l&#039;enduro et du Supermoto en ligne!","potentialAction":[{"@type":"SearchAction","target":{"@type":"EntryPoint","urlTemplate":"https:\/\/fr.motocrossmag.be\/?s={search_term_string}"},"query-input":{"@type":"PropertyValueSpecification","valueRequired":true,"valueName":"search_term_string"}}],"inLanguage":"fr-FR"},{"@type":"Person","@id":"https:\/\/fr.motocrossmag.be\/#\/schema\/person\/11b47143d9f755babca2c9110e03235c","name":"oliviere","image":{"@type":"ImageObject","inLanguage":"fr-FR","@id":"https:\/\/secure.gravatar.com\/avatar\/907069e0b81d119452040469e4a7501da1100f54f7f80180ce77bfab718288f6?s=96&d=mm&r=g","url":"https:\/\/secure.gravatar.com\/avatar\/907069e0b81d119452040469e4a7501da1100f54f7f80180ce77bfab718288f6?s=96&d=mm&r=g","contentUrl":"https:\/\/secure.gravatar.com\/avatar\/907069e0b81d119452040469e4a7501da1100f54f7f80180ce77bfab718288f6?s=96&d=mm&r=g","caption":"oliviere"},"sameAs":["http:\/\/www.motocrossmag.be"],"url":"https:\/\/fr.motocrossmag.be\/index.php\/author\/oliviere\/"}]}},"_links":{"self":[{"href":"https:\/\/fr.motocrossmag.be\/index.php\/wp-json\/wp\/v2\/posts\/123032","targetHints":{"allow":["GET"]}}],"collection":[{"href":"https:\/\/fr.motocrossmag.be\/index.php\/wp-json\/wp\/v2\/posts"}],"about":[{"href":"https:\/\/fr.motocrossmag.be\/index.php\/wp-json\/wp\/v2\/types\/post"}],"author":[{"embeddable":true,"href":"https:\/\/fr.motocrossmag.be\/index.php\/wp-json\/wp\/v2\/users\/932"}],"replies":[{"embeddable":true,"href":"https:\/\/fr.motocrossmag.be\/index.php\/wp-json\/wp\/v2\/comments?post=123032"}],"version-history":[{"count":0,"href":"https:\/\/fr.motocrossmag.be\/index.php\/wp-json\/wp\/v2\/posts\/123032\/revisions"}],"wp:featuredmedia":[{"embeddable":true,"href":"https:\/\/fr.motocrossmag.be\/index.php\/wp-json\/wp\/v2\/media\/123069"}],"wp:attachment":[{"href":"https:\/\/fr.motocrossmag.be\/index.php\/wp-json\/wp\/v2\/media?parent=123032"}],"wp:term":[{"taxonomy":"category","embeddable":true,"href":"https:\/\/fr.motocrossmag.be\/index.php\/wp-json\/wp\/v2\/categories?post=123032"},{"taxonomy":"post_tag","embeddable":true,"href":"https:\/\/fr.motocrossmag.be\/index.php\/wp-json\/wp\/v2\/tags?post=123032"}],"curies":[{"name":"wp","href":"https:\/\/api.w.org\/{rel}","templated":true}]}}