{"id":123078,"date":"2023-02-10T13:26:18","date_gmt":"2023-02-10T12:26:18","guid":{"rendered":"http:\/\/fr.motocrossmag.be\/?p=123078"},"modified":"2023-02-10T13:26:18","modified_gmt":"2023-02-10T12:26:18","slug":"jorge-prado-je-pense-pouvoir-me-battre-pour-le-titre-mondial-mxgp","status":"publish","type":"post","link":"https:\/\/fr.motocrossmag.be\/index.php\/2023\/02\/jorge-prado-je-pense-pouvoir-me-battre-pour-le-titre-mondial-mxgp\/","title":{"rendered":"Jorge Prado : \u00ab\u00a0Je pense pouvoir me battre pour le titre mondial MXGP\u00a0\u00bb"},"content":{"rendered":"<p><strong>Le 12 mars prochain, Jorge Prado entamera en Argentine sa quatri\u00e8me saison dans la cat\u00e9gorie reine du motocross mondial. Apr\u00e8s une premi\u00e8re saison avec le team officiel GasGas marqu\u00e9e par une m\u00e9daille de bronze au classement final de la saison 2022 et un GP remport\u00e9, le double champion du monde MX2 esp\u00e8re d&rsquo;autres succ\u00e8s.<\/strong><\/p>\n<p>Comme tous les pilotes engag\u00e9s sur le championnat MXGP, Jorge Prado a encha\u00een\u00e9 les s\u00e9ances de testing ces derni\u00e8res semaines. L&rsquo;Espagnol est confiant. \u00ab\u00a0Nous avons eu une bonne intersaison jusqu&rsquo;\u00e0 pr\u00e9sent\u00a0\u00bb, explique-t-il. \u00ab\u00a0Nous avons fait quelques changements sur la moto et je me sens globalement mieux pr\u00e9par\u00e9 que les ann\u00e9es pr\u00e9c\u00e9dentes. Je suis vraiment impatient de reprendre la comp\u00e9tition dans un mois ! J&rsquo;esp\u00e8re pouvoir \u00eatre sur le podium \u00e0 chaque manche cette ann\u00e9e et obtenir autant de victoires que possible. Bien s\u00fbr, l&rsquo;objectif principal reste de d\u00e9crocher le titre. Et je pense que je suis capable de le faire. J&rsquo;ai eu la chance de pouvoir me battre pour ce titre durant les derni\u00e8res saisons, alors j&rsquo;esp\u00e8re pouvoir faire de m\u00eame cette ann\u00e9e.\u00a0\u00bb<\/p>\n<p>&nbsp;<\/p>\n","protected":false},"excerpt":{"rendered":"<p>Le 12 mars prochain, Jorge Prado entamera en Argentine sa quatri\u00e8me saison dans la cat\u00e9gorie reine du motocross mondial. Apr\u00e8s une premi\u00e8re saison avec le team officiel GasGas marqu\u00e9e par [&#8230;]<\/p>\n","protected":false},"author":932,"featured_media":123036,"comment_status":"open","ping_status":"closed","sticky":false,"template":"","format":"standard","meta":{"footnotes":""},"categories":[54,7,58,4,6,5,55,65],"tags":[969,947,568],"class_list":["post-123078","post","type-post","status-publish","format-standard","has-post-thumbnail","hentry","category-actualite","category-interviews","category-interviews-actualite","category-motocross","category-mx1mx2","category-news","category-news-actualite","category-slideshow","tag-jorge-prado","tag-motocross","tag-mxgp"],"yoast_head":"<!-- This site is optimized with the Yoast SEO plugin v27.4 - https:\/\/yoast.com\/product\/yoast-seo-wordpress\/ -->\n<title>Jorge Prado : &quot;Je pense pouvoir me battre pour le titre mondial MXGP&quot; - Motocross - Enduro - Supermoto | MotocrossMag<\/title>\n<meta name=\"robots\" content=\"index, follow, max-snippet:-1, max-image-preview:large, max-video-preview:-1\" \/>\n<link rel=\"canonical\" href=\"https:\/\/fr.motocrossmag.be\/index.php\/2023\/02\/jorge-prado-je-pense-pouvoir-me-battre-pour-le-titre-mondial-mxgp\/\" \/>\n<meta property=\"og:locale\" content=\"fr_FR\" \/>\n<meta property=\"og:type\" content=\"article\" \/>\n<meta property=\"og:title\" content=\"Jorge Prado : &quot;Je pense pouvoir me battre pour le titre mondial MXGP&quot; - Motocross - Enduro - Supermoto | MotocrossMag\" \/>\n<meta property=\"og:description\" content=\"Le 12 mars prochain, Jorge Prado entamera en Argentine sa quatri\u00e8me saison dans la cat\u00e9gorie reine du motocross mondial. Apr\u00e8s une premi\u00e8re saison avec le team officiel GasGas marqu\u00e9e par [...]\" \/>\n<meta property=\"og:url\" content=\"https:\/\/fr.motocrossmag.be\/index.php\/2023\/02\/jorge-prado-je-pense-pouvoir-me-battre-pour-le-titre-mondial-mxgp\/\" \/>\n<meta property=\"og:site_name\" content=\"Motocross - Enduro - Supermoto | MotocrossMag\" \/>\n<meta property=\"article:published_time\" content=\"2023-02-10T12:26:18+00:00\" \/>\n<meta property=\"og:image\" content=\"https:\/\/fr.motocrossmag.be\/wp-content\/uploads\/2023\/02\/53409_Prado_GasGas_Factory_2023_JPA_22A1622.jpg\" \/>\n\t<meta property=\"og:image:width\" content=\"1000\" \/>\n\t<meta property=\"og:image:height\" content=\"666\" \/>\n\t<meta property=\"og:image:type\" content=\"image\/jpeg\" \/>\n<meta name=\"author\" content=\"oliviere\" \/>\n<meta name=\"twitter:card\" content=\"summary_large_image\" \/>\n<meta name=\"twitter:label1\" content=\"\u00c9crit par\" \/>\n\t<meta name=\"twitter:data1\" content=\"oliviere\" \/>\n\t<meta name=\"twitter:label2\" content=\"Dur\u00e9e de lecture estim\u00e9e\" \/>\n\t<meta name=\"twitter:data2\" content=\"1 minute\" \/>\n<script type=\"application\/ld+json\" class=\"yoast-schema-graph\">{\"@context\":\"https:\\\/\\\/schema.org\",\"@graph\":[{\"@type\":\"Article\",\"@id\":\"https:\\\/\\\/fr.motocrossmag.be\\\/index.php\\\/2023\\\/02\\\/jorge-prado-je-pense-pouvoir-me-battre-pour-le-titre-mondial-mxgp\\\/#article\",\"isPartOf\":{\"@id\":\"https:\\\/\\\/fr.motocrossmag.be\\\/index.php\\\/2023\\\/02\\\/jorge-prado-je-pense-pouvoir-me-battre-pour-le-titre-mondial-mxgp\\\/\"},\"author\":{\"name\":\"oliviere\",\"@id\":\"https:\\\/\\\/fr.motocrossmag.be\\\/#\\\/schema\\\/person\\\/11b47143d9f755babca2c9110e03235c\"},\"headline\":\"Jorge Prado : \u00ab\u00a0Je pense pouvoir me battre pour le titre mondial MXGP\u00a0\u00bb\",\"datePublished\":\"2023-02-10T12:26:18+00:00\",\"mainEntityOfPage\":{\"@id\":\"https:\\\/\\\/fr.motocrossmag.be\\\/index.php\\\/2023\\\/02\\\/jorge-prado-je-pense-pouvoir-me-battre-pour-le-titre-mondial-mxgp\\\/\"},\"wordCount\":218,\"commentCount\":0,\"image\":{\"@id\":\"https:\\\/\\\/fr.motocrossmag.be\\\/index.php\\\/2023\\\/02\\\/jorge-prado-je-pense-pouvoir-me-battre-pour-le-titre-mondial-mxgp\\\/#primaryimage\"},\"thumbnailUrl\":\"https:\\\/\\\/fr.motocrossmag.be\\\/wp-content\\\/uploads\\\/2023\\\/02\\\/53409_Prado_GasGas_Factory_2023_JPA_22A1622.jpg\",\"keywords\":[\"jorge prado\",\"Motocross\",\"MXGP\"],\"articleSection\":[\"Actualit\u00e9\",\"Interviews\",\"Interviews -all\",\"Motocross\",\"Motocross MXGP\",\"News\",\"News\",\"Slideshow\"],\"inLanguage\":\"fr-FR\",\"potentialAction\":[{\"@type\":\"CommentAction\",\"name\":\"Comment\",\"target\":[\"https:\\\/\\\/fr.motocrossmag.be\\\/index.php\\\/2023\\\/02\\\/jorge-prado-je-pense-pouvoir-me-battre-pour-le-titre-mondial-mxgp\\\/#respond\"]}]},{\"@type\":\"WebPage\",\"@id\":\"https:\\\/\\\/fr.motocrossmag.be\\\/index.php\\\/2023\\\/02\\\/jorge-prado-je-pense-pouvoir-me-battre-pour-le-titre-mondial-mxgp\\\/\",\"url\":\"https:\\\/\\\/fr.motocrossmag.be\\\/index.php\\\/2023\\\/02\\\/jorge-prado-je-pense-pouvoir-me-battre-pour-le-titre-mondial-mxgp\\\/\",\"name\":\"Jorge Prado : \\\"Je pense pouvoir me battre pour le titre mondial MXGP\\\" - Motocross - Enduro - Supermoto | MotocrossMag\",\"isPartOf\":{\"@id\":\"https:\\\/\\\/fr.motocrossmag.be\\\/#website\"},\"primaryImageOfPage\":{\"@id\":\"https:\\\/\\\/fr.motocrossmag.be\\\/index.php\\\/2023\\\/02\\\/jorge-prado-je-pense-pouvoir-me-battre-pour-le-titre-mondial-mxgp\\\/#primaryimage\"},\"image\":{\"@id\":\"https:\\\/\\\/fr.motocrossmag.be\\\/index.php\\\/2023\\\/02\\\/jorge-prado-je-pense-pouvoir-me-battre-pour-le-titre-mondial-mxgp\\\/#primaryimage\"},\"thumbnailUrl\":\"https:\\\/\\\/fr.motocrossmag.be\\\/wp-content\\\/uploads\\\/2023\\\/02\\\/53409_Prado_GasGas_Factory_2023_JPA_22A1622.jpg\",\"datePublished\":\"2023-02-10T12:26:18+00:00\",\"author\":{\"@id\":\"https:\\\/\\\/fr.motocrossmag.be\\\/#\\\/schema\\\/person\\\/11b47143d9f755babca2c9110e03235c\"},\"breadcrumb\":{\"@id\":\"https:\\\/\\\/fr.motocrossmag.be\\\/index.php\\\/2023\\\/02\\\/jorge-prado-je-pense-pouvoir-me-battre-pour-le-titre-mondial-mxgp\\\/#breadcrumb\"},\"inLanguage\":\"fr-FR\",\"potentialAction\":[{\"@type\":\"ReadAction\",\"target\":[\"https:\\\/\\\/fr.motocrossmag.be\\\/index.php\\\/2023\\\/02\\\/jorge-prado-je-pense-pouvoir-me-battre-pour-le-titre-mondial-mxgp\\\/\"]}]},{\"@type\":\"ImageObject\",\"inLanguage\":\"fr-FR\",\"@id\":\"https:\\\/\\\/fr.motocrossmag.be\\\/index.php\\\/2023\\\/02\\\/jorge-prado-je-pense-pouvoir-me-battre-pour-le-titre-mondial-mxgp\\\/#primaryimage\",\"url\":\"https:\\\/\\\/fr.motocrossmag.be\\\/wp-content\\\/uploads\\\/2023\\\/02\\\/53409_Prado_GasGas_Factory_2023_JPA_22A1622.jpg\",\"contentUrl\":\"https:\\\/\\\/fr.motocrossmag.be\\\/wp-content\\\/uploads\\\/2023\\\/02\\\/53409_Prado_GasGas_Factory_2023_JPA_22A1622.jpg\",\"width\":\"1000\",\"height\":\"666\"},{\"@type\":\"BreadcrumbList\",\"@id\":\"https:\\\/\\\/fr.motocrossmag.be\\\/index.php\\\/2023\\\/02\\\/jorge-prado-je-pense-pouvoir-me-battre-pour-le-titre-mondial-mxgp\\\/#breadcrumb\",\"itemListElement\":[{\"@type\":\"ListItem\",\"position\":1,\"name\":\"Accueil\",\"item\":\"https:\\\/\\\/fr.motocrossmag.be\\\/\"},{\"@type\":\"ListItem\",\"position\":2,\"name\":\"Jorge Prado : \u00ab\u00a0Je pense pouvoir me battre pour le titre mondial MXGP\u00a0\u00bb\"}]},{\"@type\":\"WebSite\",\"@id\":\"https:\\\/\\\/fr.motocrossmag.be\\\/#website\",\"url\":\"https:\\\/\\\/fr.motocrossmag.be\\\/\",\"name\":\"Motocross - Enduro - Supermoto | MotocrossMag\",\"description\":\"L&#039;actualit\u00e9 du motocross, de l&#039;enduro et du Supermoto en ligne!\",\"potentialAction\":[{\"@type\":\"SearchAction\",\"target\":{\"@type\":\"EntryPoint\",\"urlTemplate\":\"https:\\\/\\\/fr.motocrossmag.be\\\/?s={search_term_string}\"},\"query-input\":{\"@type\":\"PropertyValueSpecification\",\"valueRequired\":true,\"valueName\":\"search_term_string\"}}],\"inLanguage\":\"fr-FR\"},{\"@type\":\"Person\",\"@id\":\"https:\\\/\\\/fr.motocrossmag.be\\\/#\\\/schema\\\/person\\\/11b47143d9f755babca2c9110e03235c\",\"name\":\"oliviere\",\"image\":{\"@type\":\"ImageObject\",\"inLanguage\":\"fr-FR\",\"@id\":\"https:\\\/\\\/secure.gravatar.com\\\/avatar\\\/907069e0b81d119452040469e4a7501da1100f54f7f80180ce77bfab718288f6?s=96&d=mm&r=g\",\"url\":\"https:\\\/\\\/secure.gravatar.com\\\/avatar\\\/907069e0b81d119452040469e4a7501da1100f54f7f80180ce77bfab718288f6?s=96&d=mm&r=g\",\"contentUrl\":\"https:\\\/\\\/secure.gravatar.com\\\/avatar\\\/907069e0b81d119452040469e4a7501da1100f54f7f80180ce77bfab718288f6?s=96&d=mm&r=g\",\"caption\":\"oliviere\"},\"sameAs\":[\"http:\\\/\\\/www.motocrossmag.be\"],\"url\":\"https:\\\/\\\/fr.motocrossmag.be\\\/index.php\\\/author\\\/oliviere\\\/\"}]}<\/script>\n<!-- \/ Yoast SEO plugin. -->","yoast_head_json":{"title":"Jorge Prado : \"Je pense pouvoir me battre pour le titre mondial MXGP\" - Motocross - Enduro - Supermoto | MotocrossMag","robots":{"index":"index","follow":"follow","max-snippet":"max-snippet:-1","max-image-preview":"max-image-preview:large","max-video-preview":"max-video-preview:-1"},"canonical":"https:\/\/fr.motocrossmag.be\/index.php\/2023\/02\/jorge-prado-je-pense-pouvoir-me-battre-pour-le-titre-mondial-mxgp\/","og_locale":"fr_FR","og_type":"article","og_title":"Jorge Prado : \"Je pense pouvoir me battre pour le titre mondial MXGP\" - Motocross - Enduro - Supermoto | MotocrossMag","og_description":"Le 12 mars prochain, Jorge Prado entamera en Argentine sa quatri\u00e8me saison dans la cat\u00e9gorie reine du motocross mondial. Apr\u00e8s une premi\u00e8re saison avec le team officiel GasGas marqu\u00e9e par [...]","og_url":"https:\/\/fr.motocrossmag.be\/index.php\/2023\/02\/jorge-prado-je-pense-pouvoir-me-battre-pour-le-titre-mondial-mxgp\/","og_site_name":"Motocross - Enduro - Supermoto | MotocrossMag","article_published_time":"2023-02-10T12:26:18+00:00","og_image":[{"width":1000,"height":666,"url":"https:\/\/fr.motocrossmag.be\/wp-content\/uploads\/2023\/02\/53409_Prado_GasGas_Factory_2023_JPA_22A1622.jpg","type":"image\/jpeg"}],"author":"oliviere","twitter_card":"summary_large_image","twitter_misc":{"\u00c9crit par":"oliviere","Dur\u00e9e de lecture estim\u00e9e":"1 minute"},"schema":{"@context":"https:\/\/schema.org","@graph":[{"@type":"Article","@id":"https:\/\/fr.motocrossmag.be\/index.php\/2023\/02\/jorge-prado-je-pense-pouvoir-me-battre-pour-le-titre-mondial-mxgp\/#article","isPartOf":{"@id":"https:\/\/fr.motocrossmag.be\/index.php\/2023\/02\/jorge-prado-je-pense-pouvoir-me-battre-pour-le-titre-mondial-mxgp\/"},"author":{"name":"oliviere","@id":"https:\/\/fr.motocrossmag.be\/#\/schema\/person\/11b47143d9f755babca2c9110e03235c"},"headline":"Jorge Prado : \u00ab\u00a0Je pense pouvoir me battre pour le titre mondial MXGP\u00a0\u00bb","datePublished":"2023-02-10T12:26:18+00:00","mainEntityOfPage":{"@id":"https:\/\/fr.motocrossmag.be\/index.php\/2023\/02\/jorge-prado-je-pense-pouvoir-me-battre-pour-le-titre-mondial-mxgp\/"},"wordCount":218,"commentCount":0,"image":{"@id":"https:\/\/fr.motocrossmag.be\/index.php\/2023\/02\/jorge-prado-je-pense-pouvoir-me-battre-pour-le-titre-mondial-mxgp\/#primaryimage"},"thumbnailUrl":"https:\/\/fr.motocrossmag.be\/wp-content\/uploads\/2023\/02\/53409_Prado_GasGas_Factory_2023_JPA_22A1622.jpg","keywords":["jorge prado","Motocross","MXGP"],"articleSection":["Actualit\u00e9","Interviews","Interviews -all","Motocross","Motocross MXGP","News","News","Slideshow"],"inLanguage":"fr-FR","potentialAction":[{"@type":"CommentAction","name":"Comment","target":["https:\/\/fr.motocrossmag.be\/index.php\/2023\/02\/jorge-prado-je-pense-pouvoir-me-battre-pour-le-titre-mondial-mxgp\/#respond"]}]},{"@type":"WebPage","@id":"https:\/\/fr.motocrossmag.be\/index.php\/2023\/02\/jorge-prado-je-pense-pouvoir-me-battre-pour-le-titre-mondial-mxgp\/","url":"https:\/\/fr.motocrossmag.be\/index.php\/2023\/02\/jorge-prado-je-pense-pouvoir-me-battre-pour-le-titre-mondial-mxgp\/","name":"Jorge Prado : \"Je pense pouvoir me battre pour le titre mondial MXGP\" - Motocross - Enduro - Supermoto | MotocrossMag","isPartOf":{"@id":"https:\/\/fr.motocrossmag.be\/#website"},"primaryImageOfPage":{"@id":"https:\/\/fr.motocrossmag.be\/index.php\/2023\/02\/jorge-prado-je-pense-pouvoir-me-battre-pour-le-titre-mondial-mxgp\/#primaryimage"},"image":{"@id":"https:\/\/fr.motocrossmag.be\/index.php\/2023\/02\/jorge-prado-je-pense-pouvoir-me-battre-pour-le-titre-mondial-mxgp\/#primaryimage"},"thumbnailUrl":"https:\/\/fr.motocrossmag.be\/wp-content\/uploads\/2023\/02\/53409_Prado_GasGas_Factory_2023_JPA_22A1622.jpg","datePublished":"2023-02-10T12:26:18+00:00","author":{"@id":"https:\/\/fr.motocrossmag.be\/#\/schema\/person\/11b47143d9f755babca2c9110e03235c"},"breadcrumb":{"@id":"https:\/\/fr.motocrossmag.be\/index.php\/2023\/02\/jorge-prado-je-pense-pouvoir-me-battre-pour-le-titre-mondial-mxgp\/#breadcrumb"},"inLanguage":"fr-FR","potentialAction":[{"@type":"ReadAction","target":["https:\/\/fr.motocrossmag.be\/index.php\/2023\/02\/jorge-prado-je-pense-pouvoir-me-battre-pour-le-titre-mondial-mxgp\/"]}]},{"@type":"ImageObject","inLanguage":"fr-FR","@id":"https:\/\/fr.motocrossmag.be\/index.php\/2023\/02\/jorge-prado-je-pense-pouvoir-me-battre-pour-le-titre-mondial-mxgp\/#primaryimage","url":"https:\/\/fr.motocrossmag.be\/wp-content\/uploads\/2023\/02\/53409_Prado_GasGas_Factory_2023_JPA_22A1622.jpg","contentUrl":"https:\/\/fr.motocrossmag.be\/wp-content\/uploads\/2023\/02\/53409_Prado_GasGas_Factory_2023_JPA_22A1622.jpg","width":"1000","height":"666"},{"@type":"BreadcrumbList","@id":"https:\/\/fr.motocrossmag.be\/index.php\/2023\/02\/jorge-prado-je-pense-pouvoir-me-battre-pour-le-titre-mondial-mxgp\/#breadcrumb","itemListElement":[{"@type":"ListItem","position":1,"name":"Accueil","item":"https:\/\/fr.motocrossmag.be\/"},{"@type":"ListItem","position":2,"name":"Jorge Prado : \u00ab\u00a0Je pense pouvoir me battre pour le titre mondial MXGP\u00a0\u00bb"}]},{"@type":"WebSite","@id":"https:\/\/fr.motocrossmag.be\/#website","url":"https:\/\/fr.motocrossmag.be\/","name":"Motocross - Enduro - Supermoto | MotocrossMag","description":"L&#039;actualit\u00e9 du motocross, de l&#039;enduro et du Supermoto en ligne!","potentialAction":[{"@type":"SearchAction","target":{"@type":"EntryPoint","urlTemplate":"https:\/\/fr.motocrossmag.be\/?s={search_term_string}"},"query-input":{"@type":"PropertyValueSpecification","valueRequired":true,"valueName":"search_term_string"}}],"inLanguage":"fr-FR"},{"@type":"Person","@id":"https:\/\/fr.motocrossmag.be\/#\/schema\/person\/11b47143d9f755babca2c9110e03235c","name":"oliviere","image":{"@type":"ImageObject","inLanguage":"fr-FR","@id":"https:\/\/secure.gravatar.com\/avatar\/907069e0b81d119452040469e4a7501da1100f54f7f80180ce77bfab718288f6?s=96&d=mm&r=g","url":"https:\/\/secure.gravatar.com\/avatar\/907069e0b81d119452040469e4a7501da1100f54f7f80180ce77bfab718288f6?s=96&d=mm&r=g","contentUrl":"https:\/\/secure.gravatar.com\/avatar\/907069e0b81d119452040469e4a7501da1100f54f7f80180ce77bfab718288f6?s=96&d=mm&r=g","caption":"oliviere"},"sameAs":["http:\/\/www.motocrossmag.be"],"url":"https:\/\/fr.motocrossmag.be\/index.php\/author\/oliviere\/"}]}},"_links":{"self":[{"href":"https:\/\/fr.motocrossmag.be\/index.php\/wp-json\/wp\/v2\/posts\/123078","targetHints":{"allow":["GET"]}}],"collection":[{"href":"https:\/\/fr.motocrossmag.be\/index.php\/wp-json\/wp\/v2\/posts"}],"about":[{"href":"https:\/\/fr.motocrossmag.be\/index.php\/wp-json\/wp\/v2\/types\/post"}],"author":[{"embeddable":true,"href":"https:\/\/fr.motocrossmag.be\/index.php\/wp-json\/wp\/v2\/users\/932"}],"replies":[{"embeddable":true,"href":"https:\/\/fr.motocrossmag.be\/index.php\/wp-json\/wp\/v2\/comments?post=123078"}],"version-history":[{"count":0,"href":"https:\/\/fr.motocrossmag.be\/index.php\/wp-json\/wp\/v2\/posts\/123078\/revisions"}],"wp:featuredmedia":[{"embeddable":true,"href":"https:\/\/fr.motocrossmag.be\/index.php\/wp-json\/wp\/v2\/media\/123036"}],"wp:attachment":[{"href":"https:\/\/fr.motocrossmag.be\/index.php\/wp-json\/wp\/v2\/media?parent=123078"}],"wp:term":[{"taxonomy":"category","embeddable":true,"href":"https:\/\/fr.motocrossmag.be\/index.php\/wp-json\/wp\/v2\/categories?post=123078"},{"taxonomy":"post_tag","embeddable":true,"href":"https:\/\/fr.motocrossmag.be\/index.php\/wp-json\/wp\/v2\/tags?post=123078"}],"curies":[{"name":"wp","href":"https:\/\/api.w.org\/{rel}","templated":true}]}}