{"id":123090,"date":"2023-02-13T09:07:34","date_gmt":"2023-02-13T08:07:34","guid":{"rendered":"http:\/\/fr.motocrossmag.be\/?p=123090"},"modified":"2023-02-13T09:07:34","modified_gmt":"2023-02-13T08:07:34","slug":"kay-karssemakers-trouve-refuge-chez-husqvarna-bt-racing","status":"publish","type":"post","link":"https:\/\/fr.motocrossmag.be\/index.php\/2023\/02\/kay-karssemakers-trouve-refuge-chez-husqvarna-bt-racing\/","title":{"rendered":"Kay Karssemakers trouve refuge chez Husqvarna BT Racing"},"content":{"rendered":"<p><strong>La fin de l&rsquo;\u00e9quipe Hitachi KTM Fuelled by Milwaukee annonc\u00e9e il y a pue a laiss\u00e9 Kay Karssemakers sans employeur.<\/strong><\/p>\n<p>Le Braban\u00e7on avait un contrat de deux ans avec l&rsquo;\u00e9quipe britannique mais le destin en a finalement d\u00e9cid\u00e9 autrement. A pr\u00e9sent, le crossman de 18 ans a trouv\u00e9 refuge chez Husqvarna-BT Racing. Il participera au championnat europ\u00e9en EMX250 et au championnat hollandais Dutch Masters of Motoross 250cc. Karssemakers, titulaire de quatre titres n\u00e9erlandais chez les jeunes, aura pour co\u00e9quipiers le Fran\u00e7ais Maxime Grau et le Belge Wesly Dieudonne.<\/p>\n","protected":false},"excerpt":{"rendered":"<p>La fin de l&rsquo;\u00e9quipe Hitachi KTM Fuelled by Milwaukee annonc\u00e9e il y a pue a laiss\u00e9 Kay Karssemakers sans employeur. Le Braban\u00e7on avait un contrat de deux ans avec l&rsquo;\u00e9quipe [&#8230;]<\/p>\n","protected":false},"author":932,"featured_media":123091,"comment_status":"open","ping_status":"closed","sticky":false,"template":"","format":"standard","meta":{"footnotes":""},"categories":[54,128,4,6,5,55,65],"tags":[562,1865,947,568],"class_list":["post-123090","post","type-post","status-publish","format-standard","has-post-thumbnail","hentry","category-actualite","category-emx-125-emx2","category-motocross","category-mx1mx2","category-news","category-news-actualite","category-slideshow","tag-emx250","tag-kay-karssemakers","tag-motocross","tag-mxgp"],"yoast_head":"<!-- This site is optimized with the Yoast SEO plugin v27.4 - https:\/\/yoast.com\/product\/yoast-seo-wordpress\/ -->\n<title>Kay Karssemakers trouve refuge chez Husqvarna BT Racing - Motocross - Enduro - Supermoto | MotocrossMag<\/title>\n<meta name=\"robots\" content=\"index, follow, max-snippet:-1, max-image-preview:large, max-video-preview:-1\" \/>\n<link rel=\"canonical\" href=\"https:\/\/fr.motocrossmag.be\/index.php\/2023\/02\/kay-karssemakers-trouve-refuge-chez-husqvarna-bt-racing\/\" \/>\n<meta property=\"og:locale\" content=\"fr_FR\" \/>\n<meta property=\"og:type\" content=\"article\" \/>\n<meta property=\"og:title\" content=\"Kay Karssemakers trouve refuge chez Husqvarna BT Racing - Motocross - Enduro - Supermoto | MotocrossMag\" \/>\n<meta property=\"og:description\" content=\"La fin de l&rsquo;\u00e9quipe Hitachi KTM Fuelled by Milwaukee annonc\u00e9e il y a pue a laiss\u00e9 Kay Karssemakers sans employeur. Le Braban\u00e7on avait un contrat de deux ans avec l&rsquo;\u00e9quipe [...]\" \/>\n<meta property=\"og:url\" content=\"https:\/\/fr.motocrossmag.be\/index.php\/2023\/02\/kay-karssemakers-trouve-refuge-chez-husqvarna-bt-racing\/\" \/>\n<meta property=\"og:site_name\" content=\"Motocross - Enduro - Supermoto | MotocrossMag\" \/>\n<meta property=\"article:published_time\" content=\"2023-02-13T08:07:34+00:00\" \/>\n<meta property=\"og:image\" content=\"https:\/\/fr.motocrossmag.be\/wp-content\/uploads\/2023\/02\/karssemakers-kay.jpg\" \/>\n\t<meta property=\"og:image:width\" content=\"650\" \/>\n\t<meta property=\"og:image:height\" content=\"625\" \/>\n\t<meta property=\"og:image:type\" content=\"image\/jpeg\" \/>\n<meta name=\"author\" content=\"oliviere\" \/>\n<meta name=\"twitter:card\" content=\"summary_large_image\" \/>\n<meta name=\"twitter:label1\" content=\"\u00c9crit par\" \/>\n\t<meta name=\"twitter:data1\" content=\"oliviere\" \/>\n<script type=\"application\/ld+json\" class=\"yoast-schema-graph\">{\"@context\":\"https:\\\/\\\/schema.org\",\"@graph\":[{\"@type\":\"Article\",\"@id\":\"https:\\\/\\\/fr.motocrossmag.be\\\/index.php\\\/2023\\\/02\\\/kay-karssemakers-trouve-refuge-chez-husqvarna-bt-racing\\\/#article\",\"isPartOf\":{\"@id\":\"https:\\\/\\\/fr.motocrossmag.be\\\/index.php\\\/2023\\\/02\\\/kay-karssemakers-trouve-refuge-chez-husqvarna-bt-racing\\\/\"},\"author\":{\"name\":\"oliviere\",\"@id\":\"https:\\\/\\\/fr.motocrossmag.be\\\/#\\\/schema\\\/person\\\/11b47143d9f755babca2c9110e03235c\"},\"headline\":\"Kay Karssemakers trouve refuge chez Husqvarna BT Racing\",\"datePublished\":\"2023-02-13T08:07:34+00:00\",\"mainEntityOfPage\":{\"@id\":\"https:\\\/\\\/fr.motocrossmag.be\\\/index.php\\\/2023\\\/02\\\/kay-karssemakers-trouve-refuge-chez-husqvarna-bt-racing\\\/\"},\"wordCount\":105,\"commentCount\":0,\"image\":{\"@id\":\"https:\\\/\\\/fr.motocrossmag.be\\\/index.php\\\/2023\\\/02\\\/kay-karssemakers-trouve-refuge-chez-husqvarna-bt-racing\\\/#primaryimage\"},\"thumbnailUrl\":\"https:\\\/\\\/fr.motocrossmag.be\\\/wp-content\\\/uploads\\\/2023\\\/02\\\/karssemakers-kay.jpg\",\"keywords\":[\"emx250\",\"kay karssemakers\",\"Motocross\",\"MXGP\"],\"articleSection\":[\"Actualit\u00e9\",\"EMX\",\"Motocross\",\"Motocross MXGP\",\"News\",\"News\",\"Slideshow\"],\"inLanguage\":\"fr-FR\",\"potentialAction\":[{\"@type\":\"CommentAction\",\"name\":\"Comment\",\"target\":[\"https:\\\/\\\/fr.motocrossmag.be\\\/index.php\\\/2023\\\/02\\\/kay-karssemakers-trouve-refuge-chez-husqvarna-bt-racing\\\/#respond\"]}]},{\"@type\":\"WebPage\",\"@id\":\"https:\\\/\\\/fr.motocrossmag.be\\\/index.php\\\/2023\\\/02\\\/kay-karssemakers-trouve-refuge-chez-husqvarna-bt-racing\\\/\",\"url\":\"https:\\\/\\\/fr.motocrossmag.be\\\/index.php\\\/2023\\\/02\\\/kay-karssemakers-trouve-refuge-chez-husqvarna-bt-racing\\\/\",\"name\":\"Kay Karssemakers trouve refuge chez Husqvarna BT Racing - Motocross - Enduro - Supermoto | MotocrossMag\",\"isPartOf\":{\"@id\":\"https:\\\/\\\/fr.motocrossmag.be\\\/#website\"},\"primaryImageOfPage\":{\"@id\":\"https:\\\/\\\/fr.motocrossmag.be\\\/index.php\\\/2023\\\/02\\\/kay-karssemakers-trouve-refuge-chez-husqvarna-bt-racing\\\/#primaryimage\"},\"image\":{\"@id\":\"https:\\\/\\\/fr.motocrossmag.be\\\/index.php\\\/2023\\\/02\\\/kay-karssemakers-trouve-refuge-chez-husqvarna-bt-racing\\\/#primaryimage\"},\"thumbnailUrl\":\"https:\\\/\\\/fr.motocrossmag.be\\\/wp-content\\\/uploads\\\/2023\\\/02\\\/karssemakers-kay.jpg\",\"datePublished\":\"2023-02-13T08:07:34+00:00\",\"author\":{\"@id\":\"https:\\\/\\\/fr.motocrossmag.be\\\/#\\\/schema\\\/person\\\/11b47143d9f755babca2c9110e03235c\"},\"breadcrumb\":{\"@id\":\"https:\\\/\\\/fr.motocrossmag.be\\\/index.php\\\/2023\\\/02\\\/kay-karssemakers-trouve-refuge-chez-husqvarna-bt-racing\\\/#breadcrumb\"},\"inLanguage\":\"fr-FR\",\"potentialAction\":[{\"@type\":\"ReadAction\",\"target\":[\"https:\\\/\\\/fr.motocrossmag.be\\\/index.php\\\/2023\\\/02\\\/kay-karssemakers-trouve-refuge-chez-husqvarna-bt-racing\\\/\"]}]},{\"@type\":\"ImageObject\",\"inLanguage\":\"fr-FR\",\"@id\":\"https:\\\/\\\/fr.motocrossmag.be\\\/index.php\\\/2023\\\/02\\\/kay-karssemakers-trouve-refuge-chez-husqvarna-bt-racing\\\/#primaryimage\",\"url\":\"https:\\\/\\\/fr.motocrossmag.be\\\/wp-content\\\/uploads\\\/2023\\\/02\\\/karssemakers-kay.jpg\",\"contentUrl\":\"https:\\\/\\\/fr.motocrossmag.be\\\/wp-content\\\/uploads\\\/2023\\\/02\\\/karssemakers-kay.jpg\",\"width\":\"650\",\"height\":\"625\"},{\"@type\":\"BreadcrumbList\",\"@id\":\"https:\\\/\\\/fr.motocrossmag.be\\\/index.php\\\/2023\\\/02\\\/kay-karssemakers-trouve-refuge-chez-husqvarna-bt-racing\\\/#breadcrumb\",\"itemListElement\":[{\"@type\":\"ListItem\",\"position\":1,\"name\":\"Accueil\",\"item\":\"https:\\\/\\\/fr.motocrossmag.be\\\/\"},{\"@type\":\"ListItem\",\"position\":2,\"name\":\"Kay Karssemakers trouve refuge chez Husqvarna BT Racing\"}]},{\"@type\":\"WebSite\",\"@id\":\"https:\\\/\\\/fr.motocrossmag.be\\\/#website\",\"url\":\"https:\\\/\\\/fr.motocrossmag.be\\\/\",\"name\":\"Motocross - Enduro - Supermoto | MotocrossMag\",\"description\":\"L&#039;actualit\u00e9 du motocross, de l&#039;enduro et du Supermoto en ligne!\",\"potentialAction\":[{\"@type\":\"SearchAction\",\"target\":{\"@type\":\"EntryPoint\",\"urlTemplate\":\"https:\\\/\\\/fr.motocrossmag.be\\\/?s={search_term_string}\"},\"query-input\":{\"@type\":\"PropertyValueSpecification\",\"valueRequired\":true,\"valueName\":\"search_term_string\"}}],\"inLanguage\":\"fr-FR\"},{\"@type\":\"Person\",\"@id\":\"https:\\\/\\\/fr.motocrossmag.be\\\/#\\\/schema\\\/person\\\/11b47143d9f755babca2c9110e03235c\",\"name\":\"oliviere\",\"image\":{\"@type\":\"ImageObject\",\"inLanguage\":\"fr-FR\",\"@id\":\"https:\\\/\\\/secure.gravatar.com\\\/avatar\\\/907069e0b81d119452040469e4a7501da1100f54f7f80180ce77bfab718288f6?s=96&d=mm&r=g\",\"url\":\"https:\\\/\\\/secure.gravatar.com\\\/avatar\\\/907069e0b81d119452040469e4a7501da1100f54f7f80180ce77bfab718288f6?s=96&d=mm&r=g\",\"contentUrl\":\"https:\\\/\\\/secure.gravatar.com\\\/avatar\\\/907069e0b81d119452040469e4a7501da1100f54f7f80180ce77bfab718288f6?s=96&d=mm&r=g\",\"caption\":\"oliviere\"},\"sameAs\":[\"http:\\\/\\\/www.motocrossmag.be\"],\"url\":\"https:\\\/\\\/fr.motocrossmag.be\\\/index.php\\\/author\\\/oliviere\\\/\"}]}<\/script>\n<!-- \/ Yoast SEO plugin. -->","yoast_head_json":{"title":"Kay Karssemakers trouve refuge chez Husqvarna BT Racing - Motocross - Enduro - Supermoto | MotocrossMag","robots":{"index":"index","follow":"follow","max-snippet":"max-snippet:-1","max-image-preview":"max-image-preview:large","max-video-preview":"max-video-preview:-1"},"canonical":"https:\/\/fr.motocrossmag.be\/index.php\/2023\/02\/kay-karssemakers-trouve-refuge-chez-husqvarna-bt-racing\/","og_locale":"fr_FR","og_type":"article","og_title":"Kay Karssemakers trouve refuge chez Husqvarna BT Racing - Motocross - Enduro - Supermoto | MotocrossMag","og_description":"La fin de l&rsquo;\u00e9quipe Hitachi KTM Fuelled by Milwaukee annonc\u00e9e il y a pue a laiss\u00e9 Kay Karssemakers sans employeur. Le Braban\u00e7on avait un contrat de deux ans avec l&rsquo;\u00e9quipe [...]","og_url":"https:\/\/fr.motocrossmag.be\/index.php\/2023\/02\/kay-karssemakers-trouve-refuge-chez-husqvarna-bt-racing\/","og_site_name":"Motocross - Enduro - Supermoto | MotocrossMag","article_published_time":"2023-02-13T08:07:34+00:00","og_image":[{"width":650,"height":625,"url":"https:\/\/fr.motocrossmag.be\/wp-content\/uploads\/2023\/02\/karssemakers-kay.jpg","type":"image\/jpeg"}],"author":"oliviere","twitter_card":"summary_large_image","twitter_misc":{"\u00c9crit par":"oliviere"},"schema":{"@context":"https:\/\/schema.org","@graph":[{"@type":"Article","@id":"https:\/\/fr.motocrossmag.be\/index.php\/2023\/02\/kay-karssemakers-trouve-refuge-chez-husqvarna-bt-racing\/#article","isPartOf":{"@id":"https:\/\/fr.motocrossmag.be\/index.php\/2023\/02\/kay-karssemakers-trouve-refuge-chez-husqvarna-bt-racing\/"},"author":{"name":"oliviere","@id":"https:\/\/fr.motocrossmag.be\/#\/schema\/person\/11b47143d9f755babca2c9110e03235c"},"headline":"Kay Karssemakers trouve refuge chez Husqvarna BT Racing","datePublished":"2023-02-13T08:07:34+00:00","mainEntityOfPage":{"@id":"https:\/\/fr.motocrossmag.be\/index.php\/2023\/02\/kay-karssemakers-trouve-refuge-chez-husqvarna-bt-racing\/"},"wordCount":105,"commentCount":0,"image":{"@id":"https:\/\/fr.motocrossmag.be\/index.php\/2023\/02\/kay-karssemakers-trouve-refuge-chez-husqvarna-bt-racing\/#primaryimage"},"thumbnailUrl":"https:\/\/fr.motocrossmag.be\/wp-content\/uploads\/2023\/02\/karssemakers-kay.jpg","keywords":["emx250","kay karssemakers","Motocross","MXGP"],"articleSection":["Actualit\u00e9","EMX","Motocross","Motocross MXGP","News","News","Slideshow"],"inLanguage":"fr-FR","potentialAction":[{"@type":"CommentAction","name":"Comment","target":["https:\/\/fr.motocrossmag.be\/index.php\/2023\/02\/kay-karssemakers-trouve-refuge-chez-husqvarna-bt-racing\/#respond"]}]},{"@type":"WebPage","@id":"https:\/\/fr.motocrossmag.be\/index.php\/2023\/02\/kay-karssemakers-trouve-refuge-chez-husqvarna-bt-racing\/","url":"https:\/\/fr.motocrossmag.be\/index.php\/2023\/02\/kay-karssemakers-trouve-refuge-chez-husqvarna-bt-racing\/","name":"Kay Karssemakers trouve refuge chez Husqvarna BT Racing - Motocross - Enduro - Supermoto | MotocrossMag","isPartOf":{"@id":"https:\/\/fr.motocrossmag.be\/#website"},"primaryImageOfPage":{"@id":"https:\/\/fr.motocrossmag.be\/index.php\/2023\/02\/kay-karssemakers-trouve-refuge-chez-husqvarna-bt-racing\/#primaryimage"},"image":{"@id":"https:\/\/fr.motocrossmag.be\/index.php\/2023\/02\/kay-karssemakers-trouve-refuge-chez-husqvarna-bt-racing\/#primaryimage"},"thumbnailUrl":"https:\/\/fr.motocrossmag.be\/wp-content\/uploads\/2023\/02\/karssemakers-kay.jpg","datePublished":"2023-02-13T08:07:34+00:00","author":{"@id":"https:\/\/fr.motocrossmag.be\/#\/schema\/person\/11b47143d9f755babca2c9110e03235c"},"breadcrumb":{"@id":"https:\/\/fr.motocrossmag.be\/index.php\/2023\/02\/kay-karssemakers-trouve-refuge-chez-husqvarna-bt-racing\/#breadcrumb"},"inLanguage":"fr-FR","potentialAction":[{"@type":"ReadAction","target":["https:\/\/fr.motocrossmag.be\/index.php\/2023\/02\/kay-karssemakers-trouve-refuge-chez-husqvarna-bt-racing\/"]}]},{"@type":"ImageObject","inLanguage":"fr-FR","@id":"https:\/\/fr.motocrossmag.be\/index.php\/2023\/02\/kay-karssemakers-trouve-refuge-chez-husqvarna-bt-racing\/#primaryimage","url":"https:\/\/fr.motocrossmag.be\/wp-content\/uploads\/2023\/02\/karssemakers-kay.jpg","contentUrl":"https:\/\/fr.motocrossmag.be\/wp-content\/uploads\/2023\/02\/karssemakers-kay.jpg","width":"650","height":"625"},{"@type":"BreadcrumbList","@id":"https:\/\/fr.motocrossmag.be\/index.php\/2023\/02\/kay-karssemakers-trouve-refuge-chez-husqvarna-bt-racing\/#breadcrumb","itemListElement":[{"@type":"ListItem","position":1,"name":"Accueil","item":"https:\/\/fr.motocrossmag.be\/"},{"@type":"ListItem","position":2,"name":"Kay Karssemakers trouve refuge chez Husqvarna BT Racing"}]},{"@type":"WebSite","@id":"https:\/\/fr.motocrossmag.be\/#website","url":"https:\/\/fr.motocrossmag.be\/","name":"Motocross - Enduro - Supermoto | MotocrossMag","description":"L&#039;actualit\u00e9 du motocross, de l&#039;enduro et du Supermoto en ligne!","potentialAction":[{"@type":"SearchAction","target":{"@type":"EntryPoint","urlTemplate":"https:\/\/fr.motocrossmag.be\/?s={search_term_string}"},"query-input":{"@type":"PropertyValueSpecification","valueRequired":true,"valueName":"search_term_string"}}],"inLanguage":"fr-FR"},{"@type":"Person","@id":"https:\/\/fr.motocrossmag.be\/#\/schema\/person\/11b47143d9f755babca2c9110e03235c","name":"oliviere","image":{"@type":"ImageObject","inLanguage":"fr-FR","@id":"https:\/\/secure.gravatar.com\/avatar\/907069e0b81d119452040469e4a7501da1100f54f7f80180ce77bfab718288f6?s=96&d=mm&r=g","url":"https:\/\/secure.gravatar.com\/avatar\/907069e0b81d119452040469e4a7501da1100f54f7f80180ce77bfab718288f6?s=96&d=mm&r=g","contentUrl":"https:\/\/secure.gravatar.com\/avatar\/907069e0b81d119452040469e4a7501da1100f54f7f80180ce77bfab718288f6?s=96&d=mm&r=g","caption":"oliviere"},"sameAs":["http:\/\/www.motocrossmag.be"],"url":"https:\/\/fr.motocrossmag.be\/index.php\/author\/oliviere\/"}]}},"_links":{"self":[{"href":"https:\/\/fr.motocrossmag.be\/index.php\/wp-json\/wp\/v2\/posts\/123090","targetHints":{"allow":["GET"]}}],"collection":[{"href":"https:\/\/fr.motocrossmag.be\/index.php\/wp-json\/wp\/v2\/posts"}],"about":[{"href":"https:\/\/fr.motocrossmag.be\/index.php\/wp-json\/wp\/v2\/types\/post"}],"author":[{"embeddable":true,"href":"https:\/\/fr.motocrossmag.be\/index.php\/wp-json\/wp\/v2\/users\/932"}],"replies":[{"embeddable":true,"href":"https:\/\/fr.motocrossmag.be\/index.php\/wp-json\/wp\/v2\/comments?post=123090"}],"version-history":[{"count":0,"href":"https:\/\/fr.motocrossmag.be\/index.php\/wp-json\/wp\/v2\/posts\/123090\/revisions"}],"wp:featuredmedia":[{"embeddable":true,"href":"https:\/\/fr.motocrossmag.be\/index.php\/wp-json\/wp\/v2\/media\/123091"}],"wp:attachment":[{"href":"https:\/\/fr.motocrossmag.be\/index.php\/wp-json\/wp\/v2\/media?parent=123090"}],"wp:term":[{"taxonomy":"category","embeddable":true,"href":"https:\/\/fr.motocrossmag.be\/index.php\/wp-json\/wp\/v2\/categories?post=123090"},{"taxonomy":"post_tag","embeddable":true,"href":"https:\/\/fr.motocrossmag.be\/index.php\/wp-json\/wp\/v2\/tags?post=123090"}],"curies":[{"name":"wp","href":"https:\/\/api.w.org\/{rel}","templated":true}]}}