{"id":123101,"date":"2023-02-14T14:58:42","date_gmt":"2023-02-14T13:58:42","guid":{"rendered":"http:\/\/fr.motocrossmag.be\/?p=123101"},"modified":"2023-02-14T14:58:42","modified_gmt":"2023-02-14T13:58:42","slug":"jeffrey-herlings-au-depart-a-hawkstone-park-et-lacapelle-marival","status":"publish","type":"post","link":"https:\/\/fr.motocrossmag.be\/index.php\/2023\/02\/jeffrey-herlings-au-depart-a-hawkstone-park-et-lacapelle-marival\/","title":{"rendered":"Jeffrey Herlings au d\u00e9part \u00e0 Hawkstone Park et Lacapelle Marival"},"content":{"rendered":"<p><strong>Annonc\u00e9 sur l&rsquo;ouverture du championnat d&rsquo;Espagne le premier week-end de f\u00e9vrier, Jeffrey Herlings n&rsquo;est finalement pas encore sorti de sa longue absence en comp\u00e9tition. Le quintuple champion du monde de motocross \u00e9tait en effet malade et a d\u00fb revoir ses plans.<\/strong><\/p>\n<p>L&rsquo;officiel KTM disputera finalement deux \u00e9preuves de pr\u00e9paration seulement avant le lancement du championnat du monde MXGP en Argentine le 12 mars prochain. Ce sera selon le programme annonc\u00e9 par le Hollandais \u00e0 Hawkstone Park, en Grande-Bretagne, le 26 f\u00e9vrier puis \u00e0 Lacapelle Marival, o\u00f9 s&rsquo;ouvrira le championnat de France Elite, le 5 mars.<\/p>\n<p>Notons que Tim Gajser ne sera pour sa part au d\u00e9part d&rsquo;aucune de ces deux courses, ce qui remet au 12 mars et au GP d&rsquo;Argentine, la prochaine confrontation entre les deux derniers champions du monde MXGP en date. La premi\u00e8re depuis bien longtemps&#8230;<\/p>\n","protected":false},"excerpt":{"rendered":"<p>Annonc\u00e9 sur l&rsquo;ouverture du championnat d&rsquo;Espagne le premier week-end de f\u00e9vrier, Jeffrey Herlings n&rsquo;est finalement pas encore sorti de sa longue absence en comp\u00e9tition. Le quintuple champion du monde de [&#8230;]<\/p>\n","protected":false},"author":932,"featured_media":123102,"comment_status":"open","ping_status":"closed","sticky":false,"template":"","format":"standard","meta":{"footnotes":""},"categories":[54,4,6,5,55,65],"tags":[77,947,568],"class_list":["post-123101","post","type-post","status-publish","format-standard","has-post-thumbnail","hentry","category-actualite","category-motocross","category-mx1mx2","category-news","category-news-actualite","category-slideshow","tag-jeffrey-herlings","tag-motocross","tag-mxgp"],"yoast_head":"<!-- This site is optimized with the Yoast SEO plugin v27.4 - https:\/\/yoast.com\/product\/yoast-seo-wordpress\/ -->\n<title>Jeffrey Herlings au d\u00e9part \u00e0 Hawkstone Park et Lacapelle Marival - Motocross - Enduro - Supermoto | MotocrossMag<\/title>\n<meta name=\"robots\" content=\"index, follow, max-snippet:-1, max-image-preview:large, max-video-preview:-1\" \/>\n<link rel=\"canonical\" href=\"https:\/\/fr.motocrossmag.be\/index.php\/2023\/02\/jeffrey-herlings-au-depart-a-hawkstone-park-et-lacapelle-marival\/\" \/>\n<meta property=\"og:locale\" content=\"fr_FR\" \/>\n<meta property=\"og:type\" content=\"article\" \/>\n<meta property=\"og:title\" content=\"Jeffrey Herlings au d\u00e9part \u00e0 Hawkstone Park et Lacapelle Marival - Motocross - Enduro - Supermoto | MotocrossMag\" \/>\n<meta property=\"og:description\" content=\"Annonc\u00e9 sur l&rsquo;ouverture du championnat d&rsquo;Espagne le premier week-end de f\u00e9vrier, Jeffrey Herlings n&rsquo;est finalement pas encore sorti de sa longue absence en comp\u00e9tition. Le quintuple champion du monde de [...]\" \/>\n<meta property=\"og:url\" content=\"https:\/\/fr.motocrossmag.be\/index.php\/2023\/02\/jeffrey-herlings-au-depart-a-hawkstone-park-et-lacapelle-marival\/\" \/>\n<meta property=\"og:site_name\" content=\"Motocross - Enduro - Supermoto | MotocrossMag\" \/>\n<meta property=\"article:published_time\" content=\"2023-02-14T13:58:42+00:00\" \/>\n<meta property=\"og:image\" content=\"https:\/\/fr.motocrossmag.be\/wp-content\/uploads\/2023\/02\/494748_Herlings_KTM_Factory_2023_JPA_22A2719_Upload-Temporary_Team-Shooting-RB-KTM-MX-2023.jpg\" \/>\n\t<meta property=\"og:image:width\" content=\"1000\" \/>\n\t<meta property=\"og:image:height\" content=\"666\" \/>\n\t<meta property=\"og:image:type\" content=\"image\/jpeg\" \/>\n<meta name=\"author\" content=\"oliviere\" \/>\n<meta name=\"twitter:card\" content=\"summary_large_image\" \/>\n<meta name=\"twitter:label1\" content=\"\u00c9crit par\" \/>\n\t<meta name=\"twitter:data1\" content=\"oliviere\" \/>\n\t<meta name=\"twitter:label2\" content=\"Dur\u00e9e de lecture estim\u00e9e\" \/>\n\t<meta name=\"twitter:data2\" content=\"1 minute\" \/>\n<script type=\"application\/ld+json\" class=\"yoast-schema-graph\">{\"@context\":\"https:\\\/\\\/schema.org\",\"@graph\":[{\"@type\":\"Article\",\"@id\":\"https:\\\/\\\/fr.motocrossmag.be\\\/index.php\\\/2023\\\/02\\\/jeffrey-herlings-au-depart-a-hawkstone-park-et-lacapelle-marival\\\/#article\",\"isPartOf\":{\"@id\":\"https:\\\/\\\/fr.motocrossmag.be\\\/index.php\\\/2023\\\/02\\\/jeffrey-herlings-au-depart-a-hawkstone-park-et-lacapelle-marival\\\/\"},\"author\":{\"name\":\"oliviere\",\"@id\":\"https:\\\/\\\/fr.motocrossmag.be\\\/#\\\/schema\\\/person\\\/11b47143d9f755babca2c9110e03235c\"},\"headline\":\"Jeffrey Herlings au d\u00e9part \u00e0 Hawkstone Park et Lacapelle Marival\",\"datePublished\":\"2023-02-14T13:58:42+00:00\",\"mainEntityOfPage\":{\"@id\":\"https:\\\/\\\/fr.motocrossmag.be\\\/index.php\\\/2023\\\/02\\\/jeffrey-herlings-au-depart-a-hawkstone-park-et-lacapelle-marival\\\/\"},\"wordCount\":156,\"commentCount\":0,\"image\":{\"@id\":\"https:\\\/\\\/fr.motocrossmag.be\\\/index.php\\\/2023\\\/02\\\/jeffrey-herlings-au-depart-a-hawkstone-park-et-lacapelle-marival\\\/#primaryimage\"},\"thumbnailUrl\":\"https:\\\/\\\/fr.motocrossmag.be\\\/wp-content\\\/uploads\\\/2023\\\/02\\\/494748_Herlings_KTM_Factory_2023_JPA_22A2719_Upload-Temporary_Team-Shooting-RB-KTM-MX-2023.jpg\",\"keywords\":[\"Jeffrey Herlings\",\"Motocross\",\"MXGP\"],\"articleSection\":[\"Actualit\u00e9\",\"Motocross\",\"Motocross MXGP\",\"News\",\"News\",\"Slideshow\"],\"inLanguage\":\"fr-FR\",\"potentialAction\":[{\"@type\":\"CommentAction\",\"name\":\"Comment\",\"target\":[\"https:\\\/\\\/fr.motocrossmag.be\\\/index.php\\\/2023\\\/02\\\/jeffrey-herlings-au-depart-a-hawkstone-park-et-lacapelle-marival\\\/#respond\"]}]},{\"@type\":\"WebPage\",\"@id\":\"https:\\\/\\\/fr.motocrossmag.be\\\/index.php\\\/2023\\\/02\\\/jeffrey-herlings-au-depart-a-hawkstone-park-et-lacapelle-marival\\\/\",\"url\":\"https:\\\/\\\/fr.motocrossmag.be\\\/index.php\\\/2023\\\/02\\\/jeffrey-herlings-au-depart-a-hawkstone-park-et-lacapelle-marival\\\/\",\"name\":\"Jeffrey Herlings au d\u00e9part \u00e0 Hawkstone Park et Lacapelle Marival - Motocross - Enduro - Supermoto | MotocrossMag\",\"isPartOf\":{\"@id\":\"https:\\\/\\\/fr.motocrossmag.be\\\/#website\"},\"primaryImageOfPage\":{\"@id\":\"https:\\\/\\\/fr.motocrossmag.be\\\/index.php\\\/2023\\\/02\\\/jeffrey-herlings-au-depart-a-hawkstone-park-et-lacapelle-marival\\\/#primaryimage\"},\"image\":{\"@id\":\"https:\\\/\\\/fr.motocrossmag.be\\\/index.php\\\/2023\\\/02\\\/jeffrey-herlings-au-depart-a-hawkstone-park-et-lacapelle-marival\\\/#primaryimage\"},\"thumbnailUrl\":\"https:\\\/\\\/fr.motocrossmag.be\\\/wp-content\\\/uploads\\\/2023\\\/02\\\/494748_Herlings_KTM_Factory_2023_JPA_22A2719_Upload-Temporary_Team-Shooting-RB-KTM-MX-2023.jpg\",\"datePublished\":\"2023-02-14T13:58:42+00:00\",\"author\":{\"@id\":\"https:\\\/\\\/fr.motocrossmag.be\\\/#\\\/schema\\\/person\\\/11b47143d9f755babca2c9110e03235c\"},\"breadcrumb\":{\"@id\":\"https:\\\/\\\/fr.motocrossmag.be\\\/index.php\\\/2023\\\/02\\\/jeffrey-herlings-au-depart-a-hawkstone-park-et-lacapelle-marival\\\/#breadcrumb\"},\"inLanguage\":\"fr-FR\",\"potentialAction\":[{\"@type\":\"ReadAction\",\"target\":[\"https:\\\/\\\/fr.motocrossmag.be\\\/index.php\\\/2023\\\/02\\\/jeffrey-herlings-au-depart-a-hawkstone-park-et-lacapelle-marival\\\/\"]}]},{\"@type\":\"ImageObject\",\"inLanguage\":\"fr-FR\",\"@id\":\"https:\\\/\\\/fr.motocrossmag.be\\\/index.php\\\/2023\\\/02\\\/jeffrey-herlings-au-depart-a-hawkstone-park-et-lacapelle-marival\\\/#primaryimage\",\"url\":\"https:\\\/\\\/fr.motocrossmag.be\\\/wp-content\\\/uploads\\\/2023\\\/02\\\/494748_Herlings_KTM_Factory_2023_JPA_22A2719_Upload-Temporary_Team-Shooting-RB-KTM-MX-2023.jpg\",\"contentUrl\":\"https:\\\/\\\/fr.motocrossmag.be\\\/wp-content\\\/uploads\\\/2023\\\/02\\\/494748_Herlings_KTM_Factory_2023_JPA_22A2719_Upload-Temporary_Team-Shooting-RB-KTM-MX-2023.jpg\",\"width\":\"1000\",\"height\":\"666\"},{\"@type\":\"BreadcrumbList\",\"@id\":\"https:\\\/\\\/fr.motocrossmag.be\\\/index.php\\\/2023\\\/02\\\/jeffrey-herlings-au-depart-a-hawkstone-park-et-lacapelle-marival\\\/#breadcrumb\",\"itemListElement\":[{\"@type\":\"ListItem\",\"position\":1,\"name\":\"Accueil\",\"item\":\"https:\\\/\\\/fr.motocrossmag.be\\\/\"},{\"@type\":\"ListItem\",\"position\":2,\"name\":\"Jeffrey Herlings au d\u00e9part \u00e0 Hawkstone Park et Lacapelle Marival\"}]},{\"@type\":\"WebSite\",\"@id\":\"https:\\\/\\\/fr.motocrossmag.be\\\/#website\",\"url\":\"https:\\\/\\\/fr.motocrossmag.be\\\/\",\"name\":\"Motocross - Enduro - Supermoto | MotocrossMag\",\"description\":\"L&#039;actualit\u00e9 du motocross, de l&#039;enduro et du Supermoto en ligne!\",\"potentialAction\":[{\"@type\":\"SearchAction\",\"target\":{\"@type\":\"EntryPoint\",\"urlTemplate\":\"https:\\\/\\\/fr.motocrossmag.be\\\/?s={search_term_string}\"},\"query-input\":{\"@type\":\"PropertyValueSpecification\",\"valueRequired\":true,\"valueName\":\"search_term_string\"}}],\"inLanguage\":\"fr-FR\"},{\"@type\":\"Person\",\"@id\":\"https:\\\/\\\/fr.motocrossmag.be\\\/#\\\/schema\\\/person\\\/11b47143d9f755babca2c9110e03235c\",\"name\":\"oliviere\",\"image\":{\"@type\":\"ImageObject\",\"inLanguage\":\"fr-FR\",\"@id\":\"https:\\\/\\\/secure.gravatar.com\\\/avatar\\\/907069e0b81d119452040469e4a7501da1100f54f7f80180ce77bfab718288f6?s=96&d=mm&r=g\",\"url\":\"https:\\\/\\\/secure.gravatar.com\\\/avatar\\\/907069e0b81d119452040469e4a7501da1100f54f7f80180ce77bfab718288f6?s=96&d=mm&r=g\",\"contentUrl\":\"https:\\\/\\\/secure.gravatar.com\\\/avatar\\\/907069e0b81d119452040469e4a7501da1100f54f7f80180ce77bfab718288f6?s=96&d=mm&r=g\",\"caption\":\"oliviere\"},\"sameAs\":[\"http:\\\/\\\/www.motocrossmag.be\"],\"url\":\"https:\\\/\\\/fr.motocrossmag.be\\\/index.php\\\/author\\\/oliviere\\\/\"}]}<\/script>\n<!-- \/ Yoast SEO plugin. -->","yoast_head_json":{"title":"Jeffrey Herlings au d\u00e9part \u00e0 Hawkstone Park et Lacapelle Marival - Motocross - Enduro - Supermoto | MotocrossMag","robots":{"index":"index","follow":"follow","max-snippet":"max-snippet:-1","max-image-preview":"max-image-preview:large","max-video-preview":"max-video-preview:-1"},"canonical":"https:\/\/fr.motocrossmag.be\/index.php\/2023\/02\/jeffrey-herlings-au-depart-a-hawkstone-park-et-lacapelle-marival\/","og_locale":"fr_FR","og_type":"article","og_title":"Jeffrey Herlings au d\u00e9part \u00e0 Hawkstone Park et Lacapelle Marival - Motocross - Enduro - Supermoto | MotocrossMag","og_description":"Annonc\u00e9 sur l&rsquo;ouverture du championnat d&rsquo;Espagne le premier week-end de f\u00e9vrier, Jeffrey Herlings n&rsquo;est finalement pas encore sorti de sa longue absence en comp\u00e9tition. Le quintuple champion du monde de [...]","og_url":"https:\/\/fr.motocrossmag.be\/index.php\/2023\/02\/jeffrey-herlings-au-depart-a-hawkstone-park-et-lacapelle-marival\/","og_site_name":"Motocross - Enduro - Supermoto | MotocrossMag","article_published_time":"2023-02-14T13:58:42+00:00","og_image":[{"width":1000,"height":666,"url":"https:\/\/fr.motocrossmag.be\/wp-content\/uploads\/2023\/02\/494748_Herlings_KTM_Factory_2023_JPA_22A2719_Upload-Temporary_Team-Shooting-RB-KTM-MX-2023.jpg","type":"image\/jpeg"}],"author":"oliviere","twitter_card":"summary_large_image","twitter_misc":{"\u00c9crit par":"oliviere","Dur\u00e9e de lecture estim\u00e9e":"1 minute"},"schema":{"@context":"https:\/\/schema.org","@graph":[{"@type":"Article","@id":"https:\/\/fr.motocrossmag.be\/index.php\/2023\/02\/jeffrey-herlings-au-depart-a-hawkstone-park-et-lacapelle-marival\/#article","isPartOf":{"@id":"https:\/\/fr.motocrossmag.be\/index.php\/2023\/02\/jeffrey-herlings-au-depart-a-hawkstone-park-et-lacapelle-marival\/"},"author":{"name":"oliviere","@id":"https:\/\/fr.motocrossmag.be\/#\/schema\/person\/11b47143d9f755babca2c9110e03235c"},"headline":"Jeffrey Herlings au d\u00e9part \u00e0 Hawkstone Park et Lacapelle Marival","datePublished":"2023-02-14T13:58:42+00:00","mainEntityOfPage":{"@id":"https:\/\/fr.motocrossmag.be\/index.php\/2023\/02\/jeffrey-herlings-au-depart-a-hawkstone-park-et-lacapelle-marival\/"},"wordCount":156,"commentCount":0,"image":{"@id":"https:\/\/fr.motocrossmag.be\/index.php\/2023\/02\/jeffrey-herlings-au-depart-a-hawkstone-park-et-lacapelle-marival\/#primaryimage"},"thumbnailUrl":"https:\/\/fr.motocrossmag.be\/wp-content\/uploads\/2023\/02\/494748_Herlings_KTM_Factory_2023_JPA_22A2719_Upload-Temporary_Team-Shooting-RB-KTM-MX-2023.jpg","keywords":["Jeffrey Herlings","Motocross","MXGP"],"articleSection":["Actualit\u00e9","Motocross","Motocross MXGP","News","News","Slideshow"],"inLanguage":"fr-FR","potentialAction":[{"@type":"CommentAction","name":"Comment","target":["https:\/\/fr.motocrossmag.be\/index.php\/2023\/02\/jeffrey-herlings-au-depart-a-hawkstone-park-et-lacapelle-marival\/#respond"]}]},{"@type":"WebPage","@id":"https:\/\/fr.motocrossmag.be\/index.php\/2023\/02\/jeffrey-herlings-au-depart-a-hawkstone-park-et-lacapelle-marival\/","url":"https:\/\/fr.motocrossmag.be\/index.php\/2023\/02\/jeffrey-herlings-au-depart-a-hawkstone-park-et-lacapelle-marival\/","name":"Jeffrey Herlings au d\u00e9part \u00e0 Hawkstone Park et Lacapelle Marival - Motocross - Enduro - Supermoto | MotocrossMag","isPartOf":{"@id":"https:\/\/fr.motocrossmag.be\/#website"},"primaryImageOfPage":{"@id":"https:\/\/fr.motocrossmag.be\/index.php\/2023\/02\/jeffrey-herlings-au-depart-a-hawkstone-park-et-lacapelle-marival\/#primaryimage"},"image":{"@id":"https:\/\/fr.motocrossmag.be\/index.php\/2023\/02\/jeffrey-herlings-au-depart-a-hawkstone-park-et-lacapelle-marival\/#primaryimage"},"thumbnailUrl":"https:\/\/fr.motocrossmag.be\/wp-content\/uploads\/2023\/02\/494748_Herlings_KTM_Factory_2023_JPA_22A2719_Upload-Temporary_Team-Shooting-RB-KTM-MX-2023.jpg","datePublished":"2023-02-14T13:58:42+00:00","author":{"@id":"https:\/\/fr.motocrossmag.be\/#\/schema\/person\/11b47143d9f755babca2c9110e03235c"},"breadcrumb":{"@id":"https:\/\/fr.motocrossmag.be\/index.php\/2023\/02\/jeffrey-herlings-au-depart-a-hawkstone-park-et-lacapelle-marival\/#breadcrumb"},"inLanguage":"fr-FR","potentialAction":[{"@type":"ReadAction","target":["https:\/\/fr.motocrossmag.be\/index.php\/2023\/02\/jeffrey-herlings-au-depart-a-hawkstone-park-et-lacapelle-marival\/"]}]},{"@type":"ImageObject","inLanguage":"fr-FR","@id":"https:\/\/fr.motocrossmag.be\/index.php\/2023\/02\/jeffrey-herlings-au-depart-a-hawkstone-park-et-lacapelle-marival\/#primaryimage","url":"https:\/\/fr.motocrossmag.be\/wp-content\/uploads\/2023\/02\/494748_Herlings_KTM_Factory_2023_JPA_22A2719_Upload-Temporary_Team-Shooting-RB-KTM-MX-2023.jpg","contentUrl":"https:\/\/fr.motocrossmag.be\/wp-content\/uploads\/2023\/02\/494748_Herlings_KTM_Factory_2023_JPA_22A2719_Upload-Temporary_Team-Shooting-RB-KTM-MX-2023.jpg","width":"1000","height":"666"},{"@type":"BreadcrumbList","@id":"https:\/\/fr.motocrossmag.be\/index.php\/2023\/02\/jeffrey-herlings-au-depart-a-hawkstone-park-et-lacapelle-marival\/#breadcrumb","itemListElement":[{"@type":"ListItem","position":1,"name":"Accueil","item":"https:\/\/fr.motocrossmag.be\/"},{"@type":"ListItem","position":2,"name":"Jeffrey Herlings au d\u00e9part \u00e0 Hawkstone Park et Lacapelle Marival"}]},{"@type":"WebSite","@id":"https:\/\/fr.motocrossmag.be\/#website","url":"https:\/\/fr.motocrossmag.be\/","name":"Motocross - Enduro - Supermoto | MotocrossMag","description":"L&#039;actualit\u00e9 du motocross, de l&#039;enduro et du Supermoto en ligne!","potentialAction":[{"@type":"SearchAction","target":{"@type":"EntryPoint","urlTemplate":"https:\/\/fr.motocrossmag.be\/?s={search_term_string}"},"query-input":{"@type":"PropertyValueSpecification","valueRequired":true,"valueName":"search_term_string"}}],"inLanguage":"fr-FR"},{"@type":"Person","@id":"https:\/\/fr.motocrossmag.be\/#\/schema\/person\/11b47143d9f755babca2c9110e03235c","name":"oliviere","image":{"@type":"ImageObject","inLanguage":"fr-FR","@id":"https:\/\/secure.gravatar.com\/avatar\/907069e0b81d119452040469e4a7501da1100f54f7f80180ce77bfab718288f6?s=96&d=mm&r=g","url":"https:\/\/secure.gravatar.com\/avatar\/907069e0b81d119452040469e4a7501da1100f54f7f80180ce77bfab718288f6?s=96&d=mm&r=g","contentUrl":"https:\/\/secure.gravatar.com\/avatar\/907069e0b81d119452040469e4a7501da1100f54f7f80180ce77bfab718288f6?s=96&d=mm&r=g","caption":"oliviere"},"sameAs":["http:\/\/www.motocrossmag.be"],"url":"https:\/\/fr.motocrossmag.be\/index.php\/author\/oliviere\/"}]}},"_links":{"self":[{"href":"https:\/\/fr.motocrossmag.be\/index.php\/wp-json\/wp\/v2\/posts\/123101","targetHints":{"allow":["GET"]}}],"collection":[{"href":"https:\/\/fr.motocrossmag.be\/index.php\/wp-json\/wp\/v2\/posts"}],"about":[{"href":"https:\/\/fr.motocrossmag.be\/index.php\/wp-json\/wp\/v2\/types\/post"}],"author":[{"embeddable":true,"href":"https:\/\/fr.motocrossmag.be\/index.php\/wp-json\/wp\/v2\/users\/932"}],"replies":[{"embeddable":true,"href":"https:\/\/fr.motocrossmag.be\/index.php\/wp-json\/wp\/v2\/comments?post=123101"}],"version-history":[{"count":0,"href":"https:\/\/fr.motocrossmag.be\/index.php\/wp-json\/wp\/v2\/posts\/123101\/revisions"}],"wp:featuredmedia":[{"embeddable":true,"href":"https:\/\/fr.motocrossmag.be\/index.php\/wp-json\/wp\/v2\/media\/123102"}],"wp:attachment":[{"href":"https:\/\/fr.motocrossmag.be\/index.php\/wp-json\/wp\/v2\/media?parent=123101"}],"wp:term":[{"taxonomy":"category","embeddable":true,"href":"https:\/\/fr.motocrossmag.be\/index.php\/wp-json\/wp\/v2\/categories?post=123101"},{"taxonomy":"post_tag","embeddable":true,"href":"https:\/\/fr.motocrossmag.be\/index.php\/wp-json\/wp\/v2\/tags?post=123101"}],"curies":[{"name":"wp","href":"https:\/\/api.w.org\/{rel}","templated":true}]}}