{"id":123115,"date":"2023-02-17T16:28:49","date_gmt":"2023-02-17T15:28:49","guid":{"rendered":"http:\/\/fr.motocrossmag.be\/?p=123115"},"modified":"2023-02-17T16:28:49","modified_gmt":"2023-02-17T15:28:49","slug":"le-56eme-motocross-international-de-sommieres","status":"publish","type":"post","link":"https:\/\/fr.motocrossmag.be\/index.php\/2023\/02\/le-56eme-motocross-international-de-sommieres\/","title":{"rendered":"Le 56\u00e8me Motocross International de Sommi\u00e8res"},"content":{"rendered":"<p><strong>Pour la 56\u00e8me fois, Sommi\u00e8res accueillera le dimanche 26 f\u00e9vrier prochain l&rsquo;\u00e9lite du motocross fran\u00e7ais, \u00e0 laquelle viendra s&rsquo;ajouter une s\u00e9rie de pilotes internationaux en pleine pr\u00e9paration en vue de la saison 2023.<\/strong><\/p>\n<p>Pour accompagner la cat\u00e9gorie internationale sur le circuit de la Tourille, on disputera l&rsquo;ouverture des Championnat Occitanie 125cc et 85cc.<\/p>\n<p>Entr\u00e9e g\u00e9n\u00e9rale : 20 Euros (15 Euros pour les licenci\u00e9s FFM et pour les membres de la Mutuelle des Motards) &#8211; Gratuit pour les moins de 12 ans<\/p>\n<p><strong>Infos :<\/strong> <a href=\"https:\/\/www.moto-club-sommierois.org\/copie-de-inter-2022\" target=\"_blank\" rel=\"noopener\">www.moto-club-sommierois.org<\/a><\/p>\n<p><span style=\"color: #ff0000;\"><strong>Pilotes engag\u00e9s<\/strong><\/span><\/p>\n<p><span dir=\"ltr\" role=\"presentation\">3<\/span> <span dir=\"ltr\" role=\"presentation\">AUBIN Nicolas<\/span> <span dir=\"ltr\" role=\"presentation\">Husqvarna 450<\/span> \u00a0<span dir=\"ltr\" role=\"presentation\">OB1 MOTOR SPORT<\/span><br role=\"presentation\" \/><span dir=\"ltr\" role=\"presentation\">6<\/span> <span dir=\"ltr\" role=\"presentation\">PATUREL Benoit<\/span> \u00a0<span dir=\"ltr\" role=\"presentation\">Yamaha 450 YZF<\/span> <span dir=\"ltr\" role=\"presentation\">DE BAETS YAMAHA MX TEAM<\/span><br role=\"presentation\" \/><span dir=\"ltr\" role=\"presentation\">10<\/span> <span dir=\"ltr\" role=\"presentation\">VLAANDEREN Calvin<\/span> <span dir=\"ltr\" role=\"presentation\">Yamaha 450 YZF<\/span> <span dir=\"ltr\" role=\"presentation\">GEBBEN VAN VENROOY YAMAHA RACING<\/span><br role=\"presentation\" \/><span dir=\"ltr\" role=\"presentation\">11<\/span> <span dir=\"ltr\" role=\"presentation\">FONVIEILLE Calvin <\/span><span dir=\"ltr\" role=\"presentation\">KTM 250 2T<\/span> \u00a0<span dir=\"ltr\" role=\"presentation\">TEAM TMX COMPETITION<\/span><br role=\"presentation\" \/><span dir=\"ltr\" role=\"presentation\">14<\/span> <span dir=\"ltr\" role=\"presentation\">AUBIN Arnaud<\/span>\u00a0<span dir=\"ltr\" role=\"presentation\">Honda 450 CRF<\/span>\u00a0<span dir=\"ltr\" role=\"presentation\">TEAM FR25<\/span><br role=\"presentation\" \/><span dir=\"ltr\" role=\"presentation\">20<\/span> <span dir=\"ltr\" role=\"presentation\">ARANDA Gr\u00e9gory<\/span> <span dir=\"ltr\" role=\"presentation\">Yamaha 450 YZF<\/span> <span dir=\"ltr\" role=\"presentation\">YAMAHA GSM DAFY<\/span><br role=\"presentation\" \/><span dir=\"ltr\" role=\"presentation\">22<\/span> <span dir=\"ltr\" role=\"presentation\">BRACERAS David<\/span> <span dir=\"ltr\" role=\"presentation\">Kawasaki 250 KXF<\/span> \u00a0<span dir=\"ltr\" role=\"presentation\">F&amp;H KAWASAKI MX2 RACING<\/span><br role=\"presentation\" \/><span dir=\"ltr\" role=\"presentation\">24<\/span> <span dir=\"ltr\" role=\"presentation\">HORGMO Kevin<\/span> <span dir=\"ltr\" role=\"presentation\">Kawasaki 250 KXF<\/span> <span dir=\"ltr\" role=\"presentation\">F&amp;H KAWASAKI MX2 RACING<\/span><br role=\"presentation\" \/><span dir=\"ltr\" role=\"presentation\">31<\/span> <span dir=\"ltr\" role=\"presentation\">MALAVAL Adrien<\/span> <span dir=\"ltr\" role=\"presentation\">Yamaha 450 YZF<\/span>\u00a0<br role=\"presentation\" \/><span dir=\"ltr\" role=\"presentation\">33<\/span> <span dir=\"ltr\" role=\"presentation\">KARSSEMAKERS Kay<\/span> <span dir=\"ltr\" role=\"presentation\">Husqvarna 250<\/span>\u00a0<span dir=\"ltr\" role=\"presentation\">BT RACING TEAM<\/span><br role=\"presentation\" \/><span dir=\"ltr\" role=\"presentation\">34<\/span> <span dir=\"ltr\" role=\"presentation\">KRAJEWSKI Bogdan<\/span> <span dir=\"ltr\" role=\"presentation\">KTM 250<\/span><br role=\"presentation\" \/><span dir=\"ltr\" role=\"presentation\">38<\/span> <span dir=\"ltr\" role=\"presentation\">RUBINI Stephen<\/span> <span dir=\"ltr\" role=\"presentation\">Honda 450 CRF<\/span>\u00a0<span dir=\"ltr\" role=\"presentation\">SR HONDA<\/span><br role=\"presentation\" \/><span dir=\"ltr\" role=\"presentation\">41<\/span> <span dir=\"ltr\" role=\"presentation\">JONASS Pauls<\/span> <span dir=\"ltr\" role=\"presentation\">Honda 450 CRF<\/span> <span dir=\"ltr\" role=\"presentation\">STANDING CONSTRUCT HONDA<\/span><br role=\"presentation\" \/><span dir=\"ltr\" role=\"presentation\">44<\/span> <span dir=\"ltr\" role=\"presentation\">ELZINGA Rick<\/span> <span dir=\"ltr\" role=\"presentation\">Yamaha 250 YZF<\/span> <span dir=\"ltr\" role=\"presentation\">MONSTER ENERGY YAMAHA FACTORY TEAM MX2<\/span><br role=\"presentation\" \/><span dir=\"ltr\" role=\"presentation\">57<\/span> <span dir=\"ltr\" role=\"presentation\">GOUPILLON Pierre<\/span> <span dir=\"ltr\" role=\"presentation\">KTM 450<\/span> <span dir=\"ltr\" role=\"presentation\">TECH 32 RACING MX<\/span><br role=\"presentation\" \/><strong><span dir=\"ltr\" role=\"presentation\">61<\/span> <span dir=\"ltr\" role=\"presentation\">DESTERCQ Pako<\/span> <span dir=\"ltr\" role=\"presentation\">Fantic 250<\/span> <span dir=\"ltr\" role=\"presentation\">MC\u00a0<\/span><\/strong><br role=\"presentation\" \/><span dir=\"ltr\" role=\"presentation\">66<\/span> <span dir=\"ltr\" role=\"presentation\">SCHAFER Alain<\/span> <span dir=\"ltr\" role=\"presentation\">Honda 450 CRF<\/span> <span dir=\"ltr\" role=\"presentation\">A6 MX RACING<\/span><br role=\"presentation\" \/><span dir=\"ltr\" role=\"presentation\">72<\/span> <span dir=\"ltr\" role=\"presentation\">IMBERT Lucas<\/span> <span dir=\"ltr\" role=\"presentation\">Yamaha 450 YZF<\/span> <span dir=\"ltr\" role=\"presentation\">NEW BIKE YAMAHA<\/span><br role=\"presentation\" \/><span dir=\"ltr\" role=\"presentation\">74<\/span> <span dir=\"ltr\" role=\"presentation\">PAPE Romain<\/span> <span dir=\"ltr\" role=\"presentation\">Kawasaki 450 KXF<\/span> \u00a0<span dir=\"ltr\" role=\"presentation\">TEAM BERRYLI4NI<\/span><br role=\"presentation\" \/><span dir=\"ltr\" role=\"presentation\">75<\/span> <span dir=\"ltr\" role=\"presentation\">MESTERS Bradley<\/span> \u00a0<span dir=\"ltr\" role=\"presentation\">Yamaha 250 YZF<\/span> <span dir=\"ltr\" role=\"presentation\">DE BAETS YAMAHA MX TEAM<\/span><br role=\"presentation\" \/><span dir=\"ltr\" role=\"presentation\">92<\/span> <span dir=\"ltr\" role=\"presentation\">GUILLOD Valentin<\/span> <span dir=\"ltr\" role=\"presentation\">Honda 450 CRF<\/span> \u00a0<span dir=\"ltr\" role=\"presentation\">SR HONDA<\/span><br role=\"presentation\" \/><span dir=\"ltr\" role=\"presentation\">95<\/span> <span dir=\"ltr\" role=\"presentation\">CASAT Enzo<\/span> <span dir=\"ltr\" role=\"presentation\">Husqvarna 250<\/span>\u00a0<br role=\"presentation\" \/><span dir=\"ltr\" role=\"presentation\">121<\/span> <span dir=\"ltr\" role=\"presentation\">BOOG Xavier<\/span> <span dir=\"ltr\" role=\"presentation\">Yamaha 450 YZF<\/span>\u00a0<span dir=\"ltr\" role=\"presentation\">YAMAHA GSM DAFY<\/span><br role=\"presentation\" \/><span dir=\"ltr\" role=\"presentation\">125<\/span> <span dir=\"ltr\" role=\"presentation\">WECKMANN Emil<\/span> <span dir=\"ltr\" role=\"presentation\">Honda 250CRF<\/span> <span dir=\"ltr\" role=\"presentation\">SR HONDA<\/span><br role=\"presentation\" \/><span dir=\"ltr\" role=\"presentation\">172<\/span> <span dir=\"ltr\" role=\"presentation\">BOISRAME Mathys<\/span> <span dir=\"ltr\" role=\"presentation\">Husqvarna 450<\/span> <span dir=\"ltr\" role=\"presentation\">TEAM MB4.50<\/span><br role=\"presentation\" \/><span dir=\"ltr\" role=\"presentation\">180<\/span> <span dir=\"ltr\" role=\"presentation\">AMBJORNSSON Leopold<\/span> <span dir=\"ltr\" role=\"presentation\">Husqvarna 250<\/span>\u00a0<br role=\"presentation\" \/><span dir=\"ltr\" role=\"presentation\">189<\/span> <span dir=\"ltr\" role=\"presentation\">BOGERS Brian<\/span> <span dir=\"ltr\" role=\"presentation\">Honda 450 CRF<\/span> <span dir=\"ltr\" role=\"presentation\">STANDING CONSTRUCT HONDA<\/span><br role=\"presentation\" \/><span dir=\"ltr\" role=\"presentation\">193<\/span> <span dir=\"ltr\" role=\"presentation\">PROST Tanguy<\/span> <span dir=\"ltr\" role=\"presentation\">Honda 450 CRF<\/span> <span dir=\"ltr\" role=\"presentation\">MX Academy Honda<\/span><br role=\"presentation\" \/><span dir=\"ltr\" role=\"presentation\">198<\/span> <span dir=\"ltr\" role=\"presentation\">BENISTANT Thibault<\/span> <span dir=\"ltr\" role=\"presentation\">Yamaha 250 YZF<\/span> <span dir=\"ltr\" role=\"presentation\">MONSTER ENERGY YAMAHA FACTORY TEAM MX2<\/span><br role=\"presentation\" \/><span dir=\"ltr\" role=\"presentation\">259<\/span> <span dir=\"ltr\" role=\"presentation\">LEBEAU Julien<\/span> <span dir=\"ltr\" role=\"presentation\">Honda 450 CRF<\/span> <span dir=\"ltr\" role=\"presentation\">TEAM FR25<\/span><br role=\"presentation\" \/><span dir=\"ltr\" role=\"presentation\">301<\/span> <span dir=\"ltr\" role=\"presentation\">VAMPA Noah<\/span> <span dir=\"ltr\" role=\"presentation\">Yamaha 250 YZF<\/span> <span dir=\"ltr\" role=\"presentation\">YAMAHA MOTOR France<\/span><br role=\"presentation\" \/><span dir=\"ltr\" role=\"presentation\">317<\/span> <span dir=\"ltr\" role=\"presentation\">VALIN Mathis<\/span> <span dir=\"ltr\" role=\"presentation\">Gasgas 250 2T<\/span> <span dir=\"ltr\" role=\"presentation\">TEAM 737 PERFORMANCE GASGAS OXMOTO<\/span><br role=\"presentation\" \/><span dir=\"ltr\" role=\"presentation\">324<\/span> <span dir=\"ltr\" role=\"presentation\">CHARLIER Maxime<\/span> <span dir=\"ltr\" role=\"presentation\">Husqvarna 250<\/span> <span dir=\"ltr\" role=\"presentation\">CRC MOTOSTYL<\/span><br role=\"presentation\" \/><span dir=\"ltr\" role=\"presentation\">335<\/span> <span dir=\"ltr\" role=\"presentation\">POLIAS Enzo<\/span> <span dir=\"ltr\" role=\"presentation\">Husqvarna 450<\/span><br role=\"presentation\" \/><span dir=\"ltr\" role=\"presentation\">338<\/span> <span dir=\"ltr\" role=\"presentation\">HERBRETEAU David<\/span> <span dir=\"ltr\" role=\"presentation\">KTM 450<\/span><br role=\"presentation\" \/><span dir=\"ltr\" role=\"presentation\">519<\/span> <span dir=\"ltr\" role=\"presentation\">DHO William<\/span> <span dir=\"ltr\" role=\"presentation\">Kawasaki 450 KXF<\/span><br role=\"presentation\" \/><span dir=\"ltr\" role=\"presentation\">520<\/span> <span dir=\"ltr\" role=\"presentation\">CLOCHET Jimmy<\/span> <span dir=\"ltr\" role=\"presentation\">Honda 450 CRF<\/span>\u00a0<br role=\"presentation\" \/><span dir=\"ltr\" role=\"presentation\">620<\/span> <span dir=\"ltr\" role=\"presentation\">MARTIN Romain<\/span> <span dir=\"ltr\" role=\"presentation\">Kawasaki 250 KXF<\/span>\u00a0<br role=\"presentation\" \/><span dir=\"ltr\" role=\"presentation\">783<\/span> <span dir=\"ltr\" role=\"presentation\">TORIANI Enzo<\/span> <span dir=\"ltr\" role=\"presentation\">Yamaha 450 YZF<\/span><br role=\"presentation\" \/><span dir=\"ltr\" role=\"presentation\">798<\/span> <span dir=\"ltr\" role=\"presentation\">COLSON Arnaud<\/span> <span dir=\"ltr\" role=\"presentation\">Honda 250CRF<\/span> <span dir=\"ltr\" role=\"presentation\">PRO FACTORY RACING<\/span><br role=\"presentation\" \/><span dir=\"ltr\" role=\"presentation\">817<\/span> <span dir=\"ltr\" role=\"presentation\">CLERMONT Jason<\/span>\u00a0<span dir=\"ltr\" role=\"presentation\">Kawasaki 450 KXF<\/span> <span dir=\"ltr\" role=\"presentation\">TEAM BERRYLI4NI<\/span><br role=\"presentation\" \/><span dir=\"ltr\" role=\"presentation\">831<\/span> <span dir=\"ltr\" role=\"presentation\">MAYLIN Brice<\/span> <span dir=\"ltr\" role=\"presentation\">Gasgas 450 4T<\/span> <span dir=\"ltr\" role=\"presentation\">TEAM 737 PERFORMANCE GASGAS OXMOTO<\/span><br role=\"presentation\" \/><span dir=\"ltr\" role=\"presentation\">945<\/span> <span dir=\"ltr\" role=\"presentation\">BOURDON Anthony<\/span> <span dir=\"ltr\" role=\"presentation\">Kawasaki 450 KXF<\/span> <span dir=\"ltr\" role=\"presentation\">TEAM BUD RACING KAWASAKI<\/span><\/p>\n","protected":false},"excerpt":{"rendered":"<p>Pour la 56\u00e8me fois, Sommi\u00e8res accueillera le dimanche 26 f\u00e9vrier prochain l&rsquo;\u00e9lite du motocross fran\u00e7ais, \u00e0 laquelle viendra s&rsquo;ajouter une s\u00e9rie de pilotes internationaux en pleine pr\u00e9paration en vue de [&#8230;]<\/p>\n","protected":false},"author":932,"featured_media":117221,"comment_status":"open","ping_status":"closed","sticky":false,"template":"","format":"standard","meta":{"footnotes":""},"categories":[54,57,4,5,55,65],"tags":[947],"class_list":["post-123115","post","type-post","status-publish","format-standard","has-post-thumbnail","hentry","category-actualite","category-calendriers","category-motocross","category-news","category-news-actualite","category-slideshow","tag-motocross"],"yoast_head":"<!-- This site is optimized with the Yoast SEO plugin v27.4 - https:\/\/yoast.com\/product\/yoast-seo-wordpress\/ -->\n<title>Le 56\u00e8me Motocross International de Sommi\u00e8res - Motocross - Enduro - Supermoto | MotocrossMag<\/title>\n<meta name=\"robots\" content=\"index, follow, max-snippet:-1, max-image-preview:large, max-video-preview:-1\" \/>\n<link rel=\"canonical\" href=\"https:\/\/fr.motocrossmag.be\/index.php\/2023\/02\/le-56eme-motocross-international-de-sommieres\/\" \/>\n<meta property=\"og:locale\" content=\"fr_FR\" \/>\n<meta property=\"og:type\" content=\"article\" \/>\n<meta property=\"og:title\" content=\"Le 56\u00e8me Motocross International de Sommi\u00e8res - Motocross - Enduro - Supermoto | MotocrossMag\" \/>\n<meta property=\"og:description\" content=\"Pour la 56\u00e8me fois, Sommi\u00e8res accueillera le dimanche 26 f\u00e9vrier prochain l&rsquo;\u00e9lite du motocross fran\u00e7ais, \u00e0 laquelle viendra s&rsquo;ajouter une s\u00e9rie de pilotes internationaux en pleine pr\u00e9paration en vue de [...]\" \/>\n<meta property=\"og:url\" content=\"https:\/\/fr.motocrossmag.be\/index.php\/2023\/02\/le-56eme-motocross-international-de-sommieres\/\" \/>\n<meta property=\"og:site_name\" content=\"Motocross - Enduro - Supermoto | MotocrossMag\" \/>\n<meta property=\"article:published_time\" content=\"2023-02-17T15:28:49+00:00\" \/>\n<meta property=\"og:image\" content=\"https:\/\/fr.motocrossmag.be\/wp-content\/uploads\/2022\/05\/calvin-vlaanderen.jpg\" \/>\n\t<meta property=\"og:image:width\" content=\"900\" \/>\n\t<meta property=\"og:image:height\" content=\"600\" \/>\n\t<meta property=\"og:image:type\" content=\"image\/jpeg\" \/>\n<meta name=\"author\" content=\"oliviere\" \/>\n<meta name=\"twitter:card\" content=\"summary_large_image\" \/>\n<meta name=\"twitter:label1\" content=\"\u00c9crit par\" \/>\n\t<meta name=\"twitter:data1\" content=\"oliviere\" \/>\n\t<meta name=\"twitter:label2\" content=\"Dur\u00e9e de lecture estim\u00e9e\" \/>\n\t<meta name=\"twitter:data2\" content=\"2 minutes\" \/>\n<script type=\"application\/ld+json\" class=\"yoast-schema-graph\">{\"@context\":\"https:\\\/\\\/schema.org\",\"@graph\":[{\"@type\":\"Article\",\"@id\":\"https:\\\/\\\/fr.motocrossmag.be\\\/index.php\\\/2023\\\/02\\\/le-56eme-motocross-international-de-sommieres\\\/#article\",\"isPartOf\":{\"@id\":\"https:\\\/\\\/fr.motocrossmag.be\\\/index.php\\\/2023\\\/02\\\/le-56eme-motocross-international-de-sommieres\\\/\"},\"author\":{\"name\":\"oliviere\",\"@id\":\"https:\\\/\\\/fr.motocrossmag.be\\\/#\\\/schema\\\/person\\\/11b47143d9f755babca2c9110e03235c\"},\"headline\":\"Le 56\u00e8me Motocross International de Sommi\u00e8res\",\"datePublished\":\"2023-02-17T15:28:49+00:00\",\"mainEntityOfPage\":{\"@id\":\"https:\\\/\\\/fr.motocrossmag.be\\\/index.php\\\/2023\\\/02\\\/le-56eme-motocross-international-de-sommieres\\\/\"},\"wordCount\":374,\"commentCount\":0,\"image\":{\"@id\":\"https:\\\/\\\/fr.motocrossmag.be\\\/index.php\\\/2023\\\/02\\\/le-56eme-motocross-international-de-sommieres\\\/#primaryimage\"},\"thumbnailUrl\":\"https:\\\/\\\/fr.motocrossmag.be\\\/wp-content\\\/uploads\\\/2022\\\/05\\\/calvin-vlaanderen.jpg\",\"keywords\":[\"Motocross\"],\"articleSection\":[\"Actualit\u00e9\",\"Calendriers\",\"Motocross\",\"News\",\"News\",\"Slideshow\"],\"inLanguage\":\"fr-FR\",\"potentialAction\":[{\"@type\":\"CommentAction\",\"name\":\"Comment\",\"target\":[\"https:\\\/\\\/fr.motocrossmag.be\\\/index.php\\\/2023\\\/02\\\/le-56eme-motocross-international-de-sommieres\\\/#respond\"]}]},{\"@type\":\"WebPage\",\"@id\":\"https:\\\/\\\/fr.motocrossmag.be\\\/index.php\\\/2023\\\/02\\\/le-56eme-motocross-international-de-sommieres\\\/\",\"url\":\"https:\\\/\\\/fr.motocrossmag.be\\\/index.php\\\/2023\\\/02\\\/le-56eme-motocross-international-de-sommieres\\\/\",\"name\":\"Le 56\u00e8me Motocross International de Sommi\u00e8res - Motocross - Enduro - Supermoto | MotocrossMag\",\"isPartOf\":{\"@id\":\"https:\\\/\\\/fr.motocrossmag.be\\\/#website\"},\"primaryImageOfPage\":{\"@id\":\"https:\\\/\\\/fr.motocrossmag.be\\\/index.php\\\/2023\\\/02\\\/le-56eme-motocross-international-de-sommieres\\\/#primaryimage\"},\"image\":{\"@id\":\"https:\\\/\\\/fr.motocrossmag.be\\\/index.php\\\/2023\\\/02\\\/le-56eme-motocross-international-de-sommieres\\\/#primaryimage\"},\"thumbnailUrl\":\"https:\\\/\\\/fr.motocrossmag.be\\\/wp-content\\\/uploads\\\/2022\\\/05\\\/calvin-vlaanderen.jpg\",\"datePublished\":\"2023-02-17T15:28:49+00:00\",\"author\":{\"@id\":\"https:\\\/\\\/fr.motocrossmag.be\\\/#\\\/schema\\\/person\\\/11b47143d9f755babca2c9110e03235c\"},\"breadcrumb\":{\"@id\":\"https:\\\/\\\/fr.motocrossmag.be\\\/index.php\\\/2023\\\/02\\\/le-56eme-motocross-international-de-sommieres\\\/#breadcrumb\"},\"inLanguage\":\"fr-FR\",\"potentialAction\":[{\"@type\":\"ReadAction\",\"target\":[\"https:\\\/\\\/fr.motocrossmag.be\\\/index.php\\\/2023\\\/02\\\/le-56eme-motocross-international-de-sommieres\\\/\"]}]},{\"@type\":\"ImageObject\",\"inLanguage\":\"fr-FR\",\"@id\":\"https:\\\/\\\/fr.motocrossmag.be\\\/index.php\\\/2023\\\/02\\\/le-56eme-motocross-international-de-sommieres\\\/#primaryimage\",\"url\":\"https:\\\/\\\/fr.motocrossmag.be\\\/wp-content\\\/uploads\\\/2022\\\/05\\\/calvin-vlaanderen.jpg\",\"contentUrl\":\"https:\\\/\\\/fr.motocrossmag.be\\\/wp-content\\\/uploads\\\/2022\\\/05\\\/calvin-vlaanderen.jpg\",\"width\":\"900\",\"height\":\"600\"},{\"@type\":\"BreadcrumbList\",\"@id\":\"https:\\\/\\\/fr.motocrossmag.be\\\/index.php\\\/2023\\\/02\\\/le-56eme-motocross-international-de-sommieres\\\/#breadcrumb\",\"itemListElement\":[{\"@type\":\"ListItem\",\"position\":1,\"name\":\"Accueil\",\"item\":\"https:\\\/\\\/fr.motocrossmag.be\\\/\"},{\"@type\":\"ListItem\",\"position\":2,\"name\":\"Le 56\u00e8me Motocross International de Sommi\u00e8res\"}]},{\"@type\":\"WebSite\",\"@id\":\"https:\\\/\\\/fr.motocrossmag.be\\\/#website\",\"url\":\"https:\\\/\\\/fr.motocrossmag.be\\\/\",\"name\":\"Motocross - Enduro - Supermoto | MotocrossMag\",\"description\":\"L&#039;actualit\u00e9 du motocross, de l&#039;enduro et du Supermoto en ligne!\",\"potentialAction\":[{\"@type\":\"SearchAction\",\"target\":{\"@type\":\"EntryPoint\",\"urlTemplate\":\"https:\\\/\\\/fr.motocrossmag.be\\\/?s={search_term_string}\"},\"query-input\":{\"@type\":\"PropertyValueSpecification\",\"valueRequired\":true,\"valueName\":\"search_term_string\"}}],\"inLanguage\":\"fr-FR\"},{\"@type\":\"Person\",\"@id\":\"https:\\\/\\\/fr.motocrossmag.be\\\/#\\\/schema\\\/person\\\/11b47143d9f755babca2c9110e03235c\",\"name\":\"oliviere\",\"image\":{\"@type\":\"ImageObject\",\"inLanguage\":\"fr-FR\",\"@id\":\"https:\\\/\\\/secure.gravatar.com\\\/avatar\\\/907069e0b81d119452040469e4a7501da1100f54f7f80180ce77bfab718288f6?s=96&d=mm&r=g\",\"url\":\"https:\\\/\\\/secure.gravatar.com\\\/avatar\\\/907069e0b81d119452040469e4a7501da1100f54f7f80180ce77bfab718288f6?s=96&d=mm&r=g\",\"contentUrl\":\"https:\\\/\\\/secure.gravatar.com\\\/avatar\\\/907069e0b81d119452040469e4a7501da1100f54f7f80180ce77bfab718288f6?s=96&d=mm&r=g\",\"caption\":\"oliviere\"},\"sameAs\":[\"http:\\\/\\\/www.motocrossmag.be\"],\"url\":\"https:\\\/\\\/fr.motocrossmag.be\\\/index.php\\\/author\\\/oliviere\\\/\"}]}<\/script>\n<!-- \/ Yoast SEO plugin. -->","yoast_head_json":{"title":"Le 56\u00e8me Motocross International de Sommi\u00e8res - Motocross - Enduro - Supermoto | MotocrossMag","robots":{"index":"index","follow":"follow","max-snippet":"max-snippet:-1","max-image-preview":"max-image-preview:large","max-video-preview":"max-video-preview:-1"},"canonical":"https:\/\/fr.motocrossmag.be\/index.php\/2023\/02\/le-56eme-motocross-international-de-sommieres\/","og_locale":"fr_FR","og_type":"article","og_title":"Le 56\u00e8me Motocross International de Sommi\u00e8res - Motocross - Enduro - Supermoto | MotocrossMag","og_description":"Pour la 56\u00e8me fois, Sommi\u00e8res accueillera le dimanche 26 f\u00e9vrier prochain l&rsquo;\u00e9lite du motocross fran\u00e7ais, \u00e0 laquelle viendra s&rsquo;ajouter une s\u00e9rie de pilotes internationaux en pleine pr\u00e9paration en vue de [...]","og_url":"https:\/\/fr.motocrossmag.be\/index.php\/2023\/02\/le-56eme-motocross-international-de-sommieres\/","og_site_name":"Motocross - Enduro - Supermoto | MotocrossMag","article_published_time":"2023-02-17T15:28:49+00:00","og_image":[{"width":900,"height":600,"url":"https:\/\/fr.motocrossmag.be\/wp-content\/uploads\/2022\/05\/calvin-vlaanderen.jpg","type":"image\/jpeg"}],"author":"oliviere","twitter_card":"summary_large_image","twitter_misc":{"\u00c9crit par":"oliviere","Dur\u00e9e de lecture estim\u00e9e":"2 minutes"},"schema":{"@context":"https:\/\/schema.org","@graph":[{"@type":"Article","@id":"https:\/\/fr.motocrossmag.be\/index.php\/2023\/02\/le-56eme-motocross-international-de-sommieres\/#article","isPartOf":{"@id":"https:\/\/fr.motocrossmag.be\/index.php\/2023\/02\/le-56eme-motocross-international-de-sommieres\/"},"author":{"name":"oliviere","@id":"https:\/\/fr.motocrossmag.be\/#\/schema\/person\/11b47143d9f755babca2c9110e03235c"},"headline":"Le 56\u00e8me Motocross International de Sommi\u00e8res","datePublished":"2023-02-17T15:28:49+00:00","mainEntityOfPage":{"@id":"https:\/\/fr.motocrossmag.be\/index.php\/2023\/02\/le-56eme-motocross-international-de-sommieres\/"},"wordCount":374,"commentCount":0,"image":{"@id":"https:\/\/fr.motocrossmag.be\/index.php\/2023\/02\/le-56eme-motocross-international-de-sommieres\/#primaryimage"},"thumbnailUrl":"https:\/\/fr.motocrossmag.be\/wp-content\/uploads\/2022\/05\/calvin-vlaanderen.jpg","keywords":["Motocross"],"articleSection":["Actualit\u00e9","Calendriers","Motocross","News","News","Slideshow"],"inLanguage":"fr-FR","potentialAction":[{"@type":"CommentAction","name":"Comment","target":["https:\/\/fr.motocrossmag.be\/index.php\/2023\/02\/le-56eme-motocross-international-de-sommieres\/#respond"]}]},{"@type":"WebPage","@id":"https:\/\/fr.motocrossmag.be\/index.php\/2023\/02\/le-56eme-motocross-international-de-sommieres\/","url":"https:\/\/fr.motocrossmag.be\/index.php\/2023\/02\/le-56eme-motocross-international-de-sommieres\/","name":"Le 56\u00e8me Motocross International de Sommi\u00e8res - Motocross - Enduro - Supermoto | MotocrossMag","isPartOf":{"@id":"https:\/\/fr.motocrossmag.be\/#website"},"primaryImageOfPage":{"@id":"https:\/\/fr.motocrossmag.be\/index.php\/2023\/02\/le-56eme-motocross-international-de-sommieres\/#primaryimage"},"image":{"@id":"https:\/\/fr.motocrossmag.be\/index.php\/2023\/02\/le-56eme-motocross-international-de-sommieres\/#primaryimage"},"thumbnailUrl":"https:\/\/fr.motocrossmag.be\/wp-content\/uploads\/2022\/05\/calvin-vlaanderen.jpg","datePublished":"2023-02-17T15:28:49+00:00","author":{"@id":"https:\/\/fr.motocrossmag.be\/#\/schema\/person\/11b47143d9f755babca2c9110e03235c"},"breadcrumb":{"@id":"https:\/\/fr.motocrossmag.be\/index.php\/2023\/02\/le-56eme-motocross-international-de-sommieres\/#breadcrumb"},"inLanguage":"fr-FR","potentialAction":[{"@type":"ReadAction","target":["https:\/\/fr.motocrossmag.be\/index.php\/2023\/02\/le-56eme-motocross-international-de-sommieres\/"]}]},{"@type":"ImageObject","inLanguage":"fr-FR","@id":"https:\/\/fr.motocrossmag.be\/index.php\/2023\/02\/le-56eme-motocross-international-de-sommieres\/#primaryimage","url":"https:\/\/fr.motocrossmag.be\/wp-content\/uploads\/2022\/05\/calvin-vlaanderen.jpg","contentUrl":"https:\/\/fr.motocrossmag.be\/wp-content\/uploads\/2022\/05\/calvin-vlaanderen.jpg","width":"900","height":"600"},{"@type":"BreadcrumbList","@id":"https:\/\/fr.motocrossmag.be\/index.php\/2023\/02\/le-56eme-motocross-international-de-sommieres\/#breadcrumb","itemListElement":[{"@type":"ListItem","position":1,"name":"Accueil","item":"https:\/\/fr.motocrossmag.be\/"},{"@type":"ListItem","position":2,"name":"Le 56\u00e8me Motocross International de Sommi\u00e8res"}]},{"@type":"WebSite","@id":"https:\/\/fr.motocrossmag.be\/#website","url":"https:\/\/fr.motocrossmag.be\/","name":"Motocross - Enduro - Supermoto | MotocrossMag","description":"L&#039;actualit\u00e9 du motocross, de l&#039;enduro et du Supermoto en ligne!","potentialAction":[{"@type":"SearchAction","target":{"@type":"EntryPoint","urlTemplate":"https:\/\/fr.motocrossmag.be\/?s={search_term_string}"},"query-input":{"@type":"PropertyValueSpecification","valueRequired":true,"valueName":"search_term_string"}}],"inLanguage":"fr-FR"},{"@type":"Person","@id":"https:\/\/fr.motocrossmag.be\/#\/schema\/person\/11b47143d9f755babca2c9110e03235c","name":"oliviere","image":{"@type":"ImageObject","inLanguage":"fr-FR","@id":"https:\/\/secure.gravatar.com\/avatar\/907069e0b81d119452040469e4a7501da1100f54f7f80180ce77bfab718288f6?s=96&d=mm&r=g","url":"https:\/\/secure.gravatar.com\/avatar\/907069e0b81d119452040469e4a7501da1100f54f7f80180ce77bfab718288f6?s=96&d=mm&r=g","contentUrl":"https:\/\/secure.gravatar.com\/avatar\/907069e0b81d119452040469e4a7501da1100f54f7f80180ce77bfab718288f6?s=96&d=mm&r=g","caption":"oliviere"},"sameAs":["http:\/\/www.motocrossmag.be"],"url":"https:\/\/fr.motocrossmag.be\/index.php\/author\/oliviere\/"}]}},"_links":{"self":[{"href":"https:\/\/fr.motocrossmag.be\/index.php\/wp-json\/wp\/v2\/posts\/123115","targetHints":{"allow":["GET"]}}],"collection":[{"href":"https:\/\/fr.motocrossmag.be\/index.php\/wp-json\/wp\/v2\/posts"}],"about":[{"href":"https:\/\/fr.motocrossmag.be\/index.php\/wp-json\/wp\/v2\/types\/post"}],"author":[{"embeddable":true,"href":"https:\/\/fr.motocrossmag.be\/index.php\/wp-json\/wp\/v2\/users\/932"}],"replies":[{"embeddable":true,"href":"https:\/\/fr.motocrossmag.be\/index.php\/wp-json\/wp\/v2\/comments?post=123115"}],"version-history":[{"count":0,"href":"https:\/\/fr.motocrossmag.be\/index.php\/wp-json\/wp\/v2\/posts\/123115\/revisions"}],"wp:featuredmedia":[{"embeddable":true,"href":"https:\/\/fr.motocrossmag.be\/index.php\/wp-json\/wp\/v2\/media\/117221"}],"wp:attachment":[{"href":"https:\/\/fr.motocrossmag.be\/index.php\/wp-json\/wp\/v2\/media?parent=123115"}],"wp:term":[{"taxonomy":"category","embeddable":true,"href":"https:\/\/fr.motocrossmag.be\/index.php\/wp-json\/wp\/v2\/categories?post=123115"},{"taxonomy":"post_tag","embeddable":true,"href":"https:\/\/fr.motocrossmag.be\/index.php\/wp-json\/wp\/v2\/tags?post=123115"}],"curies":[{"name":"wp","href":"https:\/\/api.w.org\/{rel}","templated":true}]}}