{"id":123235,"date":"2023-03-08T00:04:23","date_gmt":"2023-03-07T23:04:23","guid":{"rendered":"http:\/\/fr.motocrossmag.be\/?p=123235"},"modified":"2023-03-08T00:04:23","modified_gmt":"2023-03-07T23:04:23","slug":"distribution-des-points-a-lampl-retour-en-arriere","status":"publish","type":"post","link":"https:\/\/fr.motocrossmag.be\/index.php\/2023\/03\/distribution-des-points-a-lampl-retour-en-arriere\/","title":{"rendered":"Distribution des points \u00e0 l&rsquo;AMPL : retour en arri\u00e8re"},"content":{"rendered":"<p><strong>Ces deux derni\u00e8re saisons, l&rsquo;AMPL a utilis\u00e9 une grille de distribution des points qui lui \u00e9tait propre. A pr\u00e9sent, le Comit\u00e9 directeur de la f\u00e9d\u00e9ration revoit sa copie et revient \u00e0 la grille en vigueur presque partout ailleurs en Europe.<\/strong><\/p>\n<p>Avec 30 points pour le premier, 24 pour le second et 20 pour le troisi\u00e8me pilote class\u00e9, l&rsquo;AMPL a test\u00e9 durant les saisons 2021 et 2022 un syst\u00e8me de distribution des points par manche diff\u00e9rent de celui que l&rsquo;on conna\u00eet par ailleurs, avec l&rsquo;objectif de rendre la victoire plus attractive et d&rsquo;augmenter ainsi le spectacle sur la piste.<\/p><div class=\"tefph6a960e35cce4b\" ><!-- \/91277017\/Inline-articles-mobile -->\n<div style=\"margin:auto; text-align:center !important\">\n<div id='div-gpt-ad-1784982661365-0' style='min-width: 250px; min-height: 75px;'>\n  <script>\n    googletag.cmd.push(function() { googletag.display('div-gpt-ad-1784982661365-0'); });\n  <\/script>\n<\/div><\/div><\/div><style type=\"text\/css\">\r\n.tefph6a960e35cce4b {\r\nmargin-bottom:30px;margin-top:20px\r\n}\r\n@media screen and (min-width: 1201px) {\r\n.tefph6a960e35cce4b {\r\ndisplay: block;\r\n}\r\n}\r\n@media screen and (min-width: 993px) and (max-width: 1200px) {\r\n.tefph6a960e35cce4b {\r\ndisplay: block;\r\n}\r\n}\r\n@media screen and (min-width: 769px) and (max-width: 992px) {\r\n.tefph6a960e35cce4b {\r\ndisplay: block;\r\n}\r\n}\r\n@media screen and (min-width: 768px) and (max-width: 768px) {\r\n.tefph6a960e35cce4b {\r\ndisplay: block;\r\n}\r\n}\r\n@media screen and (max-width: 767px) {\r\n.tefph6a960e35cce4b {\r\ndisplay: block;\r\n}\r\n}\r\n<\/style>\r\n\n<p>L&rsquo;objectif n&rsquo;ayant pas \u00e9t\u00e9 atteint et les \u00e9carts se creusant tr\u00e8s rapidement dans les diff\u00e9rents classements provisoires, le Comit\u00e9 directeur de l&rsquo;AMPL a pris la d\u00e9cision d&rsquo;abandonner ce syst\u00e8me et de revenir aux 25 points pour le vainqueur, 22 pour le deuxi\u00e8me, 20 pour le troisi\u00e8me, 18 pour le quatri\u00e8me,&#8230; soit la grille en vigueur sur les diff\u00e9rents championnat nationaux et internationaux en Europe.<\/p>\n","protected":false},"excerpt":{"rendered":"<p>Ces deux derni\u00e8re saisons, l&rsquo;AMPL a utilis\u00e9 une grille de distribution des points qui lui \u00e9tait propre. A pr\u00e9sent, le Comit\u00e9 directeur de la f\u00e9d\u00e9ration revoit sa copie et revient \u00e0 la grille en vigueur presque partout ailleurs en Europe. Avec 30 points pour le premier, 24 pour le second et 20 pour le troisi\u00e8me [&hellip;]<\/p>\n","protected":false},"author":932,"featured_media":116684,"comment_status":"open","ping_status":"closed","sticky":false,"template":"","format":"standard","meta":{"tdm_status":"","tdm_grid_status":"","footnotes":""},"categories":[54,30,4,5,55,65],"tags":[970,947],"class_list":["post-123235","post","type-post","status-publish","format-standard","has-post-thumbnail","category-actualite","category-ampl","category-motocross","category-news","category-news-actualite","category-slideshow","tag-ampl","tag-motocross"],"yoast_head":"<!-- This site is optimized with the Yoast SEO plugin v28.3 - https:\/\/yoast.com\/product\/yoast-seo-wordpress\/ -->\n<title>Distribution des points \u00e0 l&#039;AMPL : retour en arri\u00e8re - Motocross - Enduro - Supermoto | MotocrossMag<\/title>\n<meta name=\"robots\" content=\"index, follow, max-snippet:-1, max-image-preview:large, max-video-preview:-1\" \/>\n<link rel=\"canonical\" href=\"https:\/\/fr.motocrossmag.be\/index.php\/2023\/03\/distribution-des-points-a-lampl-retour-en-arriere\/\" \/>\n<meta property=\"og:locale\" content=\"fr_FR\" \/>\n<meta property=\"og:type\" content=\"article\" \/>\n<meta property=\"og:title\" content=\"Distribution des points \u00e0 l&#039;AMPL : retour en arri\u00e8re - Motocross - Enduro - Supermoto | MotocrossMag\" \/>\n<meta property=\"og:description\" content=\"Ces deux derni\u00e8re saisons, l&rsquo;AMPL a utilis\u00e9 une grille de distribution des points qui lui \u00e9tait propre. A pr\u00e9sent, le Comit\u00e9 directeur de la f\u00e9d\u00e9ration revoit sa copie et revient \u00e0 la grille en vigueur presque partout ailleurs en Europe. Avec 30 points pour le premier, 24 pour le second et 20 pour le troisi\u00e8me [&hellip;]\" \/>\n<meta property=\"og:url\" content=\"https:\/\/fr.motocrossmag.be\/index.php\/2023\/03\/distribution-des-points-a-lampl-retour-en-arriere\/\" \/>\n<meta property=\"og:site_name\" content=\"Motocross - Enduro - Supermoto | MotocrossMag\" \/>\n<meta property=\"article:published_time\" content=\"2023-03-07T23:04:23+00:00\" \/>\n<meta property=\"og:image\" content=\"https:\/\/fr.motocrossmag.be\/wp-content\/uploads\/2022\/04\/haid-ampl-francois-ecolages.jpg\" \/>\n\t<meta property=\"og:image:width\" content=\"1000\" \/>\n\t<meta property=\"og:image:height\" content=\"713\" \/>\n\t<meta property=\"og:image:type\" content=\"image\/jpeg\" \/>\n<meta name=\"author\" content=\"oliviere\" \/>\n<meta name=\"twitter:card\" content=\"summary_large_image\" \/>\n<meta name=\"twitter:label1\" content=\"\u00c9crit par\" \/>\n\t<meta name=\"twitter:data1\" content=\"oliviere\" \/>\n\t<meta name=\"twitter:label2\" content=\"Dur\u00e9e de lecture estim\u00e9e\" \/>\n\t<meta name=\"twitter:data2\" content=\"1 minute\" \/>\n<script type=\"application\/ld+json\" class=\"yoast-schema-graph\">{\"@context\":\"https:\\\/\\\/schema.org\",\"@graph\":[{\"@type\":\"Article\",\"@id\":\"https:\\\/\\\/fr.motocrossmag.be\\\/index.php\\\/2023\\\/03\\\/distribution-des-points-a-lampl-retour-en-arriere\\\/#article\",\"isPartOf\":{\"@id\":\"https:\\\/\\\/fr.motocrossmag.be\\\/index.php\\\/2023\\\/03\\\/distribution-des-points-a-lampl-retour-en-arriere\\\/\"},\"author\":{\"name\":\"oliviere\",\"@id\":\"https:\\\/\\\/fr.motocrossmag.be\\\/#\\\/schema\\\/person\\\/11b47143d9f755babca2c9110e03235c\"},\"headline\":\"Distribution des points \u00e0 l&rsquo;AMPL : retour en arri\u00e8re\",\"datePublished\":\"2023-03-07T23:04:23+00:00\",\"mainEntityOfPage\":{\"@id\":\"https:\\\/\\\/fr.motocrossmag.be\\\/index.php\\\/2023\\\/03\\\/distribution-des-points-a-lampl-retour-en-arriere\\\/\"},\"wordCount\":186,\"commentCount\":0,\"image\":{\"@id\":\"https:\\\/\\\/fr.motocrossmag.be\\\/index.php\\\/2023\\\/03\\\/distribution-des-points-a-lampl-retour-en-arriere\\\/#primaryimage\"},\"thumbnailUrl\":\"https:\\\/\\\/fr.motocrossmag.be\\\/wp-content\\\/uploads\\\/2022\\\/04\\\/haid-ampl-francois-ecolages.jpg\",\"keywords\":[\"ampl\",\"Motocross\"],\"articleSection\":[\"Actualit\u00e9\",\"AMPL\",\"Motocross\",\"News\",\"News\",\"Slideshow\"],\"inLanguage\":\"fr-FR\",\"potentialAction\":[{\"@type\":\"CommentAction\",\"name\":\"Comment\",\"target\":[\"https:\\\/\\\/fr.motocrossmag.be\\\/index.php\\\/2023\\\/03\\\/distribution-des-points-a-lampl-retour-en-arriere\\\/#respond\"]}]},{\"@type\":\"WebPage\",\"@id\":\"https:\\\/\\\/fr.motocrossmag.be\\\/index.php\\\/2023\\\/03\\\/distribution-des-points-a-lampl-retour-en-arriere\\\/\",\"url\":\"https:\\\/\\\/fr.motocrossmag.be\\\/index.php\\\/2023\\\/03\\\/distribution-des-points-a-lampl-retour-en-arriere\\\/\",\"name\":\"Distribution des points \u00e0 l'AMPL : retour en arri\u00e8re - Motocross - Enduro - Supermoto | MotocrossMag\",\"isPartOf\":{\"@id\":\"https:\\\/\\\/fr.motocrossmag.be\\\/#website\"},\"primaryImageOfPage\":{\"@id\":\"https:\\\/\\\/fr.motocrossmag.be\\\/index.php\\\/2023\\\/03\\\/distribution-des-points-a-lampl-retour-en-arriere\\\/#primaryimage\"},\"image\":{\"@id\":\"https:\\\/\\\/fr.motocrossmag.be\\\/index.php\\\/2023\\\/03\\\/distribution-des-points-a-lampl-retour-en-arriere\\\/#primaryimage\"},\"thumbnailUrl\":\"https:\\\/\\\/fr.motocrossmag.be\\\/wp-content\\\/uploads\\\/2022\\\/04\\\/haid-ampl-francois-ecolages.jpg\",\"datePublished\":\"2023-03-07T23:04:23+00:00\",\"author\":{\"@id\":\"https:\\\/\\\/fr.motocrossmag.be\\\/#\\\/schema\\\/person\\\/11b47143d9f755babca2c9110e03235c\"},\"breadcrumb\":{\"@id\":\"https:\\\/\\\/fr.motocrossmag.be\\\/index.php\\\/2023\\\/03\\\/distribution-des-points-a-lampl-retour-en-arriere\\\/#breadcrumb\"},\"inLanguage\":\"fr-FR\",\"potentialAction\":[{\"@type\":\"ReadAction\",\"target\":[\"https:\\\/\\\/fr.motocrossmag.be\\\/index.php\\\/2023\\\/03\\\/distribution-des-points-a-lampl-retour-en-arriere\\\/\"]}]},{\"@type\":\"ImageObject\",\"inLanguage\":\"fr-FR\",\"@id\":\"https:\\\/\\\/fr.motocrossmag.be\\\/index.php\\\/2023\\\/03\\\/distribution-des-points-a-lampl-retour-en-arriere\\\/#primaryimage\",\"url\":\"https:\\\/\\\/fr.motocrossmag.be\\\/wp-content\\\/uploads\\\/2022\\\/04\\\/haid-ampl-francois-ecolages.jpg\",\"contentUrl\":\"https:\\\/\\\/fr.motocrossmag.be\\\/wp-content\\\/uploads\\\/2022\\\/04\\\/haid-ampl-francois-ecolages.jpg\",\"width\":\"1000\",\"height\":\"713\"},{\"@type\":\"BreadcrumbList\",\"@id\":\"https:\\\/\\\/fr.motocrossmag.be\\\/index.php\\\/2023\\\/03\\\/distribution-des-points-a-lampl-retour-en-arriere\\\/#breadcrumb\",\"itemListElement\":[{\"@type\":\"ListItem\",\"position\":1,\"name\":\"Accueil\",\"item\":\"https:\\\/\\\/fr.motocrossmag.be\\\/\"},{\"@type\":\"ListItem\",\"position\":2,\"name\":\"Distribution des points \u00e0 l&rsquo;AMPL : retour en arri\u00e8re\"}]},{\"@type\":\"WebSite\",\"@id\":\"https:\\\/\\\/fr.motocrossmag.be\\\/#website\",\"url\":\"https:\\\/\\\/fr.motocrossmag.be\\\/\",\"name\":\"Motocross - Enduro - Supermoto | MotocrossMag\",\"description\":\"L&#039;actualit\u00e9 du motocross, de l&#039;enduro et du Supermoto en ligne!\",\"potentialAction\":[{\"@type\":\"SearchAction\",\"target\":{\"@type\":\"EntryPoint\",\"urlTemplate\":\"https:\\\/\\\/fr.motocrossmag.be\\\/?s={search_term_string}\"},\"query-input\":{\"@type\":\"PropertyValueSpecification\",\"valueRequired\":true,\"valueName\":\"search_term_string\"}}],\"inLanguage\":\"fr-FR\"},{\"@type\":\"Person\",\"@id\":\"https:\\\/\\\/fr.motocrossmag.be\\\/#\\\/schema\\\/person\\\/11b47143d9f755babca2c9110e03235c\",\"name\":\"oliviere\",\"image\":{\"@type\":\"ImageObject\",\"inLanguage\":\"fr-FR\",\"@id\":\"https:\\\/\\\/secure.gravatar.com\\\/avatar\\\/907069e0b81d119452040469e4a7501da1100f54f7f80180ce77bfab718288f6?s=96&d=mm&r=g\",\"url\":\"https:\\\/\\\/secure.gravatar.com\\\/avatar\\\/907069e0b81d119452040469e4a7501da1100f54f7f80180ce77bfab718288f6?s=96&d=mm&r=g\",\"contentUrl\":\"https:\\\/\\\/secure.gravatar.com\\\/avatar\\\/907069e0b81d119452040469e4a7501da1100f54f7f80180ce77bfab718288f6?s=96&d=mm&r=g\",\"caption\":\"oliviere\"},\"sameAs\":[\"http:\\\/\\\/www.motocrossmag.be\"],\"url\":\"https:\\\/\\\/fr.motocrossmag.be\\\/index.php\\\/author\\\/oliviere\\\/\"}]}<\/script>\n<!-- \/ Yoast SEO plugin. -->","yoast_head_json":{"title":"Distribution des points \u00e0 l'AMPL : retour en arri\u00e8re - Motocross - Enduro - Supermoto | MotocrossMag","robots":{"index":"index","follow":"follow","max-snippet":"max-snippet:-1","max-image-preview":"max-image-preview:large","max-video-preview":"max-video-preview:-1"},"canonical":"https:\/\/fr.motocrossmag.be\/index.php\/2023\/03\/distribution-des-points-a-lampl-retour-en-arriere\/","og_locale":"fr_FR","og_type":"article","og_title":"Distribution des points \u00e0 l'AMPL : retour en arri\u00e8re - Motocross - Enduro - Supermoto | MotocrossMag","og_description":"Ces deux derni\u00e8re saisons, l&rsquo;AMPL a utilis\u00e9 une grille de distribution des points qui lui \u00e9tait propre. A pr\u00e9sent, le Comit\u00e9 directeur de la f\u00e9d\u00e9ration revoit sa copie et revient \u00e0 la grille en vigueur presque partout ailleurs en Europe. Avec 30 points pour le premier, 24 pour le second et 20 pour le troisi\u00e8me [&hellip;]","og_url":"https:\/\/fr.motocrossmag.be\/index.php\/2023\/03\/distribution-des-points-a-lampl-retour-en-arriere\/","og_site_name":"Motocross - Enduro - Supermoto | MotocrossMag","article_published_time":"2023-03-07T23:04:23+00:00","og_image":[{"width":1000,"height":713,"url":"https:\/\/fr.motocrossmag.be\/wp-content\/uploads\/2022\/04\/haid-ampl-francois-ecolages.jpg","type":"image\/jpeg"}],"author":"oliviere","twitter_card":"summary_large_image","twitter_misc":{"\u00c9crit par":"oliviere","Dur\u00e9e de lecture estim\u00e9e":"1 minute"},"schema":{"@context":"https:\/\/schema.org","@graph":[{"@type":"Article","@id":"https:\/\/fr.motocrossmag.be\/index.php\/2023\/03\/distribution-des-points-a-lampl-retour-en-arriere\/#article","isPartOf":{"@id":"https:\/\/fr.motocrossmag.be\/index.php\/2023\/03\/distribution-des-points-a-lampl-retour-en-arriere\/"},"author":{"name":"oliviere","@id":"https:\/\/fr.motocrossmag.be\/#\/schema\/person\/11b47143d9f755babca2c9110e03235c"},"headline":"Distribution des points \u00e0 l&rsquo;AMPL : retour en arri\u00e8re","datePublished":"2023-03-07T23:04:23+00:00","mainEntityOfPage":{"@id":"https:\/\/fr.motocrossmag.be\/index.php\/2023\/03\/distribution-des-points-a-lampl-retour-en-arriere\/"},"wordCount":186,"commentCount":0,"image":{"@id":"https:\/\/fr.motocrossmag.be\/index.php\/2023\/03\/distribution-des-points-a-lampl-retour-en-arriere\/#primaryimage"},"thumbnailUrl":"https:\/\/fr.motocrossmag.be\/wp-content\/uploads\/2022\/04\/haid-ampl-francois-ecolages.jpg","keywords":["ampl","Motocross"],"articleSection":["Actualit\u00e9","AMPL","Motocross","News","News","Slideshow"],"inLanguage":"fr-FR","potentialAction":[{"@type":"CommentAction","name":"Comment","target":["https:\/\/fr.motocrossmag.be\/index.php\/2023\/03\/distribution-des-points-a-lampl-retour-en-arriere\/#respond"]}]},{"@type":"WebPage","@id":"https:\/\/fr.motocrossmag.be\/index.php\/2023\/03\/distribution-des-points-a-lampl-retour-en-arriere\/","url":"https:\/\/fr.motocrossmag.be\/index.php\/2023\/03\/distribution-des-points-a-lampl-retour-en-arriere\/","name":"Distribution des points \u00e0 l'AMPL : retour en arri\u00e8re - Motocross - Enduro - Supermoto | MotocrossMag","isPartOf":{"@id":"https:\/\/fr.motocrossmag.be\/#website"},"primaryImageOfPage":{"@id":"https:\/\/fr.motocrossmag.be\/index.php\/2023\/03\/distribution-des-points-a-lampl-retour-en-arriere\/#primaryimage"},"image":{"@id":"https:\/\/fr.motocrossmag.be\/index.php\/2023\/03\/distribution-des-points-a-lampl-retour-en-arriere\/#primaryimage"},"thumbnailUrl":"https:\/\/fr.motocrossmag.be\/wp-content\/uploads\/2022\/04\/haid-ampl-francois-ecolages.jpg","datePublished":"2023-03-07T23:04:23+00:00","author":{"@id":"https:\/\/fr.motocrossmag.be\/#\/schema\/person\/11b47143d9f755babca2c9110e03235c"},"breadcrumb":{"@id":"https:\/\/fr.motocrossmag.be\/index.php\/2023\/03\/distribution-des-points-a-lampl-retour-en-arriere\/#breadcrumb"},"inLanguage":"fr-FR","potentialAction":[{"@type":"ReadAction","target":["https:\/\/fr.motocrossmag.be\/index.php\/2023\/03\/distribution-des-points-a-lampl-retour-en-arriere\/"]}]},{"@type":"ImageObject","inLanguage":"fr-FR","@id":"https:\/\/fr.motocrossmag.be\/index.php\/2023\/03\/distribution-des-points-a-lampl-retour-en-arriere\/#primaryimage","url":"https:\/\/fr.motocrossmag.be\/wp-content\/uploads\/2022\/04\/haid-ampl-francois-ecolages.jpg","contentUrl":"https:\/\/fr.motocrossmag.be\/wp-content\/uploads\/2022\/04\/haid-ampl-francois-ecolages.jpg","width":"1000","height":"713"},{"@type":"BreadcrumbList","@id":"https:\/\/fr.motocrossmag.be\/index.php\/2023\/03\/distribution-des-points-a-lampl-retour-en-arriere\/#breadcrumb","itemListElement":[{"@type":"ListItem","position":1,"name":"Accueil","item":"https:\/\/fr.motocrossmag.be\/"},{"@type":"ListItem","position":2,"name":"Distribution des points \u00e0 l&rsquo;AMPL : retour en arri\u00e8re"}]},{"@type":"WebSite","@id":"https:\/\/fr.motocrossmag.be\/#website","url":"https:\/\/fr.motocrossmag.be\/","name":"Motocross - Enduro - Supermoto | MotocrossMag","description":"L&#039;actualit\u00e9 du motocross, de l&#039;enduro et du Supermoto en ligne!","potentialAction":[{"@type":"SearchAction","target":{"@type":"EntryPoint","urlTemplate":"https:\/\/fr.motocrossmag.be\/?s={search_term_string}"},"query-input":{"@type":"PropertyValueSpecification","valueRequired":true,"valueName":"search_term_string"}}],"inLanguage":"fr-FR"},{"@type":"Person","@id":"https:\/\/fr.motocrossmag.be\/#\/schema\/person\/11b47143d9f755babca2c9110e03235c","name":"oliviere","image":{"@type":"ImageObject","inLanguage":"fr-FR","@id":"https:\/\/secure.gravatar.com\/avatar\/907069e0b81d119452040469e4a7501da1100f54f7f80180ce77bfab718288f6?s=96&d=mm&r=g","url":"https:\/\/secure.gravatar.com\/avatar\/907069e0b81d119452040469e4a7501da1100f54f7f80180ce77bfab718288f6?s=96&d=mm&r=g","contentUrl":"https:\/\/secure.gravatar.com\/avatar\/907069e0b81d119452040469e4a7501da1100f54f7f80180ce77bfab718288f6?s=96&d=mm&r=g","caption":"oliviere"},"sameAs":["http:\/\/www.motocrossmag.be"],"url":"https:\/\/fr.motocrossmag.be\/index.php\/author\/oliviere\/"}]}},"_links":{"self":[{"href":"https:\/\/fr.motocrossmag.be\/index.php\/wp-json\/wp\/v2\/posts\/123235","targetHints":{"allow":["GET"]}}],"collection":[{"href":"https:\/\/fr.motocrossmag.be\/index.php\/wp-json\/wp\/v2\/posts"}],"about":[{"href":"https:\/\/fr.motocrossmag.be\/index.php\/wp-json\/wp\/v2\/types\/post"}],"author":[{"embeddable":true,"href":"https:\/\/fr.motocrossmag.be\/index.php\/wp-json\/wp\/v2\/users\/932"}],"replies":[{"embeddable":true,"href":"https:\/\/fr.motocrossmag.be\/index.php\/wp-json\/wp\/v2\/comments?post=123235"}],"version-history":[{"count":0,"href":"https:\/\/fr.motocrossmag.be\/index.php\/wp-json\/wp\/v2\/posts\/123235\/revisions"}],"wp:featuredmedia":[{"embeddable":true,"href":"https:\/\/fr.motocrossmag.be\/index.php\/wp-json\/wp\/v2\/media\/116684"}],"wp:attachment":[{"href":"https:\/\/fr.motocrossmag.be\/index.php\/wp-json\/wp\/v2\/media?parent=123235"}],"wp:term":[{"taxonomy":"category","embeddable":true,"href":"https:\/\/fr.motocrossmag.be\/index.php\/wp-json\/wp\/v2\/categories?post=123235"},{"taxonomy":"post_tag","embeddable":true,"href":"https:\/\/fr.motocrossmag.be\/index.php\/wp-json\/wp\/v2\/tags?post=123235"}],"curies":[{"name":"wp","href":"https:\/\/api.w.org\/{rel}","templated":true}]}}