{"id":1236,"date":"2008-07-18T08:20:54","date_gmt":"2008-07-18T07:20:54","guid":{"rendered":"http:\/\/www.motocrossmag.be\/?p=1236"},"modified":"2008-07-18T14:16:58","modified_gmt":"2008-07-18T13:16:58","slug":"motocross-mx-master-kids-2008-bilan-positif-pour-le-team-motocrossmagbernardmx","status":"publish","type":"post","link":"https:\/\/fr.motocrossmag.be\/index.php\/2008\/07\/motocross-mx-master-kids-2008-bilan-positif-pour-le-team-motocrossmagbernardmx\/","title":{"rendered":"Motocross &#8211; MX Master Kids 2008 | Bilan positif pour le team Motocrossmag\/BernardMX"},"content":{"rendered":"<p>Voil&agrave;, cette sixi\u00e8me \u00e9dition du MX Master Kids de Limes s&rsquo;est termin\u00e9e dimanche avec, pour notre Team, un tr\u00e8s bon bilan. Tout d&rsquo;abord, tout le monde s&rsquo;est tr\u00e8s bien amus\u00e9, dans une ambiance bon enfant, notamment lors du d\u00e9fil\u00e9 des \u00e9quipes le samedi soir, o\u00f9 les plus jeunes et les moins jeunes \u00e9taient tous r\u00e9unis pour assister &agrave; ce grand moment o\u00f9 p\u00e9tards et fus\u00e9es c\u00f4toyaient les cris et les chants des enfants et de leurs parents. Le tout s&rsquo;est termin\u00e9 avec un tr\u00e8s beau feu d&rsquo;artifice tir\u00e9 au- dessus du terrain.<\/p>\n<p><img decoding=\"async\" class=\"lazyload alignnone size-full wp-image-1239\" title=\"Collin Talbot\" src=\"http:\/\/www.motocrossmag.be\/wp-content\/uploads\/2008\/07\/collin-talbot.jpg\" data-orig-src=\"http:\/\/www.motocrossmag.be\/wp-content\/uploads\/2008\/07\/collin-talbot.jpg\" alt=\"\" width=\"500\" height=\"334\" srcset=\"data:image\/svg+xml,%3Csvg%20xmlns%3D%27http%3A%2F%2Fwww.w3.org%2F2000%2Fsvg%27%20width%3D%27500%27%20height%3D%27334%27%20viewBox%3D%270%200%20500%20334%27%3E%3Crect%20width%3D%27500%27%20height%3D%27334%27%20fill-opacity%3D%220%22%2F%3E%3C%2Fsvg%3E\" data-srcset=\"https:\/\/fr.motocrossmag.be\/wp-content\/uploads\/2008\/07\/collin-talbot-300x200.jpg 300w, https:\/\/fr.motocrossmag.be\/wp-content\/uploads\/2008\/07\/collin-talbot.jpg 500w\" data-sizes=\"auto\" data-orig-sizes=\"(max-width: 500px) 100vw, 500px\" \/><\/p>\n<p>Ensuite, d&rsquo;un point de vue sportif, l&agrave; aussi tout s&rsquo;est bien d\u00e9roul\u00e9 avec 3 victoires de manche dont deux en finale A argent pour Romain Delbrassine et ensuite en finale D Argent avec Collin Talbot qui remporte les lauriers lors de la seconde manche.<\/p>\n<p><img decoding=\"async\" class=\"lazyload alignnone size-full wp-image-1243\" title=\"Luca Rulot (53)\" src=\"http:\/\/www.motocrossmag.be\/wp-content\/uploads\/2008\/07\/luca-rulot-53.jpg\" data-orig-src=\"http:\/\/www.motocrossmag.be\/wp-content\/uploads\/2008\/07\/luca-rulot-53.jpg\" alt=\"\" width=\"500\" height=\"335\" srcset=\"data:image\/svg+xml,%3Csvg%20xmlns%3D%27http%3A%2F%2Fwww.w3.org%2F2000%2Fsvg%27%20width%3D%27500%27%20height%3D%27335%27%20viewBox%3D%270%200%20500%20335%27%3E%3Crect%20width%3D%27500%27%20height%3D%27335%27%20fill-opacity%3D%220%22%2F%3E%3C%2Fsvg%3E\" data-srcset=\"https:\/\/fr.motocrossmag.be\/wp-content\/uploads\/2008\/07\/luca-rulot-53-300x201.jpg 300w, https:\/\/fr.motocrossmag.be\/wp-content\/uploads\/2008\/07\/luca-rulot-53.jpg 500w\" data-sizes=\"auto\" data-orig-sizes=\"(max-width: 500px) 100vw, 500px\" \/><\/p>\n<p>Soulignons \u00e9galement la superbe prestation de R\u00e9mi Fraikin en cat\u00e9gorie 50cc 8-10ans, qui termine 5\u00e8me et premier pilote \u00ab non M\u00e9trakit \u00bb, avec 2 manches en finale Or tr\u00e8s solides et r\u00e9guli\u00e8res. Dans la m\u00eame cat\u00e9gorie, le tr\u00e8s bon comportement de Luca Rulot, qui, pourtant tr\u00e8s stress\u00e9 avant l&rsquo;\u00e9preuve, a claqu\u00e9 deux ou trois holeshot tout au long du week-end.<\/p>\n<p><img decoding=\"async\" class=\"lazyload alignnone size-full wp-image-1247\" title=\"Remy Fraikin\" src=\"http:\/\/www.motocrossmag.be\/wp-content\/uploads\/2008\/07\/remy-fraikin.jpg\" data-orig-src=\"http:\/\/www.motocrossmag.be\/wp-content\/uploads\/2008\/07\/remy-fraikin.jpg\" alt=\"\" width=\"334\" height=\"500\" srcset=\"data:image\/svg+xml,%3Csvg%20xmlns%3D%27http%3A%2F%2Fwww.w3.org%2F2000%2Fsvg%27%20width%3D%27334%27%20height%3D%27500%27%20viewBox%3D%270%200%20334%20500%27%3E%3Crect%20width%3D%27334%27%20height%3D%27500%27%20fill-opacity%3D%220%22%2F%3E%3C%2Fsvg%3E\" data-srcset=\"https:\/\/fr.motocrossmag.be\/wp-content\/uploads\/2008\/07\/remy-fraikin-200x300.jpg 200w, https:\/\/fr.motocrossmag.be\/wp-content\/uploads\/2008\/07\/remy-fraikin.jpg 334w\" data-sizes=\"auto\" data-orig-sizes=\"(max-width: 334px) 100vw, 334px\" \/><\/p>\n<p>En cat\u00e9gorie C, malgr\u00e9 un week-end \u00e9maill\u00e9 de plusieurs chutes et une petite blessure au dos, Yonni Bernard s&rsquo;est battu jusqu&rsquo;au bout. Au rayon malchance, notons la blessure de Quentin Delbrassine d\u00e8s la premi\u00e8re manche du samedi. Bless\u00e9 aux cervicales, il n&rsquo;a pu participer &agrave; la suite de l&rsquo;\u00e9preuve.<\/p>\n<p><img decoding=\"async\" class=\"lazyload alignnone size-full wp-image-1249\" title=\"Yonni Bernard\" src=\"http:\/\/www.motocrossmag.be\/wp-content\/uploads\/2008\/07\/yonni-bernard.jpg\" data-orig-src=\"http:\/\/www.motocrossmag.be\/wp-content\/uploads\/2008\/07\/yonni-bernard.jpg\" alt=\"\" width=\"334\" height=\"500\" srcset=\"data:image\/svg+xml,%3Csvg%20xmlns%3D%27http%3A%2F%2Fwww.w3.org%2F2000%2Fsvg%27%20width%3D%27334%27%20height%3D%27500%27%20viewBox%3D%270%200%20334%20500%27%3E%3Crect%20width%3D%27334%27%20height%3D%27500%27%20fill-opacity%3D%220%22%2F%3E%3C%2Fsvg%3E\" data-srcset=\"https:\/\/fr.motocrossmag.be\/wp-content\/uploads\/2008\/07\/yonni-bernard-200x300.jpg 200w, https:\/\/fr.motocrossmag.be\/wp-content\/uploads\/2008\/07\/yonni-bernard.jpg 334w\" data-sizes=\"auto\" data-orig-sizes=\"(max-width: 334px) 100vw, 334px\" \/><\/p>\n<p>Chez les 85cc moins de 12 ans, superbe deuxi\u00e8me place en finale Or pour Ludovic Brevers, derri\u00e8re l&rsquo;Am\u00e9ricain Matt Burkeen, avec notamment une deuxi\u00e8me manche d&rsquo;anthologie o\u00f9 Ludo termine dans les roues du pilote d&rsquo;outre-Atlantique apr\u00e8s lui avoir mis la pression tout au long de la course.<\/p>\n<p><img decoding=\"async\" class=\"lazyload alignnone size-full wp-image-1238\" title=\"Boris Mazzoni\" src=\"http:\/\/www.motocrossmag.be\/wp-content\/uploads\/2008\/07\/boris-mazzoni.jpg\" data-orig-src=\"http:\/\/www.motocrossmag.be\/wp-content\/uploads\/2008\/07\/boris-mazzoni.jpg\" alt=\"\" width=\"334\" height=\"500\" srcset=\"data:image\/svg+xml,%3Csvg%20xmlns%3D%27http%3A%2F%2Fwww.w3.org%2F2000%2Fsvg%27%20width%3D%27334%27%20height%3D%27500%27%20viewBox%3D%270%200%20334%20500%27%3E%3Crect%20width%3D%27334%27%20height%3D%27500%27%20fill-opacity%3D%220%22%2F%3E%3C%2Fsvg%3E\" data-srcset=\"https:\/\/fr.motocrossmag.be\/wp-content\/uploads\/2008\/07\/boris-mazzoni-200x300.jpg 200w, https:\/\/fr.motocrossmag.be\/wp-content\/uploads\/2008\/07\/boris-mazzoni.jpg 334w\" data-sizes=\"auto\" data-orig-sizes=\"(max-width: 334px) 100vw, 334px\" \/><\/p>\n<p>Dans la m\u00eame cat\u00e9gorie, Boris Mazzoni a souffl\u00e9 le chaud et le froid avec &agrave; chaque fois de mauvais d\u00e9parts et de belles remont\u00e9es. Malgr\u00e9 une chute en deuxi\u00e8me manche de la finale Or, Boris a montr\u00e9 qu&rsquo;il avait une tr\u00e8s bonne vitesse sur terrain sablonneux.<\/p>\n<p><img decoding=\"async\" class=\"lazyload alignnone size-full wp-image-1244\" title=\"Ludovic Brevers\" src=\"http:\/\/www.motocrossmag.be\/wp-content\/uploads\/2008\/07\/ludovic-brevers.jpg\" data-orig-src=\"http:\/\/www.motocrossmag.be\/wp-content\/uploads\/2008\/07\/ludovic-brevers.jpg\" alt=\"\" width=\"334\" height=\"500\" srcset=\"data:image\/svg+xml,%3Csvg%20xmlns%3D%27http%3A%2F%2Fwww.w3.org%2F2000%2Fsvg%27%20width%3D%27334%27%20height%3D%27500%27%20viewBox%3D%270%200%20334%20500%27%3E%3Crect%20width%3D%27334%27%20height%3D%27500%27%20fill-opacity%3D%220%22%2F%3E%3C%2Fsvg%3E\" data-srcset=\"https:\/\/fr.motocrossmag.be\/wp-content\/uploads\/2008\/07\/ludovic-brevers-200x300.jpg 200w, https:\/\/fr.motocrossmag.be\/wp-content\/uploads\/2008\/07\/ludovic-brevers.jpg 334w\" data-sizes=\"auto\" data-orig-sizes=\"(max-width: 334px) 100vw, 334px\" \/><\/p>\n<p><img decoding=\"async\" class=\"lazyload alignnone size-full wp-image-1245\" title=\"Maxence Fourny\" src=\"http:\/\/www.motocrossmag.be\/wp-content\/uploads\/2008\/07\/maxence-fourny.jpg\" data-orig-src=\"http:\/\/www.motocrossmag.be\/wp-content\/uploads\/2008\/07\/maxence-fourny.jpg\" alt=\"\" width=\"334\" height=\"500\" srcset=\"data:image\/svg+xml,%3Csvg%20xmlns%3D%27http%3A%2F%2Fwww.w3.org%2F2000%2Fsvg%27%20width%3D%27334%27%20height%3D%27500%27%20viewBox%3D%270%200%20334%20500%27%3E%3Crect%20width%3D%27334%27%20height%3D%27500%27%20fill-opacity%3D%220%22%2F%3E%3C%2Fsvg%3E\" data-srcset=\"https:\/\/fr.motocrossmag.be\/wp-content\/uploads\/2008\/07\/maxence-fourny-200x300.jpg 200w, https:\/\/fr.motocrossmag.be\/wp-content\/uploads\/2008\/07\/maxence-fourny.jpg 334w\" data-sizes=\"auto\" data-orig-sizes=\"(max-width: 334px) 100vw, 334px\" \/><\/p>\n<p>Dans la cat\u00e9gorie F, notons le tr\u00e8s bon comportement de Maxence Fourny, qui, sans un probl\u00e8me m\u00e9canique en premi\u00e8re manche de la finale Or, aurait pu revendiquer une place dans le top 15. <\/p>\n<p><img decoding=\"async\" class=\"lazyload alignnone size-full wp-image-1246\" title=\"Pierre-Eric Doumont\" src=\"http:\/\/www.motocrossmag.be\/wp-content\/uploads\/2008\/07\/pierre-eric-doumont.jpg\" data-orig-src=\"http:\/\/www.motocrossmag.be\/wp-content\/uploads\/2008\/07\/pierre-eric-doumont.jpg\" alt=\"\" width=\"500\" height=\"360\" srcset=\"data:image\/svg+xml,%3Csvg%20xmlns%3D%27http%3A%2F%2Fwww.w3.org%2F2000%2Fsvg%27%20width%3D%27500%27%20height%3D%27360%27%20viewBox%3D%270%200%20500%20360%27%3E%3Crect%20width%3D%27500%27%20height%3D%27360%27%20fill-opacity%3D%220%22%2F%3E%3C%2Fsvg%3E\" data-srcset=\"https:\/\/fr.motocrossmag.be\/wp-content\/uploads\/2008\/07\/pierre-eric-doumont-300x216.jpg 300w, https:\/\/fr.motocrossmag.be\/wp-content\/uploads\/2008\/07\/pierre-eric-doumont.jpg 500w\" data-sizes=\"auto\" data-orig-sizes=\"(max-width: 500px) 100vw, 500px\" \/><\/p>\n<p><img decoding=\"async\" class=\"lazyload alignnone size-full wp-image-1241\" title=\"Lo\u00efc Doumont\" src=\"http:\/\/www.motocrossmag.be\/wp-content\/uploads\/2008\/07\/loic-doumont.jpg\" data-orig-src=\"http:\/\/www.motocrossmag.be\/wp-content\/uploads\/2008\/07\/loic-doumont.jpg\" alt=\"\" width=\"334\" height=\"500\" srcset=\"data:image\/svg+xml,%3Csvg%20xmlns%3D%27http%3A%2F%2Fwww.w3.org%2F2000%2Fsvg%27%20width%3D%27334%27%20height%3D%27500%27%20viewBox%3D%270%200%20334%20500%27%3E%3Crect%20width%3D%27334%27%20height%3D%27500%27%20fill-opacity%3D%220%22%2F%3E%3C%2Fsvg%3E\" data-srcset=\"https:\/\/fr.motocrossmag.be\/wp-content\/uploads\/2008\/07\/loic-doumont-200x300.jpg 200w, https:\/\/fr.motocrossmag.be\/wp-content\/uploads\/2008\/07\/loic-doumont.jpg 334w\" data-sizes=\"auto\" data-orig-sizes=\"(max-width: 334px) 100vw, 334px\" \/><\/p>\n<p>Romain Deville a quant &agrave; lui fait preuve d&rsquo;une belle r\u00e9gularit\u00e9 le samedi, avant de chuter le dimanche, ce qu&rsquo;il ne l&rsquo;a pas emp\u00each\u00e9 de se battre jusqu&rsquo;au bout. Jordan Talbot et les fr\u00e8res Doumont ont quant &agrave; eux bien \u00e9volu\u00e9 et bien progress\u00e9 au fil des manches dans cette cat\u00e9gorie tr\u00e8s relev\u00e9e.<\/p>\n<p><img decoding=\"async\" class=\"lazyload alignnone size-full wp-image-1248\" title=\"Romain Deville\" src=\"http:\/\/www.motocrossmag.be\/wp-content\/uploads\/2008\/07\/romain-deville.jpg\" data-orig-src=\"http:\/\/www.motocrossmag.be\/wp-content\/uploads\/2008\/07\/romain-deville.jpg\" alt=\"\" width=\"334\" height=\"500\" srcset=\"data:image\/svg+xml,%3Csvg%20xmlns%3D%27http%3A%2F%2Fwww.w3.org%2F2000%2Fsvg%27%20width%3D%27334%27%20height%3D%27500%27%20viewBox%3D%270%200%20334%20500%27%3E%3Crect%20width%3D%27334%27%20height%3D%27500%27%20fill-opacity%3D%220%22%2F%3E%3C%2Fsvg%3E\" data-srcset=\"https:\/\/fr.motocrossmag.be\/wp-content\/uploads\/2008\/07\/romain-deville-200x300.jpg 200w, https:\/\/fr.motocrossmag.be\/wp-content\/uploads\/2008\/07\/romain-deville.jpg 334w\" data-sizes=\"auto\" data-orig-sizes=\"(max-width: 334px) 100vw, 334px\" \/><\/p>\n<p><img decoding=\"async\" class=\"lazyload alignnone size-full wp-image-1240\" title=\"Jordan Talbot\" src=\"http:\/\/www.motocrossmag.be\/wp-content\/uploads\/2008\/07\/jordan-talbot.jpg\" data-orig-src=\"http:\/\/www.motocrossmag.be\/wp-content\/uploads\/2008\/07\/jordan-talbot.jpg\" alt=\"\" width=\"500\" height=\"375\" srcset=\"data:image\/svg+xml,%3Csvg%20xmlns%3D%27http%3A%2F%2Fwww.w3.org%2F2000%2Fsvg%27%20width%3D%27500%27%20height%3D%27375%27%20viewBox%3D%270%200%20500%20375%27%3E%3Crect%20width%3D%27500%27%20height%3D%27375%27%20fill-opacity%3D%220%22%2F%3E%3C%2Fsvg%3E\" data-srcset=\"https:\/\/fr.motocrossmag.be\/wp-content\/uploads\/2008\/07\/jordan-talbot-300x225.jpg 300w, https:\/\/fr.motocrossmag.be\/wp-content\/uploads\/2008\/07\/jordan-talbot.jpg 500w\" data-sizes=\"auto\" data-orig-sizes=\"(max-width: 500px) 100vw, 500px\" \/><\/p>\n<p>Enfin, chez les \u00ab grands \u00bb, belle prestation de Lo\u00efc Genin qui, malgr\u00e9 un samedi o\u00f9 il a eu du mal &agrave; trouver ses marques sur ce terrain, a \u00e9t\u00e9 l&rsquo;auteur de deux belles prestations le dimanche o\u00f9 il termine quatri\u00e8me de la finale Argent. Quant &agrave; Allan Kintzinger, il a fait preuve d&rsquo;une premi\u00e8re journ\u00e9e tr\u00e8s solide, avec une quatorzi\u00e8me et une huiti\u00e8me place en qualification. Le dimanche, malgr\u00e9 une chute au d\u00e9part de la seconde manche, il termine le week-end avec les honneurs.<\/p>\n<p><img decoding=\"async\" class=\"lazyload alignnone size-full wp-image-1242\" title=\"Lo\u00efc Genin\" src=\"http:\/\/www.motocrossmag.be\/wp-content\/uploads\/2008\/07\/loic-genin.jpg\" data-orig-src=\"http:\/\/www.motocrossmag.be\/wp-content\/uploads\/2008\/07\/loic-genin.jpg\" alt=\"\" width=\"334\" height=\"500\" srcset=\"data:image\/svg+xml,%3Csvg%20xmlns%3D%27http%3A%2F%2Fwww.w3.org%2F2000%2Fsvg%27%20width%3D%27334%27%20height%3D%27500%27%20viewBox%3D%270%200%20334%20500%27%3E%3Crect%20width%3D%27334%27%20height%3D%27500%27%20fill-opacity%3D%220%22%2F%3E%3C%2Fsvg%3E\" data-srcset=\"https:\/\/fr.motocrossmag.be\/wp-content\/uploads\/2008\/07\/loic-genin-200x300.jpg 200w, https:\/\/fr.motocrossmag.be\/wp-content\/uploads\/2008\/07\/loic-genin.jpg 334w\" data-sizes=\"auto\" data-orig-sizes=\"(max-width: 334px) 100vw, 334px\" \/><\/p>\n<p>Pour l&rsquo;anecdote, notre team termine &agrave; une belle 22\u00e8me place sur 59 \u00e9quipes class\u00e9es.<\/p>\n<p>Un grand merci &agrave; tous les pilotes pour leur combativit\u00e9 et pour avoir port\u00e9 haut les couleurs de notre team. Nous tenons \u00e9galement &agrave; remercier Fabrice Gosselin de Pilote-production.com d&rsquo;\u00eatre venu supporter nos pilotes.<\/p>\n<p><img decoding=\"async\" class=\"lazyload alignnone size-full wp-image-1237\" title=\"Allan Kintziger\" src=\"http:\/\/www.motocrossmag.be\/wp-content\/uploads\/2008\/07\/allan-kintziger.jpg\" data-orig-src=\"http:\/\/www.motocrossmag.be\/wp-content\/uploads\/2008\/07\/allan-kintziger.jpg\" alt=\"\" width=\"334\" height=\"500\" srcset=\"data:image\/svg+xml,%3Csvg%20xmlns%3D%27http%3A%2F%2Fwww.w3.org%2F2000%2Fsvg%27%20width%3D%27334%27%20height%3D%27500%27%20viewBox%3D%270%200%20334%20500%27%3E%3Crect%20width%3D%27334%27%20height%3D%27500%27%20fill-opacity%3D%220%22%2F%3E%3C%2Fsvg%3E\" data-srcset=\"https:\/\/fr.motocrossmag.be\/wp-content\/uploads\/2008\/07\/allan-kintziger-200x300.jpg 200w, https:\/\/fr.motocrossmag.be\/wp-content\/uploads\/2008\/07\/allan-kintziger.jpg 334w\" data-sizes=\"auto\" data-orig-sizes=\"(max-width: 334px) 100vw, 334px\" \/><\/p>\n<p>Pour terminer, une petite pens\u00e9e &agrave; Tanguy Gabriel et &agrave; Dorian Deville, qui devaient faire partie de notre team. Bless\u00e9s, ils n&rsquo;ont pas eu la chance de participer &agrave; cette superbe \u00e9preuve. Nous comptons sur vous l&rsquo;ann\u00e9e prochaine!<\/p>\n<p>Texte et photos: Y. Bernard &#8211; <a href=\"http:\/\/www.bernardmx.be\" target=\"_blank\">Bernardmx.be<\/a><\/p>\n","protected":false},"excerpt":{"rendered":"<p>Voil&agrave;, cette sixi\u00e8me \u00e9dition du MX Master Kids de Limes s&rsquo;est termin\u00e9e dimanche avec, pour notre Team, un tr\u00e8s bon bilan. Tout d&rsquo;abord, tout le monde s&rsquo;est tr\u00e8s bien amus\u00e9, [&#8230;]<\/p>\n","protected":false},"author":932,"featured_media":0,"comment_status":"open","ping_status":"open","sticky":false,"template":"","format":"standard","meta":{"footnotes":""},"categories":[4,5],"tags":[],"class_list":["post-1236","post","type-post","status-publish","format-standard","hentry","category-motocross","category-news"],"yoast_head":"<!-- This site is optimized with the Yoast SEO plugin v27.4 - https:\/\/yoast.com\/product\/yoast-seo-wordpress\/ -->\n<title>Motocross - MX Master Kids 2008 | Bilan positif pour le team Motocrossmag\/BernardMX - Motocross - Enduro - Supermoto | MotocrossMag<\/title>\n<meta name=\"robots\" content=\"index, follow, max-snippet:-1, max-image-preview:large, max-video-preview:-1\" \/>\n<link rel=\"canonical\" href=\"https:\/\/fr.motocrossmag.be\/index.php\/2008\/07\/motocross-mx-master-kids-2008-bilan-positif-pour-le-team-motocrossmagbernardmx\/\" \/>\n<meta property=\"og:locale\" content=\"fr_FR\" \/>\n<meta property=\"og:type\" content=\"article\" \/>\n<meta property=\"og:title\" content=\"Motocross - MX Master Kids 2008 | Bilan positif pour le team Motocrossmag\/BernardMX - Motocross - Enduro - Supermoto | MotocrossMag\" \/>\n<meta property=\"og:description\" content=\"Voil&agrave;, cette sixi\u00e8me \u00e9dition du MX Master Kids de Limes s&rsquo;est termin\u00e9e dimanche avec, pour notre Team, un tr\u00e8s bon bilan. Tout d&rsquo;abord, tout le monde s&rsquo;est tr\u00e8s bien amus\u00e9, [...]\" \/>\n<meta property=\"og:url\" content=\"https:\/\/fr.motocrossmag.be\/index.php\/2008\/07\/motocross-mx-master-kids-2008-bilan-positif-pour-le-team-motocrossmagbernardmx\/\" \/>\n<meta property=\"og:site_name\" content=\"Motocross - Enduro - Supermoto | MotocrossMag\" \/>\n<meta property=\"article:published_time\" content=\"2008-07-18T07:20:54+00:00\" \/>\n<meta property=\"article:modified_time\" content=\"2008-07-18T13:16:58+00:00\" \/>\n<meta property=\"og:image\" content=\"http:\/\/www.motocrossmag.be\/wp-content\/uploads\/2008\/07\/collin-talbot.jpg\" \/>\n<meta name=\"author\" content=\"oliviere\" \/>\n<meta name=\"twitter:card\" content=\"summary_large_image\" \/>\n<meta name=\"twitter:label1\" content=\"\u00c9crit par\" \/>\n\t<meta name=\"twitter:data1\" content=\"oliviere\" \/>\n\t<meta name=\"twitter:label2\" content=\"Dur\u00e9e de lecture estim\u00e9e\" \/>\n\t<meta name=\"twitter:data2\" content=\"3 minutes\" \/>\n<script type=\"application\/ld+json\" class=\"yoast-schema-graph\">{\"@context\":\"https:\\\/\\\/schema.org\",\"@graph\":[{\"@type\":\"Article\",\"@id\":\"https:\\\/\\\/fr.motocrossmag.be\\\/index.php\\\/2008\\\/07\\\/motocross-mx-master-kids-2008-bilan-positif-pour-le-team-motocrossmagbernardmx\\\/#article\",\"isPartOf\":{\"@id\":\"https:\\\/\\\/fr.motocrossmag.be\\\/index.php\\\/2008\\\/07\\\/motocross-mx-master-kids-2008-bilan-positif-pour-le-team-motocrossmagbernardmx\\\/\"},\"author\":{\"name\":\"oliviere\",\"@id\":\"https:\\\/\\\/fr.motocrossmag.be\\\/#\\\/schema\\\/person\\\/11b47143d9f755babca2c9110e03235c\"},\"headline\":\"Motocross &#8211; MX Master Kids 2008 | Bilan positif pour le team Motocrossmag\\\/BernardMX\",\"datePublished\":\"2008-07-18T07:20:54+00:00\",\"dateModified\":\"2008-07-18T13:16:58+00:00\",\"mainEntityOfPage\":{\"@id\":\"https:\\\/\\\/fr.motocrossmag.be\\\/index.php\\\/2008\\\/07\\\/motocross-mx-master-kids-2008-bilan-positif-pour-le-team-motocrossmagbernardmx\\\/\"},\"wordCount\":694,\"commentCount\":0,\"image\":{\"@id\":\"https:\\\/\\\/fr.motocrossmag.be\\\/index.php\\\/2008\\\/07\\\/motocross-mx-master-kids-2008-bilan-positif-pour-le-team-motocrossmagbernardmx\\\/#primaryimage\"},\"thumbnailUrl\":\"http:\\\/\\\/www.motocrossmag.be\\\/wp-content\\\/uploads\\\/2008\\\/07\\\/collin-talbot.jpg\",\"articleSection\":[\"Motocross\",\"News\"],\"inLanguage\":\"fr-FR\",\"potentialAction\":[{\"@type\":\"CommentAction\",\"name\":\"Comment\",\"target\":[\"https:\\\/\\\/fr.motocrossmag.be\\\/index.php\\\/2008\\\/07\\\/motocross-mx-master-kids-2008-bilan-positif-pour-le-team-motocrossmagbernardmx\\\/#respond\"]}]},{\"@type\":\"WebPage\",\"@id\":\"https:\\\/\\\/fr.motocrossmag.be\\\/index.php\\\/2008\\\/07\\\/motocross-mx-master-kids-2008-bilan-positif-pour-le-team-motocrossmagbernardmx\\\/\",\"url\":\"https:\\\/\\\/fr.motocrossmag.be\\\/index.php\\\/2008\\\/07\\\/motocross-mx-master-kids-2008-bilan-positif-pour-le-team-motocrossmagbernardmx\\\/\",\"name\":\"Motocross - MX Master Kids 2008 | Bilan positif pour le team Motocrossmag\\\/BernardMX - Motocross - Enduro - Supermoto | MotocrossMag\",\"isPartOf\":{\"@id\":\"https:\\\/\\\/fr.motocrossmag.be\\\/#website\"},\"primaryImageOfPage\":{\"@id\":\"https:\\\/\\\/fr.motocrossmag.be\\\/index.php\\\/2008\\\/07\\\/motocross-mx-master-kids-2008-bilan-positif-pour-le-team-motocrossmagbernardmx\\\/#primaryimage\"},\"image\":{\"@id\":\"https:\\\/\\\/fr.motocrossmag.be\\\/index.php\\\/2008\\\/07\\\/motocross-mx-master-kids-2008-bilan-positif-pour-le-team-motocrossmagbernardmx\\\/#primaryimage\"},\"thumbnailUrl\":\"http:\\\/\\\/www.motocrossmag.be\\\/wp-content\\\/uploads\\\/2008\\\/07\\\/collin-talbot.jpg\",\"datePublished\":\"2008-07-18T07:20:54+00:00\",\"dateModified\":\"2008-07-18T13:16:58+00:00\",\"author\":{\"@id\":\"https:\\\/\\\/fr.motocrossmag.be\\\/#\\\/schema\\\/person\\\/11b47143d9f755babca2c9110e03235c\"},\"breadcrumb\":{\"@id\":\"https:\\\/\\\/fr.motocrossmag.be\\\/index.php\\\/2008\\\/07\\\/motocross-mx-master-kids-2008-bilan-positif-pour-le-team-motocrossmagbernardmx\\\/#breadcrumb\"},\"inLanguage\":\"fr-FR\",\"potentialAction\":[{\"@type\":\"ReadAction\",\"target\":[\"https:\\\/\\\/fr.motocrossmag.be\\\/index.php\\\/2008\\\/07\\\/motocross-mx-master-kids-2008-bilan-positif-pour-le-team-motocrossmagbernardmx\\\/\"]}]},{\"@type\":\"ImageObject\",\"inLanguage\":\"fr-FR\",\"@id\":\"https:\\\/\\\/fr.motocrossmag.be\\\/index.php\\\/2008\\\/07\\\/motocross-mx-master-kids-2008-bilan-positif-pour-le-team-motocrossmagbernardmx\\\/#primaryimage\",\"url\":\"http:\\\/\\\/www.motocrossmag.be\\\/wp-content\\\/uploads\\\/2008\\\/07\\\/collin-talbot.jpg\",\"contentUrl\":\"http:\\\/\\\/www.motocrossmag.be\\\/wp-content\\\/uploads\\\/2008\\\/07\\\/collin-talbot.jpg\"},{\"@type\":\"BreadcrumbList\",\"@id\":\"https:\\\/\\\/fr.motocrossmag.be\\\/index.php\\\/2008\\\/07\\\/motocross-mx-master-kids-2008-bilan-positif-pour-le-team-motocrossmagbernardmx\\\/#breadcrumb\",\"itemListElement\":[{\"@type\":\"ListItem\",\"position\":1,\"name\":\"Accueil\",\"item\":\"https:\\\/\\\/fr.motocrossmag.be\\\/\"},{\"@type\":\"ListItem\",\"position\":2,\"name\":\"Motocross &#8211; MX Master Kids 2008 | Bilan positif pour le team Motocrossmag\\\/BernardMX\"}]},{\"@type\":\"WebSite\",\"@id\":\"https:\\\/\\\/fr.motocrossmag.be\\\/#website\",\"url\":\"https:\\\/\\\/fr.motocrossmag.be\\\/\",\"name\":\"Motocross - Enduro - Supermoto | MotocrossMag\",\"description\":\"L&#039;actualit\u00e9 du motocross, de l&#039;enduro et du Supermoto en ligne!\",\"potentialAction\":[{\"@type\":\"SearchAction\",\"target\":{\"@type\":\"EntryPoint\",\"urlTemplate\":\"https:\\\/\\\/fr.motocrossmag.be\\\/?s={search_term_string}\"},\"query-input\":{\"@type\":\"PropertyValueSpecification\",\"valueRequired\":true,\"valueName\":\"search_term_string\"}}],\"inLanguage\":\"fr-FR\"},{\"@type\":\"Person\",\"@id\":\"https:\\\/\\\/fr.motocrossmag.be\\\/#\\\/schema\\\/person\\\/11b47143d9f755babca2c9110e03235c\",\"name\":\"oliviere\",\"image\":{\"@type\":\"ImageObject\",\"inLanguage\":\"fr-FR\",\"@id\":\"https:\\\/\\\/secure.gravatar.com\\\/avatar\\\/907069e0b81d119452040469e4a7501da1100f54f7f80180ce77bfab718288f6?s=96&d=mm&r=g\",\"url\":\"https:\\\/\\\/secure.gravatar.com\\\/avatar\\\/907069e0b81d119452040469e4a7501da1100f54f7f80180ce77bfab718288f6?s=96&d=mm&r=g\",\"contentUrl\":\"https:\\\/\\\/secure.gravatar.com\\\/avatar\\\/907069e0b81d119452040469e4a7501da1100f54f7f80180ce77bfab718288f6?s=96&d=mm&r=g\",\"caption\":\"oliviere\"},\"sameAs\":[\"http:\\\/\\\/www.motocrossmag.be\"],\"url\":\"https:\\\/\\\/fr.motocrossmag.be\\\/index.php\\\/author\\\/oliviere\\\/\"}]}<\/script>\n<!-- \/ Yoast SEO plugin. -->","yoast_head_json":{"title":"Motocross - MX Master Kids 2008 | Bilan positif pour le team Motocrossmag\/BernardMX - Motocross - Enduro - Supermoto | MotocrossMag","robots":{"index":"index","follow":"follow","max-snippet":"max-snippet:-1","max-image-preview":"max-image-preview:large","max-video-preview":"max-video-preview:-1"},"canonical":"https:\/\/fr.motocrossmag.be\/index.php\/2008\/07\/motocross-mx-master-kids-2008-bilan-positif-pour-le-team-motocrossmagbernardmx\/","og_locale":"fr_FR","og_type":"article","og_title":"Motocross - MX Master Kids 2008 | Bilan positif pour le team Motocrossmag\/BernardMX - Motocross - Enduro - Supermoto | MotocrossMag","og_description":"Voil&agrave;, cette sixi\u00e8me \u00e9dition du MX Master Kids de Limes s&rsquo;est termin\u00e9e dimanche avec, pour notre Team, un tr\u00e8s bon bilan. Tout d&rsquo;abord, tout le monde s&rsquo;est tr\u00e8s bien amus\u00e9, [...]","og_url":"https:\/\/fr.motocrossmag.be\/index.php\/2008\/07\/motocross-mx-master-kids-2008-bilan-positif-pour-le-team-motocrossmagbernardmx\/","og_site_name":"Motocross - Enduro - Supermoto | MotocrossMag","article_published_time":"2008-07-18T07:20:54+00:00","article_modified_time":"2008-07-18T13:16:58+00:00","og_image":[{"url":"http:\/\/www.motocrossmag.be\/wp-content\/uploads\/2008\/07\/collin-talbot.jpg","type":"","width":"","height":""}],"author":"oliviere","twitter_card":"summary_large_image","twitter_misc":{"\u00c9crit par":"oliviere","Dur\u00e9e de lecture estim\u00e9e":"3 minutes"},"schema":{"@context":"https:\/\/schema.org","@graph":[{"@type":"Article","@id":"https:\/\/fr.motocrossmag.be\/index.php\/2008\/07\/motocross-mx-master-kids-2008-bilan-positif-pour-le-team-motocrossmagbernardmx\/#article","isPartOf":{"@id":"https:\/\/fr.motocrossmag.be\/index.php\/2008\/07\/motocross-mx-master-kids-2008-bilan-positif-pour-le-team-motocrossmagbernardmx\/"},"author":{"name":"oliviere","@id":"https:\/\/fr.motocrossmag.be\/#\/schema\/person\/11b47143d9f755babca2c9110e03235c"},"headline":"Motocross &#8211; MX Master Kids 2008 | Bilan positif pour le team Motocrossmag\/BernardMX","datePublished":"2008-07-18T07:20:54+00:00","dateModified":"2008-07-18T13:16:58+00:00","mainEntityOfPage":{"@id":"https:\/\/fr.motocrossmag.be\/index.php\/2008\/07\/motocross-mx-master-kids-2008-bilan-positif-pour-le-team-motocrossmagbernardmx\/"},"wordCount":694,"commentCount":0,"image":{"@id":"https:\/\/fr.motocrossmag.be\/index.php\/2008\/07\/motocross-mx-master-kids-2008-bilan-positif-pour-le-team-motocrossmagbernardmx\/#primaryimage"},"thumbnailUrl":"http:\/\/www.motocrossmag.be\/wp-content\/uploads\/2008\/07\/collin-talbot.jpg","articleSection":["Motocross","News"],"inLanguage":"fr-FR","potentialAction":[{"@type":"CommentAction","name":"Comment","target":["https:\/\/fr.motocrossmag.be\/index.php\/2008\/07\/motocross-mx-master-kids-2008-bilan-positif-pour-le-team-motocrossmagbernardmx\/#respond"]}]},{"@type":"WebPage","@id":"https:\/\/fr.motocrossmag.be\/index.php\/2008\/07\/motocross-mx-master-kids-2008-bilan-positif-pour-le-team-motocrossmagbernardmx\/","url":"https:\/\/fr.motocrossmag.be\/index.php\/2008\/07\/motocross-mx-master-kids-2008-bilan-positif-pour-le-team-motocrossmagbernardmx\/","name":"Motocross - MX Master Kids 2008 | Bilan positif pour le team Motocrossmag\/BernardMX - Motocross - Enduro - Supermoto | MotocrossMag","isPartOf":{"@id":"https:\/\/fr.motocrossmag.be\/#website"},"primaryImageOfPage":{"@id":"https:\/\/fr.motocrossmag.be\/index.php\/2008\/07\/motocross-mx-master-kids-2008-bilan-positif-pour-le-team-motocrossmagbernardmx\/#primaryimage"},"image":{"@id":"https:\/\/fr.motocrossmag.be\/index.php\/2008\/07\/motocross-mx-master-kids-2008-bilan-positif-pour-le-team-motocrossmagbernardmx\/#primaryimage"},"thumbnailUrl":"http:\/\/www.motocrossmag.be\/wp-content\/uploads\/2008\/07\/collin-talbot.jpg","datePublished":"2008-07-18T07:20:54+00:00","dateModified":"2008-07-18T13:16:58+00:00","author":{"@id":"https:\/\/fr.motocrossmag.be\/#\/schema\/person\/11b47143d9f755babca2c9110e03235c"},"breadcrumb":{"@id":"https:\/\/fr.motocrossmag.be\/index.php\/2008\/07\/motocross-mx-master-kids-2008-bilan-positif-pour-le-team-motocrossmagbernardmx\/#breadcrumb"},"inLanguage":"fr-FR","potentialAction":[{"@type":"ReadAction","target":["https:\/\/fr.motocrossmag.be\/index.php\/2008\/07\/motocross-mx-master-kids-2008-bilan-positif-pour-le-team-motocrossmagbernardmx\/"]}]},{"@type":"ImageObject","inLanguage":"fr-FR","@id":"https:\/\/fr.motocrossmag.be\/index.php\/2008\/07\/motocross-mx-master-kids-2008-bilan-positif-pour-le-team-motocrossmagbernardmx\/#primaryimage","url":"http:\/\/www.motocrossmag.be\/wp-content\/uploads\/2008\/07\/collin-talbot.jpg","contentUrl":"http:\/\/www.motocrossmag.be\/wp-content\/uploads\/2008\/07\/collin-talbot.jpg"},{"@type":"BreadcrumbList","@id":"https:\/\/fr.motocrossmag.be\/index.php\/2008\/07\/motocross-mx-master-kids-2008-bilan-positif-pour-le-team-motocrossmagbernardmx\/#breadcrumb","itemListElement":[{"@type":"ListItem","position":1,"name":"Accueil","item":"https:\/\/fr.motocrossmag.be\/"},{"@type":"ListItem","position":2,"name":"Motocross &#8211; MX Master Kids 2008 | Bilan positif pour le team Motocrossmag\/BernardMX"}]},{"@type":"WebSite","@id":"https:\/\/fr.motocrossmag.be\/#website","url":"https:\/\/fr.motocrossmag.be\/","name":"Motocross - Enduro - Supermoto | MotocrossMag","description":"L&#039;actualit\u00e9 du motocross, de l&#039;enduro et du Supermoto en ligne!","potentialAction":[{"@type":"SearchAction","target":{"@type":"EntryPoint","urlTemplate":"https:\/\/fr.motocrossmag.be\/?s={search_term_string}"},"query-input":{"@type":"PropertyValueSpecification","valueRequired":true,"valueName":"search_term_string"}}],"inLanguage":"fr-FR"},{"@type":"Person","@id":"https:\/\/fr.motocrossmag.be\/#\/schema\/person\/11b47143d9f755babca2c9110e03235c","name":"oliviere","image":{"@type":"ImageObject","inLanguage":"fr-FR","@id":"https:\/\/secure.gravatar.com\/avatar\/907069e0b81d119452040469e4a7501da1100f54f7f80180ce77bfab718288f6?s=96&d=mm&r=g","url":"https:\/\/secure.gravatar.com\/avatar\/907069e0b81d119452040469e4a7501da1100f54f7f80180ce77bfab718288f6?s=96&d=mm&r=g","contentUrl":"https:\/\/secure.gravatar.com\/avatar\/907069e0b81d119452040469e4a7501da1100f54f7f80180ce77bfab718288f6?s=96&d=mm&r=g","caption":"oliviere"},"sameAs":["http:\/\/www.motocrossmag.be"],"url":"https:\/\/fr.motocrossmag.be\/index.php\/author\/oliviere\/"}]}},"_links":{"self":[{"href":"https:\/\/fr.motocrossmag.be\/index.php\/wp-json\/wp\/v2\/posts\/1236","targetHints":{"allow":["GET"]}}],"collection":[{"href":"https:\/\/fr.motocrossmag.be\/index.php\/wp-json\/wp\/v2\/posts"}],"about":[{"href":"https:\/\/fr.motocrossmag.be\/index.php\/wp-json\/wp\/v2\/types\/post"}],"author":[{"embeddable":true,"href":"https:\/\/fr.motocrossmag.be\/index.php\/wp-json\/wp\/v2\/users\/932"}],"replies":[{"embeddable":true,"href":"https:\/\/fr.motocrossmag.be\/index.php\/wp-json\/wp\/v2\/comments?post=1236"}],"version-history":[{"count":0,"href":"https:\/\/fr.motocrossmag.be\/index.php\/wp-json\/wp\/v2\/posts\/1236\/revisions"}],"wp:attachment":[{"href":"https:\/\/fr.motocrossmag.be\/index.php\/wp-json\/wp\/v2\/media?parent=1236"}],"wp:term":[{"taxonomy":"category","embeddable":true,"href":"https:\/\/fr.motocrossmag.be\/index.php\/wp-json\/wp\/v2\/categories?post=1236"},{"taxonomy":"post_tag","embeddable":true,"href":"https:\/\/fr.motocrossmag.be\/index.php\/wp-json\/wp\/v2\/tags?post=1236"}],"curies":[{"name":"wp","href":"https:\/\/api.w.org\/{rel}","templated":true}]}}