{"id":1258,"date":"2008-07-21T14:02:38","date_gmt":"2008-07-21T13:02:38","guid":{"rendered":"http:\/\/www.motocrossmag.be\/?p=1258"},"modified":"2008-07-21T14:02:38","modified_gmt":"2008-07-21T13:02:38","slug":"motocross-mxdn-2008-trio-kawasaki-pour-le-team-us","status":"publish","type":"post","link":"https:\/\/fr.motocrossmag.be\/index.php\/2008\/07\/motocross-mxdn-2008-trio-kawasaki-pour-le-team-us\/","title":{"rendered":"Motocross &#8211; MXDN 2008 |Trio Kawasaki pour le team US!"},"content":{"rendered":"<p><img decoding=\"async\" class=\"lazyload alignnone size-full wp-image-1257\" title=\"Ryan Villopoto fera \u00e9quipe avec James Stewart et Tim Ferry lors du prochain Motocross des Nations en Grande-Bretagne.\" src=\"http:\/\/www.motocrossmag.be\/wp-content\/uploads\/2008\/07\/villopoto.jpg\" data-orig-src=\"http:\/\/www.motocrossmag.be\/wp-content\/uploads\/2008\/07\/villopoto.jpg\" alt=\"\" width=\"362\" height=\"467\" srcset=\"data:image\/svg+xml,%3Csvg%20xmlns%3D%27http%3A%2F%2Fwww.w3.org%2F2000%2Fsvg%27%20width%3D%27362%27%20height%3D%27467%27%20viewBox%3D%270%200%20362%20467%27%3E%3Crect%20width%3D%27362%27%20height%3D%27467%27%20fill-opacity%3D%220%22%2F%3E%3C%2Fsvg%3E\" data-srcset=\"https:\/\/fr.motocrossmag.be\/wp-content\/uploads\/2008\/07\/villopoto-232x300.jpg 232w, https:\/\/fr.motocrossmag.be\/wp-content\/uploads\/2008\/07\/villopoto.jpg 362w\" data-sizes=\"auto\" data-orig-sizes=\"(max-width: 362px) 100vw, 362px\" \/><\/p>\n<p>Comme l&rsquo;on s&rsquo;y attendait, c&rsquo;est un trio 100% Kawasaki qui repr\u00e9sentera les USA lors du prochain Motocross des Nations le 28 septembre prochain &agrave; Donington park.<\/p>\n<p>D\u00e9voil\u00e9e ce week-end dans le cadre de l&rsquo;\u00e9preuve Outdoor d&rsquo;Unadilla, l&rsquo;\u00e9quipe sera en effet emmen\u00e9e par les in\u00e9vitables James Stewart (MX1) et Ryan Villopoto (MX2), associ\u00e9s &agrave; Tim Ferry (Open), co\u00e9quipier de Bubba chez Kawa et actuellement second du classement provisoire du championnat Outdoor US.<br \/>\nUn trio qui risque bien de faire tr\u00e8s mal!<\/p>\n<p>Photo: O. Evrard<\/p>\n","protected":false},"excerpt":{"rendered":"<p>Comme l&rsquo;on s&rsquo;y attendait, c&rsquo;est un trio 100% Kawasaki qui repr\u00e9sentera les USA lors du prochain Motocross des Nations le 28 septembre prochain &agrave; Donington park. D\u00e9voil\u00e9e ce week-end dans [&#8230;]<\/p>\n","protected":false},"author":932,"featured_media":0,"comment_status":"open","ping_status":"open","sticky":false,"template":"","format":"standard","meta":{"footnotes":""},"categories":[54,4,5,55],"tags":[],"class_list":["post-1258","post","type-post","status-publish","format-standard","hentry","category-actualite","category-motocross","category-news","category-news-actualite"],"yoast_head":"<!-- This site is optimized with the Yoast SEO plugin v27.4 - https:\/\/yoast.com\/product\/yoast-seo-wordpress\/ -->\n<title>Motocross - MXDN 2008 |Trio Kawasaki pour le team US! - Motocross - Enduro - Supermoto | MotocrossMag<\/title>\n<meta name=\"robots\" content=\"index, follow, max-snippet:-1, max-image-preview:large, max-video-preview:-1\" \/>\n<link rel=\"canonical\" href=\"https:\/\/fr.motocrossmag.be\/index.php\/2008\/07\/motocross-mxdn-2008-trio-kawasaki-pour-le-team-us\/\" \/>\n<meta property=\"og:locale\" content=\"fr_FR\" \/>\n<meta property=\"og:type\" content=\"article\" \/>\n<meta property=\"og:title\" content=\"Motocross - MXDN 2008 |Trio Kawasaki pour le team US! - Motocross - Enduro - Supermoto | MotocrossMag\" \/>\n<meta property=\"og:description\" content=\"Comme l&rsquo;on s&rsquo;y attendait, c&rsquo;est un trio 100% Kawasaki qui repr\u00e9sentera les USA lors du prochain Motocross des Nations le 28 septembre prochain &agrave; Donington park. D\u00e9voil\u00e9e ce week-end dans [...]\" \/>\n<meta property=\"og:url\" content=\"https:\/\/fr.motocrossmag.be\/index.php\/2008\/07\/motocross-mxdn-2008-trio-kawasaki-pour-le-team-us\/\" \/>\n<meta property=\"og:site_name\" content=\"Motocross - Enduro - Supermoto | MotocrossMag\" \/>\n<meta property=\"article:published_time\" content=\"2008-07-21T13:02:38+00:00\" \/>\n<meta property=\"og:image\" content=\"http:\/\/www.motocrossmag.be\/wp-content\/uploads\/2008\/07\/villopoto.jpg\" \/>\n<meta name=\"author\" content=\"oliviere\" \/>\n<meta name=\"twitter:card\" content=\"summary_large_image\" \/>\n<meta name=\"twitter:label1\" content=\"\u00c9crit par\" \/>\n\t<meta name=\"twitter:data1\" content=\"oliviere\" \/>\n<script type=\"application\/ld+json\" class=\"yoast-schema-graph\">{\"@context\":\"https:\\\/\\\/schema.org\",\"@graph\":[{\"@type\":\"Article\",\"@id\":\"https:\\\/\\\/fr.motocrossmag.be\\\/index.php\\\/2008\\\/07\\\/motocross-mxdn-2008-trio-kawasaki-pour-le-team-us\\\/#article\",\"isPartOf\":{\"@id\":\"https:\\\/\\\/fr.motocrossmag.be\\\/index.php\\\/2008\\\/07\\\/motocross-mxdn-2008-trio-kawasaki-pour-le-team-us\\\/\"},\"author\":{\"name\":\"oliviere\",\"@id\":\"https:\\\/\\\/fr.motocrossmag.be\\\/#\\\/schema\\\/person\\\/11b47143d9f755babca2c9110e03235c\"},\"headline\":\"Motocross &#8211; MXDN 2008 |Trio Kawasaki pour le team US!\",\"datePublished\":\"2008-07-21T13:02:38+00:00\",\"mainEntityOfPage\":{\"@id\":\"https:\\\/\\\/fr.motocrossmag.be\\\/index.php\\\/2008\\\/07\\\/motocross-mxdn-2008-trio-kawasaki-pour-le-team-us\\\/\"},\"wordCount\":104,\"commentCount\":0,\"image\":{\"@id\":\"https:\\\/\\\/fr.motocrossmag.be\\\/index.php\\\/2008\\\/07\\\/motocross-mxdn-2008-trio-kawasaki-pour-le-team-us\\\/#primaryimage\"},\"thumbnailUrl\":\"http:\\\/\\\/www.motocrossmag.be\\\/wp-content\\\/uploads\\\/2008\\\/07\\\/villopoto.jpg\",\"articleSection\":[\"Actualit\u00e9\",\"Motocross\",\"News\",\"News\"],\"inLanguage\":\"fr-FR\",\"potentialAction\":[{\"@type\":\"CommentAction\",\"name\":\"Comment\",\"target\":[\"https:\\\/\\\/fr.motocrossmag.be\\\/index.php\\\/2008\\\/07\\\/motocross-mxdn-2008-trio-kawasaki-pour-le-team-us\\\/#respond\"]}]},{\"@type\":\"WebPage\",\"@id\":\"https:\\\/\\\/fr.motocrossmag.be\\\/index.php\\\/2008\\\/07\\\/motocross-mxdn-2008-trio-kawasaki-pour-le-team-us\\\/\",\"url\":\"https:\\\/\\\/fr.motocrossmag.be\\\/index.php\\\/2008\\\/07\\\/motocross-mxdn-2008-trio-kawasaki-pour-le-team-us\\\/\",\"name\":\"Motocross - MXDN 2008 |Trio Kawasaki pour le team US! - Motocross - Enduro - Supermoto | MotocrossMag\",\"isPartOf\":{\"@id\":\"https:\\\/\\\/fr.motocrossmag.be\\\/#website\"},\"primaryImageOfPage\":{\"@id\":\"https:\\\/\\\/fr.motocrossmag.be\\\/index.php\\\/2008\\\/07\\\/motocross-mxdn-2008-trio-kawasaki-pour-le-team-us\\\/#primaryimage\"},\"image\":{\"@id\":\"https:\\\/\\\/fr.motocrossmag.be\\\/index.php\\\/2008\\\/07\\\/motocross-mxdn-2008-trio-kawasaki-pour-le-team-us\\\/#primaryimage\"},\"thumbnailUrl\":\"http:\\\/\\\/www.motocrossmag.be\\\/wp-content\\\/uploads\\\/2008\\\/07\\\/villopoto.jpg\",\"datePublished\":\"2008-07-21T13:02:38+00:00\",\"author\":{\"@id\":\"https:\\\/\\\/fr.motocrossmag.be\\\/#\\\/schema\\\/person\\\/11b47143d9f755babca2c9110e03235c\"},\"breadcrumb\":{\"@id\":\"https:\\\/\\\/fr.motocrossmag.be\\\/index.php\\\/2008\\\/07\\\/motocross-mxdn-2008-trio-kawasaki-pour-le-team-us\\\/#breadcrumb\"},\"inLanguage\":\"fr-FR\",\"potentialAction\":[{\"@type\":\"ReadAction\",\"target\":[\"https:\\\/\\\/fr.motocrossmag.be\\\/index.php\\\/2008\\\/07\\\/motocross-mxdn-2008-trio-kawasaki-pour-le-team-us\\\/\"]}]},{\"@type\":\"ImageObject\",\"inLanguage\":\"fr-FR\",\"@id\":\"https:\\\/\\\/fr.motocrossmag.be\\\/index.php\\\/2008\\\/07\\\/motocross-mxdn-2008-trio-kawasaki-pour-le-team-us\\\/#primaryimage\",\"url\":\"http:\\\/\\\/www.motocrossmag.be\\\/wp-content\\\/uploads\\\/2008\\\/07\\\/villopoto.jpg\",\"contentUrl\":\"http:\\\/\\\/www.motocrossmag.be\\\/wp-content\\\/uploads\\\/2008\\\/07\\\/villopoto.jpg\"},{\"@type\":\"BreadcrumbList\",\"@id\":\"https:\\\/\\\/fr.motocrossmag.be\\\/index.php\\\/2008\\\/07\\\/motocross-mxdn-2008-trio-kawasaki-pour-le-team-us\\\/#breadcrumb\",\"itemListElement\":[{\"@type\":\"ListItem\",\"position\":1,\"name\":\"Accueil\",\"item\":\"https:\\\/\\\/fr.motocrossmag.be\\\/\"},{\"@type\":\"ListItem\",\"position\":2,\"name\":\"Motocross &#8211; MXDN 2008 |Trio Kawasaki pour le team US!\"}]},{\"@type\":\"WebSite\",\"@id\":\"https:\\\/\\\/fr.motocrossmag.be\\\/#website\",\"url\":\"https:\\\/\\\/fr.motocrossmag.be\\\/\",\"name\":\"Motocross - Enduro - Supermoto | MotocrossMag\",\"description\":\"L&#039;actualit\u00e9 du motocross, de l&#039;enduro et du Supermoto en ligne!\",\"potentialAction\":[{\"@type\":\"SearchAction\",\"target\":{\"@type\":\"EntryPoint\",\"urlTemplate\":\"https:\\\/\\\/fr.motocrossmag.be\\\/?s={search_term_string}\"},\"query-input\":{\"@type\":\"PropertyValueSpecification\",\"valueRequired\":true,\"valueName\":\"search_term_string\"}}],\"inLanguage\":\"fr-FR\"},{\"@type\":\"Person\",\"@id\":\"https:\\\/\\\/fr.motocrossmag.be\\\/#\\\/schema\\\/person\\\/11b47143d9f755babca2c9110e03235c\",\"name\":\"oliviere\",\"image\":{\"@type\":\"ImageObject\",\"inLanguage\":\"fr-FR\",\"@id\":\"https:\\\/\\\/secure.gravatar.com\\\/avatar\\\/907069e0b81d119452040469e4a7501da1100f54f7f80180ce77bfab718288f6?s=96&d=mm&r=g\",\"url\":\"https:\\\/\\\/secure.gravatar.com\\\/avatar\\\/907069e0b81d119452040469e4a7501da1100f54f7f80180ce77bfab718288f6?s=96&d=mm&r=g\",\"contentUrl\":\"https:\\\/\\\/secure.gravatar.com\\\/avatar\\\/907069e0b81d119452040469e4a7501da1100f54f7f80180ce77bfab718288f6?s=96&d=mm&r=g\",\"caption\":\"oliviere\"},\"sameAs\":[\"http:\\\/\\\/www.motocrossmag.be\"],\"url\":\"https:\\\/\\\/fr.motocrossmag.be\\\/index.php\\\/author\\\/oliviere\\\/\"}]}<\/script>\n<!-- \/ Yoast SEO plugin. -->","yoast_head_json":{"title":"Motocross - MXDN 2008 |Trio Kawasaki pour le team US! - Motocross - Enduro - Supermoto | MotocrossMag","robots":{"index":"index","follow":"follow","max-snippet":"max-snippet:-1","max-image-preview":"max-image-preview:large","max-video-preview":"max-video-preview:-1"},"canonical":"https:\/\/fr.motocrossmag.be\/index.php\/2008\/07\/motocross-mxdn-2008-trio-kawasaki-pour-le-team-us\/","og_locale":"fr_FR","og_type":"article","og_title":"Motocross - MXDN 2008 |Trio Kawasaki pour le team US! - Motocross - Enduro - Supermoto | MotocrossMag","og_description":"Comme l&rsquo;on s&rsquo;y attendait, c&rsquo;est un trio 100% Kawasaki qui repr\u00e9sentera les USA lors du prochain Motocross des Nations le 28 septembre prochain &agrave; Donington park. D\u00e9voil\u00e9e ce week-end dans [...]","og_url":"https:\/\/fr.motocrossmag.be\/index.php\/2008\/07\/motocross-mxdn-2008-trio-kawasaki-pour-le-team-us\/","og_site_name":"Motocross - Enduro - Supermoto | MotocrossMag","article_published_time":"2008-07-21T13:02:38+00:00","og_image":[{"url":"http:\/\/www.motocrossmag.be\/wp-content\/uploads\/2008\/07\/villopoto.jpg","type":"","width":"","height":""}],"author":"oliviere","twitter_card":"summary_large_image","twitter_misc":{"\u00c9crit par":"oliviere"},"schema":{"@context":"https:\/\/schema.org","@graph":[{"@type":"Article","@id":"https:\/\/fr.motocrossmag.be\/index.php\/2008\/07\/motocross-mxdn-2008-trio-kawasaki-pour-le-team-us\/#article","isPartOf":{"@id":"https:\/\/fr.motocrossmag.be\/index.php\/2008\/07\/motocross-mxdn-2008-trio-kawasaki-pour-le-team-us\/"},"author":{"name":"oliviere","@id":"https:\/\/fr.motocrossmag.be\/#\/schema\/person\/11b47143d9f755babca2c9110e03235c"},"headline":"Motocross &#8211; MXDN 2008 |Trio Kawasaki pour le team US!","datePublished":"2008-07-21T13:02:38+00:00","mainEntityOfPage":{"@id":"https:\/\/fr.motocrossmag.be\/index.php\/2008\/07\/motocross-mxdn-2008-trio-kawasaki-pour-le-team-us\/"},"wordCount":104,"commentCount":0,"image":{"@id":"https:\/\/fr.motocrossmag.be\/index.php\/2008\/07\/motocross-mxdn-2008-trio-kawasaki-pour-le-team-us\/#primaryimage"},"thumbnailUrl":"http:\/\/www.motocrossmag.be\/wp-content\/uploads\/2008\/07\/villopoto.jpg","articleSection":["Actualit\u00e9","Motocross","News","News"],"inLanguage":"fr-FR","potentialAction":[{"@type":"CommentAction","name":"Comment","target":["https:\/\/fr.motocrossmag.be\/index.php\/2008\/07\/motocross-mxdn-2008-trio-kawasaki-pour-le-team-us\/#respond"]}]},{"@type":"WebPage","@id":"https:\/\/fr.motocrossmag.be\/index.php\/2008\/07\/motocross-mxdn-2008-trio-kawasaki-pour-le-team-us\/","url":"https:\/\/fr.motocrossmag.be\/index.php\/2008\/07\/motocross-mxdn-2008-trio-kawasaki-pour-le-team-us\/","name":"Motocross - MXDN 2008 |Trio Kawasaki pour le team US! - Motocross - Enduro - Supermoto | MotocrossMag","isPartOf":{"@id":"https:\/\/fr.motocrossmag.be\/#website"},"primaryImageOfPage":{"@id":"https:\/\/fr.motocrossmag.be\/index.php\/2008\/07\/motocross-mxdn-2008-trio-kawasaki-pour-le-team-us\/#primaryimage"},"image":{"@id":"https:\/\/fr.motocrossmag.be\/index.php\/2008\/07\/motocross-mxdn-2008-trio-kawasaki-pour-le-team-us\/#primaryimage"},"thumbnailUrl":"http:\/\/www.motocrossmag.be\/wp-content\/uploads\/2008\/07\/villopoto.jpg","datePublished":"2008-07-21T13:02:38+00:00","author":{"@id":"https:\/\/fr.motocrossmag.be\/#\/schema\/person\/11b47143d9f755babca2c9110e03235c"},"breadcrumb":{"@id":"https:\/\/fr.motocrossmag.be\/index.php\/2008\/07\/motocross-mxdn-2008-trio-kawasaki-pour-le-team-us\/#breadcrumb"},"inLanguage":"fr-FR","potentialAction":[{"@type":"ReadAction","target":["https:\/\/fr.motocrossmag.be\/index.php\/2008\/07\/motocross-mxdn-2008-trio-kawasaki-pour-le-team-us\/"]}]},{"@type":"ImageObject","inLanguage":"fr-FR","@id":"https:\/\/fr.motocrossmag.be\/index.php\/2008\/07\/motocross-mxdn-2008-trio-kawasaki-pour-le-team-us\/#primaryimage","url":"http:\/\/www.motocrossmag.be\/wp-content\/uploads\/2008\/07\/villopoto.jpg","contentUrl":"http:\/\/www.motocrossmag.be\/wp-content\/uploads\/2008\/07\/villopoto.jpg"},{"@type":"BreadcrumbList","@id":"https:\/\/fr.motocrossmag.be\/index.php\/2008\/07\/motocross-mxdn-2008-trio-kawasaki-pour-le-team-us\/#breadcrumb","itemListElement":[{"@type":"ListItem","position":1,"name":"Accueil","item":"https:\/\/fr.motocrossmag.be\/"},{"@type":"ListItem","position":2,"name":"Motocross &#8211; MXDN 2008 |Trio Kawasaki pour le team US!"}]},{"@type":"WebSite","@id":"https:\/\/fr.motocrossmag.be\/#website","url":"https:\/\/fr.motocrossmag.be\/","name":"Motocross - Enduro - Supermoto | MotocrossMag","description":"L&#039;actualit\u00e9 du motocross, de l&#039;enduro et du Supermoto en ligne!","potentialAction":[{"@type":"SearchAction","target":{"@type":"EntryPoint","urlTemplate":"https:\/\/fr.motocrossmag.be\/?s={search_term_string}"},"query-input":{"@type":"PropertyValueSpecification","valueRequired":true,"valueName":"search_term_string"}}],"inLanguage":"fr-FR"},{"@type":"Person","@id":"https:\/\/fr.motocrossmag.be\/#\/schema\/person\/11b47143d9f755babca2c9110e03235c","name":"oliviere","image":{"@type":"ImageObject","inLanguage":"fr-FR","@id":"https:\/\/secure.gravatar.com\/avatar\/907069e0b81d119452040469e4a7501da1100f54f7f80180ce77bfab718288f6?s=96&d=mm&r=g","url":"https:\/\/secure.gravatar.com\/avatar\/907069e0b81d119452040469e4a7501da1100f54f7f80180ce77bfab718288f6?s=96&d=mm&r=g","contentUrl":"https:\/\/secure.gravatar.com\/avatar\/907069e0b81d119452040469e4a7501da1100f54f7f80180ce77bfab718288f6?s=96&d=mm&r=g","caption":"oliviere"},"sameAs":["http:\/\/www.motocrossmag.be"],"url":"https:\/\/fr.motocrossmag.be\/index.php\/author\/oliviere\/"}]}},"_links":{"self":[{"href":"https:\/\/fr.motocrossmag.be\/index.php\/wp-json\/wp\/v2\/posts\/1258","targetHints":{"allow":["GET"]}}],"collection":[{"href":"https:\/\/fr.motocrossmag.be\/index.php\/wp-json\/wp\/v2\/posts"}],"about":[{"href":"https:\/\/fr.motocrossmag.be\/index.php\/wp-json\/wp\/v2\/types\/post"}],"author":[{"embeddable":true,"href":"https:\/\/fr.motocrossmag.be\/index.php\/wp-json\/wp\/v2\/users\/932"}],"replies":[{"embeddable":true,"href":"https:\/\/fr.motocrossmag.be\/index.php\/wp-json\/wp\/v2\/comments?post=1258"}],"version-history":[{"count":0,"href":"https:\/\/fr.motocrossmag.be\/index.php\/wp-json\/wp\/v2\/posts\/1258\/revisions"}],"wp:attachment":[{"href":"https:\/\/fr.motocrossmag.be\/index.php\/wp-json\/wp\/v2\/media?parent=1258"}],"wp:term":[{"taxonomy":"category","embeddable":true,"href":"https:\/\/fr.motocrossmag.be\/index.php\/wp-json\/wp\/v2\/categories?post=1258"},{"taxonomy":"post_tag","embeddable":true,"href":"https:\/\/fr.motocrossmag.be\/index.php\/wp-json\/wp\/v2\/tags?post=1258"}],"curies":[{"name":"wp","href":"https:\/\/api.w.org\/{rel}","templated":true}]}}