{"id":126883,"date":"2023-08-02T01:48:09","date_gmt":"2023-08-01T23:48:09","guid":{"rendered":"https:\/\/fr.motocrossmag.be\/?p=126883"},"modified":"2023-08-02T01:48:31","modified_gmt":"2023-08-01T23:48:31","slug":"johan-boonen-avec-la-nouvelle-generation-de-pilotes-belges-nous-avancons-dans-la-bonne-direction","status":"publish","type":"post","link":"https:\/\/fr.motocrossmag.be\/index.php\/2023\/08\/johan-boonen-avec-la-nouvelle-generation-de-pilotes-belges-nous-avancons-dans-la-bonne-direction\/","title":{"rendered":"Johan Boonen : \u00ab\u00a0avec la nouvelle g\u00e9n\u00e9ration de pilotes belges, nous sommes dans la bonne direction !\u00a0\u00bb"},"content":{"rendered":"<p><strong>Ceux qui \u00e9taient pr\u00e9sents au GP de Lommel cette ann\u00e9e seront certainement de cet avis : le round du championnat MXGP \u00e0 Lommel a \u00e9t\u00e9 un grand succ\u00e8s sur tous les aspects. Outre le succ\u00e8s sportif de nos jeunes loups de la classe MX2, ce fut \u00e9galement un succ\u00e8s au niveau de l&rsquo;organisation, le nouveau trac\u00e9 de Lommel ayant \u00e9t\u00e9 appr\u00e9ci\u00e9 tant par les pilotes que par le public. Nous avons fait le point avec l&rsquo;organisateur Johan Boonen.<\/strong><\/p>\n<p><strong>MXMag : Il y avait beaucoup de monde samedi et dimanche. Nous avons demand\u00e9 \u00e0 plusieurs spectateurs et pilotes ce qu&rsquo;ils pensaient du nouveau trac\u00e9. Tous ont sembl\u00e9 aussi enthousiastes les uns que les autres. Qu&rsquo;en pensez-vous vous-m\u00eame ?<\/strong><\/p>\n<p>Johan Boonen : \u00ab\u00a0Au d\u00e9but, nous pensions que le circuit serait trop lent, mais il s&rsquo;est av\u00e9r\u00e9 qu&rsquo;il n&rsquo;\u00e9tait pas si mauvais que cela. Il y a certainement une marge d&rsquo;am\u00e9lioration. C&rsquo;est la premi\u00e8re fois que nous modifions le circuit \u00e0 l&rsquo;aide du GPS. Ainsi, l&rsquo;ann\u00e9e prochaine, nous pourrons faire en sorte que les pilotes puissent d\u00e9passer un peu plus facilement. L&rsquo;essentiel est que les pilotes soient satisfaits de la piste et qu&rsquo;elle soit s\u00fbre. Pour nous, il est tr\u00e8s important que les services m\u00e9dicaux n&rsquo;aient pas eu \u00e0 se d\u00e9placer pour fournir une assistance m\u00e9dicale\u00a0\u00bb.<\/p>\n<p><a href=\"https:\/\/fr.motocrossmag.be\/wp-content\/uploads\/2023\/07\/138713_Coenen_Flanders_2023_Fullspectrum_JC-2444.jpg\"><img decoding=\"async\" class=\"lazyload alignnone size-full wp-image-126871\" src=\"https:\/\/fr.motocrossmag.be\/wp-content\/uploads\/2023\/07\/138713_Coenen_Flanders_2023_Fullspectrum_JC-2444.jpg\" data-orig-src=\"https:\/\/fr.motocrossmag.be\/wp-content\/uploads\/2023\/07\/138713_Coenen_Flanders_2023_Fullspectrum_JC-2444.jpg\" alt=\"\" width=\"1000\" height=\"666\" srcset=\"data:image\/svg+xml,%3Csvg%20xmlns%3D%27http%3A%2F%2Fwww.w3.org%2F2000%2Fsvg%27%20width%3D%271000%27%20height%3D%27666%27%20viewBox%3D%270%200%201000%20666%27%3E%3Crect%20width%3D%271000%27%20height%3D%27666%27%20fill-opacity%3D%220%22%2F%3E%3C%2Fsvg%3E\" data-srcset=\"https:\/\/fr.motocrossmag.be\/wp-content\/uploads\/2023\/07\/138713_Coenen_Flanders_2023_Fullspectrum_JC-2444-650x433.jpg 650w, https:\/\/fr.motocrossmag.be\/wp-content\/uploads\/2023\/07\/138713_Coenen_Flanders_2023_Fullspectrum_JC-2444-768x511.jpg 768w, https:\/\/fr.motocrossmag.be\/wp-content\/uploads\/2023\/07\/138713_Coenen_Flanders_2023_Fullspectrum_JC-2444.jpg 1000w\" data-sizes=\"auto\" data-orig-sizes=\"(max-width: 1000px) 100vw, 1000px\" \/><\/a><\/p>\n<p><strong>MXMag : Construire un circuit co\u00fbte cher. L&rsquo;adaptation du circuit de Lommel est-elle un investissement \u00e0 long terme ?<\/strong><\/p>\n<p>Johan Boonen : \u00ab\u00a0La construction d&rsquo;un circuit co\u00fbte certainement de l&rsquo;argent et des efforts pour les personnes qui y participent. Les pilotes consacrent aussi beaucoup d&rsquo;heures \u00e0 la r\u00e9alisation de ce projet. La difficult\u00e9 r\u00e9side principalement dans le d\u00e9placement de la ligne de d\u00e9part et de l&rsquo;enceinte TV. Les cam\u00e9ras sont au m\u00eame endroit depuis des ann\u00e9es. L&rsquo;internet et toutes les installations ont d\u00fb \u00eatre d\u00e9plac\u00e9s. Nous pourrons peut-\u00eatre am\u00e9liorer cela \u00e0 l&rsquo;avenir. La ligne de d\u00e9part va en tout cas rester comme \u00e7a pour les prochaines ann\u00e9es.\u00a0\u00bb<\/p>\n<p><a href=\"https:\/\/fr.motocrossmag.be\/wp-content\/uploads\/2023\/07\/MXGP-117.jpg\"><img decoding=\"async\" class=\"lazyload alignnone size-full wp-image-126608\" src=\"https:\/\/fr.motocrossmag.be\/wp-content\/uploads\/2023\/07\/MXGP-117.jpg\" data-orig-src=\"https:\/\/fr.motocrossmag.be\/wp-content\/uploads\/2023\/07\/MXGP-117.jpg\" alt=\"\" width=\"1000\" height=\"666\" srcset=\"data:image\/svg+xml,%3Csvg%20xmlns%3D%27http%3A%2F%2Fwww.w3.org%2F2000%2Fsvg%27%20width%3D%271000%27%20height%3D%27666%27%20viewBox%3D%270%200%201000%20666%27%3E%3Crect%20width%3D%271000%27%20height%3D%27666%27%20fill-opacity%3D%220%22%2F%3E%3C%2Fsvg%3E\" data-srcset=\"https:\/\/fr.motocrossmag.be\/wp-content\/uploads\/2023\/07\/MXGP-117-650x433.jpg 650w, https:\/\/fr.motocrossmag.be\/wp-content\/uploads\/2023\/07\/MXGP-117-768x511.jpg 768w, https:\/\/fr.motocrossmag.be\/wp-content\/uploads\/2023\/07\/MXGP-117.jpg 1000w\" data-sizes=\"auto\" data-orig-sizes=\"(max-width: 1000px) 100vw, 1000px\" \/><\/a><\/p>\n<p><strong>MXMag : Y aura-t-il d&rsquo;autres ajustements sur et autour du circuit li\u00e9s au permis d&rsquo;environnement et aux conditions qu&rsquo;il impose ?<\/strong><\/p>\n<p>Johan Boonen : \u00ab\u00a0C&rsquo;est en fait quelque chose qui concerne le club, ils vont se r\u00e9unir \u00e0 ce sujet un de ces jours. Quoi qu&rsquo;il en soit, le conseil d&rsquo;administration du club est motiv\u00e9. Il est difficile de dire s&rsquo;il y aura des ajustements. Il y a des contacts avec Infront Moto Racing \u00e0 ce sujet et il y aura des am\u00e9liorations et des embellissements \u00e0 l&rsquo;avenir. Mais la motivation du club est revenue. Il faut savoir que pendant un certain temps, les membres du club se sont content\u00e9s d&rsquo;ouvrir la piste et de veiller \u00e0 ce qu&rsquo;elle soit en ordre. La motivation \u00e9tait un peu moins grande en raison de l&rsquo;incertitude qui planait quant au futur du circuit de Lommel. Nous avons d\u00fb faire face \u00e0 quelques oppositions qui nous ont contraints \u00e0 faire du lobbying, de sorte que la motivation \u00e9tait un peu moins forte pendant quelques ann\u00e9es, c&rsquo;est \u00e9vident.\u00a0\u00bb<\/p>\n<p><a href=\"https:\/\/fr.motocrossmag.be\/wp-content\/uploads\/2023\/07\/MXGP-2423.jpg\"><img decoding=\"async\" class=\"lazyload alignnone size-full wp-image-126363\" src=\"https:\/\/fr.motocrossmag.be\/wp-content\/uploads\/2023\/07\/MXGP-2423.jpg\" data-orig-src=\"https:\/\/fr.motocrossmag.be\/wp-content\/uploads\/2023\/07\/MXGP-2423.jpg\" alt=\"\" width=\"1000\" height=\"666\" srcset=\"data:image\/svg+xml,%3Csvg%20xmlns%3D%27http%3A%2F%2Fwww.w3.org%2F2000%2Fsvg%27%20width%3D%271000%27%20height%3D%27666%27%20viewBox%3D%270%200%201000%20666%27%3E%3Crect%20width%3D%271000%27%20height%3D%27666%27%20fill-opacity%3D%220%22%2F%3E%3C%2Fsvg%3E\" data-srcset=\"https:\/\/fr.motocrossmag.be\/wp-content\/uploads\/2023\/07\/MXGP-2423-650x433.jpg 650w, https:\/\/fr.motocrossmag.be\/wp-content\/uploads\/2023\/07\/MXGP-2423-768x511.jpg 768w, https:\/\/fr.motocrossmag.be\/wp-content\/uploads\/2023\/07\/MXGP-2423.jpg 1000w\" data-sizes=\"auto\" data-orig-sizes=\"(max-width: 1000px) 100vw, 1000px\" \/><\/a><\/p>\n<p>\u00ab\u00a0Nous travaillions sur le nouveau permis, mais s&rsquo;il n&rsquo;y a pas de r\u00e9sultats, la motivation baisse automatiquement. On voit aussi ce qui s&rsquo;est pass\u00e9 avec Olmen. Il y a maintenant aussi les r\u00e9sultats actuels des Belges. Ceux-ci ne contribuent pas directement \u00e0 la d\u00e9livrance d&rsquo;un permis, \u00e9videmment, mais ils cr\u00e9ent une sorte d&rsquo;int\u00e9r\u00eat obligatoire de la part du gouvernement. Ils ne peuvent plus faire comme si de rien n&rsquo;\u00e9tait.\u00a0\u00bb<\/p>\n<p><strong>MXMag : La visite du ministre des Sports Ben Weyts sur le GP de Lommel vous a-t-elle donn\u00e9 de bons espoirs pour l&rsquo;avenir ?<\/strong><\/p>\n<p>Johan Boonen : \u00ab\u00a0C&rsquo;est une question difficile. Je sais qu&rsquo;il a \u00e9t\u00e9 agr\u00e9ablement surpris par notre organisation. La derni\u00e8re fois qu&rsquo;il a visit\u00e9 un motocross, c&rsquo;\u00e9tait \u00e0 Kester en 2015. \u00c0 Lommel, Ben Weyts a \u00e9t\u00e9 surpris par l&rsquo;int\u00e9r\u00eat du public et de la presse internationale. Aujourd&rsquo;hui, si vous assistez \u00e0 une course de chevaux, par exemple, il va de soi que vous y trouverez une organisation professionnelle. Il a \u00e9t\u00e9 impressionn\u00e9 par la difficult\u00e9 d&rsquo;organiser un MXGP. Quand on voit que des hommes d&rsquo;affaires comme No\u00ebl Essers (CEO Essers Transport and Logistics) ne se contentent pas de rester dans la zone VIP, mais qu&rsquo;ils font aussi le tour du circuit et l&rsquo;appr\u00e9cient \u00e0 juste titre, je trouve que cela doit nous donner de l&rsquo;espoir.\u00a0\u00bb<\/p>\n<blockquote><p>\u00ab\u00a0Aujourd&rsquo;hui, les supporters belges sont aussi enthousiastes que les Fran\u00e7ais en France ou les Italiens en Italie.\u00a0\u00bb<\/p><\/blockquote>\n<p><strong>MXMag : Certains spectateurs ont parl\u00e9 d&rsquo;une sorte d&rsquo;impression d&rsquo;ar\u00e8ne lorsqu&rsquo;ils regardaient les courses \u00e0 l&rsquo;arri\u00e8re du talus. \u00c9tait-ce un choix d\u00e9lib\u00e9r\u00e9 pour augmenter l&rsquo;atmosph\u00e8re pour le public ?<\/strong><\/p>\n<p>Johan Boonen : \u00ab\u00a0C&rsquo;est aussi la raison pour laquelle le Skybox et la pitlane ont \u00e9t\u00e9 retir\u00e9s du milieu de la piste. De toute fa\u00e7on, cela am\u00e9liore l&rsquo;atmosph\u00e8re et c&rsquo;est un \u00e9l\u00e9ment tr\u00e8s important pour l&rsquo;\u00e9v\u00e9nement. Bien s\u00fbr, il est \u00e9galement vrai qu&rsquo;avec les nouveaux talents belges, nous voyons \u00e9merger un nouveau type de supporters. Auparavant, lors d&rsquo;un Grand Prix, il y avait les clubs de supporters de Stefan Everts, Jo\u00ebl Smets et Marnicq Bervoets, et puis il y avait des supporters de pilotes moins populaires. Il s&rsquo;agissait de v\u00e9ritables clans.\u00a0\u00bb<\/p>\n<p>\u00ab\u00a0Dimanche dernier \u00e0 Lommel, j&rsquo;ai pu voir que les supporters de Liam Everts encourageaient \u00e9galement Lucas et Sacha Coenen. Il n&rsquo;y a pas beaucoup de courses internationales et les supporters se regroupent pour les quelques courses auxquelles ils assistent et soutiennent ensuite tous les Belges qui participent \u00e0 la comp\u00e9tition. Aujourd&rsquo;hui, les supporters belges sont aussi enthousiastes que les Fran\u00e7ais en France ou les Italiens en Italie. Cela fait plaisir \u00e0 voir et cela cr\u00e9e une ambiance ind\u00e9niable. Ce sera quelque chose en octobre \u00e0 Ern\u00e9e lors du MXoN ! (rires) C&rsquo;\u00e9tait aussi super de voir comment tout le monde encourageait Jeremy Van Horebeek \u00e0 Lommel. Il pilote de fa\u00e7on fantastique et tout le monde l&rsquo;appr\u00e9cie encore beaucoup.\u00a0\u00bb<\/p>\n<p><a href=\"https:\/\/fr.motocrossmag.be\/wp-content\/uploads\/2023\/07\/MXGP-2679.jpg\"><img decoding=\"async\" class=\"lazyload alignnone size-full wp-image-126490\" src=\"https:\/\/fr.motocrossmag.be\/wp-content\/uploads\/2023\/07\/MXGP-2679.jpg\" data-orig-src=\"https:\/\/fr.motocrossmag.be\/wp-content\/uploads\/2023\/07\/MXGP-2679.jpg\" alt=\"\" width=\"1000\" height=\"666\" srcset=\"data:image\/svg+xml,%3Csvg%20xmlns%3D%27http%3A%2F%2Fwww.w3.org%2F2000%2Fsvg%27%20width%3D%271000%27%20height%3D%27666%27%20viewBox%3D%270%200%201000%20666%27%3E%3Crect%20width%3D%271000%27%20height%3D%27666%27%20fill-opacity%3D%220%22%2F%3E%3C%2Fsvg%3E\" data-srcset=\"https:\/\/fr.motocrossmag.be\/wp-content\/uploads\/2023\/07\/MXGP-2679-650x433.jpg 650w, https:\/\/fr.motocrossmag.be\/wp-content\/uploads\/2023\/07\/MXGP-2679-768x511.jpg 768w, https:\/\/fr.motocrossmag.be\/wp-content\/uploads\/2023\/07\/MXGP-2679.jpg 1000w\" data-sizes=\"auto\" data-orig-sizes=\"(max-width: 1000px) 100vw, 1000px\" \/><\/a><\/p>\n<p>\u00ab\u00a0Nous avons actuellement les fr\u00e8res Coenen, Jarne Bervoets, Liam Everts, Brent van Doninck et de jeunes pilotes comme Ian Ampoorter. Ce sont tous des gars sympas qui r\u00e9alisent l&rsquo;importance des supporters d\u00e8s leur plus jeune \u00e2ge. Cette g\u00e9n\u00e9ration se distingue par le fait qu&rsquo;elle vient d&rsquo;une famille de motocross et qu&rsquo;elle sait comment remercier ses supporters, l&rsquo;organisation et les m\u00e9dias en adoptant la bonne attitude. C&rsquo;est tr\u00e8s important.\u00a0\u00bb<\/p>\n<p>\u00ab\u00a0En fait, ces jeunes pilotes n&rsquo;ont pas grand-chose \u00e0 voir avec l&rsquo;organisateur d&rsquo;une course, mais ils montrent leur gratitude et je pense que c&rsquo;est important. Ce sont tous des gars intelligents qui comprennent comment les choses fonctionnent. Assur\u00e9ment, nous sommes en bonne voie avec cette nouvelle g\u00e9n\u00e9ration de pilotes belges !\u00a0\u00bb<\/p>\n<p>Interview : Danny Hermans<\/p>\n","protected":false},"excerpt":{"rendered":"<p>Ceux qui \u00e9taient pr\u00e9sents au GP de Lommel cette ann\u00e9e seront certainement de cet avis : le round du championnat MXGP \u00e0 Lommel a \u00e9t\u00e9 un grand succ\u00e8s sur tous [&#8230;]<\/p>\n","protected":false},"author":932,"featured_media":127041,"comment_status":"open","ping_status":"closed","sticky":false,"template":"","format":"standard","meta":{"footnotes":""},"categories":[54,7,58,4,6,5,55,65],"tags":[813,78,1638,1247,284,1265,947,568],"class_list":["post-126883","post","type-post","status-publish","format-standard","has-post-thumbnail","hentry","category-actualite","category-interviews","category-interviews-actualite","category-motocross","category-mx1mx2","category-news","category-news-actualite","category-slideshow","tag-jago-geerts","tag-jeremy-van-horebeek","tag-johan-boonen","tag-liam-everts","tag-lommel","tag-lucas-coenen","tag-motocross","tag-mxgp"],"yoast_head":"<!-- This site is optimized with the Yoast SEO plugin v27.4 - https:\/\/yoast.com\/product\/yoast-seo-wordpress\/ -->\n<title>Johan Boonen : &quot;avec la nouvelle g\u00e9n\u00e9ration de pilotes belges, nous sommes dans la bonne direction !&quot; - Motocross - Enduro - Supermoto | MotocrossMag<\/title>\n<meta name=\"robots\" content=\"index, follow, max-snippet:-1, max-image-preview:large, max-video-preview:-1\" \/>\n<link rel=\"canonical\" href=\"https:\/\/fr.motocrossmag.be\/index.php\/2023\/08\/johan-boonen-avec-la-nouvelle-generation-de-pilotes-belges-nous-avancons-dans-la-bonne-direction\/\" \/>\n<meta property=\"og:locale\" content=\"fr_FR\" \/>\n<meta property=\"og:type\" content=\"article\" \/>\n<meta property=\"og:title\" content=\"Johan Boonen : &quot;avec la nouvelle g\u00e9n\u00e9ration de pilotes belges, nous sommes dans la bonne direction !&quot; - Motocross - Enduro - Supermoto | MotocrossMag\" \/>\n<meta property=\"og:description\" content=\"Ceux qui \u00e9taient pr\u00e9sents au GP de Lommel cette ann\u00e9e seront certainement de cet avis : le round du championnat MXGP \u00e0 Lommel a \u00e9t\u00e9 un grand succ\u00e8s sur tous [...]\" \/>\n<meta property=\"og:url\" content=\"https:\/\/fr.motocrossmag.be\/index.php\/2023\/08\/johan-boonen-avec-la-nouvelle-generation-de-pilotes-belges-nous-avancons-dans-la-bonne-direction\/\" \/>\n<meta property=\"og:site_name\" content=\"Motocross - Enduro - Supermoto | MotocrossMag\" \/>\n<meta property=\"article:published_time\" content=\"2023-08-01T23:48:09+00:00\" \/>\n<meta property=\"article:modified_time\" content=\"2023-08-01T23:48:31+00:00\" \/>\n<meta property=\"og:image\" content=\"https:\/\/fr.motocrossmag.be\/wp-content\/uploads\/2023\/08\/Johan-Boonen-RedBud.jpg\" \/>\n\t<meta property=\"og:image:width\" content=\"900\" \/>\n\t<meta property=\"og:image:height\" content=\"600\" \/>\n\t<meta property=\"og:image:type\" content=\"image\/jpeg\" \/>\n<meta name=\"author\" content=\"oliviere\" \/>\n<meta name=\"twitter:card\" content=\"summary_large_image\" \/>\n<meta name=\"twitter:label1\" content=\"\u00c9crit par\" \/>\n\t<meta name=\"twitter:data1\" content=\"oliviere\" \/>\n\t<meta name=\"twitter:label2\" content=\"Dur\u00e9e de lecture estim\u00e9e\" \/>\n\t<meta name=\"twitter:data2\" content=\"6 minutes\" \/>\n<script type=\"application\/ld+json\" class=\"yoast-schema-graph\">{\"@context\":\"https:\\\/\\\/schema.org\",\"@graph\":[{\"@type\":\"Article\",\"@id\":\"https:\\\/\\\/fr.motocrossmag.be\\\/index.php\\\/2023\\\/08\\\/johan-boonen-avec-la-nouvelle-generation-de-pilotes-belges-nous-avancons-dans-la-bonne-direction\\\/#article\",\"isPartOf\":{\"@id\":\"https:\\\/\\\/fr.motocrossmag.be\\\/index.php\\\/2023\\\/08\\\/johan-boonen-avec-la-nouvelle-generation-de-pilotes-belges-nous-avancons-dans-la-bonne-direction\\\/\"},\"author\":{\"name\":\"oliviere\",\"@id\":\"https:\\\/\\\/fr.motocrossmag.be\\\/#\\\/schema\\\/person\\\/11b47143d9f755babca2c9110e03235c\"},\"headline\":\"Johan Boonen : \u00ab\u00a0avec la nouvelle g\u00e9n\u00e9ration de pilotes belges, nous sommes dans la bonne direction !\u00a0\u00bb\",\"datePublished\":\"2023-08-01T23:48:09+00:00\",\"dateModified\":\"2023-08-01T23:48:31+00:00\",\"mainEntityOfPage\":{\"@id\":\"https:\\\/\\\/fr.motocrossmag.be\\\/index.php\\\/2023\\\/08\\\/johan-boonen-avec-la-nouvelle-generation-de-pilotes-belges-nous-avancons-dans-la-bonne-direction\\\/\"},\"wordCount\":1224,\"commentCount\":0,\"image\":{\"@id\":\"https:\\\/\\\/fr.motocrossmag.be\\\/index.php\\\/2023\\\/08\\\/johan-boonen-avec-la-nouvelle-generation-de-pilotes-belges-nous-avancons-dans-la-bonne-direction\\\/#primaryimage\"},\"thumbnailUrl\":\"https:\\\/\\\/fr.motocrossmag.be\\\/wp-content\\\/uploads\\\/2023\\\/08\\\/Johan-Boonen-RedBud.jpg\",\"keywords\":[\"Jago Geerts\",\"Jeremy Van Horebeek\",\"johan boonen\",\"liam everts\",\"Lommel\",\"lucas coenen\",\"Motocross\",\"MXGP\"],\"articleSection\":[\"Actualit\u00e9\",\"Interviews\",\"Interviews -all\",\"Motocross\",\"Motocross MXGP\",\"News\",\"News\",\"Slideshow\"],\"inLanguage\":\"fr-FR\",\"potentialAction\":[{\"@type\":\"CommentAction\",\"name\":\"Comment\",\"target\":[\"https:\\\/\\\/fr.motocrossmag.be\\\/index.php\\\/2023\\\/08\\\/johan-boonen-avec-la-nouvelle-generation-de-pilotes-belges-nous-avancons-dans-la-bonne-direction\\\/#respond\"]}]},{\"@type\":\"WebPage\",\"@id\":\"https:\\\/\\\/fr.motocrossmag.be\\\/index.php\\\/2023\\\/08\\\/johan-boonen-avec-la-nouvelle-generation-de-pilotes-belges-nous-avancons-dans-la-bonne-direction\\\/\",\"url\":\"https:\\\/\\\/fr.motocrossmag.be\\\/index.php\\\/2023\\\/08\\\/johan-boonen-avec-la-nouvelle-generation-de-pilotes-belges-nous-avancons-dans-la-bonne-direction\\\/\",\"name\":\"Johan Boonen : \\\"avec la nouvelle g\u00e9n\u00e9ration de pilotes belges, nous sommes dans la bonne direction !\\\" - Motocross - Enduro - Supermoto | MotocrossMag\",\"isPartOf\":{\"@id\":\"https:\\\/\\\/fr.motocrossmag.be\\\/#website\"},\"primaryImageOfPage\":{\"@id\":\"https:\\\/\\\/fr.motocrossmag.be\\\/index.php\\\/2023\\\/08\\\/johan-boonen-avec-la-nouvelle-generation-de-pilotes-belges-nous-avancons-dans-la-bonne-direction\\\/#primaryimage\"},\"image\":{\"@id\":\"https:\\\/\\\/fr.motocrossmag.be\\\/index.php\\\/2023\\\/08\\\/johan-boonen-avec-la-nouvelle-generation-de-pilotes-belges-nous-avancons-dans-la-bonne-direction\\\/#primaryimage\"},\"thumbnailUrl\":\"https:\\\/\\\/fr.motocrossmag.be\\\/wp-content\\\/uploads\\\/2023\\\/08\\\/Johan-Boonen-RedBud.jpg\",\"datePublished\":\"2023-08-01T23:48:09+00:00\",\"dateModified\":\"2023-08-01T23:48:31+00:00\",\"author\":{\"@id\":\"https:\\\/\\\/fr.motocrossmag.be\\\/#\\\/schema\\\/person\\\/11b47143d9f755babca2c9110e03235c\"},\"breadcrumb\":{\"@id\":\"https:\\\/\\\/fr.motocrossmag.be\\\/index.php\\\/2023\\\/08\\\/johan-boonen-avec-la-nouvelle-generation-de-pilotes-belges-nous-avancons-dans-la-bonne-direction\\\/#breadcrumb\"},\"inLanguage\":\"fr-FR\",\"potentialAction\":[{\"@type\":\"ReadAction\",\"target\":[\"https:\\\/\\\/fr.motocrossmag.be\\\/index.php\\\/2023\\\/08\\\/johan-boonen-avec-la-nouvelle-generation-de-pilotes-belges-nous-avancons-dans-la-bonne-direction\\\/\"]}]},{\"@type\":\"ImageObject\",\"inLanguage\":\"fr-FR\",\"@id\":\"https:\\\/\\\/fr.motocrossmag.be\\\/index.php\\\/2023\\\/08\\\/johan-boonen-avec-la-nouvelle-generation-de-pilotes-belges-nous-avancons-dans-la-bonne-direction\\\/#primaryimage\",\"url\":\"https:\\\/\\\/fr.motocrossmag.be\\\/wp-content\\\/uploads\\\/2023\\\/08\\\/Johan-Boonen-RedBud.jpg\",\"contentUrl\":\"https:\\\/\\\/fr.motocrossmag.be\\\/wp-content\\\/uploads\\\/2023\\\/08\\\/Johan-Boonen-RedBud.jpg\",\"width\":900,\"height\":600},{\"@type\":\"BreadcrumbList\",\"@id\":\"https:\\\/\\\/fr.motocrossmag.be\\\/index.php\\\/2023\\\/08\\\/johan-boonen-avec-la-nouvelle-generation-de-pilotes-belges-nous-avancons-dans-la-bonne-direction\\\/#breadcrumb\",\"itemListElement\":[{\"@type\":\"ListItem\",\"position\":1,\"name\":\"Accueil\",\"item\":\"https:\\\/\\\/fr.motocrossmag.be\\\/\"},{\"@type\":\"ListItem\",\"position\":2,\"name\":\"Johan Boonen : \u00ab\u00a0avec la nouvelle g\u00e9n\u00e9ration de pilotes belges, nous sommes dans la bonne direction !\u00a0\u00bb\"}]},{\"@type\":\"WebSite\",\"@id\":\"https:\\\/\\\/fr.motocrossmag.be\\\/#website\",\"url\":\"https:\\\/\\\/fr.motocrossmag.be\\\/\",\"name\":\"Motocross - Enduro - Supermoto | MotocrossMag\",\"description\":\"L&#039;actualit\u00e9 du motocross, de l&#039;enduro et du Supermoto en ligne!\",\"potentialAction\":[{\"@type\":\"SearchAction\",\"target\":{\"@type\":\"EntryPoint\",\"urlTemplate\":\"https:\\\/\\\/fr.motocrossmag.be\\\/?s={search_term_string}\"},\"query-input\":{\"@type\":\"PropertyValueSpecification\",\"valueRequired\":true,\"valueName\":\"search_term_string\"}}],\"inLanguage\":\"fr-FR\"},{\"@type\":\"Person\",\"@id\":\"https:\\\/\\\/fr.motocrossmag.be\\\/#\\\/schema\\\/person\\\/11b47143d9f755babca2c9110e03235c\",\"name\":\"oliviere\",\"image\":{\"@type\":\"ImageObject\",\"inLanguage\":\"fr-FR\",\"@id\":\"https:\\\/\\\/secure.gravatar.com\\\/avatar\\\/907069e0b81d119452040469e4a7501da1100f54f7f80180ce77bfab718288f6?s=96&d=mm&r=g\",\"url\":\"https:\\\/\\\/secure.gravatar.com\\\/avatar\\\/907069e0b81d119452040469e4a7501da1100f54f7f80180ce77bfab718288f6?s=96&d=mm&r=g\",\"contentUrl\":\"https:\\\/\\\/secure.gravatar.com\\\/avatar\\\/907069e0b81d119452040469e4a7501da1100f54f7f80180ce77bfab718288f6?s=96&d=mm&r=g\",\"caption\":\"oliviere\"},\"sameAs\":[\"http:\\\/\\\/www.motocrossmag.be\"],\"url\":\"https:\\\/\\\/fr.motocrossmag.be\\\/index.php\\\/author\\\/oliviere\\\/\"}]}<\/script>\n<!-- \/ Yoast SEO plugin. -->","yoast_head_json":{"title":"Johan Boonen : \"avec la nouvelle g\u00e9n\u00e9ration de pilotes belges, nous sommes dans la bonne direction !\" - Motocross - Enduro - Supermoto | MotocrossMag","robots":{"index":"index","follow":"follow","max-snippet":"max-snippet:-1","max-image-preview":"max-image-preview:large","max-video-preview":"max-video-preview:-1"},"canonical":"https:\/\/fr.motocrossmag.be\/index.php\/2023\/08\/johan-boonen-avec-la-nouvelle-generation-de-pilotes-belges-nous-avancons-dans-la-bonne-direction\/","og_locale":"fr_FR","og_type":"article","og_title":"Johan Boonen : \"avec la nouvelle g\u00e9n\u00e9ration de pilotes belges, nous sommes dans la bonne direction !\" - Motocross - Enduro - Supermoto | MotocrossMag","og_description":"Ceux qui \u00e9taient pr\u00e9sents au GP de Lommel cette ann\u00e9e seront certainement de cet avis : le round du championnat MXGP \u00e0 Lommel a \u00e9t\u00e9 un grand succ\u00e8s sur tous [...]","og_url":"https:\/\/fr.motocrossmag.be\/index.php\/2023\/08\/johan-boonen-avec-la-nouvelle-generation-de-pilotes-belges-nous-avancons-dans-la-bonne-direction\/","og_site_name":"Motocross - Enduro - Supermoto | MotocrossMag","article_published_time":"2023-08-01T23:48:09+00:00","article_modified_time":"2023-08-01T23:48:31+00:00","og_image":[{"width":900,"height":600,"url":"https:\/\/fr.motocrossmag.be\/wp-content\/uploads\/2023\/08\/Johan-Boonen-RedBud.jpg","type":"image\/jpeg"}],"author":"oliviere","twitter_card":"summary_large_image","twitter_misc":{"\u00c9crit par":"oliviere","Dur\u00e9e de lecture estim\u00e9e":"6 minutes"},"schema":{"@context":"https:\/\/schema.org","@graph":[{"@type":"Article","@id":"https:\/\/fr.motocrossmag.be\/index.php\/2023\/08\/johan-boonen-avec-la-nouvelle-generation-de-pilotes-belges-nous-avancons-dans-la-bonne-direction\/#article","isPartOf":{"@id":"https:\/\/fr.motocrossmag.be\/index.php\/2023\/08\/johan-boonen-avec-la-nouvelle-generation-de-pilotes-belges-nous-avancons-dans-la-bonne-direction\/"},"author":{"name":"oliviere","@id":"https:\/\/fr.motocrossmag.be\/#\/schema\/person\/11b47143d9f755babca2c9110e03235c"},"headline":"Johan Boonen : \u00ab\u00a0avec la nouvelle g\u00e9n\u00e9ration de pilotes belges, nous sommes dans la bonne direction !\u00a0\u00bb","datePublished":"2023-08-01T23:48:09+00:00","dateModified":"2023-08-01T23:48:31+00:00","mainEntityOfPage":{"@id":"https:\/\/fr.motocrossmag.be\/index.php\/2023\/08\/johan-boonen-avec-la-nouvelle-generation-de-pilotes-belges-nous-avancons-dans-la-bonne-direction\/"},"wordCount":1224,"commentCount":0,"image":{"@id":"https:\/\/fr.motocrossmag.be\/index.php\/2023\/08\/johan-boonen-avec-la-nouvelle-generation-de-pilotes-belges-nous-avancons-dans-la-bonne-direction\/#primaryimage"},"thumbnailUrl":"https:\/\/fr.motocrossmag.be\/wp-content\/uploads\/2023\/08\/Johan-Boonen-RedBud.jpg","keywords":["Jago Geerts","Jeremy Van Horebeek","johan boonen","liam everts","Lommel","lucas coenen","Motocross","MXGP"],"articleSection":["Actualit\u00e9","Interviews","Interviews -all","Motocross","Motocross MXGP","News","News","Slideshow"],"inLanguage":"fr-FR","potentialAction":[{"@type":"CommentAction","name":"Comment","target":["https:\/\/fr.motocrossmag.be\/index.php\/2023\/08\/johan-boonen-avec-la-nouvelle-generation-de-pilotes-belges-nous-avancons-dans-la-bonne-direction\/#respond"]}]},{"@type":"WebPage","@id":"https:\/\/fr.motocrossmag.be\/index.php\/2023\/08\/johan-boonen-avec-la-nouvelle-generation-de-pilotes-belges-nous-avancons-dans-la-bonne-direction\/","url":"https:\/\/fr.motocrossmag.be\/index.php\/2023\/08\/johan-boonen-avec-la-nouvelle-generation-de-pilotes-belges-nous-avancons-dans-la-bonne-direction\/","name":"Johan Boonen : \"avec la nouvelle g\u00e9n\u00e9ration de pilotes belges, nous sommes dans la bonne direction !\" - Motocross - Enduro - Supermoto | MotocrossMag","isPartOf":{"@id":"https:\/\/fr.motocrossmag.be\/#website"},"primaryImageOfPage":{"@id":"https:\/\/fr.motocrossmag.be\/index.php\/2023\/08\/johan-boonen-avec-la-nouvelle-generation-de-pilotes-belges-nous-avancons-dans-la-bonne-direction\/#primaryimage"},"image":{"@id":"https:\/\/fr.motocrossmag.be\/index.php\/2023\/08\/johan-boonen-avec-la-nouvelle-generation-de-pilotes-belges-nous-avancons-dans-la-bonne-direction\/#primaryimage"},"thumbnailUrl":"https:\/\/fr.motocrossmag.be\/wp-content\/uploads\/2023\/08\/Johan-Boonen-RedBud.jpg","datePublished":"2023-08-01T23:48:09+00:00","dateModified":"2023-08-01T23:48:31+00:00","author":{"@id":"https:\/\/fr.motocrossmag.be\/#\/schema\/person\/11b47143d9f755babca2c9110e03235c"},"breadcrumb":{"@id":"https:\/\/fr.motocrossmag.be\/index.php\/2023\/08\/johan-boonen-avec-la-nouvelle-generation-de-pilotes-belges-nous-avancons-dans-la-bonne-direction\/#breadcrumb"},"inLanguage":"fr-FR","potentialAction":[{"@type":"ReadAction","target":["https:\/\/fr.motocrossmag.be\/index.php\/2023\/08\/johan-boonen-avec-la-nouvelle-generation-de-pilotes-belges-nous-avancons-dans-la-bonne-direction\/"]}]},{"@type":"ImageObject","inLanguage":"fr-FR","@id":"https:\/\/fr.motocrossmag.be\/index.php\/2023\/08\/johan-boonen-avec-la-nouvelle-generation-de-pilotes-belges-nous-avancons-dans-la-bonne-direction\/#primaryimage","url":"https:\/\/fr.motocrossmag.be\/wp-content\/uploads\/2023\/08\/Johan-Boonen-RedBud.jpg","contentUrl":"https:\/\/fr.motocrossmag.be\/wp-content\/uploads\/2023\/08\/Johan-Boonen-RedBud.jpg","width":900,"height":600},{"@type":"BreadcrumbList","@id":"https:\/\/fr.motocrossmag.be\/index.php\/2023\/08\/johan-boonen-avec-la-nouvelle-generation-de-pilotes-belges-nous-avancons-dans-la-bonne-direction\/#breadcrumb","itemListElement":[{"@type":"ListItem","position":1,"name":"Accueil","item":"https:\/\/fr.motocrossmag.be\/"},{"@type":"ListItem","position":2,"name":"Johan Boonen : \u00ab\u00a0avec la nouvelle g\u00e9n\u00e9ration de pilotes belges, nous sommes dans la bonne direction !\u00a0\u00bb"}]},{"@type":"WebSite","@id":"https:\/\/fr.motocrossmag.be\/#website","url":"https:\/\/fr.motocrossmag.be\/","name":"Motocross - Enduro - Supermoto | MotocrossMag","description":"L&#039;actualit\u00e9 du motocross, de l&#039;enduro et du Supermoto en ligne!","potentialAction":[{"@type":"SearchAction","target":{"@type":"EntryPoint","urlTemplate":"https:\/\/fr.motocrossmag.be\/?s={search_term_string}"},"query-input":{"@type":"PropertyValueSpecification","valueRequired":true,"valueName":"search_term_string"}}],"inLanguage":"fr-FR"},{"@type":"Person","@id":"https:\/\/fr.motocrossmag.be\/#\/schema\/person\/11b47143d9f755babca2c9110e03235c","name":"oliviere","image":{"@type":"ImageObject","inLanguage":"fr-FR","@id":"https:\/\/secure.gravatar.com\/avatar\/907069e0b81d119452040469e4a7501da1100f54f7f80180ce77bfab718288f6?s=96&d=mm&r=g","url":"https:\/\/secure.gravatar.com\/avatar\/907069e0b81d119452040469e4a7501da1100f54f7f80180ce77bfab718288f6?s=96&d=mm&r=g","contentUrl":"https:\/\/secure.gravatar.com\/avatar\/907069e0b81d119452040469e4a7501da1100f54f7f80180ce77bfab718288f6?s=96&d=mm&r=g","caption":"oliviere"},"sameAs":["http:\/\/www.motocrossmag.be"],"url":"https:\/\/fr.motocrossmag.be\/index.php\/author\/oliviere\/"}]}},"_links":{"self":[{"href":"https:\/\/fr.motocrossmag.be\/index.php\/wp-json\/wp\/v2\/posts\/126883","targetHints":{"allow":["GET"]}}],"collection":[{"href":"https:\/\/fr.motocrossmag.be\/index.php\/wp-json\/wp\/v2\/posts"}],"about":[{"href":"https:\/\/fr.motocrossmag.be\/index.php\/wp-json\/wp\/v2\/types\/post"}],"author":[{"embeddable":true,"href":"https:\/\/fr.motocrossmag.be\/index.php\/wp-json\/wp\/v2\/users\/932"}],"replies":[{"embeddable":true,"href":"https:\/\/fr.motocrossmag.be\/index.php\/wp-json\/wp\/v2\/comments?post=126883"}],"version-history":[{"count":3,"href":"https:\/\/fr.motocrossmag.be\/index.php\/wp-json\/wp\/v2\/posts\/126883\/revisions"}],"predecessor-version":[{"id":127043,"href":"https:\/\/fr.motocrossmag.be\/index.php\/wp-json\/wp\/v2\/posts\/126883\/revisions\/127043"}],"wp:featuredmedia":[{"embeddable":true,"href":"https:\/\/fr.motocrossmag.be\/index.php\/wp-json\/wp\/v2\/media\/127041"}],"wp:attachment":[{"href":"https:\/\/fr.motocrossmag.be\/index.php\/wp-json\/wp\/v2\/media?parent=126883"}],"wp:term":[{"taxonomy":"category","embeddable":true,"href":"https:\/\/fr.motocrossmag.be\/index.php\/wp-json\/wp\/v2\/categories?post=126883"},{"taxonomy":"post_tag","embeddable":true,"href":"https:\/\/fr.motocrossmag.be\/index.php\/wp-json\/wp\/v2\/tags?post=126883"}],"curies":[{"name":"wp","href":"https:\/\/api.w.org\/{rel}","templated":true}]}}