{"id":126958,"date":"2023-07-30T13:33:00","date_gmt":"2023-07-30T11:33:00","guid":{"rendered":"https:\/\/fr.motocrossmag.be\/?p=126958"},"modified":"2023-07-30T19:34:37","modified_gmt":"2023-07-30T17:34:37","slug":"clavicule-fracturee-pour-jago-geerts-en-finlande","status":"publish","type":"post","link":"https:\/\/fr.motocrossmag.be\/index.php\/2023\/07\/clavicule-fracturee-pour-jago-geerts-en-finlande\/","title":{"rendered":"Clavicule fractur\u00e9e pour Jago Geerts en Finlande"},"content":{"rendered":"<p><strong>Les semaines se suivent et ne se ressemblent pas pour Jago Geerts. Retentissant vainqueur le week-end pass\u00e9 de son GP national \u00e0 Lommel, notre compatriote esp\u00e9rait pouvoir combler son retard sur Andr\u00e9a Adamo en t\u00eate du mondial MX2 ce dimanche et, pourquoi pas, revenir de Finlande avec la plaque rouge. H\u00e9las, Geerts a vraisemblablement abandonn\u00e9 dans le sable de Vantaa ses derniers espoirs de devenir champion du monde cette ann\u00e9e.\u00a0<\/strong><\/p>\n<p>Le pilote Yamaha a en effet lourdement chut\u00e9 dans la premi\u00e8re manche et s&rsquo;est fractur\u00e9 la clavicule gauche. Il revient sans d\u00e9lai en Belgique pour y entamer sa convalescence.<\/p>\n<p>Geerts a \u00e9t\u00e9 impliqu\u00e9 dans un incident malheureux lorsqu&rsquo;un autre pilote est tomb\u00e9 devant lui dans le premier tour de la premi\u00e8re manche MX2. Incapable d&rsquo;\u00e9viter la moto du pilote tomb\u00e9, il est pass\u00e9 par-dessus le guidon. Bien qu&rsquo;il ait pu quitter la piste sans assistance, il a ressenti une douleur \u00e0 la clavicule gauche et a imm\u00e9diatement consult\u00e9 le centre m\u00e9dical sur place. Un examen plus approfondi a confirm\u00e9 la fracture.<\/p>\n<p>Cette blessure interrompt temporairement l&rsquo;impressionnante saison de Geerts, qui compte 11 victoires en course et neuf podiums, dont six victoires. Yamaha communiquera en temps voulu sur une date de retour de notre compatriote en comp\u00e9tition.<\/p>\n","protected":false},"excerpt":{"rendered":"<p>Les semaines se suivent et ne se ressemblent pas pour Jago Geerts. Retentissant vainqueur le week-end pass\u00e9 de son GP national \u00e0 Lommel, notre compatriote esp\u00e9rait pouvoir combler son retard [&#8230;]<\/p>\n","protected":false},"author":932,"featured_media":126970,"comment_status":"open","ping_status":"closed","sticky":false,"template":"","format":"standard","meta":{"footnotes":""},"categories":[54,4,6,5,55,65],"tags":[813,947,568,1992],"class_list":["post-126958","post","type-post","status-publish","format-standard","has-post-thumbnail","hentry","category-actualite","category-motocross","category-mx1mx2","category-news","category-news-actualite","category-slideshow","tag-jago-geerts","tag-motocross","tag-mxgp","tag-vantaa"],"yoast_head":"<!-- This site is optimized with the Yoast SEO plugin v27.4 - https:\/\/yoast.com\/product\/yoast-seo-wordpress\/ -->\n<title>Clavicule fractur\u00e9e pour Jago Geerts en Finlande - Motocross - Enduro - Supermoto | MotocrossMag<\/title>\n<meta name=\"robots\" content=\"index, follow, max-snippet:-1, max-image-preview:large, max-video-preview:-1\" \/>\n<link rel=\"canonical\" href=\"https:\/\/fr.motocrossmag.be\/index.php\/2023\/07\/clavicule-fracturee-pour-jago-geerts-en-finlande\/\" \/>\n<meta property=\"og:locale\" content=\"fr_FR\" \/>\n<meta property=\"og:type\" content=\"article\" \/>\n<meta property=\"og:title\" content=\"Clavicule fractur\u00e9e pour Jago Geerts en Finlande - Motocross - Enduro - Supermoto | MotocrossMag\" \/>\n<meta property=\"og:description\" content=\"Les semaines se suivent et ne se ressemblent pas pour Jago Geerts. Retentissant vainqueur le week-end pass\u00e9 de son GP national \u00e0 Lommel, notre compatriote esp\u00e9rait pouvoir combler son retard [...]\" \/>\n<meta property=\"og:url\" content=\"https:\/\/fr.motocrossmag.be\/index.php\/2023\/07\/clavicule-fracturee-pour-jago-geerts-en-finlande\/\" \/>\n<meta property=\"og:site_name\" content=\"Motocross - Enduro - Supermoto | MotocrossMag\" \/>\n<meta property=\"article:published_time\" content=\"2023-07-30T11:33:00+00:00\" \/>\n<meta property=\"article:modified_time\" content=\"2023-07-30T17:34:37+00:00\" \/>\n<meta property=\"og:image\" content=\"https:\/\/fr.motocrossmag.be\/wp-content\/uploads\/2023\/07\/Geerts_Finland_2023_Fullspectrum_BS_DSC_6539.jpg\" \/>\n\t<meta property=\"og:image:width\" content=\"1200\" \/>\n\t<meta property=\"og:image:height\" content=\"800\" \/>\n\t<meta property=\"og:image:type\" content=\"image\/jpeg\" \/>\n<meta name=\"author\" content=\"oliviere\" \/>\n<meta name=\"twitter:card\" content=\"summary_large_image\" \/>\n<meta name=\"twitter:label1\" content=\"\u00c9crit par\" \/>\n\t<meta name=\"twitter:data1\" content=\"oliviere\" \/>\n\t<meta name=\"twitter:label2\" content=\"Dur\u00e9e de lecture estim\u00e9e\" \/>\n\t<meta name=\"twitter:data2\" content=\"1 minute\" \/>\n<script type=\"application\/ld+json\" class=\"yoast-schema-graph\">{\"@context\":\"https:\\\/\\\/schema.org\",\"@graph\":[{\"@type\":\"Article\",\"@id\":\"https:\\\/\\\/fr.motocrossmag.be\\\/index.php\\\/2023\\\/07\\\/clavicule-fracturee-pour-jago-geerts-en-finlande\\\/#article\",\"isPartOf\":{\"@id\":\"https:\\\/\\\/fr.motocrossmag.be\\\/index.php\\\/2023\\\/07\\\/clavicule-fracturee-pour-jago-geerts-en-finlande\\\/\"},\"author\":{\"name\":\"oliviere\",\"@id\":\"https:\\\/\\\/fr.motocrossmag.be\\\/#\\\/schema\\\/person\\\/11b47143d9f755babca2c9110e03235c\"},\"headline\":\"Clavicule fractur\u00e9e pour Jago Geerts en Finlande\",\"datePublished\":\"2023-07-30T11:33:00+00:00\",\"dateModified\":\"2023-07-30T17:34:37+00:00\",\"mainEntityOfPage\":{\"@id\":\"https:\\\/\\\/fr.motocrossmag.be\\\/index.php\\\/2023\\\/07\\\/clavicule-fracturee-pour-jago-geerts-en-finlande\\\/\"},\"wordCount\":227,\"commentCount\":0,\"image\":{\"@id\":\"https:\\\/\\\/fr.motocrossmag.be\\\/index.php\\\/2023\\\/07\\\/clavicule-fracturee-pour-jago-geerts-en-finlande\\\/#primaryimage\"},\"thumbnailUrl\":\"https:\\\/\\\/fr.motocrossmag.be\\\/wp-content\\\/uploads\\\/2023\\\/07\\\/Geerts_Finland_2023_Fullspectrum_BS_DSC_6539.jpg\",\"keywords\":[\"Jago Geerts\",\"Motocross\",\"MXGP\",\"vantaa\"],\"articleSection\":[\"Actualit\u00e9\",\"Motocross\",\"Motocross MXGP\",\"News\",\"News\",\"Slideshow\"],\"inLanguage\":\"fr-FR\",\"potentialAction\":[{\"@type\":\"CommentAction\",\"name\":\"Comment\",\"target\":[\"https:\\\/\\\/fr.motocrossmag.be\\\/index.php\\\/2023\\\/07\\\/clavicule-fracturee-pour-jago-geerts-en-finlande\\\/#respond\"]}]},{\"@type\":\"WebPage\",\"@id\":\"https:\\\/\\\/fr.motocrossmag.be\\\/index.php\\\/2023\\\/07\\\/clavicule-fracturee-pour-jago-geerts-en-finlande\\\/\",\"url\":\"https:\\\/\\\/fr.motocrossmag.be\\\/index.php\\\/2023\\\/07\\\/clavicule-fracturee-pour-jago-geerts-en-finlande\\\/\",\"name\":\"Clavicule fractur\u00e9e pour Jago Geerts en Finlande - Motocross - Enduro - Supermoto | MotocrossMag\",\"isPartOf\":{\"@id\":\"https:\\\/\\\/fr.motocrossmag.be\\\/#website\"},\"primaryImageOfPage\":{\"@id\":\"https:\\\/\\\/fr.motocrossmag.be\\\/index.php\\\/2023\\\/07\\\/clavicule-fracturee-pour-jago-geerts-en-finlande\\\/#primaryimage\"},\"image\":{\"@id\":\"https:\\\/\\\/fr.motocrossmag.be\\\/index.php\\\/2023\\\/07\\\/clavicule-fracturee-pour-jago-geerts-en-finlande\\\/#primaryimage\"},\"thumbnailUrl\":\"https:\\\/\\\/fr.motocrossmag.be\\\/wp-content\\\/uploads\\\/2023\\\/07\\\/Geerts_Finland_2023_Fullspectrum_BS_DSC_6539.jpg\",\"datePublished\":\"2023-07-30T11:33:00+00:00\",\"dateModified\":\"2023-07-30T17:34:37+00:00\",\"author\":{\"@id\":\"https:\\\/\\\/fr.motocrossmag.be\\\/#\\\/schema\\\/person\\\/11b47143d9f755babca2c9110e03235c\"},\"breadcrumb\":{\"@id\":\"https:\\\/\\\/fr.motocrossmag.be\\\/index.php\\\/2023\\\/07\\\/clavicule-fracturee-pour-jago-geerts-en-finlande\\\/#breadcrumb\"},\"inLanguage\":\"fr-FR\",\"potentialAction\":[{\"@type\":\"ReadAction\",\"target\":[\"https:\\\/\\\/fr.motocrossmag.be\\\/index.php\\\/2023\\\/07\\\/clavicule-fracturee-pour-jago-geerts-en-finlande\\\/\"]}]},{\"@type\":\"ImageObject\",\"inLanguage\":\"fr-FR\",\"@id\":\"https:\\\/\\\/fr.motocrossmag.be\\\/index.php\\\/2023\\\/07\\\/clavicule-fracturee-pour-jago-geerts-en-finlande\\\/#primaryimage\",\"url\":\"https:\\\/\\\/fr.motocrossmag.be\\\/wp-content\\\/uploads\\\/2023\\\/07\\\/Geerts_Finland_2023_Fullspectrum_BS_DSC_6539.jpg\",\"contentUrl\":\"https:\\\/\\\/fr.motocrossmag.be\\\/wp-content\\\/uploads\\\/2023\\\/07\\\/Geerts_Finland_2023_Fullspectrum_BS_DSC_6539.jpg\",\"width\":1200,\"height\":800},{\"@type\":\"BreadcrumbList\",\"@id\":\"https:\\\/\\\/fr.motocrossmag.be\\\/index.php\\\/2023\\\/07\\\/clavicule-fracturee-pour-jago-geerts-en-finlande\\\/#breadcrumb\",\"itemListElement\":[{\"@type\":\"ListItem\",\"position\":1,\"name\":\"Accueil\",\"item\":\"https:\\\/\\\/fr.motocrossmag.be\\\/\"},{\"@type\":\"ListItem\",\"position\":2,\"name\":\"Clavicule fractur\u00e9e pour Jago Geerts en Finlande\"}]},{\"@type\":\"WebSite\",\"@id\":\"https:\\\/\\\/fr.motocrossmag.be\\\/#website\",\"url\":\"https:\\\/\\\/fr.motocrossmag.be\\\/\",\"name\":\"Motocross - Enduro - Supermoto | MotocrossMag\",\"description\":\"L&#039;actualit\u00e9 du motocross, de l&#039;enduro et du Supermoto en ligne!\",\"potentialAction\":[{\"@type\":\"SearchAction\",\"target\":{\"@type\":\"EntryPoint\",\"urlTemplate\":\"https:\\\/\\\/fr.motocrossmag.be\\\/?s={search_term_string}\"},\"query-input\":{\"@type\":\"PropertyValueSpecification\",\"valueRequired\":true,\"valueName\":\"search_term_string\"}}],\"inLanguage\":\"fr-FR\"},{\"@type\":\"Person\",\"@id\":\"https:\\\/\\\/fr.motocrossmag.be\\\/#\\\/schema\\\/person\\\/11b47143d9f755babca2c9110e03235c\",\"name\":\"oliviere\",\"image\":{\"@type\":\"ImageObject\",\"inLanguage\":\"fr-FR\",\"@id\":\"https:\\\/\\\/secure.gravatar.com\\\/avatar\\\/907069e0b81d119452040469e4a7501da1100f54f7f80180ce77bfab718288f6?s=96&d=mm&r=g\",\"url\":\"https:\\\/\\\/secure.gravatar.com\\\/avatar\\\/907069e0b81d119452040469e4a7501da1100f54f7f80180ce77bfab718288f6?s=96&d=mm&r=g\",\"contentUrl\":\"https:\\\/\\\/secure.gravatar.com\\\/avatar\\\/907069e0b81d119452040469e4a7501da1100f54f7f80180ce77bfab718288f6?s=96&d=mm&r=g\",\"caption\":\"oliviere\"},\"sameAs\":[\"http:\\\/\\\/www.motocrossmag.be\"],\"url\":\"https:\\\/\\\/fr.motocrossmag.be\\\/index.php\\\/author\\\/oliviere\\\/\"}]}<\/script>\n<!-- \/ Yoast SEO plugin. -->","yoast_head_json":{"title":"Clavicule fractur\u00e9e pour Jago Geerts en Finlande - Motocross - Enduro - Supermoto | MotocrossMag","robots":{"index":"index","follow":"follow","max-snippet":"max-snippet:-1","max-image-preview":"max-image-preview:large","max-video-preview":"max-video-preview:-1"},"canonical":"https:\/\/fr.motocrossmag.be\/index.php\/2023\/07\/clavicule-fracturee-pour-jago-geerts-en-finlande\/","og_locale":"fr_FR","og_type":"article","og_title":"Clavicule fractur\u00e9e pour Jago Geerts en Finlande - Motocross - Enduro - Supermoto | MotocrossMag","og_description":"Les semaines se suivent et ne se ressemblent pas pour Jago Geerts. Retentissant vainqueur le week-end pass\u00e9 de son GP national \u00e0 Lommel, notre compatriote esp\u00e9rait pouvoir combler son retard [...]","og_url":"https:\/\/fr.motocrossmag.be\/index.php\/2023\/07\/clavicule-fracturee-pour-jago-geerts-en-finlande\/","og_site_name":"Motocross - Enduro - Supermoto | MotocrossMag","article_published_time":"2023-07-30T11:33:00+00:00","article_modified_time":"2023-07-30T17:34:37+00:00","og_image":[{"width":1200,"height":800,"url":"https:\/\/fr.motocrossmag.be\/wp-content\/uploads\/2023\/07\/Geerts_Finland_2023_Fullspectrum_BS_DSC_6539.jpg","type":"image\/jpeg"}],"author":"oliviere","twitter_card":"summary_large_image","twitter_misc":{"\u00c9crit par":"oliviere","Dur\u00e9e de lecture estim\u00e9e":"1 minute"},"schema":{"@context":"https:\/\/schema.org","@graph":[{"@type":"Article","@id":"https:\/\/fr.motocrossmag.be\/index.php\/2023\/07\/clavicule-fracturee-pour-jago-geerts-en-finlande\/#article","isPartOf":{"@id":"https:\/\/fr.motocrossmag.be\/index.php\/2023\/07\/clavicule-fracturee-pour-jago-geerts-en-finlande\/"},"author":{"name":"oliviere","@id":"https:\/\/fr.motocrossmag.be\/#\/schema\/person\/11b47143d9f755babca2c9110e03235c"},"headline":"Clavicule fractur\u00e9e pour Jago Geerts en Finlande","datePublished":"2023-07-30T11:33:00+00:00","dateModified":"2023-07-30T17:34:37+00:00","mainEntityOfPage":{"@id":"https:\/\/fr.motocrossmag.be\/index.php\/2023\/07\/clavicule-fracturee-pour-jago-geerts-en-finlande\/"},"wordCount":227,"commentCount":0,"image":{"@id":"https:\/\/fr.motocrossmag.be\/index.php\/2023\/07\/clavicule-fracturee-pour-jago-geerts-en-finlande\/#primaryimage"},"thumbnailUrl":"https:\/\/fr.motocrossmag.be\/wp-content\/uploads\/2023\/07\/Geerts_Finland_2023_Fullspectrum_BS_DSC_6539.jpg","keywords":["Jago Geerts","Motocross","MXGP","vantaa"],"articleSection":["Actualit\u00e9","Motocross","Motocross MXGP","News","News","Slideshow"],"inLanguage":"fr-FR","potentialAction":[{"@type":"CommentAction","name":"Comment","target":["https:\/\/fr.motocrossmag.be\/index.php\/2023\/07\/clavicule-fracturee-pour-jago-geerts-en-finlande\/#respond"]}]},{"@type":"WebPage","@id":"https:\/\/fr.motocrossmag.be\/index.php\/2023\/07\/clavicule-fracturee-pour-jago-geerts-en-finlande\/","url":"https:\/\/fr.motocrossmag.be\/index.php\/2023\/07\/clavicule-fracturee-pour-jago-geerts-en-finlande\/","name":"Clavicule fractur\u00e9e pour Jago Geerts en Finlande - Motocross - Enduro - Supermoto | MotocrossMag","isPartOf":{"@id":"https:\/\/fr.motocrossmag.be\/#website"},"primaryImageOfPage":{"@id":"https:\/\/fr.motocrossmag.be\/index.php\/2023\/07\/clavicule-fracturee-pour-jago-geerts-en-finlande\/#primaryimage"},"image":{"@id":"https:\/\/fr.motocrossmag.be\/index.php\/2023\/07\/clavicule-fracturee-pour-jago-geerts-en-finlande\/#primaryimage"},"thumbnailUrl":"https:\/\/fr.motocrossmag.be\/wp-content\/uploads\/2023\/07\/Geerts_Finland_2023_Fullspectrum_BS_DSC_6539.jpg","datePublished":"2023-07-30T11:33:00+00:00","dateModified":"2023-07-30T17:34:37+00:00","author":{"@id":"https:\/\/fr.motocrossmag.be\/#\/schema\/person\/11b47143d9f755babca2c9110e03235c"},"breadcrumb":{"@id":"https:\/\/fr.motocrossmag.be\/index.php\/2023\/07\/clavicule-fracturee-pour-jago-geerts-en-finlande\/#breadcrumb"},"inLanguage":"fr-FR","potentialAction":[{"@type":"ReadAction","target":["https:\/\/fr.motocrossmag.be\/index.php\/2023\/07\/clavicule-fracturee-pour-jago-geerts-en-finlande\/"]}]},{"@type":"ImageObject","inLanguage":"fr-FR","@id":"https:\/\/fr.motocrossmag.be\/index.php\/2023\/07\/clavicule-fracturee-pour-jago-geerts-en-finlande\/#primaryimage","url":"https:\/\/fr.motocrossmag.be\/wp-content\/uploads\/2023\/07\/Geerts_Finland_2023_Fullspectrum_BS_DSC_6539.jpg","contentUrl":"https:\/\/fr.motocrossmag.be\/wp-content\/uploads\/2023\/07\/Geerts_Finland_2023_Fullspectrum_BS_DSC_6539.jpg","width":1200,"height":800},{"@type":"BreadcrumbList","@id":"https:\/\/fr.motocrossmag.be\/index.php\/2023\/07\/clavicule-fracturee-pour-jago-geerts-en-finlande\/#breadcrumb","itemListElement":[{"@type":"ListItem","position":1,"name":"Accueil","item":"https:\/\/fr.motocrossmag.be\/"},{"@type":"ListItem","position":2,"name":"Clavicule fractur\u00e9e pour Jago Geerts en Finlande"}]},{"@type":"WebSite","@id":"https:\/\/fr.motocrossmag.be\/#website","url":"https:\/\/fr.motocrossmag.be\/","name":"Motocross - Enduro - Supermoto | MotocrossMag","description":"L&#039;actualit\u00e9 du motocross, de l&#039;enduro et du Supermoto en ligne!","potentialAction":[{"@type":"SearchAction","target":{"@type":"EntryPoint","urlTemplate":"https:\/\/fr.motocrossmag.be\/?s={search_term_string}"},"query-input":{"@type":"PropertyValueSpecification","valueRequired":true,"valueName":"search_term_string"}}],"inLanguage":"fr-FR"},{"@type":"Person","@id":"https:\/\/fr.motocrossmag.be\/#\/schema\/person\/11b47143d9f755babca2c9110e03235c","name":"oliviere","image":{"@type":"ImageObject","inLanguage":"fr-FR","@id":"https:\/\/secure.gravatar.com\/avatar\/907069e0b81d119452040469e4a7501da1100f54f7f80180ce77bfab718288f6?s=96&d=mm&r=g","url":"https:\/\/secure.gravatar.com\/avatar\/907069e0b81d119452040469e4a7501da1100f54f7f80180ce77bfab718288f6?s=96&d=mm&r=g","contentUrl":"https:\/\/secure.gravatar.com\/avatar\/907069e0b81d119452040469e4a7501da1100f54f7f80180ce77bfab718288f6?s=96&d=mm&r=g","caption":"oliviere"},"sameAs":["http:\/\/www.motocrossmag.be"],"url":"https:\/\/fr.motocrossmag.be\/index.php\/author\/oliviere\/"}]}},"_links":{"self":[{"href":"https:\/\/fr.motocrossmag.be\/index.php\/wp-json\/wp\/v2\/posts\/126958","targetHints":{"allow":["GET"]}}],"collection":[{"href":"https:\/\/fr.motocrossmag.be\/index.php\/wp-json\/wp\/v2\/posts"}],"about":[{"href":"https:\/\/fr.motocrossmag.be\/index.php\/wp-json\/wp\/v2\/types\/post"}],"author":[{"embeddable":true,"href":"https:\/\/fr.motocrossmag.be\/index.php\/wp-json\/wp\/v2\/users\/932"}],"replies":[{"embeddable":true,"href":"https:\/\/fr.motocrossmag.be\/index.php\/wp-json\/wp\/v2\/comments?post=126958"}],"version-history":[{"count":1,"href":"https:\/\/fr.motocrossmag.be\/index.php\/wp-json\/wp\/v2\/posts\/126958\/revisions"}],"predecessor-version":[{"id":126959,"href":"https:\/\/fr.motocrossmag.be\/index.php\/wp-json\/wp\/v2\/posts\/126958\/revisions\/126959"}],"wp:featuredmedia":[{"embeddable":true,"href":"https:\/\/fr.motocrossmag.be\/index.php\/wp-json\/wp\/v2\/media\/126970"}],"wp:attachment":[{"href":"https:\/\/fr.motocrossmag.be\/index.php\/wp-json\/wp\/v2\/media?parent=126958"}],"wp:term":[{"taxonomy":"category","embeddable":true,"href":"https:\/\/fr.motocrossmag.be\/index.php\/wp-json\/wp\/v2\/categories?post=126958"},{"taxonomy":"post_tag","embeddable":true,"href":"https:\/\/fr.motocrossmag.be\/index.php\/wp-json\/wp\/v2\/tags?post=126958"}],"curies":[{"name":"wp","href":"https:\/\/api.w.org\/{rel}","templated":true}]}}