{"id":126962,"date":"2023-07-30T16:32:32","date_gmt":"2023-07-30T14:32:32","guid":{"rendered":"https:\/\/fr.motocrossmag.be\/?p=126962"},"modified":"2023-07-30T16:32:32","modified_gmt":"2023-07-30T14:32:32","slug":"liam-everts-sur-le-podium-du-gp-de-finlande","status":"publish","type":"post","link":"https:\/\/fr.motocrossmag.be\/index.php\/2023\/07\/liam-everts-sur-le-podium-du-gp-de-finlande\/","title":{"rendered":"Liam Everts sur le podium du GP de Finlande"},"content":{"rendered":"<p><strong>Une semaine apr\u00e8s un GP de Lommel idyllique avec le doubl\u00e9 Geerts\/Coenen dans le sable limbourgeois, le GP de Finlande se termine sur un sentiment plus contrast\u00e9 dans le clan belge.<\/strong><\/p>\n<p>Si Liam Everts monte sur le podium apr\u00e8s deux solides prestations, si Lucas Coenen a encore montr\u00e9 \u00eatre l&rsquo;un des hommes forts de la cat\u00e9gorie du haut de ses 16 ans, si son fr\u00e8re Sacha a confirm\u00e9 avec deux belles manches aujourd&rsquo;hui apr\u00e8s une belle seconde place hier en qualif tout le potentiel qu&rsquo;on lui pr\u00eate, la chute de Jago Geerts et la nouvelle blessure qui en d\u00e9coule laissent une in\u00e9vitablement un go\u00fbt amer.<\/p>\n<p>Alors qu&rsquo;il semblait plus que jamais menac\u00e9 par le retour de Jago Geerts au classement provisoire, Andrea Adamo para\u00eet \u00e0 pr\u00e9sent plus que jamais toucher du bout des doigts un premier titre mondial. Le jeune Italien a en tout cas parfaitement assum\u00e9 son r\u00f4le ce dimanche en signant le doubl\u00e9 dans le sable de Vantaa.<\/p>\n<p>Il s&rsquo;impose au g\u00e9n\u00e9ral devant Laengenfelder et Everts, Lucas Coenen terminant au pied du podium.<\/p>\n<p>&nbsp;<\/p>\n<p><span style=\"color: #800000;\"><strong>R\u00e9sultats<\/strong><\/span><\/p>\n<p>MANCHE 1<\/p>\n<p>1.Andrea Adamo (ITA, KTM), 34:53.171; 2. Simon Laengenfelder (GER, GASGAS), +0:02.805;\u00a03. Liam Everts (BEL, KTM), +0:16.381;\u00a04. Kevin Horgmo (NOR, Kawasaki), +0:18.547;\u00a05. Lucas Coenen (BEL, Husqvarna), +0:25.722;\u00a06. Oriol Oliver (ESP, KTM), +0:28.851;\u00a07. Rick Elzinga (NED, Yamaha), +0:34.335;\u00a08. David Braceras (ESP, Kawasaki), +0:48.293;\u00a09. Sacha Coenen (BEL, KTM), +0:52.001;\u00a010. Camden Mc Lellan (RSA, Honda), +1:00.386; 11. Jorgen-Matthias Talviku (EST, Husqvarna), +1:02.784; 12. Jan Pancar (SLO, KTM), +1:32.729; 13. Filip Olsson (SWE, Husqvarna), +1:48.149; 14. Arvid L\u00fcning (SWE, GASGAS), -1 lap(s); 15. Xavier Cazal (FRA, GASGAS), -1 lap(s); 16. Sampo Rainio (FIN, KTM), -1 lap(s); 17. Miro Varjonen (FIN, Husqvarna), -1 lap(s); 18. William Voxen Kleemann (DEN, KTM), -1 lap(s); 19. Delvintor Alfarizi (INA, Honda), -1 lap(s); 20. Eliel Lehtinen (FIN, KTM), -1 lap(s); 21. Emil Weckman (FIN, Honda), -12 lap(s); 22. Haakon Osterhagen (NOR, Fantic), -16 lap(s);\u00a023. Jago Geerts (BEL, Yamaha), -19 lap(s);\u00a024. Isak Gifting (SWE, GASGAS), -19 lap(s);<\/p>\n<p>MANCHE 2<\/p>\n<p>1. Andrea Adamo (ITA, KTM), 34:36.893; 2. Simon Laengenfelder (GER, GASGAS), +0:07.299;\u00a03. Lucas Coenen (BEL, Husqvarna), +0:07.569; 4. Liam Everts (BEL, KTM), +0:10.835; 5. Rick Elzinga (NED, Yamaha), +0:15.789; 6. Sacha Coenen (BEL, KTM), +0:17.331;\u00a07. Kevin Horgmo (NOR, Kawasaki), +0:21.015; 8. Isak Gifting (SWE, GASGAS), +0:39.789; 9. Oriol Oliver (ESP, KTM), +0:50.091; 10. Jan Pancar (SLO, KTM), +1:20.158; 11. Jorgen-Matthias Talviku (EST, Husqvarna), +1:29.046; 12. Emil Weckman (FIN, Honda), +1:32.113; 13. Xavier Cazal (FRA, GASGAS), +1:43.604; 14. Filip Olsson (SWE, Husqvarna), +1:52.308; 15. David Braceras (ESP, Kawasaki), -1 lap(s); 16. Camden Mc Lellan (RSA, Honda), -1 lap(s); 17. William Voxen Kleemann (DEN, KTM), -1 lap(s); 18. Sampo Rainio (FIN, KTM), -1 lap(s); 19. Miro Varjonen (FIN, Husqvarna), -1 lap(s); 20. Arvid L\u00fcning (SWE, GASGAS), -1 lap(s); 21. Eliel Lehtinen (FIN, KTM), -1 lap(s); 22. Delvintor Alfarizi (INA, Honda), -1 lap(s); 23. Haakon Osterhagen (NOR, Fantic), -19 lap(s);<\/p>\n<p>CLASSEMENT GENERAL MX2<\/p>\n<p>1. Andrea Adamo (ITA, KTM), 50 points; 2. Simon Laengenfelder (GER, GAS), 44 p.;\u00a03. Liam Everts (BEL, KTM), 38 p.; 4. Lucas Coenen (BEL, HUS), 36 p.; 5. Kevin Horgmo (NOR, KAW), 32 p.;\u00a06. Rick Elzinga (NED, YAM), 30 p.; 7. Sacha Coenen (BEL, KTM), 27 p.;\u00a08. Oriol Oliver (ESP, KTM), 27 p.; 9. Jan Pancar (SLO, KTM), 20 p.; 10. Jorgen-Matthias Talviku (EST, HUS), 20 p.; 11. David Braceras (ESP, KAW), 19 p.; 12. Camden Mc Lellan (RSA, HON), 16 p.; 13. Filip Olsson (SWE, HUS), 15 p.; 14. Xavier Cazal (FRA, GAS), 14 p.; 15. Isak Gifting (SWE, GAS), 13 p.; 16. Emil Weckman (FIN, HON), 9 p.; 17. Sampo Rainio (FIN, KTM), 8 p.; 18. Arvid L\u00fcning (SWE, GAS), 8 p.; 19. William Voxen Kleemann (DEN, KTM), 7 p.; 20. Miro Varjonen (FIN, HUS), 6 p.; 21. Delvintor Alfarizi (INA, HON), 2 p.; 22. Eliel Lehtinen (FIN, KTM), 1 p.; 23. Haakon Osterhagen (NOR, FAN), 0 p.; 24. Jago Geerts (BEL, YAM), 0 p.;<\/p>\n<p>CLASSEMENT PROVISOIRE MX2<\/p>\n<p>1. Andrea Adamo (ITA, KTM), 619 points;\u00a02. Jago Geerts (BEL, YAM), 559 p.; 3. Liam Everts (BEL, KTM), 532 p.; 4. Kay de Wolf (NED, HUS), 501 p.;\u00a05. Simon L\u00e4ngenfelder (GER, GAS), 492 p.; 6. Thibault Benistant (FRA, YAM), 462 p.;\u00a07. Lucas Coenen (BEL, HUS), 461 p.; 8. Roan Van De Moosdijk (NED, HUS), 433 p.;\u00a09. Kevin Horgmo (NOR, KAW), 395 p.; 10. Jan Pancar (SLO, KTM), 273 p.;\u00a011. Rick Elzinga (NED, YAM), 264 p.;\u00a012. Oriol Oliver (ESP, KTM), 208 p.;\u00a013. Sacha Coenen (BEL, KTM), 189 p.;\u00a014. Mikkel Haarup (DEN, KTM), 170 p.; 15. Emil Weckman (FIN, HON), 169 p.; 16. Isak Gifting (SWE, GAS), 155 p.; 17. Camden Mc Lellan (RSA, HON), 150 p.; 18. David Braceras (ESP, KAW), 136 p.; 19. Marcel Stauffer (AUT, KTM), 52 p.; 20. Ferruccio Zanchi (ITA, KTM), 47 p.; 21. Mike Gwerder (SUI, KTM), 45 p.; 22. Jack Chambers (USA, KAW), 44 p.; 23. Yago Martinez (ESP, KTM), 42 p.; 24. Filip Olsson (SWE, HUS), 37 p.; 25. Cornelius Toendel (NOR, KTM), 36 p.; 26. Marc-Antoine Rossi (FRA, KTM), 34 p.; 27. Jorgen-Matthias Talviku (EST, HUS), 29 p.; 28. Arvid L\u00fcning (SWE, GAS), 28 p.; 29. Scotty Verhaeghe (FRA, GAS), 26 p.; 30. Joel Rizzi (GBR, GAS), 26 p.; 31. Devin Warner Simonson (USA, KTM), 25 p.; 32. Bobby Bruce (GBR, GAS), 23 p.; 33. Petr Polak (CZE, YAM), 23 p.; 34. Delvintor Alfarizi (INA, HON), 22 p.; 35. Lorenzo Ciabatti (ITA, KTM), 20 p.; 36. Tom Guyon (FRA, FAN), 18 p.; 37. Ivano Van Erp (NED, YAM), 17 p.; 38. Andrea Bonacorsi (ITA, YAM), 15 p.; 39. Federico Tuani (ITA, KTM), 15 p.; 40. Xavier Cazal (FRA, GAS), 14 p.; 41. Leopold Ambj\u00f6rnson (SWE, HUS), 14 p.; 42. Jiraj Wannalak (THA, KTM), 13 p.; 43. William Voxen Kleemann (DEN, KTM), 13 p.; 44. Quentin Marc Prugnieres (FRA, KAW), 11 p.; 45. Tom\u00e1s Moyano (ARG, KAW), 10 p.; 46. Sampo Rainio (FIN, KTM), 8 p.; 47. Diva Ismayana (INA, KAW), 8 p.; 48. Nakami Vidi Makarim (INA, KTM), 7 p.; 49. Miro Varjonen (FIN, HUS), 6 p.; 50. Peter Koenig (GER, KTM), 6 p.; 51. Taylor Hammal (GBR, KTM), 6 p.; 52. Saad Soulimani (FRA, YAM), 5 p.; 53. Franco Iavecchia (URU, HUS), 5 p.; 54. Pedro Jose Suarez Jaramillo (ECU, HUS), 4 p.; 55. Adria Monne Viles (ESP, KTM), 4 p.; 56. Jan Krug (GER, HUS), 4 p.; 57. Erlandas Mackonis (LTU, KTM), 4 p.; 58. Maximo Caceres (ARG, GAS), 3 p.; 59. Martin Venhoda (CZE, GAS), 3 p.; 60. Hassan Mohamad Zubir (MAS, HUS), 2 p.; 61. Daniel Mandys (CZE, YAM), 2 p.; 62. Scott Smulders (NED, HON), 2 p.; 63. Fermin Ciccimarra (ARG, YAM), 2 p.; 64. Lorenzo Corti (ITA, HUS), 2 p.; 65. Eliel Lehtinen (FIN, KTM), 1 p.; 66. Adrien Petit (FRA, YAM), 1 p.; 67. Magnus Smith (DEN, YAM), 1 p.; 68. Juan Ignacio Salgado (ARG, HON), 1 p.; 69. Jerem\u00edas Schiele (CHL, GAS), 1 p.; 70. Alexandre Marques (POR, HUS), 1 p.;<\/p>\n","protected":false},"excerpt":{"rendered":"<p>Une semaine apr\u00e8s un GP de Lommel idyllique avec le doubl\u00e9 Geerts\/Coenen dans le sable limbourgeois, le GP de Finlande se termine sur un sentiment plus contrast\u00e9 dans le clan [&#8230;]<\/p>\n","protected":false},"author":932,"featured_media":126543,"comment_status":"open","ping_status":"closed","sticky":false,"template":"","format":"standard","meta":{"footnotes":""},"categories":[54,4,6,5,55,56,65],"tags":[813,1247,947,568,1992],"class_list":["post-126962","post","type-post","status-publish","format-standard","has-post-thumbnail","hentry","category-actualite","category-motocross","category-mx1mx2","category-news","category-news-actualite","category-resultats","category-slideshow","tag-jago-geerts","tag-liam-everts","tag-motocross","tag-mxgp","tag-vantaa"],"yoast_head":"<!-- This site is optimized with the Yoast SEO plugin v27.4 - https:\/\/yoast.com\/product\/yoast-seo-wordpress\/ -->\n<title>Liam Everts sur le podium du GP de Finlande - Motocross - Enduro - Supermoto | MotocrossMag<\/title>\n<meta name=\"robots\" content=\"index, follow, max-snippet:-1, max-image-preview:large, max-video-preview:-1\" \/>\n<link rel=\"canonical\" href=\"https:\/\/fr.motocrossmag.be\/index.php\/2023\/07\/liam-everts-sur-le-podium-du-gp-de-finlande\/\" \/>\n<meta property=\"og:locale\" content=\"fr_FR\" \/>\n<meta property=\"og:type\" content=\"article\" \/>\n<meta property=\"og:title\" content=\"Liam Everts sur le podium du GP de Finlande - Motocross - Enduro - Supermoto | MotocrossMag\" \/>\n<meta property=\"og:description\" content=\"Une semaine apr\u00e8s un GP de Lommel idyllique avec le doubl\u00e9 Geerts\/Coenen dans le sable limbourgeois, le GP de Finlande se termine sur un sentiment plus contrast\u00e9 dans le clan [...]\" \/>\n<meta property=\"og:url\" content=\"https:\/\/fr.motocrossmag.be\/index.php\/2023\/07\/liam-everts-sur-le-podium-du-gp-de-finlande\/\" \/>\n<meta property=\"og:site_name\" content=\"Motocross - Enduro - Supermoto | MotocrossMag\" \/>\n<meta property=\"article:published_time\" content=\"2023-07-30T14:32:32+00:00\" \/>\n<meta property=\"og:image\" content=\"https:\/\/fr.motocrossmag.be\/wp-content\/uploads\/2023\/07\/MXGP-52.jpg\" \/>\n\t<meta property=\"og:image:width\" content=\"1000\" \/>\n\t<meta property=\"og:image:height\" content=\"666\" \/>\n\t<meta property=\"og:image:type\" content=\"image\/jpeg\" \/>\n<meta name=\"author\" content=\"oliviere\" \/>\n<meta name=\"twitter:card\" content=\"summary_large_image\" \/>\n<meta name=\"twitter:label1\" content=\"\u00c9crit par\" \/>\n\t<meta name=\"twitter:data1\" content=\"oliviere\" \/>\n\t<meta name=\"twitter:label2\" content=\"Dur\u00e9e de lecture estim\u00e9e\" \/>\n\t<meta name=\"twitter:data2\" content=\"5 minutes\" \/>\n<script type=\"application\/ld+json\" class=\"yoast-schema-graph\">{\"@context\":\"https:\\\/\\\/schema.org\",\"@graph\":[{\"@type\":\"Article\",\"@id\":\"https:\\\/\\\/fr.motocrossmag.be\\\/index.php\\\/2023\\\/07\\\/liam-everts-sur-le-podium-du-gp-de-finlande\\\/#article\",\"isPartOf\":{\"@id\":\"https:\\\/\\\/fr.motocrossmag.be\\\/index.php\\\/2023\\\/07\\\/liam-everts-sur-le-podium-du-gp-de-finlande\\\/\"},\"author\":{\"name\":\"oliviere\",\"@id\":\"https:\\\/\\\/fr.motocrossmag.be\\\/#\\\/schema\\\/person\\\/11b47143d9f755babca2c9110e03235c\"},\"headline\":\"Liam Everts sur le podium du GP de Finlande\",\"datePublished\":\"2023-07-30T14:32:32+00:00\",\"mainEntityOfPage\":{\"@id\":\"https:\\\/\\\/fr.motocrossmag.be\\\/index.php\\\/2023\\\/07\\\/liam-everts-sur-le-podium-du-gp-de-finlande\\\/\"},\"wordCount\":959,\"commentCount\":0,\"image\":{\"@id\":\"https:\\\/\\\/fr.motocrossmag.be\\\/index.php\\\/2023\\\/07\\\/liam-everts-sur-le-podium-du-gp-de-finlande\\\/#primaryimage\"},\"thumbnailUrl\":\"https:\\\/\\\/fr.motocrossmag.be\\\/wp-content\\\/uploads\\\/2023\\\/07\\\/MXGP-52.jpg\",\"keywords\":[\"Jago Geerts\",\"liam everts\",\"Motocross\",\"MXGP\",\"vantaa\"],\"articleSection\":[\"Actualit\u00e9\",\"Motocross\",\"Motocross MXGP\",\"News\",\"News\",\"R\u00e9sultats\",\"Slideshow\"],\"inLanguage\":\"fr-FR\",\"potentialAction\":[{\"@type\":\"CommentAction\",\"name\":\"Comment\",\"target\":[\"https:\\\/\\\/fr.motocrossmag.be\\\/index.php\\\/2023\\\/07\\\/liam-everts-sur-le-podium-du-gp-de-finlande\\\/#respond\"]}]},{\"@type\":\"WebPage\",\"@id\":\"https:\\\/\\\/fr.motocrossmag.be\\\/index.php\\\/2023\\\/07\\\/liam-everts-sur-le-podium-du-gp-de-finlande\\\/\",\"url\":\"https:\\\/\\\/fr.motocrossmag.be\\\/index.php\\\/2023\\\/07\\\/liam-everts-sur-le-podium-du-gp-de-finlande\\\/\",\"name\":\"Liam Everts sur le podium du GP de Finlande - Motocross - Enduro - Supermoto | MotocrossMag\",\"isPartOf\":{\"@id\":\"https:\\\/\\\/fr.motocrossmag.be\\\/#website\"},\"primaryImageOfPage\":{\"@id\":\"https:\\\/\\\/fr.motocrossmag.be\\\/index.php\\\/2023\\\/07\\\/liam-everts-sur-le-podium-du-gp-de-finlande\\\/#primaryimage\"},\"image\":{\"@id\":\"https:\\\/\\\/fr.motocrossmag.be\\\/index.php\\\/2023\\\/07\\\/liam-everts-sur-le-podium-du-gp-de-finlande\\\/#primaryimage\"},\"thumbnailUrl\":\"https:\\\/\\\/fr.motocrossmag.be\\\/wp-content\\\/uploads\\\/2023\\\/07\\\/MXGP-52.jpg\",\"datePublished\":\"2023-07-30T14:32:32+00:00\",\"author\":{\"@id\":\"https:\\\/\\\/fr.motocrossmag.be\\\/#\\\/schema\\\/person\\\/11b47143d9f755babca2c9110e03235c\"},\"breadcrumb\":{\"@id\":\"https:\\\/\\\/fr.motocrossmag.be\\\/index.php\\\/2023\\\/07\\\/liam-everts-sur-le-podium-du-gp-de-finlande\\\/#breadcrumb\"},\"inLanguage\":\"fr-FR\",\"potentialAction\":[{\"@type\":\"ReadAction\",\"target\":[\"https:\\\/\\\/fr.motocrossmag.be\\\/index.php\\\/2023\\\/07\\\/liam-everts-sur-le-podium-du-gp-de-finlande\\\/\"]}]},{\"@type\":\"ImageObject\",\"inLanguage\":\"fr-FR\",\"@id\":\"https:\\\/\\\/fr.motocrossmag.be\\\/index.php\\\/2023\\\/07\\\/liam-everts-sur-le-podium-du-gp-de-finlande\\\/#primaryimage\",\"url\":\"https:\\\/\\\/fr.motocrossmag.be\\\/wp-content\\\/uploads\\\/2023\\\/07\\\/MXGP-52.jpg\",\"contentUrl\":\"https:\\\/\\\/fr.motocrossmag.be\\\/wp-content\\\/uploads\\\/2023\\\/07\\\/MXGP-52.jpg\",\"width\":\"1000\",\"height\":\"666\"},{\"@type\":\"BreadcrumbList\",\"@id\":\"https:\\\/\\\/fr.motocrossmag.be\\\/index.php\\\/2023\\\/07\\\/liam-everts-sur-le-podium-du-gp-de-finlande\\\/#breadcrumb\",\"itemListElement\":[{\"@type\":\"ListItem\",\"position\":1,\"name\":\"Accueil\",\"item\":\"https:\\\/\\\/fr.motocrossmag.be\\\/\"},{\"@type\":\"ListItem\",\"position\":2,\"name\":\"Liam Everts sur le podium du GP de Finlande\"}]},{\"@type\":\"WebSite\",\"@id\":\"https:\\\/\\\/fr.motocrossmag.be\\\/#website\",\"url\":\"https:\\\/\\\/fr.motocrossmag.be\\\/\",\"name\":\"Motocross - Enduro - Supermoto | MotocrossMag\",\"description\":\"L&#039;actualit\u00e9 du motocross, de l&#039;enduro et du Supermoto en ligne!\",\"potentialAction\":[{\"@type\":\"SearchAction\",\"target\":{\"@type\":\"EntryPoint\",\"urlTemplate\":\"https:\\\/\\\/fr.motocrossmag.be\\\/?s={search_term_string}\"},\"query-input\":{\"@type\":\"PropertyValueSpecification\",\"valueRequired\":true,\"valueName\":\"search_term_string\"}}],\"inLanguage\":\"fr-FR\"},{\"@type\":\"Person\",\"@id\":\"https:\\\/\\\/fr.motocrossmag.be\\\/#\\\/schema\\\/person\\\/11b47143d9f755babca2c9110e03235c\",\"name\":\"oliviere\",\"image\":{\"@type\":\"ImageObject\",\"inLanguage\":\"fr-FR\",\"@id\":\"https:\\\/\\\/secure.gravatar.com\\\/avatar\\\/907069e0b81d119452040469e4a7501da1100f54f7f80180ce77bfab718288f6?s=96&d=mm&r=g\",\"url\":\"https:\\\/\\\/secure.gravatar.com\\\/avatar\\\/907069e0b81d119452040469e4a7501da1100f54f7f80180ce77bfab718288f6?s=96&d=mm&r=g\",\"contentUrl\":\"https:\\\/\\\/secure.gravatar.com\\\/avatar\\\/907069e0b81d119452040469e4a7501da1100f54f7f80180ce77bfab718288f6?s=96&d=mm&r=g\",\"caption\":\"oliviere\"},\"sameAs\":[\"http:\\\/\\\/www.motocrossmag.be\"],\"url\":\"https:\\\/\\\/fr.motocrossmag.be\\\/index.php\\\/author\\\/oliviere\\\/\"}]}<\/script>\n<!-- \/ Yoast SEO plugin. -->","yoast_head_json":{"title":"Liam Everts sur le podium du GP de Finlande - Motocross - Enduro - Supermoto | MotocrossMag","robots":{"index":"index","follow":"follow","max-snippet":"max-snippet:-1","max-image-preview":"max-image-preview:large","max-video-preview":"max-video-preview:-1"},"canonical":"https:\/\/fr.motocrossmag.be\/index.php\/2023\/07\/liam-everts-sur-le-podium-du-gp-de-finlande\/","og_locale":"fr_FR","og_type":"article","og_title":"Liam Everts sur le podium du GP de Finlande - Motocross - Enduro - Supermoto | MotocrossMag","og_description":"Une semaine apr\u00e8s un GP de Lommel idyllique avec le doubl\u00e9 Geerts\/Coenen dans le sable limbourgeois, le GP de Finlande se termine sur un sentiment plus contrast\u00e9 dans le clan [...]","og_url":"https:\/\/fr.motocrossmag.be\/index.php\/2023\/07\/liam-everts-sur-le-podium-du-gp-de-finlande\/","og_site_name":"Motocross - Enduro - Supermoto | MotocrossMag","article_published_time":"2023-07-30T14:32:32+00:00","og_image":[{"width":1000,"height":666,"url":"https:\/\/fr.motocrossmag.be\/wp-content\/uploads\/2023\/07\/MXGP-52.jpg","type":"image\/jpeg"}],"author":"oliviere","twitter_card":"summary_large_image","twitter_misc":{"\u00c9crit par":"oliviere","Dur\u00e9e de lecture estim\u00e9e":"5 minutes"},"schema":{"@context":"https:\/\/schema.org","@graph":[{"@type":"Article","@id":"https:\/\/fr.motocrossmag.be\/index.php\/2023\/07\/liam-everts-sur-le-podium-du-gp-de-finlande\/#article","isPartOf":{"@id":"https:\/\/fr.motocrossmag.be\/index.php\/2023\/07\/liam-everts-sur-le-podium-du-gp-de-finlande\/"},"author":{"name":"oliviere","@id":"https:\/\/fr.motocrossmag.be\/#\/schema\/person\/11b47143d9f755babca2c9110e03235c"},"headline":"Liam Everts sur le podium du GP de Finlande","datePublished":"2023-07-30T14:32:32+00:00","mainEntityOfPage":{"@id":"https:\/\/fr.motocrossmag.be\/index.php\/2023\/07\/liam-everts-sur-le-podium-du-gp-de-finlande\/"},"wordCount":959,"commentCount":0,"image":{"@id":"https:\/\/fr.motocrossmag.be\/index.php\/2023\/07\/liam-everts-sur-le-podium-du-gp-de-finlande\/#primaryimage"},"thumbnailUrl":"https:\/\/fr.motocrossmag.be\/wp-content\/uploads\/2023\/07\/MXGP-52.jpg","keywords":["Jago Geerts","liam everts","Motocross","MXGP","vantaa"],"articleSection":["Actualit\u00e9","Motocross","Motocross MXGP","News","News","R\u00e9sultats","Slideshow"],"inLanguage":"fr-FR","potentialAction":[{"@type":"CommentAction","name":"Comment","target":["https:\/\/fr.motocrossmag.be\/index.php\/2023\/07\/liam-everts-sur-le-podium-du-gp-de-finlande\/#respond"]}]},{"@type":"WebPage","@id":"https:\/\/fr.motocrossmag.be\/index.php\/2023\/07\/liam-everts-sur-le-podium-du-gp-de-finlande\/","url":"https:\/\/fr.motocrossmag.be\/index.php\/2023\/07\/liam-everts-sur-le-podium-du-gp-de-finlande\/","name":"Liam Everts sur le podium du GP de Finlande - Motocross - Enduro - Supermoto | MotocrossMag","isPartOf":{"@id":"https:\/\/fr.motocrossmag.be\/#website"},"primaryImageOfPage":{"@id":"https:\/\/fr.motocrossmag.be\/index.php\/2023\/07\/liam-everts-sur-le-podium-du-gp-de-finlande\/#primaryimage"},"image":{"@id":"https:\/\/fr.motocrossmag.be\/index.php\/2023\/07\/liam-everts-sur-le-podium-du-gp-de-finlande\/#primaryimage"},"thumbnailUrl":"https:\/\/fr.motocrossmag.be\/wp-content\/uploads\/2023\/07\/MXGP-52.jpg","datePublished":"2023-07-30T14:32:32+00:00","author":{"@id":"https:\/\/fr.motocrossmag.be\/#\/schema\/person\/11b47143d9f755babca2c9110e03235c"},"breadcrumb":{"@id":"https:\/\/fr.motocrossmag.be\/index.php\/2023\/07\/liam-everts-sur-le-podium-du-gp-de-finlande\/#breadcrumb"},"inLanguage":"fr-FR","potentialAction":[{"@type":"ReadAction","target":["https:\/\/fr.motocrossmag.be\/index.php\/2023\/07\/liam-everts-sur-le-podium-du-gp-de-finlande\/"]}]},{"@type":"ImageObject","inLanguage":"fr-FR","@id":"https:\/\/fr.motocrossmag.be\/index.php\/2023\/07\/liam-everts-sur-le-podium-du-gp-de-finlande\/#primaryimage","url":"https:\/\/fr.motocrossmag.be\/wp-content\/uploads\/2023\/07\/MXGP-52.jpg","contentUrl":"https:\/\/fr.motocrossmag.be\/wp-content\/uploads\/2023\/07\/MXGP-52.jpg","width":"1000","height":"666"},{"@type":"BreadcrumbList","@id":"https:\/\/fr.motocrossmag.be\/index.php\/2023\/07\/liam-everts-sur-le-podium-du-gp-de-finlande\/#breadcrumb","itemListElement":[{"@type":"ListItem","position":1,"name":"Accueil","item":"https:\/\/fr.motocrossmag.be\/"},{"@type":"ListItem","position":2,"name":"Liam Everts sur le podium du GP de Finlande"}]},{"@type":"WebSite","@id":"https:\/\/fr.motocrossmag.be\/#website","url":"https:\/\/fr.motocrossmag.be\/","name":"Motocross - Enduro - Supermoto | MotocrossMag","description":"L&#039;actualit\u00e9 du motocross, de l&#039;enduro et du Supermoto en ligne!","potentialAction":[{"@type":"SearchAction","target":{"@type":"EntryPoint","urlTemplate":"https:\/\/fr.motocrossmag.be\/?s={search_term_string}"},"query-input":{"@type":"PropertyValueSpecification","valueRequired":true,"valueName":"search_term_string"}}],"inLanguage":"fr-FR"},{"@type":"Person","@id":"https:\/\/fr.motocrossmag.be\/#\/schema\/person\/11b47143d9f755babca2c9110e03235c","name":"oliviere","image":{"@type":"ImageObject","inLanguage":"fr-FR","@id":"https:\/\/secure.gravatar.com\/avatar\/907069e0b81d119452040469e4a7501da1100f54f7f80180ce77bfab718288f6?s=96&d=mm&r=g","url":"https:\/\/secure.gravatar.com\/avatar\/907069e0b81d119452040469e4a7501da1100f54f7f80180ce77bfab718288f6?s=96&d=mm&r=g","contentUrl":"https:\/\/secure.gravatar.com\/avatar\/907069e0b81d119452040469e4a7501da1100f54f7f80180ce77bfab718288f6?s=96&d=mm&r=g","caption":"oliviere"},"sameAs":["http:\/\/www.motocrossmag.be"],"url":"https:\/\/fr.motocrossmag.be\/index.php\/author\/oliviere\/"}]}},"_links":{"self":[{"href":"https:\/\/fr.motocrossmag.be\/index.php\/wp-json\/wp\/v2\/posts\/126962","targetHints":{"allow":["GET"]}}],"collection":[{"href":"https:\/\/fr.motocrossmag.be\/index.php\/wp-json\/wp\/v2\/posts"}],"about":[{"href":"https:\/\/fr.motocrossmag.be\/index.php\/wp-json\/wp\/v2\/types\/post"}],"author":[{"embeddable":true,"href":"https:\/\/fr.motocrossmag.be\/index.php\/wp-json\/wp\/v2\/users\/932"}],"replies":[{"embeddable":true,"href":"https:\/\/fr.motocrossmag.be\/index.php\/wp-json\/wp\/v2\/comments?post=126962"}],"version-history":[{"count":1,"href":"https:\/\/fr.motocrossmag.be\/index.php\/wp-json\/wp\/v2\/posts\/126962\/revisions"}],"predecessor-version":[{"id":126963,"href":"https:\/\/fr.motocrossmag.be\/index.php\/wp-json\/wp\/v2\/posts\/126962\/revisions\/126963"}],"wp:featuredmedia":[{"embeddable":true,"href":"https:\/\/fr.motocrossmag.be\/index.php\/wp-json\/wp\/v2\/media\/126543"}],"wp:attachment":[{"href":"https:\/\/fr.motocrossmag.be\/index.php\/wp-json\/wp\/v2\/media?parent=126962"}],"wp:term":[{"taxonomy":"category","embeddable":true,"href":"https:\/\/fr.motocrossmag.be\/index.php\/wp-json\/wp\/v2\/categories?post=126962"},{"taxonomy":"post_tag","embeddable":true,"href":"https:\/\/fr.motocrossmag.be\/index.php\/wp-json\/wp\/v2\/tags?post=126962"}],"curies":[{"name":"wp","href":"https:\/\/api.w.org\/{rel}","templated":true}]}}