{"id":126984,"date":"2023-07-31T12:17:51","date_gmt":"2023-07-31T10:17:51","guid":{"rendered":"https:\/\/fr.motocrossmag.be\/?p=126984"},"modified":"2023-07-31T12:17:51","modified_gmt":"2023-07-31T10:17:51","slug":"romain-febvre-je-me-sens-en-harmonie-avec-la-moto","status":"publish","type":"post","link":"https:\/\/fr.motocrossmag.be\/index.php\/2023\/07\/romain-febvre-je-me-sens-en-harmonie-avec-la-moto\/","title":{"rendered":"Romain Febvre : \u00ab\u00a0Je me sens en harmonie avec la moto\u00a0\u00bb"},"content":{"rendered":"<p><strong>Romain Febvre a remport\u00e9 sa cinqui\u00e8me victoire cons\u00e9cutive sur le championnat MXGP en s&rsquo;imposant \u00e0 Vantaa, dans la banlieue de la capitale finlandaise Helsinki, ce dimanche.\u00a0<\/strong><\/p>\n<p>Comme sur les deux GP indon\u00e9siens, comme \u00e0 Loket ou encore \u00e0 Lommel, Romain Febvre s&rsquo;est montr\u00e9 ce dimanche \u00e0 la fois rapide en piste et consistant tout au long du week-end. Un \u00e9tat de forme qui a permis au pilote Kawasaki de signer un nouveau succ\u00e8s, le cinqui\u00e8me cons\u00e9cutif. Une performance d&rsquo;autant plus appr\u00e9ci\u00e9e dans le clan Kawasaki que le team KRT est pr\u00e9cis\u00e9ment bas\u00e9 en Finlande.\u00a0Antti Pyrh\u00f6nen, le directeur de l&rsquo;\u00e9quipe KRT, s&rsquo;\u00e9tait d&rsquo;ailleurs lui aussi impos\u00e9 en Finlande lorsqu&rsquo;il roulait en GP, en 2009.<\/p>\n<p><a href=\"https:\/\/fr.motocrossmag.be\/wp-content\/uploads\/2023\/07\/hi_FEBVRE_GP14_PH_2341.jpg\"><img decoding=\"async\" class=\"lazyload alignnone size-full wp-image-126986\" src=\"https:\/\/fr.motocrossmag.be\/wp-content\/uploads\/2023\/07\/hi_FEBVRE_GP14_PH_2341.jpg\" data-orig-src=\"https:\/\/fr.motocrossmag.be\/wp-content\/uploads\/2023\/07\/hi_FEBVRE_GP14_PH_2341.jpg\" alt=\"\" width=\"1200\" height=\"800\" srcset=\"data:image\/svg+xml,%3Csvg%20xmlns%3D%27http%3A%2F%2Fwww.w3.org%2F2000%2Fsvg%27%20width%3D%271200%27%20height%3D%27800%27%20viewBox%3D%270%200%201200%20800%27%3E%3Crect%20width%3D%271200%27%20height%3D%27800%27%20fill-opacity%3D%220%22%2F%3E%3C%2Fsvg%3E\" data-srcset=\"https:\/\/fr.motocrossmag.be\/wp-content\/uploads\/2023\/07\/hi_FEBVRE_GP14_PH_2341-650x433.jpg 650w, https:\/\/fr.motocrossmag.be\/wp-content\/uploads\/2023\/07\/hi_FEBVRE_GP14_PH_2341-768x512.jpg 768w, https:\/\/fr.motocrossmag.be\/wp-content\/uploads\/2023\/07\/hi_FEBVRE_GP14_PH_2341-1024x683.jpg 1024w, https:\/\/fr.motocrossmag.be\/wp-content\/uploads\/2023\/07\/hi_FEBVRE_GP14_PH_2341.jpg 1200w\" data-sizes=\"auto\" data-orig-sizes=\"(max-width: 1200px) 100vw, 1200px\" \/><\/a><\/p>\n<p>&nbsp;<\/p>\n<p>\u00ab\u00a0Je me sens en harmonie avec la moto depuis longtemps maintenant et ma confiance augmente chaque semaine\u00a0\u00bb, analyse Romain Febvre. \u00ab\u00a0J&rsquo;ai eu de la vitesse \u00e0 chaque fois que j&rsquo;ai pris la piste ce week-end mais, comme nous l&rsquo;avons d\u00e9j\u00e0 vu hier, il n&rsquo;est pas facile de doubler ici. J&rsquo;ai pu effectuer deux d\u00e9passements d\u00e9cisifs au d\u00e9but de la premi\u00e8re manche. Seewer m&rsquo;a tenu en haleine, mais j&rsquo;ai toujours gard\u00e9 le contr\u00f4le.\u00a0\u00bb<\/p>\n<p>\u00ab\u00a0C&rsquo;\u00e9tait plus difficile dans la deuxi\u00e8me course\u00a0\u00bb, poursuit le pilote fran\u00e7ais. \u00ab\u00a0J&rsquo;avais \u00e0 nouveau de la vitesse et je me suis approch\u00e9 plusieurs fois de Prado mais certaines parties de la piste devenaient vraiment pi\u00e9geuses et il fallait faire attention. J&rsquo;ai essay\u00e9 de rester coll\u00e9 \u00e0 Jorge en esp\u00e9rant qu&rsquo;il commette une erreur, mais il ne l&rsquo;a pas fait. Dans les deux derniers tours, je me suis donc concentr\u00e9 sur ma propre course, car je savais que la deuxi\u00e8me place \u00e9tait suffisante pour le classement g\u00e9n\u00e9ral. Cinq fois de suite, et cette fois \u00e0 domicile pour l&rsquo;\u00e9quipe ! J&rsquo;ai maintenant battu mon record personnel de 2015, alors continuons sur cette lanc\u00e9e !\u00a0\u00bb<\/p>\n","protected":false},"excerpt":{"rendered":"<p>Romain Febvre a remport\u00e9 sa cinqui\u00e8me victoire cons\u00e9cutive sur le championnat MXGP en s&rsquo;imposant \u00e0 Vantaa, dans la banlieue de la capitale finlandaise Helsinki, ce dimanche.\u00a0 Comme sur les deux [&#8230;]<\/p>\n","protected":false},"author":932,"featured_media":126985,"comment_status":"open","ping_status":"closed","sticky":false,"template":"","format":"standard","meta":{"footnotes":""},"categories":[54,58,4,6,5,55,65],"tags":[947,568,456,1992],"class_list":["post-126984","post","type-post","status-publish","format-standard","has-post-thumbnail","hentry","category-actualite","category-interviews-actualite","category-motocross","category-mx1mx2","category-news","category-news-actualite","category-slideshow","tag-motocross","tag-mxgp","tag-romain-febvre","tag-vantaa"],"yoast_head":"<!-- This site is optimized with the Yoast SEO plugin v27.4 - https:\/\/yoast.com\/product\/yoast-seo-wordpress\/ -->\n<title>Romain Febvre : &quot;Je me sens en harmonie avec la moto&quot; - Motocross - Enduro - Supermoto | MotocrossMag<\/title>\n<meta name=\"robots\" content=\"index, follow, max-snippet:-1, max-image-preview:large, max-video-preview:-1\" \/>\n<link rel=\"canonical\" href=\"https:\/\/fr.motocrossmag.be\/index.php\/2023\/07\/romain-febvre-je-me-sens-en-harmonie-avec-la-moto\/\" \/>\n<meta property=\"og:locale\" content=\"fr_FR\" \/>\n<meta property=\"og:type\" content=\"article\" \/>\n<meta property=\"og:title\" content=\"Romain Febvre : &quot;Je me sens en harmonie avec la moto&quot; - Motocross - Enduro - Supermoto | MotocrossMag\" \/>\n<meta property=\"og:description\" content=\"Romain Febvre a remport\u00e9 sa cinqui\u00e8me victoire cons\u00e9cutive sur le championnat MXGP en s&rsquo;imposant \u00e0 Vantaa, dans la banlieue de la capitale finlandaise Helsinki, ce dimanche.\u00a0 Comme sur les deux [...]\" \/>\n<meta property=\"og:url\" content=\"https:\/\/fr.motocrossmag.be\/index.php\/2023\/07\/romain-febvre-je-me-sens-en-harmonie-avec-la-moto\/\" \/>\n<meta property=\"og:site_name\" content=\"Motocross - Enduro - Supermoto | MotocrossMag\" \/>\n<meta property=\"article:published_time\" content=\"2023-07-31T10:17:51+00:00\" \/>\n<meta property=\"og:image\" content=\"https:\/\/fr.motocrossmag.be\/wp-content\/uploads\/2023\/07\/hi_FEBVRE_GP14_PH_2147.jpg\" \/>\n\t<meta property=\"og:image:width\" content=\"1200\" \/>\n\t<meta property=\"og:image:height\" content=\"800\" \/>\n\t<meta property=\"og:image:type\" content=\"image\/jpeg\" \/>\n<meta name=\"author\" content=\"oliviere\" \/>\n<meta name=\"twitter:card\" content=\"summary_large_image\" \/>\n<meta name=\"twitter:label1\" content=\"\u00c9crit par\" \/>\n\t<meta name=\"twitter:data1\" content=\"oliviere\" \/>\n\t<meta name=\"twitter:label2\" content=\"Dur\u00e9e de lecture estim\u00e9e\" \/>\n\t<meta name=\"twitter:data2\" content=\"2 minutes\" \/>\n<script type=\"application\/ld+json\" class=\"yoast-schema-graph\">{\"@context\":\"https:\\\/\\\/schema.org\",\"@graph\":[{\"@type\":\"Article\",\"@id\":\"https:\\\/\\\/fr.motocrossmag.be\\\/index.php\\\/2023\\\/07\\\/romain-febvre-je-me-sens-en-harmonie-avec-la-moto\\\/#article\",\"isPartOf\":{\"@id\":\"https:\\\/\\\/fr.motocrossmag.be\\\/index.php\\\/2023\\\/07\\\/romain-febvre-je-me-sens-en-harmonie-avec-la-moto\\\/\"},\"author\":{\"name\":\"oliviere\",\"@id\":\"https:\\\/\\\/fr.motocrossmag.be\\\/#\\\/schema\\\/person\\\/11b47143d9f755babca2c9110e03235c\"},\"headline\":\"Romain Febvre : \u00ab\u00a0Je me sens en harmonie avec la moto\u00a0\u00bb\",\"datePublished\":\"2023-07-31T10:17:51+00:00\",\"mainEntityOfPage\":{\"@id\":\"https:\\\/\\\/fr.motocrossmag.be\\\/index.php\\\/2023\\\/07\\\/romain-febvre-je-me-sens-en-harmonie-avec-la-moto\\\/\"},\"wordCount\":343,\"commentCount\":0,\"image\":{\"@id\":\"https:\\\/\\\/fr.motocrossmag.be\\\/index.php\\\/2023\\\/07\\\/romain-febvre-je-me-sens-en-harmonie-avec-la-moto\\\/#primaryimage\"},\"thumbnailUrl\":\"https:\\\/\\\/fr.motocrossmag.be\\\/wp-content\\\/uploads\\\/2023\\\/07\\\/hi_FEBVRE_GP14_PH_2147.jpg\",\"keywords\":[\"Motocross\",\"MXGP\",\"romain febvre\",\"vantaa\"],\"articleSection\":[\"Actualit\u00e9\",\"Interviews -all\",\"Motocross\",\"Motocross MXGP\",\"News\",\"News\",\"Slideshow\"],\"inLanguage\":\"fr-FR\",\"potentialAction\":[{\"@type\":\"CommentAction\",\"name\":\"Comment\",\"target\":[\"https:\\\/\\\/fr.motocrossmag.be\\\/index.php\\\/2023\\\/07\\\/romain-febvre-je-me-sens-en-harmonie-avec-la-moto\\\/#respond\"]}]},{\"@type\":\"WebPage\",\"@id\":\"https:\\\/\\\/fr.motocrossmag.be\\\/index.php\\\/2023\\\/07\\\/romain-febvre-je-me-sens-en-harmonie-avec-la-moto\\\/\",\"url\":\"https:\\\/\\\/fr.motocrossmag.be\\\/index.php\\\/2023\\\/07\\\/romain-febvre-je-me-sens-en-harmonie-avec-la-moto\\\/\",\"name\":\"Romain Febvre : \\\"Je me sens en harmonie avec la moto\\\" - Motocross - Enduro - Supermoto | MotocrossMag\",\"isPartOf\":{\"@id\":\"https:\\\/\\\/fr.motocrossmag.be\\\/#website\"},\"primaryImageOfPage\":{\"@id\":\"https:\\\/\\\/fr.motocrossmag.be\\\/index.php\\\/2023\\\/07\\\/romain-febvre-je-me-sens-en-harmonie-avec-la-moto\\\/#primaryimage\"},\"image\":{\"@id\":\"https:\\\/\\\/fr.motocrossmag.be\\\/index.php\\\/2023\\\/07\\\/romain-febvre-je-me-sens-en-harmonie-avec-la-moto\\\/#primaryimage\"},\"thumbnailUrl\":\"https:\\\/\\\/fr.motocrossmag.be\\\/wp-content\\\/uploads\\\/2023\\\/07\\\/hi_FEBVRE_GP14_PH_2147.jpg\",\"datePublished\":\"2023-07-31T10:17:51+00:00\",\"author\":{\"@id\":\"https:\\\/\\\/fr.motocrossmag.be\\\/#\\\/schema\\\/person\\\/11b47143d9f755babca2c9110e03235c\"},\"breadcrumb\":{\"@id\":\"https:\\\/\\\/fr.motocrossmag.be\\\/index.php\\\/2023\\\/07\\\/romain-febvre-je-me-sens-en-harmonie-avec-la-moto\\\/#breadcrumb\"},\"inLanguage\":\"fr-FR\",\"potentialAction\":[{\"@type\":\"ReadAction\",\"target\":[\"https:\\\/\\\/fr.motocrossmag.be\\\/index.php\\\/2023\\\/07\\\/romain-febvre-je-me-sens-en-harmonie-avec-la-moto\\\/\"]}]},{\"@type\":\"ImageObject\",\"inLanguage\":\"fr-FR\",\"@id\":\"https:\\\/\\\/fr.motocrossmag.be\\\/index.php\\\/2023\\\/07\\\/romain-febvre-je-me-sens-en-harmonie-avec-la-moto\\\/#primaryimage\",\"url\":\"https:\\\/\\\/fr.motocrossmag.be\\\/wp-content\\\/uploads\\\/2023\\\/07\\\/hi_FEBVRE_GP14_PH_2147.jpg\",\"contentUrl\":\"https:\\\/\\\/fr.motocrossmag.be\\\/wp-content\\\/uploads\\\/2023\\\/07\\\/hi_FEBVRE_GP14_PH_2147.jpg\",\"width\":1200,\"height\":800},{\"@type\":\"BreadcrumbList\",\"@id\":\"https:\\\/\\\/fr.motocrossmag.be\\\/index.php\\\/2023\\\/07\\\/romain-febvre-je-me-sens-en-harmonie-avec-la-moto\\\/#breadcrumb\",\"itemListElement\":[{\"@type\":\"ListItem\",\"position\":1,\"name\":\"Accueil\",\"item\":\"https:\\\/\\\/fr.motocrossmag.be\\\/\"},{\"@type\":\"ListItem\",\"position\":2,\"name\":\"Romain Febvre : \u00ab\u00a0Je me sens en harmonie avec la moto\u00a0\u00bb\"}]},{\"@type\":\"WebSite\",\"@id\":\"https:\\\/\\\/fr.motocrossmag.be\\\/#website\",\"url\":\"https:\\\/\\\/fr.motocrossmag.be\\\/\",\"name\":\"Motocross - Enduro - Supermoto | MotocrossMag\",\"description\":\"L&#039;actualit\u00e9 du motocross, de l&#039;enduro et du Supermoto en ligne!\",\"potentialAction\":[{\"@type\":\"SearchAction\",\"target\":{\"@type\":\"EntryPoint\",\"urlTemplate\":\"https:\\\/\\\/fr.motocrossmag.be\\\/?s={search_term_string}\"},\"query-input\":{\"@type\":\"PropertyValueSpecification\",\"valueRequired\":true,\"valueName\":\"search_term_string\"}}],\"inLanguage\":\"fr-FR\"},{\"@type\":\"Person\",\"@id\":\"https:\\\/\\\/fr.motocrossmag.be\\\/#\\\/schema\\\/person\\\/11b47143d9f755babca2c9110e03235c\",\"name\":\"oliviere\",\"image\":{\"@type\":\"ImageObject\",\"inLanguage\":\"fr-FR\",\"@id\":\"https:\\\/\\\/secure.gravatar.com\\\/avatar\\\/907069e0b81d119452040469e4a7501da1100f54f7f80180ce77bfab718288f6?s=96&d=mm&r=g\",\"url\":\"https:\\\/\\\/secure.gravatar.com\\\/avatar\\\/907069e0b81d119452040469e4a7501da1100f54f7f80180ce77bfab718288f6?s=96&d=mm&r=g\",\"contentUrl\":\"https:\\\/\\\/secure.gravatar.com\\\/avatar\\\/907069e0b81d119452040469e4a7501da1100f54f7f80180ce77bfab718288f6?s=96&d=mm&r=g\",\"caption\":\"oliviere\"},\"sameAs\":[\"http:\\\/\\\/www.motocrossmag.be\"],\"url\":\"https:\\\/\\\/fr.motocrossmag.be\\\/index.php\\\/author\\\/oliviere\\\/\"}]}<\/script>\n<!-- \/ Yoast SEO plugin. -->","yoast_head_json":{"title":"Romain Febvre : \"Je me sens en harmonie avec la moto\" - Motocross - Enduro - Supermoto | MotocrossMag","robots":{"index":"index","follow":"follow","max-snippet":"max-snippet:-1","max-image-preview":"max-image-preview:large","max-video-preview":"max-video-preview:-1"},"canonical":"https:\/\/fr.motocrossmag.be\/index.php\/2023\/07\/romain-febvre-je-me-sens-en-harmonie-avec-la-moto\/","og_locale":"fr_FR","og_type":"article","og_title":"Romain Febvre : \"Je me sens en harmonie avec la moto\" - Motocross - Enduro - Supermoto | MotocrossMag","og_description":"Romain Febvre a remport\u00e9 sa cinqui\u00e8me victoire cons\u00e9cutive sur le championnat MXGP en s&rsquo;imposant \u00e0 Vantaa, dans la banlieue de la capitale finlandaise Helsinki, ce dimanche.\u00a0 Comme sur les deux [...]","og_url":"https:\/\/fr.motocrossmag.be\/index.php\/2023\/07\/romain-febvre-je-me-sens-en-harmonie-avec-la-moto\/","og_site_name":"Motocross - Enduro - Supermoto | MotocrossMag","article_published_time":"2023-07-31T10:17:51+00:00","og_image":[{"width":1200,"height":800,"url":"https:\/\/fr.motocrossmag.be\/wp-content\/uploads\/2023\/07\/hi_FEBVRE_GP14_PH_2147.jpg","type":"image\/jpeg"}],"author":"oliviere","twitter_card":"summary_large_image","twitter_misc":{"\u00c9crit par":"oliviere","Dur\u00e9e de lecture estim\u00e9e":"2 minutes"},"schema":{"@context":"https:\/\/schema.org","@graph":[{"@type":"Article","@id":"https:\/\/fr.motocrossmag.be\/index.php\/2023\/07\/romain-febvre-je-me-sens-en-harmonie-avec-la-moto\/#article","isPartOf":{"@id":"https:\/\/fr.motocrossmag.be\/index.php\/2023\/07\/romain-febvre-je-me-sens-en-harmonie-avec-la-moto\/"},"author":{"name":"oliviere","@id":"https:\/\/fr.motocrossmag.be\/#\/schema\/person\/11b47143d9f755babca2c9110e03235c"},"headline":"Romain Febvre : \u00ab\u00a0Je me sens en harmonie avec la moto\u00a0\u00bb","datePublished":"2023-07-31T10:17:51+00:00","mainEntityOfPage":{"@id":"https:\/\/fr.motocrossmag.be\/index.php\/2023\/07\/romain-febvre-je-me-sens-en-harmonie-avec-la-moto\/"},"wordCount":343,"commentCount":0,"image":{"@id":"https:\/\/fr.motocrossmag.be\/index.php\/2023\/07\/romain-febvre-je-me-sens-en-harmonie-avec-la-moto\/#primaryimage"},"thumbnailUrl":"https:\/\/fr.motocrossmag.be\/wp-content\/uploads\/2023\/07\/hi_FEBVRE_GP14_PH_2147.jpg","keywords":["Motocross","MXGP","romain febvre","vantaa"],"articleSection":["Actualit\u00e9","Interviews -all","Motocross","Motocross MXGP","News","News","Slideshow"],"inLanguage":"fr-FR","potentialAction":[{"@type":"CommentAction","name":"Comment","target":["https:\/\/fr.motocrossmag.be\/index.php\/2023\/07\/romain-febvre-je-me-sens-en-harmonie-avec-la-moto\/#respond"]}]},{"@type":"WebPage","@id":"https:\/\/fr.motocrossmag.be\/index.php\/2023\/07\/romain-febvre-je-me-sens-en-harmonie-avec-la-moto\/","url":"https:\/\/fr.motocrossmag.be\/index.php\/2023\/07\/romain-febvre-je-me-sens-en-harmonie-avec-la-moto\/","name":"Romain Febvre : \"Je me sens en harmonie avec la moto\" - Motocross - Enduro - Supermoto | MotocrossMag","isPartOf":{"@id":"https:\/\/fr.motocrossmag.be\/#website"},"primaryImageOfPage":{"@id":"https:\/\/fr.motocrossmag.be\/index.php\/2023\/07\/romain-febvre-je-me-sens-en-harmonie-avec-la-moto\/#primaryimage"},"image":{"@id":"https:\/\/fr.motocrossmag.be\/index.php\/2023\/07\/romain-febvre-je-me-sens-en-harmonie-avec-la-moto\/#primaryimage"},"thumbnailUrl":"https:\/\/fr.motocrossmag.be\/wp-content\/uploads\/2023\/07\/hi_FEBVRE_GP14_PH_2147.jpg","datePublished":"2023-07-31T10:17:51+00:00","author":{"@id":"https:\/\/fr.motocrossmag.be\/#\/schema\/person\/11b47143d9f755babca2c9110e03235c"},"breadcrumb":{"@id":"https:\/\/fr.motocrossmag.be\/index.php\/2023\/07\/romain-febvre-je-me-sens-en-harmonie-avec-la-moto\/#breadcrumb"},"inLanguage":"fr-FR","potentialAction":[{"@type":"ReadAction","target":["https:\/\/fr.motocrossmag.be\/index.php\/2023\/07\/romain-febvre-je-me-sens-en-harmonie-avec-la-moto\/"]}]},{"@type":"ImageObject","inLanguage":"fr-FR","@id":"https:\/\/fr.motocrossmag.be\/index.php\/2023\/07\/romain-febvre-je-me-sens-en-harmonie-avec-la-moto\/#primaryimage","url":"https:\/\/fr.motocrossmag.be\/wp-content\/uploads\/2023\/07\/hi_FEBVRE_GP14_PH_2147.jpg","contentUrl":"https:\/\/fr.motocrossmag.be\/wp-content\/uploads\/2023\/07\/hi_FEBVRE_GP14_PH_2147.jpg","width":1200,"height":800},{"@type":"BreadcrumbList","@id":"https:\/\/fr.motocrossmag.be\/index.php\/2023\/07\/romain-febvre-je-me-sens-en-harmonie-avec-la-moto\/#breadcrumb","itemListElement":[{"@type":"ListItem","position":1,"name":"Accueil","item":"https:\/\/fr.motocrossmag.be\/"},{"@type":"ListItem","position":2,"name":"Romain Febvre : \u00ab\u00a0Je me sens en harmonie avec la moto\u00a0\u00bb"}]},{"@type":"WebSite","@id":"https:\/\/fr.motocrossmag.be\/#website","url":"https:\/\/fr.motocrossmag.be\/","name":"Motocross - Enduro - Supermoto | MotocrossMag","description":"L&#039;actualit\u00e9 du motocross, de l&#039;enduro et du Supermoto en ligne!","potentialAction":[{"@type":"SearchAction","target":{"@type":"EntryPoint","urlTemplate":"https:\/\/fr.motocrossmag.be\/?s={search_term_string}"},"query-input":{"@type":"PropertyValueSpecification","valueRequired":true,"valueName":"search_term_string"}}],"inLanguage":"fr-FR"},{"@type":"Person","@id":"https:\/\/fr.motocrossmag.be\/#\/schema\/person\/11b47143d9f755babca2c9110e03235c","name":"oliviere","image":{"@type":"ImageObject","inLanguage":"fr-FR","@id":"https:\/\/secure.gravatar.com\/avatar\/907069e0b81d119452040469e4a7501da1100f54f7f80180ce77bfab718288f6?s=96&d=mm&r=g","url":"https:\/\/secure.gravatar.com\/avatar\/907069e0b81d119452040469e4a7501da1100f54f7f80180ce77bfab718288f6?s=96&d=mm&r=g","contentUrl":"https:\/\/secure.gravatar.com\/avatar\/907069e0b81d119452040469e4a7501da1100f54f7f80180ce77bfab718288f6?s=96&d=mm&r=g","caption":"oliviere"},"sameAs":["http:\/\/www.motocrossmag.be"],"url":"https:\/\/fr.motocrossmag.be\/index.php\/author\/oliviere\/"}]}},"_links":{"self":[{"href":"https:\/\/fr.motocrossmag.be\/index.php\/wp-json\/wp\/v2\/posts\/126984","targetHints":{"allow":["GET"]}}],"collection":[{"href":"https:\/\/fr.motocrossmag.be\/index.php\/wp-json\/wp\/v2\/posts"}],"about":[{"href":"https:\/\/fr.motocrossmag.be\/index.php\/wp-json\/wp\/v2\/types\/post"}],"author":[{"embeddable":true,"href":"https:\/\/fr.motocrossmag.be\/index.php\/wp-json\/wp\/v2\/users\/932"}],"replies":[{"embeddable":true,"href":"https:\/\/fr.motocrossmag.be\/index.php\/wp-json\/wp\/v2\/comments?post=126984"}],"version-history":[{"count":1,"href":"https:\/\/fr.motocrossmag.be\/index.php\/wp-json\/wp\/v2\/posts\/126984\/revisions"}],"predecessor-version":[{"id":126987,"href":"https:\/\/fr.motocrossmag.be\/index.php\/wp-json\/wp\/v2\/posts\/126984\/revisions\/126987"}],"wp:featuredmedia":[{"embeddable":true,"href":"https:\/\/fr.motocrossmag.be\/index.php\/wp-json\/wp\/v2\/media\/126985"}],"wp:attachment":[{"href":"https:\/\/fr.motocrossmag.be\/index.php\/wp-json\/wp\/v2\/media?parent=126984"}],"wp:term":[{"taxonomy":"category","embeddable":true,"href":"https:\/\/fr.motocrossmag.be\/index.php\/wp-json\/wp\/v2\/categories?post=126984"},{"taxonomy":"post_tag","embeddable":true,"href":"https:\/\/fr.motocrossmag.be\/index.php\/wp-json\/wp\/v2\/tags?post=126984"}],"curies":[{"name":"wp","href":"https:\/\/api.w.org\/{rel}","templated":true}]}}